{"id":181425,"date":"2023-10-11T06:48:03","date_gmt":"2023-10-11T10:48:03","guid":{"rendered":"https:\/\/www.eldiario.net\/portal\/?p=181425"},"modified":"2023-10-11T06:48:03","modified_gmt":"2023-10-11T10:48:03","slug":"suri-sicuris-y-chullo-representaran-a-la-paz-en-la-cedula-de-identidad","status":"publish","type":"post","link":"https:\/\/www.eldiario.net\/portal\/2023\/10\/11\/suri-sicuris-y-chullo-representaran-a-la-paz-en-la-cedula-de-identidad\/","title":{"rendered":"Suri Sicuris y ch\u2019ullo representar\u00e1n a La Paz en la c\u00e9dula de identidad"},"content":{"rendered":"<p>Autoridades del Servicio General de Identificaciones Personales (Segip) ratificaron que la nueva c\u00e9dula de identidad entrar\u00e1 en vigencia a partir del 1 de noviembre y tendr\u00e1 elementos que identifiquen a Bolivia. El departamento de La Paz, por ejemplo, estar\u00e1 representado por el penacho de Suri Sicuris, el ch\u2019ullo (gorro tejido) y tejidos andinos, entre otros detalles.<br \/>\n\u201cEl departamento de La Paz estar\u00e1 representado por el penacho de los Suri Sicuris y el tejido de los aymaras (\u2026). En el pouch (l\u00e1mina que recubre la c\u00e9dula) como una medida de seguridad se tendr\u00e1 el ch\u2019ullo andino y danza ritual los Suri Sicuris\u201d, se\u00f1ala un bolet\u00edn institucional.<br \/>\nLa directora del Segip, Patricia Hermosa, detall\u00f3 que el documento en general, incluir\u00e1 cultura, historia, geograf\u00eda, fauna, flora y el folclore de Bolivia. Entre los elementos seleccionados est\u00e1n la kantuta, el patuj\u00fa, el c\u00f3ndor de los Andes, Cerro Rico de Potos\u00ed; la danza de los macheteros, tejidos aymaras, quechuas, guaran\u00edes, jalq\u2019a, que \u201cno van a hacer muy visibles\u201d.<br \/>\nY cambios notorios como la huella que era en tamp\u00f3n de tinta, ahora ser\u00e1 digital al igual que la firma. Tendr\u00e1 un microtexto ondeado de color azul con la frase \u201crecuperemos nuestro mar\u201d, incluir\u00e1 el c\u00f3digo de lectura mec\u00e1nica, la bandera de Bolivia, extractos de los himnos departamentales, el mensaje \u201cLa uni\u00f3n es la fuerza\u201d y el grupo sangu\u00edneo del portador.<br \/>\nHermosa aclar\u00f3 que las personas que cuentan con la actual c\u00e9dula de identidad, vigente para los pr\u00f3ximos a\u00f1os, no es necesario que la renueven.<\/p>\n","protected":false},"excerpt":{"rendered":"<p>Autoridades del Servicio General de Identificaciones Personales (Segip) ratificaron que la nueva c\u00e9dula de identidad entrar\u00e1 en vigencia a partir del 1 de noviembre y tendr\u00e1 elementos que identifiquen a Bolivia. El departamento de La Paz, por ejemplo, estar\u00e1 representado por el penacho de Suri Sicuris, el ch\u2019ullo (gorro tejido) y tejidos andinos, entre otros [&hellip;]<\/p>\n","protected":false},"author":1,"featured_media":0,"comment_status":"closed","ping_status":"open","sticky":false,"template":"","format":"standard","meta":{"_acf_changed":false,"footnotes":""},"categories":[12],"tags":[],"class_list":["post-181425","post","type-post","status-publish","format-standard","category-nacional"],"acf":{"antetitulo":""},"yoast_head":"<!-- This site is optimized with the Yoast SEO plugin v28.4 - https:\/\/yoast.com\/product\/yoast-seo-wordpress\/ -->\n<title>Suri Sicuris y ch\u2019ullo representar\u00e1n a La Paz en la c\u00e9dula de identidad - El Diario - Bolivia<\/title>\n<meta name=\"robots\" content=\"index, follow, max-snippet:-1, max-image-preview:large, max-video-preview:-1\" \/>\n<link rel=\"canonical\" href=\"https:\/\/www.eldiario.net\/portal\/2023\/10\/11\/suri-sicuris-y-chullo-representaran-a-la-paz-en-la-cedula-de-identidad\/\" \/>\n<meta property=\"og:locale\" content=\"es_ES\" \/>\n<meta property=\"og:type\" content=\"article\" \/>\n<meta property=\"og:title\" content=\"Suri Sicuris y ch\u2019ullo representar\u00e1n a La Paz en la c\u00e9dula de identidad - El Diario - Bolivia\" \/>\n<meta property=\"og:description\" content=\"Autoridades del Servicio General de Identificaciones Personales (Segip) ratificaron que la nueva c\u00e9dula de identidad entrar\u00e1 en vigencia a partir del 1 de noviembre y tendr\u00e1 elementos que identifiquen a Bolivia. El departamento de La Paz, por ejemplo, estar\u00e1 representado por el penacho de Suri Sicuris, el ch\u2019ullo (gorro tejido) y tejidos andinos, entre otros [&hellip;]\" \/>\n<meta property=\"og:url\" content=\"https:\/\/www.eldiario.net\/portal\/2023\/10\/11\/suri-sicuris-y-chullo-representaran-a-la-paz-en-la-cedula-de-identidad\/\" \/>\n<meta property=\"og:site_name\" content=\"El Diario - Bolivia\" \/>\n<meta property=\"article:publisher\" content=\"https:\/\/www.facebook.com\/eldiario.bolivia\/\" \/>\n<meta property=\"article:published_time\" content=\"2023-10-11T10:48:03+00:00\" \/>\n<meta name=\"author\" content=\"Jeanette\" \/>\n<meta name=\"twitter:card\" content=\"summary_large_image\" \/>\n<meta name=\"twitter:creator\" content=\"@eldiario_net\" \/>\n<meta name=\"twitter:site\" content=\"@eldiario_net\" \/>\n<meta name=\"twitter:label1\" content=\"Escrito por\" \/>\n\t<meta name=\"twitter:data1\" content=\"Jeanette\" \/>\n\t<meta name=\"twitter:label2\" content=\"Tiempo de lectura\" \/>\n\t<meta name=\"twitter:data2\" content=\"2 minutos\" \/>\n<script type=\"application\/ld+json\" class=\"yoast-schema-graph\">{\"@context\":\"https:\\\/\\\/schema.org\",\"@graph\":[{\"@type\":\"Article\",\"@id\":\"https:\\\/\\\/www.eldiario.net\\\/portal\\\/2023\\\/10\\\/11\\\/suri-sicuris-y-chullo-representaran-a-la-paz-en-la-cedula-de-identidad\\\/#article\",\"isPartOf\":{\"@id\":\"https:\\\/\\\/www.eldiario.net\\\/portal\\\/2023\\\/10\\\/11\\\/suri-sicuris-y-chullo-representaran-a-la-paz-en-la-cedula-de-identidad\\\/\"},\"author\":{\"name\":\"Jeanette\",\"@id\":\"https:\\\/\\\/www.eldiario.net\\\/portal\\\/#\\\/schema\\\/person\\\/2c57cf2b7a7ae032e449e4c9b1019eac\"},\"headline\":\"Suri Sicuris y ch\u2019ullo representar\u00e1n a La Paz en la c\u00e9dula de identidad\",\"datePublished\":\"2023-10-11T10:48:03+00:00\",\"mainEntityOfPage\":{\"@id\":\"https:\\\/\\\/www.eldiario.net\\\/portal\\\/2023\\\/10\\\/11\\\/suri-sicuris-y-chullo-representaran-a-la-paz-en-la-cedula-de-identidad\\\/\"},\"wordCount\":282,\"publisher\":{\"@id\":\"https:\\\/\\\/www.eldiario.net\\\/portal\\\/#organization\"},\"articleSection\":[\"Nacional\"],\"inLanguage\":\"es\"},{\"@type\":\"WebPage\",\"@id\":\"https:\\\/\\\/www.eldiario.net\\\/portal\\\/2023\\\/10\\\/11\\\/suri-sicuris-y-chullo-representaran-a-la-paz-en-la-cedula-de-identidad\\\/\",\"url\":\"https:\\\/\\\/www.eldiario.net\\\/portal\\\/2023\\\/10\\\/11\\\/suri-sicuris-y-chullo-representaran-a-la-paz-en-la-cedula-de-identidad\\\/\",\"name\":\"Suri Sicuris y ch\u2019ullo representar\u00e1n a La Paz en la c\u00e9dula de identidad - El Diario - Bolivia\",\"isPartOf\":{\"@id\":\"https:\\\/\\\/www.eldiario.net\\\/portal\\\/#website\"},\"datePublished\":\"2023-10-11T10:48:03+00:00\",\"breadcrumb\":{\"@id\":\"https:\\\/\\\/www.eldiario.net\\\/portal\\\/2023\\\/10\\\/11\\\/suri-sicuris-y-chullo-representaran-a-la-paz-en-la-cedula-de-identidad\\\/#breadcrumb\"},\"inLanguage\":\"es\",\"potentialAction\":[{\"@type\":\"ReadAction\",\"target\":[\"https:\\\/\\\/www.eldiario.net\\\/portal\\\/2023\\\/10\\\/11\\\/suri-sicuris-y-chullo-representaran-a-la-paz-en-la-cedula-de-identidad\\\/\"]}]},{\"@type\":\"BreadcrumbList\",\"@id\":\"https:\\\/\\\/www.eldiario.net\\\/portal\\\/2023\\\/10\\\/11\\\/suri-sicuris-y-chullo-representaran-a-la-paz-en-la-cedula-de-identidad\\\/#breadcrumb\",\"itemListElement\":[{\"@type\":\"ListItem\",\"position\":1,\"name\":\"Portada\",\"item\":\"https:\\\/\\\/www.eldiario.net\\\/portal\\\/\"},{\"@type\":\"ListItem\",\"position\":2,\"name\":\"Suri Sicuris y ch\u2019ullo representar\u00e1n a La Paz en la c\u00e9dula de identidad\"}]},{\"@type\":\"WebSite\",\"@id\":\"https:\\\/\\\/www.eldiario.net\\\/portal\\\/#website\",\"url\":\"https:\\\/\\\/www.eldiario.net\\\/portal\\\/\",\"name\":\"El Diario - Decano de la prensa nacional\",\"description\":\"El Diario - Decano de la prensa nacional\",\"publisher\":{\"@id\":\"https:\\\/\\\/www.eldiario.net\\\/portal\\\/#organization\"},\"potentialAction\":[{\"@type\":\"SearchAction\",\"target\":{\"@type\":\"EntryPoint\",\"urlTemplate\":\"https:\\\/\\\/www.eldiario.net\\\/portal\\\/?s={search_term_string}\"},\"query-input\":{\"@type\":\"PropertyValueSpecification\",\"valueRequired\":true,\"valueName\":\"search_term_string\"}}],\"inLanguage\":\"es\"},{\"@type\":\"Organization\",\"@id\":\"https:\\\/\\\/www.eldiario.net\\\/portal\\\/#organization\",\"name\":\"El Diario - Decano de la prensa nacional\",\"url\":\"https:\\\/\\\/www.eldiario.net\\\/portal\\\/\",\"logo\":{\"@type\":\"ImageObject\",\"inLanguage\":\"es\",\"@id\":\"https:\\\/\\\/www.eldiario.net\\\/portal\\\/#\\\/schema\\\/logo\\\/image\\\/\",\"url\":\"https:\\\/\\\/www.eldiario.net\\\/portal\\\/wp-content\\\/uploads\\\/2023\\\/07\\\/logo_ED.jpg\",\"contentUrl\":\"https:\\\/\\\/www.eldiario.net\\\/portal\\\/wp-content\\\/uploads\\\/2023\\\/07\\\/logo_ED.jpg\",\"width\":272,\"height\":52,\"caption\":\"El Diario - Decano de la prensa nacional\"},\"image\":{\"@id\":\"https:\\\/\\\/www.eldiario.net\\\/portal\\\/#\\\/schema\\\/logo\\\/image\\\/\"},\"sameAs\":[\"https:\\\/\\\/www.facebook.com\\\/eldiario.bolivia\\\/\",\"https:\\\/\\\/x.com\\\/eldiario_net\"]},{\"@type\":\"Person\",\"@id\":\"https:\\\/\\\/www.eldiario.net\\\/portal\\\/#\\\/schema\\\/person\\\/2c57cf2b7a7ae032e449e4c9b1019eac\",\"name\":\"Jeanette\",\"image\":{\"@type\":\"ImageObject\",\"inLanguage\":\"es\",\"@id\":\"https:\\\/\\\/secure.gravatar.com\\\/avatar\\\/3ea2118a5f7dad2b7138b1187a6b7ee55f160b9968b66013c3a3ef39dd7e5798?s=96&d=mm&r=g\",\"url\":\"https:\\\/\\\/secure.gravatar.com\\\/avatar\\\/3ea2118a5f7dad2b7138b1187a6b7ee55f160b9968b66013c3a3ef39dd7e5798?s=96&d=mm&r=g\",\"contentUrl\":\"https:\\\/\\\/secure.gravatar.com\\\/avatar\\\/3ea2118a5f7dad2b7138b1187a6b7ee55f160b9968b66013c3a3ef39dd7e5798?s=96&d=mm&r=g\",\"caption\":\"Jeanette\"},\"sameAs\":[\"https:\\\/\\\/www.eldiario.net\\\/portal\"],\"url\":\"https:\\\/\\\/www.eldiario.net\\\/portal\\\/author\\\/jeanette\\\/\"}]}<\/script>\n<!-- \/ Yoast SEO plugin. -->","yoast_head_json":{"title":"Suri Sicuris y ch\u2019ullo representar\u00e1n a La Paz en la c\u00e9dula de identidad - El Diario - Bolivia","robots":{"index":"index","follow":"follow","max-snippet":"max-snippet:-1","max-image-preview":"max-image-preview:large","max-video-preview":"max-video-preview:-1"},"canonical":"https:\/\/www.eldiario.net\/portal\/2023\/10\/11\/suri-sicuris-y-chullo-representaran-a-la-paz-en-la-cedula-de-identidad\/","og_locale":"es_ES","og_type":"article","og_title":"Suri Sicuris y ch\u2019ullo representar\u00e1n a La Paz en la c\u00e9dula de identidad - El Diario - Bolivia","og_description":"Autoridades del Servicio General de Identificaciones Personales (Segip) ratificaron que la nueva c\u00e9dula de identidad entrar\u00e1 en vigencia a partir del 1 de noviembre y tendr\u00e1 elementos que identifiquen a Bolivia. El departamento de La Paz, por ejemplo, estar\u00e1 representado por el penacho de Suri Sicuris, el ch\u2019ullo (gorro tejido) y tejidos andinos, entre otros [&hellip;]","og_url":"https:\/\/www.eldiario.net\/portal\/2023\/10\/11\/suri-sicuris-y-chullo-representaran-a-la-paz-en-la-cedula-de-identidad\/","og_site_name":"El Diario - Bolivia","article_publisher":"https:\/\/www.facebook.com\/eldiario.bolivia\/","article_published_time":"2023-10-11T10:48:03+00:00","author":"Jeanette","twitter_card":"summary_large_image","twitter_creator":"@eldiario_net","twitter_site":"@eldiario_net","twitter_misc":{"Escrito por":"Jeanette","Tiempo de lectura":"2 minutos"},"schema":{"@context":"https:\/\/schema.org","@graph":[{"@type":"Article","@id":"https:\/\/www.eldiario.net\/portal\/2023\/10\/11\/suri-sicuris-y-chullo-representaran-a-la-paz-en-la-cedula-de-identidad\/#article","isPartOf":{"@id":"https:\/\/www.eldiario.net\/portal\/2023\/10\/11\/suri-sicuris-y-chullo-representaran-a-la-paz-en-la-cedula-de-identidad\/"},"author":{"name":"Jeanette","@id":"https:\/\/www.eldiario.net\/portal\/#\/schema\/person\/2c57cf2b7a7ae032e449e4c9b1019eac"},"headline":"Suri Sicuris y ch\u2019ullo representar\u00e1n a La Paz en la c\u00e9dula de identidad","datePublished":"2023-10-11T10:48:03+00:00","mainEntityOfPage":{"@id":"https:\/\/www.eldiario.net\/portal\/2023\/10\/11\/suri-sicuris-y-chullo-representaran-a-la-paz-en-la-cedula-de-identidad\/"},"wordCount":282,"publisher":{"@id":"https:\/\/www.eldiario.net\/portal\/#organization"},"articleSection":["Nacional"],"inLanguage":"es"},{"@type":"WebPage","@id":"https:\/\/www.eldiario.net\/portal\/2023\/10\/11\/suri-sicuris-y-chullo-representaran-a-la-paz-en-la-cedula-de-identidad\/","url":"https:\/\/www.eldiario.net\/portal\/2023\/10\/11\/suri-sicuris-y-chullo-representaran-a-la-paz-en-la-cedula-de-identidad\/","name":"Suri Sicuris y ch\u2019ullo representar\u00e1n a La Paz en la c\u00e9dula de identidad - El Diario - Bolivia","isPartOf":{"@id":"https:\/\/www.eldiario.net\/portal\/#website"},"datePublished":"2023-10-11T10:48:03+00:00","breadcrumb":{"@id":"https:\/\/www.eldiario.net\/portal\/2023\/10\/11\/suri-sicuris-y-chullo-representaran-a-la-paz-en-la-cedula-de-identidad\/#breadcrumb"},"inLanguage":"es","potentialAction":[{"@type":"ReadAction","target":["https:\/\/www.eldiario.net\/portal\/2023\/10\/11\/suri-sicuris-y-chullo-representaran-a-la-paz-en-la-cedula-de-identidad\/"]}]},{"@type":"BreadcrumbList","@id":"https:\/\/www.eldiario.net\/portal\/2023\/10\/11\/suri-sicuris-y-chullo-representaran-a-la-paz-en-la-cedula-de-identidad\/#breadcrumb","itemListElement":[{"@type":"ListItem","position":1,"name":"Portada","item":"https:\/\/www.eldiario.net\/portal\/"},{"@type":"ListItem","position":2,"name":"Suri Sicuris y ch\u2019ullo representar\u00e1n a La Paz en la c\u00e9dula de identidad"}]},{"@type":"WebSite","@id":"https:\/\/www.eldiario.net\/portal\/#website","url":"https:\/\/www.eldiario.net\/portal\/","name":"El Diario - Decano de la prensa nacional","description":"El Diario - Decano de la prensa nacional","publisher":{"@id":"https:\/\/www.eldiario.net\/portal\/#organization"},"potentialAction":[{"@type":"SearchAction","target":{"@type":"EntryPoint","urlTemplate":"https:\/\/www.eldiario.net\/portal\/?s={search_term_string}"},"query-input":{"@type":"PropertyValueSpecification","valueRequired":true,"valueName":"search_term_string"}}],"inLanguage":"es"},{"@type":"Organization","@id":"https:\/\/www.eldiario.net\/portal\/#organization","name":"El Diario - Decano de la prensa nacional","url":"https:\/\/www.eldiario.net\/portal\/","logo":{"@type":"ImageObject","inLanguage":"es","@id":"https:\/\/www.eldiario.net\/portal\/#\/schema\/logo\/image\/","url":"https:\/\/www.eldiario.net\/portal\/wp-content\/uploads\/2023\/07\/logo_ED.jpg","contentUrl":"https:\/\/www.eldiario.net\/portal\/wp-content\/uploads\/2023\/07\/logo_ED.jpg","width":272,"height":52,"caption":"El Diario - Decano de la prensa nacional"},"image":{"@id":"https:\/\/www.eldiario.net\/portal\/#\/schema\/logo\/image\/"},"sameAs":["https:\/\/www.facebook.com\/eldiario.bolivia\/","https:\/\/x.com\/eldiario_net"]},{"@type":"Person","@id":"https:\/\/www.eldiario.net\/portal\/#\/schema\/person\/2c57cf2b7a7ae032e449e4c9b1019eac","name":"Jeanette","image":{"@type":"ImageObject","inLanguage":"es","@id":"https:\/\/secure.gravatar.com\/avatar\/3ea2118a5f7dad2b7138b1187a6b7ee55f160b9968b66013c3a3ef39dd7e5798?s=96&d=mm&r=g","url":"https:\/\/secure.gravatar.com\/avatar\/3ea2118a5f7dad2b7138b1187a6b7ee55f160b9968b66013c3a3ef39dd7e5798?s=96&d=mm&r=g","contentUrl":"https:\/\/secure.gravatar.com\/avatar\/3ea2118a5f7dad2b7138b1187a6b7ee55f160b9968b66013c3a3ef39dd7e5798?s=96&d=mm&r=g","caption":"Jeanette"},"sameAs":["https:\/\/www.eldiario.net\/portal"],"url":"https:\/\/www.eldiario.net\/portal\/author\/jeanette\/"}]}},"_links":{"self":[{"href":"https:\/\/www.eldiario.net\/portal\/wp-json\/wp\/v2\/posts\/181425","targetHints":{"allow":["GET"]}}],"collection":[{"href":"https:\/\/www.eldiario.net\/portal\/wp-json\/wp\/v2\/posts"}],"about":[{"href":"https:\/\/www.eldiario.net\/portal\/wp-json\/wp\/v2\/types\/post"}],"author":[{"embeddable":true,"href":"https:\/\/www.eldiario.net\/portal\/wp-json\/wp\/v2\/users\/1"}],"replies":[{"embeddable":true,"href":"https:\/\/www.eldiario.net\/portal\/wp-json\/wp\/v2\/comments?post=181425"}],"version-history":[{"count":0,"href":"https:\/\/www.eldiario.net\/portal\/wp-json\/wp\/v2\/posts\/181425\/revisions"}],"wp:attachment":[{"href":"https:\/\/www.eldiario.net\/portal\/wp-json\/wp\/v2\/media?parent=181425"}],"wp:term":[{"taxonomy":"category","embeddable":true,"href":"https:\/\/www.eldiario.net\/portal\/wp-json\/wp\/v2\/categories?post=181425"},{"taxonomy":"post_tag","embeddable":true,"href":"https:\/\/www.eldiario.net\/portal\/wp-json\/wp\/v2\/tags?post=181425"}],"curies":[{"name":"wp","href":"https:\/\/api.w.org\/{rel}","templated":true}]}}