{"id":181421,"date":"2023-10-11T06:46:45","date_gmt":"2023-10-11T10:46:45","guid":{"rendered":"https:\/\/www.eldiario.net\/portal\/?p=181421"},"modified":"2023-10-11T06:46:45","modified_gmt":"2023-10-11T10:46:45","slug":"denuncian-estado-de-indefension-de-extrabajadores-de-pagina-siete","status":"publish","type":"post","link":"https:\/\/www.eldiario.net\/portal\/2023\/10\/11\/denuncian-estado-de-indefension-de-extrabajadores-de-pagina-siete\/","title":{"rendered":"Denuncian estado de indefensi\u00f3n  de extrabajadores de P\u00e1gina Siete"},"content":{"rendered":"<p>La Asociaci\u00f3n Nacional de Periodistas de Bolivia (ANPB) y las nueve asociaciones departamentales denunciaron ayer que extrabajadores de P\u00e1gina Siete se encuentran en estado de indefensi\u00f3n, despu\u00e9s de haber soportado varios meses sin salario y sin la cobertura de sus prestaciones sociales. Hoy desconf\u00edan de que la justicia laboral reponga sus derechos.<br \/>\n\u201cLos reclamos formulados tras el cierre de P\u00e1gina Siete (29 de junio de 2023) dejan en claro que al riesgo cotidiano de la b\u00fasqueda de informaci\u00f3n y las dificultades para ejercer la libertad de expresi\u00f3n, se a\u00f1ade el incumplimiento de normas m\u00ednimas de protecci\u00f3n y prestaciones laborales por parte de los empleadores\u201d, se lee en el comunicado difundido ayer por la ANPB y las nueve asociaciones departamentales de periodistas del pa\u00eds.<br \/>\nAlgunos extrabajadores manifestaron que desde julio de 2023, est\u00e1n esperando audiencia con la ministra de Trabajo, Ver\u00f3nica Navia, empero a la fecha no existe respuesta. Los inspectores que atienden en plataformas, solo hicieron una relaci\u00f3n de sueldos adeudados y finiquitos.<br \/>\n\u201c(Lo que pasa con los extrabajadores) constituye una se\u00f1al de alerta respecto a la situaci\u00f3n laboral de quienes ejercemos el periodismo en nuestro pa\u00eds\u201d, advierte el comunicado de la ANPB.<br \/>\nExtrabajadores y experiodistas de P\u00e1gina Siete, anunciaron el lunes que presentaron una demanda laboral y publicaron un pronunciamiento titulado \u201cEl lado oscuro de la tormenta perfecta\u201d, que explica los motivos que los obligaron a asumir esa medida legal. El proceso se abri\u00f3 contra los representantes legales de la Empresa Editorial Luna Llena, firma due\u00f1a de la marca del peri\u00f3dico, Ra\u00fal Gar\u00e1fulic y Carlos Saravia, a quienes se les reclama el pago de salarios, finiquitos y otros beneficios sociales que, en algunos casos, se adeudan desde 2020.<br \/>\nLos extrabajadores explicaron que la opci\u00f3n legal se dio luego de una larga e infructuosa negociaci\u00f3n con el principal socio y propietario de ese medio de comunicaci\u00f3n.<br \/>\n\u201cEn todos estos procesos, los anuncios que nos hac\u00edan era de que se est\u00e1 negociando, ma\u00f1ana, pasado, la pr\u00f3xima semana, etc. (\u2026) en todo este proceso el se\u00f1or Gar\u00e1fulic nos recordaba que los procesos laborales duran muchos a\u00f1os y, que \u00e9l, como ocurre con muchos empresarios, iba a recurrir a apelaciones para que nuestros sueldos lleguen en un largo tiempo\u201d, dijo uno de los extrabajadores.<br \/>\nRecordaron que hasta el d\u00eda del repentino cierre de P\u00e1gina Siete, 70 trabajadores continuaron con su labor diaria, pese a no percibir sueldos, en algunos casos hasta por siete meses, convencidos de que los ejecutivos cumplir\u00edan los compromisos que por varios meses sostuvieron, una reestructuraci\u00f3n y el pago total de la deuda.<br \/>\n\u201cTORMENTA PERFECTA\u201d<br \/>\nEse 29 de junio de 2023, luego de que por medio de una reuni\u00f3n virtual Gar\u00e1fulic informara a los 70 trabajadores que desde ese momento se quedaban sin trabajo, sin entregar ning\u00fan documento que respalde sus motivos, el empresario public\u00f3 en la p\u00e1gina web del medio una nota titulada: \u201cFin del camino. Carta a los lectores de P\u00e1gina Siete\u201d.<br \/>\nA 101 d\u00edas de aquella carta y los compromisos incumplidos por parte de Gar\u00e1fulic y quienes lo acompa\u00f1aron en su gesti\u00f3n, los periodistas de P\u00e1gina Siete decidieron emitir un pronunciamiento con un encabezado que refuta al due\u00f1o del nombre del peri\u00f3dico: \u201cEl lado oscuro de la \u2018tormenta perfecta\u2019 en P\u00e1gina Siete\u201d.<br \/>\nEl abogado \u00c1lvaro V\u00e1squez, que patrocina a los extrabajadores, manifest\u00f3 que entre los factores que llevaron al cierre de P\u00e1gina Siete tambi\u00e9n se debe contar la mala administraci\u00f3n realizada por Gar\u00e1fulic y Saravia.<br \/>\nEl jurista aclar\u00f3 que el 6 julio de 2023, un primer grupo de extrabajadores present\u00f3 una demanda laboral, por medio de la cual se logr\u00f3 conocer que Gar\u00e1fulic y Saravia, representantes legales desde la creaci\u00f3n del impreso en abril de 2010, realizaron operaciones de diferente \u00edndole para el resguardo de sus bienes y luego salieron del pa\u00eds, el primero a Brasil hace m\u00e1s de 10 meses y el otro \u201cde vacaciones\u201d a Estados Unidos.<br \/>\nPese a ello, se confirm\u00f3 que ambos tienen varias propiedades registradas a su nombre, cuyo valor, desde un inicio, pudo cubrir con solvencia los beneficios sociales adeudados. Pero lo que result\u00f3 m\u00e1s llamativo fue conocer que Gar\u00e1fulic y Saravia no renovaron la matr\u00edcula de comercio en el Servicio Plurinacional de Registro y Comercio (Seprec), que feneci\u00f3 el 31 mayo; es decir, 29 d\u00edas antes del cierre del peri\u00f3dico, hecho que sumado al presunto traspaso de sus propiedades genera la sospecha que existi\u00f3 una planificaci\u00f3n para el cierre de P\u00e1gina Siete.<\/p>\n<p>&nbsp;<\/p>\n","protected":false},"excerpt":{"rendered":"<p>La Asociaci\u00f3n Nacional de Periodistas de Bolivia (ANPB) y las nueve asociaciones departamentales denunciaron ayer que extrabajadores de P\u00e1gina Siete se encuentran en estado de indefensi\u00f3n, despu\u00e9s de haber soportado varios meses sin salario y sin la cobertura de sus prestaciones sociales. Hoy desconf\u00edan de que la justicia laboral reponga sus derechos. \u201cLos reclamos formulados [&hellip;]<\/p>\n","protected":false},"author":1,"featured_media":181422,"comment_status":"closed","ping_status":"open","sticky":false,"template":"","format":"standard","meta":{"_acf_changed":false,"footnotes":""},"categories":[39],"tags":[],"class_list":["post-181421","post","type-post","status-publish","format-standard","has-post-thumbnail","category-sociedad"],"acf":{"antetitulo":""},"yoast_head":"<!-- This site is optimized with the Yoast SEO plugin v28.4 - https:\/\/yoast.com\/product\/yoast-seo-wordpress\/ -->\n<title>Denuncian estado de indefensi\u00f3n de extrabajadores de P\u00e1gina Siete - El Diario - Bolivia<\/title>\n<meta name=\"robots\" content=\"index, follow, max-snippet:-1, max-image-preview:large, max-video-preview:-1\" \/>\n<link rel=\"canonical\" href=\"https:\/\/www.eldiario.net\/portal\/2023\/10\/11\/denuncian-estado-de-indefension-de-extrabajadores-de-pagina-siete\/\" \/>\n<meta property=\"og:locale\" content=\"es_ES\" \/>\n<meta property=\"og:type\" content=\"article\" \/>\n<meta property=\"og:title\" content=\"Denuncian estado de indefensi\u00f3n de extrabajadores de P\u00e1gina Siete - El Diario - Bolivia\" \/>\n<meta property=\"og:description\" content=\"La Asociaci\u00f3n Nacional de Periodistas de Bolivia (ANPB) y las nueve asociaciones departamentales denunciaron ayer que extrabajadores de P\u00e1gina Siete se encuentran en estado de indefensi\u00f3n, despu\u00e9s de haber soportado varios meses sin salario y sin la cobertura de sus prestaciones sociales. Hoy desconf\u00edan de que la justicia laboral reponga sus derechos. \u201cLos reclamos formulados [&hellip;]\" \/>\n<meta property=\"og:url\" content=\"https:\/\/www.eldiario.net\/portal\/2023\/10\/11\/denuncian-estado-de-indefension-de-extrabajadores-de-pagina-siete\/\" \/>\n<meta property=\"og:site_name\" content=\"El Diario - Bolivia\" \/>\n<meta property=\"article:publisher\" content=\"https:\/\/www.facebook.com\/eldiario.bolivia\/\" \/>\n<meta property=\"article:published_time\" content=\"2023-10-11T10:46:45+00:00\" \/>\n<meta property=\"og:image\" content=\"https:\/\/www.eldiario.net\/portal\/wp-content\/uploads\/2023\/10\/P7.jpg\" \/>\n\t<meta property=\"og:image:width\" content=\"1599\" \/>\n\t<meta property=\"og:image:height\" content=\"1066\" \/>\n\t<meta property=\"og:image:type\" content=\"image\/jpeg\" \/>\n<meta name=\"author\" content=\"Jeanette\" \/>\n<meta name=\"twitter:card\" content=\"summary_large_image\" \/>\n<meta name=\"twitter:creator\" content=\"@eldiario_net\" \/>\n<meta name=\"twitter:site\" content=\"@eldiario_net\" \/>\n<meta name=\"twitter:label1\" content=\"Escrito por\" \/>\n\t<meta name=\"twitter:data1\" content=\"Jeanette\" \/>\n\t<meta name=\"twitter:label2\" content=\"Tiempo de lectura\" \/>\n\t<meta name=\"twitter:data2\" content=\"4 minutos\" \/>\n<script type=\"application\/ld+json\" class=\"yoast-schema-graph\">{\"@context\":\"https:\\\/\\\/schema.org\",\"@graph\":[{\"@type\":\"Article\",\"@id\":\"https:\\\/\\\/www.eldiario.net\\\/portal\\\/2023\\\/10\\\/11\\\/denuncian-estado-de-indefension-de-extrabajadores-de-pagina-siete\\\/#article\",\"isPartOf\":{\"@id\":\"https:\\\/\\\/www.eldiario.net\\\/portal\\\/2023\\\/10\\\/11\\\/denuncian-estado-de-indefension-de-extrabajadores-de-pagina-siete\\\/\"},\"author\":{\"name\":\"Jeanette\",\"@id\":\"https:\\\/\\\/www.eldiario.net\\\/portal\\\/#\\\/schema\\\/person\\\/2c57cf2b7a7ae032e449e4c9b1019eac\"},\"headline\":\"Denuncian estado de indefensi\u00f3n de extrabajadores de P\u00e1gina Siete\",\"datePublished\":\"2023-10-11T10:46:45+00:00\",\"mainEntityOfPage\":{\"@id\":\"https:\\\/\\\/www.eldiario.net\\\/portal\\\/2023\\\/10\\\/11\\\/denuncian-estado-de-indefension-de-extrabajadores-de-pagina-siete\\\/\"},\"wordCount\":794,\"publisher\":{\"@id\":\"https:\\\/\\\/www.eldiario.net\\\/portal\\\/#organization\"},\"image\":{\"@id\":\"https:\\\/\\\/www.eldiario.net\\\/portal\\\/2023\\\/10\\\/11\\\/denuncian-estado-de-indefension-de-extrabajadores-de-pagina-siete\\\/#primaryimage\"},\"thumbnailUrl\":\"https:\\\/\\\/www.eldiario.net\\\/portal\\\/wp-content\\\/uploads\\\/2023\\\/10\\\/P7.jpg\",\"articleSection\":[\"Sociedad - Seguridad\"],\"inLanguage\":\"es\"},{\"@type\":\"WebPage\",\"@id\":\"https:\\\/\\\/www.eldiario.net\\\/portal\\\/2023\\\/10\\\/11\\\/denuncian-estado-de-indefension-de-extrabajadores-de-pagina-siete\\\/\",\"url\":\"https:\\\/\\\/www.eldiario.net\\\/portal\\\/2023\\\/10\\\/11\\\/denuncian-estado-de-indefension-de-extrabajadores-de-pagina-siete\\\/\",\"name\":\"Denuncian estado de indefensi\u00f3n de extrabajadores de P\u00e1gina Siete - El Diario - Bolivia\",\"isPartOf\":{\"@id\":\"https:\\\/\\\/www.eldiario.net\\\/portal\\\/#website\"},\"primaryImageOfPage\":{\"@id\":\"https:\\\/\\\/www.eldiario.net\\\/portal\\\/2023\\\/10\\\/11\\\/denuncian-estado-de-indefension-de-extrabajadores-de-pagina-siete\\\/#primaryimage\"},\"image\":{\"@id\":\"https:\\\/\\\/www.eldiario.net\\\/portal\\\/2023\\\/10\\\/11\\\/denuncian-estado-de-indefension-de-extrabajadores-de-pagina-siete\\\/#primaryimage\"},\"thumbnailUrl\":\"https:\\\/\\\/www.eldiario.net\\\/portal\\\/wp-content\\\/uploads\\\/2023\\\/10\\\/P7.jpg\",\"datePublished\":\"2023-10-11T10:46:45+00:00\",\"breadcrumb\":{\"@id\":\"https:\\\/\\\/www.eldiario.net\\\/portal\\\/2023\\\/10\\\/11\\\/denuncian-estado-de-indefension-de-extrabajadores-de-pagina-siete\\\/#breadcrumb\"},\"inLanguage\":\"es\",\"potentialAction\":[{\"@type\":\"ReadAction\",\"target\":[\"https:\\\/\\\/www.eldiario.net\\\/portal\\\/2023\\\/10\\\/11\\\/denuncian-estado-de-indefension-de-extrabajadores-de-pagina-siete\\\/\"]}]},{\"@type\":\"ImageObject\",\"inLanguage\":\"es\",\"@id\":\"https:\\\/\\\/www.eldiario.net\\\/portal\\\/2023\\\/10\\\/11\\\/denuncian-estado-de-indefension-de-extrabajadores-de-pagina-siete\\\/#primaryimage\",\"url\":\"https:\\\/\\\/www.eldiario.net\\\/portal\\\/wp-content\\\/uploads\\\/2023\\\/10\\\/P7.jpg\",\"contentUrl\":\"https:\\\/\\\/www.eldiario.net\\\/portal\\\/wp-content\\\/uploads\\\/2023\\\/10\\\/P7.jpg\",\"width\":1599,\"height\":1066,\"caption\":\"EXTRABAJADORES DE P\u00c1GINA SIETE EN CONFERENCIA DE PRENSA, EL LUNES 9 DE OCTUBRE DE 2019.\"},{\"@type\":\"BreadcrumbList\",\"@id\":\"https:\\\/\\\/www.eldiario.net\\\/portal\\\/2023\\\/10\\\/11\\\/denuncian-estado-de-indefension-de-extrabajadores-de-pagina-siete\\\/#breadcrumb\",\"itemListElement\":[{\"@type\":\"ListItem\",\"position\":1,\"name\":\"Portada\",\"item\":\"https:\\\/\\\/www.eldiario.net\\\/portal\\\/\"},{\"@type\":\"ListItem\",\"position\":2,\"name\":\"Denuncian estado de indefensi\u00f3n de extrabajadores de P\u00e1gina Siete\"}]},{\"@type\":\"WebSite\",\"@id\":\"https:\\\/\\\/www.eldiario.net\\\/portal\\\/#website\",\"url\":\"https:\\\/\\\/www.eldiario.net\\\/portal\\\/\",\"name\":\"El Diario - Decano de la prensa nacional\",\"description\":\"El Diario - Decano de la prensa nacional\",\"publisher\":{\"@id\":\"https:\\\/\\\/www.eldiario.net\\\/portal\\\/#organization\"},\"potentialAction\":[{\"@type\":\"SearchAction\",\"target\":{\"@type\":\"EntryPoint\",\"urlTemplate\":\"https:\\\/\\\/www.eldiario.net\\\/portal\\\/?s={search_term_string}\"},\"query-input\":{\"@type\":\"PropertyValueSpecification\",\"valueRequired\":true,\"valueName\":\"search_term_string\"}}],\"inLanguage\":\"es\"},{\"@type\":\"Organization\",\"@id\":\"https:\\\/\\\/www.eldiario.net\\\/portal\\\/#organization\",\"name\":\"El Diario - Decano de la prensa nacional\",\"url\":\"https:\\\/\\\/www.eldiario.net\\\/portal\\\/\",\"logo\":{\"@type\":\"ImageObject\",\"inLanguage\":\"es\",\"@id\":\"https:\\\/\\\/www.eldiario.net\\\/portal\\\/#\\\/schema\\\/logo\\\/image\\\/\",\"url\":\"https:\\\/\\\/www.eldiario.net\\\/portal\\\/wp-content\\\/uploads\\\/2023\\\/07\\\/logo_ED.jpg\",\"contentUrl\":\"https:\\\/\\\/www.eldiario.net\\\/portal\\\/wp-content\\\/uploads\\\/2023\\\/07\\\/logo_ED.jpg\",\"width\":272,\"height\":52,\"caption\":\"El Diario - Decano de la prensa nacional\"},\"image\":{\"@id\":\"https:\\\/\\\/www.eldiario.net\\\/portal\\\/#\\\/schema\\\/logo\\\/image\\\/\"},\"sameAs\":[\"https:\\\/\\\/www.facebook.com\\\/eldiario.bolivia\\\/\",\"https:\\\/\\\/x.com\\\/eldiario_net\"]},{\"@type\":\"Person\",\"@id\":\"https:\\\/\\\/www.eldiario.net\\\/portal\\\/#\\\/schema\\\/person\\\/2c57cf2b7a7ae032e449e4c9b1019eac\",\"name\":\"Jeanette\",\"image\":{\"@type\":\"ImageObject\",\"inLanguage\":\"es\",\"@id\":\"https:\\\/\\\/secure.gravatar.com\\\/avatar\\\/3ea2118a5f7dad2b7138b1187a6b7ee55f160b9968b66013c3a3ef39dd7e5798?s=96&d=mm&r=g\",\"url\":\"https:\\\/\\\/secure.gravatar.com\\\/avatar\\\/3ea2118a5f7dad2b7138b1187a6b7ee55f160b9968b66013c3a3ef39dd7e5798?s=96&d=mm&r=g\",\"contentUrl\":\"https:\\\/\\\/secure.gravatar.com\\\/avatar\\\/3ea2118a5f7dad2b7138b1187a6b7ee55f160b9968b66013c3a3ef39dd7e5798?s=96&d=mm&r=g\",\"caption\":\"Jeanette\"},\"sameAs\":[\"https:\\\/\\\/www.eldiario.net\\\/portal\"],\"url\":\"https:\\\/\\\/www.eldiario.net\\\/portal\\\/author\\\/jeanette\\\/\"}]}<\/script>\n<!-- \/ Yoast SEO plugin. -->","yoast_head_json":{"title":"Denuncian estado de indefensi\u00f3n de extrabajadores de P\u00e1gina Siete - El Diario - Bolivia","robots":{"index":"index","follow":"follow","max-snippet":"max-snippet:-1","max-image-preview":"max-image-preview:large","max-video-preview":"max-video-preview:-1"},"canonical":"https:\/\/www.eldiario.net\/portal\/2023\/10\/11\/denuncian-estado-de-indefension-de-extrabajadores-de-pagina-siete\/","og_locale":"es_ES","og_type":"article","og_title":"Denuncian estado de indefensi\u00f3n de extrabajadores de P\u00e1gina Siete - El Diario - Bolivia","og_description":"La Asociaci\u00f3n Nacional de Periodistas de Bolivia (ANPB) y las nueve asociaciones departamentales denunciaron ayer que extrabajadores de P\u00e1gina Siete se encuentran en estado de indefensi\u00f3n, despu\u00e9s de haber soportado varios meses sin salario y sin la cobertura de sus prestaciones sociales. Hoy desconf\u00edan de que la justicia laboral reponga sus derechos. \u201cLos reclamos formulados [&hellip;]","og_url":"https:\/\/www.eldiario.net\/portal\/2023\/10\/11\/denuncian-estado-de-indefension-de-extrabajadores-de-pagina-siete\/","og_site_name":"El Diario - Bolivia","article_publisher":"https:\/\/www.facebook.com\/eldiario.bolivia\/","article_published_time":"2023-10-11T10:46:45+00:00","og_image":[{"width":1599,"height":1066,"url":"https:\/\/www.eldiario.net\/portal\/wp-content\/uploads\/2023\/10\/P7.jpg","type":"image\/jpeg"}],"author":"Jeanette","twitter_card":"summary_large_image","twitter_creator":"@eldiario_net","twitter_site":"@eldiario_net","twitter_misc":{"Escrito por":"Jeanette","Tiempo de lectura":"4 minutos"},"schema":{"@context":"https:\/\/schema.org","@graph":[{"@type":"Article","@id":"https:\/\/www.eldiario.net\/portal\/2023\/10\/11\/denuncian-estado-de-indefension-de-extrabajadores-de-pagina-siete\/#article","isPartOf":{"@id":"https:\/\/www.eldiario.net\/portal\/2023\/10\/11\/denuncian-estado-de-indefension-de-extrabajadores-de-pagina-siete\/"},"author":{"name":"Jeanette","@id":"https:\/\/www.eldiario.net\/portal\/#\/schema\/person\/2c57cf2b7a7ae032e449e4c9b1019eac"},"headline":"Denuncian estado de indefensi\u00f3n de extrabajadores de P\u00e1gina Siete","datePublished":"2023-10-11T10:46:45+00:00","mainEntityOfPage":{"@id":"https:\/\/www.eldiario.net\/portal\/2023\/10\/11\/denuncian-estado-de-indefension-de-extrabajadores-de-pagina-siete\/"},"wordCount":794,"publisher":{"@id":"https:\/\/www.eldiario.net\/portal\/#organization"},"image":{"@id":"https:\/\/www.eldiario.net\/portal\/2023\/10\/11\/denuncian-estado-de-indefension-de-extrabajadores-de-pagina-siete\/#primaryimage"},"thumbnailUrl":"https:\/\/www.eldiario.net\/portal\/wp-content\/uploads\/2023\/10\/P7.jpg","articleSection":["Sociedad - Seguridad"],"inLanguage":"es"},{"@type":"WebPage","@id":"https:\/\/www.eldiario.net\/portal\/2023\/10\/11\/denuncian-estado-de-indefension-de-extrabajadores-de-pagina-siete\/","url":"https:\/\/www.eldiario.net\/portal\/2023\/10\/11\/denuncian-estado-de-indefension-de-extrabajadores-de-pagina-siete\/","name":"Denuncian estado de indefensi\u00f3n de extrabajadores de P\u00e1gina Siete - El Diario - Bolivia","isPartOf":{"@id":"https:\/\/www.eldiario.net\/portal\/#website"},"primaryImageOfPage":{"@id":"https:\/\/www.eldiario.net\/portal\/2023\/10\/11\/denuncian-estado-de-indefension-de-extrabajadores-de-pagina-siete\/#primaryimage"},"image":{"@id":"https:\/\/www.eldiario.net\/portal\/2023\/10\/11\/denuncian-estado-de-indefension-de-extrabajadores-de-pagina-siete\/#primaryimage"},"thumbnailUrl":"https:\/\/www.eldiario.net\/portal\/wp-content\/uploads\/2023\/10\/P7.jpg","datePublished":"2023-10-11T10:46:45+00:00","breadcrumb":{"@id":"https:\/\/www.eldiario.net\/portal\/2023\/10\/11\/denuncian-estado-de-indefension-de-extrabajadores-de-pagina-siete\/#breadcrumb"},"inLanguage":"es","potentialAction":[{"@type":"ReadAction","target":["https:\/\/www.eldiario.net\/portal\/2023\/10\/11\/denuncian-estado-de-indefension-de-extrabajadores-de-pagina-siete\/"]}]},{"@type":"ImageObject","inLanguage":"es","@id":"https:\/\/www.eldiario.net\/portal\/2023\/10\/11\/denuncian-estado-de-indefension-de-extrabajadores-de-pagina-siete\/#primaryimage","url":"https:\/\/www.eldiario.net\/portal\/wp-content\/uploads\/2023\/10\/P7.jpg","contentUrl":"https:\/\/www.eldiario.net\/portal\/wp-content\/uploads\/2023\/10\/P7.jpg","width":1599,"height":1066,"caption":"EXTRABAJADORES DE P\u00c1GINA SIETE EN CONFERENCIA DE PRENSA, EL LUNES 9 DE OCTUBRE DE 2019."},{"@type":"BreadcrumbList","@id":"https:\/\/www.eldiario.net\/portal\/2023\/10\/11\/denuncian-estado-de-indefension-de-extrabajadores-de-pagina-siete\/#breadcrumb","itemListElement":[{"@type":"ListItem","position":1,"name":"Portada","item":"https:\/\/www.eldiario.net\/portal\/"},{"@type":"ListItem","position":2,"name":"Denuncian estado de indefensi\u00f3n de extrabajadores de P\u00e1gina Siete"}]},{"@type":"WebSite","@id":"https:\/\/www.eldiario.net\/portal\/#website","url":"https:\/\/www.eldiario.net\/portal\/","name":"El Diario - Decano de la prensa nacional","description":"El Diario - Decano de la prensa nacional","publisher":{"@id":"https:\/\/www.eldiario.net\/portal\/#organization"},"potentialAction":[{"@type":"SearchAction","target":{"@type":"EntryPoint","urlTemplate":"https:\/\/www.eldiario.net\/portal\/?s={search_term_string}"},"query-input":{"@type":"PropertyValueSpecification","valueRequired":true,"valueName":"search_term_string"}}],"inLanguage":"es"},{"@type":"Organization","@id":"https:\/\/www.eldiario.net\/portal\/#organization","name":"El Diario - Decano de la prensa nacional","url":"https:\/\/www.eldiario.net\/portal\/","logo":{"@type":"ImageObject","inLanguage":"es","@id":"https:\/\/www.eldiario.net\/portal\/#\/schema\/logo\/image\/","url":"https:\/\/www.eldiario.net\/portal\/wp-content\/uploads\/2023\/07\/logo_ED.jpg","contentUrl":"https:\/\/www.eldiario.net\/portal\/wp-content\/uploads\/2023\/07\/logo_ED.jpg","width":272,"height":52,"caption":"El Diario - Decano de la prensa nacional"},"image":{"@id":"https:\/\/www.eldiario.net\/portal\/#\/schema\/logo\/image\/"},"sameAs":["https:\/\/www.facebook.com\/eldiario.bolivia\/","https:\/\/x.com\/eldiario_net"]},{"@type":"Person","@id":"https:\/\/www.eldiario.net\/portal\/#\/schema\/person\/2c57cf2b7a7ae032e449e4c9b1019eac","name":"Jeanette","image":{"@type":"ImageObject","inLanguage":"es","@id":"https:\/\/secure.gravatar.com\/avatar\/3ea2118a5f7dad2b7138b1187a6b7ee55f160b9968b66013c3a3ef39dd7e5798?s=96&d=mm&r=g","url":"https:\/\/secure.gravatar.com\/avatar\/3ea2118a5f7dad2b7138b1187a6b7ee55f160b9968b66013c3a3ef39dd7e5798?s=96&d=mm&r=g","contentUrl":"https:\/\/secure.gravatar.com\/avatar\/3ea2118a5f7dad2b7138b1187a6b7ee55f160b9968b66013c3a3ef39dd7e5798?s=96&d=mm&r=g","caption":"Jeanette"},"sameAs":["https:\/\/www.eldiario.net\/portal"],"url":"https:\/\/www.eldiario.net\/portal\/author\/jeanette\/"}]}},"_links":{"self":[{"href":"https:\/\/www.eldiario.net\/portal\/wp-json\/wp\/v2\/posts\/181421","targetHints":{"allow":["GET"]}}],"collection":[{"href":"https:\/\/www.eldiario.net\/portal\/wp-json\/wp\/v2\/posts"}],"about":[{"href":"https:\/\/www.eldiario.net\/portal\/wp-json\/wp\/v2\/types\/post"}],"author":[{"embeddable":true,"href":"https:\/\/www.eldiario.net\/portal\/wp-json\/wp\/v2\/users\/1"}],"replies":[{"embeddable":true,"href":"https:\/\/www.eldiario.net\/portal\/wp-json\/wp\/v2\/comments?post=181421"}],"version-history":[{"count":0,"href":"https:\/\/www.eldiario.net\/portal\/wp-json\/wp\/v2\/posts\/181421\/revisions"}],"wp:featuredmedia":[{"embeddable":true,"href":"https:\/\/www.eldiario.net\/portal\/wp-json\/wp\/v2\/media\/181422"}],"wp:attachment":[{"href":"https:\/\/www.eldiario.net\/portal\/wp-json\/wp\/v2\/media?parent=181421"}],"wp:term":[{"taxonomy":"category","embeddable":true,"href":"https:\/\/www.eldiario.net\/portal\/wp-json\/wp\/v2\/categories?post=181421"},{"taxonomy":"post_tag","embeddable":true,"href":"https:\/\/www.eldiario.net\/portal\/wp-json\/wp\/v2\/tags?post=181421"}],"curies":[{"name":"wp","href":"https:\/\/api.w.org\/{rel}","templated":true}]}}