{"id":181418,"date":"2023-10-11T06:45:38","date_gmt":"2023-10-11T10:45:38","guid":{"rendered":"https:\/\/www.eldiario.net\/portal\/?p=181418"},"modified":"2023-10-11T06:45:38","modified_gmt":"2023-10-11T10:45:38","slug":"piden-10-anos-de-prision-para-exministra-de-salud","status":"publish","type":"post","link":"https:\/\/www.eldiario.net\/portal\/2023\/10\/11\/piden-10-anos-de-prision-para-exministra-de-salud\/","title":{"rendered":"Piden 10 a\u00f1os de prisi\u00f3n  para exministra de Salud"},"content":{"rendered":"<p>El Ministerio P\u00fablico present\u00f3 la acusaci\u00f3n formal contra ocho implicados en el caso denominado respiradores chinos. Entre las acusadas est\u00e1 la exministra de Salud Eidy Roca, a pesar de que ella no fue parte del proceso de adjudicaci\u00f3n.<br \/>\nPresumen que las ocho personas acusadas est\u00e1n implicadas en el proceso irregular de contrataci\u00f3n directa para la compra de 324 ventiladores pulmonares de origen chino, hecho registrado el a\u00f1o 2020, durante la crisis por la pandemia del covid-19, que provoc\u00f3 una afectaci\u00f3n econ\u00f3mica al Estado.<br \/>\n\u201cSe ha presentado la acusaci\u00f3n formal por los delitos de contratos lesivos al Estado, conducta antiecon\u00f3mica, incumplimiento de deberes y delitos contra la salud p\u00fablica en contra de la exministra de Salud, Mar\u00eda Eidy Roca, el exviceministro de Salud, El\u00edas R. C. C., el exasesor Jur\u00eddico del Ministerio de Salud, Jorge S. C., la exdirectora de Servicios Generales del Ministerio de Salud, Graciela M. R., el exjefe de Unidad de Redes y Servicios de Salud, Juan C. A. T., el exjefe de Unidad Financiera, Marco A. P. I., la exconsultora del Ministerio de Salud, Vania V. G., y el representante legal de la Empresa Grupo AGEM, Eduardo D. P.\u201d, precis\u00f3 el fiscal Aldrin Barrientos.<br \/>\nAclar\u00f3 que presentaron 38 pruebas testificales y 53 documentales que fueron colectadas durante la etapa preparatoria, entre ellas, el dictamen pericial de auditor\u00eda forense que identifica las irregularidades en el proceso de adquisici\u00f3n de los ventiladores.<br \/>\nEn abril de este a\u00f1o, la exministra reiter\u00f3 que cuando lleg\u00f3 al Ministerio de Salud en 2020 los respiradores ya hab\u00edan sido adquiridos, por lo que no tuvo nada que ver en los tr\u00e1mites de adquisici\u00f3n de los mismos, y que su \u00fanico \u201cpecado\u201d fue enviarlos para\u201d salvar vidas en Beni y Santa Cruz, donde la pandemia estaba haciendo estragos entre la poblaci\u00f3n m\u00e1s pobre.<br \/>\n\u201cLe pido al presidente actuar con justicia y humanidad. Hoy los fiscales y jueces son responsables de mi situaci\u00f3n, pero el d\u00eda de ma\u00f1ana el se\u00f1or Luis Arce puede ser procesado a nivel internacional por violar el m\u00e1s elemental de los derechos: mi derecho a la vida\u201d, dijo Roca en la autoridad, cuando ped\u00eda su desarraigo para salir del pa\u00eds a tratar su delicado estado de salud.<\/p>\n","protected":false},"excerpt":{"rendered":"<p>El Ministerio P\u00fablico present\u00f3 la acusaci\u00f3n formal contra ocho implicados en el caso denominado respiradores chinos. Entre las acusadas est\u00e1 la exministra de Salud Eidy Roca, a pesar de que ella no fue parte del proceso de adjudicaci\u00f3n. Presumen que las ocho personas acusadas est\u00e1n implicadas en el proceso irregular de contrataci\u00f3n directa para la [&hellip;]<\/p>\n","protected":false},"author":1,"featured_media":181419,"comment_status":"closed","ping_status":"open","sticky":false,"template":"","format":"standard","meta":{"_acf_changed":false,"footnotes":""},"categories":[39],"tags":[],"class_list":["post-181418","post","type-post","status-publish","format-standard","has-post-thumbnail","category-sociedad"],"acf":{"antetitulo":""},"yoast_head":"<!-- This site is optimized with the Yoast SEO plugin v28.4 - https:\/\/yoast.com\/product\/yoast-seo-wordpress\/ -->\n<title>Piden 10 a\u00f1os de prisi\u00f3n para exministra de Salud - El Diario - Bolivia<\/title>\n<meta name=\"robots\" content=\"index, follow, max-snippet:-1, max-image-preview:large, max-video-preview:-1\" \/>\n<link rel=\"canonical\" href=\"https:\/\/www.eldiario.net\/portal\/2023\/10\/11\/piden-10-anos-de-prision-para-exministra-de-salud\/\" \/>\n<meta property=\"og:locale\" content=\"es_ES\" \/>\n<meta property=\"og:type\" content=\"article\" \/>\n<meta property=\"og:title\" content=\"Piden 10 a\u00f1os de prisi\u00f3n para exministra de Salud - El Diario - Bolivia\" \/>\n<meta property=\"og:description\" content=\"El Ministerio P\u00fablico present\u00f3 la acusaci\u00f3n formal contra ocho implicados en el caso denominado respiradores chinos. Entre las acusadas est\u00e1 la exministra de Salud Eidy Roca, a pesar de que ella no fue parte del proceso de adjudicaci\u00f3n. Presumen que las ocho personas acusadas est\u00e1n implicadas en el proceso irregular de contrataci\u00f3n directa para la [&hellip;]\" \/>\n<meta property=\"og:url\" content=\"https:\/\/www.eldiario.net\/portal\/2023\/10\/11\/piden-10-anos-de-prision-para-exministra-de-salud\/\" \/>\n<meta property=\"og:site_name\" content=\"El Diario - Bolivia\" \/>\n<meta property=\"article:publisher\" content=\"https:\/\/www.facebook.com\/eldiario.bolivia\/\" \/>\n<meta property=\"article:published_time\" content=\"2023-10-11T10:45:38+00:00\" \/>\n<meta property=\"og:image\" content=\"https:\/\/www.eldiario.net\/portal\/wp-content\/uploads\/2023\/10\/RESPIRADORES.jpg\" \/>\n\t<meta property=\"og:image:width\" content=\"574\" \/>\n\t<meta property=\"og:image:height\" content=\"558\" \/>\n\t<meta property=\"og:image:type\" content=\"image\/jpeg\" \/>\n<meta name=\"author\" content=\"Jeanette\" \/>\n<meta name=\"twitter:card\" content=\"summary_large_image\" \/>\n<meta name=\"twitter:creator\" content=\"@eldiario_net\" \/>\n<meta name=\"twitter:site\" content=\"@eldiario_net\" \/>\n<meta name=\"twitter:label1\" content=\"Escrito por\" \/>\n\t<meta name=\"twitter:data1\" content=\"Jeanette\" \/>\n\t<meta name=\"twitter:label2\" content=\"Tiempo de lectura\" \/>\n\t<meta name=\"twitter:data2\" content=\"2 minutos\" \/>\n<script type=\"application\/ld+json\" class=\"yoast-schema-graph\">{\"@context\":\"https:\\\/\\\/schema.org\",\"@graph\":[{\"@type\":\"Article\",\"@id\":\"https:\\\/\\\/www.eldiario.net\\\/portal\\\/2023\\\/10\\\/11\\\/piden-10-anos-de-prision-para-exministra-de-salud\\\/#article\",\"isPartOf\":{\"@id\":\"https:\\\/\\\/www.eldiario.net\\\/portal\\\/2023\\\/10\\\/11\\\/piden-10-anos-de-prision-para-exministra-de-salud\\\/\"},\"author\":{\"name\":\"Jeanette\",\"@id\":\"https:\\\/\\\/www.eldiario.net\\\/portal\\\/#\\\/schema\\\/person\\\/2c57cf2b7a7ae032e449e4c9b1019eac\"},\"headline\":\"Piden 10 a\u00f1os de prisi\u00f3n para exministra de Salud\",\"datePublished\":\"2023-10-11T10:45:38+00:00\",\"mainEntityOfPage\":{\"@id\":\"https:\\\/\\\/www.eldiario.net\\\/portal\\\/2023\\\/10\\\/11\\\/piden-10-anos-de-prision-para-exministra-de-salud\\\/\"},\"wordCount\":399,\"publisher\":{\"@id\":\"https:\\\/\\\/www.eldiario.net\\\/portal\\\/#organization\"},\"image\":{\"@id\":\"https:\\\/\\\/www.eldiario.net\\\/portal\\\/2023\\\/10\\\/11\\\/piden-10-anos-de-prision-para-exministra-de-salud\\\/#primaryimage\"},\"thumbnailUrl\":\"https:\\\/\\\/www.eldiario.net\\\/portal\\\/wp-content\\\/uploads\\\/2023\\\/10\\\/RESPIRADORES.jpg\",\"articleSection\":[\"Sociedad - Seguridad\"],\"inLanguage\":\"es\"},{\"@type\":\"WebPage\",\"@id\":\"https:\\\/\\\/www.eldiario.net\\\/portal\\\/2023\\\/10\\\/11\\\/piden-10-anos-de-prision-para-exministra-de-salud\\\/\",\"url\":\"https:\\\/\\\/www.eldiario.net\\\/portal\\\/2023\\\/10\\\/11\\\/piden-10-anos-de-prision-para-exministra-de-salud\\\/\",\"name\":\"Piden 10 a\u00f1os de prisi\u00f3n para exministra de Salud - El Diario - Bolivia\",\"isPartOf\":{\"@id\":\"https:\\\/\\\/www.eldiario.net\\\/portal\\\/#website\"},\"primaryImageOfPage\":{\"@id\":\"https:\\\/\\\/www.eldiario.net\\\/portal\\\/2023\\\/10\\\/11\\\/piden-10-anos-de-prision-para-exministra-de-salud\\\/#primaryimage\"},\"image\":{\"@id\":\"https:\\\/\\\/www.eldiario.net\\\/portal\\\/2023\\\/10\\\/11\\\/piden-10-anos-de-prision-para-exministra-de-salud\\\/#primaryimage\"},\"thumbnailUrl\":\"https:\\\/\\\/www.eldiario.net\\\/portal\\\/wp-content\\\/uploads\\\/2023\\\/10\\\/RESPIRADORES.jpg\",\"datePublished\":\"2023-10-11T10:45:38+00:00\",\"breadcrumb\":{\"@id\":\"https:\\\/\\\/www.eldiario.net\\\/portal\\\/2023\\\/10\\\/11\\\/piden-10-anos-de-prision-para-exministra-de-salud\\\/#breadcrumb\"},\"inLanguage\":\"es\",\"potentialAction\":[{\"@type\":\"ReadAction\",\"target\":[\"https:\\\/\\\/www.eldiario.net\\\/portal\\\/2023\\\/10\\\/11\\\/piden-10-anos-de-prision-para-exministra-de-salud\\\/\"]}]},{\"@type\":\"ImageObject\",\"inLanguage\":\"es\",\"@id\":\"https:\\\/\\\/www.eldiario.net\\\/portal\\\/2023\\\/10\\\/11\\\/piden-10-anos-de-prision-para-exministra-de-salud\\\/#primaryimage\",\"url\":\"https:\\\/\\\/www.eldiario.net\\\/portal\\\/wp-content\\\/uploads\\\/2023\\\/10\\\/RESPIRADORES.jpg\",\"contentUrl\":\"https:\\\/\\\/www.eldiario.net\\\/portal\\\/wp-content\\\/uploads\\\/2023\\\/10\\\/RESPIRADORES.jpg\",\"width\":574,\"height\":558,\"caption\":\"EIDY ROCA, EXMINISTRA DE SALUD, CUANDO SAL\u00cdA DE UNA DE SUS AUDIENCIAS.\"},{\"@type\":\"BreadcrumbList\",\"@id\":\"https:\\\/\\\/www.eldiario.net\\\/portal\\\/2023\\\/10\\\/11\\\/piden-10-anos-de-prision-para-exministra-de-salud\\\/#breadcrumb\",\"itemListElement\":[{\"@type\":\"ListItem\",\"position\":1,\"name\":\"Portada\",\"item\":\"https:\\\/\\\/www.eldiario.net\\\/portal\\\/\"},{\"@type\":\"ListItem\",\"position\":2,\"name\":\"Piden 10 a\u00f1os de prisi\u00f3n para exministra de Salud\"}]},{\"@type\":\"WebSite\",\"@id\":\"https:\\\/\\\/www.eldiario.net\\\/portal\\\/#website\",\"url\":\"https:\\\/\\\/www.eldiario.net\\\/portal\\\/\",\"name\":\"El Diario - Decano de la prensa nacional\",\"description\":\"El Diario - Decano de la prensa nacional\",\"publisher\":{\"@id\":\"https:\\\/\\\/www.eldiario.net\\\/portal\\\/#organization\"},\"potentialAction\":[{\"@type\":\"SearchAction\",\"target\":{\"@type\":\"EntryPoint\",\"urlTemplate\":\"https:\\\/\\\/www.eldiario.net\\\/portal\\\/?s={search_term_string}\"},\"query-input\":{\"@type\":\"PropertyValueSpecification\",\"valueRequired\":true,\"valueName\":\"search_term_string\"}}],\"inLanguage\":\"es\"},{\"@type\":\"Organization\",\"@id\":\"https:\\\/\\\/www.eldiario.net\\\/portal\\\/#organization\",\"name\":\"El Diario - Decano de la prensa nacional\",\"url\":\"https:\\\/\\\/www.eldiario.net\\\/portal\\\/\",\"logo\":{\"@type\":\"ImageObject\",\"inLanguage\":\"es\",\"@id\":\"https:\\\/\\\/www.eldiario.net\\\/portal\\\/#\\\/schema\\\/logo\\\/image\\\/\",\"url\":\"https:\\\/\\\/www.eldiario.net\\\/portal\\\/wp-content\\\/uploads\\\/2023\\\/07\\\/logo_ED.jpg\",\"contentUrl\":\"https:\\\/\\\/www.eldiario.net\\\/portal\\\/wp-content\\\/uploads\\\/2023\\\/07\\\/logo_ED.jpg\",\"width\":272,\"height\":52,\"caption\":\"El Diario - Decano de la prensa nacional\"},\"image\":{\"@id\":\"https:\\\/\\\/www.eldiario.net\\\/portal\\\/#\\\/schema\\\/logo\\\/image\\\/\"},\"sameAs\":[\"https:\\\/\\\/www.facebook.com\\\/eldiario.bolivia\\\/\",\"https:\\\/\\\/x.com\\\/eldiario_net\"]},{\"@type\":\"Person\",\"@id\":\"https:\\\/\\\/www.eldiario.net\\\/portal\\\/#\\\/schema\\\/person\\\/2c57cf2b7a7ae032e449e4c9b1019eac\",\"name\":\"Jeanette\",\"image\":{\"@type\":\"ImageObject\",\"inLanguage\":\"es\",\"@id\":\"https:\\\/\\\/secure.gravatar.com\\\/avatar\\\/3ea2118a5f7dad2b7138b1187a6b7ee55f160b9968b66013c3a3ef39dd7e5798?s=96&d=mm&r=g\",\"url\":\"https:\\\/\\\/secure.gravatar.com\\\/avatar\\\/3ea2118a5f7dad2b7138b1187a6b7ee55f160b9968b66013c3a3ef39dd7e5798?s=96&d=mm&r=g\",\"contentUrl\":\"https:\\\/\\\/secure.gravatar.com\\\/avatar\\\/3ea2118a5f7dad2b7138b1187a6b7ee55f160b9968b66013c3a3ef39dd7e5798?s=96&d=mm&r=g\",\"caption\":\"Jeanette\"},\"sameAs\":[\"https:\\\/\\\/www.eldiario.net\\\/portal\"],\"url\":\"https:\\\/\\\/www.eldiario.net\\\/portal\\\/author\\\/jeanette\\\/\"}]}<\/script>\n<!-- \/ Yoast SEO plugin. -->","yoast_head_json":{"title":"Piden 10 a\u00f1os de prisi\u00f3n para exministra de Salud - El Diario - Bolivia","robots":{"index":"index","follow":"follow","max-snippet":"max-snippet:-1","max-image-preview":"max-image-preview:large","max-video-preview":"max-video-preview:-1"},"canonical":"https:\/\/www.eldiario.net\/portal\/2023\/10\/11\/piden-10-anos-de-prision-para-exministra-de-salud\/","og_locale":"es_ES","og_type":"article","og_title":"Piden 10 a\u00f1os de prisi\u00f3n para exministra de Salud - El Diario - Bolivia","og_description":"El Ministerio P\u00fablico present\u00f3 la acusaci\u00f3n formal contra ocho implicados en el caso denominado respiradores chinos. Entre las acusadas est\u00e1 la exministra de Salud Eidy Roca, a pesar de que ella no fue parte del proceso de adjudicaci\u00f3n. Presumen que las ocho personas acusadas est\u00e1n implicadas en el proceso irregular de contrataci\u00f3n directa para la [&hellip;]","og_url":"https:\/\/www.eldiario.net\/portal\/2023\/10\/11\/piden-10-anos-de-prision-para-exministra-de-salud\/","og_site_name":"El Diario - Bolivia","article_publisher":"https:\/\/www.facebook.com\/eldiario.bolivia\/","article_published_time":"2023-10-11T10:45:38+00:00","og_image":[{"width":574,"height":558,"url":"https:\/\/www.eldiario.net\/portal\/wp-content\/uploads\/2023\/10\/RESPIRADORES.jpg","type":"image\/jpeg"}],"author":"Jeanette","twitter_card":"summary_large_image","twitter_creator":"@eldiario_net","twitter_site":"@eldiario_net","twitter_misc":{"Escrito por":"Jeanette","Tiempo de lectura":"2 minutos"},"schema":{"@context":"https:\/\/schema.org","@graph":[{"@type":"Article","@id":"https:\/\/www.eldiario.net\/portal\/2023\/10\/11\/piden-10-anos-de-prision-para-exministra-de-salud\/#article","isPartOf":{"@id":"https:\/\/www.eldiario.net\/portal\/2023\/10\/11\/piden-10-anos-de-prision-para-exministra-de-salud\/"},"author":{"name":"Jeanette","@id":"https:\/\/www.eldiario.net\/portal\/#\/schema\/person\/2c57cf2b7a7ae032e449e4c9b1019eac"},"headline":"Piden 10 a\u00f1os de prisi\u00f3n para exministra de Salud","datePublished":"2023-10-11T10:45:38+00:00","mainEntityOfPage":{"@id":"https:\/\/www.eldiario.net\/portal\/2023\/10\/11\/piden-10-anos-de-prision-para-exministra-de-salud\/"},"wordCount":399,"publisher":{"@id":"https:\/\/www.eldiario.net\/portal\/#organization"},"image":{"@id":"https:\/\/www.eldiario.net\/portal\/2023\/10\/11\/piden-10-anos-de-prision-para-exministra-de-salud\/#primaryimage"},"thumbnailUrl":"https:\/\/www.eldiario.net\/portal\/wp-content\/uploads\/2023\/10\/RESPIRADORES.jpg","articleSection":["Sociedad - Seguridad"],"inLanguage":"es"},{"@type":"WebPage","@id":"https:\/\/www.eldiario.net\/portal\/2023\/10\/11\/piden-10-anos-de-prision-para-exministra-de-salud\/","url":"https:\/\/www.eldiario.net\/portal\/2023\/10\/11\/piden-10-anos-de-prision-para-exministra-de-salud\/","name":"Piden 10 a\u00f1os de prisi\u00f3n para exministra de Salud - El Diario - Bolivia","isPartOf":{"@id":"https:\/\/www.eldiario.net\/portal\/#website"},"primaryImageOfPage":{"@id":"https:\/\/www.eldiario.net\/portal\/2023\/10\/11\/piden-10-anos-de-prision-para-exministra-de-salud\/#primaryimage"},"image":{"@id":"https:\/\/www.eldiario.net\/portal\/2023\/10\/11\/piden-10-anos-de-prision-para-exministra-de-salud\/#primaryimage"},"thumbnailUrl":"https:\/\/www.eldiario.net\/portal\/wp-content\/uploads\/2023\/10\/RESPIRADORES.jpg","datePublished":"2023-10-11T10:45:38+00:00","breadcrumb":{"@id":"https:\/\/www.eldiario.net\/portal\/2023\/10\/11\/piden-10-anos-de-prision-para-exministra-de-salud\/#breadcrumb"},"inLanguage":"es","potentialAction":[{"@type":"ReadAction","target":["https:\/\/www.eldiario.net\/portal\/2023\/10\/11\/piden-10-anos-de-prision-para-exministra-de-salud\/"]}]},{"@type":"ImageObject","inLanguage":"es","@id":"https:\/\/www.eldiario.net\/portal\/2023\/10\/11\/piden-10-anos-de-prision-para-exministra-de-salud\/#primaryimage","url":"https:\/\/www.eldiario.net\/portal\/wp-content\/uploads\/2023\/10\/RESPIRADORES.jpg","contentUrl":"https:\/\/www.eldiario.net\/portal\/wp-content\/uploads\/2023\/10\/RESPIRADORES.jpg","width":574,"height":558,"caption":"EIDY ROCA, EXMINISTRA DE SALUD, CUANDO SAL\u00cdA DE UNA DE SUS AUDIENCIAS."},{"@type":"BreadcrumbList","@id":"https:\/\/www.eldiario.net\/portal\/2023\/10\/11\/piden-10-anos-de-prision-para-exministra-de-salud\/#breadcrumb","itemListElement":[{"@type":"ListItem","position":1,"name":"Portada","item":"https:\/\/www.eldiario.net\/portal\/"},{"@type":"ListItem","position":2,"name":"Piden 10 a\u00f1os de prisi\u00f3n para exministra de Salud"}]},{"@type":"WebSite","@id":"https:\/\/www.eldiario.net\/portal\/#website","url":"https:\/\/www.eldiario.net\/portal\/","name":"El Diario - Decano de la prensa nacional","description":"El Diario - Decano de la prensa nacional","publisher":{"@id":"https:\/\/www.eldiario.net\/portal\/#organization"},"potentialAction":[{"@type":"SearchAction","target":{"@type":"EntryPoint","urlTemplate":"https:\/\/www.eldiario.net\/portal\/?s={search_term_string}"},"query-input":{"@type":"PropertyValueSpecification","valueRequired":true,"valueName":"search_term_string"}}],"inLanguage":"es"},{"@type":"Organization","@id":"https:\/\/www.eldiario.net\/portal\/#organization","name":"El Diario - Decano de la prensa nacional","url":"https:\/\/www.eldiario.net\/portal\/","logo":{"@type":"ImageObject","inLanguage":"es","@id":"https:\/\/www.eldiario.net\/portal\/#\/schema\/logo\/image\/","url":"https:\/\/www.eldiario.net\/portal\/wp-content\/uploads\/2023\/07\/logo_ED.jpg","contentUrl":"https:\/\/www.eldiario.net\/portal\/wp-content\/uploads\/2023\/07\/logo_ED.jpg","width":272,"height":52,"caption":"El Diario - Decano de la prensa nacional"},"image":{"@id":"https:\/\/www.eldiario.net\/portal\/#\/schema\/logo\/image\/"},"sameAs":["https:\/\/www.facebook.com\/eldiario.bolivia\/","https:\/\/x.com\/eldiario_net"]},{"@type":"Person","@id":"https:\/\/www.eldiario.net\/portal\/#\/schema\/person\/2c57cf2b7a7ae032e449e4c9b1019eac","name":"Jeanette","image":{"@type":"ImageObject","inLanguage":"es","@id":"https:\/\/secure.gravatar.com\/avatar\/3ea2118a5f7dad2b7138b1187a6b7ee55f160b9968b66013c3a3ef39dd7e5798?s=96&d=mm&r=g","url":"https:\/\/secure.gravatar.com\/avatar\/3ea2118a5f7dad2b7138b1187a6b7ee55f160b9968b66013c3a3ef39dd7e5798?s=96&d=mm&r=g","contentUrl":"https:\/\/secure.gravatar.com\/avatar\/3ea2118a5f7dad2b7138b1187a6b7ee55f160b9968b66013c3a3ef39dd7e5798?s=96&d=mm&r=g","caption":"Jeanette"},"sameAs":["https:\/\/www.eldiario.net\/portal"],"url":"https:\/\/www.eldiario.net\/portal\/author\/jeanette\/"}]}},"_links":{"self":[{"href":"https:\/\/www.eldiario.net\/portal\/wp-json\/wp\/v2\/posts\/181418","targetHints":{"allow":["GET"]}}],"collection":[{"href":"https:\/\/www.eldiario.net\/portal\/wp-json\/wp\/v2\/posts"}],"about":[{"href":"https:\/\/www.eldiario.net\/portal\/wp-json\/wp\/v2\/types\/post"}],"author":[{"embeddable":true,"href":"https:\/\/www.eldiario.net\/portal\/wp-json\/wp\/v2\/users\/1"}],"replies":[{"embeddable":true,"href":"https:\/\/www.eldiario.net\/portal\/wp-json\/wp\/v2\/comments?post=181418"}],"version-history":[{"count":0,"href":"https:\/\/www.eldiario.net\/portal\/wp-json\/wp\/v2\/posts\/181418\/revisions"}],"wp:featuredmedia":[{"embeddable":true,"href":"https:\/\/www.eldiario.net\/portal\/wp-json\/wp\/v2\/media\/181419"}],"wp:attachment":[{"href":"https:\/\/www.eldiario.net\/portal\/wp-json\/wp\/v2\/media?parent=181418"}],"wp:term":[{"taxonomy":"category","embeddable":true,"href":"https:\/\/www.eldiario.net\/portal\/wp-json\/wp\/v2\/categories?post=181418"},{"taxonomy":"post_tag","embeddable":true,"href":"https:\/\/www.eldiario.net\/portal\/wp-json\/wp\/v2\/tags?post=181418"}],"curies":[{"name":"wp","href":"https:\/\/api.w.org\/{rel}","templated":true}]}}