{"id":180900,"date":"2023-10-08T06:01:32","date_gmt":"2023-10-08T10:01:32","guid":{"rendered":"https:\/\/www.eldiario.net\/portal\/?p=180900"},"modified":"2023-10-08T06:01:32","modified_gmt":"2023-10-08T10:01:32","slug":"lago-titicaca-registra-alarmante-reduccion-y-polucion-de-sus-aguas","status":"publish","type":"post","link":"https:\/\/www.eldiario.net\/portal\/2023\/10\/08\/lago-titicaca-registra-alarmante-reduccion-y-polucion-de-sus-aguas\/","title":{"rendered":"Lago Titicaca registra alarmante reducci\u00f3n y poluci\u00f3n de sus aguas"},"content":{"rendered":"<p>Las variaciones en el nivel de agua del lago Titicaca son m\u00e1s evidentes en el lago Menor o Wi\u00f1aymarka (Pueblo Eterno) en relaci\u00f3n al lago Mayor o Chucuito, por su baja profundidad. La pasada semana el nivel del recurso h\u00eddrico descendi\u00f3 2,92 metros, por la intensa sequ\u00eda que se registra en el altiplano y en otras regiones del pa\u00eds.<br \/>\nOtro factor es la contaminaci\u00f3n ambiental por aguas servidas que ingresan al lago sagrado, para hacer frente a esta situaci\u00f3n se necesitar\u00edan construir unas 10 plantas de tratamiento de aguas residuales para descontaminar y depurar el agua en la regi\u00f3n de la Cuenca del r\u00edo Katari, principal afluente del espejo lacustre y que transporta miles de litros de \u201caguas negras\u201d, principalmente, de los municipios de El Alto, Laja y Viacha, seg\u00fan estudios realizados por entidades estatales e instituciones acad\u00e9micas nacionales y extranjeras.<br \/>\nAsimismo, la actividad minera ilegal desv\u00eda el agua, situaci\u00f3n que tambi\u00e9n reduce el caudal de agua que alimenta al lago Titicaca que es compartida con Per\u00fa.<br \/>\nLos ambientalistas y ecologistas coincidieron en afirmar que s\u00ed contin\u00faan los per\u00edodos prolongados de sequ\u00eda en la regi\u00f3n del lago Titicaca, puede encaminarse riesgosamente a su desecaci\u00f3n, como lo ocurrido con el lago Poop\u00f3 en 2015.<\/p>\n","protected":false},"excerpt":{"rendered":"<p>Las variaciones en el nivel de agua del lago Titicaca son m\u00e1s evidentes en el lago Menor o Wi\u00f1aymarka (Pueblo Eterno) en relaci\u00f3n al lago Mayor o Chucuito, por su baja profundidad. La pasada semana el nivel del recurso h\u00eddrico descendi\u00f3 2,92 metros, por la intensa sequ\u00eda que se registra en el altiplano y en [&hellip;]<\/p>\n","protected":false},"author":1,"featured_media":180901,"comment_status":"closed","ping_status":"open","sticky":false,"template":"","format":"standard","meta":{"_acf_changed":false,"footnotes":""},"categories":[17],"tags":[],"class_list":["post-180900","post","type-post","status-publish","format-standard","has-post-thumbnail","category-principal"],"acf":{"antetitulo":""},"yoast_head":"<!-- This site is optimized with the Yoast SEO plugin v28.3 - https:\/\/yoast.com\/product\/yoast-seo-wordpress\/ -->\n<title>Lago Titicaca registra alarmante reducci\u00f3n y poluci\u00f3n de sus aguas - El Diario - Bolivia<\/title>\n<meta name=\"robots\" content=\"index, follow, max-snippet:-1, max-image-preview:large, max-video-preview:-1\" \/>\n<link rel=\"canonical\" href=\"https:\/\/www.eldiario.net\/portal\/2023\/10\/08\/lago-titicaca-registra-alarmante-reduccion-y-polucion-de-sus-aguas\/\" \/>\n<meta property=\"og:locale\" content=\"es_ES\" \/>\n<meta property=\"og:type\" content=\"article\" \/>\n<meta property=\"og:title\" content=\"Lago Titicaca registra alarmante reducci\u00f3n y poluci\u00f3n de sus aguas - El Diario - Bolivia\" \/>\n<meta property=\"og:description\" content=\"Las variaciones en el nivel de agua del lago Titicaca son m\u00e1s evidentes en el lago Menor o Wi\u00f1aymarka (Pueblo Eterno) en relaci\u00f3n al lago Mayor o Chucuito, por su baja profundidad. La pasada semana el nivel del recurso h\u00eddrico descendi\u00f3 2,92 metros, por la intensa sequ\u00eda que se registra en el altiplano y en [&hellip;]\" \/>\n<meta property=\"og:url\" content=\"https:\/\/www.eldiario.net\/portal\/2023\/10\/08\/lago-titicaca-registra-alarmante-reduccion-y-polucion-de-sus-aguas\/\" \/>\n<meta property=\"og:site_name\" content=\"El Diario - Bolivia\" \/>\n<meta property=\"article:publisher\" content=\"https:\/\/www.facebook.com\/eldiario.bolivia\/\" \/>\n<meta property=\"article:published_time\" content=\"2023-10-08T10:01:32+00:00\" \/>\n<meta property=\"og:image\" content=\"https:\/\/www.eldiario.net\/portal\/wp-content\/uploads\/2023\/10\/P-1-20-cm-x-13.jpg\" \/>\n\t<meta property=\"og:image:width\" content=\"1599\" \/>\n\t<meta property=\"og:image:height\" content=\"899\" \/>\n\t<meta property=\"og:image:type\" content=\"image\/jpeg\" \/>\n<meta name=\"author\" content=\"Jeanette\" \/>\n<meta name=\"twitter:card\" content=\"summary_large_image\" \/>\n<meta name=\"twitter:creator\" content=\"@eldiario_net\" \/>\n<meta name=\"twitter:site\" content=\"@eldiario_net\" \/>\n<meta name=\"twitter:label1\" content=\"Escrito por\" \/>\n\t<meta name=\"twitter:data1\" content=\"Jeanette\" \/>\n\t<meta name=\"twitter:label2\" content=\"Tiempo de lectura\" \/>\n\t<meta name=\"twitter:data2\" content=\"1 minuto\" \/>\n<script type=\"application\/ld+json\" class=\"yoast-schema-graph\">{\"@context\":\"https:\\\/\\\/schema.org\",\"@graph\":[{\"@type\":\"Article\",\"@id\":\"https:\\\/\\\/www.eldiario.net\\\/portal\\\/2023\\\/10\\\/08\\\/lago-titicaca-registra-alarmante-reduccion-y-polucion-de-sus-aguas\\\/#article\",\"isPartOf\":{\"@id\":\"https:\\\/\\\/www.eldiario.net\\\/portal\\\/2023\\\/10\\\/08\\\/lago-titicaca-registra-alarmante-reduccion-y-polucion-de-sus-aguas\\\/\"},\"author\":{\"name\":\"Jeanette\",\"@id\":\"https:\\\/\\\/www.eldiario.net\\\/portal\\\/#\\\/schema\\\/person\\\/f46445640444750d7d753ccd04ae01b7\"},\"headline\":\"Lago Titicaca registra alarmante reducci\u00f3n y poluci\u00f3n de sus aguas\",\"datePublished\":\"2023-10-08T10:01:32+00:00\",\"mainEntityOfPage\":{\"@id\":\"https:\\\/\\\/www.eldiario.net\\\/portal\\\/2023\\\/10\\\/08\\\/lago-titicaca-registra-alarmante-reduccion-y-polucion-de-sus-aguas\\\/\"},\"wordCount\":233,\"publisher\":{\"@id\":\"https:\\\/\\\/www.eldiario.net\\\/portal\\\/#organization\"},\"image\":{\"@id\":\"https:\\\/\\\/www.eldiario.net\\\/portal\\\/2023\\\/10\\\/08\\\/lago-titicaca-registra-alarmante-reduccion-y-polucion-de-sus-aguas\\\/#primaryimage\"},\"thumbnailUrl\":\"https:\\\/\\\/www.eldiario.net\\\/portal\\\/wp-content\\\/uploads\\\/2023\\\/10\\\/P-1-20-cm-x-13.jpg\",\"articleSection\":[\"Principal\"],\"inLanguage\":\"es\"},{\"@type\":\"WebPage\",\"@id\":\"https:\\\/\\\/www.eldiario.net\\\/portal\\\/2023\\\/10\\\/08\\\/lago-titicaca-registra-alarmante-reduccion-y-polucion-de-sus-aguas\\\/\",\"url\":\"https:\\\/\\\/www.eldiario.net\\\/portal\\\/2023\\\/10\\\/08\\\/lago-titicaca-registra-alarmante-reduccion-y-polucion-de-sus-aguas\\\/\",\"name\":\"Lago Titicaca registra alarmante reducci\u00f3n y poluci\u00f3n de sus aguas - El Diario - Bolivia\",\"isPartOf\":{\"@id\":\"https:\\\/\\\/www.eldiario.net\\\/portal\\\/#website\"},\"primaryImageOfPage\":{\"@id\":\"https:\\\/\\\/www.eldiario.net\\\/portal\\\/2023\\\/10\\\/08\\\/lago-titicaca-registra-alarmante-reduccion-y-polucion-de-sus-aguas\\\/#primaryimage\"},\"image\":{\"@id\":\"https:\\\/\\\/www.eldiario.net\\\/portal\\\/2023\\\/10\\\/08\\\/lago-titicaca-registra-alarmante-reduccion-y-polucion-de-sus-aguas\\\/#primaryimage\"},\"thumbnailUrl\":\"https:\\\/\\\/www.eldiario.net\\\/portal\\\/wp-content\\\/uploads\\\/2023\\\/10\\\/P-1-20-cm-x-13.jpg\",\"datePublished\":\"2023-10-08T10:01:32+00:00\",\"breadcrumb\":{\"@id\":\"https:\\\/\\\/www.eldiario.net\\\/portal\\\/2023\\\/10\\\/08\\\/lago-titicaca-registra-alarmante-reduccion-y-polucion-de-sus-aguas\\\/#breadcrumb\"},\"inLanguage\":\"es\",\"potentialAction\":[{\"@type\":\"ReadAction\",\"target\":[\"https:\\\/\\\/www.eldiario.net\\\/portal\\\/2023\\\/10\\\/08\\\/lago-titicaca-registra-alarmante-reduccion-y-polucion-de-sus-aguas\\\/\"]}]},{\"@type\":\"ImageObject\",\"inLanguage\":\"es\",\"@id\":\"https:\\\/\\\/www.eldiario.net\\\/portal\\\/2023\\\/10\\\/08\\\/lago-titicaca-registra-alarmante-reduccion-y-polucion-de-sus-aguas\\\/#primaryimage\",\"url\":\"https:\\\/\\\/www.eldiario.net\\\/portal\\\/wp-content\\\/uploads\\\/2023\\\/10\\\/P-1-20-cm-x-13.jpg\",\"contentUrl\":\"https:\\\/\\\/www.eldiario.net\\\/portal\\\/wp-content\\\/uploads\\\/2023\\\/10\\\/P-1-20-cm-x-13.jpg\",\"width\":1599,\"height\":899,\"caption\":\"El lago sagrado ahora es innavegable y las islas pueden quedar incomunicadas, tampoco es posible trasladarse sobre el lodo.\"},{\"@type\":\"BreadcrumbList\",\"@id\":\"https:\\\/\\\/www.eldiario.net\\\/portal\\\/2023\\\/10\\\/08\\\/lago-titicaca-registra-alarmante-reduccion-y-polucion-de-sus-aguas\\\/#breadcrumb\",\"itemListElement\":[{\"@type\":\"ListItem\",\"position\":1,\"name\":\"Portada\",\"item\":\"https:\\\/\\\/www.eldiario.net\\\/portal\\\/\"},{\"@type\":\"ListItem\",\"position\":2,\"name\":\"Lago Titicaca registra alarmante reducci\u00f3n y poluci\u00f3n de sus aguas\"}]},{\"@type\":\"WebSite\",\"@id\":\"https:\\\/\\\/www.eldiario.net\\\/portal\\\/#website\",\"url\":\"https:\\\/\\\/www.eldiario.net\\\/portal\\\/\",\"name\":\"El Diario - Decano de la prensa nacional\",\"description\":\"El Diario - Decano de la prensa nacional\",\"publisher\":{\"@id\":\"https:\\\/\\\/www.eldiario.net\\\/portal\\\/#organization\"},\"potentialAction\":[{\"@type\":\"SearchAction\",\"target\":{\"@type\":\"EntryPoint\",\"urlTemplate\":\"https:\\\/\\\/www.eldiario.net\\\/portal\\\/?s={search_term_string}\"},\"query-input\":{\"@type\":\"PropertyValueSpecification\",\"valueRequired\":true,\"valueName\":\"search_term_string\"}}],\"inLanguage\":\"es\"},{\"@type\":\"Organization\",\"@id\":\"https:\\\/\\\/www.eldiario.net\\\/portal\\\/#organization\",\"name\":\"El Diario - Decano de la prensa nacional\",\"url\":\"https:\\\/\\\/www.eldiario.net\\\/portal\\\/\",\"logo\":{\"@type\":\"ImageObject\",\"inLanguage\":\"es\",\"@id\":\"https:\\\/\\\/www.eldiario.net\\\/portal\\\/#\\\/schema\\\/logo\\\/image\\\/\",\"url\":\"https:\\\/\\\/www.eldiario.net\\\/portal\\\/wp-content\\\/uploads\\\/2023\\\/07\\\/logo_ED.jpg\",\"contentUrl\":\"https:\\\/\\\/www.eldiario.net\\\/portal\\\/wp-content\\\/uploads\\\/2023\\\/07\\\/logo_ED.jpg\",\"width\":272,\"height\":52,\"caption\":\"El Diario - Decano de la prensa nacional\"},\"image\":{\"@id\":\"https:\\\/\\\/www.eldiario.net\\\/portal\\\/#\\\/schema\\\/logo\\\/image\\\/\"},\"sameAs\":[\"https:\\\/\\\/www.facebook.com\\\/eldiario.bolivia\\\/\",\"https:\\\/\\\/x.com\\\/eldiario_net\"]},{\"@type\":\"Person\",\"@id\":\"https:\\\/\\\/www.eldiario.net\\\/portal\\\/#\\\/schema\\\/person\\\/f46445640444750d7d753ccd04ae01b7\",\"name\":\"Jeanette\",\"image\":{\"@type\":\"ImageObject\",\"inLanguage\":\"es\",\"@id\":\"https:\\\/\\\/secure.gravatar.com\\\/avatar\\\/3ea2118a5f7dad2b7138b1187a6b7ee55f160b9968b66013c3a3ef39dd7e5798?s=96&d=mm&r=g\",\"url\":\"https:\\\/\\\/secure.gravatar.com\\\/avatar\\\/3ea2118a5f7dad2b7138b1187a6b7ee55f160b9968b66013c3a3ef39dd7e5798?s=96&d=mm&r=g\",\"contentUrl\":\"https:\\\/\\\/secure.gravatar.com\\\/avatar\\\/3ea2118a5f7dad2b7138b1187a6b7ee55f160b9968b66013c3a3ef39dd7e5798?s=96&d=mm&r=g\",\"caption\":\"Jeanette\"},\"sameAs\":[\"https:\\\/\\\/www.eldiario.net\\\/portal\"],\"url\":\"https:\\\/\\\/www.eldiario.net\\\/portal\\\/author\\\/jeanette\\\/\"}]}<\/script>\n<!-- \/ Yoast SEO plugin. -->","yoast_head_json":{"title":"Lago Titicaca registra alarmante reducci\u00f3n y poluci\u00f3n de sus aguas - El Diario - Bolivia","robots":{"index":"index","follow":"follow","max-snippet":"max-snippet:-1","max-image-preview":"max-image-preview:large","max-video-preview":"max-video-preview:-1"},"canonical":"https:\/\/www.eldiario.net\/portal\/2023\/10\/08\/lago-titicaca-registra-alarmante-reduccion-y-polucion-de-sus-aguas\/","og_locale":"es_ES","og_type":"article","og_title":"Lago Titicaca registra alarmante reducci\u00f3n y poluci\u00f3n de sus aguas - El Diario - Bolivia","og_description":"Las variaciones en el nivel de agua del lago Titicaca son m\u00e1s evidentes en el lago Menor o Wi\u00f1aymarka (Pueblo Eterno) en relaci\u00f3n al lago Mayor o Chucuito, por su baja profundidad. La pasada semana el nivel del recurso h\u00eddrico descendi\u00f3 2,92 metros, por la intensa sequ\u00eda que se registra en el altiplano y en [&hellip;]","og_url":"https:\/\/www.eldiario.net\/portal\/2023\/10\/08\/lago-titicaca-registra-alarmante-reduccion-y-polucion-de-sus-aguas\/","og_site_name":"El Diario - Bolivia","article_publisher":"https:\/\/www.facebook.com\/eldiario.bolivia\/","article_published_time":"2023-10-08T10:01:32+00:00","og_image":[{"width":1599,"height":899,"url":"https:\/\/www.eldiario.net\/portal\/wp-content\/uploads\/2023\/10\/P-1-20-cm-x-13.jpg","type":"image\/jpeg"}],"author":"Jeanette","twitter_card":"summary_large_image","twitter_creator":"@eldiario_net","twitter_site":"@eldiario_net","twitter_misc":{"Escrito por":"Jeanette","Tiempo de lectura":"1 minuto"},"schema":{"@context":"https:\/\/schema.org","@graph":[{"@type":"Article","@id":"https:\/\/www.eldiario.net\/portal\/2023\/10\/08\/lago-titicaca-registra-alarmante-reduccion-y-polucion-de-sus-aguas\/#article","isPartOf":{"@id":"https:\/\/www.eldiario.net\/portal\/2023\/10\/08\/lago-titicaca-registra-alarmante-reduccion-y-polucion-de-sus-aguas\/"},"author":{"name":"Jeanette","@id":"https:\/\/www.eldiario.net\/portal\/#\/schema\/person\/f46445640444750d7d753ccd04ae01b7"},"headline":"Lago Titicaca registra alarmante reducci\u00f3n y poluci\u00f3n de sus aguas","datePublished":"2023-10-08T10:01:32+00:00","mainEntityOfPage":{"@id":"https:\/\/www.eldiario.net\/portal\/2023\/10\/08\/lago-titicaca-registra-alarmante-reduccion-y-polucion-de-sus-aguas\/"},"wordCount":233,"publisher":{"@id":"https:\/\/www.eldiario.net\/portal\/#organization"},"image":{"@id":"https:\/\/www.eldiario.net\/portal\/2023\/10\/08\/lago-titicaca-registra-alarmante-reduccion-y-polucion-de-sus-aguas\/#primaryimage"},"thumbnailUrl":"https:\/\/www.eldiario.net\/portal\/wp-content\/uploads\/2023\/10\/P-1-20-cm-x-13.jpg","articleSection":["Principal"],"inLanguage":"es"},{"@type":"WebPage","@id":"https:\/\/www.eldiario.net\/portal\/2023\/10\/08\/lago-titicaca-registra-alarmante-reduccion-y-polucion-de-sus-aguas\/","url":"https:\/\/www.eldiario.net\/portal\/2023\/10\/08\/lago-titicaca-registra-alarmante-reduccion-y-polucion-de-sus-aguas\/","name":"Lago Titicaca registra alarmante reducci\u00f3n y poluci\u00f3n de sus aguas - El Diario - Bolivia","isPartOf":{"@id":"https:\/\/www.eldiario.net\/portal\/#website"},"primaryImageOfPage":{"@id":"https:\/\/www.eldiario.net\/portal\/2023\/10\/08\/lago-titicaca-registra-alarmante-reduccion-y-polucion-de-sus-aguas\/#primaryimage"},"image":{"@id":"https:\/\/www.eldiario.net\/portal\/2023\/10\/08\/lago-titicaca-registra-alarmante-reduccion-y-polucion-de-sus-aguas\/#primaryimage"},"thumbnailUrl":"https:\/\/www.eldiario.net\/portal\/wp-content\/uploads\/2023\/10\/P-1-20-cm-x-13.jpg","datePublished":"2023-10-08T10:01:32+00:00","breadcrumb":{"@id":"https:\/\/www.eldiario.net\/portal\/2023\/10\/08\/lago-titicaca-registra-alarmante-reduccion-y-polucion-de-sus-aguas\/#breadcrumb"},"inLanguage":"es","potentialAction":[{"@type":"ReadAction","target":["https:\/\/www.eldiario.net\/portal\/2023\/10\/08\/lago-titicaca-registra-alarmante-reduccion-y-polucion-de-sus-aguas\/"]}]},{"@type":"ImageObject","inLanguage":"es","@id":"https:\/\/www.eldiario.net\/portal\/2023\/10\/08\/lago-titicaca-registra-alarmante-reduccion-y-polucion-de-sus-aguas\/#primaryimage","url":"https:\/\/www.eldiario.net\/portal\/wp-content\/uploads\/2023\/10\/P-1-20-cm-x-13.jpg","contentUrl":"https:\/\/www.eldiario.net\/portal\/wp-content\/uploads\/2023\/10\/P-1-20-cm-x-13.jpg","width":1599,"height":899,"caption":"El lago sagrado ahora es innavegable y las islas pueden quedar incomunicadas, tampoco es posible trasladarse sobre el lodo."},{"@type":"BreadcrumbList","@id":"https:\/\/www.eldiario.net\/portal\/2023\/10\/08\/lago-titicaca-registra-alarmante-reduccion-y-polucion-de-sus-aguas\/#breadcrumb","itemListElement":[{"@type":"ListItem","position":1,"name":"Portada","item":"https:\/\/www.eldiario.net\/portal\/"},{"@type":"ListItem","position":2,"name":"Lago Titicaca registra alarmante reducci\u00f3n y poluci\u00f3n de sus aguas"}]},{"@type":"WebSite","@id":"https:\/\/www.eldiario.net\/portal\/#website","url":"https:\/\/www.eldiario.net\/portal\/","name":"El Diario - Decano de la prensa nacional","description":"El Diario - Decano de la prensa nacional","publisher":{"@id":"https:\/\/www.eldiario.net\/portal\/#organization"},"potentialAction":[{"@type":"SearchAction","target":{"@type":"EntryPoint","urlTemplate":"https:\/\/www.eldiario.net\/portal\/?s={search_term_string}"},"query-input":{"@type":"PropertyValueSpecification","valueRequired":true,"valueName":"search_term_string"}}],"inLanguage":"es"},{"@type":"Organization","@id":"https:\/\/www.eldiario.net\/portal\/#organization","name":"El Diario - Decano de la prensa nacional","url":"https:\/\/www.eldiario.net\/portal\/","logo":{"@type":"ImageObject","inLanguage":"es","@id":"https:\/\/www.eldiario.net\/portal\/#\/schema\/logo\/image\/","url":"https:\/\/www.eldiario.net\/portal\/wp-content\/uploads\/2023\/07\/logo_ED.jpg","contentUrl":"https:\/\/www.eldiario.net\/portal\/wp-content\/uploads\/2023\/07\/logo_ED.jpg","width":272,"height":52,"caption":"El Diario - Decano de la prensa nacional"},"image":{"@id":"https:\/\/www.eldiario.net\/portal\/#\/schema\/logo\/image\/"},"sameAs":["https:\/\/www.facebook.com\/eldiario.bolivia\/","https:\/\/x.com\/eldiario_net"]},{"@type":"Person","@id":"https:\/\/www.eldiario.net\/portal\/#\/schema\/person\/f46445640444750d7d753ccd04ae01b7","name":"Jeanette","image":{"@type":"ImageObject","inLanguage":"es","@id":"https:\/\/secure.gravatar.com\/avatar\/3ea2118a5f7dad2b7138b1187a6b7ee55f160b9968b66013c3a3ef39dd7e5798?s=96&d=mm&r=g","url":"https:\/\/secure.gravatar.com\/avatar\/3ea2118a5f7dad2b7138b1187a6b7ee55f160b9968b66013c3a3ef39dd7e5798?s=96&d=mm&r=g","contentUrl":"https:\/\/secure.gravatar.com\/avatar\/3ea2118a5f7dad2b7138b1187a6b7ee55f160b9968b66013c3a3ef39dd7e5798?s=96&d=mm&r=g","caption":"Jeanette"},"sameAs":["https:\/\/www.eldiario.net\/portal"],"url":"https:\/\/www.eldiario.net\/portal\/author\/jeanette\/"}]}},"_links":{"self":[{"href":"https:\/\/www.eldiario.net\/portal\/wp-json\/wp\/v2\/posts\/180900","targetHints":{"allow":["GET"]}}],"collection":[{"href":"https:\/\/www.eldiario.net\/portal\/wp-json\/wp\/v2\/posts"}],"about":[{"href":"https:\/\/www.eldiario.net\/portal\/wp-json\/wp\/v2\/types\/post"}],"author":[{"embeddable":true,"href":"https:\/\/www.eldiario.net\/portal\/wp-json\/wp\/v2\/users\/1"}],"replies":[{"embeddable":true,"href":"https:\/\/www.eldiario.net\/portal\/wp-json\/wp\/v2\/comments?post=180900"}],"version-history":[{"count":0,"href":"https:\/\/www.eldiario.net\/portal\/wp-json\/wp\/v2\/posts\/180900\/revisions"}],"wp:featuredmedia":[{"embeddable":true,"href":"https:\/\/www.eldiario.net\/portal\/wp-json\/wp\/v2\/media\/180901"}],"wp:attachment":[{"href":"https:\/\/www.eldiario.net\/portal\/wp-json\/wp\/v2\/media?parent=180900"}],"wp:term":[{"taxonomy":"category","embeddable":true,"href":"https:\/\/www.eldiario.net\/portal\/wp-json\/wp\/v2\/categories?post=180900"},{"taxonomy":"post_tag","embeddable":true,"href":"https:\/\/www.eldiario.net\/portal\/wp-json\/wp\/v2\/tags?post=180900"}],"curies":[{"name":"wp","href":"https:\/\/api.w.org\/{rel}","templated":true}]}}