{"id":180897,"date":"2023-10-08T06:00:30","date_gmt":"2023-10-08T10:00:30","guid":{"rendered":"https:\/\/www.eldiario.net\/portal\/?p=180897"},"modified":"2023-10-08T06:00:30","modified_gmt":"2023-10-08T10:00:30","slug":"lluvia-ocasiona-crecida-de-rios-en-dos-regiones","status":"publish","type":"post","link":"https:\/\/www.eldiario.net\/portal\/2023\/10\/08\/lluvia-ocasiona-crecida-de-rios-en-dos-regiones\/","title":{"rendered":"Lluvia ocasiona crecida de r\u00edos en dos regiones"},"content":{"rendered":"<p class=\"v1MsoNormal\">En las \u00faltimas horas se registraron fuertes lluvias en Cochabamba y Santa Cruz que ocasionaron la crecida de los r\u00edos, m\u00e1s de 15 personas quedaron atrapadas. Mientras que un grupo de turistas fueron arrastrados por el agua, existen dos desaparecidos y un muerto.<\/p>\n<p class=\"v1MsoNormal\">El primer caso se registr\u00f3 en La Guardia, Santa Cruz, m\u00e1s de 15 personas fueron rescatadas en la cuenca del r\u00edo Pira\u00ed, que registr\u00f3 una crecida debido a la lluvia que cay\u00f3 en los valles cruce\u00f1os y la zona metropolitana de esa regi\u00f3n.<\/p>\n<p class=\"v1MsoNormal\">\u00abSe acude ante el llamado de auxilio de las personas que han quedado atrapadas en el r\u00edo. El reporte inicial era de tres personas en un primer punto, mientras que, en un segundo lugar a al menos 15 kil\u00f3metros r\u00edo arriba, estaban 11 personas adultas y dos ni\u00f1os atrapados\u00bb, inform\u00f3 el bombero voluntario Jos\u00e9 Oropeza.<\/p>\n<p class=\"v1MsoNormal\">El voluntario indic\u00f3 que se trabaj\u00f3 en coordinaci\u00f3n con la Polic\u00eda para el rescate de las personas, se dispuso de un helic\u00f3ptero y un equipo de galenos que les brindaron atenci\u00f3n m\u00e9dica.<\/p>\n<p class=\"v1MsoNormal\">El segundo caso se present\u00f3 en la localidad de Tablas Monte, del departamento de Cochabamba, seis turistas fueron arrastrados por el caudal de un r\u00edo, dos de ellos est\u00e1n desaparecidos y uno fue encontrado sin vida.<\/p>\n<p class=\"v1MsoNormal\">\u00abSe tiene conocimiento que un grupo de seis turistas ingresaron al sector de Tablas Monte y en horas de la tarde fueron arrastrados por el caudal, existe una persona fallecida y dos desaparecidos. Se est\u00e1 enviando al grupo de Bersa de Cochabamba para que pueda rescatar a las personas desaparecidas\u00bb, declar\u00f3 el comandante regional de la Polic\u00eda de Sacaba, Marcelo V\u00eda.<\/p>\n<p class=\"v1MsoNormal\">La autoridad policial indic\u00f3 que las personas rescatadas fueron trasladadas a un centro hospitalario para su revisi\u00f3n, esperan que en las pr\u00f3ximas horas se tenga m\u00e1s informaci\u00f3n de los desaparecidos.<\/p>\n<p class=\"v1MsoNormal\">Seg\u00fan el reporte de Kawsachun Coca, se present\u00f3 la crecida del caudal del r\u00edo Mamor\u00e9, adem\u00e1s que en la tarde se registr\u00f3 una precipitaci\u00f3n pluvial acompa\u00f1ada de fuertes vientos que produjo la ca\u00edda de \u00e1rboles en la carretera Santa Cruz \u2013 Cochabamba. (ANF)<\/p>\n","protected":false},"excerpt":{"rendered":"<p>En las \u00faltimas horas se registraron fuertes lluvias en Cochabamba y Santa Cruz que ocasionaron la crecida de los r\u00edos, m\u00e1s de 15 personas quedaron atrapadas. Mientras que un grupo de turistas fueron arrastrados por el agua, existen dos desaparecidos y un muerto. El primer caso se registr\u00f3 en La Guardia, Santa Cruz, m\u00e1s de [&hellip;]<\/p>\n","protected":false},"author":1,"featured_media":180898,"comment_status":"closed","ping_status":"open","sticky":false,"template":"","format":"standard","meta":{"_acf_changed":false,"footnotes":""},"categories":[15],"tags":[],"class_list":["post-180897","post","type-post","status-publish","format-standard","has-post-thumbnail","category-portada"],"acf":{"antetitulo":""},"yoast_head":"<!-- This site is optimized with the Yoast SEO plugin v28.3 - https:\/\/yoast.com\/product\/yoast-seo-wordpress\/ -->\n<title>Lluvia ocasiona crecida de r\u00edos en dos regiones - El Diario - Bolivia<\/title>\n<meta name=\"robots\" content=\"index, follow, max-snippet:-1, max-image-preview:large, max-video-preview:-1\" \/>\n<link rel=\"canonical\" href=\"https:\/\/www.eldiario.net\/portal\/2023\/10\/08\/lluvia-ocasiona-crecida-de-rios-en-dos-regiones\/\" \/>\n<meta property=\"og:locale\" content=\"es_ES\" \/>\n<meta property=\"og:type\" content=\"article\" \/>\n<meta property=\"og:title\" content=\"Lluvia ocasiona crecida de r\u00edos en dos regiones - El Diario - Bolivia\" \/>\n<meta property=\"og:description\" content=\"En las \u00faltimas horas se registraron fuertes lluvias en Cochabamba y Santa Cruz que ocasionaron la crecida de los r\u00edos, m\u00e1s de 15 personas quedaron atrapadas. Mientras que un grupo de turistas fueron arrastrados por el agua, existen dos desaparecidos y un muerto. El primer caso se registr\u00f3 en La Guardia, Santa Cruz, m\u00e1s de [&hellip;]\" \/>\n<meta property=\"og:url\" content=\"https:\/\/www.eldiario.net\/portal\/2023\/10\/08\/lluvia-ocasiona-crecida-de-rios-en-dos-regiones\/\" \/>\n<meta property=\"og:site_name\" content=\"El Diario - Bolivia\" \/>\n<meta property=\"article:publisher\" content=\"https:\/\/www.facebook.com\/eldiario.bolivia\/\" \/>\n<meta property=\"article:published_time\" content=\"2023-10-08T10:00:30+00:00\" \/>\n<meta property=\"og:image\" content=\"https:\/\/www.eldiario.net\/portal\/wp-content\/uploads\/2023\/10\/P-2-10-cm-x-8.jpg\" \/>\n\t<meta property=\"og:image:width\" content=\"721\" \/>\n\t<meta property=\"og:image:height\" content=\"599\" \/>\n\t<meta property=\"og:image:type\" content=\"image\/jpeg\" \/>\n<meta name=\"author\" content=\"Jeanette\" \/>\n<meta name=\"twitter:card\" content=\"summary_large_image\" \/>\n<meta name=\"twitter:creator\" content=\"@eldiario_net\" \/>\n<meta name=\"twitter:site\" content=\"@eldiario_net\" \/>\n<meta name=\"twitter:label1\" content=\"Escrito por\" \/>\n\t<meta name=\"twitter:data1\" content=\"Jeanette\" \/>\n\t<meta name=\"twitter:label2\" content=\"Tiempo de lectura\" \/>\n\t<meta name=\"twitter:data2\" content=\"2 minutos\" \/>\n<script type=\"application\/ld+json\" class=\"yoast-schema-graph\">{\"@context\":\"https:\\\/\\\/schema.org\",\"@graph\":[{\"@type\":\"Article\",\"@id\":\"https:\\\/\\\/www.eldiario.net\\\/portal\\\/2023\\\/10\\\/08\\\/lluvia-ocasiona-crecida-de-rios-en-dos-regiones\\\/#article\",\"isPartOf\":{\"@id\":\"https:\\\/\\\/www.eldiario.net\\\/portal\\\/2023\\\/10\\\/08\\\/lluvia-ocasiona-crecida-de-rios-en-dos-regiones\\\/\"},\"author\":{\"name\":\"Jeanette\",\"@id\":\"https:\\\/\\\/www.eldiario.net\\\/portal\\\/#\\\/schema\\\/person\\\/f46445640444750d7d753ccd04ae01b7\"},\"headline\":\"Lluvia ocasiona crecida de r\u00edos en dos regiones\",\"datePublished\":\"2023-10-08T10:00:30+00:00\",\"mainEntityOfPage\":{\"@id\":\"https:\\\/\\\/www.eldiario.net\\\/portal\\\/2023\\\/10\\\/08\\\/lluvia-ocasiona-crecida-de-rios-en-dos-regiones\\\/\"},\"wordCount\":376,\"publisher\":{\"@id\":\"https:\\\/\\\/www.eldiario.net\\\/portal\\\/#organization\"},\"image\":{\"@id\":\"https:\\\/\\\/www.eldiario.net\\\/portal\\\/2023\\\/10\\\/08\\\/lluvia-ocasiona-crecida-de-rios-en-dos-regiones\\\/#primaryimage\"},\"thumbnailUrl\":\"https:\\\/\\\/www.eldiario.net\\\/portal\\\/wp-content\\\/uploads\\\/2023\\\/10\\\/P-2-10-cm-x-8.jpg\",\"articleSection\":[\"Portada\"],\"inLanguage\":\"es\"},{\"@type\":\"WebPage\",\"@id\":\"https:\\\/\\\/www.eldiario.net\\\/portal\\\/2023\\\/10\\\/08\\\/lluvia-ocasiona-crecida-de-rios-en-dos-regiones\\\/\",\"url\":\"https:\\\/\\\/www.eldiario.net\\\/portal\\\/2023\\\/10\\\/08\\\/lluvia-ocasiona-crecida-de-rios-en-dos-regiones\\\/\",\"name\":\"Lluvia ocasiona crecida de r\u00edos en dos regiones - El Diario - Bolivia\",\"isPartOf\":{\"@id\":\"https:\\\/\\\/www.eldiario.net\\\/portal\\\/#website\"},\"primaryImageOfPage\":{\"@id\":\"https:\\\/\\\/www.eldiario.net\\\/portal\\\/2023\\\/10\\\/08\\\/lluvia-ocasiona-crecida-de-rios-en-dos-regiones\\\/#primaryimage\"},\"image\":{\"@id\":\"https:\\\/\\\/www.eldiario.net\\\/portal\\\/2023\\\/10\\\/08\\\/lluvia-ocasiona-crecida-de-rios-en-dos-regiones\\\/#primaryimage\"},\"thumbnailUrl\":\"https:\\\/\\\/www.eldiario.net\\\/portal\\\/wp-content\\\/uploads\\\/2023\\\/10\\\/P-2-10-cm-x-8.jpg\",\"datePublished\":\"2023-10-08T10:00:30+00:00\",\"breadcrumb\":{\"@id\":\"https:\\\/\\\/www.eldiario.net\\\/portal\\\/2023\\\/10\\\/08\\\/lluvia-ocasiona-crecida-de-rios-en-dos-regiones\\\/#breadcrumb\"},\"inLanguage\":\"es\",\"potentialAction\":[{\"@type\":\"ReadAction\",\"target\":[\"https:\\\/\\\/www.eldiario.net\\\/portal\\\/2023\\\/10\\\/08\\\/lluvia-ocasiona-crecida-de-rios-en-dos-regiones\\\/\"]}]},{\"@type\":\"ImageObject\",\"inLanguage\":\"es\",\"@id\":\"https:\\\/\\\/www.eldiario.net\\\/portal\\\/2023\\\/10\\\/08\\\/lluvia-ocasiona-crecida-de-rios-en-dos-regiones\\\/#primaryimage\",\"url\":\"https:\\\/\\\/www.eldiario.net\\\/portal\\\/wp-content\\\/uploads\\\/2023\\\/10\\\/P-2-10-cm-x-8.jpg\",\"contentUrl\":\"https:\\\/\\\/www.eldiario.net\\\/portal\\\/wp-content\\\/uploads\\\/2023\\\/10\\\/P-2-10-cm-x-8.jpg\",\"width\":721,\"height\":599,\"caption\":\"Operativos de rescate ante desborde de r\u00edos en Santa Cruz y Cochabamba.\"},{\"@type\":\"BreadcrumbList\",\"@id\":\"https:\\\/\\\/www.eldiario.net\\\/portal\\\/2023\\\/10\\\/08\\\/lluvia-ocasiona-crecida-de-rios-en-dos-regiones\\\/#breadcrumb\",\"itemListElement\":[{\"@type\":\"ListItem\",\"position\":1,\"name\":\"Portada\",\"item\":\"https:\\\/\\\/www.eldiario.net\\\/portal\\\/\"},{\"@type\":\"ListItem\",\"position\":2,\"name\":\"Lluvia ocasiona crecida de r\u00edos en dos regiones\"}]},{\"@type\":\"WebSite\",\"@id\":\"https:\\\/\\\/www.eldiario.net\\\/portal\\\/#website\",\"url\":\"https:\\\/\\\/www.eldiario.net\\\/portal\\\/\",\"name\":\"El Diario - Decano de la prensa nacional\",\"description\":\"El Diario - Decano de la prensa nacional\",\"publisher\":{\"@id\":\"https:\\\/\\\/www.eldiario.net\\\/portal\\\/#organization\"},\"potentialAction\":[{\"@type\":\"SearchAction\",\"target\":{\"@type\":\"EntryPoint\",\"urlTemplate\":\"https:\\\/\\\/www.eldiario.net\\\/portal\\\/?s={search_term_string}\"},\"query-input\":{\"@type\":\"PropertyValueSpecification\",\"valueRequired\":true,\"valueName\":\"search_term_string\"}}],\"inLanguage\":\"es\"},{\"@type\":\"Organization\",\"@id\":\"https:\\\/\\\/www.eldiario.net\\\/portal\\\/#organization\",\"name\":\"El Diario - Decano de la prensa nacional\",\"url\":\"https:\\\/\\\/www.eldiario.net\\\/portal\\\/\",\"logo\":{\"@type\":\"ImageObject\",\"inLanguage\":\"es\",\"@id\":\"https:\\\/\\\/www.eldiario.net\\\/portal\\\/#\\\/schema\\\/logo\\\/image\\\/\",\"url\":\"https:\\\/\\\/www.eldiario.net\\\/portal\\\/wp-content\\\/uploads\\\/2023\\\/07\\\/logo_ED.jpg\",\"contentUrl\":\"https:\\\/\\\/www.eldiario.net\\\/portal\\\/wp-content\\\/uploads\\\/2023\\\/07\\\/logo_ED.jpg\",\"width\":272,\"height\":52,\"caption\":\"El Diario - Decano de la prensa nacional\"},\"image\":{\"@id\":\"https:\\\/\\\/www.eldiario.net\\\/portal\\\/#\\\/schema\\\/logo\\\/image\\\/\"},\"sameAs\":[\"https:\\\/\\\/www.facebook.com\\\/eldiario.bolivia\\\/\",\"https:\\\/\\\/x.com\\\/eldiario_net\"]},{\"@type\":\"Person\",\"@id\":\"https:\\\/\\\/www.eldiario.net\\\/portal\\\/#\\\/schema\\\/person\\\/f46445640444750d7d753ccd04ae01b7\",\"name\":\"Jeanette\",\"image\":{\"@type\":\"ImageObject\",\"inLanguage\":\"es\",\"@id\":\"https:\\\/\\\/secure.gravatar.com\\\/avatar\\\/3ea2118a5f7dad2b7138b1187a6b7ee55f160b9968b66013c3a3ef39dd7e5798?s=96&d=mm&r=g\",\"url\":\"https:\\\/\\\/secure.gravatar.com\\\/avatar\\\/3ea2118a5f7dad2b7138b1187a6b7ee55f160b9968b66013c3a3ef39dd7e5798?s=96&d=mm&r=g\",\"contentUrl\":\"https:\\\/\\\/secure.gravatar.com\\\/avatar\\\/3ea2118a5f7dad2b7138b1187a6b7ee55f160b9968b66013c3a3ef39dd7e5798?s=96&d=mm&r=g\",\"caption\":\"Jeanette\"},\"sameAs\":[\"https:\\\/\\\/www.eldiario.net\\\/portal\"],\"url\":\"https:\\\/\\\/www.eldiario.net\\\/portal\\\/author\\\/jeanette\\\/\"}]}<\/script>\n<!-- \/ Yoast SEO plugin. -->","yoast_head_json":{"title":"Lluvia ocasiona crecida de r\u00edos en dos regiones - El Diario - Bolivia","robots":{"index":"index","follow":"follow","max-snippet":"max-snippet:-1","max-image-preview":"max-image-preview:large","max-video-preview":"max-video-preview:-1"},"canonical":"https:\/\/www.eldiario.net\/portal\/2023\/10\/08\/lluvia-ocasiona-crecida-de-rios-en-dos-regiones\/","og_locale":"es_ES","og_type":"article","og_title":"Lluvia ocasiona crecida de r\u00edos en dos regiones - El Diario - Bolivia","og_description":"En las \u00faltimas horas se registraron fuertes lluvias en Cochabamba y Santa Cruz que ocasionaron la crecida de los r\u00edos, m\u00e1s de 15 personas quedaron atrapadas. Mientras que un grupo de turistas fueron arrastrados por el agua, existen dos desaparecidos y un muerto. El primer caso se registr\u00f3 en La Guardia, Santa Cruz, m\u00e1s de [&hellip;]","og_url":"https:\/\/www.eldiario.net\/portal\/2023\/10\/08\/lluvia-ocasiona-crecida-de-rios-en-dos-regiones\/","og_site_name":"El Diario - Bolivia","article_publisher":"https:\/\/www.facebook.com\/eldiario.bolivia\/","article_published_time":"2023-10-08T10:00:30+00:00","og_image":[{"width":721,"height":599,"url":"https:\/\/www.eldiario.net\/portal\/wp-content\/uploads\/2023\/10\/P-2-10-cm-x-8.jpg","type":"image\/jpeg"}],"author":"Jeanette","twitter_card":"summary_large_image","twitter_creator":"@eldiario_net","twitter_site":"@eldiario_net","twitter_misc":{"Escrito por":"Jeanette","Tiempo de lectura":"2 minutos"},"schema":{"@context":"https:\/\/schema.org","@graph":[{"@type":"Article","@id":"https:\/\/www.eldiario.net\/portal\/2023\/10\/08\/lluvia-ocasiona-crecida-de-rios-en-dos-regiones\/#article","isPartOf":{"@id":"https:\/\/www.eldiario.net\/portal\/2023\/10\/08\/lluvia-ocasiona-crecida-de-rios-en-dos-regiones\/"},"author":{"name":"Jeanette","@id":"https:\/\/www.eldiario.net\/portal\/#\/schema\/person\/f46445640444750d7d753ccd04ae01b7"},"headline":"Lluvia ocasiona crecida de r\u00edos en dos regiones","datePublished":"2023-10-08T10:00:30+00:00","mainEntityOfPage":{"@id":"https:\/\/www.eldiario.net\/portal\/2023\/10\/08\/lluvia-ocasiona-crecida-de-rios-en-dos-regiones\/"},"wordCount":376,"publisher":{"@id":"https:\/\/www.eldiario.net\/portal\/#organization"},"image":{"@id":"https:\/\/www.eldiario.net\/portal\/2023\/10\/08\/lluvia-ocasiona-crecida-de-rios-en-dos-regiones\/#primaryimage"},"thumbnailUrl":"https:\/\/www.eldiario.net\/portal\/wp-content\/uploads\/2023\/10\/P-2-10-cm-x-8.jpg","articleSection":["Portada"],"inLanguage":"es"},{"@type":"WebPage","@id":"https:\/\/www.eldiario.net\/portal\/2023\/10\/08\/lluvia-ocasiona-crecida-de-rios-en-dos-regiones\/","url":"https:\/\/www.eldiario.net\/portal\/2023\/10\/08\/lluvia-ocasiona-crecida-de-rios-en-dos-regiones\/","name":"Lluvia ocasiona crecida de r\u00edos en dos regiones - El Diario - Bolivia","isPartOf":{"@id":"https:\/\/www.eldiario.net\/portal\/#website"},"primaryImageOfPage":{"@id":"https:\/\/www.eldiario.net\/portal\/2023\/10\/08\/lluvia-ocasiona-crecida-de-rios-en-dos-regiones\/#primaryimage"},"image":{"@id":"https:\/\/www.eldiario.net\/portal\/2023\/10\/08\/lluvia-ocasiona-crecida-de-rios-en-dos-regiones\/#primaryimage"},"thumbnailUrl":"https:\/\/www.eldiario.net\/portal\/wp-content\/uploads\/2023\/10\/P-2-10-cm-x-8.jpg","datePublished":"2023-10-08T10:00:30+00:00","breadcrumb":{"@id":"https:\/\/www.eldiario.net\/portal\/2023\/10\/08\/lluvia-ocasiona-crecida-de-rios-en-dos-regiones\/#breadcrumb"},"inLanguage":"es","potentialAction":[{"@type":"ReadAction","target":["https:\/\/www.eldiario.net\/portal\/2023\/10\/08\/lluvia-ocasiona-crecida-de-rios-en-dos-regiones\/"]}]},{"@type":"ImageObject","inLanguage":"es","@id":"https:\/\/www.eldiario.net\/portal\/2023\/10\/08\/lluvia-ocasiona-crecida-de-rios-en-dos-regiones\/#primaryimage","url":"https:\/\/www.eldiario.net\/portal\/wp-content\/uploads\/2023\/10\/P-2-10-cm-x-8.jpg","contentUrl":"https:\/\/www.eldiario.net\/portal\/wp-content\/uploads\/2023\/10\/P-2-10-cm-x-8.jpg","width":721,"height":599,"caption":"Operativos de rescate ante desborde de r\u00edos en Santa Cruz y Cochabamba."},{"@type":"BreadcrumbList","@id":"https:\/\/www.eldiario.net\/portal\/2023\/10\/08\/lluvia-ocasiona-crecida-de-rios-en-dos-regiones\/#breadcrumb","itemListElement":[{"@type":"ListItem","position":1,"name":"Portada","item":"https:\/\/www.eldiario.net\/portal\/"},{"@type":"ListItem","position":2,"name":"Lluvia ocasiona crecida de r\u00edos en dos regiones"}]},{"@type":"WebSite","@id":"https:\/\/www.eldiario.net\/portal\/#website","url":"https:\/\/www.eldiario.net\/portal\/","name":"El Diario - Decano de la prensa nacional","description":"El Diario - Decano de la prensa nacional","publisher":{"@id":"https:\/\/www.eldiario.net\/portal\/#organization"},"potentialAction":[{"@type":"SearchAction","target":{"@type":"EntryPoint","urlTemplate":"https:\/\/www.eldiario.net\/portal\/?s={search_term_string}"},"query-input":{"@type":"PropertyValueSpecification","valueRequired":true,"valueName":"search_term_string"}}],"inLanguage":"es"},{"@type":"Organization","@id":"https:\/\/www.eldiario.net\/portal\/#organization","name":"El Diario - Decano de la prensa nacional","url":"https:\/\/www.eldiario.net\/portal\/","logo":{"@type":"ImageObject","inLanguage":"es","@id":"https:\/\/www.eldiario.net\/portal\/#\/schema\/logo\/image\/","url":"https:\/\/www.eldiario.net\/portal\/wp-content\/uploads\/2023\/07\/logo_ED.jpg","contentUrl":"https:\/\/www.eldiario.net\/portal\/wp-content\/uploads\/2023\/07\/logo_ED.jpg","width":272,"height":52,"caption":"El Diario - Decano de la prensa nacional"},"image":{"@id":"https:\/\/www.eldiario.net\/portal\/#\/schema\/logo\/image\/"},"sameAs":["https:\/\/www.facebook.com\/eldiario.bolivia\/","https:\/\/x.com\/eldiario_net"]},{"@type":"Person","@id":"https:\/\/www.eldiario.net\/portal\/#\/schema\/person\/f46445640444750d7d753ccd04ae01b7","name":"Jeanette","image":{"@type":"ImageObject","inLanguage":"es","@id":"https:\/\/secure.gravatar.com\/avatar\/3ea2118a5f7dad2b7138b1187a6b7ee55f160b9968b66013c3a3ef39dd7e5798?s=96&d=mm&r=g","url":"https:\/\/secure.gravatar.com\/avatar\/3ea2118a5f7dad2b7138b1187a6b7ee55f160b9968b66013c3a3ef39dd7e5798?s=96&d=mm&r=g","contentUrl":"https:\/\/secure.gravatar.com\/avatar\/3ea2118a5f7dad2b7138b1187a6b7ee55f160b9968b66013c3a3ef39dd7e5798?s=96&d=mm&r=g","caption":"Jeanette"},"sameAs":["https:\/\/www.eldiario.net\/portal"],"url":"https:\/\/www.eldiario.net\/portal\/author\/jeanette\/"}]}},"_links":{"self":[{"href":"https:\/\/www.eldiario.net\/portal\/wp-json\/wp\/v2\/posts\/180897","targetHints":{"allow":["GET"]}}],"collection":[{"href":"https:\/\/www.eldiario.net\/portal\/wp-json\/wp\/v2\/posts"}],"about":[{"href":"https:\/\/www.eldiario.net\/portal\/wp-json\/wp\/v2\/types\/post"}],"author":[{"embeddable":true,"href":"https:\/\/www.eldiario.net\/portal\/wp-json\/wp\/v2\/users\/1"}],"replies":[{"embeddable":true,"href":"https:\/\/www.eldiario.net\/portal\/wp-json\/wp\/v2\/comments?post=180897"}],"version-history":[{"count":0,"href":"https:\/\/www.eldiario.net\/portal\/wp-json\/wp\/v2\/posts\/180897\/revisions"}],"wp:featuredmedia":[{"embeddable":true,"href":"https:\/\/www.eldiario.net\/portal\/wp-json\/wp\/v2\/media\/180898"}],"wp:attachment":[{"href":"https:\/\/www.eldiario.net\/portal\/wp-json\/wp\/v2\/media?parent=180897"}],"wp:term":[{"taxonomy":"category","embeddable":true,"href":"https:\/\/www.eldiario.net\/portal\/wp-json\/wp\/v2\/categories?post=180897"},{"taxonomy":"post_tag","embeddable":true,"href":"https:\/\/www.eldiario.net\/portal\/wp-json\/wp\/v2\/tags?post=180897"}],"curies":[{"name":"wp","href":"https:\/\/api.w.org\/{rel}","templated":true}]}}