{"id":180892,"date":"2023-10-08T05:58:14","date_gmt":"2023-10-08T09:58:14","guid":{"rendered":"https:\/\/www.eldiario.net\/portal\/?p=180892"},"modified":"2023-10-08T05:58:14","modified_gmt":"2023-10-08T09:58:14","slug":"mas-de-300-fallecidos-y-1-600-heridos-por-ofensiva-de-hamas","status":"publish","type":"post","link":"https:\/\/www.eldiario.net\/portal\/2023\/10\/08\/mas-de-300-fallecidos-y-1-600-heridos-por-ofensiva-de-hamas\/","title":{"rendered":"M\u00e1s de 300 fallecidos y 1.600 heridos por ofensiva de Ham\u00e1s"},"content":{"rendered":"<p>M\u00e1s de 300 ciudadanos israel\u00edes perdieron la vida como consecuencia del ataque perpetrado ayer desde la Franja de Gaza por el grupo islamista Ham\u00e1s contra el territorio de Israel, informaron medios de ese pa\u00eds.<br \/>\nLa cifra de fallecidos podr\u00eda aumentar en las pr\u00f3ximas horas, dada la gravedad de algunos de los heridos, cuyo n\u00famero asciende ya a casi 1.600, indicaron las fuentes m\u00e9dicas.<br \/>\nPor el lado palestino, la cifra de muertos asciende a 232 y la de heridos a 1.700, seg\u00fan fuentes del Ministerio de Sanidad de Gaza, territorio controlado por Ham\u00e1s desde 2007, cuando expuls\u00f3 a las fuerzas del movimiento nacionalista Al Fatah, del presidente de la Autoridad Nacional Palestina (ANP), Mahmud Ab\u00e1s.<br \/>\nEn Gaza, miles de civiles de localidades en el norte de la franja como Beit Hanoun, Jabalia y Beit Lahia, fueron trasladados y huyeron a la ciudad de Gaza para ser alojados en escuelas de la Agencia de la ONU para los Refugiados Palestinos por la dureza de los enfrentamientos.<\/p>\n<p>&nbsp;<\/p>\n","protected":false},"excerpt":{"rendered":"<p>M\u00e1s de 300 ciudadanos israel\u00edes perdieron la vida como consecuencia del ataque perpetrado ayer desde la Franja de Gaza por el grupo islamista Ham\u00e1s contra el territorio de Israel, informaron medios de ese pa\u00eds. La cifra de fallecidos podr\u00eda aumentar en las pr\u00f3ximas horas, dada la gravedad de algunos de los heridos, cuyo n\u00famero asciende [&hellip;]<\/p>\n","protected":false},"author":1,"featured_media":180893,"comment_status":"closed","ping_status":"open","sticky":false,"template":"","format":"standard","meta":{"_acf_changed":false,"footnotes":""},"categories":[15],"tags":[],"class_list":["post-180892","post","type-post","status-publish","format-standard","has-post-thumbnail","category-portada"],"acf":{"antetitulo":""},"yoast_head":"<!-- This site is optimized with the Yoast SEO plugin v28.4 - https:\/\/yoast.com\/product\/yoast-seo-wordpress\/ -->\n<title>M\u00e1s de 300 fallecidos y 1.600 heridos por ofensiva de Ham\u00e1s - El Diario - Bolivia<\/title>\n<meta name=\"robots\" content=\"index, follow, max-snippet:-1, max-image-preview:large, max-video-preview:-1\" \/>\n<link rel=\"canonical\" href=\"https:\/\/www.eldiario.net\/portal\/2023\/10\/08\/mas-de-300-fallecidos-y-1-600-heridos-por-ofensiva-de-hamas\/\" \/>\n<meta property=\"og:locale\" content=\"es_ES\" \/>\n<meta property=\"og:type\" content=\"article\" \/>\n<meta property=\"og:title\" content=\"M\u00e1s de 300 fallecidos y 1.600 heridos por ofensiva de Ham\u00e1s - El Diario - Bolivia\" \/>\n<meta property=\"og:description\" content=\"M\u00e1s de 300 ciudadanos israel\u00edes perdieron la vida como consecuencia del ataque perpetrado ayer desde la Franja de Gaza por el grupo islamista Ham\u00e1s contra el territorio de Israel, informaron medios de ese pa\u00eds. La cifra de fallecidos podr\u00eda aumentar en las pr\u00f3ximas horas, dada la gravedad de algunos de los heridos, cuyo n\u00famero asciende [&hellip;]\" \/>\n<meta property=\"og:url\" content=\"https:\/\/www.eldiario.net\/portal\/2023\/10\/08\/mas-de-300-fallecidos-y-1-600-heridos-por-ofensiva-de-hamas\/\" \/>\n<meta property=\"og:site_name\" content=\"El Diario - Bolivia\" \/>\n<meta property=\"article:publisher\" content=\"https:\/\/www.facebook.com\/eldiario.bolivia\/\" \/>\n<meta property=\"article:published_time\" content=\"2023-10-08T09:58:14+00:00\" \/>\n<meta property=\"og:image\" content=\"https:\/\/www.eldiario.net\/portal\/wp-content\/uploads\/2023\/10\/P-3-15-cm-x-10.webp\" \/>\n\t<meta property=\"og:image:width\" content=\"1024\" \/>\n\t<meta property=\"og:image:height\" content=\"576\" \/>\n\t<meta property=\"og:image:type\" content=\"image\/webp\" \/>\n<meta name=\"author\" content=\"Jeanette\" \/>\n<meta name=\"twitter:card\" content=\"summary_large_image\" \/>\n<meta name=\"twitter:creator\" content=\"@eldiario_net\" \/>\n<meta name=\"twitter:site\" content=\"@eldiario_net\" \/>\n<meta name=\"twitter:label1\" content=\"Escrito por\" \/>\n\t<meta name=\"twitter:data1\" content=\"Jeanette\" \/>\n\t<meta name=\"twitter:label2\" content=\"Tiempo de lectura\" \/>\n\t<meta name=\"twitter:data2\" content=\"1 minuto\" \/>\n<script type=\"application\/ld+json\" class=\"yoast-schema-graph\">{\"@context\":\"https:\\\/\\\/schema.org\",\"@graph\":[{\"@type\":\"Article\",\"@id\":\"https:\\\/\\\/www.eldiario.net\\\/portal\\\/2023\\\/10\\\/08\\\/mas-de-300-fallecidos-y-1-600-heridos-por-ofensiva-de-hamas\\\/#article\",\"isPartOf\":{\"@id\":\"https:\\\/\\\/www.eldiario.net\\\/portal\\\/2023\\\/10\\\/08\\\/mas-de-300-fallecidos-y-1-600-heridos-por-ofensiva-de-hamas\\\/\"},\"author\":{\"name\":\"Jeanette\",\"@id\":\"https:\\\/\\\/www.eldiario.net\\\/portal\\\/#\\\/schema\\\/person\\\/f46445640444750d7d753ccd04ae01b7\"},\"headline\":\"M\u00e1s de 300 fallecidos y 1.600 heridos por ofensiva de Ham\u00e1s\",\"datePublished\":\"2023-10-08T09:58:14+00:00\",\"mainEntityOfPage\":{\"@id\":\"https:\\\/\\\/www.eldiario.net\\\/portal\\\/2023\\\/10\\\/08\\\/mas-de-300-fallecidos-y-1-600-heridos-por-ofensiva-de-hamas\\\/\"},\"wordCount\":182,\"publisher\":{\"@id\":\"https:\\\/\\\/www.eldiario.net\\\/portal\\\/#organization\"},\"image\":{\"@id\":\"https:\\\/\\\/www.eldiario.net\\\/portal\\\/2023\\\/10\\\/08\\\/mas-de-300-fallecidos-y-1-600-heridos-por-ofensiva-de-hamas\\\/#primaryimage\"},\"thumbnailUrl\":\"https:\\\/\\\/www.eldiario.net\\\/portal\\\/wp-content\\\/uploads\\\/2023\\\/10\\\/P-3-15-cm-x-10.webp\",\"articleSection\":[\"Portada\"],\"inLanguage\":\"es\"},{\"@type\":\"WebPage\",\"@id\":\"https:\\\/\\\/www.eldiario.net\\\/portal\\\/2023\\\/10\\\/08\\\/mas-de-300-fallecidos-y-1-600-heridos-por-ofensiva-de-hamas\\\/\",\"url\":\"https:\\\/\\\/www.eldiario.net\\\/portal\\\/2023\\\/10\\\/08\\\/mas-de-300-fallecidos-y-1-600-heridos-por-ofensiva-de-hamas\\\/\",\"name\":\"M\u00e1s de 300 fallecidos y 1.600 heridos por ofensiva de Ham\u00e1s - El Diario - Bolivia\",\"isPartOf\":{\"@id\":\"https:\\\/\\\/www.eldiario.net\\\/portal\\\/#website\"},\"primaryImageOfPage\":{\"@id\":\"https:\\\/\\\/www.eldiario.net\\\/portal\\\/2023\\\/10\\\/08\\\/mas-de-300-fallecidos-y-1-600-heridos-por-ofensiva-de-hamas\\\/#primaryimage\"},\"image\":{\"@id\":\"https:\\\/\\\/www.eldiario.net\\\/portal\\\/2023\\\/10\\\/08\\\/mas-de-300-fallecidos-y-1-600-heridos-por-ofensiva-de-hamas\\\/#primaryimage\"},\"thumbnailUrl\":\"https:\\\/\\\/www.eldiario.net\\\/portal\\\/wp-content\\\/uploads\\\/2023\\\/10\\\/P-3-15-cm-x-10.webp\",\"datePublished\":\"2023-10-08T09:58:14+00:00\",\"breadcrumb\":{\"@id\":\"https:\\\/\\\/www.eldiario.net\\\/portal\\\/2023\\\/10\\\/08\\\/mas-de-300-fallecidos-y-1-600-heridos-por-ofensiva-de-hamas\\\/#breadcrumb\"},\"inLanguage\":\"es\",\"potentialAction\":[{\"@type\":\"ReadAction\",\"target\":[\"https:\\\/\\\/www.eldiario.net\\\/portal\\\/2023\\\/10\\\/08\\\/mas-de-300-fallecidos-y-1-600-heridos-por-ofensiva-de-hamas\\\/\"]}]},{\"@type\":\"ImageObject\",\"inLanguage\":\"es\",\"@id\":\"https:\\\/\\\/www.eldiario.net\\\/portal\\\/2023\\\/10\\\/08\\\/mas-de-300-fallecidos-y-1-600-heridos-por-ofensiva-de-hamas\\\/#primaryimage\",\"url\":\"https:\\\/\\\/www.eldiario.net\\\/portal\\\/wp-content\\\/uploads\\\/2023\\\/10\\\/P-3-15-cm-x-10.webp\",\"contentUrl\":\"https:\\\/\\\/www.eldiario.net\\\/portal\\\/wp-content\\\/uploads\\\/2023\\\/10\\\/P-3-15-cm-x-10.webp\",\"width\":1024,\"height\":576,\"caption\":\"Ham\u00e1s se atribuye que lanz\u00f3 la operaci\u00f3n \u201cDiluvio de Al-Aqsa\u201d contra Israel por aire y tierra. Israel promete venganza.\"},{\"@type\":\"BreadcrumbList\",\"@id\":\"https:\\\/\\\/www.eldiario.net\\\/portal\\\/2023\\\/10\\\/08\\\/mas-de-300-fallecidos-y-1-600-heridos-por-ofensiva-de-hamas\\\/#breadcrumb\",\"itemListElement\":[{\"@type\":\"ListItem\",\"position\":1,\"name\":\"Portada\",\"item\":\"https:\\\/\\\/www.eldiario.net\\\/portal\\\/\"},{\"@type\":\"ListItem\",\"position\":2,\"name\":\"M\u00e1s de 300 fallecidos y 1.600 heridos por ofensiva de Ham\u00e1s\"}]},{\"@type\":\"WebSite\",\"@id\":\"https:\\\/\\\/www.eldiario.net\\\/portal\\\/#website\",\"url\":\"https:\\\/\\\/www.eldiario.net\\\/portal\\\/\",\"name\":\"El Diario - Decano de la prensa nacional\",\"description\":\"El Diario - Decano de la prensa nacional\",\"publisher\":{\"@id\":\"https:\\\/\\\/www.eldiario.net\\\/portal\\\/#organization\"},\"potentialAction\":[{\"@type\":\"SearchAction\",\"target\":{\"@type\":\"EntryPoint\",\"urlTemplate\":\"https:\\\/\\\/www.eldiario.net\\\/portal\\\/?s={search_term_string}\"},\"query-input\":{\"@type\":\"PropertyValueSpecification\",\"valueRequired\":true,\"valueName\":\"search_term_string\"}}],\"inLanguage\":\"es\"},{\"@type\":\"Organization\",\"@id\":\"https:\\\/\\\/www.eldiario.net\\\/portal\\\/#organization\",\"name\":\"El Diario - Decano de la prensa nacional\",\"url\":\"https:\\\/\\\/www.eldiario.net\\\/portal\\\/\",\"logo\":{\"@type\":\"ImageObject\",\"inLanguage\":\"es\",\"@id\":\"https:\\\/\\\/www.eldiario.net\\\/portal\\\/#\\\/schema\\\/logo\\\/image\\\/\",\"url\":\"https:\\\/\\\/www.eldiario.net\\\/portal\\\/wp-content\\\/uploads\\\/2023\\\/07\\\/logo_ED.jpg\",\"contentUrl\":\"https:\\\/\\\/www.eldiario.net\\\/portal\\\/wp-content\\\/uploads\\\/2023\\\/07\\\/logo_ED.jpg\",\"width\":272,\"height\":52,\"caption\":\"El Diario - Decano de la prensa nacional\"},\"image\":{\"@id\":\"https:\\\/\\\/www.eldiario.net\\\/portal\\\/#\\\/schema\\\/logo\\\/image\\\/\"},\"sameAs\":[\"https:\\\/\\\/www.facebook.com\\\/eldiario.bolivia\\\/\",\"https:\\\/\\\/x.com\\\/eldiario_net\"]},{\"@type\":\"Person\",\"@id\":\"https:\\\/\\\/www.eldiario.net\\\/portal\\\/#\\\/schema\\\/person\\\/f46445640444750d7d753ccd04ae01b7\",\"name\":\"Jeanette\",\"image\":{\"@type\":\"ImageObject\",\"inLanguage\":\"es\",\"@id\":\"https:\\\/\\\/secure.gravatar.com\\\/avatar\\\/3ea2118a5f7dad2b7138b1187a6b7ee55f160b9968b66013c3a3ef39dd7e5798?s=96&d=mm&r=g\",\"url\":\"https:\\\/\\\/secure.gravatar.com\\\/avatar\\\/3ea2118a5f7dad2b7138b1187a6b7ee55f160b9968b66013c3a3ef39dd7e5798?s=96&d=mm&r=g\",\"contentUrl\":\"https:\\\/\\\/secure.gravatar.com\\\/avatar\\\/3ea2118a5f7dad2b7138b1187a6b7ee55f160b9968b66013c3a3ef39dd7e5798?s=96&d=mm&r=g\",\"caption\":\"Jeanette\"},\"sameAs\":[\"https:\\\/\\\/www.eldiario.net\\\/portal\"],\"url\":\"https:\\\/\\\/www.eldiario.net\\\/portal\\\/author\\\/jeanette\\\/\"}]}<\/script>\n<!-- \/ Yoast SEO plugin. -->","yoast_head_json":{"title":"M\u00e1s de 300 fallecidos y 1.600 heridos por ofensiva de Ham\u00e1s - El Diario - Bolivia","robots":{"index":"index","follow":"follow","max-snippet":"max-snippet:-1","max-image-preview":"max-image-preview:large","max-video-preview":"max-video-preview:-1"},"canonical":"https:\/\/www.eldiario.net\/portal\/2023\/10\/08\/mas-de-300-fallecidos-y-1-600-heridos-por-ofensiva-de-hamas\/","og_locale":"es_ES","og_type":"article","og_title":"M\u00e1s de 300 fallecidos y 1.600 heridos por ofensiva de Ham\u00e1s - El Diario - Bolivia","og_description":"M\u00e1s de 300 ciudadanos israel\u00edes perdieron la vida como consecuencia del ataque perpetrado ayer desde la Franja de Gaza por el grupo islamista Ham\u00e1s contra el territorio de Israel, informaron medios de ese pa\u00eds. La cifra de fallecidos podr\u00eda aumentar en las pr\u00f3ximas horas, dada la gravedad de algunos de los heridos, cuyo n\u00famero asciende [&hellip;]","og_url":"https:\/\/www.eldiario.net\/portal\/2023\/10\/08\/mas-de-300-fallecidos-y-1-600-heridos-por-ofensiva-de-hamas\/","og_site_name":"El Diario - Bolivia","article_publisher":"https:\/\/www.facebook.com\/eldiario.bolivia\/","article_published_time":"2023-10-08T09:58:14+00:00","og_image":[{"width":1024,"height":576,"url":"https:\/\/www.eldiario.net\/portal\/wp-content\/uploads\/2023\/10\/P-3-15-cm-x-10.webp","type":"image\/webp"}],"author":"Jeanette","twitter_card":"summary_large_image","twitter_creator":"@eldiario_net","twitter_site":"@eldiario_net","twitter_misc":{"Escrito por":"Jeanette","Tiempo de lectura":"1 minuto"},"schema":{"@context":"https:\/\/schema.org","@graph":[{"@type":"Article","@id":"https:\/\/www.eldiario.net\/portal\/2023\/10\/08\/mas-de-300-fallecidos-y-1-600-heridos-por-ofensiva-de-hamas\/#article","isPartOf":{"@id":"https:\/\/www.eldiario.net\/portal\/2023\/10\/08\/mas-de-300-fallecidos-y-1-600-heridos-por-ofensiva-de-hamas\/"},"author":{"name":"Jeanette","@id":"https:\/\/www.eldiario.net\/portal\/#\/schema\/person\/f46445640444750d7d753ccd04ae01b7"},"headline":"M\u00e1s de 300 fallecidos y 1.600 heridos por ofensiva de Ham\u00e1s","datePublished":"2023-10-08T09:58:14+00:00","mainEntityOfPage":{"@id":"https:\/\/www.eldiario.net\/portal\/2023\/10\/08\/mas-de-300-fallecidos-y-1-600-heridos-por-ofensiva-de-hamas\/"},"wordCount":182,"publisher":{"@id":"https:\/\/www.eldiario.net\/portal\/#organization"},"image":{"@id":"https:\/\/www.eldiario.net\/portal\/2023\/10\/08\/mas-de-300-fallecidos-y-1-600-heridos-por-ofensiva-de-hamas\/#primaryimage"},"thumbnailUrl":"https:\/\/www.eldiario.net\/portal\/wp-content\/uploads\/2023\/10\/P-3-15-cm-x-10.webp","articleSection":["Portada"],"inLanguage":"es"},{"@type":"WebPage","@id":"https:\/\/www.eldiario.net\/portal\/2023\/10\/08\/mas-de-300-fallecidos-y-1-600-heridos-por-ofensiva-de-hamas\/","url":"https:\/\/www.eldiario.net\/portal\/2023\/10\/08\/mas-de-300-fallecidos-y-1-600-heridos-por-ofensiva-de-hamas\/","name":"M\u00e1s de 300 fallecidos y 1.600 heridos por ofensiva de Ham\u00e1s - El Diario - Bolivia","isPartOf":{"@id":"https:\/\/www.eldiario.net\/portal\/#website"},"primaryImageOfPage":{"@id":"https:\/\/www.eldiario.net\/portal\/2023\/10\/08\/mas-de-300-fallecidos-y-1-600-heridos-por-ofensiva-de-hamas\/#primaryimage"},"image":{"@id":"https:\/\/www.eldiario.net\/portal\/2023\/10\/08\/mas-de-300-fallecidos-y-1-600-heridos-por-ofensiva-de-hamas\/#primaryimage"},"thumbnailUrl":"https:\/\/www.eldiario.net\/portal\/wp-content\/uploads\/2023\/10\/P-3-15-cm-x-10.webp","datePublished":"2023-10-08T09:58:14+00:00","breadcrumb":{"@id":"https:\/\/www.eldiario.net\/portal\/2023\/10\/08\/mas-de-300-fallecidos-y-1-600-heridos-por-ofensiva-de-hamas\/#breadcrumb"},"inLanguage":"es","potentialAction":[{"@type":"ReadAction","target":["https:\/\/www.eldiario.net\/portal\/2023\/10\/08\/mas-de-300-fallecidos-y-1-600-heridos-por-ofensiva-de-hamas\/"]}]},{"@type":"ImageObject","inLanguage":"es","@id":"https:\/\/www.eldiario.net\/portal\/2023\/10\/08\/mas-de-300-fallecidos-y-1-600-heridos-por-ofensiva-de-hamas\/#primaryimage","url":"https:\/\/www.eldiario.net\/portal\/wp-content\/uploads\/2023\/10\/P-3-15-cm-x-10.webp","contentUrl":"https:\/\/www.eldiario.net\/portal\/wp-content\/uploads\/2023\/10\/P-3-15-cm-x-10.webp","width":1024,"height":576,"caption":"Ham\u00e1s se atribuye que lanz\u00f3 la operaci\u00f3n \u201cDiluvio de Al-Aqsa\u201d contra Israel por aire y tierra. Israel promete venganza."},{"@type":"BreadcrumbList","@id":"https:\/\/www.eldiario.net\/portal\/2023\/10\/08\/mas-de-300-fallecidos-y-1-600-heridos-por-ofensiva-de-hamas\/#breadcrumb","itemListElement":[{"@type":"ListItem","position":1,"name":"Portada","item":"https:\/\/www.eldiario.net\/portal\/"},{"@type":"ListItem","position":2,"name":"M\u00e1s de 300 fallecidos y 1.600 heridos por ofensiva de Ham\u00e1s"}]},{"@type":"WebSite","@id":"https:\/\/www.eldiario.net\/portal\/#website","url":"https:\/\/www.eldiario.net\/portal\/","name":"El Diario - Decano de la prensa nacional","description":"El Diario - Decano de la prensa nacional","publisher":{"@id":"https:\/\/www.eldiario.net\/portal\/#organization"},"potentialAction":[{"@type":"SearchAction","target":{"@type":"EntryPoint","urlTemplate":"https:\/\/www.eldiario.net\/portal\/?s={search_term_string}"},"query-input":{"@type":"PropertyValueSpecification","valueRequired":true,"valueName":"search_term_string"}}],"inLanguage":"es"},{"@type":"Organization","@id":"https:\/\/www.eldiario.net\/portal\/#organization","name":"El Diario - Decano de la prensa nacional","url":"https:\/\/www.eldiario.net\/portal\/","logo":{"@type":"ImageObject","inLanguage":"es","@id":"https:\/\/www.eldiario.net\/portal\/#\/schema\/logo\/image\/","url":"https:\/\/www.eldiario.net\/portal\/wp-content\/uploads\/2023\/07\/logo_ED.jpg","contentUrl":"https:\/\/www.eldiario.net\/portal\/wp-content\/uploads\/2023\/07\/logo_ED.jpg","width":272,"height":52,"caption":"El Diario - Decano de la prensa nacional"},"image":{"@id":"https:\/\/www.eldiario.net\/portal\/#\/schema\/logo\/image\/"},"sameAs":["https:\/\/www.facebook.com\/eldiario.bolivia\/","https:\/\/x.com\/eldiario_net"]},{"@type":"Person","@id":"https:\/\/www.eldiario.net\/portal\/#\/schema\/person\/f46445640444750d7d753ccd04ae01b7","name":"Jeanette","image":{"@type":"ImageObject","inLanguage":"es","@id":"https:\/\/secure.gravatar.com\/avatar\/3ea2118a5f7dad2b7138b1187a6b7ee55f160b9968b66013c3a3ef39dd7e5798?s=96&d=mm&r=g","url":"https:\/\/secure.gravatar.com\/avatar\/3ea2118a5f7dad2b7138b1187a6b7ee55f160b9968b66013c3a3ef39dd7e5798?s=96&d=mm&r=g","contentUrl":"https:\/\/secure.gravatar.com\/avatar\/3ea2118a5f7dad2b7138b1187a6b7ee55f160b9968b66013c3a3ef39dd7e5798?s=96&d=mm&r=g","caption":"Jeanette"},"sameAs":["https:\/\/www.eldiario.net\/portal"],"url":"https:\/\/www.eldiario.net\/portal\/author\/jeanette\/"}]}},"_links":{"self":[{"href":"https:\/\/www.eldiario.net\/portal\/wp-json\/wp\/v2\/posts\/180892","targetHints":{"allow":["GET"]}}],"collection":[{"href":"https:\/\/www.eldiario.net\/portal\/wp-json\/wp\/v2\/posts"}],"about":[{"href":"https:\/\/www.eldiario.net\/portal\/wp-json\/wp\/v2\/types\/post"}],"author":[{"embeddable":true,"href":"https:\/\/www.eldiario.net\/portal\/wp-json\/wp\/v2\/users\/1"}],"replies":[{"embeddable":true,"href":"https:\/\/www.eldiario.net\/portal\/wp-json\/wp\/v2\/comments?post=180892"}],"version-history":[{"count":0,"href":"https:\/\/www.eldiario.net\/portal\/wp-json\/wp\/v2\/posts\/180892\/revisions"}],"wp:featuredmedia":[{"embeddable":true,"href":"https:\/\/www.eldiario.net\/portal\/wp-json\/wp\/v2\/media\/180893"}],"wp:attachment":[{"href":"https:\/\/www.eldiario.net\/portal\/wp-json\/wp\/v2\/media?parent=180892"}],"wp:term":[{"taxonomy":"category","embeddable":true,"href":"https:\/\/www.eldiario.net\/portal\/wp-json\/wp\/v2\/categories?post=180892"},{"taxonomy":"post_tag","embeddable":true,"href":"https:\/\/www.eldiario.net\/portal\/wp-json\/wp\/v2\/tags?post=180892"}],"curies":[{"name":"wp","href":"https:\/\/api.w.org\/{rel}","templated":true}]}}