{"id":180884,"date":"2023-10-08T05:53:34","date_gmt":"2023-10-08T09:53:34","guid":{"rendered":"https:\/\/www.eldiario.net\/portal\/?p=180884"},"modified":"2023-10-08T05:53:34","modified_gmt":"2023-10-08T09:53:34","slug":"subida-de-presupuesto-en-asamblea-legislativa","status":"publish","type":"post","link":"https:\/\/www.eldiario.net\/portal\/2023\/10\/08\/subida-de-presupuesto-en-asamblea-legislativa\/","title":{"rendered":"Subida de presupuesto  en Asamblea Legislativa"},"content":{"rendered":"<p><em>En el curso de \u00faltimas semanas, las c\u00e1maras baja y alta del \u00d3rgano Legislativo Plurinacional sesionaron, despu\u00e9s de varios recesos temporales cuando se proced\u00eda al tratamiento de una ley relacionada con las elecciones de magistrados, programadas inicialmente para fines de este a\u00f1o, pero ahora se espera que se efect\u00faen a principios del siguiente, si se realizan. <\/em><br \/>\n<em>Sin embargo, ese silencio de los \u201cpadres de la Patria\u201d termin\u00f3 s\u00fabitamente a principios de la semana que termina y entonces diputados y senadores mostraron gran inter\u00e9s por atender sus funciones legislativas, actitud explicable debido a que est\u00e1n debatiendo acerca del Presupuesto General del Estado para el a\u00f1o siguiente.<\/em><br \/>\n<em>Pero, como si no fuera suficiente, en la sesi\u00f3n de la C\u00e1mara Baja, el trabajo se intensific\u00f3 con inusitado entusiasmo y, finalmente, la reuni\u00f3n de la noche del pasado jueves se prolong\u00f3 durante nada menos que 25 horas continuas, hasta aprobar la Ley presupuestaria, de origen en el \u00d3rgano Ejecutivo plurinacional.<\/em><br \/>\n<em>Para ese fin, los miembros de la C\u00e1mara de Diputados no pegaron pesta\u00f1a con pesta\u00f1a y participaron en las discusiones con energ\u00eda f\u00edsica y lucidez argumentativa. As\u00ed pasaron las horas y lleg\u00f3 la madrugada y la salida del sol, pero los parlamentarios segu\u00edan activos, excepto algunos que quedaron dormidos en sus curules, hasta que, \u00a1por fin!, se llam\u00f3 a votaci\u00f3n, la cual dio por resultado de entrada la aprobaci\u00f3n del &#8230;\u00bfQu\u00e9 hab\u00eda pasado para que surja tan inusitado inter\u00e9s por aprobar esa ley? Simplemente, porque conten\u00eda un \u201cpunto decisivo\u201d para la suerte del pa\u00eds y sus habitantes, es decir, el aumento del presupuesto camaral de diputados en 20 millones de bolivianos para el a\u00f1o 2024, cantidad que seguramente har\u00e1 subir la retribuci\u00f3n a los sacrificados representantes, as\u00ed como facilitar\u00e1 las gestiones de diversos tr\u00e1mites.<\/em><br \/>\n<em>Pero lo que explica esa eficiencia burocr\u00e1tica madrugadora fue que m\u00e1s que aprobar el Presupuesto del Estado, se trataba de aprobar el aumento de presupuesto de esa entidad legisladora en semejante cantidad, en momentos en los que el pa\u00eds est\u00e1 entrando en una vor\u00e1gine econ\u00f3mica y pol\u00edtica de proporciones preocupantes. En consecuencia, tanto sacrificio laboral no era por amor al chanchito, sino al chicharr\u00f3n. <\/em><br \/>\n<em>Al respecto, la historia parlamentaria mundial recuerda que Roma fue salvada de una invasi\u00f3n de b\u00e1rbaros, gracias a los hambrientos gansos del Capitolio, como se conoc\u00eda por entonces al recinto parlamentario. En esa ocasi\u00f3n, los guardias que se hab\u00edan dormido, fueron despertados por los graznidos de los gansos y, alertados ante la invasi\u00f3n de los v\u00e1ndalos, movilizaron las defensas militares y derrotaron a los atacantes. Desde entonces se conoci\u00f3 a los legisladores como \u201clos gansos del Capitolio\u201d.<\/em><\/p>\n","protected":false},"excerpt":{"rendered":"<p>En el curso de \u00faltimas semanas, las c\u00e1maras baja y alta del \u00d3rgano Legislativo Plurinacional sesionaron, despu\u00e9s de varios recesos temporales cuando se proced\u00eda al tratamiento de una ley relacionada con las elecciones de magistrados, programadas inicialmente para fines de este a\u00f1o, pero ahora se espera que se efect\u00faen a principios del siguiente, si se [&hellip;]<\/p>\n","protected":false},"author":1,"featured_media":0,"comment_status":"closed","ping_status":"open","sticky":false,"template":"","format":"standard","meta":{"_acf_changed":false,"footnotes":""},"categories":[4],"tags":[],"class_list":["post-180884","post","type-post","status-publish","format-standard","category-editorial"],"acf":{"antetitulo":""},"yoast_head":"<!-- This site is optimized with the Yoast SEO plugin v28.4 - https:\/\/yoast.com\/product\/yoast-seo-wordpress\/ -->\n<title>Subida de presupuesto en Asamblea Legislativa - El Diario - Bolivia<\/title>\n<meta name=\"robots\" content=\"index, follow, max-snippet:-1, max-image-preview:large, max-video-preview:-1\" \/>\n<link rel=\"canonical\" href=\"https:\/\/www.eldiario.net\/portal\/2023\/10\/08\/subida-de-presupuesto-en-asamblea-legislativa\/\" \/>\n<meta property=\"og:locale\" content=\"es_ES\" \/>\n<meta property=\"og:type\" content=\"article\" \/>\n<meta property=\"og:title\" content=\"Subida de presupuesto en Asamblea Legislativa - El Diario - Bolivia\" \/>\n<meta property=\"og:description\" content=\"En el curso de \u00faltimas semanas, las c\u00e1maras baja y alta del \u00d3rgano Legislativo Plurinacional sesionaron, despu\u00e9s de varios recesos temporales cuando se proced\u00eda al tratamiento de una ley relacionada con las elecciones de magistrados, programadas inicialmente para fines de este a\u00f1o, pero ahora se espera que se efect\u00faen a principios del siguiente, si se [&hellip;]\" \/>\n<meta property=\"og:url\" content=\"https:\/\/www.eldiario.net\/portal\/2023\/10\/08\/subida-de-presupuesto-en-asamblea-legislativa\/\" \/>\n<meta property=\"og:site_name\" content=\"El Diario - Bolivia\" \/>\n<meta property=\"article:publisher\" content=\"https:\/\/www.facebook.com\/eldiario.bolivia\/\" \/>\n<meta property=\"article:published_time\" content=\"2023-10-08T09:53:34+00:00\" \/>\n<meta name=\"author\" content=\"Jeanette\" \/>\n<meta name=\"twitter:card\" content=\"summary_large_image\" \/>\n<meta name=\"twitter:creator\" content=\"@eldiario_net\" \/>\n<meta name=\"twitter:site\" content=\"@eldiario_net\" \/>\n<meta name=\"twitter:label1\" content=\"Escrito por\" \/>\n\t<meta name=\"twitter:data1\" content=\"Jeanette\" \/>\n\t<meta name=\"twitter:label2\" content=\"Tiempo de lectura\" \/>\n\t<meta name=\"twitter:data2\" content=\"2 minutos\" \/>\n<script type=\"application\/ld+json\" class=\"yoast-schema-graph\">{\"@context\":\"https:\\\/\\\/schema.org\",\"@graph\":[{\"@type\":\"Article\",\"@id\":\"https:\\\/\\\/www.eldiario.net\\\/portal\\\/2023\\\/10\\\/08\\\/subida-de-presupuesto-en-asamblea-legislativa\\\/#article\",\"isPartOf\":{\"@id\":\"https:\\\/\\\/www.eldiario.net\\\/portal\\\/2023\\\/10\\\/08\\\/subida-de-presupuesto-en-asamblea-legislativa\\\/\"},\"author\":{\"name\":\"Jeanette\",\"@id\":\"https:\\\/\\\/www.eldiario.net\\\/portal\\\/#\\\/schema\\\/person\\\/f46445640444750d7d753ccd04ae01b7\"},\"headline\":\"Subida de presupuesto en Asamblea Legislativa\",\"datePublished\":\"2023-10-08T09:53:34+00:00\",\"mainEntityOfPage\":{\"@id\":\"https:\\\/\\\/www.eldiario.net\\\/portal\\\/2023\\\/10\\\/08\\\/subida-de-presupuesto-en-asamblea-legislativa\\\/\"},\"wordCount\":475,\"publisher\":{\"@id\":\"https:\\\/\\\/www.eldiario.net\\\/portal\\\/#organization\"},\"articleSection\":[\"Editorial\"],\"inLanguage\":\"es\"},{\"@type\":\"WebPage\",\"@id\":\"https:\\\/\\\/www.eldiario.net\\\/portal\\\/2023\\\/10\\\/08\\\/subida-de-presupuesto-en-asamblea-legislativa\\\/\",\"url\":\"https:\\\/\\\/www.eldiario.net\\\/portal\\\/2023\\\/10\\\/08\\\/subida-de-presupuesto-en-asamblea-legislativa\\\/\",\"name\":\"Subida de presupuesto en Asamblea Legislativa - El Diario - Bolivia\",\"isPartOf\":{\"@id\":\"https:\\\/\\\/www.eldiario.net\\\/portal\\\/#website\"},\"datePublished\":\"2023-10-08T09:53:34+00:00\",\"breadcrumb\":{\"@id\":\"https:\\\/\\\/www.eldiario.net\\\/portal\\\/2023\\\/10\\\/08\\\/subida-de-presupuesto-en-asamblea-legislativa\\\/#breadcrumb\"},\"inLanguage\":\"es\",\"potentialAction\":[{\"@type\":\"ReadAction\",\"target\":[\"https:\\\/\\\/www.eldiario.net\\\/portal\\\/2023\\\/10\\\/08\\\/subida-de-presupuesto-en-asamblea-legislativa\\\/\"]}]},{\"@type\":\"BreadcrumbList\",\"@id\":\"https:\\\/\\\/www.eldiario.net\\\/portal\\\/2023\\\/10\\\/08\\\/subida-de-presupuesto-en-asamblea-legislativa\\\/#breadcrumb\",\"itemListElement\":[{\"@type\":\"ListItem\",\"position\":1,\"name\":\"Portada\",\"item\":\"https:\\\/\\\/www.eldiario.net\\\/portal\\\/\"},{\"@type\":\"ListItem\",\"position\":2,\"name\":\"Subida de presupuesto en Asamblea Legislativa\"}]},{\"@type\":\"WebSite\",\"@id\":\"https:\\\/\\\/www.eldiario.net\\\/portal\\\/#website\",\"url\":\"https:\\\/\\\/www.eldiario.net\\\/portal\\\/\",\"name\":\"El Diario - Decano de la prensa nacional\",\"description\":\"El Diario - Decano de la prensa nacional\",\"publisher\":{\"@id\":\"https:\\\/\\\/www.eldiario.net\\\/portal\\\/#organization\"},\"potentialAction\":[{\"@type\":\"SearchAction\",\"target\":{\"@type\":\"EntryPoint\",\"urlTemplate\":\"https:\\\/\\\/www.eldiario.net\\\/portal\\\/?s={search_term_string}\"},\"query-input\":{\"@type\":\"PropertyValueSpecification\",\"valueRequired\":true,\"valueName\":\"search_term_string\"}}],\"inLanguage\":\"es\"},{\"@type\":\"Organization\",\"@id\":\"https:\\\/\\\/www.eldiario.net\\\/portal\\\/#organization\",\"name\":\"El Diario - Decano de la prensa nacional\",\"url\":\"https:\\\/\\\/www.eldiario.net\\\/portal\\\/\",\"logo\":{\"@type\":\"ImageObject\",\"inLanguage\":\"es\",\"@id\":\"https:\\\/\\\/www.eldiario.net\\\/portal\\\/#\\\/schema\\\/logo\\\/image\\\/\",\"url\":\"https:\\\/\\\/www.eldiario.net\\\/portal\\\/wp-content\\\/uploads\\\/2023\\\/07\\\/logo_ED.jpg\",\"contentUrl\":\"https:\\\/\\\/www.eldiario.net\\\/portal\\\/wp-content\\\/uploads\\\/2023\\\/07\\\/logo_ED.jpg\",\"width\":272,\"height\":52,\"caption\":\"El Diario - Decano de la prensa nacional\"},\"image\":{\"@id\":\"https:\\\/\\\/www.eldiario.net\\\/portal\\\/#\\\/schema\\\/logo\\\/image\\\/\"},\"sameAs\":[\"https:\\\/\\\/www.facebook.com\\\/eldiario.bolivia\\\/\",\"https:\\\/\\\/x.com\\\/eldiario_net\"]},{\"@type\":\"Person\",\"@id\":\"https:\\\/\\\/www.eldiario.net\\\/portal\\\/#\\\/schema\\\/person\\\/f46445640444750d7d753ccd04ae01b7\",\"name\":\"Jeanette\",\"image\":{\"@type\":\"ImageObject\",\"inLanguage\":\"es\",\"@id\":\"https:\\\/\\\/secure.gravatar.com\\\/avatar\\\/3ea2118a5f7dad2b7138b1187a6b7ee55f160b9968b66013c3a3ef39dd7e5798?s=96&d=mm&r=g\",\"url\":\"https:\\\/\\\/secure.gravatar.com\\\/avatar\\\/3ea2118a5f7dad2b7138b1187a6b7ee55f160b9968b66013c3a3ef39dd7e5798?s=96&d=mm&r=g\",\"contentUrl\":\"https:\\\/\\\/secure.gravatar.com\\\/avatar\\\/3ea2118a5f7dad2b7138b1187a6b7ee55f160b9968b66013c3a3ef39dd7e5798?s=96&d=mm&r=g\",\"caption\":\"Jeanette\"},\"sameAs\":[\"https:\\\/\\\/www.eldiario.net\\\/portal\"],\"url\":\"https:\\\/\\\/www.eldiario.net\\\/portal\\\/author\\\/jeanette\\\/\"}]}<\/script>\n<!-- \/ Yoast SEO plugin. -->","yoast_head_json":{"title":"Subida de presupuesto en Asamblea Legislativa - El Diario - Bolivia","robots":{"index":"index","follow":"follow","max-snippet":"max-snippet:-1","max-image-preview":"max-image-preview:large","max-video-preview":"max-video-preview:-1"},"canonical":"https:\/\/www.eldiario.net\/portal\/2023\/10\/08\/subida-de-presupuesto-en-asamblea-legislativa\/","og_locale":"es_ES","og_type":"article","og_title":"Subida de presupuesto en Asamblea Legislativa - El Diario - Bolivia","og_description":"En el curso de \u00faltimas semanas, las c\u00e1maras baja y alta del \u00d3rgano Legislativo Plurinacional sesionaron, despu\u00e9s de varios recesos temporales cuando se proced\u00eda al tratamiento de una ley relacionada con las elecciones de magistrados, programadas inicialmente para fines de este a\u00f1o, pero ahora se espera que se efect\u00faen a principios del siguiente, si se [&hellip;]","og_url":"https:\/\/www.eldiario.net\/portal\/2023\/10\/08\/subida-de-presupuesto-en-asamblea-legislativa\/","og_site_name":"El Diario - Bolivia","article_publisher":"https:\/\/www.facebook.com\/eldiario.bolivia\/","article_published_time":"2023-10-08T09:53:34+00:00","author":"Jeanette","twitter_card":"summary_large_image","twitter_creator":"@eldiario_net","twitter_site":"@eldiario_net","twitter_misc":{"Escrito por":"Jeanette","Tiempo de lectura":"2 minutos"},"schema":{"@context":"https:\/\/schema.org","@graph":[{"@type":"Article","@id":"https:\/\/www.eldiario.net\/portal\/2023\/10\/08\/subida-de-presupuesto-en-asamblea-legislativa\/#article","isPartOf":{"@id":"https:\/\/www.eldiario.net\/portal\/2023\/10\/08\/subida-de-presupuesto-en-asamblea-legislativa\/"},"author":{"name":"Jeanette","@id":"https:\/\/www.eldiario.net\/portal\/#\/schema\/person\/f46445640444750d7d753ccd04ae01b7"},"headline":"Subida de presupuesto en Asamblea Legislativa","datePublished":"2023-10-08T09:53:34+00:00","mainEntityOfPage":{"@id":"https:\/\/www.eldiario.net\/portal\/2023\/10\/08\/subida-de-presupuesto-en-asamblea-legislativa\/"},"wordCount":475,"publisher":{"@id":"https:\/\/www.eldiario.net\/portal\/#organization"},"articleSection":["Editorial"],"inLanguage":"es"},{"@type":"WebPage","@id":"https:\/\/www.eldiario.net\/portal\/2023\/10\/08\/subida-de-presupuesto-en-asamblea-legislativa\/","url":"https:\/\/www.eldiario.net\/portal\/2023\/10\/08\/subida-de-presupuesto-en-asamblea-legislativa\/","name":"Subida de presupuesto en Asamblea Legislativa - El Diario - Bolivia","isPartOf":{"@id":"https:\/\/www.eldiario.net\/portal\/#website"},"datePublished":"2023-10-08T09:53:34+00:00","breadcrumb":{"@id":"https:\/\/www.eldiario.net\/portal\/2023\/10\/08\/subida-de-presupuesto-en-asamblea-legislativa\/#breadcrumb"},"inLanguage":"es","potentialAction":[{"@type":"ReadAction","target":["https:\/\/www.eldiario.net\/portal\/2023\/10\/08\/subida-de-presupuesto-en-asamblea-legislativa\/"]}]},{"@type":"BreadcrumbList","@id":"https:\/\/www.eldiario.net\/portal\/2023\/10\/08\/subida-de-presupuesto-en-asamblea-legislativa\/#breadcrumb","itemListElement":[{"@type":"ListItem","position":1,"name":"Portada","item":"https:\/\/www.eldiario.net\/portal\/"},{"@type":"ListItem","position":2,"name":"Subida de presupuesto en Asamblea Legislativa"}]},{"@type":"WebSite","@id":"https:\/\/www.eldiario.net\/portal\/#website","url":"https:\/\/www.eldiario.net\/portal\/","name":"El Diario - Decano de la prensa nacional","description":"El Diario - Decano de la prensa nacional","publisher":{"@id":"https:\/\/www.eldiario.net\/portal\/#organization"},"potentialAction":[{"@type":"SearchAction","target":{"@type":"EntryPoint","urlTemplate":"https:\/\/www.eldiario.net\/portal\/?s={search_term_string}"},"query-input":{"@type":"PropertyValueSpecification","valueRequired":true,"valueName":"search_term_string"}}],"inLanguage":"es"},{"@type":"Organization","@id":"https:\/\/www.eldiario.net\/portal\/#organization","name":"El Diario - Decano de la prensa nacional","url":"https:\/\/www.eldiario.net\/portal\/","logo":{"@type":"ImageObject","inLanguage":"es","@id":"https:\/\/www.eldiario.net\/portal\/#\/schema\/logo\/image\/","url":"https:\/\/www.eldiario.net\/portal\/wp-content\/uploads\/2023\/07\/logo_ED.jpg","contentUrl":"https:\/\/www.eldiario.net\/portal\/wp-content\/uploads\/2023\/07\/logo_ED.jpg","width":272,"height":52,"caption":"El Diario - Decano de la prensa nacional"},"image":{"@id":"https:\/\/www.eldiario.net\/portal\/#\/schema\/logo\/image\/"},"sameAs":["https:\/\/www.facebook.com\/eldiario.bolivia\/","https:\/\/x.com\/eldiario_net"]},{"@type":"Person","@id":"https:\/\/www.eldiario.net\/portal\/#\/schema\/person\/f46445640444750d7d753ccd04ae01b7","name":"Jeanette","image":{"@type":"ImageObject","inLanguage":"es","@id":"https:\/\/secure.gravatar.com\/avatar\/3ea2118a5f7dad2b7138b1187a6b7ee55f160b9968b66013c3a3ef39dd7e5798?s=96&d=mm&r=g","url":"https:\/\/secure.gravatar.com\/avatar\/3ea2118a5f7dad2b7138b1187a6b7ee55f160b9968b66013c3a3ef39dd7e5798?s=96&d=mm&r=g","contentUrl":"https:\/\/secure.gravatar.com\/avatar\/3ea2118a5f7dad2b7138b1187a6b7ee55f160b9968b66013c3a3ef39dd7e5798?s=96&d=mm&r=g","caption":"Jeanette"},"sameAs":["https:\/\/www.eldiario.net\/portal"],"url":"https:\/\/www.eldiario.net\/portal\/author\/jeanette\/"}]}},"_links":{"self":[{"href":"https:\/\/www.eldiario.net\/portal\/wp-json\/wp\/v2\/posts\/180884","targetHints":{"allow":["GET"]}}],"collection":[{"href":"https:\/\/www.eldiario.net\/portal\/wp-json\/wp\/v2\/posts"}],"about":[{"href":"https:\/\/www.eldiario.net\/portal\/wp-json\/wp\/v2\/types\/post"}],"author":[{"embeddable":true,"href":"https:\/\/www.eldiario.net\/portal\/wp-json\/wp\/v2\/users\/1"}],"replies":[{"embeddable":true,"href":"https:\/\/www.eldiario.net\/portal\/wp-json\/wp\/v2\/comments?post=180884"}],"version-history":[{"count":0,"href":"https:\/\/www.eldiario.net\/portal\/wp-json\/wp\/v2\/posts\/180884\/revisions"}],"wp:attachment":[{"href":"https:\/\/www.eldiario.net\/portal\/wp-json\/wp\/v2\/media?parent=180884"}],"wp:term":[{"taxonomy":"category","embeddable":true,"href":"https:\/\/www.eldiario.net\/portal\/wp-json\/wp\/v2\/categories?post=180884"},{"taxonomy":"post_tag","embeddable":true,"href":"https:\/\/www.eldiario.net\/portal\/wp-json\/wp\/v2\/tags?post=180884"}],"curies":[{"name":"wp","href":"https:\/\/api.w.org\/{rel}","templated":true}]}}