{"id":180032,"date":"2023-10-03T06:55:11","date_gmt":"2023-10-03T10:55:11","guid":{"rendered":"https:\/\/www.eldiario.net\/portal\/?p=180032"},"modified":"2023-10-03T06:55:11","modified_gmt":"2023-10-03T10:55:11","slug":"vendedoras-de-chantilly-proyectan-mejorar-sus-ingresos-gracias-al-calor","status":"publish","type":"post","link":"https:\/\/www.eldiario.net\/portal\/2023\/10\/03\/vendedoras-de-chantilly-proyectan-mejorar-sus-ingresos-gracias-al-calor\/","title":{"rendered":"Vendedoras de chantilly proyectan  mejorar sus ingresos gracias al calor"},"content":{"rendered":"<p>Con la llegada de una primavera, particularmente calurosa en el occidente de Bolivia, las vendedoras de crema chantilly tienen razones para sentirse optimistas. Prev\u00e9n que las altas temperaturas impulsar\u00e1n sus ventas y mejorar\u00e1n en algo sus ingresos; no obstante, aseguran que ser\u00e1 crucial hacer la elecci\u00f3n y provisi\u00f3n suficientes del ingrediente principal.<\/p>\n<p>A pesar de la tentaci\u00f3n de las batidoras autom\u00e1ticas, las chantillineras perseveran en mantener la tradici\u00f3n de batir a mano, porque saben que el sabor y la textura de la crema, no es igual.<\/p>\n<p>La crema debe levantar lo m\u00e1s que se pueda y el batido debe hacerse a mano, as\u00ed lo asegura Antonia, una vendedora con una tradici\u00f3n de 31 a\u00f1os.<\/p>\n<p>\u00abpor m\u00ed, puedo poner una batidora, pero pienso que voy a perder mis clientes. La clave de la receta est\u00e1 en la evaporada Gloria de Nestl\u00e9 y c\u00f3mo tiene que batirse\u00bb, dijo.<\/p>\n<p>\u201cConocemos el mercado y estamos atentos a las demandas de nuestros consumidores, por eso para respaldar las proyecciones que tienen las chantillineras para primavera y verano, en Nestl\u00e9 hemos hecho previsiones para garantizar el abastecimiento del producto a mercados mayoristas, almacenes, supermercados y tiendas\u201d, informa el gerente de Marketing de L\u00e1cteos, Bebidas y Culinarios de Nestl\u00e9 en Bolivia, Daniel Ballivi\u00e1n.<\/p>\n<p>Ver\u00f3nica Callisaya, otra vendedora, alega que si bien hay un incremento en la cantidad de ventas, \u201ca veces el calor tambi\u00e9n juega una mala pasada; hace que la leche no levante\u201d. El secreto para afrontar ese obst\u00e1culo lo tienen varias: usar una lata de Gloria de Nestl\u00e9 congelada y otra a temperatura ambiente; o en caso de no contar con lata del producto congelado, acuden a los cubos de hielo para que \u201cse mantenga as\u00ed como el Illimani, firme y blanquito\u201d.<\/p>\n<p>Mayor impulso<\/p>\n<p>Otra chantillinera, Eugenia, comenta animada que \u201cnormalmente, para estos meses de fin de a\u00f1o llegan tambi\u00e9n los caseros y las caseras del interior, porque a muchos les gusta pasar en La Paz d\u00edas m\u00e1s templados y frescos\u201d.<\/p>\n<p>Para dinamizar m\u00e1s la econom\u00eda de las vendedoras y otros consumidores bolivianos, evaporada Gloria de Nestl\u00e9 lanz\u00f3 una promoci\u00f3n que brinda la oportunidad de ganar premios en efectivo al instante al comprar las latas del producto.<\/p>\n<p>Desde este mes, cada lata de Evaporada GLORIA podr\u00e1 concursar en premios al instante, enviando el n\u00famero de lote y fecha de producci\u00f3n que se encuentra en la base de la lata al n\u00famero 77760781 a trav\u00e9s de WhatsApp y en seguida podr\u00e1n descubrir si ganar\u00e1n alguno de los m\u00e1s de 100 premios instant\u00e1neos de Bs 100, Bs 200 y Bs 500 y\/o participar en dos sorteos adicionales al final de la promoci\u00f3n, cuyos premios son sendos Bs 70.000 para los dos ganadores.<\/p>\n","protected":false},"excerpt":{"rendered":"<p>Con la llegada de una primavera, particularmente calurosa en el occidente de Bolivia, las vendedoras de crema chantilly tienen razones para sentirse optimistas. Prev\u00e9n que las altas temperaturas impulsar\u00e1n sus ventas y mejorar\u00e1n en algo sus ingresos; no obstante, aseguran que ser\u00e1 crucial hacer la elecci\u00f3n y provisi\u00f3n suficientes del ingrediente principal. A pesar de [&hellip;]<\/p>\n","protected":false},"author":1,"featured_media":180033,"comment_status":"closed","ping_status":"open","sticky":false,"template":"","format":"standard","meta":{"_acf_changed":false,"footnotes":""},"categories":[7],"tags":[],"class_list":["post-180032","post","type-post","status-publish","format-standard","has-post-thumbnail","category-economia"],"acf":{"antetitulo":""},"yoast_head":"<!-- This site is optimized with the Yoast SEO plugin v28.3 - https:\/\/yoast.com\/product\/yoast-seo-wordpress\/ -->\n<title>Vendedoras de chantilly proyectan mejorar sus ingresos gracias al calor - El Diario - Bolivia<\/title>\n<meta name=\"robots\" content=\"index, follow, max-snippet:-1, max-image-preview:large, max-video-preview:-1\" \/>\n<link rel=\"canonical\" href=\"https:\/\/www.eldiario.net\/portal\/2023\/10\/03\/vendedoras-de-chantilly-proyectan-mejorar-sus-ingresos-gracias-al-calor\/\" \/>\n<meta property=\"og:locale\" content=\"es_ES\" \/>\n<meta property=\"og:type\" content=\"article\" \/>\n<meta property=\"og:title\" content=\"Vendedoras de chantilly proyectan mejorar sus ingresos gracias al calor - El Diario - Bolivia\" \/>\n<meta property=\"og:description\" content=\"Con la llegada de una primavera, particularmente calurosa en el occidente de Bolivia, las vendedoras de crema chantilly tienen razones para sentirse optimistas. Prev\u00e9n que las altas temperaturas impulsar\u00e1n sus ventas y mejorar\u00e1n en algo sus ingresos; no obstante, aseguran que ser\u00e1 crucial hacer la elecci\u00f3n y provisi\u00f3n suficientes del ingrediente principal. A pesar de [&hellip;]\" \/>\n<meta property=\"og:url\" content=\"https:\/\/www.eldiario.net\/portal\/2023\/10\/03\/vendedoras-de-chantilly-proyectan-mejorar-sus-ingresos-gracias-al-calor\/\" \/>\n<meta property=\"og:site_name\" content=\"El Diario - Bolivia\" \/>\n<meta property=\"article:publisher\" content=\"https:\/\/www.facebook.com\/eldiario.bolivia\/\" \/>\n<meta property=\"article:published_time\" content=\"2023-10-03T10:55:11+00:00\" \/>\n<meta property=\"og:image\" content=\"https:\/\/www.eldiario.net\/portal\/wp-content\/uploads\/2023\/10\/CHANTY-FOTO.jpg\" \/>\n\t<meta property=\"og:image:width\" content=\"1599\" \/>\n\t<meta property=\"og:image:height\" content=\"899\" \/>\n\t<meta property=\"og:image:type\" content=\"image\/jpeg\" \/>\n<meta name=\"author\" content=\"Jeanette\" \/>\n<meta name=\"twitter:card\" content=\"summary_large_image\" \/>\n<meta name=\"twitter:creator\" content=\"@eldiario_net\" \/>\n<meta name=\"twitter:site\" content=\"@eldiario_net\" \/>\n<meta name=\"twitter:label1\" content=\"Escrito por\" \/>\n\t<meta name=\"twitter:data1\" content=\"Jeanette\" \/>\n\t<meta name=\"twitter:label2\" content=\"Tiempo de lectura\" \/>\n\t<meta name=\"twitter:data2\" content=\"3 minutos\" \/>\n<script type=\"application\/ld+json\" class=\"yoast-schema-graph\">{\"@context\":\"https:\\\/\\\/schema.org\",\"@graph\":[{\"@type\":\"Article\",\"@id\":\"https:\\\/\\\/www.eldiario.net\\\/portal\\\/2023\\\/10\\\/03\\\/vendedoras-de-chantilly-proyectan-mejorar-sus-ingresos-gracias-al-calor\\\/#article\",\"isPartOf\":{\"@id\":\"https:\\\/\\\/www.eldiario.net\\\/portal\\\/2023\\\/10\\\/03\\\/vendedoras-de-chantilly-proyectan-mejorar-sus-ingresos-gracias-al-calor\\\/\"},\"author\":{\"name\":\"Jeanette\",\"@id\":\"https:\\\/\\\/www.eldiario.net\\\/portal\\\/#\\\/schema\\\/person\\\/f46445640444750d7d753ccd04ae01b7\"},\"headline\":\"Vendedoras de chantilly proyectan mejorar sus ingresos gracias al calor\",\"datePublished\":\"2023-10-03T10:55:11+00:00\",\"mainEntityOfPage\":{\"@id\":\"https:\\\/\\\/www.eldiario.net\\\/portal\\\/2023\\\/10\\\/03\\\/vendedoras-de-chantilly-proyectan-mejorar-sus-ingresos-gracias-al-calor\\\/\"},\"wordCount\":482,\"publisher\":{\"@id\":\"https:\\\/\\\/www.eldiario.net\\\/portal\\\/#organization\"},\"image\":{\"@id\":\"https:\\\/\\\/www.eldiario.net\\\/portal\\\/2023\\\/10\\\/03\\\/vendedoras-de-chantilly-proyectan-mejorar-sus-ingresos-gracias-al-calor\\\/#primaryimage\"},\"thumbnailUrl\":\"https:\\\/\\\/www.eldiario.net\\\/portal\\\/wp-content\\\/uploads\\\/2023\\\/10\\\/CHANTY-FOTO.jpg\",\"articleSection\":[\"Econom\u00eda\"],\"inLanguage\":\"es\"},{\"@type\":\"WebPage\",\"@id\":\"https:\\\/\\\/www.eldiario.net\\\/portal\\\/2023\\\/10\\\/03\\\/vendedoras-de-chantilly-proyectan-mejorar-sus-ingresos-gracias-al-calor\\\/\",\"url\":\"https:\\\/\\\/www.eldiario.net\\\/portal\\\/2023\\\/10\\\/03\\\/vendedoras-de-chantilly-proyectan-mejorar-sus-ingresos-gracias-al-calor\\\/\",\"name\":\"Vendedoras de chantilly proyectan mejorar sus ingresos gracias al calor - El Diario - Bolivia\",\"isPartOf\":{\"@id\":\"https:\\\/\\\/www.eldiario.net\\\/portal\\\/#website\"},\"primaryImageOfPage\":{\"@id\":\"https:\\\/\\\/www.eldiario.net\\\/portal\\\/2023\\\/10\\\/03\\\/vendedoras-de-chantilly-proyectan-mejorar-sus-ingresos-gracias-al-calor\\\/#primaryimage\"},\"image\":{\"@id\":\"https:\\\/\\\/www.eldiario.net\\\/portal\\\/2023\\\/10\\\/03\\\/vendedoras-de-chantilly-proyectan-mejorar-sus-ingresos-gracias-al-calor\\\/#primaryimage\"},\"thumbnailUrl\":\"https:\\\/\\\/www.eldiario.net\\\/portal\\\/wp-content\\\/uploads\\\/2023\\\/10\\\/CHANTY-FOTO.jpg\",\"datePublished\":\"2023-10-03T10:55:11+00:00\",\"breadcrumb\":{\"@id\":\"https:\\\/\\\/www.eldiario.net\\\/portal\\\/2023\\\/10\\\/03\\\/vendedoras-de-chantilly-proyectan-mejorar-sus-ingresos-gracias-al-calor\\\/#breadcrumb\"},\"inLanguage\":\"es\",\"potentialAction\":[{\"@type\":\"ReadAction\",\"target\":[\"https:\\\/\\\/www.eldiario.net\\\/portal\\\/2023\\\/10\\\/03\\\/vendedoras-de-chantilly-proyectan-mejorar-sus-ingresos-gracias-al-calor\\\/\"]}]},{\"@type\":\"ImageObject\",\"inLanguage\":\"es\",\"@id\":\"https:\\\/\\\/www.eldiario.net\\\/portal\\\/2023\\\/10\\\/03\\\/vendedoras-de-chantilly-proyectan-mejorar-sus-ingresos-gracias-al-calor\\\/#primaryimage\",\"url\":\"https:\\\/\\\/www.eldiario.net\\\/portal\\\/wp-content\\\/uploads\\\/2023\\\/10\\\/CHANTY-FOTO.jpg\",\"contentUrl\":\"https:\\\/\\\/www.eldiario.net\\\/portal\\\/wp-content\\\/uploads\\\/2023\\\/10\\\/CHANTY-FOTO.jpg\",\"width\":1599,\"height\":899,\"caption\":\"Vendedoras de chantillyn. Foto oficial\"},{\"@type\":\"BreadcrumbList\",\"@id\":\"https:\\\/\\\/www.eldiario.net\\\/portal\\\/2023\\\/10\\\/03\\\/vendedoras-de-chantilly-proyectan-mejorar-sus-ingresos-gracias-al-calor\\\/#breadcrumb\",\"itemListElement\":[{\"@type\":\"ListItem\",\"position\":1,\"name\":\"Portada\",\"item\":\"https:\\\/\\\/www.eldiario.net\\\/portal\\\/\"},{\"@type\":\"ListItem\",\"position\":2,\"name\":\"Vendedoras de chantilly proyectan mejorar sus ingresos gracias al calor\"}]},{\"@type\":\"WebSite\",\"@id\":\"https:\\\/\\\/www.eldiario.net\\\/portal\\\/#website\",\"url\":\"https:\\\/\\\/www.eldiario.net\\\/portal\\\/\",\"name\":\"El Diario - Decano de la prensa nacional\",\"description\":\"El Diario - Decano de la prensa nacional\",\"publisher\":{\"@id\":\"https:\\\/\\\/www.eldiario.net\\\/portal\\\/#organization\"},\"potentialAction\":[{\"@type\":\"SearchAction\",\"target\":{\"@type\":\"EntryPoint\",\"urlTemplate\":\"https:\\\/\\\/www.eldiario.net\\\/portal\\\/?s={search_term_string}\"},\"query-input\":{\"@type\":\"PropertyValueSpecification\",\"valueRequired\":true,\"valueName\":\"search_term_string\"}}],\"inLanguage\":\"es\"},{\"@type\":\"Organization\",\"@id\":\"https:\\\/\\\/www.eldiario.net\\\/portal\\\/#organization\",\"name\":\"El Diario - Decano de la prensa nacional\",\"url\":\"https:\\\/\\\/www.eldiario.net\\\/portal\\\/\",\"logo\":{\"@type\":\"ImageObject\",\"inLanguage\":\"es\",\"@id\":\"https:\\\/\\\/www.eldiario.net\\\/portal\\\/#\\\/schema\\\/logo\\\/image\\\/\",\"url\":\"https:\\\/\\\/www.eldiario.net\\\/portal\\\/wp-content\\\/uploads\\\/2023\\\/07\\\/logo_ED.jpg\",\"contentUrl\":\"https:\\\/\\\/www.eldiario.net\\\/portal\\\/wp-content\\\/uploads\\\/2023\\\/07\\\/logo_ED.jpg\",\"width\":272,\"height\":52,\"caption\":\"El Diario - Decano de la prensa nacional\"},\"image\":{\"@id\":\"https:\\\/\\\/www.eldiario.net\\\/portal\\\/#\\\/schema\\\/logo\\\/image\\\/\"},\"sameAs\":[\"https:\\\/\\\/www.facebook.com\\\/eldiario.bolivia\\\/\",\"https:\\\/\\\/x.com\\\/eldiario_net\"]},{\"@type\":\"Person\",\"@id\":\"https:\\\/\\\/www.eldiario.net\\\/portal\\\/#\\\/schema\\\/person\\\/f46445640444750d7d753ccd04ae01b7\",\"name\":\"Jeanette\",\"image\":{\"@type\":\"ImageObject\",\"inLanguage\":\"es\",\"@id\":\"https:\\\/\\\/secure.gravatar.com\\\/avatar\\\/3ea2118a5f7dad2b7138b1187a6b7ee55f160b9968b66013c3a3ef39dd7e5798?s=96&d=mm&r=g\",\"url\":\"https:\\\/\\\/secure.gravatar.com\\\/avatar\\\/3ea2118a5f7dad2b7138b1187a6b7ee55f160b9968b66013c3a3ef39dd7e5798?s=96&d=mm&r=g\",\"contentUrl\":\"https:\\\/\\\/secure.gravatar.com\\\/avatar\\\/3ea2118a5f7dad2b7138b1187a6b7ee55f160b9968b66013c3a3ef39dd7e5798?s=96&d=mm&r=g\",\"caption\":\"Jeanette\"},\"sameAs\":[\"https:\\\/\\\/www.eldiario.net\\\/portal\"],\"url\":\"https:\\\/\\\/www.eldiario.net\\\/portal\\\/author\\\/jeanette\\\/\"}]}<\/script>\n<!-- \/ Yoast SEO plugin. -->","yoast_head_json":{"title":"Vendedoras de chantilly proyectan mejorar sus ingresos gracias al calor - El Diario - Bolivia","robots":{"index":"index","follow":"follow","max-snippet":"max-snippet:-1","max-image-preview":"max-image-preview:large","max-video-preview":"max-video-preview:-1"},"canonical":"https:\/\/www.eldiario.net\/portal\/2023\/10\/03\/vendedoras-de-chantilly-proyectan-mejorar-sus-ingresos-gracias-al-calor\/","og_locale":"es_ES","og_type":"article","og_title":"Vendedoras de chantilly proyectan mejorar sus ingresos gracias al calor - El Diario - Bolivia","og_description":"Con la llegada de una primavera, particularmente calurosa en el occidente de Bolivia, las vendedoras de crema chantilly tienen razones para sentirse optimistas. Prev\u00e9n que las altas temperaturas impulsar\u00e1n sus ventas y mejorar\u00e1n en algo sus ingresos; no obstante, aseguran que ser\u00e1 crucial hacer la elecci\u00f3n y provisi\u00f3n suficientes del ingrediente principal. A pesar de [&hellip;]","og_url":"https:\/\/www.eldiario.net\/portal\/2023\/10\/03\/vendedoras-de-chantilly-proyectan-mejorar-sus-ingresos-gracias-al-calor\/","og_site_name":"El Diario - Bolivia","article_publisher":"https:\/\/www.facebook.com\/eldiario.bolivia\/","article_published_time":"2023-10-03T10:55:11+00:00","og_image":[{"width":1599,"height":899,"url":"https:\/\/www.eldiario.net\/portal\/wp-content\/uploads\/2023\/10\/CHANTY-FOTO.jpg","type":"image\/jpeg"}],"author":"Jeanette","twitter_card":"summary_large_image","twitter_creator":"@eldiario_net","twitter_site":"@eldiario_net","twitter_misc":{"Escrito por":"Jeanette","Tiempo de lectura":"3 minutos"},"schema":{"@context":"https:\/\/schema.org","@graph":[{"@type":"Article","@id":"https:\/\/www.eldiario.net\/portal\/2023\/10\/03\/vendedoras-de-chantilly-proyectan-mejorar-sus-ingresos-gracias-al-calor\/#article","isPartOf":{"@id":"https:\/\/www.eldiario.net\/portal\/2023\/10\/03\/vendedoras-de-chantilly-proyectan-mejorar-sus-ingresos-gracias-al-calor\/"},"author":{"name":"Jeanette","@id":"https:\/\/www.eldiario.net\/portal\/#\/schema\/person\/f46445640444750d7d753ccd04ae01b7"},"headline":"Vendedoras de chantilly proyectan mejorar sus ingresos gracias al calor","datePublished":"2023-10-03T10:55:11+00:00","mainEntityOfPage":{"@id":"https:\/\/www.eldiario.net\/portal\/2023\/10\/03\/vendedoras-de-chantilly-proyectan-mejorar-sus-ingresos-gracias-al-calor\/"},"wordCount":482,"publisher":{"@id":"https:\/\/www.eldiario.net\/portal\/#organization"},"image":{"@id":"https:\/\/www.eldiario.net\/portal\/2023\/10\/03\/vendedoras-de-chantilly-proyectan-mejorar-sus-ingresos-gracias-al-calor\/#primaryimage"},"thumbnailUrl":"https:\/\/www.eldiario.net\/portal\/wp-content\/uploads\/2023\/10\/CHANTY-FOTO.jpg","articleSection":["Econom\u00eda"],"inLanguage":"es"},{"@type":"WebPage","@id":"https:\/\/www.eldiario.net\/portal\/2023\/10\/03\/vendedoras-de-chantilly-proyectan-mejorar-sus-ingresos-gracias-al-calor\/","url":"https:\/\/www.eldiario.net\/portal\/2023\/10\/03\/vendedoras-de-chantilly-proyectan-mejorar-sus-ingresos-gracias-al-calor\/","name":"Vendedoras de chantilly proyectan mejorar sus ingresos gracias al calor - El Diario - Bolivia","isPartOf":{"@id":"https:\/\/www.eldiario.net\/portal\/#website"},"primaryImageOfPage":{"@id":"https:\/\/www.eldiario.net\/portal\/2023\/10\/03\/vendedoras-de-chantilly-proyectan-mejorar-sus-ingresos-gracias-al-calor\/#primaryimage"},"image":{"@id":"https:\/\/www.eldiario.net\/portal\/2023\/10\/03\/vendedoras-de-chantilly-proyectan-mejorar-sus-ingresos-gracias-al-calor\/#primaryimage"},"thumbnailUrl":"https:\/\/www.eldiario.net\/portal\/wp-content\/uploads\/2023\/10\/CHANTY-FOTO.jpg","datePublished":"2023-10-03T10:55:11+00:00","breadcrumb":{"@id":"https:\/\/www.eldiario.net\/portal\/2023\/10\/03\/vendedoras-de-chantilly-proyectan-mejorar-sus-ingresos-gracias-al-calor\/#breadcrumb"},"inLanguage":"es","potentialAction":[{"@type":"ReadAction","target":["https:\/\/www.eldiario.net\/portal\/2023\/10\/03\/vendedoras-de-chantilly-proyectan-mejorar-sus-ingresos-gracias-al-calor\/"]}]},{"@type":"ImageObject","inLanguage":"es","@id":"https:\/\/www.eldiario.net\/portal\/2023\/10\/03\/vendedoras-de-chantilly-proyectan-mejorar-sus-ingresos-gracias-al-calor\/#primaryimage","url":"https:\/\/www.eldiario.net\/portal\/wp-content\/uploads\/2023\/10\/CHANTY-FOTO.jpg","contentUrl":"https:\/\/www.eldiario.net\/portal\/wp-content\/uploads\/2023\/10\/CHANTY-FOTO.jpg","width":1599,"height":899,"caption":"Vendedoras de chantillyn. Foto oficial"},{"@type":"BreadcrumbList","@id":"https:\/\/www.eldiario.net\/portal\/2023\/10\/03\/vendedoras-de-chantilly-proyectan-mejorar-sus-ingresos-gracias-al-calor\/#breadcrumb","itemListElement":[{"@type":"ListItem","position":1,"name":"Portada","item":"https:\/\/www.eldiario.net\/portal\/"},{"@type":"ListItem","position":2,"name":"Vendedoras de chantilly proyectan mejorar sus ingresos gracias al calor"}]},{"@type":"WebSite","@id":"https:\/\/www.eldiario.net\/portal\/#website","url":"https:\/\/www.eldiario.net\/portal\/","name":"El Diario - Decano de la prensa nacional","description":"El Diario - Decano de la prensa nacional","publisher":{"@id":"https:\/\/www.eldiario.net\/portal\/#organization"},"potentialAction":[{"@type":"SearchAction","target":{"@type":"EntryPoint","urlTemplate":"https:\/\/www.eldiario.net\/portal\/?s={search_term_string}"},"query-input":{"@type":"PropertyValueSpecification","valueRequired":true,"valueName":"search_term_string"}}],"inLanguage":"es"},{"@type":"Organization","@id":"https:\/\/www.eldiario.net\/portal\/#organization","name":"El Diario - Decano de la prensa nacional","url":"https:\/\/www.eldiario.net\/portal\/","logo":{"@type":"ImageObject","inLanguage":"es","@id":"https:\/\/www.eldiario.net\/portal\/#\/schema\/logo\/image\/","url":"https:\/\/www.eldiario.net\/portal\/wp-content\/uploads\/2023\/07\/logo_ED.jpg","contentUrl":"https:\/\/www.eldiario.net\/portal\/wp-content\/uploads\/2023\/07\/logo_ED.jpg","width":272,"height":52,"caption":"El Diario - Decano de la prensa nacional"},"image":{"@id":"https:\/\/www.eldiario.net\/portal\/#\/schema\/logo\/image\/"},"sameAs":["https:\/\/www.facebook.com\/eldiario.bolivia\/","https:\/\/x.com\/eldiario_net"]},{"@type":"Person","@id":"https:\/\/www.eldiario.net\/portal\/#\/schema\/person\/f46445640444750d7d753ccd04ae01b7","name":"Jeanette","image":{"@type":"ImageObject","inLanguage":"es","@id":"https:\/\/secure.gravatar.com\/avatar\/3ea2118a5f7dad2b7138b1187a6b7ee55f160b9968b66013c3a3ef39dd7e5798?s=96&d=mm&r=g","url":"https:\/\/secure.gravatar.com\/avatar\/3ea2118a5f7dad2b7138b1187a6b7ee55f160b9968b66013c3a3ef39dd7e5798?s=96&d=mm&r=g","contentUrl":"https:\/\/secure.gravatar.com\/avatar\/3ea2118a5f7dad2b7138b1187a6b7ee55f160b9968b66013c3a3ef39dd7e5798?s=96&d=mm&r=g","caption":"Jeanette"},"sameAs":["https:\/\/www.eldiario.net\/portal"],"url":"https:\/\/www.eldiario.net\/portal\/author\/jeanette\/"}]}},"_links":{"self":[{"href":"https:\/\/www.eldiario.net\/portal\/wp-json\/wp\/v2\/posts\/180032","targetHints":{"allow":["GET"]}}],"collection":[{"href":"https:\/\/www.eldiario.net\/portal\/wp-json\/wp\/v2\/posts"}],"about":[{"href":"https:\/\/www.eldiario.net\/portal\/wp-json\/wp\/v2\/types\/post"}],"author":[{"embeddable":true,"href":"https:\/\/www.eldiario.net\/portal\/wp-json\/wp\/v2\/users\/1"}],"replies":[{"embeddable":true,"href":"https:\/\/www.eldiario.net\/portal\/wp-json\/wp\/v2\/comments?post=180032"}],"version-history":[{"count":0,"href":"https:\/\/www.eldiario.net\/portal\/wp-json\/wp\/v2\/posts\/180032\/revisions"}],"wp:featuredmedia":[{"embeddable":true,"href":"https:\/\/www.eldiario.net\/portal\/wp-json\/wp\/v2\/media\/180033"}],"wp:attachment":[{"href":"https:\/\/www.eldiario.net\/portal\/wp-json\/wp\/v2\/media?parent=180032"}],"wp:term":[{"taxonomy":"category","embeddable":true,"href":"https:\/\/www.eldiario.net\/portal\/wp-json\/wp\/v2\/categories?post=180032"},{"taxonomy":"post_tag","embeddable":true,"href":"https:\/\/www.eldiario.net\/portal\/wp-json\/wp\/v2\/tags?post=180032"}],"curies":[{"name":"wp","href":"https:\/\/api.w.org\/{rel}","templated":true}]}}