{"id":180029,"date":"2023-10-03T06:54:16","date_gmt":"2023-10-03T10:54:16","guid":{"rendered":"https:\/\/www.eldiario.net\/portal\/?p=180029"},"modified":"2023-10-03T06:54:16","modified_gmt":"2023-10-03T10:54:16","slug":"lanzaran-en-un-mes-licitacion-del-puente-bolivia-brasil","status":"publish","type":"post","link":"https:\/\/www.eldiario.net\/portal\/2023\/10\/03\/lanzaran-en-un-mes-licitacion-del-puente-bolivia-brasil\/","title":{"rendered":"Lanzar\u00e1n en un mes licitaci\u00f3n  del puente Bolivia-Brasil"},"content":{"rendered":"<p>Dentro de un mes se lanzar\u00e1 el proceso de licitaci\u00f3n para la construcci\u00f3n del proyecto del puente binacional Guayaramer\u00edn, Beni, con Guajar\u00e1 Mirim, Brasil, anunci\u00f3 el ministro de Obras P\u00fablicas, Edgar Monta\u00f1o, que consider\u00f3 que \u201cya no tienen raz\u00f3n\u201d las movilizaciones.<\/p>\n<p>\u201cYa no hay duda de que la construcci\u00f3n se realiza y que tambi\u00e9n la licitaci\u00f3n se va a efectivizar y de acuerdo a la informaci\u00f3n recibida el d\u00eda de hoy de nuestros pares brasileros, en m\u00e1s o menos 30 d\u00edas, por lo tanto, ya tenemos fecha y tenemos cronograma\u201d, inform\u00f3 el ministro de Obras Publicas, Edgar Monta\u00f1o.<\/p>\n<p>El viceministro de Comercio Exterior e Integraci\u00f3n, Benjam\u00edn Blanco, explic\u00f3 que en el acta acordada entre ambos pa\u00edses se se\u00f1ala que se adoptar\u00e1n las \u201cmodificaciones necesarias\u201d planteadas por Bolivia durante la fase de la elaboraci\u00f3n del proyecto que hizo legar el 6 de julio.<\/p>\n<p>Seg\u00fan Monta\u00f1o, lo que ahora resta es que cada uno de los actores involucrados en el proyecto, principalmente en Guayaramer\u00edn es dedicarse a la construcci\u00f3n del puente binacional que pasar\u00e1 sobre el r\u00edo Mamor\u00e9.<\/p>\n<p>Los c\u00edvicos de ese municipio beniano anunciaron radicalizar sus medidas de presi\u00f3n con un paro de 48 horas para este martes y mi\u00e9rcoles en demanda de la aprobaci\u00f3n del proyecto del puente Binacional a pesar de que hubo reuniones entre representantes de ambos pa\u00edses para concretar el proyecto.<\/p>\n<p>\u201cSi est\u00e1n convocando a un paro ya no tiene raz\u00f3n de ser, hace m\u00e1s de 15 d\u00edas ya no ten\u00eda raz\u00f3n de ser porque hemos estado informando a la poblaci\u00f3n que los avances eran importantes y que adem\u00e1s de eso la llamada que hizo el presidente Lucho al mandatario Lula dada por finalizado cualquier duda sobre la construcci\u00f3n del puente\u201d, afirm\u00f3 Monta\u00f1o.<\/p>\n<p>La autoridad anunci\u00f3 que esta semana se trasladar\u00e1 personalmente a Beni para informar a todas las organizaciones sociales sobre los acuerdos alcanzados para concretar el proyecto. (Erbol)<\/p>\n","protected":false},"excerpt":{"rendered":"<p>Dentro de un mes se lanzar\u00e1 el proceso de licitaci\u00f3n para la construcci\u00f3n del proyecto del puente binacional Guayaramer\u00edn, Beni, con Guajar\u00e1 Mirim, Brasil, anunci\u00f3 el ministro de Obras P\u00fablicas, Edgar Monta\u00f1o, que consider\u00f3 que \u201cya no tienen raz\u00f3n\u201d las movilizaciones. \u201cYa no hay duda de que la construcci\u00f3n se realiza y que tambi\u00e9n la [&hellip;]<\/p>\n","protected":false},"author":1,"featured_media":180030,"comment_status":"closed","ping_status":"open","sticky":false,"template":"","format":"standard","meta":{"_acf_changed":false,"footnotes":""},"categories":[7],"tags":[],"class_list":["post-180029","post","type-post","status-publish","format-standard","has-post-thumbnail","category-economia"],"acf":{"antetitulo":""},"yoast_head":"<!-- This site is optimized with the Yoast SEO plugin v28.3 - https:\/\/yoast.com\/product\/yoast-seo-wordpress\/ -->\n<title>Lanzar\u00e1n en un mes licitaci\u00f3n del puente Bolivia-Brasil - El Diario - Bolivia<\/title>\n<meta name=\"robots\" content=\"index, follow, max-snippet:-1, max-image-preview:large, max-video-preview:-1\" \/>\n<link rel=\"canonical\" href=\"https:\/\/www.eldiario.net\/portal\/2023\/10\/03\/lanzaran-en-un-mes-licitacion-del-puente-bolivia-brasil\/\" \/>\n<meta property=\"og:locale\" content=\"es_ES\" \/>\n<meta property=\"og:type\" content=\"article\" \/>\n<meta property=\"og:title\" content=\"Lanzar\u00e1n en un mes licitaci\u00f3n del puente Bolivia-Brasil - El Diario - Bolivia\" \/>\n<meta property=\"og:description\" content=\"Dentro de un mes se lanzar\u00e1 el proceso de licitaci\u00f3n para la construcci\u00f3n del proyecto del puente binacional Guayaramer\u00edn, Beni, con Guajar\u00e1 Mirim, Brasil, anunci\u00f3 el ministro de Obras P\u00fablicas, Edgar Monta\u00f1o, que consider\u00f3 que \u201cya no tienen raz\u00f3n\u201d las movilizaciones. \u201cYa no hay duda de que la construcci\u00f3n se realiza y que tambi\u00e9n la [&hellip;]\" \/>\n<meta property=\"og:url\" content=\"https:\/\/www.eldiario.net\/portal\/2023\/10\/03\/lanzaran-en-un-mes-licitacion-del-puente-bolivia-brasil\/\" \/>\n<meta property=\"og:site_name\" content=\"El Diario - Bolivia\" \/>\n<meta property=\"article:publisher\" content=\"https:\/\/www.facebook.com\/eldiario.bolivia\/\" \/>\n<meta property=\"article:published_time\" content=\"2023-10-03T10:54:16+00:00\" \/>\n<meta property=\"og:image\" content=\"https:\/\/www.eldiario.net\/portal\/wp-content\/uploads\/2023\/10\/PUENTE-FOTO.jpg\" \/>\n\t<meta property=\"og:image:width\" content=\"1377\" \/>\n\t<meta property=\"og:image:height\" content=\"725\" \/>\n\t<meta property=\"og:image:type\" content=\"image\/jpeg\" \/>\n<meta name=\"author\" content=\"Jeanette\" \/>\n<meta name=\"twitter:card\" content=\"summary_large_image\" \/>\n<meta name=\"twitter:creator\" content=\"@eldiario_net\" \/>\n<meta name=\"twitter:site\" content=\"@eldiario_net\" \/>\n<meta name=\"twitter:label1\" content=\"Escrito por\" \/>\n\t<meta name=\"twitter:data1\" content=\"Jeanette\" \/>\n\t<meta name=\"twitter:label2\" content=\"Tiempo de lectura\" \/>\n\t<meta name=\"twitter:data2\" content=\"2 minutos\" \/>\n<script type=\"application\/ld+json\" class=\"yoast-schema-graph\">{\"@context\":\"https:\\\/\\\/schema.org\",\"@graph\":[{\"@type\":\"Article\",\"@id\":\"https:\\\/\\\/www.eldiario.net\\\/portal\\\/2023\\\/10\\\/03\\\/lanzaran-en-un-mes-licitacion-del-puente-bolivia-brasil\\\/#article\",\"isPartOf\":{\"@id\":\"https:\\\/\\\/www.eldiario.net\\\/portal\\\/2023\\\/10\\\/03\\\/lanzaran-en-un-mes-licitacion-del-puente-bolivia-brasil\\\/\"},\"author\":{\"name\":\"Jeanette\",\"@id\":\"https:\\\/\\\/www.eldiario.net\\\/portal\\\/#\\\/schema\\\/person\\\/f46445640444750d7d753ccd04ae01b7\"},\"headline\":\"Lanzar\u00e1n en un mes licitaci\u00f3n del puente Bolivia-Brasil\",\"datePublished\":\"2023-10-03T10:54:16+00:00\",\"mainEntityOfPage\":{\"@id\":\"https:\\\/\\\/www.eldiario.net\\\/portal\\\/2023\\\/10\\\/03\\\/lanzaran-en-un-mes-licitacion-del-puente-bolivia-brasil\\\/\"},\"wordCount\":359,\"publisher\":{\"@id\":\"https:\\\/\\\/www.eldiario.net\\\/portal\\\/#organization\"},\"image\":{\"@id\":\"https:\\\/\\\/www.eldiario.net\\\/portal\\\/2023\\\/10\\\/03\\\/lanzaran-en-un-mes-licitacion-del-puente-bolivia-brasil\\\/#primaryimage\"},\"thumbnailUrl\":\"https:\\\/\\\/www.eldiario.net\\\/portal\\\/wp-content\\\/uploads\\\/2023\\\/10\\\/PUENTE-FOTO.jpg\",\"articleSection\":[\"Econom\u00eda\"],\"inLanguage\":\"es\"},{\"@type\":\"WebPage\",\"@id\":\"https:\\\/\\\/www.eldiario.net\\\/portal\\\/2023\\\/10\\\/03\\\/lanzaran-en-un-mes-licitacion-del-puente-bolivia-brasil\\\/\",\"url\":\"https:\\\/\\\/www.eldiario.net\\\/portal\\\/2023\\\/10\\\/03\\\/lanzaran-en-un-mes-licitacion-del-puente-bolivia-brasil\\\/\",\"name\":\"Lanzar\u00e1n en un mes licitaci\u00f3n del puente Bolivia-Brasil - El Diario - Bolivia\",\"isPartOf\":{\"@id\":\"https:\\\/\\\/www.eldiario.net\\\/portal\\\/#website\"},\"primaryImageOfPage\":{\"@id\":\"https:\\\/\\\/www.eldiario.net\\\/portal\\\/2023\\\/10\\\/03\\\/lanzaran-en-un-mes-licitacion-del-puente-bolivia-brasil\\\/#primaryimage\"},\"image\":{\"@id\":\"https:\\\/\\\/www.eldiario.net\\\/portal\\\/2023\\\/10\\\/03\\\/lanzaran-en-un-mes-licitacion-del-puente-bolivia-brasil\\\/#primaryimage\"},\"thumbnailUrl\":\"https:\\\/\\\/www.eldiario.net\\\/portal\\\/wp-content\\\/uploads\\\/2023\\\/10\\\/PUENTE-FOTO.jpg\",\"datePublished\":\"2023-10-03T10:54:16+00:00\",\"breadcrumb\":{\"@id\":\"https:\\\/\\\/www.eldiario.net\\\/portal\\\/2023\\\/10\\\/03\\\/lanzaran-en-un-mes-licitacion-del-puente-bolivia-brasil\\\/#breadcrumb\"},\"inLanguage\":\"es\",\"potentialAction\":[{\"@type\":\"ReadAction\",\"target\":[\"https:\\\/\\\/www.eldiario.net\\\/portal\\\/2023\\\/10\\\/03\\\/lanzaran-en-un-mes-licitacion-del-puente-bolivia-brasil\\\/\"]}]},{\"@type\":\"ImageObject\",\"inLanguage\":\"es\",\"@id\":\"https:\\\/\\\/www.eldiario.net\\\/portal\\\/2023\\\/10\\\/03\\\/lanzaran-en-un-mes-licitacion-del-puente-bolivia-brasil\\\/#primaryimage\",\"url\":\"https:\\\/\\\/www.eldiario.net\\\/portal\\\/wp-content\\\/uploads\\\/2023\\\/10\\\/PUENTE-FOTO.jpg\",\"contentUrl\":\"https:\\\/\\\/www.eldiario.net\\\/portal\\\/wp-content\\\/uploads\\\/2023\\\/10\\\/PUENTE-FOTO.jpg\",\"width\":1377,\"height\":725,\"caption\":\"El ministro Monta\u00f1o y el viceministro Benjam\u00edn Blanco en rueda de prensa. Foto: captura video\"},{\"@type\":\"BreadcrumbList\",\"@id\":\"https:\\\/\\\/www.eldiario.net\\\/portal\\\/2023\\\/10\\\/03\\\/lanzaran-en-un-mes-licitacion-del-puente-bolivia-brasil\\\/#breadcrumb\",\"itemListElement\":[{\"@type\":\"ListItem\",\"position\":1,\"name\":\"Portada\",\"item\":\"https:\\\/\\\/www.eldiario.net\\\/portal\\\/\"},{\"@type\":\"ListItem\",\"position\":2,\"name\":\"Lanzar\u00e1n en un mes licitaci\u00f3n del puente Bolivia-Brasil\"}]},{\"@type\":\"WebSite\",\"@id\":\"https:\\\/\\\/www.eldiario.net\\\/portal\\\/#website\",\"url\":\"https:\\\/\\\/www.eldiario.net\\\/portal\\\/\",\"name\":\"El Diario - Decano de la prensa nacional\",\"description\":\"El Diario - Decano de la prensa nacional\",\"publisher\":{\"@id\":\"https:\\\/\\\/www.eldiario.net\\\/portal\\\/#organization\"},\"potentialAction\":[{\"@type\":\"SearchAction\",\"target\":{\"@type\":\"EntryPoint\",\"urlTemplate\":\"https:\\\/\\\/www.eldiario.net\\\/portal\\\/?s={search_term_string}\"},\"query-input\":{\"@type\":\"PropertyValueSpecification\",\"valueRequired\":true,\"valueName\":\"search_term_string\"}}],\"inLanguage\":\"es\"},{\"@type\":\"Organization\",\"@id\":\"https:\\\/\\\/www.eldiario.net\\\/portal\\\/#organization\",\"name\":\"El Diario - Decano de la prensa nacional\",\"url\":\"https:\\\/\\\/www.eldiario.net\\\/portal\\\/\",\"logo\":{\"@type\":\"ImageObject\",\"inLanguage\":\"es\",\"@id\":\"https:\\\/\\\/www.eldiario.net\\\/portal\\\/#\\\/schema\\\/logo\\\/image\\\/\",\"url\":\"https:\\\/\\\/www.eldiario.net\\\/portal\\\/wp-content\\\/uploads\\\/2023\\\/07\\\/logo_ED.jpg\",\"contentUrl\":\"https:\\\/\\\/www.eldiario.net\\\/portal\\\/wp-content\\\/uploads\\\/2023\\\/07\\\/logo_ED.jpg\",\"width\":272,\"height\":52,\"caption\":\"El Diario - Decano de la prensa nacional\"},\"image\":{\"@id\":\"https:\\\/\\\/www.eldiario.net\\\/portal\\\/#\\\/schema\\\/logo\\\/image\\\/\"},\"sameAs\":[\"https:\\\/\\\/www.facebook.com\\\/eldiario.bolivia\\\/\",\"https:\\\/\\\/x.com\\\/eldiario_net\"]},{\"@type\":\"Person\",\"@id\":\"https:\\\/\\\/www.eldiario.net\\\/portal\\\/#\\\/schema\\\/person\\\/f46445640444750d7d753ccd04ae01b7\",\"name\":\"Jeanette\",\"image\":{\"@type\":\"ImageObject\",\"inLanguage\":\"es\",\"@id\":\"https:\\\/\\\/secure.gravatar.com\\\/avatar\\\/3ea2118a5f7dad2b7138b1187a6b7ee55f160b9968b66013c3a3ef39dd7e5798?s=96&d=mm&r=g\",\"url\":\"https:\\\/\\\/secure.gravatar.com\\\/avatar\\\/3ea2118a5f7dad2b7138b1187a6b7ee55f160b9968b66013c3a3ef39dd7e5798?s=96&d=mm&r=g\",\"contentUrl\":\"https:\\\/\\\/secure.gravatar.com\\\/avatar\\\/3ea2118a5f7dad2b7138b1187a6b7ee55f160b9968b66013c3a3ef39dd7e5798?s=96&d=mm&r=g\",\"caption\":\"Jeanette\"},\"sameAs\":[\"https:\\\/\\\/www.eldiario.net\\\/portal\"],\"url\":\"https:\\\/\\\/www.eldiario.net\\\/portal\\\/author\\\/jeanette\\\/\"}]}<\/script>\n<!-- \/ Yoast SEO plugin. -->","yoast_head_json":{"title":"Lanzar\u00e1n en un mes licitaci\u00f3n del puente Bolivia-Brasil - El Diario - Bolivia","robots":{"index":"index","follow":"follow","max-snippet":"max-snippet:-1","max-image-preview":"max-image-preview:large","max-video-preview":"max-video-preview:-1"},"canonical":"https:\/\/www.eldiario.net\/portal\/2023\/10\/03\/lanzaran-en-un-mes-licitacion-del-puente-bolivia-brasil\/","og_locale":"es_ES","og_type":"article","og_title":"Lanzar\u00e1n en un mes licitaci\u00f3n del puente Bolivia-Brasil - El Diario - Bolivia","og_description":"Dentro de un mes se lanzar\u00e1 el proceso de licitaci\u00f3n para la construcci\u00f3n del proyecto del puente binacional Guayaramer\u00edn, Beni, con Guajar\u00e1 Mirim, Brasil, anunci\u00f3 el ministro de Obras P\u00fablicas, Edgar Monta\u00f1o, que consider\u00f3 que \u201cya no tienen raz\u00f3n\u201d las movilizaciones. \u201cYa no hay duda de que la construcci\u00f3n se realiza y que tambi\u00e9n la [&hellip;]","og_url":"https:\/\/www.eldiario.net\/portal\/2023\/10\/03\/lanzaran-en-un-mes-licitacion-del-puente-bolivia-brasil\/","og_site_name":"El Diario - Bolivia","article_publisher":"https:\/\/www.facebook.com\/eldiario.bolivia\/","article_published_time":"2023-10-03T10:54:16+00:00","og_image":[{"width":1377,"height":725,"url":"https:\/\/www.eldiario.net\/portal\/wp-content\/uploads\/2023\/10\/PUENTE-FOTO.jpg","type":"image\/jpeg"}],"author":"Jeanette","twitter_card":"summary_large_image","twitter_creator":"@eldiario_net","twitter_site":"@eldiario_net","twitter_misc":{"Escrito por":"Jeanette","Tiempo de lectura":"2 minutos"},"schema":{"@context":"https:\/\/schema.org","@graph":[{"@type":"Article","@id":"https:\/\/www.eldiario.net\/portal\/2023\/10\/03\/lanzaran-en-un-mes-licitacion-del-puente-bolivia-brasil\/#article","isPartOf":{"@id":"https:\/\/www.eldiario.net\/portal\/2023\/10\/03\/lanzaran-en-un-mes-licitacion-del-puente-bolivia-brasil\/"},"author":{"name":"Jeanette","@id":"https:\/\/www.eldiario.net\/portal\/#\/schema\/person\/f46445640444750d7d753ccd04ae01b7"},"headline":"Lanzar\u00e1n en un mes licitaci\u00f3n del puente Bolivia-Brasil","datePublished":"2023-10-03T10:54:16+00:00","mainEntityOfPage":{"@id":"https:\/\/www.eldiario.net\/portal\/2023\/10\/03\/lanzaran-en-un-mes-licitacion-del-puente-bolivia-brasil\/"},"wordCount":359,"publisher":{"@id":"https:\/\/www.eldiario.net\/portal\/#organization"},"image":{"@id":"https:\/\/www.eldiario.net\/portal\/2023\/10\/03\/lanzaran-en-un-mes-licitacion-del-puente-bolivia-brasil\/#primaryimage"},"thumbnailUrl":"https:\/\/www.eldiario.net\/portal\/wp-content\/uploads\/2023\/10\/PUENTE-FOTO.jpg","articleSection":["Econom\u00eda"],"inLanguage":"es"},{"@type":"WebPage","@id":"https:\/\/www.eldiario.net\/portal\/2023\/10\/03\/lanzaran-en-un-mes-licitacion-del-puente-bolivia-brasil\/","url":"https:\/\/www.eldiario.net\/portal\/2023\/10\/03\/lanzaran-en-un-mes-licitacion-del-puente-bolivia-brasil\/","name":"Lanzar\u00e1n en un mes licitaci\u00f3n del puente Bolivia-Brasil - El Diario - Bolivia","isPartOf":{"@id":"https:\/\/www.eldiario.net\/portal\/#website"},"primaryImageOfPage":{"@id":"https:\/\/www.eldiario.net\/portal\/2023\/10\/03\/lanzaran-en-un-mes-licitacion-del-puente-bolivia-brasil\/#primaryimage"},"image":{"@id":"https:\/\/www.eldiario.net\/portal\/2023\/10\/03\/lanzaran-en-un-mes-licitacion-del-puente-bolivia-brasil\/#primaryimage"},"thumbnailUrl":"https:\/\/www.eldiario.net\/portal\/wp-content\/uploads\/2023\/10\/PUENTE-FOTO.jpg","datePublished":"2023-10-03T10:54:16+00:00","breadcrumb":{"@id":"https:\/\/www.eldiario.net\/portal\/2023\/10\/03\/lanzaran-en-un-mes-licitacion-del-puente-bolivia-brasil\/#breadcrumb"},"inLanguage":"es","potentialAction":[{"@type":"ReadAction","target":["https:\/\/www.eldiario.net\/portal\/2023\/10\/03\/lanzaran-en-un-mes-licitacion-del-puente-bolivia-brasil\/"]}]},{"@type":"ImageObject","inLanguage":"es","@id":"https:\/\/www.eldiario.net\/portal\/2023\/10\/03\/lanzaran-en-un-mes-licitacion-del-puente-bolivia-brasil\/#primaryimage","url":"https:\/\/www.eldiario.net\/portal\/wp-content\/uploads\/2023\/10\/PUENTE-FOTO.jpg","contentUrl":"https:\/\/www.eldiario.net\/portal\/wp-content\/uploads\/2023\/10\/PUENTE-FOTO.jpg","width":1377,"height":725,"caption":"El ministro Monta\u00f1o y el viceministro Benjam\u00edn Blanco en rueda de prensa. Foto: captura video"},{"@type":"BreadcrumbList","@id":"https:\/\/www.eldiario.net\/portal\/2023\/10\/03\/lanzaran-en-un-mes-licitacion-del-puente-bolivia-brasil\/#breadcrumb","itemListElement":[{"@type":"ListItem","position":1,"name":"Portada","item":"https:\/\/www.eldiario.net\/portal\/"},{"@type":"ListItem","position":2,"name":"Lanzar\u00e1n en un mes licitaci\u00f3n del puente Bolivia-Brasil"}]},{"@type":"WebSite","@id":"https:\/\/www.eldiario.net\/portal\/#website","url":"https:\/\/www.eldiario.net\/portal\/","name":"El Diario - Decano de la prensa nacional","description":"El Diario - Decano de la prensa nacional","publisher":{"@id":"https:\/\/www.eldiario.net\/portal\/#organization"},"potentialAction":[{"@type":"SearchAction","target":{"@type":"EntryPoint","urlTemplate":"https:\/\/www.eldiario.net\/portal\/?s={search_term_string}"},"query-input":{"@type":"PropertyValueSpecification","valueRequired":true,"valueName":"search_term_string"}}],"inLanguage":"es"},{"@type":"Organization","@id":"https:\/\/www.eldiario.net\/portal\/#organization","name":"El Diario - Decano de la prensa nacional","url":"https:\/\/www.eldiario.net\/portal\/","logo":{"@type":"ImageObject","inLanguage":"es","@id":"https:\/\/www.eldiario.net\/portal\/#\/schema\/logo\/image\/","url":"https:\/\/www.eldiario.net\/portal\/wp-content\/uploads\/2023\/07\/logo_ED.jpg","contentUrl":"https:\/\/www.eldiario.net\/portal\/wp-content\/uploads\/2023\/07\/logo_ED.jpg","width":272,"height":52,"caption":"El Diario - Decano de la prensa nacional"},"image":{"@id":"https:\/\/www.eldiario.net\/portal\/#\/schema\/logo\/image\/"},"sameAs":["https:\/\/www.facebook.com\/eldiario.bolivia\/","https:\/\/x.com\/eldiario_net"]},{"@type":"Person","@id":"https:\/\/www.eldiario.net\/portal\/#\/schema\/person\/f46445640444750d7d753ccd04ae01b7","name":"Jeanette","image":{"@type":"ImageObject","inLanguage":"es","@id":"https:\/\/secure.gravatar.com\/avatar\/3ea2118a5f7dad2b7138b1187a6b7ee55f160b9968b66013c3a3ef39dd7e5798?s=96&d=mm&r=g","url":"https:\/\/secure.gravatar.com\/avatar\/3ea2118a5f7dad2b7138b1187a6b7ee55f160b9968b66013c3a3ef39dd7e5798?s=96&d=mm&r=g","contentUrl":"https:\/\/secure.gravatar.com\/avatar\/3ea2118a5f7dad2b7138b1187a6b7ee55f160b9968b66013c3a3ef39dd7e5798?s=96&d=mm&r=g","caption":"Jeanette"},"sameAs":["https:\/\/www.eldiario.net\/portal"],"url":"https:\/\/www.eldiario.net\/portal\/author\/jeanette\/"}]}},"_links":{"self":[{"href":"https:\/\/www.eldiario.net\/portal\/wp-json\/wp\/v2\/posts\/180029","targetHints":{"allow":["GET"]}}],"collection":[{"href":"https:\/\/www.eldiario.net\/portal\/wp-json\/wp\/v2\/posts"}],"about":[{"href":"https:\/\/www.eldiario.net\/portal\/wp-json\/wp\/v2\/types\/post"}],"author":[{"embeddable":true,"href":"https:\/\/www.eldiario.net\/portal\/wp-json\/wp\/v2\/users\/1"}],"replies":[{"embeddable":true,"href":"https:\/\/www.eldiario.net\/portal\/wp-json\/wp\/v2\/comments?post=180029"}],"version-history":[{"count":0,"href":"https:\/\/www.eldiario.net\/portal\/wp-json\/wp\/v2\/posts\/180029\/revisions"}],"wp:featuredmedia":[{"embeddable":true,"href":"https:\/\/www.eldiario.net\/portal\/wp-json\/wp\/v2\/media\/180030"}],"wp:attachment":[{"href":"https:\/\/www.eldiario.net\/portal\/wp-json\/wp\/v2\/media?parent=180029"}],"wp:term":[{"taxonomy":"category","embeddable":true,"href":"https:\/\/www.eldiario.net\/portal\/wp-json\/wp\/v2\/categories?post=180029"},{"taxonomy":"post_tag","embeddable":true,"href":"https:\/\/www.eldiario.net\/portal\/wp-json\/wp\/v2\/tags?post=180029"}],"curies":[{"name":"wp","href":"https:\/\/api.w.org\/{rel}","templated":true}]}}