{"id":176191,"date":"2023-09-12T07:00:50","date_gmt":"2023-09-12T11:00:50","guid":{"rendered":"https:\/\/www.eldiario.net\/portal\/?p=176191"},"modified":"2023-09-12T07:00:50","modified_gmt":"2023-09-12T11:00:50","slug":"cada-maestro-tiene-su-librito","status":"publish","type":"post","link":"https:\/\/www.eldiario.net\/portal\/2023\/09\/12\/cada-maestro-tiene-su-librito\/","title":{"rendered":"\u00bfCada maestro tiene su librito?"},"content":{"rendered":"<p>Posiblemente el t\u00edtulo del art\u00edculo de hoy, pudiera tener a\u00f1os de ser escuchado siendo estudiante. Y posteriormente con el ejercicio de la carrera durante d\u00e9cadas, cu\u00e1ndo pude experimentar la comprensi\u00f3n de la frase como tal.<\/p>\n<p>La cual pod\u00eda interpretar de algunas formas: \u00bfen com\u00fan?, el que cada docente \u201cimpregnara\u201d su propia metodolog\u00eda al impartir la clase, siendo \u00e9sta tal vez una opini\u00f3n un tanto tradicionalista: \u00abde la puerta para dentro, mando yo\u00bb; enti\u00e9ndase que el desarrollo de la clase es responsabilidad total del docente y como la imparta es su problema.<\/p>\n<p>Al menos como parte de mi experiencia, la posibilidad se reduc\u00eda un tanto \u2013 \u201cdejando la puerta entreabierta\u201d \u2013 cuando las mismas se preparaban en conjunto en el seno del colectivo de asignatura, liderada por el docente de mayor grado acad\u00e9mico y el resto (teniendo conocimiento del contenido a impartir) analiz\u00e1bamos como abordarlos, as\u00ed como la propuesta de ejercicios para la evaluaci\u00f3n.<\/p>\n<p>Dir\u00eda que la probabilidad de diferir entre los docentes del colectivo se reduc\u00eda, inclusive en algunas ocasiones \u2013muy justificadas\u2013, cuando un docente le cubr\u00eda la clase a otro. Se trataba con ello de evitar la disparidad de la metodolog\u00eda de la clase y que los estudiantes, a pesar del cambio eventual del docente, no sufriesen por alg\u00fan \u201cvac\u00edo\u201d.<\/p>\n<p>A pesar de ello, y haciendo uso de la m\u00e1quina del tiempo (para viajar al pasado), al preparar el plan de clases, su estructura tradicional era (hasta un formato como tal) introducci\u00f3n, desarrollo y conclusiones. En la primera parte: pasar lista, poner el tema de la clase, no pod\u00eda faltar la fecha; el desarrollo seg\u00fan la forma de organizaci\u00f3n de la clase (conferencia, clase pr\u00e1ctica, laboratorio, seminario u otras) y para cerrar, el docente daba las conclusiones y pon\u00eda la tarea.<\/p>\n<p>\u00bfY para delante, en el tiempo? Nuevas metodolog\u00edas, t\u00e9cnicas y estrategias de ense\u00f1anza, enfoques basados en \u00bfcompetencias, objetivos, metas, etc.?, lo cual te permit\u00eda o permite dar a las clases una nueva vitalidad, con una mayor participaci\u00f3n del estudiantado, as\u00ed como en la demostraci\u00f3n del aprendizaje adquirido, al ser evaluado.<\/p>\n<p>Por lo visto, se trata de un cambio de roles docente-estudiante en el tiempo, bastante significativo.<\/p>\n<p>La dificultad mayor se centra en si la m\u00e1quina \u201cen que viaja\u201d el docente actual, tuvo gasolina suficiente para lograr el cambio en su nuevo rol. El combustible es proporcionado por las capacitaciones recibidas, m\u00e1s cuando la mayor\u00eda de los docentes que imparten clases en la ense\u00f1anza media, no necesariamente dan aquellas que se relacionan con la especialidad en que se graduaron (\u00bfmatem\u00e1tica, comunicaci\u00f3n y lenguaje?) por razones muy diversas (n\u00famero de grupos que debe atender, no disponer de plazas para nuevas contrataciones, etc.).<\/p>\n<p>En la educaci\u00f3n universitaria, se percibe que el problema es un tanto m\u00e1s complejo \u2013a pesar de que un docente puede impartir varias asignaturas, pertenecientes a una misma disciplina, por ejemplo, Biolog\u00eda, Bioqu\u00edmica, Anatom\u00eda\u2013, ya que no se titularon con una formaci\u00f3n pedag\u00f3gica (*), am\u00e9n del grado superior alcanzado: licenciatura, maestr\u00eda, doctorado u otros.<\/p>\n<p>Obviamente, hay posibles soluciones, en aras de mejorar o fortalecer la calidad del proceso de ense\u00f1anza \u2013 aprendizaje promovido por la instituci\u00f3n:<\/p>\n<ul>\n<li>La impartici\u00f3n de cursos de profesionalizaci\u00f3n (posgrados, maestr\u00edas) en estrategias\/t\u00e9cnicas; evaluaci\u00f3n de los aprendizajes; enfoques, uso de TIC, elaboraci\u00f3n de s\u00edlabos, idiomas, etc.<\/li>\n<li>El fortalecimiento de equipos de disciplinas o asignaturas para la preparaci\u00f3n de clases, incorporando lo aprendido en los cursos recibidos.<\/li>\n<li>Conocimiento de reglamentos, normas, del proyecto educativo de la instituci\u00f3n.<\/li>\n<\/ul>\n<p>Por supuesto, la posibilidad del \u00e9xito final en beneficio del estudiantado, depender\u00e1 de la profesionalizaci\u00f3n del docente y de cu\u00e1nto est\u00e9 dispuesto a compartir sus experiencias, criterios, con otros docentes, \u201cengrosando as\u00ed su librito\u201d, as\u00ed como dejar \u201cun poco m\u00e1s abierta su puerta del aula de clase\u201d.<\/p>\n<p>\u00bfPero ello garantizar\u00e1 el impacto que queremos lograr en los j\u00f3venes y adultos? Todo depender\u00e1 de si tenemos acceso a todo lo que ocurre realmente detr\u00e1s de esa puerta. Continuaremos.<\/p>\n<p>&nbsp;<\/p>\n<p><em>(*) La pedagog\u00eda es la ciencia perteneciente a las Ciencias Sociales y Humanas, que se encarga del estudio de la educaci\u00f3n. Su principal objetivo es planificar, analizar, desarrollar y evaluar procesos de ense\u00f1anza y aprendizaje. De esta manera pretende mejorar la realidad educativa en diferentes \u00e1mbitos.<\/em><\/p>\n<p>&nbsp;<\/p>\n<p><em>El autor es Licenciado en Ciencias Pedag\u00f3gicas.<\/em><\/p>\n","protected":false},"excerpt":{"rendered":"<p>Posiblemente el t\u00edtulo del art\u00edculo de hoy, pudiera tener a\u00f1os de ser escuchado siendo estudiante. Y posteriormente con el ejercicio de la carrera durante d\u00e9cadas, cu\u00e1ndo pude experimentar la comprensi\u00f3n de la frase como tal. La cual pod\u00eda interpretar de algunas formas: \u00bfen com\u00fan?, el que cada docente \u201cimpregnara\u201d su propia metodolog\u00eda al impartir la [&hellip;]<\/p>\n","protected":false},"author":1,"featured_media":160310,"comment_status":"closed","ping_status":"open","sticky":false,"template":"","format":"standard","meta":{"_acf_changed":false,"footnotes":""},"categories":[9],"tags":[],"class_list":["post-176191","post","type-post","status-publish","format-standard","has-post-thumbnail","category-opinion"],"acf":{"antetitulo":""},"yoast_head":"<!-- This site is optimized with the Yoast SEO plugin v28.3 - https:\/\/yoast.com\/product\/yoast-seo-wordpress\/ -->\n<title>\u00bfCada maestro tiene su librito? - El Diario - Bolivia<\/title>\n<meta name=\"robots\" content=\"index, follow, max-snippet:-1, max-image-preview:large, max-video-preview:-1\" \/>\n<link rel=\"canonical\" href=\"https:\/\/www.eldiario.net\/portal\/2023\/09\/12\/cada-maestro-tiene-su-librito\/\" \/>\n<meta property=\"og:locale\" content=\"es_ES\" \/>\n<meta property=\"og:type\" content=\"article\" \/>\n<meta property=\"og:title\" content=\"\u00bfCada maestro tiene su librito? - El Diario - Bolivia\" \/>\n<meta property=\"og:description\" content=\"Posiblemente el t\u00edtulo del art\u00edculo de hoy, pudiera tener a\u00f1os de ser escuchado siendo estudiante. Y posteriormente con el ejercicio de la carrera durante d\u00e9cadas, cu\u00e1ndo pude experimentar la comprensi\u00f3n de la frase como tal. La cual pod\u00eda interpretar de algunas formas: \u00bfen com\u00fan?, el que cada docente \u201cimpregnara\u201d su propia metodolog\u00eda al impartir la [&hellip;]\" \/>\n<meta property=\"og:url\" content=\"https:\/\/www.eldiario.net\/portal\/2023\/09\/12\/cada-maestro-tiene-su-librito\/\" \/>\n<meta property=\"og:site_name\" content=\"El Diario - Bolivia\" \/>\n<meta property=\"article:publisher\" content=\"https:\/\/www.facebook.com\/eldiario.bolivia\/\" \/>\n<meta property=\"article:published_time\" content=\"2023-09-12T11:00:50+00:00\" \/>\n<meta property=\"og:image\" content=\"https:\/\/www.eldiario.net\/portal\/wp-content\/uploads\/2023\/06\/Ernesto-Gonzalez-Valdes.jpg\" \/>\n\t<meta property=\"og:image:width\" content=\"1200\" \/>\n\t<meta property=\"og:image:height\" content=\"628\" \/>\n\t<meta property=\"og:image:type\" content=\"image\/jpeg\" \/>\n<meta name=\"author\" content=\"Jeanette\" \/>\n<meta name=\"twitter:card\" content=\"summary_large_image\" \/>\n<meta name=\"twitter:creator\" content=\"@eldiario_net\" \/>\n<meta name=\"twitter:site\" content=\"@eldiario_net\" \/>\n<meta name=\"twitter:label1\" content=\"Escrito por\" \/>\n\t<meta name=\"twitter:data1\" content=\"Jeanette\" \/>\n\t<meta name=\"twitter:label2\" content=\"Tiempo de lectura\" \/>\n\t<meta name=\"twitter:data2\" content=\"4 minutos\" \/>\n<script type=\"application\/ld+json\" class=\"yoast-schema-graph\">{\"@context\":\"https:\\\/\\\/schema.org\",\"@graph\":[{\"@type\":\"Article\",\"@id\":\"https:\\\/\\\/www.eldiario.net\\\/portal\\\/2023\\\/09\\\/12\\\/cada-maestro-tiene-su-librito\\\/#article\",\"isPartOf\":{\"@id\":\"https:\\\/\\\/www.eldiario.net\\\/portal\\\/2023\\\/09\\\/12\\\/cada-maestro-tiene-su-librito\\\/\"},\"author\":{\"name\":\"Jeanette\",\"@id\":\"https:\\\/\\\/www.eldiario.net\\\/portal\\\/#\\\/schema\\\/person\\\/f46445640444750d7d753ccd04ae01b7\"},\"headline\":\"\u00bfCada maestro tiene su librito?\",\"datePublished\":\"2023-09-12T11:00:50+00:00\",\"mainEntityOfPage\":{\"@id\":\"https:\\\/\\\/www.eldiario.net\\\/portal\\\/2023\\\/09\\\/12\\\/cada-maestro-tiene-su-librito\\\/\"},\"wordCount\":774,\"publisher\":{\"@id\":\"https:\\\/\\\/www.eldiario.net\\\/portal\\\/#organization\"},\"image\":{\"@id\":\"https:\\\/\\\/www.eldiario.net\\\/portal\\\/2023\\\/09\\\/12\\\/cada-maestro-tiene-su-librito\\\/#primaryimage\"},\"thumbnailUrl\":\"https:\\\/\\\/www.eldiario.net\\\/portal\\\/wp-content\\\/uploads\\\/2023\\\/06\\\/Ernesto-Gonzalez-Valdes.jpg\",\"articleSection\":[\"Opini\u00f3n\"],\"inLanguage\":\"es\"},{\"@type\":\"WebPage\",\"@id\":\"https:\\\/\\\/www.eldiario.net\\\/portal\\\/2023\\\/09\\\/12\\\/cada-maestro-tiene-su-librito\\\/\",\"url\":\"https:\\\/\\\/www.eldiario.net\\\/portal\\\/2023\\\/09\\\/12\\\/cada-maestro-tiene-su-librito\\\/\",\"name\":\"\u00bfCada maestro tiene su librito? - El Diario - Bolivia\",\"isPartOf\":{\"@id\":\"https:\\\/\\\/www.eldiario.net\\\/portal\\\/#website\"},\"primaryImageOfPage\":{\"@id\":\"https:\\\/\\\/www.eldiario.net\\\/portal\\\/2023\\\/09\\\/12\\\/cada-maestro-tiene-su-librito\\\/#primaryimage\"},\"image\":{\"@id\":\"https:\\\/\\\/www.eldiario.net\\\/portal\\\/2023\\\/09\\\/12\\\/cada-maestro-tiene-su-librito\\\/#primaryimage\"},\"thumbnailUrl\":\"https:\\\/\\\/www.eldiario.net\\\/portal\\\/wp-content\\\/uploads\\\/2023\\\/06\\\/Ernesto-Gonzalez-Valdes.jpg\",\"datePublished\":\"2023-09-12T11:00:50+00:00\",\"breadcrumb\":{\"@id\":\"https:\\\/\\\/www.eldiario.net\\\/portal\\\/2023\\\/09\\\/12\\\/cada-maestro-tiene-su-librito\\\/#breadcrumb\"},\"inLanguage\":\"es\",\"potentialAction\":[{\"@type\":\"ReadAction\",\"target\":[\"https:\\\/\\\/www.eldiario.net\\\/portal\\\/2023\\\/09\\\/12\\\/cada-maestro-tiene-su-librito\\\/\"]}]},{\"@type\":\"ImageObject\",\"inLanguage\":\"es\",\"@id\":\"https:\\\/\\\/www.eldiario.net\\\/portal\\\/2023\\\/09\\\/12\\\/cada-maestro-tiene-su-librito\\\/#primaryimage\",\"url\":\"https:\\\/\\\/www.eldiario.net\\\/portal\\\/wp-content\\\/uploads\\\/2023\\\/06\\\/Ernesto-Gonzalez-Valdes.jpg\",\"contentUrl\":\"https:\\\/\\\/www.eldiario.net\\\/portal\\\/wp-content\\\/uploads\\\/2023\\\/06\\\/Ernesto-Gonzalez-Valdes.jpg\",\"width\":1200,\"height\":628,\"caption\":\"Ernesto Gonz\u00e1lez Vald\u00e9s\"},{\"@type\":\"BreadcrumbList\",\"@id\":\"https:\\\/\\\/www.eldiario.net\\\/portal\\\/2023\\\/09\\\/12\\\/cada-maestro-tiene-su-librito\\\/#breadcrumb\",\"itemListElement\":[{\"@type\":\"ListItem\",\"position\":1,\"name\":\"Portada\",\"item\":\"https:\\\/\\\/www.eldiario.net\\\/portal\\\/\"},{\"@type\":\"ListItem\",\"position\":2,\"name\":\"\u00bfCada maestro tiene su librito?\"}]},{\"@type\":\"WebSite\",\"@id\":\"https:\\\/\\\/www.eldiario.net\\\/portal\\\/#website\",\"url\":\"https:\\\/\\\/www.eldiario.net\\\/portal\\\/\",\"name\":\"El Diario - Decano de la prensa nacional\",\"description\":\"El Diario - Decano de la prensa nacional\",\"publisher\":{\"@id\":\"https:\\\/\\\/www.eldiario.net\\\/portal\\\/#organization\"},\"potentialAction\":[{\"@type\":\"SearchAction\",\"target\":{\"@type\":\"EntryPoint\",\"urlTemplate\":\"https:\\\/\\\/www.eldiario.net\\\/portal\\\/?s={search_term_string}\"},\"query-input\":{\"@type\":\"PropertyValueSpecification\",\"valueRequired\":true,\"valueName\":\"search_term_string\"}}],\"inLanguage\":\"es\"},{\"@type\":\"Organization\",\"@id\":\"https:\\\/\\\/www.eldiario.net\\\/portal\\\/#organization\",\"name\":\"El Diario - Decano de la prensa nacional\",\"url\":\"https:\\\/\\\/www.eldiario.net\\\/portal\\\/\",\"logo\":{\"@type\":\"ImageObject\",\"inLanguage\":\"es\",\"@id\":\"https:\\\/\\\/www.eldiario.net\\\/portal\\\/#\\\/schema\\\/logo\\\/image\\\/\",\"url\":\"https:\\\/\\\/www.eldiario.net\\\/portal\\\/wp-content\\\/uploads\\\/2023\\\/07\\\/logo_ED.jpg\",\"contentUrl\":\"https:\\\/\\\/www.eldiario.net\\\/portal\\\/wp-content\\\/uploads\\\/2023\\\/07\\\/logo_ED.jpg\",\"width\":272,\"height\":52,\"caption\":\"El Diario - Decano de la prensa nacional\"},\"image\":{\"@id\":\"https:\\\/\\\/www.eldiario.net\\\/portal\\\/#\\\/schema\\\/logo\\\/image\\\/\"},\"sameAs\":[\"https:\\\/\\\/www.facebook.com\\\/eldiario.bolivia\\\/\",\"https:\\\/\\\/x.com\\\/eldiario_net\"]},{\"@type\":\"Person\",\"@id\":\"https:\\\/\\\/www.eldiario.net\\\/portal\\\/#\\\/schema\\\/person\\\/f46445640444750d7d753ccd04ae01b7\",\"name\":\"Jeanette\",\"image\":{\"@type\":\"ImageObject\",\"inLanguage\":\"es\",\"@id\":\"https:\\\/\\\/secure.gravatar.com\\\/avatar\\\/3ea2118a5f7dad2b7138b1187a6b7ee55f160b9968b66013c3a3ef39dd7e5798?s=96&d=mm&r=g\",\"url\":\"https:\\\/\\\/secure.gravatar.com\\\/avatar\\\/3ea2118a5f7dad2b7138b1187a6b7ee55f160b9968b66013c3a3ef39dd7e5798?s=96&d=mm&r=g\",\"contentUrl\":\"https:\\\/\\\/secure.gravatar.com\\\/avatar\\\/3ea2118a5f7dad2b7138b1187a6b7ee55f160b9968b66013c3a3ef39dd7e5798?s=96&d=mm&r=g\",\"caption\":\"Jeanette\"},\"sameAs\":[\"https:\\\/\\\/www.eldiario.net\\\/portal\"],\"url\":\"https:\\\/\\\/www.eldiario.net\\\/portal\\\/author\\\/jeanette\\\/\"}]}<\/script>\n<!-- \/ Yoast SEO plugin. -->","yoast_head_json":{"title":"\u00bfCada maestro tiene su librito? - El Diario - Bolivia","robots":{"index":"index","follow":"follow","max-snippet":"max-snippet:-1","max-image-preview":"max-image-preview:large","max-video-preview":"max-video-preview:-1"},"canonical":"https:\/\/www.eldiario.net\/portal\/2023\/09\/12\/cada-maestro-tiene-su-librito\/","og_locale":"es_ES","og_type":"article","og_title":"\u00bfCada maestro tiene su librito? - El Diario - Bolivia","og_description":"Posiblemente el t\u00edtulo del art\u00edculo de hoy, pudiera tener a\u00f1os de ser escuchado siendo estudiante. Y posteriormente con el ejercicio de la carrera durante d\u00e9cadas, cu\u00e1ndo pude experimentar la comprensi\u00f3n de la frase como tal. La cual pod\u00eda interpretar de algunas formas: \u00bfen com\u00fan?, el que cada docente \u201cimpregnara\u201d su propia metodolog\u00eda al impartir la [&hellip;]","og_url":"https:\/\/www.eldiario.net\/portal\/2023\/09\/12\/cada-maestro-tiene-su-librito\/","og_site_name":"El Diario - Bolivia","article_publisher":"https:\/\/www.facebook.com\/eldiario.bolivia\/","article_published_time":"2023-09-12T11:00:50+00:00","og_image":[{"width":1200,"height":628,"url":"https:\/\/www.eldiario.net\/portal\/wp-content\/uploads\/2023\/06\/Ernesto-Gonzalez-Valdes.jpg","type":"image\/jpeg"}],"author":"Jeanette","twitter_card":"summary_large_image","twitter_creator":"@eldiario_net","twitter_site":"@eldiario_net","twitter_misc":{"Escrito por":"Jeanette","Tiempo de lectura":"4 minutos"},"schema":{"@context":"https:\/\/schema.org","@graph":[{"@type":"Article","@id":"https:\/\/www.eldiario.net\/portal\/2023\/09\/12\/cada-maestro-tiene-su-librito\/#article","isPartOf":{"@id":"https:\/\/www.eldiario.net\/portal\/2023\/09\/12\/cada-maestro-tiene-su-librito\/"},"author":{"name":"Jeanette","@id":"https:\/\/www.eldiario.net\/portal\/#\/schema\/person\/f46445640444750d7d753ccd04ae01b7"},"headline":"\u00bfCada maestro tiene su librito?","datePublished":"2023-09-12T11:00:50+00:00","mainEntityOfPage":{"@id":"https:\/\/www.eldiario.net\/portal\/2023\/09\/12\/cada-maestro-tiene-su-librito\/"},"wordCount":774,"publisher":{"@id":"https:\/\/www.eldiario.net\/portal\/#organization"},"image":{"@id":"https:\/\/www.eldiario.net\/portal\/2023\/09\/12\/cada-maestro-tiene-su-librito\/#primaryimage"},"thumbnailUrl":"https:\/\/www.eldiario.net\/portal\/wp-content\/uploads\/2023\/06\/Ernesto-Gonzalez-Valdes.jpg","articleSection":["Opini\u00f3n"],"inLanguage":"es"},{"@type":"WebPage","@id":"https:\/\/www.eldiario.net\/portal\/2023\/09\/12\/cada-maestro-tiene-su-librito\/","url":"https:\/\/www.eldiario.net\/portal\/2023\/09\/12\/cada-maestro-tiene-su-librito\/","name":"\u00bfCada maestro tiene su librito? - El Diario - Bolivia","isPartOf":{"@id":"https:\/\/www.eldiario.net\/portal\/#website"},"primaryImageOfPage":{"@id":"https:\/\/www.eldiario.net\/portal\/2023\/09\/12\/cada-maestro-tiene-su-librito\/#primaryimage"},"image":{"@id":"https:\/\/www.eldiario.net\/portal\/2023\/09\/12\/cada-maestro-tiene-su-librito\/#primaryimage"},"thumbnailUrl":"https:\/\/www.eldiario.net\/portal\/wp-content\/uploads\/2023\/06\/Ernesto-Gonzalez-Valdes.jpg","datePublished":"2023-09-12T11:00:50+00:00","breadcrumb":{"@id":"https:\/\/www.eldiario.net\/portal\/2023\/09\/12\/cada-maestro-tiene-su-librito\/#breadcrumb"},"inLanguage":"es","potentialAction":[{"@type":"ReadAction","target":["https:\/\/www.eldiario.net\/portal\/2023\/09\/12\/cada-maestro-tiene-su-librito\/"]}]},{"@type":"ImageObject","inLanguage":"es","@id":"https:\/\/www.eldiario.net\/portal\/2023\/09\/12\/cada-maestro-tiene-su-librito\/#primaryimage","url":"https:\/\/www.eldiario.net\/portal\/wp-content\/uploads\/2023\/06\/Ernesto-Gonzalez-Valdes.jpg","contentUrl":"https:\/\/www.eldiario.net\/portal\/wp-content\/uploads\/2023\/06\/Ernesto-Gonzalez-Valdes.jpg","width":1200,"height":628,"caption":"Ernesto Gonz\u00e1lez Vald\u00e9s"},{"@type":"BreadcrumbList","@id":"https:\/\/www.eldiario.net\/portal\/2023\/09\/12\/cada-maestro-tiene-su-librito\/#breadcrumb","itemListElement":[{"@type":"ListItem","position":1,"name":"Portada","item":"https:\/\/www.eldiario.net\/portal\/"},{"@type":"ListItem","position":2,"name":"\u00bfCada maestro tiene su librito?"}]},{"@type":"WebSite","@id":"https:\/\/www.eldiario.net\/portal\/#website","url":"https:\/\/www.eldiario.net\/portal\/","name":"El Diario - Decano de la prensa nacional","description":"El Diario - Decano de la prensa nacional","publisher":{"@id":"https:\/\/www.eldiario.net\/portal\/#organization"},"potentialAction":[{"@type":"SearchAction","target":{"@type":"EntryPoint","urlTemplate":"https:\/\/www.eldiario.net\/portal\/?s={search_term_string}"},"query-input":{"@type":"PropertyValueSpecification","valueRequired":true,"valueName":"search_term_string"}}],"inLanguage":"es"},{"@type":"Organization","@id":"https:\/\/www.eldiario.net\/portal\/#organization","name":"El Diario - Decano de la prensa nacional","url":"https:\/\/www.eldiario.net\/portal\/","logo":{"@type":"ImageObject","inLanguage":"es","@id":"https:\/\/www.eldiario.net\/portal\/#\/schema\/logo\/image\/","url":"https:\/\/www.eldiario.net\/portal\/wp-content\/uploads\/2023\/07\/logo_ED.jpg","contentUrl":"https:\/\/www.eldiario.net\/portal\/wp-content\/uploads\/2023\/07\/logo_ED.jpg","width":272,"height":52,"caption":"El Diario - Decano de la prensa nacional"},"image":{"@id":"https:\/\/www.eldiario.net\/portal\/#\/schema\/logo\/image\/"},"sameAs":["https:\/\/www.facebook.com\/eldiario.bolivia\/","https:\/\/x.com\/eldiario_net"]},{"@type":"Person","@id":"https:\/\/www.eldiario.net\/portal\/#\/schema\/person\/f46445640444750d7d753ccd04ae01b7","name":"Jeanette","image":{"@type":"ImageObject","inLanguage":"es","@id":"https:\/\/secure.gravatar.com\/avatar\/3ea2118a5f7dad2b7138b1187a6b7ee55f160b9968b66013c3a3ef39dd7e5798?s=96&d=mm&r=g","url":"https:\/\/secure.gravatar.com\/avatar\/3ea2118a5f7dad2b7138b1187a6b7ee55f160b9968b66013c3a3ef39dd7e5798?s=96&d=mm&r=g","contentUrl":"https:\/\/secure.gravatar.com\/avatar\/3ea2118a5f7dad2b7138b1187a6b7ee55f160b9968b66013c3a3ef39dd7e5798?s=96&d=mm&r=g","caption":"Jeanette"},"sameAs":["https:\/\/www.eldiario.net\/portal"],"url":"https:\/\/www.eldiario.net\/portal\/author\/jeanette\/"}]}},"_links":{"self":[{"href":"https:\/\/www.eldiario.net\/portal\/wp-json\/wp\/v2\/posts\/176191","targetHints":{"allow":["GET"]}}],"collection":[{"href":"https:\/\/www.eldiario.net\/portal\/wp-json\/wp\/v2\/posts"}],"about":[{"href":"https:\/\/www.eldiario.net\/portal\/wp-json\/wp\/v2\/types\/post"}],"author":[{"embeddable":true,"href":"https:\/\/www.eldiario.net\/portal\/wp-json\/wp\/v2\/users\/1"}],"replies":[{"embeddable":true,"href":"https:\/\/www.eldiario.net\/portal\/wp-json\/wp\/v2\/comments?post=176191"}],"version-history":[{"count":0,"href":"https:\/\/www.eldiario.net\/portal\/wp-json\/wp\/v2\/posts\/176191\/revisions"}],"wp:featuredmedia":[{"embeddable":true,"href":"https:\/\/www.eldiario.net\/portal\/wp-json\/wp\/v2\/media\/160310"}],"wp:attachment":[{"href":"https:\/\/www.eldiario.net\/portal\/wp-json\/wp\/v2\/media?parent=176191"}],"wp:term":[{"taxonomy":"category","embeddable":true,"href":"https:\/\/www.eldiario.net\/portal\/wp-json\/wp\/v2\/categories?post=176191"},{"taxonomy":"post_tag","embeddable":true,"href":"https:\/\/www.eldiario.net\/portal\/wp-json\/wp\/v2\/tags?post=176191"}],"curies":[{"name":"wp","href":"https:\/\/api.w.org\/{rel}","templated":true}]}}