{"id":176105,"date":"2023-09-11T07:26:51","date_gmt":"2023-09-11T11:26:51","guid":{"rendered":"https:\/\/www.eldiario.net\/portal\/?p=176105"},"modified":"2023-09-11T07:26:51","modified_gmt":"2023-09-11T11:26:51","slug":"conoce-samsung-food-en-ifa-2023-el-asistente-de-cocina-personalizado-mas-avanzado","status":"publish","type":"post","link":"https:\/\/www.eldiario.net\/portal\/2023\/09\/11\/conoce-samsung-food-en-ifa-2023-el-asistente-de-cocina-personalizado-mas-avanzado\/","title":{"rendered":"Conoce Samsung Food en IFA 2023, el asistente de cocina personalizado m\u00e1s avanzado"},"content":{"rendered":"<p><strong>Septiembre 2023. <\/strong>\u00bfQu\u00e9 haces con las recetas que tienes en mente? \u00bfC\u00f3mo recuerdas los productos que hay en el refrigerador? \u00bfPor d\u00f3nde empiezas al momento de cocinar un nuevo platillo? La marca de tecnolog\u00eda present\u00f3 Samsung Food, una plataforma integral de administraci\u00f3n de alimentos impulsado por inteligencia artificial que ayuda a los nuevos chefs en todo el proceso de preparaci\u00f3n, desde la lista de compras hasta la mesa.<\/p>\n<p>El servicio se present\u00f3 en el IFA 2023, que se celebr\u00f3 en Berl\u00edn \u2013 Alemania, donde los visitantes pudieron evidenciar las m\u00e1s de 160.000 recetas que tienen guardadas. Adem\u00e1s, la plataforma permite descubrir, guardar y personalizar las recetas, monitorear y controlar los electrodom\u00e9sticos de la cocina y compartir distintos platos con el mundo.<\/p>\n<p><strong>Deep BESPOKE brinda opciones de platillos para todo gusto<\/strong><\/p>\n<p>\u201cNuestras preferencias alimentarias son una gran parte de c\u00f3mo vivimos y nos expresamos, y Samsung Food tiene que ver con la personalizaci\u00f3n. Con la plataforma, cada usuario obtiene su propia caja de recetas digital \u00fanica\u201d, se\u00f1ala el comunicado de la empresa.<\/p>\n<p>Samsung Food cuenta con la funci\u00f3n Personalizar receta, donde se puede ajustar recetas autom\u00e1ticamente acordes a los gustos del usuario. Adem\u00e1s, si la persona es vegana o busca alimentos saludables, la plataforma brinda opciones de platillos basados en plantas o ingredientes alternativos.<\/p>\n<p>Por otra parte, la plataforma ayuda a simplificar el proceso o reducir el tiempo de cocci\u00f3n para las personas que tienen prisa y, adem\u00e1s, ofrece recetas equilibradas con el punto de vista nutricional o crear platos fusi\u00f3n.<\/p>\n<p><strong>Descubre nuevas recetas y conecta tu cocina<\/strong><\/p>\n<p>La nueva plataforma de alimentos cuenta con tecnolog\u00eda Vision AI, la cual, permite reconocer platos bas\u00e1ndose \u00fanicamente en im\u00e1genes. Si el usuario toma una foto del platillo que le gusta, Samsung Food comparte detalles como ingredientes, proporciona enlaces a recetas relacionadas y guarda la informaci\u00f3n gastron\u00f3mica.<\/p>\n<p>Adem\u00e1s, Samsung Food se conecta con una amplia gama de electrodom\u00e9sticos Samsung para brindar el m\u00e1ximo soporte durante el proceso de cocci\u00f3n. Las recetas guardadas se sincronizan y se pueden ver en cualquier lugar, incluida la aplicaci\u00f3n y la pantalla t\u00e1ctil de las neveras Bespoke Family Hub.<\/p>\n<p><strong>Llamado a todos los amantes de la gastronom\u00eda<\/strong><\/p>\n<p>Otras de las ventajas de la plataforma Samsung Food es la interacci\u00f3n con la comunidad global de fan\u00e1ticos de la comida. La persona puede compartir sus propias creaciones con diferentes personas y ayuda a crecer org\u00e1nicamente la base de datos de la plataforma.<\/p>\n<p>Los usuarios tambi\u00e9n pueden seguirse entre s\u00ed en la aplicaci\u00f3n y encontrar las cuentas de Samsung Food de sus creadores de contenido favoritos en las redes sociales. \u201cLos miembros de la comunidad pueden incluso crear sus propios grupos para que usuarios con ideas afines se unan a ellos, ya sean panaderos sin l\u00e1cteos, amantes de Tex-Mex o comedores saludables\u201d, finaliza el comunicado de la empresa l\u00edder en tecnolog\u00eda.<\/p>\n","protected":false},"excerpt":{"rendered":"<p>Septiembre 2023. \u00bfQu\u00e9 haces con las recetas que tienes en mente? \u00bfC\u00f3mo recuerdas los productos que hay en el refrigerador? \u00bfPor d\u00f3nde empiezas al momento de cocinar un nuevo platillo? La marca de tecnolog\u00eda present\u00f3 Samsung Food, una plataforma integral de administraci\u00f3n de alimentos impulsado por inteligencia artificial que ayuda a los nuevos chefs en [&hellip;]<\/p>\n","protected":false},"author":1,"featured_media":176107,"comment_status":"closed","ping_status":"open","sticky":false,"template":"","format":"standard","meta":{"_acf_changed":false,"footnotes":""},"categories":[46],"tags":[],"class_list":["post-176105","post","type-post","status-publish","format-standard","has-post-thumbnail","category-ciencia-computacion"],"acf":{"antetitulo":""},"yoast_head":"<!-- This site is optimized with the Yoast SEO plugin v28.3 - https:\/\/yoast.com\/product\/yoast-seo-wordpress\/ -->\n<title>Conoce Samsung Food en IFA 2023, el asistente de cocina personalizado m\u00e1s avanzado - El Diario - Bolivia<\/title>\n<meta name=\"robots\" content=\"index, follow, max-snippet:-1, max-image-preview:large, max-video-preview:-1\" \/>\n<link rel=\"canonical\" href=\"https:\/\/www.eldiario.net\/portal\/2023\/09\/11\/conoce-samsung-food-en-ifa-2023-el-asistente-de-cocina-personalizado-mas-avanzado\/\" \/>\n<meta property=\"og:locale\" content=\"es_ES\" \/>\n<meta property=\"og:type\" content=\"article\" \/>\n<meta property=\"og:title\" content=\"Conoce Samsung Food en IFA 2023, el asistente de cocina personalizado m\u00e1s avanzado - El Diario - Bolivia\" \/>\n<meta property=\"og:description\" content=\"Septiembre 2023. \u00bfQu\u00e9 haces con las recetas que tienes en mente? \u00bfC\u00f3mo recuerdas los productos que hay en el refrigerador? \u00bfPor d\u00f3nde empiezas al momento de cocinar un nuevo platillo? La marca de tecnolog\u00eda present\u00f3 Samsung Food, una plataforma integral de administraci\u00f3n de alimentos impulsado por inteligencia artificial que ayuda a los nuevos chefs en [&hellip;]\" \/>\n<meta property=\"og:url\" content=\"https:\/\/www.eldiario.net\/portal\/2023\/09\/11\/conoce-samsung-food-en-ifa-2023-el-asistente-de-cocina-personalizado-mas-avanzado\/\" \/>\n<meta property=\"og:site_name\" content=\"El Diario - Bolivia\" \/>\n<meta property=\"article:publisher\" content=\"https:\/\/www.facebook.com\/eldiario.bolivia\/\" \/>\n<meta property=\"article:published_time\" content=\"2023-09-11T11:26:51+00:00\" \/>\n<meta name=\"author\" content=\"Jeanette\" \/>\n<meta name=\"twitter:card\" content=\"summary_large_image\" \/>\n<meta name=\"twitter:creator\" content=\"@eldiario_net\" \/>\n<meta name=\"twitter:site\" content=\"@eldiario_net\" \/>\n<meta name=\"twitter:label1\" content=\"Escrito por\" \/>\n\t<meta name=\"twitter:data1\" content=\"Jeanette\" \/>\n\t<meta name=\"twitter:label2\" content=\"Tiempo de lectura\" \/>\n\t<meta name=\"twitter:data2\" content=\"3 minutos\" \/>\n<script type=\"application\/ld+json\" class=\"yoast-schema-graph\">{\"@context\":\"https:\\\/\\\/schema.org\",\"@graph\":[{\"@type\":\"Article\",\"@id\":\"https:\\\/\\\/www.eldiario.net\\\/portal\\\/2023\\\/09\\\/11\\\/conoce-samsung-food-en-ifa-2023-el-asistente-de-cocina-personalizado-mas-avanzado\\\/#article\",\"isPartOf\":{\"@id\":\"https:\\\/\\\/www.eldiario.net\\\/portal\\\/2023\\\/09\\\/11\\\/conoce-samsung-food-en-ifa-2023-el-asistente-de-cocina-personalizado-mas-avanzado\\\/\"},\"author\":{\"name\":\"Jeanette\",\"@id\":\"https:\\\/\\\/www.eldiario.net\\\/portal\\\/#\\\/schema\\\/person\\\/f46445640444750d7d753ccd04ae01b7\"},\"headline\":\"Conoce Samsung Food en IFA 2023, el asistente de cocina personalizado m\u00e1s avanzado\",\"datePublished\":\"2023-09-11T11:26:51+00:00\",\"mainEntityOfPage\":{\"@id\":\"https:\\\/\\\/www.eldiario.net\\\/portal\\\/2023\\\/09\\\/11\\\/conoce-samsung-food-en-ifa-2023-el-asistente-de-cocina-personalizado-mas-avanzado\\\/\"},\"wordCount\":516,\"publisher\":{\"@id\":\"https:\\\/\\\/www.eldiario.net\\\/portal\\\/#organization\"},\"image\":{\"@id\":\"https:\\\/\\\/www.eldiario.net\\\/portal\\\/2023\\\/09\\\/11\\\/conoce-samsung-food-en-ifa-2023-el-asistente-de-cocina-personalizado-mas-avanzado\\\/#primaryimage\"},\"thumbnailUrl\":\"\",\"articleSection\":[\"Ciencia y Computaci\u00f3n\"],\"inLanguage\":\"es\"},{\"@type\":\"WebPage\",\"@id\":\"https:\\\/\\\/www.eldiario.net\\\/portal\\\/2023\\\/09\\\/11\\\/conoce-samsung-food-en-ifa-2023-el-asistente-de-cocina-personalizado-mas-avanzado\\\/\",\"url\":\"https:\\\/\\\/www.eldiario.net\\\/portal\\\/2023\\\/09\\\/11\\\/conoce-samsung-food-en-ifa-2023-el-asistente-de-cocina-personalizado-mas-avanzado\\\/\",\"name\":\"Conoce Samsung Food en IFA 2023, el asistente de cocina personalizado m\u00e1s avanzado - El Diario - Bolivia\",\"isPartOf\":{\"@id\":\"https:\\\/\\\/www.eldiario.net\\\/portal\\\/#website\"},\"primaryImageOfPage\":{\"@id\":\"https:\\\/\\\/www.eldiario.net\\\/portal\\\/2023\\\/09\\\/11\\\/conoce-samsung-food-en-ifa-2023-el-asistente-de-cocina-personalizado-mas-avanzado\\\/#primaryimage\"},\"image\":{\"@id\":\"https:\\\/\\\/www.eldiario.net\\\/portal\\\/2023\\\/09\\\/11\\\/conoce-samsung-food-en-ifa-2023-el-asistente-de-cocina-personalizado-mas-avanzado\\\/#primaryimage\"},\"thumbnailUrl\":\"\",\"datePublished\":\"2023-09-11T11:26:51+00:00\",\"breadcrumb\":{\"@id\":\"https:\\\/\\\/www.eldiario.net\\\/portal\\\/2023\\\/09\\\/11\\\/conoce-samsung-food-en-ifa-2023-el-asistente-de-cocina-personalizado-mas-avanzado\\\/#breadcrumb\"},\"inLanguage\":\"es\",\"potentialAction\":[{\"@type\":\"ReadAction\",\"target\":[\"https:\\\/\\\/www.eldiario.net\\\/portal\\\/2023\\\/09\\\/11\\\/conoce-samsung-food-en-ifa-2023-el-asistente-de-cocina-personalizado-mas-avanzado\\\/\"]}]},{\"@type\":\"ImageObject\",\"inLanguage\":\"es\",\"@id\":\"https:\\\/\\\/www.eldiario.net\\\/portal\\\/2023\\\/09\\\/11\\\/conoce-samsung-food-en-ifa-2023-el-asistente-de-cocina-personalizado-mas-avanzado\\\/#primaryimage\",\"url\":\"\",\"contentUrl\":\"\"},{\"@type\":\"BreadcrumbList\",\"@id\":\"https:\\\/\\\/www.eldiario.net\\\/portal\\\/2023\\\/09\\\/11\\\/conoce-samsung-food-en-ifa-2023-el-asistente-de-cocina-personalizado-mas-avanzado\\\/#breadcrumb\",\"itemListElement\":[{\"@type\":\"ListItem\",\"position\":1,\"name\":\"Portada\",\"item\":\"https:\\\/\\\/www.eldiario.net\\\/portal\\\/\"},{\"@type\":\"ListItem\",\"position\":2,\"name\":\"Conoce Samsung Food en IFA 2023, el asistente de cocina personalizado m\u00e1s avanzado\"}]},{\"@type\":\"WebSite\",\"@id\":\"https:\\\/\\\/www.eldiario.net\\\/portal\\\/#website\",\"url\":\"https:\\\/\\\/www.eldiario.net\\\/portal\\\/\",\"name\":\"El Diario - Decano de la prensa nacional\",\"description\":\"El Diario - Decano de la prensa nacional\",\"publisher\":{\"@id\":\"https:\\\/\\\/www.eldiario.net\\\/portal\\\/#organization\"},\"potentialAction\":[{\"@type\":\"SearchAction\",\"target\":{\"@type\":\"EntryPoint\",\"urlTemplate\":\"https:\\\/\\\/www.eldiario.net\\\/portal\\\/?s={search_term_string}\"},\"query-input\":{\"@type\":\"PropertyValueSpecification\",\"valueRequired\":true,\"valueName\":\"search_term_string\"}}],\"inLanguage\":\"es\"},{\"@type\":\"Organization\",\"@id\":\"https:\\\/\\\/www.eldiario.net\\\/portal\\\/#organization\",\"name\":\"El Diario - Decano de la prensa nacional\",\"url\":\"https:\\\/\\\/www.eldiario.net\\\/portal\\\/\",\"logo\":{\"@type\":\"ImageObject\",\"inLanguage\":\"es\",\"@id\":\"https:\\\/\\\/www.eldiario.net\\\/portal\\\/#\\\/schema\\\/logo\\\/image\\\/\",\"url\":\"https:\\\/\\\/www.eldiario.net\\\/portal\\\/wp-content\\\/uploads\\\/2023\\\/07\\\/logo_ED.jpg\",\"contentUrl\":\"https:\\\/\\\/www.eldiario.net\\\/portal\\\/wp-content\\\/uploads\\\/2023\\\/07\\\/logo_ED.jpg\",\"width\":272,\"height\":52,\"caption\":\"El Diario - Decano de la prensa nacional\"},\"image\":{\"@id\":\"https:\\\/\\\/www.eldiario.net\\\/portal\\\/#\\\/schema\\\/logo\\\/image\\\/\"},\"sameAs\":[\"https:\\\/\\\/www.facebook.com\\\/eldiario.bolivia\\\/\",\"https:\\\/\\\/x.com\\\/eldiario_net\"]},{\"@type\":\"Person\",\"@id\":\"https:\\\/\\\/www.eldiario.net\\\/portal\\\/#\\\/schema\\\/person\\\/f46445640444750d7d753ccd04ae01b7\",\"name\":\"Jeanette\",\"image\":{\"@type\":\"ImageObject\",\"inLanguage\":\"es\",\"@id\":\"https:\\\/\\\/secure.gravatar.com\\\/avatar\\\/3ea2118a5f7dad2b7138b1187a6b7ee55f160b9968b66013c3a3ef39dd7e5798?s=96&d=mm&r=g\",\"url\":\"https:\\\/\\\/secure.gravatar.com\\\/avatar\\\/3ea2118a5f7dad2b7138b1187a6b7ee55f160b9968b66013c3a3ef39dd7e5798?s=96&d=mm&r=g\",\"contentUrl\":\"https:\\\/\\\/secure.gravatar.com\\\/avatar\\\/3ea2118a5f7dad2b7138b1187a6b7ee55f160b9968b66013c3a3ef39dd7e5798?s=96&d=mm&r=g\",\"caption\":\"Jeanette\"},\"sameAs\":[\"https:\\\/\\\/www.eldiario.net\\\/portal\"],\"url\":\"https:\\\/\\\/www.eldiario.net\\\/portal\\\/author\\\/jeanette\\\/\"}]}<\/script>\n<!-- \/ Yoast SEO plugin. -->","yoast_head_json":{"title":"Conoce Samsung Food en IFA 2023, el asistente de cocina personalizado m\u00e1s avanzado - El Diario - Bolivia","robots":{"index":"index","follow":"follow","max-snippet":"max-snippet:-1","max-image-preview":"max-image-preview:large","max-video-preview":"max-video-preview:-1"},"canonical":"https:\/\/www.eldiario.net\/portal\/2023\/09\/11\/conoce-samsung-food-en-ifa-2023-el-asistente-de-cocina-personalizado-mas-avanzado\/","og_locale":"es_ES","og_type":"article","og_title":"Conoce Samsung Food en IFA 2023, el asistente de cocina personalizado m\u00e1s avanzado - El Diario - Bolivia","og_description":"Septiembre 2023. \u00bfQu\u00e9 haces con las recetas que tienes en mente? \u00bfC\u00f3mo recuerdas los productos que hay en el refrigerador? \u00bfPor d\u00f3nde empiezas al momento de cocinar un nuevo platillo? La marca de tecnolog\u00eda present\u00f3 Samsung Food, una plataforma integral de administraci\u00f3n de alimentos impulsado por inteligencia artificial que ayuda a los nuevos chefs en [&hellip;]","og_url":"https:\/\/www.eldiario.net\/portal\/2023\/09\/11\/conoce-samsung-food-en-ifa-2023-el-asistente-de-cocina-personalizado-mas-avanzado\/","og_site_name":"El Diario - Bolivia","article_publisher":"https:\/\/www.facebook.com\/eldiario.bolivia\/","article_published_time":"2023-09-11T11:26:51+00:00","author":"Jeanette","twitter_card":"summary_large_image","twitter_creator":"@eldiario_net","twitter_site":"@eldiario_net","twitter_misc":{"Escrito por":"Jeanette","Tiempo de lectura":"3 minutos"},"schema":{"@context":"https:\/\/schema.org","@graph":[{"@type":"Article","@id":"https:\/\/www.eldiario.net\/portal\/2023\/09\/11\/conoce-samsung-food-en-ifa-2023-el-asistente-de-cocina-personalizado-mas-avanzado\/#article","isPartOf":{"@id":"https:\/\/www.eldiario.net\/portal\/2023\/09\/11\/conoce-samsung-food-en-ifa-2023-el-asistente-de-cocina-personalizado-mas-avanzado\/"},"author":{"name":"Jeanette","@id":"https:\/\/www.eldiario.net\/portal\/#\/schema\/person\/f46445640444750d7d753ccd04ae01b7"},"headline":"Conoce Samsung Food en IFA 2023, el asistente de cocina personalizado m\u00e1s avanzado","datePublished":"2023-09-11T11:26:51+00:00","mainEntityOfPage":{"@id":"https:\/\/www.eldiario.net\/portal\/2023\/09\/11\/conoce-samsung-food-en-ifa-2023-el-asistente-de-cocina-personalizado-mas-avanzado\/"},"wordCount":516,"publisher":{"@id":"https:\/\/www.eldiario.net\/portal\/#organization"},"image":{"@id":"https:\/\/www.eldiario.net\/portal\/2023\/09\/11\/conoce-samsung-food-en-ifa-2023-el-asistente-de-cocina-personalizado-mas-avanzado\/#primaryimage"},"thumbnailUrl":"","articleSection":["Ciencia y Computaci\u00f3n"],"inLanguage":"es"},{"@type":"WebPage","@id":"https:\/\/www.eldiario.net\/portal\/2023\/09\/11\/conoce-samsung-food-en-ifa-2023-el-asistente-de-cocina-personalizado-mas-avanzado\/","url":"https:\/\/www.eldiario.net\/portal\/2023\/09\/11\/conoce-samsung-food-en-ifa-2023-el-asistente-de-cocina-personalizado-mas-avanzado\/","name":"Conoce Samsung Food en IFA 2023, el asistente de cocina personalizado m\u00e1s avanzado - El Diario - Bolivia","isPartOf":{"@id":"https:\/\/www.eldiario.net\/portal\/#website"},"primaryImageOfPage":{"@id":"https:\/\/www.eldiario.net\/portal\/2023\/09\/11\/conoce-samsung-food-en-ifa-2023-el-asistente-de-cocina-personalizado-mas-avanzado\/#primaryimage"},"image":{"@id":"https:\/\/www.eldiario.net\/portal\/2023\/09\/11\/conoce-samsung-food-en-ifa-2023-el-asistente-de-cocina-personalizado-mas-avanzado\/#primaryimage"},"thumbnailUrl":"","datePublished":"2023-09-11T11:26:51+00:00","breadcrumb":{"@id":"https:\/\/www.eldiario.net\/portal\/2023\/09\/11\/conoce-samsung-food-en-ifa-2023-el-asistente-de-cocina-personalizado-mas-avanzado\/#breadcrumb"},"inLanguage":"es","potentialAction":[{"@type":"ReadAction","target":["https:\/\/www.eldiario.net\/portal\/2023\/09\/11\/conoce-samsung-food-en-ifa-2023-el-asistente-de-cocina-personalizado-mas-avanzado\/"]}]},{"@type":"ImageObject","inLanguage":"es","@id":"https:\/\/www.eldiario.net\/portal\/2023\/09\/11\/conoce-samsung-food-en-ifa-2023-el-asistente-de-cocina-personalizado-mas-avanzado\/#primaryimage","url":"","contentUrl":""},{"@type":"BreadcrumbList","@id":"https:\/\/www.eldiario.net\/portal\/2023\/09\/11\/conoce-samsung-food-en-ifa-2023-el-asistente-de-cocina-personalizado-mas-avanzado\/#breadcrumb","itemListElement":[{"@type":"ListItem","position":1,"name":"Portada","item":"https:\/\/www.eldiario.net\/portal\/"},{"@type":"ListItem","position":2,"name":"Conoce Samsung Food en IFA 2023, el asistente de cocina personalizado m\u00e1s avanzado"}]},{"@type":"WebSite","@id":"https:\/\/www.eldiario.net\/portal\/#website","url":"https:\/\/www.eldiario.net\/portal\/","name":"El Diario - Decano de la prensa nacional","description":"El Diario - Decano de la prensa nacional","publisher":{"@id":"https:\/\/www.eldiario.net\/portal\/#organization"},"potentialAction":[{"@type":"SearchAction","target":{"@type":"EntryPoint","urlTemplate":"https:\/\/www.eldiario.net\/portal\/?s={search_term_string}"},"query-input":{"@type":"PropertyValueSpecification","valueRequired":true,"valueName":"search_term_string"}}],"inLanguage":"es"},{"@type":"Organization","@id":"https:\/\/www.eldiario.net\/portal\/#organization","name":"El Diario - Decano de la prensa nacional","url":"https:\/\/www.eldiario.net\/portal\/","logo":{"@type":"ImageObject","inLanguage":"es","@id":"https:\/\/www.eldiario.net\/portal\/#\/schema\/logo\/image\/","url":"https:\/\/www.eldiario.net\/portal\/wp-content\/uploads\/2023\/07\/logo_ED.jpg","contentUrl":"https:\/\/www.eldiario.net\/portal\/wp-content\/uploads\/2023\/07\/logo_ED.jpg","width":272,"height":52,"caption":"El Diario - Decano de la prensa nacional"},"image":{"@id":"https:\/\/www.eldiario.net\/portal\/#\/schema\/logo\/image\/"},"sameAs":["https:\/\/www.facebook.com\/eldiario.bolivia\/","https:\/\/x.com\/eldiario_net"]},{"@type":"Person","@id":"https:\/\/www.eldiario.net\/portal\/#\/schema\/person\/f46445640444750d7d753ccd04ae01b7","name":"Jeanette","image":{"@type":"ImageObject","inLanguage":"es","@id":"https:\/\/secure.gravatar.com\/avatar\/3ea2118a5f7dad2b7138b1187a6b7ee55f160b9968b66013c3a3ef39dd7e5798?s=96&d=mm&r=g","url":"https:\/\/secure.gravatar.com\/avatar\/3ea2118a5f7dad2b7138b1187a6b7ee55f160b9968b66013c3a3ef39dd7e5798?s=96&d=mm&r=g","contentUrl":"https:\/\/secure.gravatar.com\/avatar\/3ea2118a5f7dad2b7138b1187a6b7ee55f160b9968b66013c3a3ef39dd7e5798?s=96&d=mm&r=g","caption":"Jeanette"},"sameAs":["https:\/\/www.eldiario.net\/portal"],"url":"https:\/\/www.eldiario.net\/portal\/author\/jeanette\/"}]}},"_links":{"self":[{"href":"https:\/\/www.eldiario.net\/portal\/wp-json\/wp\/v2\/posts\/176105","targetHints":{"allow":["GET"]}}],"collection":[{"href":"https:\/\/www.eldiario.net\/portal\/wp-json\/wp\/v2\/posts"}],"about":[{"href":"https:\/\/www.eldiario.net\/portal\/wp-json\/wp\/v2\/types\/post"}],"author":[{"embeddable":true,"href":"https:\/\/www.eldiario.net\/portal\/wp-json\/wp\/v2\/users\/1"}],"replies":[{"embeddable":true,"href":"https:\/\/www.eldiario.net\/portal\/wp-json\/wp\/v2\/comments?post=176105"}],"version-history":[{"count":0,"href":"https:\/\/www.eldiario.net\/portal\/wp-json\/wp\/v2\/posts\/176105\/revisions"}],"wp:attachment":[{"href":"https:\/\/www.eldiario.net\/portal\/wp-json\/wp\/v2\/media?parent=176105"}],"wp:term":[{"taxonomy":"category","embeddable":true,"href":"https:\/\/www.eldiario.net\/portal\/wp-json\/wp\/v2\/categories?post=176105"},{"taxonomy":"post_tag","embeddable":true,"href":"https:\/\/www.eldiario.net\/portal\/wp-json\/wp\/v2\/tags?post=176105"}],"curies":[{"name":"wp","href":"https:\/\/api.w.org\/{rel}","templated":true}]}}