{"id":176099,"date":"2023-09-11T07:24:03","date_gmt":"2023-09-11T11:24:03","guid":{"rendered":"https:\/\/www.eldiario.net\/portal\/?p=176099"},"modified":"2023-09-11T07:24:03","modified_gmt":"2023-09-11T11:24:03","slug":"facebook-e-instagram-tendran-una-version-de-pago","status":"publish","type":"post","link":"https:\/\/www.eldiario.net\/portal\/2023\/09\/11\/facebook-e-instagram-tendran-una-version-de-pago\/","title":{"rendered":"\u00bfFacebook e Instagram tendr\u00e1n una versi\u00f3n de pago?"},"content":{"rendered":"<p>Meta planea lanzar dos nuevas versiones\u00a0 para Facebook e Instagram, estas versiones ser\u00edan de pago.<\/p>\n<p>Las nuevas versiones de pago llegar\u00edan sin anuncios\u00a0para usuarios. Esta medida parece ser una respuesta a las preocupaciones y regulaciones en materia de privacidad que enfrenta la compa\u00f1\u00eda por parte de los organismos reguladores. Seg\u00fan el\u00a0New York Times, fuentes an\u00f3nimas dieron a conocer esta noticia. Sin embargo, Meta se neg\u00f3 a hacer comentarios.<\/p>\n<p>En tal sentido, los suscriptores que opten por estas versiones no ser\u00e1n bombardeados con anuncios, lo que podr\u00eda ser un atractivo adicional para quienes valoran su privacidad en l\u00ednea. No obstante, el gigante de las redes sociales\u00a0seguir\u00e1 ofreciendo versiones gratuitas\u00a0de estas aplicaciones con publicidad, permitiendo a los usuarios elegir la opci\u00f3n que mejor se adapte a sus preferencias y necesidades.<\/p>\n<p>Las leyes de la Uni\u00f3n Europea no siempre son compatibles con el negocio de Mark Zuckerberg. El a\u00f1o pasado se asom\u00f3 la posibilidad del\u00a0cierre de Facebook e Instagram\u00a0para esta regi\u00f3n y hace poco\u00a0las leyes de privacidad\u00a0tambi\u00e9n\u00a0impidieron el lanzamiento de Threads, el rival de X (Twitter) en Europa.<\/p>\n<p>Tradicionalmente, las empresas han recopilado y utilizado datos de los usuarios para personalizar sus anuncios. Pero,\u00a0esta pr\u00e1ctica est\u00e1 cada vez m\u00e1s restringida\u00a0por las regulaciones, como la Ley de Servicios Digitales de la Uni\u00f3n Europea (DSA). La propuesta de Meta de ofrecer versiones de pago de estas plataformas, supondr\u00eda un cambio importante en la forma en que las empresas deben redise\u00f1ar sus productos para cumplir con las normas de privacidad de datos.<\/p>\n<p>Algunos expertos de Meta creen que ofrecer una versi\u00f3n de pago de Facebook e Instagram sin publicidad podr\u00eda ayudar a aliviar las preocupaciones de los\u00a0reguladores europeos. El \u00e9xito o fracaso de esta decisi\u00f3n podr\u00eda depender en gran medida de la tarifa que Meta decida establecer.<\/p>\n<p>Aunque el New York Times no detalla espec\u00edficamente cu\u00e1ndo se implementar\u00e1 esta medida ni\u00a0el precio del mismo, es probable que la nueva variante sin anuncios siga una estructura similar a otros servicios de suscripci\u00f3n, como\u00a0YouTube Premium, Spotify Premium.<\/p>\n<p>Meta se resiste a cambiar su modelo de negocio, pero la presi\u00f3n regulatoria podr\u00eda obligarla a ofrecer una\u00a0versi\u00f3n premium sin publicidad. La Uni\u00f3n Europea, con sus nuevas leyes, est\u00e1 impulsando a las empresas tecnol\u00f3gicas a cambiar sus productos para satisfacer las necesidades de los usuarios europeos.<\/p>\n<p>Europa genera casi 12 mil millones de d\u00f3lares anuales en publicidad para Meta, lo que la convierte en\u00a0la segunda regi\u00f3n m\u00e1s lucrativa\u00a0para la empresa despu\u00e9s de Am\u00e9rica del Norte. Susan Li, directora financiera de Meta, dijo en abril que la publicidad en la Uni\u00f3n Europea representaba el 10 por ciento del negocio total de la empresa.<\/p>\n","protected":false},"excerpt":{"rendered":"<p>Meta planea lanzar dos nuevas versiones\u00a0 para Facebook e Instagram, estas versiones ser\u00edan de pago. Las nuevas versiones de pago llegar\u00edan sin anuncios\u00a0para usuarios. Esta medida parece ser una respuesta a las preocupaciones y regulaciones en materia de privacidad que enfrenta la compa\u00f1\u00eda por parte de los organismos reguladores. Seg\u00fan el\u00a0New York Times, fuentes an\u00f3nimas [&hellip;]<\/p>\n","protected":false},"author":1,"featured_media":176100,"comment_status":"closed","ping_status":"open","sticky":false,"template":"","format":"standard","meta":{"_acf_changed":false,"footnotes":""},"categories":[46],"tags":[],"class_list":["post-176099","post","type-post","status-publish","format-standard","has-post-thumbnail","category-ciencia-computacion"],"acf":{"antetitulo":""},"yoast_head":"<!-- This site is optimized with the Yoast SEO plugin v28.3 - https:\/\/yoast.com\/product\/yoast-seo-wordpress\/ -->\n<title>\u00bfFacebook e Instagram tendr\u00e1n una versi\u00f3n de pago? - El Diario - Bolivia<\/title>\n<meta name=\"robots\" content=\"index, follow, max-snippet:-1, max-image-preview:large, max-video-preview:-1\" \/>\n<link rel=\"canonical\" href=\"https:\/\/www.eldiario.net\/portal\/2023\/09\/11\/facebook-e-instagram-tendran-una-version-de-pago\/\" \/>\n<meta property=\"og:locale\" content=\"es_ES\" \/>\n<meta property=\"og:type\" content=\"article\" \/>\n<meta property=\"og:title\" content=\"\u00bfFacebook e Instagram tendr\u00e1n una versi\u00f3n de pago? - El Diario - Bolivia\" \/>\n<meta property=\"og:description\" content=\"Meta planea lanzar dos nuevas versiones\u00a0 para Facebook e Instagram, estas versiones ser\u00edan de pago. Las nuevas versiones de pago llegar\u00edan sin anuncios\u00a0para usuarios. Esta medida parece ser una respuesta a las preocupaciones y regulaciones en materia de privacidad que enfrenta la compa\u00f1\u00eda por parte de los organismos reguladores. Seg\u00fan el\u00a0New York Times, fuentes an\u00f3nimas [&hellip;]\" \/>\n<meta property=\"og:url\" content=\"https:\/\/www.eldiario.net\/portal\/2023\/09\/11\/facebook-e-instagram-tendran-una-version-de-pago\/\" \/>\n<meta property=\"og:site_name\" content=\"El Diario - Bolivia\" \/>\n<meta property=\"article:publisher\" content=\"https:\/\/www.facebook.com\/eldiario.bolivia\/\" \/>\n<meta property=\"article:published_time\" content=\"2023-09-11T11:24:03+00:00\" \/>\n<meta property=\"og:image\" content=\"https:\/\/www.eldiario.net\/portal\/wp-content\/uploads\/2023\/09\/6-B-1-scaled-1.jpg\" \/>\n\t<meta property=\"og:image:width\" content=\"2560\" \/>\n\t<meta property=\"og:image:height\" content=\"1440\" \/>\n\t<meta property=\"og:image:type\" content=\"image\/jpeg\" \/>\n<meta name=\"author\" content=\"Jeanette\" \/>\n<meta name=\"twitter:card\" content=\"summary_large_image\" \/>\n<meta name=\"twitter:creator\" content=\"@eldiario_net\" \/>\n<meta name=\"twitter:site\" content=\"@eldiario_net\" \/>\n<meta name=\"twitter:label1\" content=\"Escrito por\" \/>\n\t<meta name=\"twitter:data1\" content=\"Jeanette\" \/>\n\t<meta name=\"twitter:label2\" content=\"Tiempo de lectura\" \/>\n\t<meta name=\"twitter:data2\" content=\"3 minutos\" \/>\n<script type=\"application\/ld+json\" class=\"yoast-schema-graph\">{\"@context\":\"https:\\\/\\\/schema.org\",\"@graph\":[{\"@type\":\"Article\",\"@id\":\"https:\\\/\\\/www.eldiario.net\\\/portal\\\/2023\\\/09\\\/11\\\/facebook-e-instagram-tendran-una-version-de-pago\\\/#article\",\"isPartOf\":{\"@id\":\"https:\\\/\\\/www.eldiario.net\\\/portal\\\/2023\\\/09\\\/11\\\/facebook-e-instagram-tendran-una-version-de-pago\\\/\"},\"author\":{\"name\":\"Jeanette\",\"@id\":\"https:\\\/\\\/www.eldiario.net\\\/portal\\\/#\\\/schema\\\/person\\\/f46445640444750d7d753ccd04ae01b7\"},\"headline\":\"\u00bfFacebook e Instagram tendr\u00e1n una versi\u00f3n de pago?\",\"datePublished\":\"2023-09-11T11:24:03+00:00\",\"mainEntityOfPage\":{\"@id\":\"https:\\\/\\\/www.eldiario.net\\\/portal\\\/2023\\\/09\\\/11\\\/facebook-e-instagram-tendran-una-version-de-pago\\\/\"},\"wordCount\":492,\"publisher\":{\"@id\":\"https:\\\/\\\/www.eldiario.net\\\/portal\\\/#organization\"},\"image\":{\"@id\":\"https:\\\/\\\/www.eldiario.net\\\/portal\\\/2023\\\/09\\\/11\\\/facebook-e-instagram-tendran-una-version-de-pago\\\/#primaryimage\"},\"thumbnailUrl\":\"https:\\\/\\\/www.eldiario.net\\\/portal\\\/wp-content\\\/uploads\\\/2023\\\/09\\\/6-B-1-scaled-1.jpg\",\"articleSection\":[\"Ciencia y Computaci\u00f3n\"],\"inLanguage\":\"es\"},{\"@type\":\"WebPage\",\"@id\":\"https:\\\/\\\/www.eldiario.net\\\/portal\\\/2023\\\/09\\\/11\\\/facebook-e-instagram-tendran-una-version-de-pago\\\/\",\"url\":\"https:\\\/\\\/www.eldiario.net\\\/portal\\\/2023\\\/09\\\/11\\\/facebook-e-instagram-tendran-una-version-de-pago\\\/\",\"name\":\"\u00bfFacebook e Instagram tendr\u00e1n una versi\u00f3n de pago? - El Diario - Bolivia\",\"isPartOf\":{\"@id\":\"https:\\\/\\\/www.eldiario.net\\\/portal\\\/#website\"},\"primaryImageOfPage\":{\"@id\":\"https:\\\/\\\/www.eldiario.net\\\/portal\\\/2023\\\/09\\\/11\\\/facebook-e-instagram-tendran-una-version-de-pago\\\/#primaryimage\"},\"image\":{\"@id\":\"https:\\\/\\\/www.eldiario.net\\\/portal\\\/2023\\\/09\\\/11\\\/facebook-e-instagram-tendran-una-version-de-pago\\\/#primaryimage\"},\"thumbnailUrl\":\"https:\\\/\\\/www.eldiario.net\\\/portal\\\/wp-content\\\/uploads\\\/2023\\\/09\\\/6-B-1-scaled-1.jpg\",\"datePublished\":\"2023-09-11T11:24:03+00:00\",\"breadcrumb\":{\"@id\":\"https:\\\/\\\/www.eldiario.net\\\/portal\\\/2023\\\/09\\\/11\\\/facebook-e-instagram-tendran-una-version-de-pago\\\/#breadcrumb\"},\"inLanguage\":\"es\",\"potentialAction\":[{\"@type\":\"ReadAction\",\"target\":[\"https:\\\/\\\/www.eldiario.net\\\/portal\\\/2023\\\/09\\\/11\\\/facebook-e-instagram-tendran-una-version-de-pago\\\/\"]}]},{\"@type\":\"ImageObject\",\"inLanguage\":\"es\",\"@id\":\"https:\\\/\\\/www.eldiario.net\\\/portal\\\/2023\\\/09\\\/11\\\/facebook-e-instagram-tendran-una-version-de-pago\\\/#primaryimage\",\"url\":\"https:\\\/\\\/www.eldiario.net\\\/portal\\\/wp-content\\\/uploads\\\/2023\\\/09\\\/6-B-1-scaled-1.jpg\",\"contentUrl\":\"https:\\\/\\\/www.eldiario.net\\\/portal\\\/wp-content\\\/uploads\\\/2023\\\/09\\\/6-B-1-scaled-1.jpg\",\"width\":2560,\"height\":1440},{\"@type\":\"BreadcrumbList\",\"@id\":\"https:\\\/\\\/www.eldiario.net\\\/portal\\\/2023\\\/09\\\/11\\\/facebook-e-instagram-tendran-una-version-de-pago\\\/#breadcrumb\",\"itemListElement\":[{\"@type\":\"ListItem\",\"position\":1,\"name\":\"Portada\",\"item\":\"https:\\\/\\\/www.eldiario.net\\\/portal\\\/\"},{\"@type\":\"ListItem\",\"position\":2,\"name\":\"\u00bfFacebook e Instagram tendr\u00e1n una versi\u00f3n de pago?\"}]},{\"@type\":\"WebSite\",\"@id\":\"https:\\\/\\\/www.eldiario.net\\\/portal\\\/#website\",\"url\":\"https:\\\/\\\/www.eldiario.net\\\/portal\\\/\",\"name\":\"El Diario - Decano de la prensa nacional\",\"description\":\"El Diario - Decano de la prensa nacional\",\"publisher\":{\"@id\":\"https:\\\/\\\/www.eldiario.net\\\/portal\\\/#organization\"},\"potentialAction\":[{\"@type\":\"SearchAction\",\"target\":{\"@type\":\"EntryPoint\",\"urlTemplate\":\"https:\\\/\\\/www.eldiario.net\\\/portal\\\/?s={search_term_string}\"},\"query-input\":{\"@type\":\"PropertyValueSpecification\",\"valueRequired\":true,\"valueName\":\"search_term_string\"}}],\"inLanguage\":\"es\"},{\"@type\":\"Organization\",\"@id\":\"https:\\\/\\\/www.eldiario.net\\\/portal\\\/#organization\",\"name\":\"El Diario - Decano de la prensa nacional\",\"url\":\"https:\\\/\\\/www.eldiario.net\\\/portal\\\/\",\"logo\":{\"@type\":\"ImageObject\",\"inLanguage\":\"es\",\"@id\":\"https:\\\/\\\/www.eldiario.net\\\/portal\\\/#\\\/schema\\\/logo\\\/image\\\/\",\"url\":\"https:\\\/\\\/www.eldiario.net\\\/portal\\\/wp-content\\\/uploads\\\/2023\\\/07\\\/logo_ED.jpg\",\"contentUrl\":\"https:\\\/\\\/www.eldiario.net\\\/portal\\\/wp-content\\\/uploads\\\/2023\\\/07\\\/logo_ED.jpg\",\"width\":272,\"height\":52,\"caption\":\"El Diario - Decano de la prensa nacional\"},\"image\":{\"@id\":\"https:\\\/\\\/www.eldiario.net\\\/portal\\\/#\\\/schema\\\/logo\\\/image\\\/\"},\"sameAs\":[\"https:\\\/\\\/www.facebook.com\\\/eldiario.bolivia\\\/\",\"https:\\\/\\\/x.com\\\/eldiario_net\"]},{\"@type\":\"Person\",\"@id\":\"https:\\\/\\\/www.eldiario.net\\\/portal\\\/#\\\/schema\\\/person\\\/f46445640444750d7d753ccd04ae01b7\",\"name\":\"Jeanette\",\"image\":{\"@type\":\"ImageObject\",\"inLanguage\":\"es\",\"@id\":\"https:\\\/\\\/secure.gravatar.com\\\/avatar\\\/3ea2118a5f7dad2b7138b1187a6b7ee55f160b9968b66013c3a3ef39dd7e5798?s=96&d=mm&r=g\",\"url\":\"https:\\\/\\\/secure.gravatar.com\\\/avatar\\\/3ea2118a5f7dad2b7138b1187a6b7ee55f160b9968b66013c3a3ef39dd7e5798?s=96&d=mm&r=g\",\"contentUrl\":\"https:\\\/\\\/secure.gravatar.com\\\/avatar\\\/3ea2118a5f7dad2b7138b1187a6b7ee55f160b9968b66013c3a3ef39dd7e5798?s=96&d=mm&r=g\",\"caption\":\"Jeanette\"},\"sameAs\":[\"https:\\\/\\\/www.eldiario.net\\\/portal\"],\"url\":\"https:\\\/\\\/www.eldiario.net\\\/portal\\\/author\\\/jeanette\\\/\"}]}<\/script>\n<!-- \/ Yoast SEO plugin. -->","yoast_head_json":{"title":"\u00bfFacebook e Instagram tendr\u00e1n una versi\u00f3n de pago? - El Diario - Bolivia","robots":{"index":"index","follow":"follow","max-snippet":"max-snippet:-1","max-image-preview":"max-image-preview:large","max-video-preview":"max-video-preview:-1"},"canonical":"https:\/\/www.eldiario.net\/portal\/2023\/09\/11\/facebook-e-instagram-tendran-una-version-de-pago\/","og_locale":"es_ES","og_type":"article","og_title":"\u00bfFacebook e Instagram tendr\u00e1n una versi\u00f3n de pago? - El Diario - Bolivia","og_description":"Meta planea lanzar dos nuevas versiones\u00a0 para Facebook e Instagram, estas versiones ser\u00edan de pago. Las nuevas versiones de pago llegar\u00edan sin anuncios\u00a0para usuarios. Esta medida parece ser una respuesta a las preocupaciones y regulaciones en materia de privacidad que enfrenta la compa\u00f1\u00eda por parte de los organismos reguladores. Seg\u00fan el\u00a0New York Times, fuentes an\u00f3nimas [&hellip;]","og_url":"https:\/\/www.eldiario.net\/portal\/2023\/09\/11\/facebook-e-instagram-tendran-una-version-de-pago\/","og_site_name":"El Diario - Bolivia","article_publisher":"https:\/\/www.facebook.com\/eldiario.bolivia\/","article_published_time":"2023-09-11T11:24:03+00:00","og_image":[{"width":2560,"height":1440,"url":"https:\/\/www.eldiario.net\/portal\/wp-content\/uploads\/2023\/09\/6-B-1-scaled-1.jpg","type":"image\/jpeg"}],"author":"Jeanette","twitter_card":"summary_large_image","twitter_creator":"@eldiario_net","twitter_site":"@eldiario_net","twitter_misc":{"Escrito por":"Jeanette","Tiempo de lectura":"3 minutos"},"schema":{"@context":"https:\/\/schema.org","@graph":[{"@type":"Article","@id":"https:\/\/www.eldiario.net\/portal\/2023\/09\/11\/facebook-e-instagram-tendran-una-version-de-pago\/#article","isPartOf":{"@id":"https:\/\/www.eldiario.net\/portal\/2023\/09\/11\/facebook-e-instagram-tendran-una-version-de-pago\/"},"author":{"name":"Jeanette","@id":"https:\/\/www.eldiario.net\/portal\/#\/schema\/person\/f46445640444750d7d753ccd04ae01b7"},"headline":"\u00bfFacebook e Instagram tendr\u00e1n una versi\u00f3n de pago?","datePublished":"2023-09-11T11:24:03+00:00","mainEntityOfPage":{"@id":"https:\/\/www.eldiario.net\/portal\/2023\/09\/11\/facebook-e-instagram-tendran-una-version-de-pago\/"},"wordCount":492,"publisher":{"@id":"https:\/\/www.eldiario.net\/portal\/#organization"},"image":{"@id":"https:\/\/www.eldiario.net\/portal\/2023\/09\/11\/facebook-e-instagram-tendran-una-version-de-pago\/#primaryimage"},"thumbnailUrl":"https:\/\/www.eldiario.net\/portal\/wp-content\/uploads\/2023\/09\/6-B-1-scaled-1.jpg","articleSection":["Ciencia y Computaci\u00f3n"],"inLanguage":"es"},{"@type":"WebPage","@id":"https:\/\/www.eldiario.net\/portal\/2023\/09\/11\/facebook-e-instagram-tendran-una-version-de-pago\/","url":"https:\/\/www.eldiario.net\/portal\/2023\/09\/11\/facebook-e-instagram-tendran-una-version-de-pago\/","name":"\u00bfFacebook e Instagram tendr\u00e1n una versi\u00f3n de pago? - El Diario - Bolivia","isPartOf":{"@id":"https:\/\/www.eldiario.net\/portal\/#website"},"primaryImageOfPage":{"@id":"https:\/\/www.eldiario.net\/portal\/2023\/09\/11\/facebook-e-instagram-tendran-una-version-de-pago\/#primaryimage"},"image":{"@id":"https:\/\/www.eldiario.net\/portal\/2023\/09\/11\/facebook-e-instagram-tendran-una-version-de-pago\/#primaryimage"},"thumbnailUrl":"https:\/\/www.eldiario.net\/portal\/wp-content\/uploads\/2023\/09\/6-B-1-scaled-1.jpg","datePublished":"2023-09-11T11:24:03+00:00","breadcrumb":{"@id":"https:\/\/www.eldiario.net\/portal\/2023\/09\/11\/facebook-e-instagram-tendran-una-version-de-pago\/#breadcrumb"},"inLanguage":"es","potentialAction":[{"@type":"ReadAction","target":["https:\/\/www.eldiario.net\/portal\/2023\/09\/11\/facebook-e-instagram-tendran-una-version-de-pago\/"]}]},{"@type":"ImageObject","inLanguage":"es","@id":"https:\/\/www.eldiario.net\/portal\/2023\/09\/11\/facebook-e-instagram-tendran-una-version-de-pago\/#primaryimage","url":"https:\/\/www.eldiario.net\/portal\/wp-content\/uploads\/2023\/09\/6-B-1-scaled-1.jpg","contentUrl":"https:\/\/www.eldiario.net\/portal\/wp-content\/uploads\/2023\/09\/6-B-1-scaled-1.jpg","width":2560,"height":1440},{"@type":"BreadcrumbList","@id":"https:\/\/www.eldiario.net\/portal\/2023\/09\/11\/facebook-e-instagram-tendran-una-version-de-pago\/#breadcrumb","itemListElement":[{"@type":"ListItem","position":1,"name":"Portada","item":"https:\/\/www.eldiario.net\/portal\/"},{"@type":"ListItem","position":2,"name":"\u00bfFacebook e Instagram tendr\u00e1n una versi\u00f3n de pago?"}]},{"@type":"WebSite","@id":"https:\/\/www.eldiario.net\/portal\/#website","url":"https:\/\/www.eldiario.net\/portal\/","name":"El Diario - Decano de la prensa nacional","description":"El Diario - Decano de la prensa nacional","publisher":{"@id":"https:\/\/www.eldiario.net\/portal\/#organization"},"potentialAction":[{"@type":"SearchAction","target":{"@type":"EntryPoint","urlTemplate":"https:\/\/www.eldiario.net\/portal\/?s={search_term_string}"},"query-input":{"@type":"PropertyValueSpecification","valueRequired":true,"valueName":"search_term_string"}}],"inLanguage":"es"},{"@type":"Organization","@id":"https:\/\/www.eldiario.net\/portal\/#organization","name":"El Diario - Decano de la prensa nacional","url":"https:\/\/www.eldiario.net\/portal\/","logo":{"@type":"ImageObject","inLanguage":"es","@id":"https:\/\/www.eldiario.net\/portal\/#\/schema\/logo\/image\/","url":"https:\/\/www.eldiario.net\/portal\/wp-content\/uploads\/2023\/07\/logo_ED.jpg","contentUrl":"https:\/\/www.eldiario.net\/portal\/wp-content\/uploads\/2023\/07\/logo_ED.jpg","width":272,"height":52,"caption":"El Diario - Decano de la prensa nacional"},"image":{"@id":"https:\/\/www.eldiario.net\/portal\/#\/schema\/logo\/image\/"},"sameAs":["https:\/\/www.facebook.com\/eldiario.bolivia\/","https:\/\/x.com\/eldiario_net"]},{"@type":"Person","@id":"https:\/\/www.eldiario.net\/portal\/#\/schema\/person\/f46445640444750d7d753ccd04ae01b7","name":"Jeanette","image":{"@type":"ImageObject","inLanguage":"es","@id":"https:\/\/secure.gravatar.com\/avatar\/3ea2118a5f7dad2b7138b1187a6b7ee55f160b9968b66013c3a3ef39dd7e5798?s=96&d=mm&r=g","url":"https:\/\/secure.gravatar.com\/avatar\/3ea2118a5f7dad2b7138b1187a6b7ee55f160b9968b66013c3a3ef39dd7e5798?s=96&d=mm&r=g","contentUrl":"https:\/\/secure.gravatar.com\/avatar\/3ea2118a5f7dad2b7138b1187a6b7ee55f160b9968b66013c3a3ef39dd7e5798?s=96&d=mm&r=g","caption":"Jeanette"},"sameAs":["https:\/\/www.eldiario.net\/portal"],"url":"https:\/\/www.eldiario.net\/portal\/author\/jeanette\/"}]}},"_links":{"self":[{"href":"https:\/\/www.eldiario.net\/portal\/wp-json\/wp\/v2\/posts\/176099","targetHints":{"allow":["GET"]}}],"collection":[{"href":"https:\/\/www.eldiario.net\/portal\/wp-json\/wp\/v2\/posts"}],"about":[{"href":"https:\/\/www.eldiario.net\/portal\/wp-json\/wp\/v2\/types\/post"}],"author":[{"embeddable":true,"href":"https:\/\/www.eldiario.net\/portal\/wp-json\/wp\/v2\/users\/1"}],"replies":[{"embeddable":true,"href":"https:\/\/www.eldiario.net\/portal\/wp-json\/wp\/v2\/comments?post=176099"}],"version-history":[{"count":0,"href":"https:\/\/www.eldiario.net\/portal\/wp-json\/wp\/v2\/posts\/176099\/revisions"}],"wp:featuredmedia":[{"embeddable":true,"href":"https:\/\/www.eldiario.net\/portal\/wp-json\/wp\/v2\/media\/176100"}],"wp:attachment":[{"href":"https:\/\/www.eldiario.net\/portal\/wp-json\/wp\/v2\/media?parent=176099"}],"wp:term":[{"taxonomy":"category","embeddable":true,"href":"https:\/\/www.eldiario.net\/portal\/wp-json\/wp\/v2\/categories?post=176099"},{"taxonomy":"post_tag","embeddable":true,"href":"https:\/\/www.eldiario.net\/portal\/wp-json\/wp\/v2\/tags?post=176099"}],"curies":[{"name":"wp","href":"https:\/\/api.w.org\/{rel}","templated":true}]}}