{"id":176096,"date":"2023-09-11T07:22:53","date_gmt":"2023-09-11T11:22:53","guid":{"rendered":"https:\/\/www.eldiario.net\/portal\/?p=176096"},"modified":"2023-09-11T07:22:53","modified_gmt":"2023-09-11T11:22:53","slug":"el-nuevo-logo-de-android-ya-es-oficial","status":"publish","type":"post","link":"https:\/\/www.eldiario.net\/portal\/2023\/09\/11\/el-nuevo-logo-de-android-ya-es-oficial\/","title":{"rendered":"El nuevo logo de Android ya es oficial"},"content":{"rendered":"<p>El sistema operativo presente en m\u00e1s de 3000 millones de dispositivos ha cambiado su logo.<\/p>\n<p>Finalmente Google decidi\u00f3 cambiar el logo de Android.\u00a0Hace un par de meses empezamos a ver algunos cambios y la semana pasada por fin se pudo afirmar con rotundidad que\u00a0Android tiene nuevo logo.\u00a0Google acaba de hacerlo oficial en su blog, detallando en un interesant\u00edsimo art\u00edculo todos los pormenores del cambio.<\/p>\n<p>Recordemos que la \u00faltima vez que la compa\u00f1\u00eda retoc\u00f3 al androide verde fue\u00a0en 2019, cuando cambiaron el logotipo para ser\u00a0m\u00e1s accesible y f\u00e1cil de leer.<\/p>\n<p>El objetivo de este redise\u00f1o es hacer que los usuarios puedan reconocer el sistema operativo de Google como algo\u00a0abierto, iterativo e inclusivo, tres adjetivos que han intentado plasmar en una nueva identidad visual. El nuevo logo busca reflejar el lado m\u00e1s\u00a0creativo\u00a0de Android, transmitiendo la idea de que sus usuarios tienen total\u00a0libertad de crear.<\/p>\n<p>Como no pod\u00eda ser de otra manera se ha mantenido a Andy (el robot de Android) casi tal cual aunque eso s\u00ed,\u00a0ahora tiene much\u00edsimo m\u00e1s protagonismo\u00a0en el logo. No solo porque tiene un mayor tama\u00f1o sino porque tambi\u00e9n luce un aspecto\u00a03D: es m\u00e1s identificable, tiene m\u00e1s personalidad, es m\u00e1s cercano&#8230;<\/p>\n<p>Este efecto tridimensional tambi\u00e9n se traslada al cuerpo del androide, el cual tiene ahora\u00a0m\u00e1s presencia que nunca. La parte buena de este cambio permitir\u00e1 a Google jugar much\u00edsimo m\u00e1s con el estilo de Andy, pudiendo tunearlo con m\u00e1s facilidad,\u00a0muy en la l\u00ednea de los famosos mu\u00f1equitos de Dead Zebra. As\u00ed pues, todo apunta a que Andy tomar\u00e1 protagonismo en pr\u00f3ximos v\u00eddeos o spots de la gran G.<\/p>\n<p>Igualmente, desde Google tambi\u00e9n han perfilado la\u00a0tipograf\u00eda del logo de Android\u00a0con un cambio muy sencillo pero que tambi\u00e9n tiene su porqu\u00e9. Nos referimos a la\u00a0capitalizaci\u00f3n de la \u00aba\u00bb inicial, la cual pasa a ser una \u00abA\u00bb, unificando as\u00ed la graf\u00eda y la marca de\u00a0Android\u00a0con la de Google. Antes eran \u00abGoogle\u00bb y \u00abandroid\u00bb y ahora ser\u00e1n \u00abGoogle y Android\u00bb,\u00a0\u00bfmejor, no?<\/p>\n<p>Son cambios menores y probablemente la gran mayor\u00eda de los usuarios no los percibir\u00e1.<\/p>\n","protected":false},"excerpt":{"rendered":"<p>El sistema operativo presente en m\u00e1s de 3000 millones de dispositivos ha cambiado su logo. Finalmente Google decidi\u00f3 cambiar el logo de Android.\u00a0Hace un par de meses empezamos a ver algunos cambios y la semana pasada por fin se pudo afirmar con rotundidad que\u00a0Android tiene nuevo logo.\u00a0Google acaba de hacerlo oficial en su blog, detallando [&hellip;]<\/p>\n","protected":false},"author":1,"featured_media":176097,"comment_status":"closed","ping_status":"open","sticky":false,"template":"","format":"standard","meta":{"_acf_changed":false,"footnotes":""},"categories":[46],"tags":[],"class_list":["post-176096","post","type-post","status-publish","format-standard","has-post-thumbnail","category-ciencia-computacion"],"acf":{"antetitulo":""},"yoast_head":"<!-- This site is optimized with the Yoast SEO plugin v28.4 - https:\/\/yoast.com\/product\/yoast-seo-wordpress\/ -->\n<title>El nuevo logo de Android ya es oficial - El Diario - Bolivia<\/title>\n<meta name=\"robots\" content=\"index, follow, max-snippet:-1, max-image-preview:large, max-video-preview:-1\" \/>\n<link rel=\"canonical\" href=\"https:\/\/www.eldiario.net\/portal\/2023\/09\/11\/el-nuevo-logo-de-android-ya-es-oficial\/\" \/>\n<meta property=\"og:locale\" content=\"es_ES\" \/>\n<meta property=\"og:type\" content=\"article\" \/>\n<meta property=\"og:title\" content=\"El nuevo logo de Android ya es oficial - El Diario - Bolivia\" \/>\n<meta property=\"og:description\" content=\"El sistema operativo presente en m\u00e1s de 3000 millones de dispositivos ha cambiado su logo. Finalmente Google decidi\u00f3 cambiar el logo de Android.\u00a0Hace un par de meses empezamos a ver algunos cambios y la semana pasada por fin se pudo afirmar con rotundidad que\u00a0Android tiene nuevo logo.\u00a0Google acaba de hacerlo oficial en su blog, detallando [&hellip;]\" \/>\n<meta property=\"og:url\" content=\"https:\/\/www.eldiario.net\/portal\/2023\/09\/11\/el-nuevo-logo-de-android-ya-es-oficial\/\" \/>\n<meta property=\"og:site_name\" content=\"El Diario - Bolivia\" \/>\n<meta property=\"article:publisher\" content=\"https:\/\/www.facebook.com\/eldiario.bolivia\/\" \/>\n<meta property=\"article:published_time\" content=\"2023-09-11T11:22:53+00:00\" \/>\n<meta property=\"og:image\" content=\"https:\/\/www.eldiario.net\/portal\/wp-content\/uploads\/2023\/09\/7-A-scaled-1.jpg\" \/>\n\t<meta property=\"og:image:width\" content=\"2560\" \/>\n\t<meta property=\"og:image:height\" content=\"1439\" \/>\n\t<meta property=\"og:image:type\" content=\"image\/jpeg\" \/>\n<meta name=\"author\" content=\"Jeanette\" \/>\n<meta name=\"twitter:card\" content=\"summary_large_image\" \/>\n<meta name=\"twitter:creator\" content=\"@eldiario_net\" \/>\n<meta name=\"twitter:site\" content=\"@eldiario_net\" \/>\n<meta name=\"twitter:label1\" content=\"Escrito por\" \/>\n\t<meta name=\"twitter:data1\" content=\"Jeanette\" \/>\n\t<meta name=\"twitter:label2\" content=\"Tiempo de lectura\" \/>\n\t<meta name=\"twitter:data2\" content=\"2 minutos\" \/>\n<script type=\"application\/ld+json\" class=\"yoast-schema-graph\">{\"@context\":\"https:\\\/\\\/schema.org\",\"@graph\":[{\"@type\":\"Article\",\"@id\":\"https:\\\/\\\/www.eldiario.net\\\/portal\\\/2023\\\/09\\\/11\\\/el-nuevo-logo-de-android-ya-es-oficial\\\/#article\",\"isPartOf\":{\"@id\":\"https:\\\/\\\/www.eldiario.net\\\/portal\\\/2023\\\/09\\\/11\\\/el-nuevo-logo-de-android-ya-es-oficial\\\/\"},\"author\":{\"name\":\"Jeanette\",\"@id\":\"https:\\\/\\\/www.eldiario.net\\\/portal\\\/#\\\/schema\\\/person\\\/f46445640444750d7d753ccd04ae01b7\"},\"headline\":\"El nuevo logo de Android ya es oficial\",\"datePublished\":\"2023-09-11T11:22:53+00:00\",\"mainEntityOfPage\":{\"@id\":\"https:\\\/\\\/www.eldiario.net\\\/portal\\\/2023\\\/09\\\/11\\\/el-nuevo-logo-de-android-ya-es-oficial\\\/\"},\"wordCount\":390,\"publisher\":{\"@id\":\"https:\\\/\\\/www.eldiario.net\\\/portal\\\/#organization\"},\"image\":{\"@id\":\"https:\\\/\\\/www.eldiario.net\\\/portal\\\/2023\\\/09\\\/11\\\/el-nuevo-logo-de-android-ya-es-oficial\\\/#primaryimage\"},\"thumbnailUrl\":\"https:\\\/\\\/www.eldiario.net\\\/portal\\\/wp-content\\\/uploads\\\/2023\\\/09\\\/7-A-scaled-1.jpg\",\"articleSection\":[\"Ciencia y Computaci\u00f3n\"],\"inLanguage\":\"es\"},{\"@type\":\"WebPage\",\"@id\":\"https:\\\/\\\/www.eldiario.net\\\/portal\\\/2023\\\/09\\\/11\\\/el-nuevo-logo-de-android-ya-es-oficial\\\/\",\"url\":\"https:\\\/\\\/www.eldiario.net\\\/portal\\\/2023\\\/09\\\/11\\\/el-nuevo-logo-de-android-ya-es-oficial\\\/\",\"name\":\"El nuevo logo de Android ya es oficial - El Diario - Bolivia\",\"isPartOf\":{\"@id\":\"https:\\\/\\\/www.eldiario.net\\\/portal\\\/#website\"},\"primaryImageOfPage\":{\"@id\":\"https:\\\/\\\/www.eldiario.net\\\/portal\\\/2023\\\/09\\\/11\\\/el-nuevo-logo-de-android-ya-es-oficial\\\/#primaryimage\"},\"image\":{\"@id\":\"https:\\\/\\\/www.eldiario.net\\\/portal\\\/2023\\\/09\\\/11\\\/el-nuevo-logo-de-android-ya-es-oficial\\\/#primaryimage\"},\"thumbnailUrl\":\"https:\\\/\\\/www.eldiario.net\\\/portal\\\/wp-content\\\/uploads\\\/2023\\\/09\\\/7-A-scaled-1.jpg\",\"datePublished\":\"2023-09-11T11:22:53+00:00\",\"breadcrumb\":{\"@id\":\"https:\\\/\\\/www.eldiario.net\\\/portal\\\/2023\\\/09\\\/11\\\/el-nuevo-logo-de-android-ya-es-oficial\\\/#breadcrumb\"},\"inLanguage\":\"es\",\"potentialAction\":[{\"@type\":\"ReadAction\",\"target\":[\"https:\\\/\\\/www.eldiario.net\\\/portal\\\/2023\\\/09\\\/11\\\/el-nuevo-logo-de-android-ya-es-oficial\\\/\"]}]},{\"@type\":\"ImageObject\",\"inLanguage\":\"es\",\"@id\":\"https:\\\/\\\/www.eldiario.net\\\/portal\\\/2023\\\/09\\\/11\\\/el-nuevo-logo-de-android-ya-es-oficial\\\/#primaryimage\",\"url\":\"https:\\\/\\\/www.eldiario.net\\\/portal\\\/wp-content\\\/uploads\\\/2023\\\/09\\\/7-A-scaled-1.jpg\",\"contentUrl\":\"https:\\\/\\\/www.eldiario.net\\\/portal\\\/wp-content\\\/uploads\\\/2023\\\/09\\\/7-A-scaled-1.jpg\",\"width\":2560,\"height\":1439},{\"@type\":\"BreadcrumbList\",\"@id\":\"https:\\\/\\\/www.eldiario.net\\\/portal\\\/2023\\\/09\\\/11\\\/el-nuevo-logo-de-android-ya-es-oficial\\\/#breadcrumb\",\"itemListElement\":[{\"@type\":\"ListItem\",\"position\":1,\"name\":\"Portada\",\"item\":\"https:\\\/\\\/www.eldiario.net\\\/portal\\\/\"},{\"@type\":\"ListItem\",\"position\":2,\"name\":\"El nuevo logo de Android ya es oficial\"}]},{\"@type\":\"WebSite\",\"@id\":\"https:\\\/\\\/www.eldiario.net\\\/portal\\\/#website\",\"url\":\"https:\\\/\\\/www.eldiario.net\\\/portal\\\/\",\"name\":\"El Diario - Decano de la prensa nacional\",\"description\":\"El Diario - Decano de la prensa nacional\",\"publisher\":{\"@id\":\"https:\\\/\\\/www.eldiario.net\\\/portal\\\/#organization\"},\"potentialAction\":[{\"@type\":\"SearchAction\",\"target\":{\"@type\":\"EntryPoint\",\"urlTemplate\":\"https:\\\/\\\/www.eldiario.net\\\/portal\\\/?s={search_term_string}\"},\"query-input\":{\"@type\":\"PropertyValueSpecification\",\"valueRequired\":true,\"valueName\":\"search_term_string\"}}],\"inLanguage\":\"es\"},{\"@type\":\"Organization\",\"@id\":\"https:\\\/\\\/www.eldiario.net\\\/portal\\\/#organization\",\"name\":\"El Diario - Decano de la prensa nacional\",\"url\":\"https:\\\/\\\/www.eldiario.net\\\/portal\\\/\",\"logo\":{\"@type\":\"ImageObject\",\"inLanguage\":\"es\",\"@id\":\"https:\\\/\\\/www.eldiario.net\\\/portal\\\/#\\\/schema\\\/logo\\\/image\\\/\",\"url\":\"https:\\\/\\\/www.eldiario.net\\\/portal\\\/wp-content\\\/uploads\\\/2023\\\/07\\\/logo_ED.jpg\",\"contentUrl\":\"https:\\\/\\\/www.eldiario.net\\\/portal\\\/wp-content\\\/uploads\\\/2023\\\/07\\\/logo_ED.jpg\",\"width\":272,\"height\":52,\"caption\":\"El Diario - Decano de la prensa nacional\"},\"image\":{\"@id\":\"https:\\\/\\\/www.eldiario.net\\\/portal\\\/#\\\/schema\\\/logo\\\/image\\\/\"},\"sameAs\":[\"https:\\\/\\\/www.facebook.com\\\/eldiario.bolivia\\\/\",\"https:\\\/\\\/x.com\\\/eldiario_net\"]},{\"@type\":\"Person\",\"@id\":\"https:\\\/\\\/www.eldiario.net\\\/portal\\\/#\\\/schema\\\/person\\\/f46445640444750d7d753ccd04ae01b7\",\"name\":\"Jeanette\",\"image\":{\"@type\":\"ImageObject\",\"inLanguage\":\"es\",\"@id\":\"https:\\\/\\\/secure.gravatar.com\\\/avatar\\\/3ea2118a5f7dad2b7138b1187a6b7ee55f160b9968b66013c3a3ef39dd7e5798?s=96&d=mm&r=g\",\"url\":\"https:\\\/\\\/secure.gravatar.com\\\/avatar\\\/3ea2118a5f7dad2b7138b1187a6b7ee55f160b9968b66013c3a3ef39dd7e5798?s=96&d=mm&r=g\",\"contentUrl\":\"https:\\\/\\\/secure.gravatar.com\\\/avatar\\\/3ea2118a5f7dad2b7138b1187a6b7ee55f160b9968b66013c3a3ef39dd7e5798?s=96&d=mm&r=g\",\"caption\":\"Jeanette\"},\"sameAs\":[\"https:\\\/\\\/www.eldiario.net\\\/portal\"],\"url\":\"https:\\\/\\\/www.eldiario.net\\\/portal\\\/author\\\/jeanette\\\/\"}]}<\/script>\n<!-- \/ Yoast SEO plugin. -->","yoast_head_json":{"title":"El nuevo logo de Android ya es oficial - El Diario - Bolivia","robots":{"index":"index","follow":"follow","max-snippet":"max-snippet:-1","max-image-preview":"max-image-preview:large","max-video-preview":"max-video-preview:-1"},"canonical":"https:\/\/www.eldiario.net\/portal\/2023\/09\/11\/el-nuevo-logo-de-android-ya-es-oficial\/","og_locale":"es_ES","og_type":"article","og_title":"El nuevo logo de Android ya es oficial - El Diario - Bolivia","og_description":"El sistema operativo presente en m\u00e1s de 3000 millones de dispositivos ha cambiado su logo. Finalmente Google decidi\u00f3 cambiar el logo de Android.\u00a0Hace un par de meses empezamos a ver algunos cambios y la semana pasada por fin se pudo afirmar con rotundidad que\u00a0Android tiene nuevo logo.\u00a0Google acaba de hacerlo oficial en su blog, detallando [&hellip;]","og_url":"https:\/\/www.eldiario.net\/portal\/2023\/09\/11\/el-nuevo-logo-de-android-ya-es-oficial\/","og_site_name":"El Diario - Bolivia","article_publisher":"https:\/\/www.facebook.com\/eldiario.bolivia\/","article_published_time":"2023-09-11T11:22:53+00:00","og_image":[{"width":2560,"height":1439,"url":"https:\/\/www.eldiario.net\/portal\/wp-content\/uploads\/2023\/09\/7-A-scaled-1.jpg","type":"image\/jpeg"}],"author":"Jeanette","twitter_card":"summary_large_image","twitter_creator":"@eldiario_net","twitter_site":"@eldiario_net","twitter_misc":{"Escrito por":"Jeanette","Tiempo de lectura":"2 minutos"},"schema":{"@context":"https:\/\/schema.org","@graph":[{"@type":"Article","@id":"https:\/\/www.eldiario.net\/portal\/2023\/09\/11\/el-nuevo-logo-de-android-ya-es-oficial\/#article","isPartOf":{"@id":"https:\/\/www.eldiario.net\/portal\/2023\/09\/11\/el-nuevo-logo-de-android-ya-es-oficial\/"},"author":{"name":"Jeanette","@id":"https:\/\/www.eldiario.net\/portal\/#\/schema\/person\/f46445640444750d7d753ccd04ae01b7"},"headline":"El nuevo logo de Android ya es oficial","datePublished":"2023-09-11T11:22:53+00:00","mainEntityOfPage":{"@id":"https:\/\/www.eldiario.net\/portal\/2023\/09\/11\/el-nuevo-logo-de-android-ya-es-oficial\/"},"wordCount":390,"publisher":{"@id":"https:\/\/www.eldiario.net\/portal\/#organization"},"image":{"@id":"https:\/\/www.eldiario.net\/portal\/2023\/09\/11\/el-nuevo-logo-de-android-ya-es-oficial\/#primaryimage"},"thumbnailUrl":"https:\/\/www.eldiario.net\/portal\/wp-content\/uploads\/2023\/09\/7-A-scaled-1.jpg","articleSection":["Ciencia y Computaci\u00f3n"],"inLanguage":"es"},{"@type":"WebPage","@id":"https:\/\/www.eldiario.net\/portal\/2023\/09\/11\/el-nuevo-logo-de-android-ya-es-oficial\/","url":"https:\/\/www.eldiario.net\/portal\/2023\/09\/11\/el-nuevo-logo-de-android-ya-es-oficial\/","name":"El nuevo logo de Android ya es oficial - El Diario - Bolivia","isPartOf":{"@id":"https:\/\/www.eldiario.net\/portal\/#website"},"primaryImageOfPage":{"@id":"https:\/\/www.eldiario.net\/portal\/2023\/09\/11\/el-nuevo-logo-de-android-ya-es-oficial\/#primaryimage"},"image":{"@id":"https:\/\/www.eldiario.net\/portal\/2023\/09\/11\/el-nuevo-logo-de-android-ya-es-oficial\/#primaryimage"},"thumbnailUrl":"https:\/\/www.eldiario.net\/portal\/wp-content\/uploads\/2023\/09\/7-A-scaled-1.jpg","datePublished":"2023-09-11T11:22:53+00:00","breadcrumb":{"@id":"https:\/\/www.eldiario.net\/portal\/2023\/09\/11\/el-nuevo-logo-de-android-ya-es-oficial\/#breadcrumb"},"inLanguage":"es","potentialAction":[{"@type":"ReadAction","target":["https:\/\/www.eldiario.net\/portal\/2023\/09\/11\/el-nuevo-logo-de-android-ya-es-oficial\/"]}]},{"@type":"ImageObject","inLanguage":"es","@id":"https:\/\/www.eldiario.net\/portal\/2023\/09\/11\/el-nuevo-logo-de-android-ya-es-oficial\/#primaryimage","url":"https:\/\/www.eldiario.net\/portal\/wp-content\/uploads\/2023\/09\/7-A-scaled-1.jpg","contentUrl":"https:\/\/www.eldiario.net\/portal\/wp-content\/uploads\/2023\/09\/7-A-scaled-1.jpg","width":2560,"height":1439},{"@type":"BreadcrumbList","@id":"https:\/\/www.eldiario.net\/portal\/2023\/09\/11\/el-nuevo-logo-de-android-ya-es-oficial\/#breadcrumb","itemListElement":[{"@type":"ListItem","position":1,"name":"Portada","item":"https:\/\/www.eldiario.net\/portal\/"},{"@type":"ListItem","position":2,"name":"El nuevo logo de Android ya es oficial"}]},{"@type":"WebSite","@id":"https:\/\/www.eldiario.net\/portal\/#website","url":"https:\/\/www.eldiario.net\/portal\/","name":"El Diario - Decano de la prensa nacional","description":"El Diario - Decano de la prensa nacional","publisher":{"@id":"https:\/\/www.eldiario.net\/portal\/#organization"},"potentialAction":[{"@type":"SearchAction","target":{"@type":"EntryPoint","urlTemplate":"https:\/\/www.eldiario.net\/portal\/?s={search_term_string}"},"query-input":{"@type":"PropertyValueSpecification","valueRequired":true,"valueName":"search_term_string"}}],"inLanguage":"es"},{"@type":"Organization","@id":"https:\/\/www.eldiario.net\/portal\/#organization","name":"El Diario - Decano de la prensa nacional","url":"https:\/\/www.eldiario.net\/portal\/","logo":{"@type":"ImageObject","inLanguage":"es","@id":"https:\/\/www.eldiario.net\/portal\/#\/schema\/logo\/image\/","url":"https:\/\/www.eldiario.net\/portal\/wp-content\/uploads\/2023\/07\/logo_ED.jpg","contentUrl":"https:\/\/www.eldiario.net\/portal\/wp-content\/uploads\/2023\/07\/logo_ED.jpg","width":272,"height":52,"caption":"El Diario - Decano de la prensa nacional"},"image":{"@id":"https:\/\/www.eldiario.net\/portal\/#\/schema\/logo\/image\/"},"sameAs":["https:\/\/www.facebook.com\/eldiario.bolivia\/","https:\/\/x.com\/eldiario_net"]},{"@type":"Person","@id":"https:\/\/www.eldiario.net\/portal\/#\/schema\/person\/f46445640444750d7d753ccd04ae01b7","name":"Jeanette","image":{"@type":"ImageObject","inLanguage":"es","@id":"https:\/\/secure.gravatar.com\/avatar\/3ea2118a5f7dad2b7138b1187a6b7ee55f160b9968b66013c3a3ef39dd7e5798?s=96&d=mm&r=g","url":"https:\/\/secure.gravatar.com\/avatar\/3ea2118a5f7dad2b7138b1187a6b7ee55f160b9968b66013c3a3ef39dd7e5798?s=96&d=mm&r=g","contentUrl":"https:\/\/secure.gravatar.com\/avatar\/3ea2118a5f7dad2b7138b1187a6b7ee55f160b9968b66013c3a3ef39dd7e5798?s=96&d=mm&r=g","caption":"Jeanette"},"sameAs":["https:\/\/www.eldiario.net\/portal"],"url":"https:\/\/www.eldiario.net\/portal\/author\/jeanette\/"}]}},"_links":{"self":[{"href":"https:\/\/www.eldiario.net\/portal\/wp-json\/wp\/v2\/posts\/176096","targetHints":{"allow":["GET"]}}],"collection":[{"href":"https:\/\/www.eldiario.net\/portal\/wp-json\/wp\/v2\/posts"}],"about":[{"href":"https:\/\/www.eldiario.net\/portal\/wp-json\/wp\/v2\/types\/post"}],"author":[{"embeddable":true,"href":"https:\/\/www.eldiario.net\/portal\/wp-json\/wp\/v2\/users\/1"}],"replies":[{"embeddable":true,"href":"https:\/\/www.eldiario.net\/portal\/wp-json\/wp\/v2\/comments?post=176096"}],"version-history":[{"count":0,"href":"https:\/\/www.eldiario.net\/portal\/wp-json\/wp\/v2\/posts\/176096\/revisions"}],"wp:featuredmedia":[{"embeddable":true,"href":"https:\/\/www.eldiario.net\/portal\/wp-json\/wp\/v2\/media\/176097"}],"wp:attachment":[{"href":"https:\/\/www.eldiario.net\/portal\/wp-json\/wp\/v2\/media?parent=176096"}],"wp:term":[{"taxonomy":"category","embeddable":true,"href":"https:\/\/www.eldiario.net\/portal\/wp-json\/wp\/v2\/categories?post=176096"},{"taxonomy":"post_tag","embeddable":true,"href":"https:\/\/www.eldiario.net\/portal\/wp-json\/wp\/v2\/tags?post=176096"}],"curies":[{"name":"wp","href":"https:\/\/api.w.org\/{rel}","templated":true}]}}