{"id":175526,"date":"2023-09-08T07:25:17","date_gmt":"2023-09-08T11:25:17","guid":{"rendered":"https:\/\/www.eldiario.net\/portal\/?p=175526"},"modified":"2023-09-08T07:25:17","modified_gmt":"2023-09-08T11:25:17","slug":"willy-claure-y-yalo-cuellar-en-un-gran-mano-a-mano","status":"publish","type":"post","link":"https:\/\/www.eldiario.net\/portal\/2023\/09\/08\/willy-claure-y-yalo-cuellar-en-un-gran-mano-a-mano\/","title":{"rendered":"Willy Claure y Yalo Cu\u00e9llar  en un gran \u201cmano a mano\u201d"},"content":{"rendered":"<p>Willy Claure y Yalo Cu\u00e9llar protagonizar\u00e1n un gran \u201cmano a mano\u201d el jueves 14 de septiembre, a horas 19:30, en el Teatro Municipal \u201cAlberto Saavedra P\u00e9rez\u201d. Ser\u00e1, sin duda, el encuentro de dos grandes del folklore boliviano en una excepcional velada, en la que compartir\u00e1n escenario como lo hac\u00edan a\u00f1os atr\u00e1s, cuando integraban Savia Nueva junto al desaparecido cantautor Jaime Junaro.<\/p>\n<p>\u201cCon Yalo Cu\u00e9llar nos conocemos desde hace m\u00e1s de 25 a\u00f1os y este \u201cjunte\u201d es una celebraci\u00f3n por nuestra amistad. Se dio la idea de este proyecto en una reuni\u00f3n casual de amigos en mi casa y aqu\u00ed estamos en camino al escenario\u201d, destac\u00f3 Willy Claure en la charla que sostuvo con La Gu\u00eda, en la que tambi\u00e9n habl\u00f3 sobre el concierto sinf\u00f3nico que brindar\u00e1 en Cochabamba y la presentaci\u00f3n de su libro \u201cCuecasofando\u201d.<\/p>\n<p><strong>LG: \u00bfQu\u00e9 caracter\u00edsticas tendr\u00e1 el concierto?, \u00bfse presentar\u00e1n por separado o juntos?<\/strong><\/p>\n<p>WC: El concierto en total tendr\u00e1 una duraci\u00f3n de aproximadamente una hora y media. El programa tendr\u00e1 dos partes, con una pausa al medio. Romperemos el hielo mi guitarra y yo. Cantar\u00e9 principalmente cuecas de mi autor\u00eda, pero tambi\u00e9n cuecas de otros compositores bolivianos, como Yayo Joffr\u00e9, Nilo Soruco y, obviamente, Matilde Casazola.<\/p>\n<p>Luego tendremos a Yalo cantando tambi\u00e9n principalmente sus composiciones y obras emblem\u00e1ticas del repertorio tar\u00edje\u00f1o. Yalo tendr\u00e1 el acompa\u00f1amiento de varios m\u00fasicos en percusi\u00f3n, violines y guitarras.<\/p>\n<p>Y, finalmente, compartiremos escenario los dos y haremos un \u201cmano a mano\u201d con un par de cuecas m\u00edas y un par de chacareras de Yalo.<\/p>\n<p><strong>LG: \u00bfQu\u00e9 significar\u00e1 para Willy Claure compartir escenario con Yalo Cu\u00e9llar?<\/strong><\/p>\n<p>WC: Con Yalo tuvimos un ciclo all\u00e1 por los a\u00f1os 1990-92 cuando los dos form\u00e1bamos parte de Savia Nueva junto a Jaime Junaro (QEPD).<\/p>\n<p>Luego de \u201cSalvia\u201d, cada uno tom\u00f3 su camino independiente. Yalo con sus chacareras y yo con mis cuecas. Ahora es una celebraci\u00f3n por nuestra amistad, con cuecas y chacareras.<\/p>\n<p><strong>LG: A nivel personal y art\u00edstico, \u00bfc\u00f3mo llegas a este concierto de La Paz?<\/strong><\/p>\n<p>WC: Tengo un excelente p\u00fablico en la ciudad de La Paz, que me sigue no solo por mis actividades musicales, sino por mis actividades como gestor cultural. \u00a0Ser\u00e1 un lindo reencuentro con mi p\u00fablico, con el cari\u00f1o de siempre.<\/p>\n<p><strong>LG: \u00bfQu\u00e9 nos puedes contar del concierto \u201cWilly Claure Sinf\u00f3nico 2023 junto a la Orquesta Filarm\u00f3nica de Bolivia\u201d, que se realizar\u00e1 en Cochabamba?<\/strong><\/p>\n<p>WC: El \u201cWilly Claure Sinf\u00f3nico\u201d es una idea y propuesta de Raquel Rocha y su Agencia T.OK! que apost\u00f3 por este proyecto. Ella me propuso llevar adelante este proyecto. En principio yo vi que no era algo f\u00e1cil, ya que hab\u00eda que contar con la participaci\u00f3n de maestros m\u00fasicos que se involucren realizando los arreglos musicales y Raquel supo concretar esto invitando a Gast\u00f3n Arce, Nicol\u00e1s Su\u00e1rez, C\u00e9sar Scotta, Daniel P\u00e9rez, Manuel Rocha y Miguel \u00c1ngel Salazar tambi\u00e9n como director de la Orquesta Filarm\u00f3nica de Bolivia, que contar\u00e1 con 34 m\u00fasicos de primer nivel. El tiempo pas\u00f3 volando y ya estamos cerquita de la presentaci\u00f3n el jueves 27 de septiembre. Es realmente muy emocionante. Para m\u00ed es un placer enorme, ya que mantengo la l\u00ednea de las \u201cCuecas para no bailar\u201d, que no significa que no se las puede bailar sino simplemente que son m\u00e1s para escuchar.<\/p>\n<p><strong>LG: \u00bfC\u00f3mo te fue con la presentaci\u00f3n del libro \u201cCuecasofando?<\/strong><\/p>\n<p>WC: El libro \u201cCuecasofando\u201d es un documento f\u00edsico de mis obras escritas. Incluye todas mis composiciones po\u00e9ticas hasta la fecha. No es un libro de m\u00fasica (en partituras) ni es un libro de investigaci\u00f3n.<\/p>\n<p>El libro contiene ilustraciones gr\u00e1ficas de la artista pl\u00e1stica cruce\u00f1a Romaneth Z\u00e1rate.<\/p>\n<p>Hice algunas presentaciones de esta obra en tres ocasiones, dos de ellas en la Feria Internacional del Libro en Santa Cruz y La Paz, y muy probablemente tambi\u00e9n la estar\u00e9 presentando en la Feria internacional del Libro en Cochabamba, ya que la primera edici\u00f3n se agot\u00f3. As\u00ed que, por sugerencia de la Editorial Kipus, haremos una nueva edici\u00f3n, que tambi\u00e9n es una alegr\u00eda inmensa para m\u00ed.<\/p>\n<p><strong>LG: Despu\u00e9s de estas presentaciones, \u00bfqu\u00e9 otros planes tiene Willy Claure?<\/strong><\/p>\n<p>WC: Siempre llevando en alto a nuestras cuecas bolivianas, ir\u00e9 de la mano de ellas a Europa en la primera semana de octubre, en una gira que durar\u00e1 un poco m\u00e1s de un mes por diferentes pa\u00edses y ciudades europeas, como Luxemburgo, Holanda, Alemania, Francia, Espa\u00f1a, etc.<\/p>\n<p><strong>LG: \u00bfDeseas agregar algo?<\/strong><\/p>\n<p>WC: Estar\u00e9 tambi\u00e9n en Sucre el domingo 1 de octubre en el marco de D\u00eda de la Cueca Boliviana. \u00a0Seg\u00fan la ley 764, se celebra en toda Bolivia \u201cEl D\u00eda de la Cueca Boliviana\u201d cada primer domingo de octubre. Estar\u00e9 en el Teatro Gran Mariscal junto a la Orquesta Filarm\u00f3nica de Bolivia. Adem\u00e1s, celebrando la nominaci\u00f3n de la Nueva Capital de la Cueca Boliviana que, seg\u00fan la Ley Nacional 1453, le corresponde el a\u00f1o 2024 al departamento de Chuquisaca.<\/p>\n<p><strong>LOS ARTISTAS<\/strong><\/p>\n<p>Willy Claure inici\u00f3 su trayectoria en 1979, sembrando sus obras desde el \u00e1mbito tradicional-popular hasta los espacios contempor\u00e1neos. Lleva consigo su bandera musical: \u201cLa cueca boliviana\u201d, su medio de inspiraci\u00f3n y expresi\u00f3n.<\/p>\n<p>Willy dio inicio a una nueva forma de interpretar la cueca boliviana (la misma que tradicionalmente es un ritmo bailable de pareja), llev\u00e1ndola por una direcci\u00f3n personal, basada en la melod\u00eda.<\/p>\n<p>Por iniciativa suya, el 30 de noviembre de 2015 fue promulgada la Ley Nacional 764 que declara a la cueca boliviana \u201cPatrimonio Cultural e Inmaterial de Bolivia\u201d que, a su vez, instituye anualmente al primer domingo de octubre como \u201cEl D\u00eda de la Cueca Boliviana\u201d.<\/p>\n<p>Igualmente, por iniciativa suya, el 24 de agosto de 2022, fue promulgada la Ley Nacional 1453 que declara Capital de la cueca boliviana a los 9 departamentos de Bolivia de forma rotativa e itinerante.<\/p>\n<p>Yalo Cu\u00e9llar naci\u00f3 en Yacuiba, Tarija, y ya lleva m\u00e1s de 35 a\u00f1os de carrera art\u00edstica. Es uno de los m\u00e1s prol\u00edficos cantautores nacionales. Es creador de hermosas canciones, como \u201cFray Quebracho\u201d, \u201cL\u00e1grimas del Pilcomayo, \u201cQuiero ir al Chaco\u201d, \u201cVivir cantando\u201d, \u201cAs\u00ed es la vida\u201d y \u201cEl viol\u00edn del cuchi\u201d.<\/p>\n<p>En una anterior entrevista con La Gu\u00eda, cont\u00f3 que sus fuentes de inspiraci\u00f3n son las historias, las ficciones y las cosas de la realidad.<\/p>\n<p>\u201cMe gusta cantar contando o contar cantando. La gente y la cotidianidad son lo que de alguna manera me dan el pretexto para tener la base de un texto y ponerle alguna m\u00fasica para completar el estado de \u00e1nimo, porque las canciones son eso, un estado de \u00e1nimo\u201d, coment\u00f3.<\/p>\n<div id='gallery-1' class='gallery galleryid-175526 gallery-columns-3 gallery-size-medium'><figure class='gallery-item'>\n\t\t\t<div class='gallery-icon landscape'>\n\t\t\t\t<a href='https:\/\/www.eldiario.net\/portal\/2023\/09\/08\/willy-claure-y-yalo-cuellar-en-un-gran-mano-a-mano\/yalo-5\/'><img loading=\"lazy\" decoding=\"async\" width=\"300\" height=\"236\" src=\"https:\/\/www.eldiario.net\/portal\/wp-content\/uploads\/2023\/09\/yalo-5-300x236.jpg\" class=\"attachment-medium size-medium\" alt=\"\" srcset=\"https:\/\/www.eldiario.net\/portal\/wp-content\/uploads\/2023\/09\/yalo-5-300x236.jpg 300w, https:\/\/www.eldiario.net\/portal\/wp-content\/uploads\/2023\/09\/yalo-5-768x605.jpg 768w, https:\/\/www.eldiario.net\/portal\/wp-content\/uploads\/2023\/09\/yalo-5-696x548.jpg 696w, https:\/\/www.eldiario.net\/portal\/wp-content\/uploads\/2023\/09\/yalo-5.jpg 1000w\" sizes=\"auto, (max-width: 300px) 100vw, 300px\" \/><\/a>\n\t\t\t<\/div><\/figure><figure class='gallery-item'>\n\t\t\t<div class='gallery-icon landscape'>\n\t\t\t\t<a href='https:\/\/www.eldiario.net\/portal\/2023\/09\/08\/willy-claure-y-yalo-cuellar-en-un-gran-mano-a-mano\/willy-2\/'><img loading=\"lazy\" decoding=\"async\" width=\"300\" height=\"216\" src=\"https:\/\/www.eldiario.net\/portal\/wp-content\/uploads\/2023\/09\/willy-2-300x216.jpg\" class=\"attachment-medium size-medium\" alt=\"\" srcset=\"https:\/\/www.eldiario.net\/portal\/wp-content\/uploads\/2023\/09\/willy-2-300x216.jpg 300w, https:\/\/www.eldiario.net\/portal\/wp-content\/uploads\/2023\/09\/willy-2-768x554.jpg 768w, https:\/\/www.eldiario.net\/portal\/wp-content\/uploads\/2023\/09\/willy-2-696x502.jpg 696w, https:\/\/www.eldiario.net\/portal\/wp-content\/uploads\/2023\/09\/willy-2.jpg 1000w\" sizes=\"auto, (max-width: 300px) 100vw, 300px\" \/><\/a>\n\t\t\t<\/div><\/figure><figure class='gallery-item'>\n\t\t\t<div class='gallery-icon landscape'>\n\t\t\t\t<a href='https:\/\/www.eldiario.net\/portal\/2023\/09\/08\/willy-claure-y-yalo-cuellar-en-un-gran-mano-a-mano\/willy-yalo1-principal\/'><img loading=\"lazy\" decoding=\"async\" width=\"300\" height=\"150\" src=\"https:\/\/www.eldiario.net\/portal\/wp-content\/uploads\/2023\/09\/willy-yalo1-PRINCIPAL-300x150.jpg\" class=\"attachment-medium size-medium\" alt=\"\" srcset=\"https:\/\/www.eldiario.net\/portal\/wp-content\/uploads\/2023\/09\/willy-yalo1-PRINCIPAL-300x150.jpg 300w, https:\/\/www.eldiario.net\/portal\/wp-content\/uploads\/2023\/09\/willy-yalo1-PRINCIPAL-768x384.jpg 768w, https:\/\/www.eldiario.net\/portal\/wp-content\/uploads\/2023\/09\/willy-yalo1-PRINCIPAL-696x348.jpg 696w, https:\/\/www.eldiario.net\/portal\/wp-content\/uploads\/2023\/09\/willy-yalo1-PRINCIPAL.jpg 1000w\" sizes=\"auto, (max-width: 300px) 100vw, 300px\" \/><\/a>\n\t\t\t<\/div><\/figure><figure class='gallery-item'>\n\t\t\t<div class='gallery-icon landscape'>\n\t\t\t\t<a href='https:\/\/www.eldiario.net\/portal\/2023\/09\/08\/willy-claure-y-yalo-cuellar-en-un-gran-mano-a-mano\/willy-3\/'><img loading=\"lazy\" decoding=\"async\" width=\"300\" height=\"272\" src=\"https:\/\/www.eldiario.net\/portal\/wp-content\/uploads\/2023\/09\/willy-3-300x272.jpg\" class=\"attachment-medium size-medium\" alt=\"\" srcset=\"https:\/\/www.eldiario.net\/portal\/wp-content\/uploads\/2023\/09\/willy-3-300x272.jpg 300w, https:\/\/www.eldiario.net\/portal\/wp-content\/uploads\/2023\/09\/willy-3-768x696.jpg 768w, https:\/\/www.eldiario.net\/portal\/wp-content\/uploads\/2023\/09\/willy-3-696x631.jpg 696w, https:\/\/www.eldiario.net\/portal\/wp-content\/uploads\/2023\/09\/willy-3.jpg 1000w\" sizes=\"auto, (max-width: 300px) 100vw, 300px\" \/><\/a>\n\t\t\t<\/div><\/figure><figure class='gallery-item'>\n\t\t\t<div class='gallery-icon landscape'>\n\t\t\t\t<a href='https:\/\/www.eldiario.net\/portal\/2023\/09\/08\/willy-claure-y-yalo-cuellar-en-un-gran-mano-a-mano\/willy-yalo-4\/'><img loading=\"lazy\" decoding=\"async\" width=\"300\" height=\"187\" src=\"https:\/\/www.eldiario.net\/portal\/wp-content\/uploads\/2023\/09\/willy-yalo-4-300x187.jpg\" class=\"attachment-medium size-medium\" alt=\"\" srcset=\"https:\/\/www.eldiario.net\/portal\/wp-content\/uploads\/2023\/09\/willy-yalo-4-300x187.jpg 300w, https:\/\/www.eldiario.net\/portal\/wp-content\/uploads\/2023\/09\/willy-yalo-4-768x478.jpg 768w, https:\/\/www.eldiario.net\/portal\/wp-content\/uploads\/2023\/09\/willy-yalo-4-696x433.jpg 696w, https:\/\/www.eldiario.net\/portal\/wp-content\/uploads\/2023\/09\/willy-yalo-4.jpg 1000w\" sizes=\"auto, (max-width: 300px) 100vw, 300px\" \/><\/a>\n\t\t\t<\/div><\/figure>\n\t\t<\/div>\n\n","protected":false},"excerpt":{"rendered":"<p>Willy Claure y Yalo Cu\u00e9llar protagonizar\u00e1n un gran \u201cmano a mano\u201d el jueves 14 de septiembre, a horas 19:30, en el Teatro Municipal \u201cAlberto Saavedra P\u00e9rez\u201d. Ser\u00e1, sin duda, el encuentro de dos grandes del folklore boliviano en una excepcional velada, en la que compartir\u00e1n escenario como lo hac\u00edan a\u00f1os atr\u00e1s, cuando integraban Savia Nueva [&hellip;]<\/p>\n","protected":false},"author":1,"featured_media":175529,"comment_status":"closed","ping_status":"open","sticky":false,"template":"","format":"standard","meta":{"_acf_changed":false,"footnotes":""},"categories":[41],"tags":[],"class_list":["post-175526","post","type-post","status-publish","format-standard","has-post-thumbnail","category-la-guia"],"acf":{"antetitulo":""},"yoast_head":"<!-- This site is optimized with the Yoast SEO plugin v28.4 - https:\/\/yoast.com\/product\/yoast-seo-wordpress\/ -->\n<title>Willy Claure y Yalo Cu\u00e9llar en un gran \u201cmano a mano\u201d - El Diario - Bolivia<\/title>\n<meta name=\"robots\" content=\"index, follow, max-snippet:-1, max-image-preview:large, max-video-preview:-1\" \/>\n<link rel=\"canonical\" href=\"https:\/\/www.eldiario.net\/portal\/2023\/09\/08\/willy-claure-y-yalo-cuellar-en-un-gran-mano-a-mano\/\" \/>\n<meta property=\"og:locale\" content=\"es_ES\" \/>\n<meta property=\"og:type\" content=\"article\" \/>\n<meta property=\"og:title\" content=\"Willy Claure y Yalo Cu\u00e9llar en un gran \u201cmano a mano\u201d - El Diario - Bolivia\" \/>\n<meta property=\"og:description\" content=\"Willy Claure y Yalo Cu\u00e9llar protagonizar\u00e1n un gran \u201cmano a mano\u201d el jueves 14 de septiembre, a horas 19:30, en el Teatro Municipal \u201cAlberto Saavedra P\u00e9rez\u201d. Ser\u00e1, sin duda, el encuentro de dos grandes del folklore boliviano en una excepcional velada, en la que compartir\u00e1n escenario como lo hac\u00edan a\u00f1os atr\u00e1s, cuando integraban Savia Nueva [&hellip;]\" \/>\n<meta property=\"og:url\" content=\"https:\/\/www.eldiario.net\/portal\/2023\/09\/08\/willy-claure-y-yalo-cuellar-en-un-gran-mano-a-mano\/\" \/>\n<meta property=\"og:site_name\" content=\"El Diario - Bolivia\" \/>\n<meta property=\"article:publisher\" content=\"https:\/\/www.facebook.com\/eldiario.bolivia\/\" \/>\n<meta property=\"article:published_time\" content=\"2023-09-08T11:25:17+00:00\" \/>\n<meta property=\"og:image\" content=\"https:\/\/www.eldiario.net\/portal\/wp-content\/uploads\/2023\/09\/willy-yalo1-PRINCIPAL.jpg\" \/>\n\t<meta property=\"og:image:width\" content=\"1000\" \/>\n\t<meta property=\"og:image:height\" content=\"500\" \/>\n\t<meta property=\"og:image:type\" content=\"image\/jpeg\" \/>\n<meta name=\"author\" content=\"Jeanette\" \/>\n<meta name=\"twitter:card\" content=\"summary_large_image\" \/>\n<meta name=\"twitter:creator\" content=\"@eldiario_net\" \/>\n<meta name=\"twitter:site\" content=\"@eldiario_net\" \/>\n<meta name=\"twitter:label1\" content=\"Escrito por\" \/>\n\t<meta name=\"twitter:data1\" content=\"Jeanette\" \/>\n\t<meta name=\"twitter:label2\" content=\"Tiempo de lectura\" \/>\n\t<meta name=\"twitter:data2\" content=\"5 minutos\" \/>\n<script type=\"application\/ld+json\" class=\"yoast-schema-graph\">{\"@context\":\"https:\\\/\\\/schema.org\",\"@graph\":[{\"@type\":\"Article\",\"@id\":\"https:\\\/\\\/www.eldiario.net\\\/portal\\\/2023\\\/09\\\/08\\\/willy-claure-y-yalo-cuellar-en-un-gran-mano-a-mano\\\/#article\",\"isPartOf\":{\"@id\":\"https:\\\/\\\/www.eldiario.net\\\/portal\\\/2023\\\/09\\\/08\\\/willy-claure-y-yalo-cuellar-en-un-gran-mano-a-mano\\\/\"},\"author\":{\"name\":\"Jeanette\",\"@id\":\"https:\\\/\\\/www.eldiario.net\\\/portal\\\/#\\\/schema\\\/person\\\/2c57cf2b7a7ae032e449e4c9b1019eac\"},\"headline\":\"Willy Claure y Yalo Cu\u00e9llar en un gran \u201cmano a mano\u201d\",\"datePublished\":\"2023-09-08T11:25:17+00:00\",\"mainEntityOfPage\":{\"@id\":\"https:\\\/\\\/www.eldiario.net\\\/portal\\\/2023\\\/09\\\/08\\\/willy-claure-y-yalo-cuellar-en-un-gran-mano-a-mano\\\/\"},\"wordCount\":1169,\"publisher\":{\"@id\":\"https:\\\/\\\/www.eldiario.net\\\/portal\\\/#organization\"},\"image\":{\"@id\":\"https:\\\/\\\/www.eldiario.net\\\/portal\\\/2023\\\/09\\\/08\\\/willy-claure-y-yalo-cuellar-en-un-gran-mano-a-mano\\\/#primaryimage\"},\"thumbnailUrl\":\"https:\\\/\\\/www.eldiario.net\\\/portal\\\/wp-content\\\/uploads\\\/2023\\\/09\\\/willy-yalo1-PRINCIPAL.jpg\",\"articleSection\":[\"La Gu\u00eda\"],\"inLanguage\":\"es\"},{\"@type\":\"WebPage\",\"@id\":\"https:\\\/\\\/www.eldiario.net\\\/portal\\\/2023\\\/09\\\/08\\\/willy-claure-y-yalo-cuellar-en-un-gran-mano-a-mano\\\/\",\"url\":\"https:\\\/\\\/www.eldiario.net\\\/portal\\\/2023\\\/09\\\/08\\\/willy-claure-y-yalo-cuellar-en-un-gran-mano-a-mano\\\/\",\"name\":\"Willy Claure y Yalo Cu\u00e9llar en un gran \u201cmano a mano\u201d - El Diario - Bolivia\",\"isPartOf\":{\"@id\":\"https:\\\/\\\/www.eldiario.net\\\/portal\\\/#website\"},\"primaryImageOfPage\":{\"@id\":\"https:\\\/\\\/www.eldiario.net\\\/portal\\\/2023\\\/09\\\/08\\\/willy-claure-y-yalo-cuellar-en-un-gran-mano-a-mano\\\/#primaryimage\"},\"image\":{\"@id\":\"https:\\\/\\\/www.eldiario.net\\\/portal\\\/2023\\\/09\\\/08\\\/willy-claure-y-yalo-cuellar-en-un-gran-mano-a-mano\\\/#primaryimage\"},\"thumbnailUrl\":\"https:\\\/\\\/www.eldiario.net\\\/portal\\\/wp-content\\\/uploads\\\/2023\\\/09\\\/willy-yalo1-PRINCIPAL.jpg\",\"datePublished\":\"2023-09-08T11:25:17+00:00\",\"breadcrumb\":{\"@id\":\"https:\\\/\\\/www.eldiario.net\\\/portal\\\/2023\\\/09\\\/08\\\/willy-claure-y-yalo-cuellar-en-un-gran-mano-a-mano\\\/#breadcrumb\"},\"inLanguage\":\"es\",\"potentialAction\":[{\"@type\":\"ReadAction\",\"target\":[\"https:\\\/\\\/www.eldiario.net\\\/portal\\\/2023\\\/09\\\/08\\\/willy-claure-y-yalo-cuellar-en-un-gran-mano-a-mano\\\/\"]}]},{\"@type\":\"ImageObject\",\"inLanguage\":\"es\",\"@id\":\"https:\\\/\\\/www.eldiario.net\\\/portal\\\/2023\\\/09\\\/08\\\/willy-claure-y-yalo-cuellar-en-un-gran-mano-a-mano\\\/#primaryimage\",\"url\":\"https:\\\/\\\/www.eldiario.net\\\/portal\\\/wp-content\\\/uploads\\\/2023\\\/09\\\/willy-yalo1-PRINCIPAL.jpg\",\"contentUrl\":\"https:\\\/\\\/www.eldiario.net\\\/portal\\\/wp-content\\\/uploads\\\/2023\\\/09\\\/willy-yalo1-PRINCIPAL.jpg\",\"width\":1000,\"height\":500},{\"@type\":\"BreadcrumbList\",\"@id\":\"https:\\\/\\\/www.eldiario.net\\\/portal\\\/2023\\\/09\\\/08\\\/willy-claure-y-yalo-cuellar-en-un-gran-mano-a-mano\\\/#breadcrumb\",\"itemListElement\":[{\"@type\":\"ListItem\",\"position\":1,\"name\":\"Portada\",\"item\":\"https:\\\/\\\/www.eldiario.net\\\/portal\\\/\"},{\"@type\":\"ListItem\",\"position\":2,\"name\":\"Willy Claure y Yalo Cu\u00e9llar en un gran \u201cmano a mano\u201d\"}]},{\"@type\":\"WebSite\",\"@id\":\"https:\\\/\\\/www.eldiario.net\\\/portal\\\/#website\",\"url\":\"https:\\\/\\\/www.eldiario.net\\\/portal\\\/\",\"name\":\"El Diario - Decano de la prensa nacional\",\"description\":\"El Diario - Decano de la prensa nacional\",\"publisher\":{\"@id\":\"https:\\\/\\\/www.eldiario.net\\\/portal\\\/#organization\"},\"potentialAction\":[{\"@type\":\"SearchAction\",\"target\":{\"@type\":\"EntryPoint\",\"urlTemplate\":\"https:\\\/\\\/www.eldiario.net\\\/portal\\\/?s={search_term_string}\"},\"query-input\":{\"@type\":\"PropertyValueSpecification\",\"valueRequired\":true,\"valueName\":\"search_term_string\"}}],\"inLanguage\":\"es\"},{\"@type\":\"Organization\",\"@id\":\"https:\\\/\\\/www.eldiario.net\\\/portal\\\/#organization\",\"name\":\"El Diario - Decano de la prensa nacional\",\"url\":\"https:\\\/\\\/www.eldiario.net\\\/portal\\\/\",\"logo\":{\"@type\":\"ImageObject\",\"inLanguage\":\"es\",\"@id\":\"https:\\\/\\\/www.eldiario.net\\\/portal\\\/#\\\/schema\\\/logo\\\/image\\\/\",\"url\":\"https:\\\/\\\/www.eldiario.net\\\/portal\\\/wp-content\\\/uploads\\\/2023\\\/07\\\/logo_ED.jpg\",\"contentUrl\":\"https:\\\/\\\/www.eldiario.net\\\/portal\\\/wp-content\\\/uploads\\\/2023\\\/07\\\/logo_ED.jpg\",\"width\":272,\"height\":52,\"caption\":\"El Diario - Decano de la prensa nacional\"},\"image\":{\"@id\":\"https:\\\/\\\/www.eldiario.net\\\/portal\\\/#\\\/schema\\\/logo\\\/image\\\/\"},\"sameAs\":[\"https:\\\/\\\/www.facebook.com\\\/eldiario.bolivia\\\/\",\"https:\\\/\\\/x.com\\\/eldiario_net\"]},{\"@type\":\"Person\",\"@id\":\"https:\\\/\\\/www.eldiario.net\\\/portal\\\/#\\\/schema\\\/person\\\/2c57cf2b7a7ae032e449e4c9b1019eac\",\"name\":\"Jeanette\",\"image\":{\"@type\":\"ImageObject\",\"inLanguage\":\"es\",\"@id\":\"https:\\\/\\\/secure.gravatar.com\\\/avatar\\\/3ea2118a5f7dad2b7138b1187a6b7ee55f160b9968b66013c3a3ef39dd7e5798?s=96&d=mm&r=g\",\"url\":\"https:\\\/\\\/secure.gravatar.com\\\/avatar\\\/3ea2118a5f7dad2b7138b1187a6b7ee55f160b9968b66013c3a3ef39dd7e5798?s=96&d=mm&r=g\",\"contentUrl\":\"https:\\\/\\\/secure.gravatar.com\\\/avatar\\\/3ea2118a5f7dad2b7138b1187a6b7ee55f160b9968b66013c3a3ef39dd7e5798?s=96&d=mm&r=g\",\"caption\":\"Jeanette\"},\"sameAs\":[\"https:\\\/\\\/www.eldiario.net\\\/portal\"],\"url\":\"https:\\\/\\\/www.eldiario.net\\\/portal\\\/author\\\/jeanette\\\/\"}]}<\/script>\n<!-- \/ Yoast SEO plugin. -->","yoast_head_json":{"title":"Willy Claure y Yalo Cu\u00e9llar en un gran \u201cmano a mano\u201d - El Diario - Bolivia","robots":{"index":"index","follow":"follow","max-snippet":"max-snippet:-1","max-image-preview":"max-image-preview:large","max-video-preview":"max-video-preview:-1"},"canonical":"https:\/\/www.eldiario.net\/portal\/2023\/09\/08\/willy-claure-y-yalo-cuellar-en-un-gran-mano-a-mano\/","og_locale":"es_ES","og_type":"article","og_title":"Willy Claure y Yalo Cu\u00e9llar en un gran \u201cmano a mano\u201d - El Diario - Bolivia","og_description":"Willy Claure y Yalo Cu\u00e9llar protagonizar\u00e1n un gran \u201cmano a mano\u201d el jueves 14 de septiembre, a horas 19:30, en el Teatro Municipal \u201cAlberto Saavedra P\u00e9rez\u201d. Ser\u00e1, sin duda, el encuentro de dos grandes del folklore boliviano en una excepcional velada, en la que compartir\u00e1n escenario como lo hac\u00edan a\u00f1os atr\u00e1s, cuando integraban Savia Nueva [&hellip;]","og_url":"https:\/\/www.eldiario.net\/portal\/2023\/09\/08\/willy-claure-y-yalo-cuellar-en-un-gran-mano-a-mano\/","og_site_name":"El Diario - Bolivia","article_publisher":"https:\/\/www.facebook.com\/eldiario.bolivia\/","article_published_time":"2023-09-08T11:25:17+00:00","og_image":[{"width":1000,"height":500,"url":"https:\/\/www.eldiario.net\/portal\/wp-content\/uploads\/2023\/09\/willy-yalo1-PRINCIPAL.jpg","type":"image\/jpeg"}],"author":"Jeanette","twitter_card":"summary_large_image","twitter_creator":"@eldiario_net","twitter_site":"@eldiario_net","twitter_misc":{"Escrito por":"Jeanette","Tiempo de lectura":"5 minutos"},"schema":{"@context":"https:\/\/schema.org","@graph":[{"@type":"Article","@id":"https:\/\/www.eldiario.net\/portal\/2023\/09\/08\/willy-claure-y-yalo-cuellar-en-un-gran-mano-a-mano\/#article","isPartOf":{"@id":"https:\/\/www.eldiario.net\/portal\/2023\/09\/08\/willy-claure-y-yalo-cuellar-en-un-gran-mano-a-mano\/"},"author":{"name":"Jeanette","@id":"https:\/\/www.eldiario.net\/portal\/#\/schema\/person\/2c57cf2b7a7ae032e449e4c9b1019eac"},"headline":"Willy Claure y Yalo Cu\u00e9llar en un gran \u201cmano a mano\u201d","datePublished":"2023-09-08T11:25:17+00:00","mainEntityOfPage":{"@id":"https:\/\/www.eldiario.net\/portal\/2023\/09\/08\/willy-claure-y-yalo-cuellar-en-un-gran-mano-a-mano\/"},"wordCount":1169,"publisher":{"@id":"https:\/\/www.eldiario.net\/portal\/#organization"},"image":{"@id":"https:\/\/www.eldiario.net\/portal\/2023\/09\/08\/willy-claure-y-yalo-cuellar-en-un-gran-mano-a-mano\/#primaryimage"},"thumbnailUrl":"https:\/\/www.eldiario.net\/portal\/wp-content\/uploads\/2023\/09\/willy-yalo1-PRINCIPAL.jpg","articleSection":["La Gu\u00eda"],"inLanguage":"es"},{"@type":"WebPage","@id":"https:\/\/www.eldiario.net\/portal\/2023\/09\/08\/willy-claure-y-yalo-cuellar-en-un-gran-mano-a-mano\/","url":"https:\/\/www.eldiario.net\/portal\/2023\/09\/08\/willy-claure-y-yalo-cuellar-en-un-gran-mano-a-mano\/","name":"Willy Claure y Yalo Cu\u00e9llar en un gran \u201cmano a mano\u201d - El Diario - Bolivia","isPartOf":{"@id":"https:\/\/www.eldiario.net\/portal\/#website"},"primaryImageOfPage":{"@id":"https:\/\/www.eldiario.net\/portal\/2023\/09\/08\/willy-claure-y-yalo-cuellar-en-un-gran-mano-a-mano\/#primaryimage"},"image":{"@id":"https:\/\/www.eldiario.net\/portal\/2023\/09\/08\/willy-claure-y-yalo-cuellar-en-un-gran-mano-a-mano\/#primaryimage"},"thumbnailUrl":"https:\/\/www.eldiario.net\/portal\/wp-content\/uploads\/2023\/09\/willy-yalo1-PRINCIPAL.jpg","datePublished":"2023-09-08T11:25:17+00:00","breadcrumb":{"@id":"https:\/\/www.eldiario.net\/portal\/2023\/09\/08\/willy-claure-y-yalo-cuellar-en-un-gran-mano-a-mano\/#breadcrumb"},"inLanguage":"es","potentialAction":[{"@type":"ReadAction","target":["https:\/\/www.eldiario.net\/portal\/2023\/09\/08\/willy-claure-y-yalo-cuellar-en-un-gran-mano-a-mano\/"]}]},{"@type":"ImageObject","inLanguage":"es","@id":"https:\/\/www.eldiario.net\/portal\/2023\/09\/08\/willy-claure-y-yalo-cuellar-en-un-gran-mano-a-mano\/#primaryimage","url":"https:\/\/www.eldiario.net\/portal\/wp-content\/uploads\/2023\/09\/willy-yalo1-PRINCIPAL.jpg","contentUrl":"https:\/\/www.eldiario.net\/portal\/wp-content\/uploads\/2023\/09\/willy-yalo1-PRINCIPAL.jpg","width":1000,"height":500},{"@type":"BreadcrumbList","@id":"https:\/\/www.eldiario.net\/portal\/2023\/09\/08\/willy-claure-y-yalo-cuellar-en-un-gran-mano-a-mano\/#breadcrumb","itemListElement":[{"@type":"ListItem","position":1,"name":"Portada","item":"https:\/\/www.eldiario.net\/portal\/"},{"@type":"ListItem","position":2,"name":"Willy Claure y Yalo Cu\u00e9llar en un gran \u201cmano a mano\u201d"}]},{"@type":"WebSite","@id":"https:\/\/www.eldiario.net\/portal\/#website","url":"https:\/\/www.eldiario.net\/portal\/","name":"El Diario - Decano de la prensa nacional","description":"El Diario - Decano de la prensa nacional","publisher":{"@id":"https:\/\/www.eldiario.net\/portal\/#organization"},"potentialAction":[{"@type":"SearchAction","target":{"@type":"EntryPoint","urlTemplate":"https:\/\/www.eldiario.net\/portal\/?s={search_term_string}"},"query-input":{"@type":"PropertyValueSpecification","valueRequired":true,"valueName":"search_term_string"}}],"inLanguage":"es"},{"@type":"Organization","@id":"https:\/\/www.eldiario.net\/portal\/#organization","name":"El Diario - Decano de la prensa nacional","url":"https:\/\/www.eldiario.net\/portal\/","logo":{"@type":"ImageObject","inLanguage":"es","@id":"https:\/\/www.eldiario.net\/portal\/#\/schema\/logo\/image\/","url":"https:\/\/www.eldiario.net\/portal\/wp-content\/uploads\/2023\/07\/logo_ED.jpg","contentUrl":"https:\/\/www.eldiario.net\/portal\/wp-content\/uploads\/2023\/07\/logo_ED.jpg","width":272,"height":52,"caption":"El Diario - Decano de la prensa nacional"},"image":{"@id":"https:\/\/www.eldiario.net\/portal\/#\/schema\/logo\/image\/"},"sameAs":["https:\/\/www.facebook.com\/eldiario.bolivia\/","https:\/\/x.com\/eldiario_net"]},{"@type":"Person","@id":"https:\/\/www.eldiario.net\/portal\/#\/schema\/person\/2c57cf2b7a7ae032e449e4c9b1019eac","name":"Jeanette","image":{"@type":"ImageObject","inLanguage":"es","@id":"https:\/\/secure.gravatar.com\/avatar\/3ea2118a5f7dad2b7138b1187a6b7ee55f160b9968b66013c3a3ef39dd7e5798?s=96&d=mm&r=g","url":"https:\/\/secure.gravatar.com\/avatar\/3ea2118a5f7dad2b7138b1187a6b7ee55f160b9968b66013c3a3ef39dd7e5798?s=96&d=mm&r=g","contentUrl":"https:\/\/secure.gravatar.com\/avatar\/3ea2118a5f7dad2b7138b1187a6b7ee55f160b9968b66013c3a3ef39dd7e5798?s=96&d=mm&r=g","caption":"Jeanette"},"sameAs":["https:\/\/www.eldiario.net\/portal"],"url":"https:\/\/www.eldiario.net\/portal\/author\/jeanette\/"}]}},"_links":{"self":[{"href":"https:\/\/www.eldiario.net\/portal\/wp-json\/wp\/v2\/posts\/175526","targetHints":{"allow":["GET"]}}],"collection":[{"href":"https:\/\/www.eldiario.net\/portal\/wp-json\/wp\/v2\/posts"}],"about":[{"href":"https:\/\/www.eldiario.net\/portal\/wp-json\/wp\/v2\/types\/post"}],"author":[{"embeddable":true,"href":"https:\/\/www.eldiario.net\/portal\/wp-json\/wp\/v2\/users\/1"}],"replies":[{"embeddable":true,"href":"https:\/\/www.eldiario.net\/portal\/wp-json\/wp\/v2\/comments?post=175526"}],"version-history":[{"count":0,"href":"https:\/\/www.eldiario.net\/portal\/wp-json\/wp\/v2\/posts\/175526\/revisions"}],"wp:featuredmedia":[{"embeddable":true,"href":"https:\/\/www.eldiario.net\/portal\/wp-json\/wp\/v2\/media\/175529"}],"wp:attachment":[{"href":"https:\/\/www.eldiario.net\/portal\/wp-json\/wp\/v2\/media?parent=175526"}],"wp:term":[{"taxonomy":"category","embeddable":true,"href":"https:\/\/www.eldiario.net\/portal\/wp-json\/wp\/v2\/categories?post=175526"},{"taxonomy":"post_tag","embeddable":true,"href":"https:\/\/www.eldiario.net\/portal\/wp-json\/wp\/v2\/tags?post=175526"}],"curies":[{"name":"wp","href":"https:\/\/api.w.org\/{rel}","templated":true}]}}