{"id":175143,"date":"2023-09-06T06:48:30","date_gmt":"2023-09-06T10:48:30","guid":{"rendered":"https:\/\/www.eldiario.net\/portal\/?p=175143"},"modified":"2023-09-06T06:48:30","modified_gmt":"2023-09-06T10:48:30","slug":"camargo-apunta-a-la-marca-minima-de-los-jjoo","status":"publish","type":"post","link":"https:\/\/www.eldiario.net\/portal\/2023\/09\/06\/camargo-apunta-a-la-marca-minima-de-los-jjoo\/","title":{"rendered":"Camargo apunta a la marca m\u00ednima de los JJOO"},"content":{"rendered":"<p>La fondista Jhoselyn Camargo Aliaga arrib\u00f3 ayer por la madrugada a La Paz con la frente en alto por el triunfo conseguido en la Media Marat\u00f3n de Medell\u00edn, con un tiempo de 1h14:14, y con el compromiso de continuar entren\u00e1ndose para alcanzar la marca m\u00ednima para los Juegos Ol\u00edmpicos Paris 2024.<br \/>\n\u201cEstamos demostrando con resultados para llegar a los objetivos personales, la meta m\u00e1s grande que tengo es los Juegos Ol\u00edmpicos, estoy buscando la marca y este triunfo nos sirve para seguir mejorando\u201d, declar\u00f3 Camargo en su regreso a La Paz.<br \/>\nCon una marca de 1h14:14, Camargo fue la ganadora de esta prueba en Medell\u00edn, carrera que forma parte de la preparaci\u00f3n, dentro de un proceso de trabajo que viene por a\u00f1os. \u201cEstamos por buen camino para los Juegos Ol\u00edmpicos\u201d, agreg\u00f3 Camargo, de 26 a\u00f1os.<br \/>\nCamargo apunta a la clasificaci\u00f3n en la prueba de marat\u00f3n para Paris 2024, cuya marca m\u00ednima es de 2h26:50. De regreso, a La Paz, la fondista continuar\u00e1 con sus pr\u00e1cticas, tratando de alcanzar ese objetivo. En la carrera de los 42.195 kil\u00f3metros en \u00c1msterdam (Pa\u00edses Bajos), el 15 de octubre, buscar\u00e1 ese objetivo. Tambi\u00e9n tiene en planes correr en diciembre en Espa\u00f1a y en febrero en Sevilla (Espa\u00f1a) para lograr su cometido.<br \/>\nDe parte del Viceministerio de Deportes, Camargo recibi\u00f3 como incentivo la suma de 15 mil bolivianos la madrugada de este martes. La atleta forma parte del programa Tunkas, Camargo invit\u00f3 a otras entidades p\u00fablicas y privadas para brindarle su colaboraci\u00f3n.<br \/>\n\u201cSiempre he mencionado que necesitamos ese respaldo con las empresas privadas y p\u00fablicas para que se pueden sumar y tener m\u00e1s cultura deportiva, no s\u00f3lo es un deportista, somos varios deportistas con proyecci\u00f3n\u201d, indic\u00f3 Camargo, due\u00f1a de nueve r\u00e9cords nacionales en distintas pruebas.<\/p>\n<p><em><strong>ERWIN QUISPE PERCA<\/strong><\/em><\/p>\n","protected":false},"excerpt":{"rendered":"<p>La fondista Jhoselyn Camargo Aliaga arrib\u00f3 ayer por la madrugada a La Paz con la frente en alto por el triunfo conseguido en la Media Marat\u00f3n de Medell\u00edn, con un tiempo de 1h14:14, y con el compromiso de continuar entren\u00e1ndose para alcanzar la marca m\u00ednima para los Juegos Ol\u00edmpicos Paris 2024. \u201cEstamos demostrando con resultados [&hellip;]<\/p>\n","protected":false},"author":1,"featured_media":175144,"comment_status":"closed","ping_status":"open","sticky":false,"template":"","format":"standard","meta":{"_acf_changed":false,"footnotes":""},"categories":[6],"tags":[],"class_list":["post-175143","post","type-post","status-publish","format-standard","has-post-thumbnail","category-deportes"],"acf":{"antetitulo":""},"yoast_head":"<!-- This site is optimized with the Yoast SEO plugin v28.4 - https:\/\/yoast.com\/product\/yoast-seo-wordpress\/ -->\n<title>Camargo apunta a la marca m\u00ednima de los JJOO - El Diario - Bolivia<\/title>\n<meta name=\"robots\" content=\"index, follow, max-snippet:-1, max-image-preview:large, max-video-preview:-1\" \/>\n<link rel=\"canonical\" href=\"https:\/\/www.eldiario.net\/portal\/2023\/09\/06\/camargo-apunta-a-la-marca-minima-de-los-jjoo\/\" \/>\n<meta property=\"og:locale\" content=\"es_ES\" \/>\n<meta property=\"og:type\" content=\"article\" \/>\n<meta property=\"og:title\" content=\"Camargo apunta a la marca m\u00ednima de los JJOO - El Diario - Bolivia\" \/>\n<meta property=\"og:description\" content=\"La fondista Jhoselyn Camargo Aliaga arrib\u00f3 ayer por la madrugada a La Paz con la frente en alto por el triunfo conseguido en la Media Marat\u00f3n de Medell\u00edn, con un tiempo de 1h14:14, y con el compromiso de continuar entren\u00e1ndose para alcanzar la marca m\u00ednima para los Juegos Ol\u00edmpicos Paris 2024. \u201cEstamos demostrando con resultados [&hellip;]\" \/>\n<meta property=\"og:url\" content=\"https:\/\/www.eldiario.net\/portal\/2023\/09\/06\/camargo-apunta-a-la-marca-minima-de-los-jjoo\/\" \/>\n<meta property=\"og:site_name\" content=\"El Diario - Bolivia\" \/>\n<meta property=\"article:publisher\" content=\"https:\/\/www.facebook.com\/eldiario.bolivia\/\" \/>\n<meta property=\"article:published_time\" content=\"2023-09-06T10:48:30+00:00\" \/>\n<meta property=\"og:image\" content=\"https:\/\/www.eldiario.net\/portal\/wp-content\/uploads\/2023\/09\/CAMARGO.jpg\" \/>\n\t<meta property=\"og:image:width\" content=\"1000\" \/>\n\t<meta property=\"og:image:height\" content=\"979\" \/>\n\t<meta property=\"og:image:type\" content=\"image\/jpeg\" \/>\n<meta name=\"author\" content=\"Jeanette\" \/>\n<meta name=\"twitter:card\" content=\"summary_large_image\" \/>\n<meta name=\"twitter:creator\" content=\"@eldiario_net\" \/>\n<meta name=\"twitter:site\" content=\"@eldiario_net\" \/>\n<meta name=\"twitter:label1\" content=\"Escrito por\" \/>\n\t<meta name=\"twitter:data1\" content=\"Jeanette\" \/>\n\t<meta name=\"twitter:label2\" content=\"Tiempo de lectura\" \/>\n\t<meta name=\"twitter:data2\" content=\"2 minutos\" \/>\n<script type=\"application\/ld+json\" class=\"yoast-schema-graph\">{\"@context\":\"https:\\\/\\\/schema.org\",\"@graph\":[{\"@type\":\"Article\",\"@id\":\"https:\\\/\\\/www.eldiario.net\\\/portal\\\/2023\\\/09\\\/06\\\/camargo-apunta-a-la-marca-minima-de-los-jjoo\\\/#article\",\"isPartOf\":{\"@id\":\"https:\\\/\\\/www.eldiario.net\\\/portal\\\/2023\\\/09\\\/06\\\/camargo-apunta-a-la-marca-minima-de-los-jjoo\\\/\"},\"author\":{\"name\":\"Jeanette\",\"@id\":\"https:\\\/\\\/www.eldiario.net\\\/portal\\\/#\\\/schema\\\/person\\\/2c57cf2b7a7ae032e449e4c9b1019eac\"},\"headline\":\"Camargo apunta a la marca m\u00ednima de los JJOO\",\"datePublished\":\"2023-09-06T10:48:30+00:00\",\"mainEntityOfPage\":{\"@id\":\"https:\\\/\\\/www.eldiario.net\\\/portal\\\/2023\\\/09\\\/06\\\/camargo-apunta-a-la-marca-minima-de-los-jjoo\\\/\"},\"wordCount\":326,\"publisher\":{\"@id\":\"https:\\\/\\\/www.eldiario.net\\\/portal\\\/#organization\"},\"image\":{\"@id\":\"https:\\\/\\\/www.eldiario.net\\\/portal\\\/2023\\\/09\\\/06\\\/camargo-apunta-a-la-marca-minima-de-los-jjoo\\\/#primaryimage\"},\"thumbnailUrl\":\"https:\\\/\\\/www.eldiario.net\\\/portal\\\/wp-content\\\/uploads\\\/2023\\\/09\\\/CAMARGO.jpg\",\"articleSection\":[\"Deportes\"],\"inLanguage\":\"es\"},{\"@type\":\"WebPage\",\"@id\":\"https:\\\/\\\/www.eldiario.net\\\/portal\\\/2023\\\/09\\\/06\\\/camargo-apunta-a-la-marca-minima-de-los-jjoo\\\/\",\"url\":\"https:\\\/\\\/www.eldiario.net\\\/portal\\\/2023\\\/09\\\/06\\\/camargo-apunta-a-la-marca-minima-de-los-jjoo\\\/\",\"name\":\"Camargo apunta a la marca m\u00ednima de los JJOO - El Diario - Bolivia\",\"isPartOf\":{\"@id\":\"https:\\\/\\\/www.eldiario.net\\\/portal\\\/#website\"},\"primaryImageOfPage\":{\"@id\":\"https:\\\/\\\/www.eldiario.net\\\/portal\\\/2023\\\/09\\\/06\\\/camargo-apunta-a-la-marca-minima-de-los-jjoo\\\/#primaryimage\"},\"image\":{\"@id\":\"https:\\\/\\\/www.eldiario.net\\\/portal\\\/2023\\\/09\\\/06\\\/camargo-apunta-a-la-marca-minima-de-los-jjoo\\\/#primaryimage\"},\"thumbnailUrl\":\"https:\\\/\\\/www.eldiario.net\\\/portal\\\/wp-content\\\/uploads\\\/2023\\\/09\\\/CAMARGO.jpg\",\"datePublished\":\"2023-09-06T10:48:30+00:00\",\"breadcrumb\":{\"@id\":\"https:\\\/\\\/www.eldiario.net\\\/portal\\\/2023\\\/09\\\/06\\\/camargo-apunta-a-la-marca-minima-de-los-jjoo\\\/#breadcrumb\"},\"inLanguage\":\"es\",\"potentialAction\":[{\"@type\":\"ReadAction\",\"target\":[\"https:\\\/\\\/www.eldiario.net\\\/portal\\\/2023\\\/09\\\/06\\\/camargo-apunta-a-la-marca-minima-de-los-jjoo\\\/\"]}]},{\"@type\":\"ImageObject\",\"inLanguage\":\"es\",\"@id\":\"https:\\\/\\\/www.eldiario.net\\\/portal\\\/2023\\\/09\\\/06\\\/camargo-apunta-a-la-marca-minima-de-los-jjoo\\\/#primaryimage\",\"url\":\"https:\\\/\\\/www.eldiario.net\\\/portal\\\/wp-content\\\/uploads\\\/2023\\\/09\\\/CAMARGO.jpg\",\"contentUrl\":\"https:\\\/\\\/www.eldiario.net\\\/portal\\\/wp-content\\\/uploads\\\/2023\\\/09\\\/CAMARGO.jpg\",\"width\":1000,\"height\":979},{\"@type\":\"BreadcrumbList\",\"@id\":\"https:\\\/\\\/www.eldiario.net\\\/portal\\\/2023\\\/09\\\/06\\\/camargo-apunta-a-la-marca-minima-de-los-jjoo\\\/#breadcrumb\",\"itemListElement\":[{\"@type\":\"ListItem\",\"position\":1,\"name\":\"Portada\",\"item\":\"https:\\\/\\\/www.eldiario.net\\\/portal\\\/\"},{\"@type\":\"ListItem\",\"position\":2,\"name\":\"Camargo apunta a la marca m\u00ednima de los JJOO\"}]},{\"@type\":\"WebSite\",\"@id\":\"https:\\\/\\\/www.eldiario.net\\\/portal\\\/#website\",\"url\":\"https:\\\/\\\/www.eldiario.net\\\/portal\\\/\",\"name\":\"El Diario - Decano de la prensa nacional\",\"description\":\"El Diario - Decano de la prensa nacional\",\"publisher\":{\"@id\":\"https:\\\/\\\/www.eldiario.net\\\/portal\\\/#organization\"},\"potentialAction\":[{\"@type\":\"SearchAction\",\"target\":{\"@type\":\"EntryPoint\",\"urlTemplate\":\"https:\\\/\\\/www.eldiario.net\\\/portal\\\/?s={search_term_string}\"},\"query-input\":{\"@type\":\"PropertyValueSpecification\",\"valueRequired\":true,\"valueName\":\"search_term_string\"}}],\"inLanguage\":\"es\"},{\"@type\":\"Organization\",\"@id\":\"https:\\\/\\\/www.eldiario.net\\\/portal\\\/#organization\",\"name\":\"El Diario - Decano de la prensa nacional\",\"url\":\"https:\\\/\\\/www.eldiario.net\\\/portal\\\/\",\"logo\":{\"@type\":\"ImageObject\",\"inLanguage\":\"es\",\"@id\":\"https:\\\/\\\/www.eldiario.net\\\/portal\\\/#\\\/schema\\\/logo\\\/image\\\/\",\"url\":\"https:\\\/\\\/www.eldiario.net\\\/portal\\\/wp-content\\\/uploads\\\/2023\\\/07\\\/logo_ED.jpg\",\"contentUrl\":\"https:\\\/\\\/www.eldiario.net\\\/portal\\\/wp-content\\\/uploads\\\/2023\\\/07\\\/logo_ED.jpg\",\"width\":272,\"height\":52,\"caption\":\"El Diario - Decano de la prensa nacional\"},\"image\":{\"@id\":\"https:\\\/\\\/www.eldiario.net\\\/portal\\\/#\\\/schema\\\/logo\\\/image\\\/\"},\"sameAs\":[\"https:\\\/\\\/www.facebook.com\\\/eldiario.bolivia\\\/\",\"https:\\\/\\\/x.com\\\/eldiario_net\"]},{\"@type\":\"Person\",\"@id\":\"https:\\\/\\\/www.eldiario.net\\\/portal\\\/#\\\/schema\\\/person\\\/2c57cf2b7a7ae032e449e4c9b1019eac\",\"name\":\"Jeanette\",\"image\":{\"@type\":\"ImageObject\",\"inLanguage\":\"es\",\"@id\":\"https:\\\/\\\/secure.gravatar.com\\\/avatar\\\/3ea2118a5f7dad2b7138b1187a6b7ee55f160b9968b66013c3a3ef39dd7e5798?s=96&d=mm&r=g\",\"url\":\"https:\\\/\\\/secure.gravatar.com\\\/avatar\\\/3ea2118a5f7dad2b7138b1187a6b7ee55f160b9968b66013c3a3ef39dd7e5798?s=96&d=mm&r=g\",\"contentUrl\":\"https:\\\/\\\/secure.gravatar.com\\\/avatar\\\/3ea2118a5f7dad2b7138b1187a6b7ee55f160b9968b66013c3a3ef39dd7e5798?s=96&d=mm&r=g\",\"caption\":\"Jeanette\"},\"sameAs\":[\"https:\\\/\\\/www.eldiario.net\\\/portal\"],\"url\":\"https:\\\/\\\/www.eldiario.net\\\/portal\\\/author\\\/jeanette\\\/\"}]}<\/script>\n<!-- \/ Yoast SEO plugin. -->","yoast_head_json":{"title":"Camargo apunta a la marca m\u00ednima de los JJOO - El Diario - Bolivia","robots":{"index":"index","follow":"follow","max-snippet":"max-snippet:-1","max-image-preview":"max-image-preview:large","max-video-preview":"max-video-preview:-1"},"canonical":"https:\/\/www.eldiario.net\/portal\/2023\/09\/06\/camargo-apunta-a-la-marca-minima-de-los-jjoo\/","og_locale":"es_ES","og_type":"article","og_title":"Camargo apunta a la marca m\u00ednima de los JJOO - El Diario - Bolivia","og_description":"La fondista Jhoselyn Camargo Aliaga arrib\u00f3 ayer por la madrugada a La Paz con la frente en alto por el triunfo conseguido en la Media Marat\u00f3n de Medell\u00edn, con un tiempo de 1h14:14, y con el compromiso de continuar entren\u00e1ndose para alcanzar la marca m\u00ednima para los Juegos Ol\u00edmpicos Paris 2024. \u201cEstamos demostrando con resultados [&hellip;]","og_url":"https:\/\/www.eldiario.net\/portal\/2023\/09\/06\/camargo-apunta-a-la-marca-minima-de-los-jjoo\/","og_site_name":"El Diario - Bolivia","article_publisher":"https:\/\/www.facebook.com\/eldiario.bolivia\/","article_published_time":"2023-09-06T10:48:30+00:00","og_image":[{"width":1000,"height":979,"url":"https:\/\/www.eldiario.net\/portal\/wp-content\/uploads\/2023\/09\/CAMARGO.jpg","type":"image\/jpeg"}],"author":"Jeanette","twitter_card":"summary_large_image","twitter_creator":"@eldiario_net","twitter_site":"@eldiario_net","twitter_misc":{"Escrito por":"Jeanette","Tiempo de lectura":"2 minutos"},"schema":{"@context":"https:\/\/schema.org","@graph":[{"@type":"Article","@id":"https:\/\/www.eldiario.net\/portal\/2023\/09\/06\/camargo-apunta-a-la-marca-minima-de-los-jjoo\/#article","isPartOf":{"@id":"https:\/\/www.eldiario.net\/portal\/2023\/09\/06\/camargo-apunta-a-la-marca-minima-de-los-jjoo\/"},"author":{"name":"Jeanette","@id":"https:\/\/www.eldiario.net\/portal\/#\/schema\/person\/2c57cf2b7a7ae032e449e4c9b1019eac"},"headline":"Camargo apunta a la marca m\u00ednima de los JJOO","datePublished":"2023-09-06T10:48:30+00:00","mainEntityOfPage":{"@id":"https:\/\/www.eldiario.net\/portal\/2023\/09\/06\/camargo-apunta-a-la-marca-minima-de-los-jjoo\/"},"wordCount":326,"publisher":{"@id":"https:\/\/www.eldiario.net\/portal\/#organization"},"image":{"@id":"https:\/\/www.eldiario.net\/portal\/2023\/09\/06\/camargo-apunta-a-la-marca-minima-de-los-jjoo\/#primaryimage"},"thumbnailUrl":"https:\/\/www.eldiario.net\/portal\/wp-content\/uploads\/2023\/09\/CAMARGO.jpg","articleSection":["Deportes"],"inLanguage":"es"},{"@type":"WebPage","@id":"https:\/\/www.eldiario.net\/portal\/2023\/09\/06\/camargo-apunta-a-la-marca-minima-de-los-jjoo\/","url":"https:\/\/www.eldiario.net\/portal\/2023\/09\/06\/camargo-apunta-a-la-marca-minima-de-los-jjoo\/","name":"Camargo apunta a la marca m\u00ednima de los JJOO - El Diario - Bolivia","isPartOf":{"@id":"https:\/\/www.eldiario.net\/portal\/#website"},"primaryImageOfPage":{"@id":"https:\/\/www.eldiario.net\/portal\/2023\/09\/06\/camargo-apunta-a-la-marca-minima-de-los-jjoo\/#primaryimage"},"image":{"@id":"https:\/\/www.eldiario.net\/portal\/2023\/09\/06\/camargo-apunta-a-la-marca-minima-de-los-jjoo\/#primaryimage"},"thumbnailUrl":"https:\/\/www.eldiario.net\/portal\/wp-content\/uploads\/2023\/09\/CAMARGO.jpg","datePublished":"2023-09-06T10:48:30+00:00","breadcrumb":{"@id":"https:\/\/www.eldiario.net\/portal\/2023\/09\/06\/camargo-apunta-a-la-marca-minima-de-los-jjoo\/#breadcrumb"},"inLanguage":"es","potentialAction":[{"@type":"ReadAction","target":["https:\/\/www.eldiario.net\/portal\/2023\/09\/06\/camargo-apunta-a-la-marca-minima-de-los-jjoo\/"]}]},{"@type":"ImageObject","inLanguage":"es","@id":"https:\/\/www.eldiario.net\/portal\/2023\/09\/06\/camargo-apunta-a-la-marca-minima-de-los-jjoo\/#primaryimage","url":"https:\/\/www.eldiario.net\/portal\/wp-content\/uploads\/2023\/09\/CAMARGO.jpg","contentUrl":"https:\/\/www.eldiario.net\/portal\/wp-content\/uploads\/2023\/09\/CAMARGO.jpg","width":1000,"height":979},{"@type":"BreadcrumbList","@id":"https:\/\/www.eldiario.net\/portal\/2023\/09\/06\/camargo-apunta-a-la-marca-minima-de-los-jjoo\/#breadcrumb","itemListElement":[{"@type":"ListItem","position":1,"name":"Portada","item":"https:\/\/www.eldiario.net\/portal\/"},{"@type":"ListItem","position":2,"name":"Camargo apunta a la marca m\u00ednima de los JJOO"}]},{"@type":"WebSite","@id":"https:\/\/www.eldiario.net\/portal\/#website","url":"https:\/\/www.eldiario.net\/portal\/","name":"El Diario - Decano de la prensa nacional","description":"El Diario - Decano de la prensa nacional","publisher":{"@id":"https:\/\/www.eldiario.net\/portal\/#organization"},"potentialAction":[{"@type":"SearchAction","target":{"@type":"EntryPoint","urlTemplate":"https:\/\/www.eldiario.net\/portal\/?s={search_term_string}"},"query-input":{"@type":"PropertyValueSpecification","valueRequired":true,"valueName":"search_term_string"}}],"inLanguage":"es"},{"@type":"Organization","@id":"https:\/\/www.eldiario.net\/portal\/#organization","name":"El Diario - Decano de la prensa nacional","url":"https:\/\/www.eldiario.net\/portal\/","logo":{"@type":"ImageObject","inLanguage":"es","@id":"https:\/\/www.eldiario.net\/portal\/#\/schema\/logo\/image\/","url":"https:\/\/www.eldiario.net\/portal\/wp-content\/uploads\/2023\/07\/logo_ED.jpg","contentUrl":"https:\/\/www.eldiario.net\/portal\/wp-content\/uploads\/2023\/07\/logo_ED.jpg","width":272,"height":52,"caption":"El Diario - Decano de la prensa nacional"},"image":{"@id":"https:\/\/www.eldiario.net\/portal\/#\/schema\/logo\/image\/"},"sameAs":["https:\/\/www.facebook.com\/eldiario.bolivia\/","https:\/\/x.com\/eldiario_net"]},{"@type":"Person","@id":"https:\/\/www.eldiario.net\/portal\/#\/schema\/person\/2c57cf2b7a7ae032e449e4c9b1019eac","name":"Jeanette","image":{"@type":"ImageObject","inLanguage":"es","@id":"https:\/\/secure.gravatar.com\/avatar\/3ea2118a5f7dad2b7138b1187a6b7ee55f160b9968b66013c3a3ef39dd7e5798?s=96&d=mm&r=g","url":"https:\/\/secure.gravatar.com\/avatar\/3ea2118a5f7dad2b7138b1187a6b7ee55f160b9968b66013c3a3ef39dd7e5798?s=96&d=mm&r=g","contentUrl":"https:\/\/secure.gravatar.com\/avatar\/3ea2118a5f7dad2b7138b1187a6b7ee55f160b9968b66013c3a3ef39dd7e5798?s=96&d=mm&r=g","caption":"Jeanette"},"sameAs":["https:\/\/www.eldiario.net\/portal"],"url":"https:\/\/www.eldiario.net\/portal\/author\/jeanette\/"}]}},"_links":{"self":[{"href":"https:\/\/www.eldiario.net\/portal\/wp-json\/wp\/v2\/posts\/175143","targetHints":{"allow":["GET"]}}],"collection":[{"href":"https:\/\/www.eldiario.net\/portal\/wp-json\/wp\/v2\/posts"}],"about":[{"href":"https:\/\/www.eldiario.net\/portal\/wp-json\/wp\/v2\/types\/post"}],"author":[{"embeddable":true,"href":"https:\/\/www.eldiario.net\/portal\/wp-json\/wp\/v2\/users\/1"}],"replies":[{"embeddable":true,"href":"https:\/\/www.eldiario.net\/portal\/wp-json\/wp\/v2\/comments?post=175143"}],"version-history":[{"count":0,"href":"https:\/\/www.eldiario.net\/portal\/wp-json\/wp\/v2\/posts\/175143\/revisions"}],"wp:featuredmedia":[{"embeddable":true,"href":"https:\/\/www.eldiario.net\/portal\/wp-json\/wp\/v2\/media\/175144"}],"wp:attachment":[{"href":"https:\/\/www.eldiario.net\/portal\/wp-json\/wp\/v2\/media?parent=175143"}],"wp:term":[{"taxonomy":"category","embeddable":true,"href":"https:\/\/www.eldiario.net\/portal\/wp-json\/wp\/v2\/categories?post=175143"},{"taxonomy":"post_tag","embeddable":true,"href":"https:\/\/www.eldiario.net\/portal\/wp-json\/wp\/v2\/tags?post=175143"}],"curies":[{"name":"wp","href":"https:\/\/api.w.org\/{rel}","templated":true}]}}