{"id":174877,"date":"2023-09-05T06:31:05","date_gmt":"2023-09-05T10:31:05","guid":{"rendered":"https:\/\/www.eldiario.net\/portal\/?p=174877"},"modified":"2023-09-05T06:31:05","modified_gmt":"2023-09-05T10:31:05","slug":"dirigente-indigena-afirma-que-a-diario-ve-morir-a-su-gente-por-contaminacion","status":"publish","type":"post","link":"https:\/\/www.eldiario.net\/portal\/2023\/09\/05\/dirigente-indigena-afirma-que-a-diario-ve-morir-a-su-gente-por-contaminacion\/","title":{"rendered":"Dirigente ind\u00edgena afirma que a diario  ve morir a su gente por contaminaci\u00f3n"},"content":{"rendered":"<p>La vicepresidenta de la Confederaci\u00f3n Nacional de Mujeres Ind\u00edgenas de Bolivia (Cnamib), Miriam Pariamo, se quebr\u00f3 en llanto en medio de una conferencia de prensa realizada ayer al contar que a diario ve morir a su gente por diferentes padecimientos producto de la contaminaci\u00f3n minera.<\/p>\n<p>\u201cVenimos, desde el 2011, sufriendo una represi\u00f3n por reclamar nuestros derechos. Para los ind\u00edgenas no hay justicia; sin embargo, en temas pol\u00edticos por cualquier cosa meten presos, pero \u00bfqu\u00e9 hay de nosotras que vivimos en la ribera de los r\u00edos? Vemos a nuestra gente cada d\u00eda morir con dolor de est\u00f3mago, con diarrea. \u00bfAcaso no sienten l\u00e1stima? Nosotras de verdad ya estamos cansadas\u201d, declar\u00f3 entre l\u00e1grimas Pariamo.<\/p>\n<p>La l\u00edder de las mujeres ind\u00edgenas hizo esas declaraciones despu\u00e9s que el ministro de Medio Ambiente y Agua (MMAyA), Rub\u00e9n M\u00e9ndez, dijo que durante su infancia vivi\u00f3 frente a una mina en el departamento de Potos\u00ed y jug\u00f3 con mercurio; con eso, puso en duda los efectos la contaminaci\u00f3n del metal l\u00edquido en la salud humana. Luego se retract\u00f3 alegando que sus declaraciones fueron tergiversadas.<\/p>\n<p>Pariamo calific\u00f3 como una pena las afirmaciones de una alta autoridad llamada a precautelar el medio ambiente. Anunci\u00f3 que las mujeres ind\u00edgenas sacar\u00e1n un voto resolutivo rechazando esas declaraciones porque refleja que M\u00e9ndez no est\u00e1 consciente del cuidado del medio ambiente y de las personas que sufren los efectos de la contaminaci\u00f3n por el mercurio.<\/p>\n<p>&nbsp;<\/p>\n<p>En ese marco, los impulsores del pre Foro Social Panamaz\u00f3nico (Pre Fospa) dieron ayer en conferencia de prensa a anunciar que entregar\u00e1n al Gobierno, y a otras instituciones, el documento de conclusiones del foro que apunta al cuidado de la Amazon\u00eda firmada por 62 organizaciones, 26 instituciones y 5 representaciones de redes internacionales.<\/p>\n<p>Entre las conclusiones del encuentro, desarrollado en julio, los ind\u00edgenas exigen el reconocimiento pleno de los derechos colectivos y territoriales de saneamiento y titulaci\u00f3n de territorios originarios; el respeto a la autonom\u00eda y libre determinaci\u00f3n; la aplicaci\u00f3n del derecho a la consulta previa, libre e informada, respeto a los mecanismos de defensa del territorio, rechazando la criminalizaci\u00f3n y persecuci\u00f3n a defensores de derechos. Tambi\u00e9n advierte el riesgo de aplicar pol\u00edticas que, bajo el supuesto de reducir la contaminaci\u00f3n, promover\u00e1n la deforestaci\u00f3n de bosques y otras afectaciones sociales y ambientales.<\/p>\n<p>Adem\u00e1s, el documento plantea la promoci\u00f3n de modelos de desarrollo productivos sostenibles, coherentes con la vocaci\u00f3n de la tierra y de acuerdo con la cosmovisi\u00f3n de los pueblos ind\u00edgenas, basados en la agroecolog\u00eda, gesti\u00f3n integral de los territorios, turismo sostenible y comunitario y otras alternativas similares.<\/p>\n<p>El Foro Social Panamaz\u00f3nico es una articulaci\u00f3n que une a nueve pa\u00edses de la regi\u00f3n. Bolivia ser\u00e1 sede del pr\u00f3ximo encuentro internacional previsto para el 2024.<\/p>\n<p>DENUNCIA INTERNACIONAL<\/p>\n<p>El tsiman Rosendo Medina, presidente de la organizaci\u00f3n ind\u00edgena sector Yacuma, Beni, cuestion\u00f3 que el Gobierno, en contubernio con la Autoridad Jurisdiccional Administrativa Minera (Ajam), vulneren sus derechos de ind\u00edgenas y ni siquiera traigan atenci\u00f3n m\u00e9dica a la poblaci\u00f3n que termina afectada.<\/p>\n<p>&nbsp;<\/p>\n<p>Adem\u00e1s, denunci\u00f3 que la Sala Constitucional del Tribunal Departamental de Justicia de Beni deneg\u00f3 la acci\u00f3n popular que interpusieron los ind\u00edgenas del sector Yacuma en demanda de que garantice sus derechos de propiedad de tierras de posesi\u00f3n ancestral. Anunci\u00f3 que llevar\u00e1 el caso ante instancias internacionales.<\/p>\n<p>\u201cEl INRA no quiere reconocer nuestro territorio. Ahora, la acci\u00f3n que queremos tomar es presentar el caso ante instancias internacionales, como la Comisi\u00f3n Interamericana de Derechos Humanos (CIDH)\u201d, indic\u00f3. (ANF)<\/p>\n","protected":false},"excerpt":{"rendered":"<p>La vicepresidenta de la Confederaci\u00f3n Nacional de Mujeres Ind\u00edgenas de Bolivia (Cnamib), Miriam Pariamo, se quebr\u00f3 en llanto en medio de una conferencia de prensa realizada ayer al contar que a diario ve morir a su gente por diferentes padecimientos producto de la contaminaci\u00f3n minera. \u201cVenimos, desde el 2011, sufriendo una represi\u00f3n por reclamar nuestros [&hellip;]<\/p>\n","protected":false},"author":1,"featured_media":174878,"comment_status":"closed","ping_status":"open","sticky":false,"template":"","format":"standard","meta":{"_acf_changed":false,"footnotes":""},"categories":[17],"tags":[],"class_list":["post-174877","post","type-post","status-publish","format-standard","has-post-thumbnail","category-principal"],"acf":{"antetitulo":""},"yoast_head":"<!-- This site is optimized with the Yoast SEO plugin v28.4 - https:\/\/yoast.com\/product\/yoast-seo-wordpress\/ -->\n<title>Dirigente ind\u00edgena afirma que a diario ve morir a su gente por contaminaci\u00f3n - El Diario - Bolivia<\/title>\n<meta name=\"robots\" content=\"index, follow, max-snippet:-1, max-image-preview:large, max-video-preview:-1\" \/>\n<link rel=\"canonical\" href=\"https:\/\/www.eldiario.net\/portal\/2023\/09\/05\/dirigente-indigena-afirma-que-a-diario-ve-morir-a-su-gente-por-contaminacion\/\" \/>\n<meta property=\"og:locale\" content=\"es_ES\" \/>\n<meta property=\"og:type\" content=\"article\" \/>\n<meta property=\"og:title\" content=\"Dirigente ind\u00edgena afirma que a diario ve morir a su gente por contaminaci\u00f3n - El Diario - Bolivia\" \/>\n<meta property=\"og:description\" content=\"La vicepresidenta de la Confederaci\u00f3n Nacional de Mujeres Ind\u00edgenas de Bolivia (Cnamib), Miriam Pariamo, se quebr\u00f3 en llanto en medio de una conferencia de prensa realizada ayer al contar que a diario ve morir a su gente por diferentes padecimientos producto de la contaminaci\u00f3n minera. \u201cVenimos, desde el 2011, sufriendo una represi\u00f3n por reclamar nuestros [&hellip;]\" \/>\n<meta property=\"og:url\" content=\"https:\/\/www.eldiario.net\/portal\/2023\/09\/05\/dirigente-indigena-afirma-que-a-diario-ve-morir-a-su-gente-por-contaminacion\/\" \/>\n<meta property=\"og:site_name\" content=\"El Diario - Bolivia\" \/>\n<meta property=\"article:publisher\" content=\"https:\/\/www.facebook.com\/eldiario.bolivia\/\" \/>\n<meta property=\"article:published_time\" content=\"2023-09-05T10:31:05+00:00\" \/>\n<meta property=\"og:image\" content=\"https:\/\/www.eldiario.net\/portal\/wp-content\/uploads\/2023\/09\/ACCIONES-FOTO.jpg\" \/>\n\t<meta property=\"og:image:width\" content=\"600\" \/>\n\t<meta property=\"og:image:height\" content=\"338\" \/>\n\t<meta property=\"og:image:type\" content=\"image\/jpeg\" \/>\n<meta name=\"author\" content=\"Jeanette\" \/>\n<meta name=\"twitter:card\" content=\"summary_large_image\" \/>\n<meta name=\"twitter:creator\" content=\"@eldiario_net\" \/>\n<meta name=\"twitter:site\" content=\"@eldiario_net\" \/>\n<meta name=\"twitter:label1\" content=\"Escrito por\" \/>\n\t<meta name=\"twitter:data1\" content=\"Jeanette\" \/>\n\t<meta name=\"twitter:label2\" content=\"Tiempo de lectura\" \/>\n\t<meta name=\"twitter:data2\" content=\"3 minutos\" \/>\n<script type=\"application\/ld+json\" class=\"yoast-schema-graph\">{\"@context\":\"https:\\\/\\\/schema.org\",\"@graph\":[{\"@type\":\"Article\",\"@id\":\"https:\\\/\\\/www.eldiario.net\\\/portal\\\/2023\\\/09\\\/05\\\/dirigente-indigena-afirma-que-a-diario-ve-morir-a-su-gente-por-contaminacion\\\/#article\",\"isPartOf\":{\"@id\":\"https:\\\/\\\/www.eldiario.net\\\/portal\\\/2023\\\/09\\\/05\\\/dirigente-indigena-afirma-que-a-diario-ve-morir-a-su-gente-por-contaminacion\\\/\"},\"author\":{\"name\":\"Jeanette\",\"@id\":\"https:\\\/\\\/www.eldiario.net\\\/portal\\\/#\\\/schema\\\/person\\\/2c57cf2b7a7ae032e449e4c9b1019eac\"},\"headline\":\"Dirigente ind\u00edgena afirma que a diario ve morir a su gente por contaminaci\u00f3n\",\"datePublished\":\"2023-09-05T10:31:05+00:00\",\"mainEntityOfPage\":{\"@id\":\"https:\\\/\\\/www.eldiario.net\\\/portal\\\/2023\\\/09\\\/05\\\/dirigente-indigena-afirma-que-a-diario-ve-morir-a-su-gente-por-contaminacion\\\/\"},\"wordCount\":639,\"publisher\":{\"@id\":\"https:\\\/\\\/www.eldiario.net\\\/portal\\\/#organization\"},\"image\":{\"@id\":\"https:\\\/\\\/www.eldiario.net\\\/portal\\\/2023\\\/09\\\/05\\\/dirigente-indigena-afirma-que-a-diario-ve-morir-a-su-gente-por-contaminacion\\\/#primaryimage\"},\"thumbnailUrl\":\"https:\\\/\\\/www.eldiario.net\\\/portal\\\/wp-content\\\/uploads\\\/2023\\\/09\\\/ACCIONES-FOTO.jpg\",\"articleSection\":[\"Principal\"],\"inLanguage\":\"es\"},{\"@type\":\"WebPage\",\"@id\":\"https:\\\/\\\/www.eldiario.net\\\/portal\\\/2023\\\/09\\\/05\\\/dirigente-indigena-afirma-que-a-diario-ve-morir-a-su-gente-por-contaminacion\\\/\",\"url\":\"https:\\\/\\\/www.eldiario.net\\\/portal\\\/2023\\\/09\\\/05\\\/dirigente-indigena-afirma-que-a-diario-ve-morir-a-su-gente-por-contaminacion\\\/\",\"name\":\"Dirigente ind\u00edgena afirma que a diario ve morir a su gente por contaminaci\u00f3n - El Diario - Bolivia\",\"isPartOf\":{\"@id\":\"https:\\\/\\\/www.eldiario.net\\\/portal\\\/#website\"},\"primaryImageOfPage\":{\"@id\":\"https:\\\/\\\/www.eldiario.net\\\/portal\\\/2023\\\/09\\\/05\\\/dirigente-indigena-afirma-que-a-diario-ve-morir-a-su-gente-por-contaminacion\\\/#primaryimage\"},\"image\":{\"@id\":\"https:\\\/\\\/www.eldiario.net\\\/portal\\\/2023\\\/09\\\/05\\\/dirigente-indigena-afirma-que-a-diario-ve-morir-a-su-gente-por-contaminacion\\\/#primaryimage\"},\"thumbnailUrl\":\"https:\\\/\\\/www.eldiario.net\\\/portal\\\/wp-content\\\/uploads\\\/2023\\\/09\\\/ACCIONES-FOTO.jpg\",\"datePublished\":\"2023-09-05T10:31:05+00:00\",\"breadcrumb\":{\"@id\":\"https:\\\/\\\/www.eldiario.net\\\/portal\\\/2023\\\/09\\\/05\\\/dirigente-indigena-afirma-que-a-diario-ve-morir-a-su-gente-por-contaminacion\\\/#breadcrumb\"},\"inLanguage\":\"es\",\"potentialAction\":[{\"@type\":\"ReadAction\",\"target\":[\"https:\\\/\\\/www.eldiario.net\\\/portal\\\/2023\\\/09\\\/05\\\/dirigente-indigena-afirma-que-a-diario-ve-morir-a-su-gente-por-contaminacion\\\/\"]}]},{\"@type\":\"ImageObject\",\"inLanguage\":\"es\",\"@id\":\"https:\\\/\\\/www.eldiario.net\\\/portal\\\/2023\\\/09\\\/05\\\/dirigente-indigena-afirma-que-a-diario-ve-morir-a-su-gente-por-contaminacion\\\/#primaryimage\",\"url\":\"https:\\\/\\\/www.eldiario.net\\\/portal\\\/wp-content\\\/uploads\\\/2023\\\/09\\\/ACCIONES-FOTO.jpg\",\"contentUrl\":\"https:\\\/\\\/www.eldiario.net\\\/portal\\\/wp-content\\\/uploads\\\/2023\\\/09\\\/ACCIONES-FOTO.jpg\",\"width\":600,\"height\":338,\"caption\":\"La vicepresidenta de la Confederaci\u00f3n Nacional de Mujeres Ind\u00edgenas de Bolivia (Cnamib), Miriam Pariamo. Foto: ANF\"},{\"@type\":\"BreadcrumbList\",\"@id\":\"https:\\\/\\\/www.eldiario.net\\\/portal\\\/2023\\\/09\\\/05\\\/dirigente-indigena-afirma-que-a-diario-ve-morir-a-su-gente-por-contaminacion\\\/#breadcrumb\",\"itemListElement\":[{\"@type\":\"ListItem\",\"position\":1,\"name\":\"Portada\",\"item\":\"https:\\\/\\\/www.eldiario.net\\\/portal\\\/\"},{\"@type\":\"ListItem\",\"position\":2,\"name\":\"Dirigente ind\u00edgena afirma que a diario ve morir a su gente por contaminaci\u00f3n\"}]},{\"@type\":\"WebSite\",\"@id\":\"https:\\\/\\\/www.eldiario.net\\\/portal\\\/#website\",\"url\":\"https:\\\/\\\/www.eldiario.net\\\/portal\\\/\",\"name\":\"El Diario - Decano de la prensa nacional\",\"description\":\"El Diario - Decano de la prensa nacional\",\"publisher\":{\"@id\":\"https:\\\/\\\/www.eldiario.net\\\/portal\\\/#organization\"},\"potentialAction\":[{\"@type\":\"SearchAction\",\"target\":{\"@type\":\"EntryPoint\",\"urlTemplate\":\"https:\\\/\\\/www.eldiario.net\\\/portal\\\/?s={search_term_string}\"},\"query-input\":{\"@type\":\"PropertyValueSpecification\",\"valueRequired\":true,\"valueName\":\"search_term_string\"}}],\"inLanguage\":\"es\"},{\"@type\":\"Organization\",\"@id\":\"https:\\\/\\\/www.eldiario.net\\\/portal\\\/#organization\",\"name\":\"El Diario - Decano de la prensa nacional\",\"url\":\"https:\\\/\\\/www.eldiario.net\\\/portal\\\/\",\"logo\":{\"@type\":\"ImageObject\",\"inLanguage\":\"es\",\"@id\":\"https:\\\/\\\/www.eldiario.net\\\/portal\\\/#\\\/schema\\\/logo\\\/image\\\/\",\"url\":\"https:\\\/\\\/www.eldiario.net\\\/portal\\\/wp-content\\\/uploads\\\/2023\\\/07\\\/logo_ED.jpg\",\"contentUrl\":\"https:\\\/\\\/www.eldiario.net\\\/portal\\\/wp-content\\\/uploads\\\/2023\\\/07\\\/logo_ED.jpg\",\"width\":272,\"height\":52,\"caption\":\"El Diario - Decano de la prensa nacional\"},\"image\":{\"@id\":\"https:\\\/\\\/www.eldiario.net\\\/portal\\\/#\\\/schema\\\/logo\\\/image\\\/\"},\"sameAs\":[\"https:\\\/\\\/www.facebook.com\\\/eldiario.bolivia\\\/\",\"https:\\\/\\\/x.com\\\/eldiario_net\"]},{\"@type\":\"Person\",\"@id\":\"https:\\\/\\\/www.eldiario.net\\\/portal\\\/#\\\/schema\\\/person\\\/2c57cf2b7a7ae032e449e4c9b1019eac\",\"name\":\"Jeanette\",\"image\":{\"@type\":\"ImageObject\",\"inLanguage\":\"es\",\"@id\":\"https:\\\/\\\/secure.gravatar.com\\\/avatar\\\/3ea2118a5f7dad2b7138b1187a6b7ee55f160b9968b66013c3a3ef39dd7e5798?s=96&d=mm&r=g\",\"url\":\"https:\\\/\\\/secure.gravatar.com\\\/avatar\\\/3ea2118a5f7dad2b7138b1187a6b7ee55f160b9968b66013c3a3ef39dd7e5798?s=96&d=mm&r=g\",\"contentUrl\":\"https:\\\/\\\/secure.gravatar.com\\\/avatar\\\/3ea2118a5f7dad2b7138b1187a6b7ee55f160b9968b66013c3a3ef39dd7e5798?s=96&d=mm&r=g\",\"caption\":\"Jeanette\"},\"sameAs\":[\"https:\\\/\\\/www.eldiario.net\\\/portal\"],\"url\":\"https:\\\/\\\/www.eldiario.net\\\/portal\\\/author\\\/jeanette\\\/\"}]}<\/script>\n<!-- \/ Yoast SEO plugin. -->","yoast_head_json":{"title":"Dirigente ind\u00edgena afirma que a diario ve morir a su gente por contaminaci\u00f3n - El Diario - Bolivia","robots":{"index":"index","follow":"follow","max-snippet":"max-snippet:-1","max-image-preview":"max-image-preview:large","max-video-preview":"max-video-preview:-1"},"canonical":"https:\/\/www.eldiario.net\/portal\/2023\/09\/05\/dirigente-indigena-afirma-que-a-diario-ve-morir-a-su-gente-por-contaminacion\/","og_locale":"es_ES","og_type":"article","og_title":"Dirigente ind\u00edgena afirma que a diario ve morir a su gente por contaminaci\u00f3n - El Diario - Bolivia","og_description":"La vicepresidenta de la Confederaci\u00f3n Nacional de Mujeres Ind\u00edgenas de Bolivia (Cnamib), Miriam Pariamo, se quebr\u00f3 en llanto en medio de una conferencia de prensa realizada ayer al contar que a diario ve morir a su gente por diferentes padecimientos producto de la contaminaci\u00f3n minera. \u201cVenimos, desde el 2011, sufriendo una represi\u00f3n por reclamar nuestros [&hellip;]","og_url":"https:\/\/www.eldiario.net\/portal\/2023\/09\/05\/dirigente-indigena-afirma-que-a-diario-ve-morir-a-su-gente-por-contaminacion\/","og_site_name":"El Diario - Bolivia","article_publisher":"https:\/\/www.facebook.com\/eldiario.bolivia\/","article_published_time":"2023-09-05T10:31:05+00:00","og_image":[{"width":600,"height":338,"url":"https:\/\/www.eldiario.net\/portal\/wp-content\/uploads\/2023\/09\/ACCIONES-FOTO.jpg","type":"image\/jpeg"}],"author":"Jeanette","twitter_card":"summary_large_image","twitter_creator":"@eldiario_net","twitter_site":"@eldiario_net","twitter_misc":{"Escrito por":"Jeanette","Tiempo de lectura":"3 minutos"},"schema":{"@context":"https:\/\/schema.org","@graph":[{"@type":"Article","@id":"https:\/\/www.eldiario.net\/portal\/2023\/09\/05\/dirigente-indigena-afirma-que-a-diario-ve-morir-a-su-gente-por-contaminacion\/#article","isPartOf":{"@id":"https:\/\/www.eldiario.net\/portal\/2023\/09\/05\/dirigente-indigena-afirma-que-a-diario-ve-morir-a-su-gente-por-contaminacion\/"},"author":{"name":"Jeanette","@id":"https:\/\/www.eldiario.net\/portal\/#\/schema\/person\/2c57cf2b7a7ae032e449e4c9b1019eac"},"headline":"Dirigente ind\u00edgena afirma que a diario ve morir a su gente por contaminaci\u00f3n","datePublished":"2023-09-05T10:31:05+00:00","mainEntityOfPage":{"@id":"https:\/\/www.eldiario.net\/portal\/2023\/09\/05\/dirigente-indigena-afirma-que-a-diario-ve-morir-a-su-gente-por-contaminacion\/"},"wordCount":639,"publisher":{"@id":"https:\/\/www.eldiario.net\/portal\/#organization"},"image":{"@id":"https:\/\/www.eldiario.net\/portal\/2023\/09\/05\/dirigente-indigena-afirma-que-a-diario-ve-morir-a-su-gente-por-contaminacion\/#primaryimage"},"thumbnailUrl":"https:\/\/www.eldiario.net\/portal\/wp-content\/uploads\/2023\/09\/ACCIONES-FOTO.jpg","articleSection":["Principal"],"inLanguage":"es"},{"@type":"WebPage","@id":"https:\/\/www.eldiario.net\/portal\/2023\/09\/05\/dirigente-indigena-afirma-que-a-diario-ve-morir-a-su-gente-por-contaminacion\/","url":"https:\/\/www.eldiario.net\/portal\/2023\/09\/05\/dirigente-indigena-afirma-que-a-diario-ve-morir-a-su-gente-por-contaminacion\/","name":"Dirigente ind\u00edgena afirma que a diario ve morir a su gente por contaminaci\u00f3n - El Diario - Bolivia","isPartOf":{"@id":"https:\/\/www.eldiario.net\/portal\/#website"},"primaryImageOfPage":{"@id":"https:\/\/www.eldiario.net\/portal\/2023\/09\/05\/dirigente-indigena-afirma-que-a-diario-ve-morir-a-su-gente-por-contaminacion\/#primaryimage"},"image":{"@id":"https:\/\/www.eldiario.net\/portal\/2023\/09\/05\/dirigente-indigena-afirma-que-a-diario-ve-morir-a-su-gente-por-contaminacion\/#primaryimage"},"thumbnailUrl":"https:\/\/www.eldiario.net\/portal\/wp-content\/uploads\/2023\/09\/ACCIONES-FOTO.jpg","datePublished":"2023-09-05T10:31:05+00:00","breadcrumb":{"@id":"https:\/\/www.eldiario.net\/portal\/2023\/09\/05\/dirigente-indigena-afirma-que-a-diario-ve-morir-a-su-gente-por-contaminacion\/#breadcrumb"},"inLanguage":"es","potentialAction":[{"@type":"ReadAction","target":["https:\/\/www.eldiario.net\/portal\/2023\/09\/05\/dirigente-indigena-afirma-que-a-diario-ve-morir-a-su-gente-por-contaminacion\/"]}]},{"@type":"ImageObject","inLanguage":"es","@id":"https:\/\/www.eldiario.net\/portal\/2023\/09\/05\/dirigente-indigena-afirma-que-a-diario-ve-morir-a-su-gente-por-contaminacion\/#primaryimage","url":"https:\/\/www.eldiario.net\/portal\/wp-content\/uploads\/2023\/09\/ACCIONES-FOTO.jpg","contentUrl":"https:\/\/www.eldiario.net\/portal\/wp-content\/uploads\/2023\/09\/ACCIONES-FOTO.jpg","width":600,"height":338,"caption":"La vicepresidenta de la Confederaci\u00f3n Nacional de Mujeres Ind\u00edgenas de Bolivia (Cnamib), Miriam Pariamo. Foto: ANF"},{"@type":"BreadcrumbList","@id":"https:\/\/www.eldiario.net\/portal\/2023\/09\/05\/dirigente-indigena-afirma-que-a-diario-ve-morir-a-su-gente-por-contaminacion\/#breadcrumb","itemListElement":[{"@type":"ListItem","position":1,"name":"Portada","item":"https:\/\/www.eldiario.net\/portal\/"},{"@type":"ListItem","position":2,"name":"Dirigente ind\u00edgena afirma que a diario ve morir a su gente por contaminaci\u00f3n"}]},{"@type":"WebSite","@id":"https:\/\/www.eldiario.net\/portal\/#website","url":"https:\/\/www.eldiario.net\/portal\/","name":"El Diario - Decano de la prensa nacional","description":"El Diario - Decano de la prensa nacional","publisher":{"@id":"https:\/\/www.eldiario.net\/portal\/#organization"},"potentialAction":[{"@type":"SearchAction","target":{"@type":"EntryPoint","urlTemplate":"https:\/\/www.eldiario.net\/portal\/?s={search_term_string}"},"query-input":{"@type":"PropertyValueSpecification","valueRequired":true,"valueName":"search_term_string"}}],"inLanguage":"es"},{"@type":"Organization","@id":"https:\/\/www.eldiario.net\/portal\/#organization","name":"El Diario - Decano de la prensa nacional","url":"https:\/\/www.eldiario.net\/portal\/","logo":{"@type":"ImageObject","inLanguage":"es","@id":"https:\/\/www.eldiario.net\/portal\/#\/schema\/logo\/image\/","url":"https:\/\/www.eldiario.net\/portal\/wp-content\/uploads\/2023\/07\/logo_ED.jpg","contentUrl":"https:\/\/www.eldiario.net\/portal\/wp-content\/uploads\/2023\/07\/logo_ED.jpg","width":272,"height":52,"caption":"El Diario - Decano de la prensa nacional"},"image":{"@id":"https:\/\/www.eldiario.net\/portal\/#\/schema\/logo\/image\/"},"sameAs":["https:\/\/www.facebook.com\/eldiario.bolivia\/","https:\/\/x.com\/eldiario_net"]},{"@type":"Person","@id":"https:\/\/www.eldiario.net\/portal\/#\/schema\/person\/2c57cf2b7a7ae032e449e4c9b1019eac","name":"Jeanette","image":{"@type":"ImageObject","inLanguage":"es","@id":"https:\/\/secure.gravatar.com\/avatar\/3ea2118a5f7dad2b7138b1187a6b7ee55f160b9968b66013c3a3ef39dd7e5798?s=96&d=mm&r=g","url":"https:\/\/secure.gravatar.com\/avatar\/3ea2118a5f7dad2b7138b1187a6b7ee55f160b9968b66013c3a3ef39dd7e5798?s=96&d=mm&r=g","contentUrl":"https:\/\/secure.gravatar.com\/avatar\/3ea2118a5f7dad2b7138b1187a6b7ee55f160b9968b66013c3a3ef39dd7e5798?s=96&d=mm&r=g","caption":"Jeanette"},"sameAs":["https:\/\/www.eldiario.net\/portal"],"url":"https:\/\/www.eldiario.net\/portal\/author\/jeanette\/"}]}},"_links":{"self":[{"href":"https:\/\/www.eldiario.net\/portal\/wp-json\/wp\/v2\/posts\/174877","targetHints":{"allow":["GET"]}}],"collection":[{"href":"https:\/\/www.eldiario.net\/portal\/wp-json\/wp\/v2\/posts"}],"about":[{"href":"https:\/\/www.eldiario.net\/portal\/wp-json\/wp\/v2\/types\/post"}],"author":[{"embeddable":true,"href":"https:\/\/www.eldiario.net\/portal\/wp-json\/wp\/v2\/users\/1"}],"replies":[{"embeddable":true,"href":"https:\/\/www.eldiario.net\/portal\/wp-json\/wp\/v2\/comments?post=174877"}],"version-history":[{"count":0,"href":"https:\/\/www.eldiario.net\/portal\/wp-json\/wp\/v2\/posts\/174877\/revisions"}],"wp:featuredmedia":[{"embeddable":true,"href":"https:\/\/www.eldiario.net\/portal\/wp-json\/wp\/v2\/media\/174878"}],"wp:attachment":[{"href":"https:\/\/www.eldiario.net\/portal\/wp-json\/wp\/v2\/media?parent=174877"}],"wp:term":[{"taxonomy":"category","embeddable":true,"href":"https:\/\/www.eldiario.net\/portal\/wp-json\/wp\/v2\/categories?post=174877"},{"taxonomy":"post_tag","embeddable":true,"href":"https:\/\/www.eldiario.net\/portal\/wp-json\/wp\/v2\/tags?post=174877"}],"curies":[{"name":"wp","href":"https:\/\/api.w.org\/{rel}","templated":true}]}}