{"id":174874,"date":"2023-09-05T06:29:59","date_gmt":"2023-09-05T10:29:59","guid":{"rendered":"https:\/\/www.eldiario.net\/portal\/?p=174874"},"modified":"2023-09-05T06:29:59","modified_gmt":"2023-09-05T10:29:59","slug":"identifican-tres-factores-que-generan-inseguridad-juridica","status":"publish","type":"post","link":"https:\/\/www.eldiario.net\/portal\/2023\/09\/05\/identifican-tres-factores-que-generan-inseguridad-juridica\/","title":{"rendered":"Identifican tres factores que generan inseguridad jur\u00eddica"},"content":{"rendered":"<p>Los avasallamientos, los bloqueos constantes y el plazo de dos a\u00f1os para la verificaci\u00f3n de la Funci\u00f3n Econ\u00f3mica y Social (FES), son los principales temas que generan inseguridad jur\u00eddica en el pa\u00eds, asegura la Asociaci\u00f3n Nacional de Productores de Oleaginosas (Anapo).<\/p>\n<p>El gerente general de la organizaci\u00f3n, Jaime Hern\u00e1ndez, asegur\u00f3 que el tema de la \u201cinseguridad jur\u00eddica\u201d es una preocupaci\u00f3n y que est\u00e1 en la agenda de di\u00e1logo con el Gobierno central. \u201cPara nosotros es importante que se brinde seguridad jur\u00eddica para las tierras productivas porque eso significa garantizar las inversiones para producir alimentos\u201d, declar\u00f3 a la ANF.<\/p>\n<p>Los productores est\u00e1n reunidos en el V Congreso Internacional de la Soya (4 y 5 de septiembre), un espacio en el que discuten sobre tecnolog\u00edas, sistemas de producci\u00f3n bajo siembra, agricultura, siembra y cosecha de la soya, entre muchos otros temas.<\/p>\n<p>Hern\u00e1ndez precis\u00f3 que uno de los problemas permanentes son los \u201cavasallamientos\u201d que en muchos casos no tienen una soluci\u00f3n, no obstante, el presidente del Estado, Luis Arce, asumi\u00f3 el compromiso de que no se iban a permitir los avasallamientos, sin embargo, esa posici\u00f3n debe estar acompa\u00f1ada de acciones, coment\u00f3.<\/p>\n<p>\u201cEso genera inseguridad jur\u00eddica entre los productores para seguir haciendo inversiones y aumentar la producci\u00f3n\u201d, manifest\u00f3 el gerente general, al pedir que los otros organismos del Estado tambi\u00e9n asuman acciones para poner un alto a los avasallamientos.<\/p>\n<p>Por otra parte, Anapo considera que el periodo de dos a\u00f1os para la verificaci\u00f3n de la Funci\u00f3n Econ\u00f3mica Social (FES) \u201ces muy corto y perjudicial\u201d, aunque de manera excepcional se ampli\u00f3 por cinco a\u00f1os, pero esa medida no ha sido permanente.<\/p>\n<p>\u201cEs muy poco tiempo, no es que no se haga, pero que sea en un tiempo prudente (\u2026) que sea cada siete a\u00f1os por lo menos para la verificaci\u00f3n de la FES\u201d, sostuvo.<\/p>\n<p>Los bloqueos de las organizaciones sociales que se realizan de manera permanente por diferentes razones, tambi\u00e9n es un factor que genera inseguridad jur\u00eddica para los productores apunta Hern\u00e1ndez.<\/p>\n<p>\u201cLos productores de Santa Cruz creemos que ya no pueden existir m\u00e1s bloqueos en el pa\u00eds porque est\u00e1 generando un problema enorme a todo el sector productivo. El pa\u00eds lo que necesita es producir para poder tener una reactivaci\u00f3n econ\u00f3mica que beneficiar\u00e1 a todos los bolivianos\u201d, afirm\u00f3.<\/p>\n<p>Exhort\u00f3 a que los diferentes niveles de Gobierno extremen sus esfuerzos para solucionar los problemas a trav\u00e9s del di\u00e1logo, de esa manera evitar estas medidas de presi\u00f3n que solo perjudican a la poblaci\u00f3n.<\/p>\n<p>Por su parte, el vicepresidente de la Anapo, Richard Paz, manifest\u00f3 que la problem\u00e1tica social del pa\u00eds es perjudicial, \u201cEsperemos que la dirigencia, de los movimientos sociales, pueda entender que el perjuicio no es para los productores y empresas, sino que se afecta a la poblaci\u00f3n y eso perjudica la capacidad productiva.<\/p>\n<p>En esa misma l\u00ednea apunt\u00f3 el primer vicepresidente de la C\u00e1mara Agropecuaria del Oriente (CAO), Freddy Garc\u00eda, en su discurso en la inauguraci\u00f3n del evento, precis\u00f3 que los productores necesitan condiciones para seguir trabajando e invirtiendo, demando no solo seguridad jur\u00eddica, sino que \u201cse acaben os bloqueos\u201d.<\/p>\n<p>Aunque el tema no es parte del V Congreso, evento que se retom\u00f3 despu\u00e9s de tres a\u00f1os, es un tema que forma parte de la agenda con el Gobierno central, pues es una demanda permanente del sector productivo.<\/p>\n<p>CONGRESO<\/p>\n<p>En el V Congreso de la Anapo participan 600 personas se diferentes sectores productivos. En el evento participan expositores nacionales e internacionales, entre los que se encuentran: Joao Carlos Moraes, Rafael Moreira, Marcela Marini (Brasil), Fernando Oscar Garc\u00eda, Ricardo Mart\u00ednez, Juan Carlos Papa, Eduardo Mario Sierra y Mart\u00edn Mariani (Argentina), Alan McCracken (EEUU), Stella Mary Candia (Paraguay).<\/p>\n<p>Paz manifest\u00f3 que Anapo realiz\u00f3 un esfuerzo para invitar a expositores internacionales para ofrecer capacitaciones en temas importantes que sirvan a los t\u00e9cnicos en el manejo de suelos para una agricultura sostenible y aumentar la capacidad productiva, especialmente de la soya. (Santa Cruz, ANF)<\/p>\n","protected":false},"excerpt":{"rendered":"<p>Los avasallamientos, los bloqueos constantes y el plazo de dos a\u00f1os para la verificaci\u00f3n de la Funci\u00f3n Econ\u00f3mica y Social (FES), son los principales temas que generan inseguridad jur\u00eddica en el pa\u00eds, asegura la Asociaci\u00f3n Nacional de Productores de Oleaginosas (Anapo). El gerente general de la organizaci\u00f3n, Jaime Hern\u00e1ndez, asegur\u00f3 que el tema de la [&hellip;]<\/p>\n","protected":false},"author":1,"featured_media":174875,"comment_status":"closed","ping_status":"open","sticky":false,"template":"","format":"standard","meta":{"_acf_changed":false,"footnotes":""},"categories":[15],"tags":[],"class_list":["post-174874","post","type-post","status-publish","format-standard","has-post-thumbnail","category-portada"],"acf":{"antetitulo":""},"yoast_head":"<!-- This site is optimized with the Yoast SEO plugin v28.4 - https:\/\/yoast.com\/product\/yoast-seo-wordpress\/ -->\n<title>Identifican tres factores que generan inseguridad jur\u00eddica - El Diario - Bolivia<\/title>\n<meta name=\"robots\" content=\"index, follow, max-snippet:-1, max-image-preview:large, max-video-preview:-1\" \/>\n<link rel=\"canonical\" href=\"https:\/\/www.eldiario.net\/portal\/2023\/09\/05\/identifican-tres-factores-que-generan-inseguridad-juridica\/\" \/>\n<meta property=\"og:locale\" content=\"es_ES\" \/>\n<meta property=\"og:type\" content=\"article\" \/>\n<meta property=\"og:title\" content=\"Identifican tres factores que generan inseguridad jur\u00eddica - El Diario - Bolivia\" \/>\n<meta property=\"og:description\" content=\"Los avasallamientos, los bloqueos constantes y el plazo de dos a\u00f1os para la verificaci\u00f3n de la Funci\u00f3n Econ\u00f3mica y Social (FES), son los principales temas que generan inseguridad jur\u00eddica en el pa\u00eds, asegura la Asociaci\u00f3n Nacional de Productores de Oleaginosas (Anapo). El gerente general de la organizaci\u00f3n, Jaime Hern\u00e1ndez, asegur\u00f3 que el tema de la [&hellip;]\" \/>\n<meta property=\"og:url\" content=\"https:\/\/www.eldiario.net\/portal\/2023\/09\/05\/identifican-tres-factores-que-generan-inseguridad-juridica\/\" \/>\n<meta property=\"og:site_name\" content=\"El Diario - Bolivia\" \/>\n<meta property=\"article:publisher\" content=\"https:\/\/www.facebook.com\/eldiario.bolivia\/\" \/>\n<meta property=\"article:published_time\" content=\"2023-09-05T10:29:59+00:00\" \/>\n<meta property=\"og:image\" content=\"https:\/\/www.eldiario.net\/portal\/wp-content\/uploads\/2023\/09\/FACTORES-FOTO.jpg\" \/>\n\t<meta property=\"og:image:width\" content=\"600\" \/>\n\t<meta property=\"og:image:height\" content=\"338\" \/>\n\t<meta property=\"og:image:type\" content=\"image\/jpeg\" \/>\n<meta name=\"author\" content=\"Jeanette\" \/>\n<meta name=\"twitter:card\" content=\"summary_large_image\" \/>\n<meta name=\"twitter:creator\" content=\"@eldiario_net\" \/>\n<meta name=\"twitter:site\" content=\"@eldiario_net\" \/>\n<meta name=\"twitter:label1\" content=\"Escrito por\" \/>\n\t<meta name=\"twitter:data1\" content=\"Jeanette\" \/>\n\t<meta name=\"twitter:label2\" content=\"Tiempo de lectura\" \/>\n\t<meta name=\"twitter:data2\" content=\"3 minutos\" \/>\n<script type=\"application\/ld+json\" class=\"yoast-schema-graph\">{\"@context\":\"https:\\\/\\\/schema.org\",\"@graph\":[{\"@type\":\"Article\",\"@id\":\"https:\\\/\\\/www.eldiario.net\\\/portal\\\/2023\\\/09\\\/05\\\/identifican-tres-factores-que-generan-inseguridad-juridica\\\/#article\",\"isPartOf\":{\"@id\":\"https:\\\/\\\/www.eldiario.net\\\/portal\\\/2023\\\/09\\\/05\\\/identifican-tres-factores-que-generan-inseguridad-juridica\\\/\"},\"author\":{\"name\":\"Jeanette\",\"@id\":\"https:\\\/\\\/www.eldiario.net\\\/portal\\\/#\\\/schema\\\/person\\\/f46445640444750d7d753ccd04ae01b7\"},\"headline\":\"Identifican tres factores que generan inseguridad jur\u00eddica\",\"datePublished\":\"2023-09-05T10:29:59+00:00\",\"mainEntityOfPage\":{\"@id\":\"https:\\\/\\\/www.eldiario.net\\\/portal\\\/2023\\\/09\\\/05\\\/identifican-tres-factores-que-generan-inseguridad-juridica\\\/\"},\"wordCount\":706,\"publisher\":{\"@id\":\"https:\\\/\\\/www.eldiario.net\\\/portal\\\/#organization\"},\"image\":{\"@id\":\"https:\\\/\\\/www.eldiario.net\\\/portal\\\/2023\\\/09\\\/05\\\/identifican-tres-factores-que-generan-inseguridad-juridica\\\/#primaryimage\"},\"thumbnailUrl\":\"https:\\\/\\\/www.eldiario.net\\\/portal\\\/wp-content\\\/uploads\\\/2023\\\/09\\\/FACTORES-FOTO.jpg\",\"articleSection\":[\"Portada\"],\"inLanguage\":\"es\"},{\"@type\":\"WebPage\",\"@id\":\"https:\\\/\\\/www.eldiario.net\\\/portal\\\/2023\\\/09\\\/05\\\/identifican-tres-factores-que-generan-inseguridad-juridica\\\/\",\"url\":\"https:\\\/\\\/www.eldiario.net\\\/portal\\\/2023\\\/09\\\/05\\\/identifican-tres-factores-que-generan-inseguridad-juridica\\\/\",\"name\":\"Identifican tres factores que generan inseguridad jur\u00eddica - El Diario - Bolivia\",\"isPartOf\":{\"@id\":\"https:\\\/\\\/www.eldiario.net\\\/portal\\\/#website\"},\"primaryImageOfPage\":{\"@id\":\"https:\\\/\\\/www.eldiario.net\\\/portal\\\/2023\\\/09\\\/05\\\/identifican-tres-factores-que-generan-inseguridad-juridica\\\/#primaryimage\"},\"image\":{\"@id\":\"https:\\\/\\\/www.eldiario.net\\\/portal\\\/2023\\\/09\\\/05\\\/identifican-tres-factores-que-generan-inseguridad-juridica\\\/#primaryimage\"},\"thumbnailUrl\":\"https:\\\/\\\/www.eldiario.net\\\/portal\\\/wp-content\\\/uploads\\\/2023\\\/09\\\/FACTORES-FOTO.jpg\",\"datePublished\":\"2023-09-05T10:29:59+00:00\",\"breadcrumb\":{\"@id\":\"https:\\\/\\\/www.eldiario.net\\\/portal\\\/2023\\\/09\\\/05\\\/identifican-tres-factores-que-generan-inseguridad-juridica\\\/#breadcrumb\"},\"inLanguage\":\"es\",\"potentialAction\":[{\"@type\":\"ReadAction\",\"target\":[\"https:\\\/\\\/www.eldiario.net\\\/portal\\\/2023\\\/09\\\/05\\\/identifican-tres-factores-que-generan-inseguridad-juridica\\\/\"]}]},{\"@type\":\"ImageObject\",\"inLanguage\":\"es\",\"@id\":\"https:\\\/\\\/www.eldiario.net\\\/portal\\\/2023\\\/09\\\/05\\\/identifican-tres-factores-que-generan-inseguridad-juridica\\\/#primaryimage\",\"url\":\"https:\\\/\\\/www.eldiario.net\\\/portal\\\/wp-content\\\/uploads\\\/2023\\\/09\\\/FACTORES-FOTO.jpg\",\"contentUrl\":\"https:\\\/\\\/www.eldiario.net\\\/portal\\\/wp-content\\\/uploads\\\/2023\\\/09\\\/FACTORES-FOTO.jpg\",\"width\":600,\"height\":338,\"caption\":\"Quinto Congreso Internacional de la Anapo. Foto: ANF\"},{\"@type\":\"BreadcrumbList\",\"@id\":\"https:\\\/\\\/www.eldiario.net\\\/portal\\\/2023\\\/09\\\/05\\\/identifican-tres-factores-que-generan-inseguridad-juridica\\\/#breadcrumb\",\"itemListElement\":[{\"@type\":\"ListItem\",\"position\":1,\"name\":\"Portada\",\"item\":\"https:\\\/\\\/www.eldiario.net\\\/portal\\\/\"},{\"@type\":\"ListItem\",\"position\":2,\"name\":\"Identifican tres factores que generan inseguridad jur\u00eddica\"}]},{\"@type\":\"WebSite\",\"@id\":\"https:\\\/\\\/www.eldiario.net\\\/portal\\\/#website\",\"url\":\"https:\\\/\\\/www.eldiario.net\\\/portal\\\/\",\"name\":\"El Diario - Decano de la prensa nacional\",\"description\":\"El Diario - Decano de la prensa nacional\",\"publisher\":{\"@id\":\"https:\\\/\\\/www.eldiario.net\\\/portal\\\/#organization\"},\"potentialAction\":[{\"@type\":\"SearchAction\",\"target\":{\"@type\":\"EntryPoint\",\"urlTemplate\":\"https:\\\/\\\/www.eldiario.net\\\/portal\\\/?s={search_term_string}\"},\"query-input\":{\"@type\":\"PropertyValueSpecification\",\"valueRequired\":true,\"valueName\":\"search_term_string\"}}],\"inLanguage\":\"es\"},{\"@type\":\"Organization\",\"@id\":\"https:\\\/\\\/www.eldiario.net\\\/portal\\\/#organization\",\"name\":\"El Diario - Decano de la prensa nacional\",\"url\":\"https:\\\/\\\/www.eldiario.net\\\/portal\\\/\",\"logo\":{\"@type\":\"ImageObject\",\"inLanguage\":\"es\",\"@id\":\"https:\\\/\\\/www.eldiario.net\\\/portal\\\/#\\\/schema\\\/logo\\\/image\\\/\",\"url\":\"https:\\\/\\\/www.eldiario.net\\\/portal\\\/wp-content\\\/uploads\\\/2023\\\/07\\\/logo_ED.jpg\",\"contentUrl\":\"https:\\\/\\\/www.eldiario.net\\\/portal\\\/wp-content\\\/uploads\\\/2023\\\/07\\\/logo_ED.jpg\",\"width\":272,\"height\":52,\"caption\":\"El Diario - Decano de la prensa nacional\"},\"image\":{\"@id\":\"https:\\\/\\\/www.eldiario.net\\\/portal\\\/#\\\/schema\\\/logo\\\/image\\\/\"},\"sameAs\":[\"https:\\\/\\\/www.facebook.com\\\/eldiario.bolivia\\\/\",\"https:\\\/\\\/x.com\\\/eldiario_net\"]},{\"@type\":\"Person\",\"@id\":\"https:\\\/\\\/www.eldiario.net\\\/portal\\\/#\\\/schema\\\/person\\\/f46445640444750d7d753ccd04ae01b7\",\"name\":\"Jeanette\",\"image\":{\"@type\":\"ImageObject\",\"inLanguage\":\"es\",\"@id\":\"https:\\\/\\\/secure.gravatar.com\\\/avatar\\\/3ea2118a5f7dad2b7138b1187a6b7ee55f160b9968b66013c3a3ef39dd7e5798?s=96&d=mm&r=g\",\"url\":\"https:\\\/\\\/secure.gravatar.com\\\/avatar\\\/3ea2118a5f7dad2b7138b1187a6b7ee55f160b9968b66013c3a3ef39dd7e5798?s=96&d=mm&r=g\",\"contentUrl\":\"https:\\\/\\\/secure.gravatar.com\\\/avatar\\\/3ea2118a5f7dad2b7138b1187a6b7ee55f160b9968b66013c3a3ef39dd7e5798?s=96&d=mm&r=g\",\"caption\":\"Jeanette\"},\"sameAs\":[\"https:\\\/\\\/www.eldiario.net\\\/portal\"],\"url\":\"https:\\\/\\\/www.eldiario.net\\\/portal\\\/author\\\/jeanette\\\/\"}]}<\/script>\n<!-- \/ Yoast SEO plugin. -->","yoast_head_json":{"title":"Identifican tres factores que generan inseguridad jur\u00eddica - El Diario - Bolivia","robots":{"index":"index","follow":"follow","max-snippet":"max-snippet:-1","max-image-preview":"max-image-preview:large","max-video-preview":"max-video-preview:-1"},"canonical":"https:\/\/www.eldiario.net\/portal\/2023\/09\/05\/identifican-tres-factores-que-generan-inseguridad-juridica\/","og_locale":"es_ES","og_type":"article","og_title":"Identifican tres factores que generan inseguridad jur\u00eddica - El Diario - Bolivia","og_description":"Los avasallamientos, los bloqueos constantes y el plazo de dos a\u00f1os para la verificaci\u00f3n de la Funci\u00f3n Econ\u00f3mica y Social (FES), son los principales temas que generan inseguridad jur\u00eddica en el pa\u00eds, asegura la Asociaci\u00f3n Nacional de Productores de Oleaginosas (Anapo). El gerente general de la organizaci\u00f3n, Jaime Hern\u00e1ndez, asegur\u00f3 que el tema de la [&hellip;]","og_url":"https:\/\/www.eldiario.net\/portal\/2023\/09\/05\/identifican-tres-factores-que-generan-inseguridad-juridica\/","og_site_name":"El Diario - Bolivia","article_publisher":"https:\/\/www.facebook.com\/eldiario.bolivia\/","article_published_time":"2023-09-05T10:29:59+00:00","og_image":[{"width":600,"height":338,"url":"https:\/\/www.eldiario.net\/portal\/wp-content\/uploads\/2023\/09\/FACTORES-FOTO.jpg","type":"image\/jpeg"}],"author":"Jeanette","twitter_card":"summary_large_image","twitter_creator":"@eldiario_net","twitter_site":"@eldiario_net","twitter_misc":{"Escrito por":"Jeanette","Tiempo de lectura":"3 minutos"},"schema":{"@context":"https:\/\/schema.org","@graph":[{"@type":"Article","@id":"https:\/\/www.eldiario.net\/portal\/2023\/09\/05\/identifican-tres-factores-que-generan-inseguridad-juridica\/#article","isPartOf":{"@id":"https:\/\/www.eldiario.net\/portal\/2023\/09\/05\/identifican-tres-factores-que-generan-inseguridad-juridica\/"},"author":{"name":"Jeanette","@id":"https:\/\/www.eldiario.net\/portal\/#\/schema\/person\/f46445640444750d7d753ccd04ae01b7"},"headline":"Identifican tres factores que generan inseguridad jur\u00eddica","datePublished":"2023-09-05T10:29:59+00:00","mainEntityOfPage":{"@id":"https:\/\/www.eldiario.net\/portal\/2023\/09\/05\/identifican-tres-factores-que-generan-inseguridad-juridica\/"},"wordCount":706,"publisher":{"@id":"https:\/\/www.eldiario.net\/portal\/#organization"},"image":{"@id":"https:\/\/www.eldiario.net\/portal\/2023\/09\/05\/identifican-tres-factores-que-generan-inseguridad-juridica\/#primaryimage"},"thumbnailUrl":"https:\/\/www.eldiario.net\/portal\/wp-content\/uploads\/2023\/09\/FACTORES-FOTO.jpg","articleSection":["Portada"],"inLanguage":"es"},{"@type":"WebPage","@id":"https:\/\/www.eldiario.net\/portal\/2023\/09\/05\/identifican-tres-factores-que-generan-inseguridad-juridica\/","url":"https:\/\/www.eldiario.net\/portal\/2023\/09\/05\/identifican-tres-factores-que-generan-inseguridad-juridica\/","name":"Identifican tres factores que generan inseguridad jur\u00eddica - El Diario - Bolivia","isPartOf":{"@id":"https:\/\/www.eldiario.net\/portal\/#website"},"primaryImageOfPage":{"@id":"https:\/\/www.eldiario.net\/portal\/2023\/09\/05\/identifican-tres-factores-que-generan-inseguridad-juridica\/#primaryimage"},"image":{"@id":"https:\/\/www.eldiario.net\/portal\/2023\/09\/05\/identifican-tres-factores-que-generan-inseguridad-juridica\/#primaryimage"},"thumbnailUrl":"https:\/\/www.eldiario.net\/portal\/wp-content\/uploads\/2023\/09\/FACTORES-FOTO.jpg","datePublished":"2023-09-05T10:29:59+00:00","breadcrumb":{"@id":"https:\/\/www.eldiario.net\/portal\/2023\/09\/05\/identifican-tres-factores-que-generan-inseguridad-juridica\/#breadcrumb"},"inLanguage":"es","potentialAction":[{"@type":"ReadAction","target":["https:\/\/www.eldiario.net\/portal\/2023\/09\/05\/identifican-tres-factores-que-generan-inseguridad-juridica\/"]}]},{"@type":"ImageObject","inLanguage":"es","@id":"https:\/\/www.eldiario.net\/portal\/2023\/09\/05\/identifican-tres-factores-que-generan-inseguridad-juridica\/#primaryimage","url":"https:\/\/www.eldiario.net\/portal\/wp-content\/uploads\/2023\/09\/FACTORES-FOTO.jpg","contentUrl":"https:\/\/www.eldiario.net\/portal\/wp-content\/uploads\/2023\/09\/FACTORES-FOTO.jpg","width":600,"height":338,"caption":"Quinto Congreso Internacional de la Anapo. Foto: ANF"},{"@type":"BreadcrumbList","@id":"https:\/\/www.eldiario.net\/portal\/2023\/09\/05\/identifican-tres-factores-que-generan-inseguridad-juridica\/#breadcrumb","itemListElement":[{"@type":"ListItem","position":1,"name":"Portada","item":"https:\/\/www.eldiario.net\/portal\/"},{"@type":"ListItem","position":2,"name":"Identifican tres factores que generan inseguridad jur\u00eddica"}]},{"@type":"WebSite","@id":"https:\/\/www.eldiario.net\/portal\/#website","url":"https:\/\/www.eldiario.net\/portal\/","name":"El Diario - Decano de la prensa nacional","description":"El Diario - Decano de la prensa nacional","publisher":{"@id":"https:\/\/www.eldiario.net\/portal\/#organization"},"potentialAction":[{"@type":"SearchAction","target":{"@type":"EntryPoint","urlTemplate":"https:\/\/www.eldiario.net\/portal\/?s={search_term_string}"},"query-input":{"@type":"PropertyValueSpecification","valueRequired":true,"valueName":"search_term_string"}}],"inLanguage":"es"},{"@type":"Organization","@id":"https:\/\/www.eldiario.net\/portal\/#organization","name":"El Diario - Decano de la prensa nacional","url":"https:\/\/www.eldiario.net\/portal\/","logo":{"@type":"ImageObject","inLanguage":"es","@id":"https:\/\/www.eldiario.net\/portal\/#\/schema\/logo\/image\/","url":"https:\/\/www.eldiario.net\/portal\/wp-content\/uploads\/2023\/07\/logo_ED.jpg","contentUrl":"https:\/\/www.eldiario.net\/portal\/wp-content\/uploads\/2023\/07\/logo_ED.jpg","width":272,"height":52,"caption":"El Diario - Decano de la prensa nacional"},"image":{"@id":"https:\/\/www.eldiario.net\/portal\/#\/schema\/logo\/image\/"},"sameAs":["https:\/\/www.facebook.com\/eldiario.bolivia\/","https:\/\/x.com\/eldiario_net"]},{"@type":"Person","@id":"https:\/\/www.eldiario.net\/portal\/#\/schema\/person\/f46445640444750d7d753ccd04ae01b7","name":"Jeanette","image":{"@type":"ImageObject","inLanguage":"es","@id":"https:\/\/secure.gravatar.com\/avatar\/3ea2118a5f7dad2b7138b1187a6b7ee55f160b9968b66013c3a3ef39dd7e5798?s=96&d=mm&r=g","url":"https:\/\/secure.gravatar.com\/avatar\/3ea2118a5f7dad2b7138b1187a6b7ee55f160b9968b66013c3a3ef39dd7e5798?s=96&d=mm&r=g","contentUrl":"https:\/\/secure.gravatar.com\/avatar\/3ea2118a5f7dad2b7138b1187a6b7ee55f160b9968b66013c3a3ef39dd7e5798?s=96&d=mm&r=g","caption":"Jeanette"},"sameAs":["https:\/\/www.eldiario.net\/portal"],"url":"https:\/\/www.eldiario.net\/portal\/author\/jeanette\/"}]}},"_links":{"self":[{"href":"https:\/\/www.eldiario.net\/portal\/wp-json\/wp\/v2\/posts\/174874","targetHints":{"allow":["GET"]}}],"collection":[{"href":"https:\/\/www.eldiario.net\/portal\/wp-json\/wp\/v2\/posts"}],"about":[{"href":"https:\/\/www.eldiario.net\/portal\/wp-json\/wp\/v2\/types\/post"}],"author":[{"embeddable":true,"href":"https:\/\/www.eldiario.net\/portal\/wp-json\/wp\/v2\/users\/1"}],"replies":[{"embeddable":true,"href":"https:\/\/www.eldiario.net\/portal\/wp-json\/wp\/v2\/comments?post=174874"}],"version-history":[{"count":0,"href":"https:\/\/www.eldiario.net\/portal\/wp-json\/wp\/v2\/posts\/174874\/revisions"}],"wp:featuredmedia":[{"embeddable":true,"href":"https:\/\/www.eldiario.net\/portal\/wp-json\/wp\/v2\/media\/174875"}],"wp:attachment":[{"href":"https:\/\/www.eldiario.net\/portal\/wp-json\/wp\/v2\/media?parent=174874"}],"wp:term":[{"taxonomy":"category","embeddable":true,"href":"https:\/\/www.eldiario.net\/portal\/wp-json\/wp\/v2\/categories?post=174874"},{"taxonomy":"post_tag","embeddable":true,"href":"https:\/\/www.eldiario.net\/portal\/wp-json\/wp\/v2\/tags?post=174874"}],"curies":[{"name":"wp","href":"https:\/\/api.w.org\/{rel}","templated":true}]}}