{"id":174871,"date":"2023-09-05T06:29:08","date_gmt":"2023-09-05T10:29:08","guid":{"rendered":"https:\/\/www.eldiario.net\/portal\/?p=174871"},"modified":"2023-09-05T06:29:08","modified_gmt":"2023-09-05T10:29:08","slug":"brasil-oficializa-interes-en-la-compra-de-fertilizantes-bolivianos","status":"publish","type":"post","link":"https:\/\/www.eldiario.net\/portal\/2023\/09\/05\/brasil-oficializa-interes-en-la-compra-de-fertilizantes-bolivianos\/","title":{"rendered":"Brasil oficializa inter\u00e9s en la compra de fertilizantes bolivianos"},"content":{"rendered":"<p>El gobierno de Brasil oficializ\u00f3 su inter\u00e9s en la compra de fertilizantes bolivianos y propone una agenda de entendimiento para invertir en nuevas plantas de producci\u00f3n de urea, cloruro de potasio y NPK, inform\u00f3 ayer el ministro de Hidrocarburos y Energ\u00edas, Franklin Molina Ortiz.<\/p>\n<p>\u201cEl gobierno del presidente In\u00e1cio Lula da Silva, que en enero de este a\u00f1o asumi\u00f3 su tercer mandato, ve en Bolivia el mejor aliado para generar inversiones de nuevas plantas industriales e incluso una petroqu\u00edmica\u201d, manifest\u00f3 la autoridad a la conclusi\u00f3n de la reuni\u00f3n efectuada en su despacho en La Paz.<\/p>\n<p>Como ya se hab\u00eda acordado en un encuentro anterior, en la ciudad de Belem, Brasil, en la que tambi\u00e9n particip\u00f3 el presidente Luis Arce Catacora, Molina recibi\u00f3 a la comitiva integrada por autoridades gubernamentales del pa\u00eds vecino para comenzar la construcci\u00f3n de una agenda conjunta.<\/p>\n<p>En la oportunidad, el viceministro de Agricultura del Brasil, Iraj\u00e1 Lacerda, \u201cexpres\u00f3 el inter\u00e9s de su pa\u00eds de establecer lazos comerciales para la inversi\u00f3n en plantas industriales de fertilizantes y de manera inmediata la compra de la producci\u00f3n de cloruro de potasio, urea y NPK\u201d, asever\u00f3 Molina.<\/p>\n<p>Asimismo, la autoridad explic\u00f3 que Brasil es el pa\u00eds con mayor demanda de fertilizantes del continente, debido a la gran cantidad de tierras productivas que posee y proyecta expandir su agricultura en m\u00e1s de 40 millones de hect\u00e1reas. Este escenario explica la creciente demanda de fertilizantes y su inter\u00e9s de participar en inversiones en nuevas plantas industriales.<\/p>\n<p>Adem\u00e1s, Molina se\u00f1al\u00f3 que la construcci\u00f3n de una agenda de entendimiento tambi\u00e9n prev\u00e9 la posibilidad de un intercambio de experiencias entre ambas naciones para el desarrollo de la industria de los biocombustibles y la producci\u00f3n de etanol y metanol.<\/p>\n","protected":false},"excerpt":{"rendered":"<p>El gobierno de Brasil oficializ\u00f3 su inter\u00e9s en la compra de fertilizantes bolivianos y propone una agenda de entendimiento para invertir en nuevas plantas de producci\u00f3n de urea, cloruro de potasio y NPK, inform\u00f3 ayer el ministro de Hidrocarburos y Energ\u00edas, Franklin Molina Ortiz. \u201cEl gobierno del presidente In\u00e1cio Lula da Silva, que en enero [&hellip;]<\/p>\n","protected":false},"author":1,"featured_media":174872,"comment_status":"closed","ping_status":"open","sticky":false,"template":"","format":"standard","meta":{"_acf_changed":false,"footnotes":""},"categories":[15],"tags":[],"class_list":["post-174871","post","type-post","status-publish","format-standard","has-post-thumbnail","category-portada"],"acf":{"antetitulo":""},"yoast_head":"<!-- This site is optimized with the Yoast SEO plugin v28.4 - https:\/\/yoast.com\/product\/yoast-seo-wordpress\/ -->\n<title>Brasil oficializa inter\u00e9s en la compra de fertilizantes bolivianos - El Diario - Bolivia<\/title>\n<meta name=\"robots\" content=\"index, follow, max-snippet:-1, max-image-preview:large, max-video-preview:-1\" \/>\n<link rel=\"canonical\" href=\"https:\/\/www.eldiario.net\/portal\/2023\/09\/05\/brasil-oficializa-interes-en-la-compra-de-fertilizantes-bolivianos\/\" \/>\n<meta property=\"og:locale\" content=\"es_ES\" \/>\n<meta property=\"og:type\" content=\"article\" \/>\n<meta property=\"og:title\" content=\"Brasil oficializa inter\u00e9s en la compra de fertilizantes bolivianos - El Diario - Bolivia\" \/>\n<meta property=\"og:description\" content=\"El gobierno de Brasil oficializ\u00f3 su inter\u00e9s en la compra de fertilizantes bolivianos y propone una agenda de entendimiento para invertir en nuevas plantas de producci\u00f3n de urea, cloruro de potasio y NPK, inform\u00f3 ayer el ministro de Hidrocarburos y Energ\u00edas, Franklin Molina Ortiz. \u201cEl gobierno del presidente In\u00e1cio Lula da Silva, que en enero [&hellip;]\" \/>\n<meta property=\"og:url\" content=\"https:\/\/www.eldiario.net\/portal\/2023\/09\/05\/brasil-oficializa-interes-en-la-compra-de-fertilizantes-bolivianos\/\" \/>\n<meta property=\"og:site_name\" content=\"El Diario - Bolivia\" \/>\n<meta property=\"article:publisher\" content=\"https:\/\/www.facebook.com\/eldiario.bolivia\/\" \/>\n<meta property=\"article:published_time\" content=\"2023-09-05T10:29:08+00:00\" \/>\n<meta property=\"og:image\" content=\"https:\/\/www.eldiario.net\/portal\/wp-content\/uploads\/2023\/09\/FERTILIZANTES-FOTO.jpg\" \/>\n\t<meta property=\"og:image:width\" content=\"1280\" \/>\n\t<meta property=\"og:image:height\" content=\"896\" \/>\n\t<meta property=\"og:image:type\" content=\"image\/jpeg\" \/>\n<meta name=\"author\" content=\"Jeanette\" \/>\n<meta name=\"twitter:card\" content=\"summary_large_image\" \/>\n<meta name=\"twitter:creator\" content=\"@eldiario_net\" \/>\n<meta name=\"twitter:site\" content=\"@eldiario_net\" \/>\n<meta name=\"twitter:label1\" content=\"Escrito por\" \/>\n\t<meta name=\"twitter:data1\" content=\"Jeanette\" \/>\n\t<meta name=\"twitter:label2\" content=\"Tiempo de lectura\" \/>\n\t<meta name=\"twitter:data2\" content=\"2 minutos\" \/>\n<script type=\"application\/ld+json\" class=\"yoast-schema-graph\">{\"@context\":\"https:\\\/\\\/schema.org\",\"@graph\":[{\"@type\":\"Article\",\"@id\":\"https:\\\/\\\/www.eldiario.net\\\/portal\\\/2023\\\/09\\\/05\\\/brasil-oficializa-interes-en-la-compra-de-fertilizantes-bolivianos\\\/#article\",\"isPartOf\":{\"@id\":\"https:\\\/\\\/www.eldiario.net\\\/portal\\\/2023\\\/09\\\/05\\\/brasil-oficializa-interes-en-la-compra-de-fertilizantes-bolivianos\\\/\"},\"author\":{\"name\":\"Jeanette\",\"@id\":\"https:\\\/\\\/www.eldiario.net\\\/portal\\\/#\\\/schema\\\/person\\\/2c57cf2b7a7ae032e449e4c9b1019eac\"},\"headline\":\"Brasil oficializa inter\u00e9s en la compra de fertilizantes bolivianos\",\"datePublished\":\"2023-09-05T10:29:08+00:00\",\"mainEntityOfPage\":{\"@id\":\"https:\\\/\\\/www.eldiario.net\\\/portal\\\/2023\\\/09\\\/05\\\/brasil-oficializa-interes-en-la-compra-de-fertilizantes-bolivianos\\\/\"},\"wordCount\":317,\"publisher\":{\"@id\":\"https:\\\/\\\/www.eldiario.net\\\/portal\\\/#organization\"},\"image\":{\"@id\":\"https:\\\/\\\/www.eldiario.net\\\/portal\\\/2023\\\/09\\\/05\\\/brasil-oficializa-interes-en-la-compra-de-fertilizantes-bolivianos\\\/#primaryimage\"},\"thumbnailUrl\":\"https:\\\/\\\/www.eldiario.net\\\/portal\\\/wp-content\\\/uploads\\\/2023\\\/09\\\/FERTILIZANTES-FOTO.jpg\",\"articleSection\":[\"Portada\"],\"inLanguage\":\"es\"},{\"@type\":\"WebPage\",\"@id\":\"https:\\\/\\\/www.eldiario.net\\\/portal\\\/2023\\\/09\\\/05\\\/brasil-oficializa-interes-en-la-compra-de-fertilizantes-bolivianos\\\/\",\"url\":\"https:\\\/\\\/www.eldiario.net\\\/portal\\\/2023\\\/09\\\/05\\\/brasil-oficializa-interes-en-la-compra-de-fertilizantes-bolivianos\\\/\",\"name\":\"Brasil oficializa inter\u00e9s en la compra de fertilizantes bolivianos - El Diario - Bolivia\",\"isPartOf\":{\"@id\":\"https:\\\/\\\/www.eldiario.net\\\/portal\\\/#website\"},\"primaryImageOfPage\":{\"@id\":\"https:\\\/\\\/www.eldiario.net\\\/portal\\\/2023\\\/09\\\/05\\\/brasil-oficializa-interes-en-la-compra-de-fertilizantes-bolivianos\\\/#primaryimage\"},\"image\":{\"@id\":\"https:\\\/\\\/www.eldiario.net\\\/portal\\\/2023\\\/09\\\/05\\\/brasil-oficializa-interes-en-la-compra-de-fertilizantes-bolivianos\\\/#primaryimage\"},\"thumbnailUrl\":\"https:\\\/\\\/www.eldiario.net\\\/portal\\\/wp-content\\\/uploads\\\/2023\\\/09\\\/FERTILIZANTES-FOTO.jpg\",\"datePublished\":\"2023-09-05T10:29:08+00:00\",\"breadcrumb\":{\"@id\":\"https:\\\/\\\/www.eldiario.net\\\/portal\\\/2023\\\/09\\\/05\\\/brasil-oficializa-interes-en-la-compra-de-fertilizantes-bolivianos\\\/#breadcrumb\"},\"inLanguage\":\"es\",\"potentialAction\":[{\"@type\":\"ReadAction\",\"target\":[\"https:\\\/\\\/www.eldiario.net\\\/portal\\\/2023\\\/09\\\/05\\\/brasil-oficializa-interes-en-la-compra-de-fertilizantes-bolivianos\\\/\"]}]},{\"@type\":\"ImageObject\",\"inLanguage\":\"es\",\"@id\":\"https:\\\/\\\/www.eldiario.net\\\/portal\\\/2023\\\/09\\\/05\\\/brasil-oficializa-interes-en-la-compra-de-fertilizantes-bolivianos\\\/#primaryimage\",\"url\":\"https:\\\/\\\/www.eldiario.net\\\/portal\\\/wp-content\\\/uploads\\\/2023\\\/09\\\/FERTILIZANTES-FOTO.jpg\",\"contentUrl\":\"https:\\\/\\\/www.eldiario.net\\\/portal\\\/wp-content\\\/uploads\\\/2023\\\/09\\\/FERTILIZANTES-FOTO.jpg\",\"width\":1280,\"height\":896,\"caption\":\"Reuni\u00f3n entre autoridades brasile\u00f1as y del Gobierno boliviano. Foto: RRSS\"},{\"@type\":\"BreadcrumbList\",\"@id\":\"https:\\\/\\\/www.eldiario.net\\\/portal\\\/2023\\\/09\\\/05\\\/brasil-oficializa-interes-en-la-compra-de-fertilizantes-bolivianos\\\/#breadcrumb\",\"itemListElement\":[{\"@type\":\"ListItem\",\"position\":1,\"name\":\"Portada\",\"item\":\"https:\\\/\\\/www.eldiario.net\\\/portal\\\/\"},{\"@type\":\"ListItem\",\"position\":2,\"name\":\"Brasil oficializa inter\u00e9s en la compra de fertilizantes bolivianos\"}]},{\"@type\":\"WebSite\",\"@id\":\"https:\\\/\\\/www.eldiario.net\\\/portal\\\/#website\",\"url\":\"https:\\\/\\\/www.eldiario.net\\\/portal\\\/\",\"name\":\"El Diario - Decano de la prensa nacional\",\"description\":\"El Diario - Decano de la prensa nacional\",\"publisher\":{\"@id\":\"https:\\\/\\\/www.eldiario.net\\\/portal\\\/#organization\"},\"potentialAction\":[{\"@type\":\"SearchAction\",\"target\":{\"@type\":\"EntryPoint\",\"urlTemplate\":\"https:\\\/\\\/www.eldiario.net\\\/portal\\\/?s={search_term_string}\"},\"query-input\":{\"@type\":\"PropertyValueSpecification\",\"valueRequired\":true,\"valueName\":\"search_term_string\"}}],\"inLanguage\":\"es\"},{\"@type\":\"Organization\",\"@id\":\"https:\\\/\\\/www.eldiario.net\\\/portal\\\/#organization\",\"name\":\"El Diario - Decano de la prensa nacional\",\"url\":\"https:\\\/\\\/www.eldiario.net\\\/portal\\\/\",\"logo\":{\"@type\":\"ImageObject\",\"inLanguage\":\"es\",\"@id\":\"https:\\\/\\\/www.eldiario.net\\\/portal\\\/#\\\/schema\\\/logo\\\/image\\\/\",\"url\":\"https:\\\/\\\/www.eldiario.net\\\/portal\\\/wp-content\\\/uploads\\\/2023\\\/07\\\/logo_ED.jpg\",\"contentUrl\":\"https:\\\/\\\/www.eldiario.net\\\/portal\\\/wp-content\\\/uploads\\\/2023\\\/07\\\/logo_ED.jpg\",\"width\":272,\"height\":52,\"caption\":\"El Diario - Decano de la prensa nacional\"},\"image\":{\"@id\":\"https:\\\/\\\/www.eldiario.net\\\/portal\\\/#\\\/schema\\\/logo\\\/image\\\/\"},\"sameAs\":[\"https:\\\/\\\/www.facebook.com\\\/eldiario.bolivia\\\/\",\"https:\\\/\\\/x.com\\\/eldiario_net\"]},{\"@type\":\"Person\",\"@id\":\"https:\\\/\\\/www.eldiario.net\\\/portal\\\/#\\\/schema\\\/person\\\/2c57cf2b7a7ae032e449e4c9b1019eac\",\"name\":\"Jeanette\",\"image\":{\"@type\":\"ImageObject\",\"inLanguage\":\"es\",\"@id\":\"https:\\\/\\\/secure.gravatar.com\\\/avatar\\\/3ea2118a5f7dad2b7138b1187a6b7ee55f160b9968b66013c3a3ef39dd7e5798?s=96&d=mm&r=g\",\"url\":\"https:\\\/\\\/secure.gravatar.com\\\/avatar\\\/3ea2118a5f7dad2b7138b1187a6b7ee55f160b9968b66013c3a3ef39dd7e5798?s=96&d=mm&r=g\",\"contentUrl\":\"https:\\\/\\\/secure.gravatar.com\\\/avatar\\\/3ea2118a5f7dad2b7138b1187a6b7ee55f160b9968b66013c3a3ef39dd7e5798?s=96&d=mm&r=g\",\"caption\":\"Jeanette\"},\"sameAs\":[\"https:\\\/\\\/www.eldiario.net\\\/portal\"],\"url\":\"https:\\\/\\\/www.eldiario.net\\\/portal\\\/author\\\/jeanette\\\/\"}]}<\/script>\n<!-- \/ Yoast SEO plugin. -->","yoast_head_json":{"title":"Brasil oficializa inter\u00e9s en la compra de fertilizantes bolivianos - El Diario - Bolivia","robots":{"index":"index","follow":"follow","max-snippet":"max-snippet:-1","max-image-preview":"max-image-preview:large","max-video-preview":"max-video-preview:-1"},"canonical":"https:\/\/www.eldiario.net\/portal\/2023\/09\/05\/brasil-oficializa-interes-en-la-compra-de-fertilizantes-bolivianos\/","og_locale":"es_ES","og_type":"article","og_title":"Brasil oficializa inter\u00e9s en la compra de fertilizantes bolivianos - El Diario - Bolivia","og_description":"El gobierno de Brasil oficializ\u00f3 su inter\u00e9s en la compra de fertilizantes bolivianos y propone una agenda de entendimiento para invertir en nuevas plantas de producci\u00f3n de urea, cloruro de potasio y NPK, inform\u00f3 ayer el ministro de Hidrocarburos y Energ\u00edas, Franklin Molina Ortiz. \u201cEl gobierno del presidente In\u00e1cio Lula da Silva, que en enero [&hellip;]","og_url":"https:\/\/www.eldiario.net\/portal\/2023\/09\/05\/brasil-oficializa-interes-en-la-compra-de-fertilizantes-bolivianos\/","og_site_name":"El Diario - Bolivia","article_publisher":"https:\/\/www.facebook.com\/eldiario.bolivia\/","article_published_time":"2023-09-05T10:29:08+00:00","og_image":[{"width":1280,"height":896,"url":"https:\/\/www.eldiario.net\/portal\/wp-content\/uploads\/2023\/09\/FERTILIZANTES-FOTO.jpg","type":"image\/jpeg"}],"author":"Jeanette","twitter_card":"summary_large_image","twitter_creator":"@eldiario_net","twitter_site":"@eldiario_net","twitter_misc":{"Escrito por":"Jeanette","Tiempo de lectura":"2 minutos"},"schema":{"@context":"https:\/\/schema.org","@graph":[{"@type":"Article","@id":"https:\/\/www.eldiario.net\/portal\/2023\/09\/05\/brasil-oficializa-interes-en-la-compra-de-fertilizantes-bolivianos\/#article","isPartOf":{"@id":"https:\/\/www.eldiario.net\/portal\/2023\/09\/05\/brasil-oficializa-interes-en-la-compra-de-fertilizantes-bolivianos\/"},"author":{"name":"Jeanette","@id":"https:\/\/www.eldiario.net\/portal\/#\/schema\/person\/2c57cf2b7a7ae032e449e4c9b1019eac"},"headline":"Brasil oficializa inter\u00e9s en la compra de fertilizantes bolivianos","datePublished":"2023-09-05T10:29:08+00:00","mainEntityOfPage":{"@id":"https:\/\/www.eldiario.net\/portal\/2023\/09\/05\/brasil-oficializa-interes-en-la-compra-de-fertilizantes-bolivianos\/"},"wordCount":317,"publisher":{"@id":"https:\/\/www.eldiario.net\/portal\/#organization"},"image":{"@id":"https:\/\/www.eldiario.net\/portal\/2023\/09\/05\/brasil-oficializa-interes-en-la-compra-de-fertilizantes-bolivianos\/#primaryimage"},"thumbnailUrl":"https:\/\/www.eldiario.net\/portal\/wp-content\/uploads\/2023\/09\/FERTILIZANTES-FOTO.jpg","articleSection":["Portada"],"inLanguage":"es"},{"@type":"WebPage","@id":"https:\/\/www.eldiario.net\/portal\/2023\/09\/05\/brasil-oficializa-interes-en-la-compra-de-fertilizantes-bolivianos\/","url":"https:\/\/www.eldiario.net\/portal\/2023\/09\/05\/brasil-oficializa-interes-en-la-compra-de-fertilizantes-bolivianos\/","name":"Brasil oficializa inter\u00e9s en la compra de fertilizantes bolivianos - El Diario - Bolivia","isPartOf":{"@id":"https:\/\/www.eldiario.net\/portal\/#website"},"primaryImageOfPage":{"@id":"https:\/\/www.eldiario.net\/portal\/2023\/09\/05\/brasil-oficializa-interes-en-la-compra-de-fertilizantes-bolivianos\/#primaryimage"},"image":{"@id":"https:\/\/www.eldiario.net\/portal\/2023\/09\/05\/brasil-oficializa-interes-en-la-compra-de-fertilizantes-bolivianos\/#primaryimage"},"thumbnailUrl":"https:\/\/www.eldiario.net\/portal\/wp-content\/uploads\/2023\/09\/FERTILIZANTES-FOTO.jpg","datePublished":"2023-09-05T10:29:08+00:00","breadcrumb":{"@id":"https:\/\/www.eldiario.net\/portal\/2023\/09\/05\/brasil-oficializa-interes-en-la-compra-de-fertilizantes-bolivianos\/#breadcrumb"},"inLanguage":"es","potentialAction":[{"@type":"ReadAction","target":["https:\/\/www.eldiario.net\/portal\/2023\/09\/05\/brasil-oficializa-interes-en-la-compra-de-fertilizantes-bolivianos\/"]}]},{"@type":"ImageObject","inLanguage":"es","@id":"https:\/\/www.eldiario.net\/portal\/2023\/09\/05\/brasil-oficializa-interes-en-la-compra-de-fertilizantes-bolivianos\/#primaryimage","url":"https:\/\/www.eldiario.net\/portal\/wp-content\/uploads\/2023\/09\/FERTILIZANTES-FOTO.jpg","contentUrl":"https:\/\/www.eldiario.net\/portal\/wp-content\/uploads\/2023\/09\/FERTILIZANTES-FOTO.jpg","width":1280,"height":896,"caption":"Reuni\u00f3n entre autoridades brasile\u00f1as y del Gobierno boliviano. Foto: RRSS"},{"@type":"BreadcrumbList","@id":"https:\/\/www.eldiario.net\/portal\/2023\/09\/05\/brasil-oficializa-interes-en-la-compra-de-fertilizantes-bolivianos\/#breadcrumb","itemListElement":[{"@type":"ListItem","position":1,"name":"Portada","item":"https:\/\/www.eldiario.net\/portal\/"},{"@type":"ListItem","position":2,"name":"Brasil oficializa inter\u00e9s en la compra de fertilizantes bolivianos"}]},{"@type":"WebSite","@id":"https:\/\/www.eldiario.net\/portal\/#website","url":"https:\/\/www.eldiario.net\/portal\/","name":"El Diario - Decano de la prensa nacional","description":"El Diario - Decano de la prensa nacional","publisher":{"@id":"https:\/\/www.eldiario.net\/portal\/#organization"},"potentialAction":[{"@type":"SearchAction","target":{"@type":"EntryPoint","urlTemplate":"https:\/\/www.eldiario.net\/portal\/?s={search_term_string}"},"query-input":{"@type":"PropertyValueSpecification","valueRequired":true,"valueName":"search_term_string"}}],"inLanguage":"es"},{"@type":"Organization","@id":"https:\/\/www.eldiario.net\/portal\/#organization","name":"El Diario - Decano de la prensa nacional","url":"https:\/\/www.eldiario.net\/portal\/","logo":{"@type":"ImageObject","inLanguage":"es","@id":"https:\/\/www.eldiario.net\/portal\/#\/schema\/logo\/image\/","url":"https:\/\/www.eldiario.net\/portal\/wp-content\/uploads\/2023\/07\/logo_ED.jpg","contentUrl":"https:\/\/www.eldiario.net\/portal\/wp-content\/uploads\/2023\/07\/logo_ED.jpg","width":272,"height":52,"caption":"El Diario - Decano de la prensa nacional"},"image":{"@id":"https:\/\/www.eldiario.net\/portal\/#\/schema\/logo\/image\/"},"sameAs":["https:\/\/www.facebook.com\/eldiario.bolivia\/","https:\/\/x.com\/eldiario_net"]},{"@type":"Person","@id":"https:\/\/www.eldiario.net\/portal\/#\/schema\/person\/2c57cf2b7a7ae032e449e4c9b1019eac","name":"Jeanette","image":{"@type":"ImageObject","inLanguage":"es","@id":"https:\/\/secure.gravatar.com\/avatar\/3ea2118a5f7dad2b7138b1187a6b7ee55f160b9968b66013c3a3ef39dd7e5798?s=96&d=mm&r=g","url":"https:\/\/secure.gravatar.com\/avatar\/3ea2118a5f7dad2b7138b1187a6b7ee55f160b9968b66013c3a3ef39dd7e5798?s=96&d=mm&r=g","contentUrl":"https:\/\/secure.gravatar.com\/avatar\/3ea2118a5f7dad2b7138b1187a6b7ee55f160b9968b66013c3a3ef39dd7e5798?s=96&d=mm&r=g","caption":"Jeanette"},"sameAs":["https:\/\/www.eldiario.net\/portal"],"url":"https:\/\/www.eldiario.net\/portal\/author\/jeanette\/"}]}},"_links":{"self":[{"href":"https:\/\/www.eldiario.net\/portal\/wp-json\/wp\/v2\/posts\/174871","targetHints":{"allow":["GET"]}}],"collection":[{"href":"https:\/\/www.eldiario.net\/portal\/wp-json\/wp\/v2\/posts"}],"about":[{"href":"https:\/\/www.eldiario.net\/portal\/wp-json\/wp\/v2\/types\/post"}],"author":[{"embeddable":true,"href":"https:\/\/www.eldiario.net\/portal\/wp-json\/wp\/v2\/users\/1"}],"replies":[{"embeddable":true,"href":"https:\/\/www.eldiario.net\/portal\/wp-json\/wp\/v2\/comments?post=174871"}],"version-history":[{"count":0,"href":"https:\/\/www.eldiario.net\/portal\/wp-json\/wp\/v2\/posts\/174871\/revisions"}],"wp:featuredmedia":[{"embeddable":true,"href":"https:\/\/www.eldiario.net\/portal\/wp-json\/wp\/v2\/media\/174872"}],"wp:attachment":[{"href":"https:\/\/www.eldiario.net\/portal\/wp-json\/wp\/v2\/media?parent=174871"}],"wp:term":[{"taxonomy":"category","embeddable":true,"href":"https:\/\/www.eldiario.net\/portal\/wp-json\/wp\/v2\/categories?post=174871"},{"taxonomy":"post_tag","embeddable":true,"href":"https:\/\/www.eldiario.net\/portal\/wp-json\/wp\/v2\/tags?post=174871"}],"curies":[{"name":"wp","href":"https:\/\/api.w.org\/{rel}","templated":true}]}}