{"id":174868,"date":"2023-09-05T06:28:26","date_gmt":"2023-09-05T10:28:26","guid":{"rendered":"https:\/\/www.eldiario.net\/portal\/?p=174868"},"modified":"2023-09-05T06:28:26","modified_gmt":"2023-09-05T10:28:26","slug":"ninguna-carretera-afectara-a-los-acuiferos-crucenos","status":"publish","type":"post","link":"https:\/\/www.eldiario.net\/portal\/2023\/09\/05\/ninguna-carretera-afectara-a-los-acuiferos-crucenos\/","title":{"rendered":"Ninguna carretera afectar\u00e1  a los acu\u00edferos cruce\u00f1os"},"content":{"rendered":"<p>Ante las amenazas de bloqueos de caminos y de ultim\u00e1tums de parte del Gobierno nacional y de movimientos sociales afines al MAS para la aprobaci\u00f3n del tramo 2 de la carretera Buena Vista-Las Cruces, Luis Fernando Camacho, mediante una carta enviada desde el penal de San Pedro de Chonchocoro, afirm\u00f3 tajantemente que mientras\u00a0 sea gobernador Santa Cruz no permitir\u00e1 que se construya por encima del acu\u00edfero que abastece a m\u00e1s de 2,5 millones de cruce\u00f1os.<\/p>\n<p>La misiva, que fue le\u00edda en Casa de Gobierno por el asesor de Gesti\u00f3n Efra\u00edn Su\u00e1rez, acusa a la corrupci\u00f3n de las autoridades nacionales y dirigentes del MAS que pretenden \u201ccuotear\u201d los terrenos dentro de la zona UCPN (Unidad de Conservaci\u00f3n de Patrimonio Natural) G\u00fcend\u00e1-Urub\u00f3, toda vez que este loteamiento ilegal alcanza un negocio de $us 40 millones, afirm\u00f3 la m\u00e1xima autoridad cruce\u00f1a, citando informes de prensa con su respectivo respaldo.<\/p>\n<p>\u201cEso vale para los masistas, el agua y la calidad de vida de los cruce\u00f1os\u201d, relata, refiri\u00e9ndose a los $us 40 millones, en base al negociado por encima de la fuente de agua potable de la regi\u00f3n metropolitana de Santa Cruz.<\/p>\n<p>En este sentido, Camacho recalca que asume esta defensa con orgullo, y aun estando preso seguir\u00e1 cumpliendo su promesa a Santa Cruz hasta sus \u00faltimos d\u00edas. \u201cMientras sea gobernador, ninguna carretera afectar\u00e1 los acu\u00edferos cruce\u00f1os\u201d, refuta, y aprovecha para felicitar a los cruce\u00f1os que han cerrado filas en defensa por el agua, de la sostenibilidad y de sus hijos.<\/p>\n<p>En este sentido, indica que quienes rechazan, enjuician y meten presos y los ciudadanos por hacer paros y bloqueos son los que exigen la construcci\u00f3n de la carretera por el tramo 2 para poder vender lotes.<\/p>\n<p>Sin embargo, estos no hablan del da\u00f1o econ\u00f3mico al Estado, ni del atentando contra la libertad de locomoci\u00f3n de los ciudadanos a trav\u00e9s de los bloqueos. \u201cEl cinismo y la desesperaci\u00f3n por captar dinero de la corrupci\u00f3n parece no tener l\u00edmites para el gobierno centralista (\u2026) pero se equivocan, ac\u00e1 en Santa Cruz no, con nuestra agua no \u201d, a\u00f1ade.<\/p>\n<p>La carta de Camacho culmina dirigi\u00e9ndose al ministro de Obras P\u00fablicas, Edgar Monta\u00f1o, a quien le pide que no se enfrente a Santa Cruz y que busque otro negociado fuera de estas tierras, porque el pueblo cruce\u00f1o sabe luchar por su libertad y por el futuro de sus hijos.<\/p>\n<p>MINISTRO DE DEPREDADOR<\/p>\n<p>En este punto, el asesor Efra\u00edn Su\u00e1rez catalog\u00f3 al ministro Monta\u00f1o como un depredador del agua de Santa Cruz y por ello el Gobernador no va a permitir que se imponga el atentando contra el medio ambiente, ni contra la vida de los cruce\u00f1os.<\/p>\n<p>\u201cLos depredadores pueden cansarse de hacer da\u00f1o a Santa Cruz pero \u00a1nunca lo van a lograr!\u201d, reiter\u00f3. (Santa Cruz, con informaci\u00f3n de la Gobernaci\u00f3n).<\/p>\n","protected":false},"excerpt":{"rendered":"<p>Ante las amenazas de bloqueos de caminos y de ultim\u00e1tums de parte del Gobierno nacional y de movimientos sociales afines al MAS para la aprobaci\u00f3n del tramo 2 de la carretera Buena Vista-Las Cruces, Luis Fernando Camacho, mediante una carta enviada desde el penal de San Pedro de Chonchocoro, afirm\u00f3 tajantemente que mientras\u00a0 sea gobernador [&hellip;]<\/p>\n","protected":false},"author":1,"featured_media":174869,"comment_status":"closed","ping_status":"open","sticky":false,"template":"","format":"standard","meta":{"_acf_changed":false,"footnotes":""},"categories":[15],"tags":[],"class_list":["post-174868","post","type-post","status-publish","format-standard","has-post-thumbnail","category-portada"],"acf":{"antetitulo":""},"yoast_head":"<!-- This site is optimized with the Yoast SEO plugin v28.4 - https:\/\/yoast.com\/product\/yoast-seo-wordpress\/ -->\n<title>Ninguna carretera afectar\u00e1 a los acu\u00edferos cruce\u00f1os - El Diario - Bolivia<\/title>\n<meta name=\"robots\" content=\"index, follow, max-snippet:-1, max-image-preview:large, max-video-preview:-1\" \/>\n<link rel=\"canonical\" href=\"https:\/\/www.eldiario.net\/portal\/2023\/09\/05\/ninguna-carretera-afectara-a-los-acuiferos-crucenos\/\" \/>\n<meta property=\"og:locale\" content=\"es_ES\" \/>\n<meta property=\"og:type\" content=\"article\" \/>\n<meta property=\"og:title\" content=\"Ninguna carretera afectar\u00e1 a los acu\u00edferos cruce\u00f1os - El Diario - Bolivia\" \/>\n<meta property=\"og:description\" content=\"Ante las amenazas de bloqueos de caminos y de ultim\u00e1tums de parte del Gobierno nacional y de movimientos sociales afines al MAS para la aprobaci\u00f3n del tramo 2 de la carretera Buena Vista-Las Cruces, Luis Fernando Camacho, mediante una carta enviada desde el penal de San Pedro de Chonchocoro, afirm\u00f3 tajantemente que mientras\u00a0 sea gobernador [&hellip;]\" \/>\n<meta property=\"og:url\" content=\"https:\/\/www.eldiario.net\/portal\/2023\/09\/05\/ninguna-carretera-afectara-a-los-acuiferos-crucenos\/\" \/>\n<meta property=\"og:site_name\" content=\"El Diario - Bolivia\" \/>\n<meta property=\"article:publisher\" content=\"https:\/\/www.facebook.com\/eldiario.bolivia\/\" \/>\n<meta property=\"article:published_time\" content=\"2023-09-05T10:28:26+00:00\" \/>\n<meta property=\"og:image\" content=\"https:\/\/www.eldiario.net\/portal\/wp-content\/uploads\/2023\/09\/NINGUNA-FOTO.jpeg\" \/>\n\t<meta property=\"og:image:width\" content=\"1600\" \/>\n\t<meta property=\"og:image:height\" content=\"900\" \/>\n\t<meta property=\"og:image:type\" content=\"image\/jpeg\" \/>\n<meta name=\"author\" content=\"Jeanette\" \/>\n<meta name=\"twitter:card\" content=\"summary_large_image\" \/>\n<meta name=\"twitter:creator\" content=\"@eldiario_net\" \/>\n<meta name=\"twitter:site\" content=\"@eldiario_net\" \/>\n<meta name=\"twitter:label1\" content=\"Escrito por\" \/>\n\t<meta name=\"twitter:data1\" content=\"Jeanette\" \/>\n\t<meta name=\"twitter:label2\" content=\"Tiempo de lectura\" \/>\n\t<meta name=\"twitter:data2\" content=\"3 minutos\" \/>\n<script type=\"application\/ld+json\" class=\"yoast-schema-graph\">{\"@context\":\"https:\\\/\\\/schema.org\",\"@graph\":[{\"@type\":\"Article\",\"@id\":\"https:\\\/\\\/www.eldiario.net\\\/portal\\\/2023\\\/09\\\/05\\\/ninguna-carretera-afectara-a-los-acuiferos-crucenos\\\/#article\",\"isPartOf\":{\"@id\":\"https:\\\/\\\/www.eldiario.net\\\/portal\\\/2023\\\/09\\\/05\\\/ninguna-carretera-afectara-a-los-acuiferos-crucenos\\\/\"},\"author\":{\"name\":\"Jeanette\",\"@id\":\"https:\\\/\\\/www.eldiario.net\\\/portal\\\/#\\\/schema\\\/person\\\/2c57cf2b7a7ae032e449e4c9b1019eac\"},\"headline\":\"Ninguna carretera afectar\u00e1 a los acu\u00edferos cruce\u00f1os\",\"datePublished\":\"2023-09-05T10:28:26+00:00\",\"mainEntityOfPage\":{\"@id\":\"https:\\\/\\\/www.eldiario.net\\\/portal\\\/2023\\\/09\\\/05\\\/ninguna-carretera-afectara-a-los-acuiferos-crucenos\\\/\"},\"wordCount\":506,\"publisher\":{\"@id\":\"https:\\\/\\\/www.eldiario.net\\\/portal\\\/#organization\"},\"image\":{\"@id\":\"https:\\\/\\\/www.eldiario.net\\\/portal\\\/2023\\\/09\\\/05\\\/ninguna-carretera-afectara-a-los-acuiferos-crucenos\\\/#primaryimage\"},\"thumbnailUrl\":\"https:\\\/\\\/www.eldiario.net\\\/portal\\\/wp-content\\\/uploads\\\/2023\\\/09\\\/NINGUNA-FOTO.jpeg\",\"articleSection\":[\"Portada\"],\"inLanguage\":\"es\"},{\"@type\":\"WebPage\",\"@id\":\"https:\\\/\\\/www.eldiario.net\\\/portal\\\/2023\\\/09\\\/05\\\/ninguna-carretera-afectara-a-los-acuiferos-crucenos\\\/\",\"url\":\"https:\\\/\\\/www.eldiario.net\\\/portal\\\/2023\\\/09\\\/05\\\/ninguna-carretera-afectara-a-los-acuiferos-crucenos\\\/\",\"name\":\"Ninguna carretera afectar\u00e1 a los acu\u00edferos cruce\u00f1os - El Diario - Bolivia\",\"isPartOf\":{\"@id\":\"https:\\\/\\\/www.eldiario.net\\\/portal\\\/#website\"},\"primaryImageOfPage\":{\"@id\":\"https:\\\/\\\/www.eldiario.net\\\/portal\\\/2023\\\/09\\\/05\\\/ninguna-carretera-afectara-a-los-acuiferos-crucenos\\\/#primaryimage\"},\"image\":{\"@id\":\"https:\\\/\\\/www.eldiario.net\\\/portal\\\/2023\\\/09\\\/05\\\/ninguna-carretera-afectara-a-los-acuiferos-crucenos\\\/#primaryimage\"},\"thumbnailUrl\":\"https:\\\/\\\/www.eldiario.net\\\/portal\\\/wp-content\\\/uploads\\\/2023\\\/09\\\/NINGUNA-FOTO.jpeg\",\"datePublished\":\"2023-09-05T10:28:26+00:00\",\"breadcrumb\":{\"@id\":\"https:\\\/\\\/www.eldiario.net\\\/portal\\\/2023\\\/09\\\/05\\\/ninguna-carretera-afectara-a-los-acuiferos-crucenos\\\/#breadcrumb\"},\"inLanguage\":\"es\",\"potentialAction\":[{\"@type\":\"ReadAction\",\"target\":[\"https:\\\/\\\/www.eldiario.net\\\/portal\\\/2023\\\/09\\\/05\\\/ninguna-carretera-afectara-a-los-acuiferos-crucenos\\\/\"]}]},{\"@type\":\"ImageObject\",\"inLanguage\":\"es\",\"@id\":\"https:\\\/\\\/www.eldiario.net\\\/portal\\\/2023\\\/09\\\/05\\\/ninguna-carretera-afectara-a-los-acuiferos-crucenos\\\/#primaryimage\",\"url\":\"https:\\\/\\\/www.eldiario.net\\\/portal\\\/wp-content\\\/uploads\\\/2023\\\/09\\\/NINGUNA-FOTO.jpeg\",\"contentUrl\":\"https:\\\/\\\/www.eldiario.net\\\/portal\\\/wp-content\\\/uploads\\\/2023\\\/09\\\/NINGUNA-FOTO.jpeg\",\"width\":1600,\"height\":900,\"caption\":\"Efra\u00edn Su\u00e1rez da lectura a la carta del gobernador cruce\u00f1o. Foto: GSTC\"},{\"@type\":\"BreadcrumbList\",\"@id\":\"https:\\\/\\\/www.eldiario.net\\\/portal\\\/2023\\\/09\\\/05\\\/ninguna-carretera-afectara-a-los-acuiferos-crucenos\\\/#breadcrumb\",\"itemListElement\":[{\"@type\":\"ListItem\",\"position\":1,\"name\":\"Portada\",\"item\":\"https:\\\/\\\/www.eldiario.net\\\/portal\\\/\"},{\"@type\":\"ListItem\",\"position\":2,\"name\":\"Ninguna carretera afectar\u00e1 a los acu\u00edferos cruce\u00f1os\"}]},{\"@type\":\"WebSite\",\"@id\":\"https:\\\/\\\/www.eldiario.net\\\/portal\\\/#website\",\"url\":\"https:\\\/\\\/www.eldiario.net\\\/portal\\\/\",\"name\":\"El Diario - Decano de la prensa nacional\",\"description\":\"El Diario - Decano de la prensa nacional\",\"publisher\":{\"@id\":\"https:\\\/\\\/www.eldiario.net\\\/portal\\\/#organization\"},\"potentialAction\":[{\"@type\":\"SearchAction\",\"target\":{\"@type\":\"EntryPoint\",\"urlTemplate\":\"https:\\\/\\\/www.eldiario.net\\\/portal\\\/?s={search_term_string}\"},\"query-input\":{\"@type\":\"PropertyValueSpecification\",\"valueRequired\":true,\"valueName\":\"search_term_string\"}}],\"inLanguage\":\"es\"},{\"@type\":\"Organization\",\"@id\":\"https:\\\/\\\/www.eldiario.net\\\/portal\\\/#organization\",\"name\":\"El Diario - Decano de la prensa nacional\",\"url\":\"https:\\\/\\\/www.eldiario.net\\\/portal\\\/\",\"logo\":{\"@type\":\"ImageObject\",\"inLanguage\":\"es\",\"@id\":\"https:\\\/\\\/www.eldiario.net\\\/portal\\\/#\\\/schema\\\/logo\\\/image\\\/\",\"url\":\"https:\\\/\\\/www.eldiario.net\\\/portal\\\/wp-content\\\/uploads\\\/2023\\\/07\\\/logo_ED.jpg\",\"contentUrl\":\"https:\\\/\\\/www.eldiario.net\\\/portal\\\/wp-content\\\/uploads\\\/2023\\\/07\\\/logo_ED.jpg\",\"width\":272,\"height\":52,\"caption\":\"El Diario - Decano de la prensa nacional\"},\"image\":{\"@id\":\"https:\\\/\\\/www.eldiario.net\\\/portal\\\/#\\\/schema\\\/logo\\\/image\\\/\"},\"sameAs\":[\"https:\\\/\\\/www.facebook.com\\\/eldiario.bolivia\\\/\",\"https:\\\/\\\/x.com\\\/eldiario_net\"]},{\"@type\":\"Person\",\"@id\":\"https:\\\/\\\/www.eldiario.net\\\/portal\\\/#\\\/schema\\\/person\\\/2c57cf2b7a7ae032e449e4c9b1019eac\",\"name\":\"Jeanette\",\"image\":{\"@type\":\"ImageObject\",\"inLanguage\":\"es\",\"@id\":\"https:\\\/\\\/secure.gravatar.com\\\/avatar\\\/3ea2118a5f7dad2b7138b1187a6b7ee55f160b9968b66013c3a3ef39dd7e5798?s=96&d=mm&r=g\",\"url\":\"https:\\\/\\\/secure.gravatar.com\\\/avatar\\\/3ea2118a5f7dad2b7138b1187a6b7ee55f160b9968b66013c3a3ef39dd7e5798?s=96&d=mm&r=g\",\"contentUrl\":\"https:\\\/\\\/secure.gravatar.com\\\/avatar\\\/3ea2118a5f7dad2b7138b1187a6b7ee55f160b9968b66013c3a3ef39dd7e5798?s=96&d=mm&r=g\",\"caption\":\"Jeanette\"},\"sameAs\":[\"https:\\\/\\\/www.eldiario.net\\\/portal\"],\"url\":\"https:\\\/\\\/www.eldiario.net\\\/portal\\\/author\\\/jeanette\\\/\"}]}<\/script>\n<!-- \/ Yoast SEO plugin. -->","yoast_head_json":{"title":"Ninguna carretera afectar\u00e1 a los acu\u00edferos cruce\u00f1os - El Diario - Bolivia","robots":{"index":"index","follow":"follow","max-snippet":"max-snippet:-1","max-image-preview":"max-image-preview:large","max-video-preview":"max-video-preview:-1"},"canonical":"https:\/\/www.eldiario.net\/portal\/2023\/09\/05\/ninguna-carretera-afectara-a-los-acuiferos-crucenos\/","og_locale":"es_ES","og_type":"article","og_title":"Ninguna carretera afectar\u00e1 a los acu\u00edferos cruce\u00f1os - El Diario - Bolivia","og_description":"Ante las amenazas de bloqueos de caminos y de ultim\u00e1tums de parte del Gobierno nacional y de movimientos sociales afines al MAS para la aprobaci\u00f3n del tramo 2 de la carretera Buena Vista-Las Cruces, Luis Fernando Camacho, mediante una carta enviada desde el penal de San Pedro de Chonchocoro, afirm\u00f3 tajantemente que mientras\u00a0 sea gobernador [&hellip;]","og_url":"https:\/\/www.eldiario.net\/portal\/2023\/09\/05\/ninguna-carretera-afectara-a-los-acuiferos-crucenos\/","og_site_name":"El Diario - Bolivia","article_publisher":"https:\/\/www.facebook.com\/eldiario.bolivia\/","article_published_time":"2023-09-05T10:28:26+00:00","og_image":[{"width":1600,"height":900,"url":"https:\/\/www.eldiario.net\/portal\/wp-content\/uploads\/2023\/09\/NINGUNA-FOTO.jpeg","type":"image\/jpeg"}],"author":"Jeanette","twitter_card":"summary_large_image","twitter_creator":"@eldiario_net","twitter_site":"@eldiario_net","twitter_misc":{"Escrito por":"Jeanette","Tiempo de lectura":"3 minutos"},"schema":{"@context":"https:\/\/schema.org","@graph":[{"@type":"Article","@id":"https:\/\/www.eldiario.net\/portal\/2023\/09\/05\/ninguna-carretera-afectara-a-los-acuiferos-crucenos\/#article","isPartOf":{"@id":"https:\/\/www.eldiario.net\/portal\/2023\/09\/05\/ninguna-carretera-afectara-a-los-acuiferos-crucenos\/"},"author":{"name":"Jeanette","@id":"https:\/\/www.eldiario.net\/portal\/#\/schema\/person\/2c57cf2b7a7ae032e449e4c9b1019eac"},"headline":"Ninguna carretera afectar\u00e1 a los acu\u00edferos cruce\u00f1os","datePublished":"2023-09-05T10:28:26+00:00","mainEntityOfPage":{"@id":"https:\/\/www.eldiario.net\/portal\/2023\/09\/05\/ninguna-carretera-afectara-a-los-acuiferos-crucenos\/"},"wordCount":506,"publisher":{"@id":"https:\/\/www.eldiario.net\/portal\/#organization"},"image":{"@id":"https:\/\/www.eldiario.net\/portal\/2023\/09\/05\/ninguna-carretera-afectara-a-los-acuiferos-crucenos\/#primaryimage"},"thumbnailUrl":"https:\/\/www.eldiario.net\/portal\/wp-content\/uploads\/2023\/09\/NINGUNA-FOTO.jpeg","articleSection":["Portada"],"inLanguage":"es"},{"@type":"WebPage","@id":"https:\/\/www.eldiario.net\/portal\/2023\/09\/05\/ninguna-carretera-afectara-a-los-acuiferos-crucenos\/","url":"https:\/\/www.eldiario.net\/portal\/2023\/09\/05\/ninguna-carretera-afectara-a-los-acuiferos-crucenos\/","name":"Ninguna carretera afectar\u00e1 a los acu\u00edferos cruce\u00f1os - El Diario - Bolivia","isPartOf":{"@id":"https:\/\/www.eldiario.net\/portal\/#website"},"primaryImageOfPage":{"@id":"https:\/\/www.eldiario.net\/portal\/2023\/09\/05\/ninguna-carretera-afectara-a-los-acuiferos-crucenos\/#primaryimage"},"image":{"@id":"https:\/\/www.eldiario.net\/portal\/2023\/09\/05\/ninguna-carretera-afectara-a-los-acuiferos-crucenos\/#primaryimage"},"thumbnailUrl":"https:\/\/www.eldiario.net\/portal\/wp-content\/uploads\/2023\/09\/NINGUNA-FOTO.jpeg","datePublished":"2023-09-05T10:28:26+00:00","breadcrumb":{"@id":"https:\/\/www.eldiario.net\/portal\/2023\/09\/05\/ninguna-carretera-afectara-a-los-acuiferos-crucenos\/#breadcrumb"},"inLanguage":"es","potentialAction":[{"@type":"ReadAction","target":["https:\/\/www.eldiario.net\/portal\/2023\/09\/05\/ninguna-carretera-afectara-a-los-acuiferos-crucenos\/"]}]},{"@type":"ImageObject","inLanguage":"es","@id":"https:\/\/www.eldiario.net\/portal\/2023\/09\/05\/ninguna-carretera-afectara-a-los-acuiferos-crucenos\/#primaryimage","url":"https:\/\/www.eldiario.net\/portal\/wp-content\/uploads\/2023\/09\/NINGUNA-FOTO.jpeg","contentUrl":"https:\/\/www.eldiario.net\/portal\/wp-content\/uploads\/2023\/09\/NINGUNA-FOTO.jpeg","width":1600,"height":900,"caption":"Efra\u00edn Su\u00e1rez da lectura a la carta del gobernador cruce\u00f1o. Foto: GSTC"},{"@type":"BreadcrumbList","@id":"https:\/\/www.eldiario.net\/portal\/2023\/09\/05\/ninguna-carretera-afectara-a-los-acuiferos-crucenos\/#breadcrumb","itemListElement":[{"@type":"ListItem","position":1,"name":"Portada","item":"https:\/\/www.eldiario.net\/portal\/"},{"@type":"ListItem","position":2,"name":"Ninguna carretera afectar\u00e1 a los acu\u00edferos cruce\u00f1os"}]},{"@type":"WebSite","@id":"https:\/\/www.eldiario.net\/portal\/#website","url":"https:\/\/www.eldiario.net\/portal\/","name":"El Diario - Decano de la prensa nacional","description":"El Diario - Decano de la prensa nacional","publisher":{"@id":"https:\/\/www.eldiario.net\/portal\/#organization"},"potentialAction":[{"@type":"SearchAction","target":{"@type":"EntryPoint","urlTemplate":"https:\/\/www.eldiario.net\/portal\/?s={search_term_string}"},"query-input":{"@type":"PropertyValueSpecification","valueRequired":true,"valueName":"search_term_string"}}],"inLanguage":"es"},{"@type":"Organization","@id":"https:\/\/www.eldiario.net\/portal\/#organization","name":"El Diario - Decano de la prensa nacional","url":"https:\/\/www.eldiario.net\/portal\/","logo":{"@type":"ImageObject","inLanguage":"es","@id":"https:\/\/www.eldiario.net\/portal\/#\/schema\/logo\/image\/","url":"https:\/\/www.eldiario.net\/portal\/wp-content\/uploads\/2023\/07\/logo_ED.jpg","contentUrl":"https:\/\/www.eldiario.net\/portal\/wp-content\/uploads\/2023\/07\/logo_ED.jpg","width":272,"height":52,"caption":"El Diario - Decano de la prensa nacional"},"image":{"@id":"https:\/\/www.eldiario.net\/portal\/#\/schema\/logo\/image\/"},"sameAs":["https:\/\/www.facebook.com\/eldiario.bolivia\/","https:\/\/x.com\/eldiario_net"]},{"@type":"Person","@id":"https:\/\/www.eldiario.net\/portal\/#\/schema\/person\/2c57cf2b7a7ae032e449e4c9b1019eac","name":"Jeanette","image":{"@type":"ImageObject","inLanguage":"es","@id":"https:\/\/secure.gravatar.com\/avatar\/3ea2118a5f7dad2b7138b1187a6b7ee55f160b9968b66013c3a3ef39dd7e5798?s=96&d=mm&r=g","url":"https:\/\/secure.gravatar.com\/avatar\/3ea2118a5f7dad2b7138b1187a6b7ee55f160b9968b66013c3a3ef39dd7e5798?s=96&d=mm&r=g","contentUrl":"https:\/\/secure.gravatar.com\/avatar\/3ea2118a5f7dad2b7138b1187a6b7ee55f160b9968b66013c3a3ef39dd7e5798?s=96&d=mm&r=g","caption":"Jeanette"},"sameAs":["https:\/\/www.eldiario.net\/portal"],"url":"https:\/\/www.eldiario.net\/portal\/author\/jeanette\/"}]}},"_links":{"self":[{"href":"https:\/\/www.eldiario.net\/portal\/wp-json\/wp\/v2\/posts\/174868","targetHints":{"allow":["GET"]}}],"collection":[{"href":"https:\/\/www.eldiario.net\/portal\/wp-json\/wp\/v2\/posts"}],"about":[{"href":"https:\/\/www.eldiario.net\/portal\/wp-json\/wp\/v2\/types\/post"}],"author":[{"embeddable":true,"href":"https:\/\/www.eldiario.net\/portal\/wp-json\/wp\/v2\/users\/1"}],"replies":[{"embeddable":true,"href":"https:\/\/www.eldiario.net\/portal\/wp-json\/wp\/v2\/comments?post=174868"}],"version-history":[{"count":0,"href":"https:\/\/www.eldiario.net\/portal\/wp-json\/wp\/v2\/posts\/174868\/revisions"}],"wp:featuredmedia":[{"embeddable":true,"href":"https:\/\/www.eldiario.net\/portal\/wp-json\/wp\/v2\/media\/174869"}],"wp:attachment":[{"href":"https:\/\/www.eldiario.net\/portal\/wp-json\/wp\/v2\/media?parent=174868"}],"wp:term":[{"taxonomy":"category","embeddable":true,"href":"https:\/\/www.eldiario.net\/portal\/wp-json\/wp\/v2\/categories?post=174868"},{"taxonomy":"post_tag","embeddable":true,"href":"https:\/\/www.eldiario.net\/portal\/wp-json\/wp\/v2\/tags?post=174868"}],"curies":[{"name":"wp","href":"https:\/\/api.w.org\/{rel}","templated":true}]}}