{"id":174865,"date":"2023-09-05T06:27:20","date_gmt":"2023-09-05T10:27:20","guid":{"rendered":"https:\/\/www.eldiario.net\/portal\/?p=174865"},"modified":"2023-09-05T06:27:20","modified_gmt":"2023-09-05T10:27:20","slug":"fbf-formaliza-denuncia-penal-por-estafa-y-asociacion-delictuosa","status":"publish","type":"post","link":"https:\/\/www.eldiario.net\/portal\/2023\/09\/05\/fbf-formaliza-denuncia-penal-por-estafa-y-asociacion-delictuosa\/","title":{"rendered":"FBF formaliza denuncia penal  por estafa y asociaci\u00f3n delictuosa"},"content":{"rendered":"<p>La Federaci\u00f3n Boliviana de F\u00fatbol, mediante su representaci\u00f3n legal, present\u00f3 ayer en la Fiscal\u00eda de La Paz una denuncia penal contra jugadores, dirigentes y \u00e1rbitros de f\u00fatbol, que estar\u00edan involucrados en la red de corrupci\u00f3n dedicada presuntamente a ama\u00f1ar partidos oficiales.<\/p>\n<p>El abogado de la FBF, Christ\u00edan Camacho, indic\u00f3 que inicialmente la denuncia es por los delitos de estafa y asociaci\u00f3n delictuosa.<\/p>\n<p>El jurista asever\u00f3 que se han detallado nombres en la denuncia, pero evit\u00f3 revelar las identidades de los implicados. Se\u00f1al\u00f3 que depender\u00e1 del Ministerio P\u00fablico si se publican estos datos o el caso se declara en reserva.<\/p>\n<p>\u201cEstamos hablando de por lo menos unos cinco o seis jugadores, inicialmente, con nombres y apellidos. Estamos hablando de algunos \u00e1rbitros y de un par de dirigentes con nombre y apellido\u201d, manifest\u00f3 Camacho.<\/p>\n<p>Asegur\u00f3 que la denuncia tiene pruebas, con testigos, grabaciones, documentaci\u00f3n y todo lo que corresponde para que no haya ninguna susceptibilidad.<\/p>\n<p>\u201cObviamente los testigos tambi\u00e9n temen por su vida, temen por su seguridad, hay una situaci\u00f3n grav\u00edsima que implica no solamente extremos econ\u00f3micos, sino tambi\u00e9n un tema de amenaza y atentados contra la vida\u201d, alert\u00f3 el abogado de la FBF.<\/p>\n<p>Camacho espera que el Ministerio P\u00fablico se pronuncie sobre esta denuncia hasta el mi\u00e9rcoles.<\/p>\n<p>La semana pasada, el presidente de la FBF, Fernando Costa, denunci\u00f3 p\u00fablicamente el caso y se\u00f1al\u00f3 que se habr\u00edan afectado partidos de la Divisi\u00f3n Profesional y la Copa Sim\u00f3n Bol\u00edvar con apuestas, ama\u00f1os y sobornos.<\/p>\n<p>Costa ya plante\u00f3 la iniciativa de suspender los torneos, debido a las sospechas, pero est\u00e1 pendiente un congreso para tomar determinaciones. (Erbol)<\/p>\n","protected":false},"excerpt":{"rendered":"<p>La Federaci\u00f3n Boliviana de F\u00fatbol, mediante su representaci\u00f3n legal, present\u00f3 ayer en la Fiscal\u00eda de La Paz una denuncia penal contra jugadores, dirigentes y \u00e1rbitros de f\u00fatbol, que estar\u00edan involucrados en la red de corrupci\u00f3n dedicada presuntamente a ama\u00f1ar partidos oficiales. El abogado de la FBF, Christ\u00edan Camacho, indic\u00f3 que inicialmente la denuncia es por [&hellip;]<\/p>\n","protected":false},"author":1,"featured_media":174866,"comment_status":"closed","ping_status":"open","sticky":false,"template":"","format":"standard","meta":{"_acf_changed":false,"footnotes":""},"categories":[15],"tags":[],"class_list":["post-174865","post","type-post","status-publish","format-standard","has-post-thumbnail","category-portada"],"acf":{"antetitulo":""},"yoast_head":"<!-- This site is optimized with the Yoast SEO plugin v28.4 - https:\/\/yoast.com\/product\/yoast-seo-wordpress\/ -->\n<title>FBF formaliza denuncia penal por estafa y asociaci\u00f3n delictuosa - El Diario - Bolivia<\/title>\n<meta name=\"robots\" content=\"index, follow, max-snippet:-1, max-image-preview:large, max-video-preview:-1\" \/>\n<link rel=\"canonical\" href=\"https:\/\/www.eldiario.net\/portal\/2023\/09\/05\/fbf-formaliza-denuncia-penal-por-estafa-y-asociacion-delictuosa\/\" \/>\n<meta property=\"og:locale\" content=\"es_ES\" \/>\n<meta property=\"og:type\" content=\"article\" \/>\n<meta property=\"og:title\" content=\"FBF formaliza denuncia penal por estafa y asociaci\u00f3n delictuosa - El Diario - Bolivia\" \/>\n<meta property=\"og:description\" content=\"La Federaci\u00f3n Boliviana de F\u00fatbol, mediante su representaci\u00f3n legal, present\u00f3 ayer en la Fiscal\u00eda de La Paz una denuncia penal contra jugadores, dirigentes y \u00e1rbitros de f\u00fatbol, que estar\u00edan involucrados en la red de corrupci\u00f3n dedicada presuntamente a ama\u00f1ar partidos oficiales. El abogado de la FBF, Christ\u00edan Camacho, indic\u00f3 que inicialmente la denuncia es por [&hellip;]\" \/>\n<meta property=\"og:url\" content=\"https:\/\/www.eldiario.net\/portal\/2023\/09\/05\/fbf-formaliza-denuncia-penal-por-estafa-y-asociacion-delictuosa\/\" \/>\n<meta property=\"og:site_name\" content=\"El Diario - Bolivia\" \/>\n<meta property=\"article:publisher\" content=\"https:\/\/www.facebook.com\/eldiario.bolivia\/\" \/>\n<meta property=\"article:published_time\" content=\"2023-09-05T10:27:20+00:00\" \/>\n<meta property=\"og:image\" content=\"https:\/\/www.eldiario.net\/portal\/wp-content\/uploads\/2023\/09\/FUTBOL-FOTO.jpg\" \/>\n\t<meta property=\"og:image:width\" content=\"700\" \/>\n\t<meta property=\"og:image:height\" content=\"427\" \/>\n\t<meta property=\"og:image:type\" content=\"image\/jpeg\" \/>\n<meta name=\"author\" content=\"Jeanette\" \/>\n<meta name=\"twitter:card\" content=\"summary_large_image\" \/>\n<meta name=\"twitter:creator\" content=\"@eldiario_net\" \/>\n<meta name=\"twitter:site\" content=\"@eldiario_net\" \/>\n<meta name=\"twitter:label1\" content=\"Escrito por\" \/>\n\t<meta name=\"twitter:data1\" content=\"Jeanette\" \/>\n\t<meta name=\"twitter:label2\" content=\"Tiempo de lectura\" \/>\n\t<meta name=\"twitter:data2\" content=\"2 minutos\" \/>\n<script type=\"application\/ld+json\" class=\"yoast-schema-graph\">{\"@context\":\"https:\\\/\\\/schema.org\",\"@graph\":[{\"@type\":\"Article\",\"@id\":\"https:\\\/\\\/www.eldiario.net\\\/portal\\\/2023\\\/09\\\/05\\\/fbf-formaliza-denuncia-penal-por-estafa-y-asociacion-delictuosa\\\/#article\",\"isPartOf\":{\"@id\":\"https:\\\/\\\/www.eldiario.net\\\/portal\\\/2023\\\/09\\\/05\\\/fbf-formaliza-denuncia-penal-por-estafa-y-asociacion-delictuosa\\\/\"},\"author\":{\"name\":\"Jeanette\",\"@id\":\"https:\\\/\\\/www.eldiario.net\\\/portal\\\/#\\\/schema\\\/person\\\/2c57cf2b7a7ae032e449e4c9b1019eac\"},\"headline\":\"FBF formaliza denuncia penal por estafa y asociaci\u00f3n delictuosa\",\"datePublished\":\"2023-09-05T10:27:20+00:00\",\"mainEntityOfPage\":{\"@id\":\"https:\\\/\\\/www.eldiario.net\\\/portal\\\/2023\\\/09\\\/05\\\/fbf-formaliza-denuncia-penal-por-estafa-y-asociacion-delictuosa\\\/\"},\"wordCount\":300,\"publisher\":{\"@id\":\"https:\\\/\\\/www.eldiario.net\\\/portal\\\/#organization\"},\"image\":{\"@id\":\"https:\\\/\\\/www.eldiario.net\\\/portal\\\/2023\\\/09\\\/05\\\/fbf-formaliza-denuncia-penal-por-estafa-y-asociacion-delictuosa\\\/#primaryimage\"},\"thumbnailUrl\":\"https:\\\/\\\/www.eldiario.net\\\/portal\\\/wp-content\\\/uploads\\\/2023\\\/09\\\/FUTBOL-FOTO.jpg\",\"articleSection\":[\"Portada\"],\"inLanguage\":\"es\"},{\"@type\":\"WebPage\",\"@id\":\"https:\\\/\\\/www.eldiario.net\\\/portal\\\/2023\\\/09\\\/05\\\/fbf-formaliza-denuncia-penal-por-estafa-y-asociacion-delictuosa\\\/\",\"url\":\"https:\\\/\\\/www.eldiario.net\\\/portal\\\/2023\\\/09\\\/05\\\/fbf-formaliza-denuncia-penal-por-estafa-y-asociacion-delictuosa\\\/\",\"name\":\"FBF formaliza denuncia penal por estafa y asociaci\u00f3n delictuosa - El Diario - Bolivia\",\"isPartOf\":{\"@id\":\"https:\\\/\\\/www.eldiario.net\\\/portal\\\/#website\"},\"primaryImageOfPage\":{\"@id\":\"https:\\\/\\\/www.eldiario.net\\\/portal\\\/2023\\\/09\\\/05\\\/fbf-formaliza-denuncia-penal-por-estafa-y-asociacion-delictuosa\\\/#primaryimage\"},\"image\":{\"@id\":\"https:\\\/\\\/www.eldiario.net\\\/portal\\\/2023\\\/09\\\/05\\\/fbf-formaliza-denuncia-penal-por-estafa-y-asociacion-delictuosa\\\/#primaryimage\"},\"thumbnailUrl\":\"https:\\\/\\\/www.eldiario.net\\\/portal\\\/wp-content\\\/uploads\\\/2023\\\/09\\\/FUTBOL-FOTO.jpg\",\"datePublished\":\"2023-09-05T10:27:20+00:00\",\"breadcrumb\":{\"@id\":\"https:\\\/\\\/www.eldiario.net\\\/portal\\\/2023\\\/09\\\/05\\\/fbf-formaliza-denuncia-penal-por-estafa-y-asociacion-delictuosa\\\/#breadcrumb\"},\"inLanguage\":\"es\",\"potentialAction\":[{\"@type\":\"ReadAction\",\"target\":[\"https:\\\/\\\/www.eldiario.net\\\/portal\\\/2023\\\/09\\\/05\\\/fbf-formaliza-denuncia-penal-por-estafa-y-asociacion-delictuosa\\\/\"]}]},{\"@type\":\"ImageObject\",\"inLanguage\":\"es\",\"@id\":\"https:\\\/\\\/www.eldiario.net\\\/portal\\\/2023\\\/09\\\/05\\\/fbf-formaliza-denuncia-penal-por-estafa-y-asociacion-delictuosa\\\/#primaryimage\",\"url\":\"https:\\\/\\\/www.eldiario.net\\\/portal\\\/wp-content\\\/uploads\\\/2023\\\/09\\\/FUTBOL-FOTO.jpg\",\"contentUrl\":\"https:\\\/\\\/www.eldiario.net\\\/portal\\\/wp-content\\\/uploads\\\/2023\\\/09\\\/FUTBOL-FOTO.jpg\",\"width\":700,\"height\":427,\"caption\":\"El asesor de la FBF, Christian Camacho, present\u00f3 la denuncia. Foto: ERBOL Deportes.\"},{\"@type\":\"BreadcrumbList\",\"@id\":\"https:\\\/\\\/www.eldiario.net\\\/portal\\\/2023\\\/09\\\/05\\\/fbf-formaliza-denuncia-penal-por-estafa-y-asociacion-delictuosa\\\/#breadcrumb\",\"itemListElement\":[{\"@type\":\"ListItem\",\"position\":1,\"name\":\"Portada\",\"item\":\"https:\\\/\\\/www.eldiario.net\\\/portal\\\/\"},{\"@type\":\"ListItem\",\"position\":2,\"name\":\"FBF formaliza denuncia penal por estafa y asociaci\u00f3n delictuosa\"}]},{\"@type\":\"WebSite\",\"@id\":\"https:\\\/\\\/www.eldiario.net\\\/portal\\\/#website\",\"url\":\"https:\\\/\\\/www.eldiario.net\\\/portal\\\/\",\"name\":\"El Diario - Decano de la prensa nacional\",\"description\":\"El Diario - Decano de la prensa nacional\",\"publisher\":{\"@id\":\"https:\\\/\\\/www.eldiario.net\\\/portal\\\/#organization\"},\"potentialAction\":[{\"@type\":\"SearchAction\",\"target\":{\"@type\":\"EntryPoint\",\"urlTemplate\":\"https:\\\/\\\/www.eldiario.net\\\/portal\\\/?s={search_term_string}\"},\"query-input\":{\"@type\":\"PropertyValueSpecification\",\"valueRequired\":true,\"valueName\":\"search_term_string\"}}],\"inLanguage\":\"es\"},{\"@type\":\"Organization\",\"@id\":\"https:\\\/\\\/www.eldiario.net\\\/portal\\\/#organization\",\"name\":\"El Diario - Decano de la prensa nacional\",\"url\":\"https:\\\/\\\/www.eldiario.net\\\/portal\\\/\",\"logo\":{\"@type\":\"ImageObject\",\"inLanguage\":\"es\",\"@id\":\"https:\\\/\\\/www.eldiario.net\\\/portal\\\/#\\\/schema\\\/logo\\\/image\\\/\",\"url\":\"https:\\\/\\\/www.eldiario.net\\\/portal\\\/wp-content\\\/uploads\\\/2023\\\/07\\\/logo_ED.jpg\",\"contentUrl\":\"https:\\\/\\\/www.eldiario.net\\\/portal\\\/wp-content\\\/uploads\\\/2023\\\/07\\\/logo_ED.jpg\",\"width\":272,\"height\":52,\"caption\":\"El Diario - Decano de la prensa nacional\"},\"image\":{\"@id\":\"https:\\\/\\\/www.eldiario.net\\\/portal\\\/#\\\/schema\\\/logo\\\/image\\\/\"},\"sameAs\":[\"https:\\\/\\\/www.facebook.com\\\/eldiario.bolivia\\\/\",\"https:\\\/\\\/x.com\\\/eldiario_net\"]},{\"@type\":\"Person\",\"@id\":\"https:\\\/\\\/www.eldiario.net\\\/portal\\\/#\\\/schema\\\/person\\\/2c57cf2b7a7ae032e449e4c9b1019eac\",\"name\":\"Jeanette\",\"image\":{\"@type\":\"ImageObject\",\"inLanguage\":\"es\",\"@id\":\"https:\\\/\\\/secure.gravatar.com\\\/avatar\\\/3ea2118a5f7dad2b7138b1187a6b7ee55f160b9968b66013c3a3ef39dd7e5798?s=96&d=mm&r=g\",\"url\":\"https:\\\/\\\/secure.gravatar.com\\\/avatar\\\/3ea2118a5f7dad2b7138b1187a6b7ee55f160b9968b66013c3a3ef39dd7e5798?s=96&d=mm&r=g\",\"contentUrl\":\"https:\\\/\\\/secure.gravatar.com\\\/avatar\\\/3ea2118a5f7dad2b7138b1187a6b7ee55f160b9968b66013c3a3ef39dd7e5798?s=96&d=mm&r=g\",\"caption\":\"Jeanette\"},\"sameAs\":[\"https:\\\/\\\/www.eldiario.net\\\/portal\"],\"url\":\"https:\\\/\\\/www.eldiario.net\\\/portal\\\/author\\\/jeanette\\\/\"}]}<\/script>\n<!-- \/ Yoast SEO plugin. -->","yoast_head_json":{"title":"FBF formaliza denuncia penal por estafa y asociaci\u00f3n delictuosa - El Diario - Bolivia","robots":{"index":"index","follow":"follow","max-snippet":"max-snippet:-1","max-image-preview":"max-image-preview:large","max-video-preview":"max-video-preview:-1"},"canonical":"https:\/\/www.eldiario.net\/portal\/2023\/09\/05\/fbf-formaliza-denuncia-penal-por-estafa-y-asociacion-delictuosa\/","og_locale":"es_ES","og_type":"article","og_title":"FBF formaliza denuncia penal por estafa y asociaci\u00f3n delictuosa - El Diario - Bolivia","og_description":"La Federaci\u00f3n Boliviana de F\u00fatbol, mediante su representaci\u00f3n legal, present\u00f3 ayer en la Fiscal\u00eda de La Paz una denuncia penal contra jugadores, dirigentes y \u00e1rbitros de f\u00fatbol, que estar\u00edan involucrados en la red de corrupci\u00f3n dedicada presuntamente a ama\u00f1ar partidos oficiales. El abogado de la FBF, Christ\u00edan Camacho, indic\u00f3 que inicialmente la denuncia es por [&hellip;]","og_url":"https:\/\/www.eldiario.net\/portal\/2023\/09\/05\/fbf-formaliza-denuncia-penal-por-estafa-y-asociacion-delictuosa\/","og_site_name":"El Diario - Bolivia","article_publisher":"https:\/\/www.facebook.com\/eldiario.bolivia\/","article_published_time":"2023-09-05T10:27:20+00:00","og_image":[{"width":700,"height":427,"url":"https:\/\/www.eldiario.net\/portal\/wp-content\/uploads\/2023\/09\/FUTBOL-FOTO.jpg","type":"image\/jpeg"}],"author":"Jeanette","twitter_card":"summary_large_image","twitter_creator":"@eldiario_net","twitter_site":"@eldiario_net","twitter_misc":{"Escrito por":"Jeanette","Tiempo de lectura":"2 minutos"},"schema":{"@context":"https:\/\/schema.org","@graph":[{"@type":"Article","@id":"https:\/\/www.eldiario.net\/portal\/2023\/09\/05\/fbf-formaliza-denuncia-penal-por-estafa-y-asociacion-delictuosa\/#article","isPartOf":{"@id":"https:\/\/www.eldiario.net\/portal\/2023\/09\/05\/fbf-formaliza-denuncia-penal-por-estafa-y-asociacion-delictuosa\/"},"author":{"name":"Jeanette","@id":"https:\/\/www.eldiario.net\/portal\/#\/schema\/person\/2c57cf2b7a7ae032e449e4c9b1019eac"},"headline":"FBF formaliza denuncia penal por estafa y asociaci\u00f3n delictuosa","datePublished":"2023-09-05T10:27:20+00:00","mainEntityOfPage":{"@id":"https:\/\/www.eldiario.net\/portal\/2023\/09\/05\/fbf-formaliza-denuncia-penal-por-estafa-y-asociacion-delictuosa\/"},"wordCount":300,"publisher":{"@id":"https:\/\/www.eldiario.net\/portal\/#organization"},"image":{"@id":"https:\/\/www.eldiario.net\/portal\/2023\/09\/05\/fbf-formaliza-denuncia-penal-por-estafa-y-asociacion-delictuosa\/#primaryimage"},"thumbnailUrl":"https:\/\/www.eldiario.net\/portal\/wp-content\/uploads\/2023\/09\/FUTBOL-FOTO.jpg","articleSection":["Portada"],"inLanguage":"es"},{"@type":"WebPage","@id":"https:\/\/www.eldiario.net\/portal\/2023\/09\/05\/fbf-formaliza-denuncia-penal-por-estafa-y-asociacion-delictuosa\/","url":"https:\/\/www.eldiario.net\/portal\/2023\/09\/05\/fbf-formaliza-denuncia-penal-por-estafa-y-asociacion-delictuosa\/","name":"FBF formaliza denuncia penal por estafa y asociaci\u00f3n delictuosa - El Diario - Bolivia","isPartOf":{"@id":"https:\/\/www.eldiario.net\/portal\/#website"},"primaryImageOfPage":{"@id":"https:\/\/www.eldiario.net\/portal\/2023\/09\/05\/fbf-formaliza-denuncia-penal-por-estafa-y-asociacion-delictuosa\/#primaryimage"},"image":{"@id":"https:\/\/www.eldiario.net\/portal\/2023\/09\/05\/fbf-formaliza-denuncia-penal-por-estafa-y-asociacion-delictuosa\/#primaryimage"},"thumbnailUrl":"https:\/\/www.eldiario.net\/portal\/wp-content\/uploads\/2023\/09\/FUTBOL-FOTO.jpg","datePublished":"2023-09-05T10:27:20+00:00","breadcrumb":{"@id":"https:\/\/www.eldiario.net\/portal\/2023\/09\/05\/fbf-formaliza-denuncia-penal-por-estafa-y-asociacion-delictuosa\/#breadcrumb"},"inLanguage":"es","potentialAction":[{"@type":"ReadAction","target":["https:\/\/www.eldiario.net\/portal\/2023\/09\/05\/fbf-formaliza-denuncia-penal-por-estafa-y-asociacion-delictuosa\/"]}]},{"@type":"ImageObject","inLanguage":"es","@id":"https:\/\/www.eldiario.net\/portal\/2023\/09\/05\/fbf-formaliza-denuncia-penal-por-estafa-y-asociacion-delictuosa\/#primaryimage","url":"https:\/\/www.eldiario.net\/portal\/wp-content\/uploads\/2023\/09\/FUTBOL-FOTO.jpg","contentUrl":"https:\/\/www.eldiario.net\/portal\/wp-content\/uploads\/2023\/09\/FUTBOL-FOTO.jpg","width":700,"height":427,"caption":"El asesor de la FBF, Christian Camacho, present\u00f3 la denuncia. Foto: ERBOL Deportes."},{"@type":"BreadcrumbList","@id":"https:\/\/www.eldiario.net\/portal\/2023\/09\/05\/fbf-formaliza-denuncia-penal-por-estafa-y-asociacion-delictuosa\/#breadcrumb","itemListElement":[{"@type":"ListItem","position":1,"name":"Portada","item":"https:\/\/www.eldiario.net\/portal\/"},{"@type":"ListItem","position":2,"name":"FBF formaliza denuncia penal por estafa y asociaci\u00f3n delictuosa"}]},{"@type":"WebSite","@id":"https:\/\/www.eldiario.net\/portal\/#website","url":"https:\/\/www.eldiario.net\/portal\/","name":"El Diario - Decano de la prensa nacional","description":"El Diario - Decano de la prensa nacional","publisher":{"@id":"https:\/\/www.eldiario.net\/portal\/#organization"},"potentialAction":[{"@type":"SearchAction","target":{"@type":"EntryPoint","urlTemplate":"https:\/\/www.eldiario.net\/portal\/?s={search_term_string}"},"query-input":{"@type":"PropertyValueSpecification","valueRequired":true,"valueName":"search_term_string"}}],"inLanguage":"es"},{"@type":"Organization","@id":"https:\/\/www.eldiario.net\/portal\/#organization","name":"El Diario - Decano de la prensa nacional","url":"https:\/\/www.eldiario.net\/portal\/","logo":{"@type":"ImageObject","inLanguage":"es","@id":"https:\/\/www.eldiario.net\/portal\/#\/schema\/logo\/image\/","url":"https:\/\/www.eldiario.net\/portal\/wp-content\/uploads\/2023\/07\/logo_ED.jpg","contentUrl":"https:\/\/www.eldiario.net\/portal\/wp-content\/uploads\/2023\/07\/logo_ED.jpg","width":272,"height":52,"caption":"El Diario - Decano de la prensa nacional"},"image":{"@id":"https:\/\/www.eldiario.net\/portal\/#\/schema\/logo\/image\/"},"sameAs":["https:\/\/www.facebook.com\/eldiario.bolivia\/","https:\/\/x.com\/eldiario_net"]},{"@type":"Person","@id":"https:\/\/www.eldiario.net\/portal\/#\/schema\/person\/2c57cf2b7a7ae032e449e4c9b1019eac","name":"Jeanette","image":{"@type":"ImageObject","inLanguage":"es","@id":"https:\/\/secure.gravatar.com\/avatar\/3ea2118a5f7dad2b7138b1187a6b7ee55f160b9968b66013c3a3ef39dd7e5798?s=96&d=mm&r=g","url":"https:\/\/secure.gravatar.com\/avatar\/3ea2118a5f7dad2b7138b1187a6b7ee55f160b9968b66013c3a3ef39dd7e5798?s=96&d=mm&r=g","contentUrl":"https:\/\/secure.gravatar.com\/avatar\/3ea2118a5f7dad2b7138b1187a6b7ee55f160b9968b66013c3a3ef39dd7e5798?s=96&d=mm&r=g","caption":"Jeanette"},"sameAs":["https:\/\/www.eldiario.net\/portal"],"url":"https:\/\/www.eldiario.net\/portal\/author\/jeanette\/"}]}},"_links":{"self":[{"href":"https:\/\/www.eldiario.net\/portal\/wp-json\/wp\/v2\/posts\/174865","targetHints":{"allow":["GET"]}}],"collection":[{"href":"https:\/\/www.eldiario.net\/portal\/wp-json\/wp\/v2\/posts"}],"about":[{"href":"https:\/\/www.eldiario.net\/portal\/wp-json\/wp\/v2\/types\/post"}],"author":[{"embeddable":true,"href":"https:\/\/www.eldiario.net\/portal\/wp-json\/wp\/v2\/users\/1"}],"replies":[{"embeddable":true,"href":"https:\/\/www.eldiario.net\/portal\/wp-json\/wp\/v2\/comments?post=174865"}],"version-history":[{"count":0,"href":"https:\/\/www.eldiario.net\/portal\/wp-json\/wp\/v2\/posts\/174865\/revisions"}],"wp:featuredmedia":[{"embeddable":true,"href":"https:\/\/www.eldiario.net\/portal\/wp-json\/wp\/v2\/media\/174866"}],"wp:attachment":[{"href":"https:\/\/www.eldiario.net\/portal\/wp-json\/wp\/v2\/media?parent=174865"}],"wp:term":[{"taxonomy":"category","embeddable":true,"href":"https:\/\/www.eldiario.net\/portal\/wp-json\/wp\/v2\/categories?post=174865"},{"taxonomy":"post_tag","embeddable":true,"href":"https:\/\/www.eldiario.net\/portal\/wp-json\/wp\/v2\/tags?post=174865"}],"curies":[{"name":"wp","href":"https:\/\/api.w.org\/{rel}","templated":true}]}}