{"id":174862,"date":"2023-09-05T06:26:19","date_gmt":"2023-09-05T10:26:19","guid":{"rendered":"https:\/\/www.eldiario.net\/portal\/?p=174862"},"modified":"2023-09-05T06:26:19","modified_gmt":"2023-09-05T10:26:19","slug":"corea-del-norte-y-rusia-perfilan-cooperacion-militar","status":"publish","type":"post","link":"https:\/\/www.eldiario.net\/portal\/2023\/09\/05\/corea-del-norte-y-rusia-perfilan-cooperacion-militar\/","title":{"rendered":"Corea del Norte y Rusia perfilan cooperaci\u00f3n militar"},"content":{"rendered":"<p>El mandatario de Corea del Norte, Kim Jong Un, planea viajar a Rusia este mes para reunirse con el presidente ruso, Vladimir Putin, con el objetivo de incrementar la cooperaci\u00f3n militar bilateral y discutir un posible acuerdo de suministro de armamento.<\/p>\n<p>Seg\u00fan han trasladado fuentes estadounidenses y aliadas al diario The New York Times, Kim viajar\u00e1 desde la capital de Corea del Norte, Pyongyang, hasta la ciudad portuaria rusa de Vladivostok en un tren blindado, una visita que tambi\u00e9n podr\u00eda incluir una parada en Mosc\u00fa.<\/p>\n<p>Se espera que ambos acudan a un foro econ\u00f3mico que se celebra en la Universidad Federal del Lejano Oriente de Vladivostok del 10 al 13 de septiembre, un encuentro que el norcoreano ya presenci\u00f3 en abril de 2019 durante su \u00faltimo viaje al pa\u00eds. En su agenda, Kim tambi\u00e9n tiene previsto visitar el muelle en el que se encuentra la flota rusa del Pac\u00edfico. (Europa Press)<\/p>\n<p>M\u00c1S INFORMACI\u00d3N INTERNACIONAL<\/p>\n","protected":false},"excerpt":{"rendered":"<p>El mandatario de Corea del Norte, Kim Jong Un, planea viajar a Rusia este mes para reunirse con el presidente ruso, Vladimir Putin, con el objetivo de incrementar la cooperaci\u00f3n militar bilateral y discutir un posible acuerdo de suministro de armamento. Seg\u00fan han trasladado fuentes estadounidenses y aliadas al diario The New York Times, Kim [&hellip;]<\/p>\n","protected":false},"author":1,"featured_media":174863,"comment_status":"closed","ping_status":"open","sticky":false,"template":"","format":"standard","meta":{"_acf_changed":false,"footnotes":""},"categories":[15],"tags":[],"class_list":["post-174862","post","type-post","status-publish","format-standard","has-post-thumbnail","category-portada"],"acf":{"antetitulo":""},"yoast_head":"<!-- This site is optimized with the Yoast SEO plugin v28.4 - https:\/\/yoast.com\/product\/yoast-seo-wordpress\/ -->\n<title>Corea del Norte y Rusia perfilan cooperaci\u00f3n militar - El Diario - Bolivia<\/title>\n<meta name=\"robots\" content=\"index, follow, max-snippet:-1, max-image-preview:large, max-video-preview:-1\" \/>\n<link rel=\"canonical\" href=\"https:\/\/www.eldiario.net\/portal\/2023\/09\/05\/corea-del-norte-y-rusia-perfilan-cooperacion-militar\/\" \/>\n<meta property=\"og:locale\" content=\"es_ES\" \/>\n<meta property=\"og:type\" content=\"article\" \/>\n<meta property=\"og:title\" content=\"Corea del Norte y Rusia perfilan cooperaci\u00f3n militar - El Diario - Bolivia\" \/>\n<meta property=\"og:description\" content=\"El mandatario de Corea del Norte, Kim Jong Un, planea viajar a Rusia este mes para reunirse con el presidente ruso, Vladimir Putin, con el objetivo de incrementar la cooperaci\u00f3n militar bilateral y discutir un posible acuerdo de suministro de armamento. Seg\u00fan han trasladado fuentes estadounidenses y aliadas al diario The New York Times, Kim [&hellip;]\" \/>\n<meta property=\"og:url\" content=\"https:\/\/www.eldiario.net\/portal\/2023\/09\/05\/corea-del-norte-y-rusia-perfilan-cooperacion-militar\/\" \/>\n<meta property=\"og:site_name\" content=\"El Diario - Bolivia\" \/>\n<meta property=\"article:publisher\" content=\"https:\/\/www.facebook.com\/eldiario.bolivia\/\" \/>\n<meta property=\"article:published_time\" content=\"2023-09-05T10:26:19+00:00\" \/>\n<meta property=\"og:image\" content=\"https:\/\/www.eldiario.net\/portal\/wp-content\/uploads\/2023\/09\/PUTIN-FOTO.jpg\" \/>\n\t<meta property=\"og:image:width\" content=\"956\" \/>\n\t<meta property=\"og:image:height\" content=\"570\" \/>\n\t<meta property=\"og:image:type\" content=\"image\/jpeg\" \/>\n<meta name=\"author\" content=\"Jeanette\" \/>\n<meta name=\"twitter:card\" content=\"summary_large_image\" \/>\n<meta name=\"twitter:creator\" content=\"@eldiario_net\" \/>\n<meta name=\"twitter:site\" content=\"@eldiario_net\" \/>\n<meta name=\"twitter:label1\" content=\"Escrito por\" \/>\n\t<meta name=\"twitter:data1\" content=\"Jeanette\" \/>\n\t<meta name=\"twitter:label2\" content=\"Tiempo de lectura\" \/>\n\t<meta name=\"twitter:data2\" content=\"1 minuto\" \/>\n<script type=\"application\/ld+json\" class=\"yoast-schema-graph\">{\"@context\":\"https:\\\/\\\/schema.org\",\"@graph\":[{\"@type\":\"Article\",\"@id\":\"https:\\\/\\\/www.eldiario.net\\\/portal\\\/2023\\\/09\\\/05\\\/corea-del-norte-y-rusia-perfilan-cooperacion-militar\\\/#article\",\"isPartOf\":{\"@id\":\"https:\\\/\\\/www.eldiario.net\\\/portal\\\/2023\\\/09\\\/05\\\/corea-del-norte-y-rusia-perfilan-cooperacion-militar\\\/\"},\"author\":{\"name\":\"Jeanette\",\"@id\":\"https:\\\/\\\/www.eldiario.net\\\/portal\\\/#\\\/schema\\\/person\\\/2c57cf2b7a7ae032e449e4c9b1019eac\"},\"headline\":\"Corea del Norte y Rusia perfilan cooperaci\u00f3n militar\",\"datePublished\":\"2023-09-05T10:26:19+00:00\",\"mainEntityOfPage\":{\"@id\":\"https:\\\/\\\/www.eldiario.net\\\/portal\\\/2023\\\/09\\\/05\\\/corea-del-norte-y-rusia-perfilan-cooperacion-militar\\\/\"},\"wordCount\":170,\"publisher\":{\"@id\":\"https:\\\/\\\/www.eldiario.net\\\/portal\\\/#organization\"},\"image\":{\"@id\":\"https:\\\/\\\/www.eldiario.net\\\/portal\\\/2023\\\/09\\\/05\\\/corea-del-norte-y-rusia-perfilan-cooperacion-militar\\\/#primaryimage\"},\"thumbnailUrl\":\"https:\\\/\\\/www.eldiario.net\\\/portal\\\/wp-content\\\/uploads\\\/2023\\\/09\\\/PUTIN-FOTO.jpg\",\"articleSection\":[\"Portada\"],\"inLanguage\":\"es\"},{\"@type\":\"WebPage\",\"@id\":\"https:\\\/\\\/www.eldiario.net\\\/portal\\\/2023\\\/09\\\/05\\\/corea-del-norte-y-rusia-perfilan-cooperacion-militar\\\/\",\"url\":\"https:\\\/\\\/www.eldiario.net\\\/portal\\\/2023\\\/09\\\/05\\\/corea-del-norte-y-rusia-perfilan-cooperacion-militar\\\/\",\"name\":\"Corea del Norte y Rusia perfilan cooperaci\u00f3n militar - El Diario - Bolivia\",\"isPartOf\":{\"@id\":\"https:\\\/\\\/www.eldiario.net\\\/portal\\\/#website\"},\"primaryImageOfPage\":{\"@id\":\"https:\\\/\\\/www.eldiario.net\\\/portal\\\/2023\\\/09\\\/05\\\/corea-del-norte-y-rusia-perfilan-cooperacion-militar\\\/#primaryimage\"},\"image\":{\"@id\":\"https:\\\/\\\/www.eldiario.net\\\/portal\\\/2023\\\/09\\\/05\\\/corea-del-norte-y-rusia-perfilan-cooperacion-militar\\\/#primaryimage\"},\"thumbnailUrl\":\"https:\\\/\\\/www.eldiario.net\\\/portal\\\/wp-content\\\/uploads\\\/2023\\\/09\\\/PUTIN-FOTO.jpg\",\"datePublished\":\"2023-09-05T10:26:19+00:00\",\"breadcrumb\":{\"@id\":\"https:\\\/\\\/www.eldiario.net\\\/portal\\\/2023\\\/09\\\/05\\\/corea-del-norte-y-rusia-perfilan-cooperacion-militar\\\/#breadcrumb\"},\"inLanguage\":\"es\",\"potentialAction\":[{\"@type\":\"ReadAction\",\"target\":[\"https:\\\/\\\/www.eldiario.net\\\/portal\\\/2023\\\/09\\\/05\\\/corea-del-norte-y-rusia-perfilan-cooperacion-militar\\\/\"]}]},{\"@type\":\"ImageObject\",\"inLanguage\":\"es\",\"@id\":\"https:\\\/\\\/www.eldiario.net\\\/portal\\\/2023\\\/09\\\/05\\\/corea-del-norte-y-rusia-perfilan-cooperacion-militar\\\/#primaryimage\",\"url\":\"https:\\\/\\\/www.eldiario.net\\\/portal\\\/wp-content\\\/uploads\\\/2023\\\/09\\\/PUTIN-FOTO.jpg\",\"contentUrl\":\"https:\\\/\\\/www.eldiario.net\\\/portal\\\/wp-content\\\/uploads\\\/2023\\\/09\\\/PUTIN-FOTO.jpg\",\"width\":956,\"height\":570,\"caption\":\"El mandatario de Corea del Norte, Kim Jong Un, planea viajar a Rusia con el presidente ruso, Vladimir Putin. FOTO: KNCA\"},{\"@type\":\"BreadcrumbList\",\"@id\":\"https:\\\/\\\/www.eldiario.net\\\/portal\\\/2023\\\/09\\\/05\\\/corea-del-norte-y-rusia-perfilan-cooperacion-militar\\\/#breadcrumb\",\"itemListElement\":[{\"@type\":\"ListItem\",\"position\":1,\"name\":\"Portada\",\"item\":\"https:\\\/\\\/www.eldiario.net\\\/portal\\\/\"},{\"@type\":\"ListItem\",\"position\":2,\"name\":\"Corea del Norte y Rusia perfilan cooperaci\u00f3n militar\"}]},{\"@type\":\"WebSite\",\"@id\":\"https:\\\/\\\/www.eldiario.net\\\/portal\\\/#website\",\"url\":\"https:\\\/\\\/www.eldiario.net\\\/portal\\\/\",\"name\":\"El Diario - Decano de la prensa nacional\",\"description\":\"El Diario - Decano de la prensa nacional\",\"publisher\":{\"@id\":\"https:\\\/\\\/www.eldiario.net\\\/portal\\\/#organization\"},\"potentialAction\":[{\"@type\":\"SearchAction\",\"target\":{\"@type\":\"EntryPoint\",\"urlTemplate\":\"https:\\\/\\\/www.eldiario.net\\\/portal\\\/?s={search_term_string}\"},\"query-input\":{\"@type\":\"PropertyValueSpecification\",\"valueRequired\":true,\"valueName\":\"search_term_string\"}}],\"inLanguage\":\"es\"},{\"@type\":\"Organization\",\"@id\":\"https:\\\/\\\/www.eldiario.net\\\/portal\\\/#organization\",\"name\":\"El Diario - Decano de la prensa nacional\",\"url\":\"https:\\\/\\\/www.eldiario.net\\\/portal\\\/\",\"logo\":{\"@type\":\"ImageObject\",\"inLanguage\":\"es\",\"@id\":\"https:\\\/\\\/www.eldiario.net\\\/portal\\\/#\\\/schema\\\/logo\\\/image\\\/\",\"url\":\"https:\\\/\\\/www.eldiario.net\\\/portal\\\/wp-content\\\/uploads\\\/2023\\\/07\\\/logo_ED.jpg\",\"contentUrl\":\"https:\\\/\\\/www.eldiario.net\\\/portal\\\/wp-content\\\/uploads\\\/2023\\\/07\\\/logo_ED.jpg\",\"width\":272,\"height\":52,\"caption\":\"El Diario - Decano de la prensa nacional\"},\"image\":{\"@id\":\"https:\\\/\\\/www.eldiario.net\\\/portal\\\/#\\\/schema\\\/logo\\\/image\\\/\"},\"sameAs\":[\"https:\\\/\\\/www.facebook.com\\\/eldiario.bolivia\\\/\",\"https:\\\/\\\/x.com\\\/eldiario_net\"]},{\"@type\":\"Person\",\"@id\":\"https:\\\/\\\/www.eldiario.net\\\/portal\\\/#\\\/schema\\\/person\\\/2c57cf2b7a7ae032e449e4c9b1019eac\",\"name\":\"Jeanette\",\"image\":{\"@type\":\"ImageObject\",\"inLanguage\":\"es\",\"@id\":\"https:\\\/\\\/secure.gravatar.com\\\/avatar\\\/3ea2118a5f7dad2b7138b1187a6b7ee55f160b9968b66013c3a3ef39dd7e5798?s=96&d=mm&r=g\",\"url\":\"https:\\\/\\\/secure.gravatar.com\\\/avatar\\\/3ea2118a5f7dad2b7138b1187a6b7ee55f160b9968b66013c3a3ef39dd7e5798?s=96&d=mm&r=g\",\"contentUrl\":\"https:\\\/\\\/secure.gravatar.com\\\/avatar\\\/3ea2118a5f7dad2b7138b1187a6b7ee55f160b9968b66013c3a3ef39dd7e5798?s=96&d=mm&r=g\",\"caption\":\"Jeanette\"},\"sameAs\":[\"https:\\\/\\\/www.eldiario.net\\\/portal\"],\"url\":\"https:\\\/\\\/www.eldiario.net\\\/portal\\\/author\\\/jeanette\\\/\"}]}<\/script>\n<!-- \/ Yoast SEO plugin. -->","yoast_head_json":{"title":"Corea del Norte y Rusia perfilan cooperaci\u00f3n militar - El Diario - Bolivia","robots":{"index":"index","follow":"follow","max-snippet":"max-snippet:-1","max-image-preview":"max-image-preview:large","max-video-preview":"max-video-preview:-1"},"canonical":"https:\/\/www.eldiario.net\/portal\/2023\/09\/05\/corea-del-norte-y-rusia-perfilan-cooperacion-militar\/","og_locale":"es_ES","og_type":"article","og_title":"Corea del Norte y Rusia perfilan cooperaci\u00f3n militar - El Diario - Bolivia","og_description":"El mandatario de Corea del Norte, Kim Jong Un, planea viajar a Rusia este mes para reunirse con el presidente ruso, Vladimir Putin, con el objetivo de incrementar la cooperaci\u00f3n militar bilateral y discutir un posible acuerdo de suministro de armamento. Seg\u00fan han trasladado fuentes estadounidenses y aliadas al diario The New York Times, Kim [&hellip;]","og_url":"https:\/\/www.eldiario.net\/portal\/2023\/09\/05\/corea-del-norte-y-rusia-perfilan-cooperacion-militar\/","og_site_name":"El Diario - Bolivia","article_publisher":"https:\/\/www.facebook.com\/eldiario.bolivia\/","article_published_time":"2023-09-05T10:26:19+00:00","og_image":[{"width":956,"height":570,"url":"https:\/\/www.eldiario.net\/portal\/wp-content\/uploads\/2023\/09\/PUTIN-FOTO.jpg","type":"image\/jpeg"}],"author":"Jeanette","twitter_card":"summary_large_image","twitter_creator":"@eldiario_net","twitter_site":"@eldiario_net","twitter_misc":{"Escrito por":"Jeanette","Tiempo de lectura":"1 minuto"},"schema":{"@context":"https:\/\/schema.org","@graph":[{"@type":"Article","@id":"https:\/\/www.eldiario.net\/portal\/2023\/09\/05\/corea-del-norte-y-rusia-perfilan-cooperacion-militar\/#article","isPartOf":{"@id":"https:\/\/www.eldiario.net\/portal\/2023\/09\/05\/corea-del-norte-y-rusia-perfilan-cooperacion-militar\/"},"author":{"name":"Jeanette","@id":"https:\/\/www.eldiario.net\/portal\/#\/schema\/person\/2c57cf2b7a7ae032e449e4c9b1019eac"},"headline":"Corea del Norte y Rusia perfilan cooperaci\u00f3n militar","datePublished":"2023-09-05T10:26:19+00:00","mainEntityOfPage":{"@id":"https:\/\/www.eldiario.net\/portal\/2023\/09\/05\/corea-del-norte-y-rusia-perfilan-cooperacion-militar\/"},"wordCount":170,"publisher":{"@id":"https:\/\/www.eldiario.net\/portal\/#organization"},"image":{"@id":"https:\/\/www.eldiario.net\/portal\/2023\/09\/05\/corea-del-norte-y-rusia-perfilan-cooperacion-militar\/#primaryimage"},"thumbnailUrl":"https:\/\/www.eldiario.net\/portal\/wp-content\/uploads\/2023\/09\/PUTIN-FOTO.jpg","articleSection":["Portada"],"inLanguage":"es"},{"@type":"WebPage","@id":"https:\/\/www.eldiario.net\/portal\/2023\/09\/05\/corea-del-norte-y-rusia-perfilan-cooperacion-militar\/","url":"https:\/\/www.eldiario.net\/portal\/2023\/09\/05\/corea-del-norte-y-rusia-perfilan-cooperacion-militar\/","name":"Corea del Norte y Rusia perfilan cooperaci\u00f3n militar - El Diario - Bolivia","isPartOf":{"@id":"https:\/\/www.eldiario.net\/portal\/#website"},"primaryImageOfPage":{"@id":"https:\/\/www.eldiario.net\/portal\/2023\/09\/05\/corea-del-norte-y-rusia-perfilan-cooperacion-militar\/#primaryimage"},"image":{"@id":"https:\/\/www.eldiario.net\/portal\/2023\/09\/05\/corea-del-norte-y-rusia-perfilan-cooperacion-militar\/#primaryimage"},"thumbnailUrl":"https:\/\/www.eldiario.net\/portal\/wp-content\/uploads\/2023\/09\/PUTIN-FOTO.jpg","datePublished":"2023-09-05T10:26:19+00:00","breadcrumb":{"@id":"https:\/\/www.eldiario.net\/portal\/2023\/09\/05\/corea-del-norte-y-rusia-perfilan-cooperacion-militar\/#breadcrumb"},"inLanguage":"es","potentialAction":[{"@type":"ReadAction","target":["https:\/\/www.eldiario.net\/portal\/2023\/09\/05\/corea-del-norte-y-rusia-perfilan-cooperacion-militar\/"]}]},{"@type":"ImageObject","inLanguage":"es","@id":"https:\/\/www.eldiario.net\/portal\/2023\/09\/05\/corea-del-norte-y-rusia-perfilan-cooperacion-militar\/#primaryimage","url":"https:\/\/www.eldiario.net\/portal\/wp-content\/uploads\/2023\/09\/PUTIN-FOTO.jpg","contentUrl":"https:\/\/www.eldiario.net\/portal\/wp-content\/uploads\/2023\/09\/PUTIN-FOTO.jpg","width":956,"height":570,"caption":"El mandatario de Corea del Norte, Kim Jong Un, planea viajar a Rusia con el presidente ruso, Vladimir Putin. FOTO: KNCA"},{"@type":"BreadcrumbList","@id":"https:\/\/www.eldiario.net\/portal\/2023\/09\/05\/corea-del-norte-y-rusia-perfilan-cooperacion-militar\/#breadcrumb","itemListElement":[{"@type":"ListItem","position":1,"name":"Portada","item":"https:\/\/www.eldiario.net\/portal\/"},{"@type":"ListItem","position":2,"name":"Corea del Norte y Rusia perfilan cooperaci\u00f3n militar"}]},{"@type":"WebSite","@id":"https:\/\/www.eldiario.net\/portal\/#website","url":"https:\/\/www.eldiario.net\/portal\/","name":"El Diario - Decano de la prensa nacional","description":"El Diario - Decano de la prensa nacional","publisher":{"@id":"https:\/\/www.eldiario.net\/portal\/#organization"},"potentialAction":[{"@type":"SearchAction","target":{"@type":"EntryPoint","urlTemplate":"https:\/\/www.eldiario.net\/portal\/?s={search_term_string}"},"query-input":{"@type":"PropertyValueSpecification","valueRequired":true,"valueName":"search_term_string"}}],"inLanguage":"es"},{"@type":"Organization","@id":"https:\/\/www.eldiario.net\/portal\/#organization","name":"El Diario - Decano de la prensa nacional","url":"https:\/\/www.eldiario.net\/portal\/","logo":{"@type":"ImageObject","inLanguage":"es","@id":"https:\/\/www.eldiario.net\/portal\/#\/schema\/logo\/image\/","url":"https:\/\/www.eldiario.net\/portal\/wp-content\/uploads\/2023\/07\/logo_ED.jpg","contentUrl":"https:\/\/www.eldiario.net\/portal\/wp-content\/uploads\/2023\/07\/logo_ED.jpg","width":272,"height":52,"caption":"El Diario - Decano de la prensa nacional"},"image":{"@id":"https:\/\/www.eldiario.net\/portal\/#\/schema\/logo\/image\/"},"sameAs":["https:\/\/www.facebook.com\/eldiario.bolivia\/","https:\/\/x.com\/eldiario_net"]},{"@type":"Person","@id":"https:\/\/www.eldiario.net\/portal\/#\/schema\/person\/2c57cf2b7a7ae032e449e4c9b1019eac","name":"Jeanette","image":{"@type":"ImageObject","inLanguage":"es","@id":"https:\/\/secure.gravatar.com\/avatar\/3ea2118a5f7dad2b7138b1187a6b7ee55f160b9968b66013c3a3ef39dd7e5798?s=96&d=mm&r=g","url":"https:\/\/secure.gravatar.com\/avatar\/3ea2118a5f7dad2b7138b1187a6b7ee55f160b9968b66013c3a3ef39dd7e5798?s=96&d=mm&r=g","contentUrl":"https:\/\/secure.gravatar.com\/avatar\/3ea2118a5f7dad2b7138b1187a6b7ee55f160b9968b66013c3a3ef39dd7e5798?s=96&d=mm&r=g","caption":"Jeanette"},"sameAs":["https:\/\/www.eldiario.net\/portal"],"url":"https:\/\/www.eldiario.net\/portal\/author\/jeanette\/"}]}},"_links":{"self":[{"href":"https:\/\/www.eldiario.net\/portal\/wp-json\/wp\/v2\/posts\/174862","targetHints":{"allow":["GET"]}}],"collection":[{"href":"https:\/\/www.eldiario.net\/portal\/wp-json\/wp\/v2\/posts"}],"about":[{"href":"https:\/\/www.eldiario.net\/portal\/wp-json\/wp\/v2\/types\/post"}],"author":[{"embeddable":true,"href":"https:\/\/www.eldiario.net\/portal\/wp-json\/wp\/v2\/users\/1"}],"replies":[{"embeddable":true,"href":"https:\/\/www.eldiario.net\/portal\/wp-json\/wp\/v2\/comments?post=174862"}],"version-history":[{"count":0,"href":"https:\/\/www.eldiario.net\/portal\/wp-json\/wp\/v2\/posts\/174862\/revisions"}],"wp:featuredmedia":[{"embeddable":true,"href":"https:\/\/www.eldiario.net\/portal\/wp-json\/wp\/v2\/media\/174863"}],"wp:attachment":[{"href":"https:\/\/www.eldiario.net\/portal\/wp-json\/wp\/v2\/media?parent=174862"}],"wp:term":[{"taxonomy":"category","embeddable":true,"href":"https:\/\/www.eldiario.net\/portal\/wp-json\/wp\/v2\/categories?post=174862"},{"taxonomy":"post_tag","embeddable":true,"href":"https:\/\/www.eldiario.net\/portal\/wp-json\/wp\/v2\/tags?post=174862"}],"curies":[{"name":"wp","href":"https:\/\/api.w.org\/{rel}","templated":true}]}}