{"id":174850,"date":"2023-09-04T07:16:40","date_gmt":"2023-09-04T11:16:40","guid":{"rendered":"https:\/\/www.eldiario.net\/portal\/?p=174850"},"modified":"2023-09-04T07:16:40","modified_gmt":"2023-09-04T11:16:40","slug":"la-nueva-computadora-portatil-lenovo-yoga-pro-9i-gen-8","status":"publish","type":"post","link":"https:\/\/www.eldiario.net\/portal\/2023\/09\/04\/la-nueva-computadora-portatil-lenovo-yoga-pro-9i-gen-8\/","title":{"rendered":"La nueva computadora port\u00e1til Lenovo Yoga Pro 9i Gen 8"},"content":{"rendered":"<p>Se trata de la Lenovo Yoga Pro 9i Gen 8,\u00a0 una de las computadoras port\u00e1tiles m\u00e1s impresionantes de 2023.<\/p>\n<p>Este equipo \u00a0port\u00e1til que puede manejar tanto trabajo creativo intensivo como juegos, gracias a sus procesadores Intel Core de 13.a generaci\u00f3n y gr\u00e1ficos Nvidia RTX.<\/p>\n<p>Llama la atenci\u00f3n que Lenovo pudo poner tanta potencia en un chasis delgado y elegante.<\/p>\n<p>No es s\u00f3lo el hardware lo que llama la atenci\u00f3n con el Lenovo Yoga Pro 9i.\u00a0su dise\u00f1o es \u00a0elegante unibody con contornos c\u00f3modos.\u00a0Puedes conseguirlo en dos colores: Tidal Teal y Storm Grey.<\/p>\n<p>Para el rendimiento que ofrece esta computadora port\u00e1til, es bastante liviana para su tama\u00f1o.\u00a0No es el dispositivo m\u00e1s port\u00e1til que existe, especialmente si compras el modelo de 16 pulgadas, pero no es voluminoso, ya que a\u00fan as\u00ed es f\u00e1cil de llevar en una mochila o funda.<\/p>\n<p>En cuanto a los puertos Hay uno para casi todo lo que necesites, incluido un lector de tarjetas SD de tama\u00f1o completo.\u00a0El \u00fanico puerto que probablemente extra\u00f1ar\u00e1 es el Ethernet.<\/p>\n<p>El Lenovo Yoga Pro 9i Gen 8 16 es un port\u00e1til multimedia premium para creadores y jugadores.\u00a0La prueba definitiva de ello es la pantalla MiniLED PureSight Pro que viene con\u00a0una resoluci\u00f3n 3K de 3072 x 1920 p\u00edxeles te brinda ese detalle que deseas al editar fotos o videos.<\/p>\n<p>Su pantalla es sin duda una de las mejores caracter\u00edsticas de este dispositivo.\u00a0Puede ofrecer colores vivos, detalles n\u00edtidos y movimientos suaves.\u00a0La precisi\u00f3n del color en el panel es de nivel profesional, ya que obtiene una puntuaci\u00f3n del 100 % en todas las tablas de gama principales.<\/p>\n<p>Como computadora port\u00e1til premium para profesionales creativos, es l\u00f3gico que los \u00faltimos procesadores Intel Core de 13.a generaci\u00f3n impulsen el Yoga Pro 9i.\u00a0Estos chips h\u00edbridos vienen con n\u00facleos de alto rendimiento y alta eficiencia para brindarte el rendimiento deseado u ofrecerte una excelente duraci\u00f3n de la bater\u00eda.<\/p>\n<p>Ya sea que compre el modelo de 14 o 16 pulgadas, puede configurar las computadoras port\u00e1tiles con Intel Core i9-13905H con un reloj de refuerzo de hasta 5,0 GHz.<\/p>\n<p>Dado que es una computadora port\u00e1til para creadores y jugadores, necesita una tarjeta gr\u00e1fica potente y puede alcanzar la Nvidia GeForce 4070. Con este hardware, puede manejar la mayor\u00eda de los juegos modernos con configuraciones y resoluciones altas.<\/p>\n<p>El Yoga Pro 9i tiene uno de los mejores teclados que puedes usar en una computadora port\u00e1til, con teclas bien espaciadas y respuesta t\u00e1ctil satisfactoria.<\/p>\n<p>El panel t\u00e1ctil de cristal tambi\u00e9n es una excelente pieza de hardware.\u00a0Es fluido y responde a gestos y clics.<\/p>\n","protected":false},"excerpt":{"rendered":"<p>Se trata de la Lenovo Yoga Pro 9i Gen 8,\u00a0 una de las computadoras port\u00e1tiles m\u00e1s impresionantes de 2023. Este equipo \u00a0port\u00e1til que puede manejar tanto trabajo creativo intensivo como juegos, gracias a sus procesadores Intel Core de 13.a generaci\u00f3n y gr\u00e1ficos Nvidia RTX. Llama la atenci\u00f3n que Lenovo pudo poner tanta potencia en un [&hellip;]<\/p>\n","protected":false},"author":1,"featured_media":174851,"comment_status":"closed","ping_status":"open","sticky":false,"template":"","format":"standard","meta":{"_acf_changed":false,"footnotes":""},"categories":[46],"tags":[],"class_list":["post-174850","post","type-post","status-publish","format-standard","has-post-thumbnail","category-ciencia-computacion"],"acf":{"antetitulo":""},"yoast_head":"<!-- This site is optimized with the Yoast SEO plugin v28.4 - https:\/\/yoast.com\/product\/yoast-seo-wordpress\/ -->\n<title>La nueva computadora port\u00e1til Lenovo Yoga Pro 9i Gen 8 - El Diario - Bolivia<\/title>\n<meta name=\"robots\" content=\"index, follow, max-snippet:-1, max-image-preview:large, max-video-preview:-1\" \/>\n<link rel=\"canonical\" href=\"https:\/\/www.eldiario.net\/portal\/2023\/09\/04\/la-nueva-computadora-portatil-lenovo-yoga-pro-9i-gen-8\/\" \/>\n<meta property=\"og:locale\" content=\"es_ES\" \/>\n<meta property=\"og:type\" content=\"article\" \/>\n<meta property=\"og:title\" content=\"La nueva computadora port\u00e1til Lenovo Yoga Pro 9i Gen 8 - El Diario - Bolivia\" \/>\n<meta property=\"og:description\" content=\"Se trata de la Lenovo Yoga Pro 9i Gen 8,\u00a0 una de las computadoras port\u00e1tiles m\u00e1s impresionantes de 2023. Este equipo \u00a0port\u00e1til que puede manejar tanto trabajo creativo intensivo como juegos, gracias a sus procesadores Intel Core de 13.a generaci\u00f3n y gr\u00e1ficos Nvidia RTX. Llama la atenci\u00f3n que Lenovo pudo poner tanta potencia en un [&hellip;]\" \/>\n<meta property=\"og:url\" content=\"https:\/\/www.eldiario.net\/portal\/2023\/09\/04\/la-nueva-computadora-portatil-lenovo-yoga-pro-9i-gen-8\/\" \/>\n<meta property=\"og:site_name\" content=\"El Diario - Bolivia\" \/>\n<meta property=\"article:publisher\" content=\"https:\/\/www.facebook.com\/eldiario.bolivia\/\" \/>\n<meta property=\"article:published_time\" content=\"2023-09-04T11:16:40+00:00\" \/>\n<meta property=\"og:image\" content=\"https:\/\/www.eldiario.net\/portal\/wp-content\/uploads\/2023\/09\/2-A-1024x683.jpg\" \/>\n\t<meta property=\"og:image:width\" content=\"1024\" \/>\n\t<meta property=\"og:image:height\" content=\"683\" \/>\n\t<meta property=\"og:image:type\" content=\"image\/jpeg\" \/>\n<meta name=\"author\" content=\"Jeanette\" \/>\n<meta name=\"twitter:card\" content=\"summary_large_image\" \/>\n<meta name=\"twitter:creator\" content=\"@eldiario_net\" \/>\n<meta name=\"twitter:site\" content=\"@eldiario_net\" \/>\n<meta name=\"twitter:label1\" content=\"Escrito por\" \/>\n\t<meta name=\"twitter:data1\" content=\"Jeanette\" \/>\n\t<meta name=\"twitter:label2\" content=\"Tiempo de lectura\" \/>\n\t<meta name=\"twitter:data2\" content=\"2 minutos\" \/>\n<script type=\"application\/ld+json\" class=\"yoast-schema-graph\">{\"@context\":\"https:\\\/\\\/schema.org\",\"@graph\":[{\"@type\":\"Article\",\"@id\":\"https:\\\/\\\/www.eldiario.net\\\/portal\\\/2023\\\/09\\\/04\\\/la-nueva-computadora-portatil-lenovo-yoga-pro-9i-gen-8\\\/#article\",\"isPartOf\":{\"@id\":\"https:\\\/\\\/www.eldiario.net\\\/portal\\\/2023\\\/09\\\/04\\\/la-nueva-computadora-portatil-lenovo-yoga-pro-9i-gen-8\\\/\"},\"author\":{\"name\":\"Jeanette\",\"@id\":\"https:\\\/\\\/www.eldiario.net\\\/portal\\\/#\\\/schema\\\/person\\\/2c57cf2b7a7ae032e449e4c9b1019eac\"},\"headline\":\"La nueva computadora port\u00e1til Lenovo Yoga Pro 9i Gen 8\",\"datePublished\":\"2023-09-04T11:16:40+00:00\",\"mainEntityOfPage\":{\"@id\":\"https:\\\/\\\/www.eldiario.net\\\/portal\\\/2023\\\/09\\\/04\\\/la-nueva-computadora-portatil-lenovo-yoga-pro-9i-gen-8\\\/\"},\"wordCount\":468,\"publisher\":{\"@id\":\"https:\\\/\\\/www.eldiario.net\\\/portal\\\/#organization\"},\"image\":{\"@id\":\"https:\\\/\\\/www.eldiario.net\\\/portal\\\/2023\\\/09\\\/04\\\/la-nueva-computadora-portatil-lenovo-yoga-pro-9i-gen-8\\\/#primaryimage\"},\"thumbnailUrl\":\"https:\\\/\\\/www.eldiario.net\\\/portal\\\/wp-content\\\/uploads\\\/2023\\\/09\\\/2-A.jpg\",\"articleSection\":[\"Ciencia y Computaci\u00f3n\"],\"inLanguage\":\"es\"},{\"@type\":\"WebPage\",\"@id\":\"https:\\\/\\\/www.eldiario.net\\\/portal\\\/2023\\\/09\\\/04\\\/la-nueva-computadora-portatil-lenovo-yoga-pro-9i-gen-8\\\/\",\"url\":\"https:\\\/\\\/www.eldiario.net\\\/portal\\\/2023\\\/09\\\/04\\\/la-nueva-computadora-portatil-lenovo-yoga-pro-9i-gen-8\\\/\",\"name\":\"La nueva computadora port\u00e1til Lenovo Yoga Pro 9i Gen 8 - El Diario - Bolivia\",\"isPartOf\":{\"@id\":\"https:\\\/\\\/www.eldiario.net\\\/portal\\\/#website\"},\"primaryImageOfPage\":{\"@id\":\"https:\\\/\\\/www.eldiario.net\\\/portal\\\/2023\\\/09\\\/04\\\/la-nueva-computadora-portatil-lenovo-yoga-pro-9i-gen-8\\\/#primaryimage\"},\"image\":{\"@id\":\"https:\\\/\\\/www.eldiario.net\\\/portal\\\/2023\\\/09\\\/04\\\/la-nueva-computadora-portatil-lenovo-yoga-pro-9i-gen-8\\\/#primaryimage\"},\"thumbnailUrl\":\"https:\\\/\\\/www.eldiario.net\\\/portal\\\/wp-content\\\/uploads\\\/2023\\\/09\\\/2-A.jpg\",\"datePublished\":\"2023-09-04T11:16:40+00:00\",\"breadcrumb\":{\"@id\":\"https:\\\/\\\/www.eldiario.net\\\/portal\\\/2023\\\/09\\\/04\\\/la-nueva-computadora-portatil-lenovo-yoga-pro-9i-gen-8\\\/#breadcrumb\"},\"inLanguage\":\"es\",\"potentialAction\":[{\"@type\":\"ReadAction\",\"target\":[\"https:\\\/\\\/www.eldiario.net\\\/portal\\\/2023\\\/09\\\/04\\\/la-nueva-computadora-portatil-lenovo-yoga-pro-9i-gen-8\\\/\"]}]},{\"@type\":\"ImageObject\",\"inLanguage\":\"es\",\"@id\":\"https:\\\/\\\/www.eldiario.net\\\/portal\\\/2023\\\/09\\\/04\\\/la-nueva-computadora-portatil-lenovo-yoga-pro-9i-gen-8\\\/#primaryimage\",\"url\":\"https:\\\/\\\/www.eldiario.net\\\/portal\\\/wp-content\\\/uploads\\\/2023\\\/09\\\/2-A.jpg\",\"contentUrl\":\"https:\\\/\\\/www.eldiario.net\\\/portal\\\/wp-content\\\/uploads\\\/2023\\\/09\\\/2-A.jpg\",\"width\":1500,\"height\":1000},{\"@type\":\"BreadcrumbList\",\"@id\":\"https:\\\/\\\/www.eldiario.net\\\/portal\\\/2023\\\/09\\\/04\\\/la-nueva-computadora-portatil-lenovo-yoga-pro-9i-gen-8\\\/#breadcrumb\",\"itemListElement\":[{\"@type\":\"ListItem\",\"position\":1,\"name\":\"Portada\",\"item\":\"https:\\\/\\\/www.eldiario.net\\\/portal\\\/\"},{\"@type\":\"ListItem\",\"position\":2,\"name\":\"La nueva computadora port\u00e1til Lenovo Yoga Pro 9i Gen 8\"}]},{\"@type\":\"WebSite\",\"@id\":\"https:\\\/\\\/www.eldiario.net\\\/portal\\\/#website\",\"url\":\"https:\\\/\\\/www.eldiario.net\\\/portal\\\/\",\"name\":\"El Diario - Decano de la prensa nacional\",\"description\":\"El Diario - Decano de la prensa nacional\",\"publisher\":{\"@id\":\"https:\\\/\\\/www.eldiario.net\\\/portal\\\/#organization\"},\"potentialAction\":[{\"@type\":\"SearchAction\",\"target\":{\"@type\":\"EntryPoint\",\"urlTemplate\":\"https:\\\/\\\/www.eldiario.net\\\/portal\\\/?s={search_term_string}\"},\"query-input\":{\"@type\":\"PropertyValueSpecification\",\"valueRequired\":true,\"valueName\":\"search_term_string\"}}],\"inLanguage\":\"es\"},{\"@type\":\"Organization\",\"@id\":\"https:\\\/\\\/www.eldiario.net\\\/portal\\\/#organization\",\"name\":\"El Diario - Decano de la prensa nacional\",\"url\":\"https:\\\/\\\/www.eldiario.net\\\/portal\\\/\",\"logo\":{\"@type\":\"ImageObject\",\"inLanguage\":\"es\",\"@id\":\"https:\\\/\\\/www.eldiario.net\\\/portal\\\/#\\\/schema\\\/logo\\\/image\\\/\",\"url\":\"https:\\\/\\\/www.eldiario.net\\\/portal\\\/wp-content\\\/uploads\\\/2023\\\/07\\\/logo_ED.jpg\",\"contentUrl\":\"https:\\\/\\\/www.eldiario.net\\\/portal\\\/wp-content\\\/uploads\\\/2023\\\/07\\\/logo_ED.jpg\",\"width\":272,\"height\":52,\"caption\":\"El Diario - Decano de la prensa nacional\"},\"image\":{\"@id\":\"https:\\\/\\\/www.eldiario.net\\\/portal\\\/#\\\/schema\\\/logo\\\/image\\\/\"},\"sameAs\":[\"https:\\\/\\\/www.facebook.com\\\/eldiario.bolivia\\\/\",\"https:\\\/\\\/x.com\\\/eldiario_net\"]},{\"@type\":\"Person\",\"@id\":\"https:\\\/\\\/www.eldiario.net\\\/portal\\\/#\\\/schema\\\/person\\\/2c57cf2b7a7ae032e449e4c9b1019eac\",\"name\":\"Jeanette\",\"image\":{\"@type\":\"ImageObject\",\"inLanguage\":\"es\",\"@id\":\"https:\\\/\\\/secure.gravatar.com\\\/avatar\\\/3ea2118a5f7dad2b7138b1187a6b7ee55f160b9968b66013c3a3ef39dd7e5798?s=96&d=mm&r=g\",\"url\":\"https:\\\/\\\/secure.gravatar.com\\\/avatar\\\/3ea2118a5f7dad2b7138b1187a6b7ee55f160b9968b66013c3a3ef39dd7e5798?s=96&d=mm&r=g\",\"contentUrl\":\"https:\\\/\\\/secure.gravatar.com\\\/avatar\\\/3ea2118a5f7dad2b7138b1187a6b7ee55f160b9968b66013c3a3ef39dd7e5798?s=96&d=mm&r=g\",\"caption\":\"Jeanette\"},\"sameAs\":[\"https:\\\/\\\/www.eldiario.net\\\/portal\"],\"url\":\"https:\\\/\\\/www.eldiario.net\\\/portal\\\/author\\\/jeanette\\\/\"}]}<\/script>\n<!-- \/ Yoast SEO plugin. -->","yoast_head_json":{"title":"La nueva computadora port\u00e1til Lenovo Yoga Pro 9i Gen 8 - El Diario - Bolivia","robots":{"index":"index","follow":"follow","max-snippet":"max-snippet:-1","max-image-preview":"max-image-preview:large","max-video-preview":"max-video-preview:-1"},"canonical":"https:\/\/www.eldiario.net\/portal\/2023\/09\/04\/la-nueva-computadora-portatil-lenovo-yoga-pro-9i-gen-8\/","og_locale":"es_ES","og_type":"article","og_title":"La nueva computadora port\u00e1til Lenovo Yoga Pro 9i Gen 8 - El Diario - Bolivia","og_description":"Se trata de la Lenovo Yoga Pro 9i Gen 8,\u00a0 una de las computadoras port\u00e1tiles m\u00e1s impresionantes de 2023. Este equipo \u00a0port\u00e1til que puede manejar tanto trabajo creativo intensivo como juegos, gracias a sus procesadores Intel Core de 13.a generaci\u00f3n y gr\u00e1ficos Nvidia RTX. Llama la atenci\u00f3n que Lenovo pudo poner tanta potencia en un [&hellip;]","og_url":"https:\/\/www.eldiario.net\/portal\/2023\/09\/04\/la-nueva-computadora-portatil-lenovo-yoga-pro-9i-gen-8\/","og_site_name":"El Diario - Bolivia","article_publisher":"https:\/\/www.facebook.com\/eldiario.bolivia\/","article_published_time":"2023-09-04T11:16:40+00:00","og_image":[{"width":1024,"height":683,"url":"https:\/\/www.eldiario.net\/portal\/wp-content\/uploads\/2023\/09\/2-A-1024x683.jpg","type":"image\/jpeg"}],"author":"Jeanette","twitter_card":"summary_large_image","twitter_creator":"@eldiario_net","twitter_site":"@eldiario_net","twitter_misc":{"Escrito por":"Jeanette","Tiempo de lectura":"2 minutos"},"schema":{"@context":"https:\/\/schema.org","@graph":[{"@type":"Article","@id":"https:\/\/www.eldiario.net\/portal\/2023\/09\/04\/la-nueva-computadora-portatil-lenovo-yoga-pro-9i-gen-8\/#article","isPartOf":{"@id":"https:\/\/www.eldiario.net\/portal\/2023\/09\/04\/la-nueva-computadora-portatil-lenovo-yoga-pro-9i-gen-8\/"},"author":{"name":"Jeanette","@id":"https:\/\/www.eldiario.net\/portal\/#\/schema\/person\/2c57cf2b7a7ae032e449e4c9b1019eac"},"headline":"La nueva computadora port\u00e1til Lenovo Yoga Pro 9i Gen 8","datePublished":"2023-09-04T11:16:40+00:00","mainEntityOfPage":{"@id":"https:\/\/www.eldiario.net\/portal\/2023\/09\/04\/la-nueva-computadora-portatil-lenovo-yoga-pro-9i-gen-8\/"},"wordCount":468,"publisher":{"@id":"https:\/\/www.eldiario.net\/portal\/#organization"},"image":{"@id":"https:\/\/www.eldiario.net\/portal\/2023\/09\/04\/la-nueva-computadora-portatil-lenovo-yoga-pro-9i-gen-8\/#primaryimage"},"thumbnailUrl":"https:\/\/www.eldiario.net\/portal\/wp-content\/uploads\/2023\/09\/2-A.jpg","articleSection":["Ciencia y Computaci\u00f3n"],"inLanguage":"es"},{"@type":"WebPage","@id":"https:\/\/www.eldiario.net\/portal\/2023\/09\/04\/la-nueva-computadora-portatil-lenovo-yoga-pro-9i-gen-8\/","url":"https:\/\/www.eldiario.net\/portal\/2023\/09\/04\/la-nueva-computadora-portatil-lenovo-yoga-pro-9i-gen-8\/","name":"La nueva computadora port\u00e1til Lenovo Yoga Pro 9i Gen 8 - El Diario - Bolivia","isPartOf":{"@id":"https:\/\/www.eldiario.net\/portal\/#website"},"primaryImageOfPage":{"@id":"https:\/\/www.eldiario.net\/portal\/2023\/09\/04\/la-nueva-computadora-portatil-lenovo-yoga-pro-9i-gen-8\/#primaryimage"},"image":{"@id":"https:\/\/www.eldiario.net\/portal\/2023\/09\/04\/la-nueva-computadora-portatil-lenovo-yoga-pro-9i-gen-8\/#primaryimage"},"thumbnailUrl":"https:\/\/www.eldiario.net\/portal\/wp-content\/uploads\/2023\/09\/2-A.jpg","datePublished":"2023-09-04T11:16:40+00:00","breadcrumb":{"@id":"https:\/\/www.eldiario.net\/portal\/2023\/09\/04\/la-nueva-computadora-portatil-lenovo-yoga-pro-9i-gen-8\/#breadcrumb"},"inLanguage":"es","potentialAction":[{"@type":"ReadAction","target":["https:\/\/www.eldiario.net\/portal\/2023\/09\/04\/la-nueva-computadora-portatil-lenovo-yoga-pro-9i-gen-8\/"]}]},{"@type":"ImageObject","inLanguage":"es","@id":"https:\/\/www.eldiario.net\/portal\/2023\/09\/04\/la-nueva-computadora-portatil-lenovo-yoga-pro-9i-gen-8\/#primaryimage","url":"https:\/\/www.eldiario.net\/portal\/wp-content\/uploads\/2023\/09\/2-A.jpg","contentUrl":"https:\/\/www.eldiario.net\/portal\/wp-content\/uploads\/2023\/09\/2-A.jpg","width":1500,"height":1000},{"@type":"BreadcrumbList","@id":"https:\/\/www.eldiario.net\/portal\/2023\/09\/04\/la-nueva-computadora-portatil-lenovo-yoga-pro-9i-gen-8\/#breadcrumb","itemListElement":[{"@type":"ListItem","position":1,"name":"Portada","item":"https:\/\/www.eldiario.net\/portal\/"},{"@type":"ListItem","position":2,"name":"La nueva computadora port\u00e1til Lenovo Yoga Pro 9i Gen 8"}]},{"@type":"WebSite","@id":"https:\/\/www.eldiario.net\/portal\/#website","url":"https:\/\/www.eldiario.net\/portal\/","name":"El Diario - Decano de la prensa nacional","description":"El Diario - Decano de la prensa nacional","publisher":{"@id":"https:\/\/www.eldiario.net\/portal\/#organization"},"potentialAction":[{"@type":"SearchAction","target":{"@type":"EntryPoint","urlTemplate":"https:\/\/www.eldiario.net\/portal\/?s={search_term_string}"},"query-input":{"@type":"PropertyValueSpecification","valueRequired":true,"valueName":"search_term_string"}}],"inLanguage":"es"},{"@type":"Organization","@id":"https:\/\/www.eldiario.net\/portal\/#organization","name":"El Diario - Decano de la prensa nacional","url":"https:\/\/www.eldiario.net\/portal\/","logo":{"@type":"ImageObject","inLanguage":"es","@id":"https:\/\/www.eldiario.net\/portal\/#\/schema\/logo\/image\/","url":"https:\/\/www.eldiario.net\/portal\/wp-content\/uploads\/2023\/07\/logo_ED.jpg","contentUrl":"https:\/\/www.eldiario.net\/portal\/wp-content\/uploads\/2023\/07\/logo_ED.jpg","width":272,"height":52,"caption":"El Diario - Decano de la prensa nacional"},"image":{"@id":"https:\/\/www.eldiario.net\/portal\/#\/schema\/logo\/image\/"},"sameAs":["https:\/\/www.facebook.com\/eldiario.bolivia\/","https:\/\/x.com\/eldiario_net"]},{"@type":"Person","@id":"https:\/\/www.eldiario.net\/portal\/#\/schema\/person\/2c57cf2b7a7ae032e449e4c9b1019eac","name":"Jeanette","image":{"@type":"ImageObject","inLanguage":"es","@id":"https:\/\/secure.gravatar.com\/avatar\/3ea2118a5f7dad2b7138b1187a6b7ee55f160b9968b66013c3a3ef39dd7e5798?s=96&d=mm&r=g","url":"https:\/\/secure.gravatar.com\/avatar\/3ea2118a5f7dad2b7138b1187a6b7ee55f160b9968b66013c3a3ef39dd7e5798?s=96&d=mm&r=g","contentUrl":"https:\/\/secure.gravatar.com\/avatar\/3ea2118a5f7dad2b7138b1187a6b7ee55f160b9968b66013c3a3ef39dd7e5798?s=96&d=mm&r=g","caption":"Jeanette"},"sameAs":["https:\/\/www.eldiario.net\/portal"],"url":"https:\/\/www.eldiario.net\/portal\/author\/jeanette\/"}]}},"_links":{"self":[{"href":"https:\/\/www.eldiario.net\/portal\/wp-json\/wp\/v2\/posts\/174850","targetHints":{"allow":["GET"]}}],"collection":[{"href":"https:\/\/www.eldiario.net\/portal\/wp-json\/wp\/v2\/posts"}],"about":[{"href":"https:\/\/www.eldiario.net\/portal\/wp-json\/wp\/v2\/types\/post"}],"author":[{"embeddable":true,"href":"https:\/\/www.eldiario.net\/portal\/wp-json\/wp\/v2\/users\/1"}],"replies":[{"embeddable":true,"href":"https:\/\/www.eldiario.net\/portal\/wp-json\/wp\/v2\/comments?post=174850"}],"version-history":[{"count":0,"href":"https:\/\/www.eldiario.net\/portal\/wp-json\/wp\/v2\/posts\/174850\/revisions"}],"wp:featuredmedia":[{"embeddable":true,"href":"https:\/\/www.eldiario.net\/portal\/wp-json\/wp\/v2\/media\/174851"}],"wp:attachment":[{"href":"https:\/\/www.eldiario.net\/portal\/wp-json\/wp\/v2\/media?parent=174850"}],"wp:term":[{"taxonomy":"category","embeddable":true,"href":"https:\/\/www.eldiario.net\/portal\/wp-json\/wp\/v2\/categories?post=174850"},{"taxonomy":"post_tag","embeddable":true,"href":"https:\/\/www.eldiario.net\/portal\/wp-json\/wp\/v2\/tags?post=174850"}],"curies":[{"name":"wp","href":"https:\/\/api.w.org\/{rel}","templated":true}]}}