{"id":174844,"date":"2023-09-04T07:15:11","date_gmt":"2023-09-04T11:15:11","guid":{"rendered":"https:\/\/www.eldiario.net\/portal\/?p=174844"},"modified":"2023-09-04T07:15:11","modified_gmt":"2023-09-04T11:15:11","slug":"tcl-c805-televisores-miniled-con-gran-contraste","status":"publish","type":"post","link":"https:\/\/www.eldiario.net\/portal\/2023\/09\/04\/tcl-c805-televisores-miniled-con-gran-contraste\/","title":{"rendered":"TCL C805, televisores MiniLED con gran contraste"},"content":{"rendered":"<p>TCL sigue adelante dotando al mercado con interesantes opciones La compa\u00f1\u00eda ha presentado algunos de sus modelos m\u00e1s top para los pr\u00f3ximos meses. Adem\u00e1s del TCL X955, la marca tambi\u00e9n ha desvelado alg\u00fan que otro detalle sobre otra de las familias que dar\u00e1n mucho que hablar en este final de a\u00f1o, la TCL 805. Esta serie estar\u00e1 compuesta por los modelos\u00a0TCL 50C805, TCL 55C805, TCL 65C805, TCL75C805, TCL85C805 y TCL98C805. Es decir, contaremos con modelos desde las 50 pulgadas a las 98 pulgadas. Se trata de teles MiniLED que alcanzan un gran nivel de contraste y brillo.<\/p>\n<p>La serie C805 se sit\u00faa en un punto intermedio entre los televisores de entrada y los m\u00e1s top de la marca. Utiliza la tecnolog\u00eda MiniLED, que usa peque\u00f1os emisores de luz en lugar de los m\u00e1s grandes de la tecnolog\u00eda LED t\u00edpica. Con eso, alcanzamos un nivel de contraste superior, que se acerca m\u00e1s a los televisores OLED. Adem\u00e1s, contar\u00eda con\u00a0hasta 500 zonas de atenuaci\u00f3n y un brillo m\u00e1ximo de 1.300 nits. Otra de las caracter\u00edsticas es una\u00a0tasa de refresco de 144Hz,\u00a0que se podr\u00edan aprovechar sobre todo a la hora de usar juegos y que nos permitir\u00eda disfrutar de unas im\u00e1genes m\u00e1s fluidas.<\/p>\n<p>En el dise\u00f1o tenemos un panel muy est\u00e9tico con unos bordes que apenas se intuyen tanto en los laterales como en la parte superior, mientras que en la zona inferior encontramos un borde m\u00e1s ancho en el que se introduce el logo de TCL. Estos televisores incorporan una atractiva peana central met\u00e1lica.<\/p>\n<p>&nbsp;<\/p>\n","protected":false},"excerpt":{"rendered":"<p>TCL sigue adelante dotando al mercado con interesantes opciones La compa\u00f1\u00eda ha presentado algunos de sus modelos m\u00e1s top para los pr\u00f3ximos meses. Adem\u00e1s del TCL X955, la marca tambi\u00e9n ha desvelado alg\u00fan que otro detalle sobre otra de las familias que dar\u00e1n mucho que hablar en este final de a\u00f1o, la TCL 805. Esta [&hellip;]<\/p>\n","protected":false},"author":1,"featured_media":174845,"comment_status":"closed","ping_status":"open","sticky":false,"template":"","format":"standard","meta":{"_acf_changed":false,"footnotes":""},"categories":[46],"tags":[],"class_list":["post-174844","post","type-post","status-publish","format-standard","has-post-thumbnail","category-ciencia-computacion"],"acf":{"antetitulo":""},"yoast_head":"<!-- This site is optimized with the Yoast SEO plugin v28.4 - https:\/\/yoast.com\/product\/yoast-seo-wordpress\/ -->\n<title>TCL C805, televisores MiniLED con gran contraste - El Diario - Bolivia<\/title>\n<meta name=\"robots\" content=\"index, follow, max-snippet:-1, max-image-preview:large, max-video-preview:-1\" \/>\n<link rel=\"canonical\" href=\"https:\/\/www.eldiario.net\/portal\/2023\/09\/04\/tcl-c805-televisores-miniled-con-gran-contraste\/\" \/>\n<meta property=\"og:locale\" content=\"es_ES\" \/>\n<meta property=\"og:type\" content=\"article\" \/>\n<meta property=\"og:title\" content=\"TCL C805, televisores MiniLED con gran contraste - El Diario - Bolivia\" \/>\n<meta property=\"og:description\" content=\"TCL sigue adelante dotando al mercado con interesantes opciones La compa\u00f1\u00eda ha presentado algunos de sus modelos m\u00e1s top para los pr\u00f3ximos meses. Adem\u00e1s del TCL X955, la marca tambi\u00e9n ha desvelado alg\u00fan que otro detalle sobre otra de las familias que dar\u00e1n mucho que hablar en este final de a\u00f1o, la TCL 805. Esta [&hellip;]\" \/>\n<meta property=\"og:url\" content=\"https:\/\/www.eldiario.net\/portal\/2023\/09\/04\/tcl-c805-televisores-miniled-con-gran-contraste\/\" \/>\n<meta property=\"og:site_name\" content=\"El Diario - Bolivia\" \/>\n<meta property=\"article:publisher\" content=\"https:\/\/www.facebook.com\/eldiario.bolivia\/\" \/>\n<meta property=\"article:published_time\" content=\"2023-09-04T11:15:11+00:00\" \/>\n<meta property=\"og:image\" content=\"https:\/\/www.eldiario.net\/portal\/wp-content\/uploads\/2023\/09\/2-C.jpeg\" \/>\n\t<meta property=\"og:image:width\" content=\"1366\" \/>\n\t<meta property=\"og:image:height\" content=\"806\" \/>\n\t<meta property=\"og:image:type\" content=\"image\/jpeg\" \/>\n<meta name=\"author\" content=\"Jeanette\" \/>\n<meta name=\"twitter:card\" content=\"summary_large_image\" \/>\n<meta name=\"twitter:creator\" content=\"@eldiario_net\" \/>\n<meta name=\"twitter:site\" content=\"@eldiario_net\" \/>\n<meta name=\"twitter:label1\" content=\"Escrito por\" \/>\n\t<meta name=\"twitter:data1\" content=\"Jeanette\" \/>\n\t<meta name=\"twitter:label2\" content=\"Tiempo de lectura\" \/>\n\t<meta name=\"twitter:data2\" content=\"2 minutos\" \/>\n<script type=\"application\/ld+json\" class=\"yoast-schema-graph\">{\"@context\":\"https:\\\/\\\/schema.org\",\"@graph\":[{\"@type\":\"Article\",\"@id\":\"https:\\\/\\\/www.eldiario.net\\\/portal\\\/2023\\\/09\\\/04\\\/tcl-c805-televisores-miniled-con-gran-contraste\\\/#article\",\"isPartOf\":{\"@id\":\"https:\\\/\\\/www.eldiario.net\\\/portal\\\/2023\\\/09\\\/04\\\/tcl-c805-televisores-miniled-con-gran-contraste\\\/\"},\"author\":{\"name\":\"Jeanette\",\"@id\":\"https:\\\/\\\/www.eldiario.net\\\/portal\\\/#\\\/schema\\\/person\\\/2c57cf2b7a7ae032e449e4c9b1019eac\"},\"headline\":\"TCL C805, televisores MiniLED con gran contraste\",\"datePublished\":\"2023-09-04T11:15:11+00:00\",\"mainEntityOfPage\":{\"@id\":\"https:\\\/\\\/www.eldiario.net\\\/portal\\\/2023\\\/09\\\/04\\\/tcl-c805-televisores-miniled-con-gran-contraste\\\/\"},\"wordCount\":291,\"publisher\":{\"@id\":\"https:\\\/\\\/www.eldiario.net\\\/portal\\\/#organization\"},\"image\":{\"@id\":\"https:\\\/\\\/www.eldiario.net\\\/portal\\\/2023\\\/09\\\/04\\\/tcl-c805-televisores-miniled-con-gran-contraste\\\/#primaryimage\"},\"thumbnailUrl\":\"https:\\\/\\\/www.eldiario.net\\\/portal\\\/wp-content\\\/uploads\\\/2023\\\/09\\\/2-C.jpeg\",\"articleSection\":[\"Ciencia y Computaci\u00f3n\"],\"inLanguage\":\"es\"},{\"@type\":\"WebPage\",\"@id\":\"https:\\\/\\\/www.eldiario.net\\\/portal\\\/2023\\\/09\\\/04\\\/tcl-c805-televisores-miniled-con-gran-contraste\\\/\",\"url\":\"https:\\\/\\\/www.eldiario.net\\\/portal\\\/2023\\\/09\\\/04\\\/tcl-c805-televisores-miniled-con-gran-contraste\\\/\",\"name\":\"TCL C805, televisores MiniLED con gran contraste - El Diario - Bolivia\",\"isPartOf\":{\"@id\":\"https:\\\/\\\/www.eldiario.net\\\/portal\\\/#website\"},\"primaryImageOfPage\":{\"@id\":\"https:\\\/\\\/www.eldiario.net\\\/portal\\\/2023\\\/09\\\/04\\\/tcl-c805-televisores-miniled-con-gran-contraste\\\/#primaryimage\"},\"image\":{\"@id\":\"https:\\\/\\\/www.eldiario.net\\\/portal\\\/2023\\\/09\\\/04\\\/tcl-c805-televisores-miniled-con-gran-contraste\\\/#primaryimage\"},\"thumbnailUrl\":\"https:\\\/\\\/www.eldiario.net\\\/portal\\\/wp-content\\\/uploads\\\/2023\\\/09\\\/2-C.jpeg\",\"datePublished\":\"2023-09-04T11:15:11+00:00\",\"breadcrumb\":{\"@id\":\"https:\\\/\\\/www.eldiario.net\\\/portal\\\/2023\\\/09\\\/04\\\/tcl-c805-televisores-miniled-con-gran-contraste\\\/#breadcrumb\"},\"inLanguage\":\"es\",\"potentialAction\":[{\"@type\":\"ReadAction\",\"target\":[\"https:\\\/\\\/www.eldiario.net\\\/portal\\\/2023\\\/09\\\/04\\\/tcl-c805-televisores-miniled-con-gran-contraste\\\/\"]}]},{\"@type\":\"ImageObject\",\"inLanguage\":\"es\",\"@id\":\"https:\\\/\\\/www.eldiario.net\\\/portal\\\/2023\\\/09\\\/04\\\/tcl-c805-televisores-miniled-con-gran-contraste\\\/#primaryimage\",\"url\":\"https:\\\/\\\/www.eldiario.net\\\/portal\\\/wp-content\\\/uploads\\\/2023\\\/09\\\/2-C.jpeg\",\"contentUrl\":\"https:\\\/\\\/www.eldiario.net\\\/portal\\\/wp-content\\\/uploads\\\/2023\\\/09\\\/2-C.jpeg\",\"width\":1366,\"height\":806},{\"@type\":\"BreadcrumbList\",\"@id\":\"https:\\\/\\\/www.eldiario.net\\\/portal\\\/2023\\\/09\\\/04\\\/tcl-c805-televisores-miniled-con-gran-contraste\\\/#breadcrumb\",\"itemListElement\":[{\"@type\":\"ListItem\",\"position\":1,\"name\":\"Portada\",\"item\":\"https:\\\/\\\/www.eldiario.net\\\/portal\\\/\"},{\"@type\":\"ListItem\",\"position\":2,\"name\":\"TCL C805, televisores MiniLED con gran contraste\"}]},{\"@type\":\"WebSite\",\"@id\":\"https:\\\/\\\/www.eldiario.net\\\/portal\\\/#website\",\"url\":\"https:\\\/\\\/www.eldiario.net\\\/portal\\\/\",\"name\":\"El Diario - Decano de la prensa nacional\",\"description\":\"El Diario - Decano de la prensa nacional\",\"publisher\":{\"@id\":\"https:\\\/\\\/www.eldiario.net\\\/portal\\\/#organization\"},\"potentialAction\":[{\"@type\":\"SearchAction\",\"target\":{\"@type\":\"EntryPoint\",\"urlTemplate\":\"https:\\\/\\\/www.eldiario.net\\\/portal\\\/?s={search_term_string}\"},\"query-input\":{\"@type\":\"PropertyValueSpecification\",\"valueRequired\":true,\"valueName\":\"search_term_string\"}}],\"inLanguage\":\"es\"},{\"@type\":\"Organization\",\"@id\":\"https:\\\/\\\/www.eldiario.net\\\/portal\\\/#organization\",\"name\":\"El Diario - Decano de la prensa nacional\",\"url\":\"https:\\\/\\\/www.eldiario.net\\\/portal\\\/\",\"logo\":{\"@type\":\"ImageObject\",\"inLanguage\":\"es\",\"@id\":\"https:\\\/\\\/www.eldiario.net\\\/portal\\\/#\\\/schema\\\/logo\\\/image\\\/\",\"url\":\"https:\\\/\\\/www.eldiario.net\\\/portal\\\/wp-content\\\/uploads\\\/2023\\\/07\\\/logo_ED.jpg\",\"contentUrl\":\"https:\\\/\\\/www.eldiario.net\\\/portal\\\/wp-content\\\/uploads\\\/2023\\\/07\\\/logo_ED.jpg\",\"width\":272,\"height\":52,\"caption\":\"El Diario - Decano de la prensa nacional\"},\"image\":{\"@id\":\"https:\\\/\\\/www.eldiario.net\\\/portal\\\/#\\\/schema\\\/logo\\\/image\\\/\"},\"sameAs\":[\"https:\\\/\\\/www.facebook.com\\\/eldiario.bolivia\\\/\",\"https:\\\/\\\/x.com\\\/eldiario_net\"]},{\"@type\":\"Person\",\"@id\":\"https:\\\/\\\/www.eldiario.net\\\/portal\\\/#\\\/schema\\\/person\\\/2c57cf2b7a7ae032e449e4c9b1019eac\",\"name\":\"Jeanette\",\"image\":{\"@type\":\"ImageObject\",\"inLanguage\":\"es\",\"@id\":\"https:\\\/\\\/secure.gravatar.com\\\/avatar\\\/3ea2118a5f7dad2b7138b1187a6b7ee55f160b9968b66013c3a3ef39dd7e5798?s=96&d=mm&r=g\",\"url\":\"https:\\\/\\\/secure.gravatar.com\\\/avatar\\\/3ea2118a5f7dad2b7138b1187a6b7ee55f160b9968b66013c3a3ef39dd7e5798?s=96&d=mm&r=g\",\"contentUrl\":\"https:\\\/\\\/secure.gravatar.com\\\/avatar\\\/3ea2118a5f7dad2b7138b1187a6b7ee55f160b9968b66013c3a3ef39dd7e5798?s=96&d=mm&r=g\",\"caption\":\"Jeanette\"},\"sameAs\":[\"https:\\\/\\\/www.eldiario.net\\\/portal\"],\"url\":\"https:\\\/\\\/www.eldiario.net\\\/portal\\\/author\\\/jeanette\\\/\"}]}<\/script>\n<!-- \/ Yoast SEO plugin. -->","yoast_head_json":{"title":"TCL C805, televisores MiniLED con gran contraste - El Diario - Bolivia","robots":{"index":"index","follow":"follow","max-snippet":"max-snippet:-1","max-image-preview":"max-image-preview:large","max-video-preview":"max-video-preview:-1"},"canonical":"https:\/\/www.eldiario.net\/portal\/2023\/09\/04\/tcl-c805-televisores-miniled-con-gran-contraste\/","og_locale":"es_ES","og_type":"article","og_title":"TCL C805, televisores MiniLED con gran contraste - El Diario - Bolivia","og_description":"TCL sigue adelante dotando al mercado con interesantes opciones La compa\u00f1\u00eda ha presentado algunos de sus modelos m\u00e1s top para los pr\u00f3ximos meses. Adem\u00e1s del TCL X955, la marca tambi\u00e9n ha desvelado alg\u00fan que otro detalle sobre otra de las familias que dar\u00e1n mucho que hablar en este final de a\u00f1o, la TCL 805. Esta [&hellip;]","og_url":"https:\/\/www.eldiario.net\/portal\/2023\/09\/04\/tcl-c805-televisores-miniled-con-gran-contraste\/","og_site_name":"El Diario - Bolivia","article_publisher":"https:\/\/www.facebook.com\/eldiario.bolivia\/","article_published_time":"2023-09-04T11:15:11+00:00","og_image":[{"width":1366,"height":806,"url":"https:\/\/www.eldiario.net\/portal\/wp-content\/uploads\/2023\/09\/2-C.jpeg","type":"image\/jpeg"}],"author":"Jeanette","twitter_card":"summary_large_image","twitter_creator":"@eldiario_net","twitter_site":"@eldiario_net","twitter_misc":{"Escrito por":"Jeanette","Tiempo de lectura":"2 minutos"},"schema":{"@context":"https:\/\/schema.org","@graph":[{"@type":"Article","@id":"https:\/\/www.eldiario.net\/portal\/2023\/09\/04\/tcl-c805-televisores-miniled-con-gran-contraste\/#article","isPartOf":{"@id":"https:\/\/www.eldiario.net\/portal\/2023\/09\/04\/tcl-c805-televisores-miniled-con-gran-contraste\/"},"author":{"name":"Jeanette","@id":"https:\/\/www.eldiario.net\/portal\/#\/schema\/person\/2c57cf2b7a7ae032e449e4c9b1019eac"},"headline":"TCL C805, televisores MiniLED con gran contraste","datePublished":"2023-09-04T11:15:11+00:00","mainEntityOfPage":{"@id":"https:\/\/www.eldiario.net\/portal\/2023\/09\/04\/tcl-c805-televisores-miniled-con-gran-contraste\/"},"wordCount":291,"publisher":{"@id":"https:\/\/www.eldiario.net\/portal\/#organization"},"image":{"@id":"https:\/\/www.eldiario.net\/portal\/2023\/09\/04\/tcl-c805-televisores-miniled-con-gran-contraste\/#primaryimage"},"thumbnailUrl":"https:\/\/www.eldiario.net\/portal\/wp-content\/uploads\/2023\/09\/2-C.jpeg","articleSection":["Ciencia y Computaci\u00f3n"],"inLanguage":"es"},{"@type":"WebPage","@id":"https:\/\/www.eldiario.net\/portal\/2023\/09\/04\/tcl-c805-televisores-miniled-con-gran-contraste\/","url":"https:\/\/www.eldiario.net\/portal\/2023\/09\/04\/tcl-c805-televisores-miniled-con-gran-contraste\/","name":"TCL C805, televisores MiniLED con gran contraste - El Diario - Bolivia","isPartOf":{"@id":"https:\/\/www.eldiario.net\/portal\/#website"},"primaryImageOfPage":{"@id":"https:\/\/www.eldiario.net\/portal\/2023\/09\/04\/tcl-c805-televisores-miniled-con-gran-contraste\/#primaryimage"},"image":{"@id":"https:\/\/www.eldiario.net\/portal\/2023\/09\/04\/tcl-c805-televisores-miniled-con-gran-contraste\/#primaryimage"},"thumbnailUrl":"https:\/\/www.eldiario.net\/portal\/wp-content\/uploads\/2023\/09\/2-C.jpeg","datePublished":"2023-09-04T11:15:11+00:00","breadcrumb":{"@id":"https:\/\/www.eldiario.net\/portal\/2023\/09\/04\/tcl-c805-televisores-miniled-con-gran-contraste\/#breadcrumb"},"inLanguage":"es","potentialAction":[{"@type":"ReadAction","target":["https:\/\/www.eldiario.net\/portal\/2023\/09\/04\/tcl-c805-televisores-miniled-con-gran-contraste\/"]}]},{"@type":"ImageObject","inLanguage":"es","@id":"https:\/\/www.eldiario.net\/portal\/2023\/09\/04\/tcl-c805-televisores-miniled-con-gran-contraste\/#primaryimage","url":"https:\/\/www.eldiario.net\/portal\/wp-content\/uploads\/2023\/09\/2-C.jpeg","contentUrl":"https:\/\/www.eldiario.net\/portal\/wp-content\/uploads\/2023\/09\/2-C.jpeg","width":1366,"height":806},{"@type":"BreadcrumbList","@id":"https:\/\/www.eldiario.net\/portal\/2023\/09\/04\/tcl-c805-televisores-miniled-con-gran-contraste\/#breadcrumb","itemListElement":[{"@type":"ListItem","position":1,"name":"Portada","item":"https:\/\/www.eldiario.net\/portal\/"},{"@type":"ListItem","position":2,"name":"TCL C805, televisores MiniLED con gran contraste"}]},{"@type":"WebSite","@id":"https:\/\/www.eldiario.net\/portal\/#website","url":"https:\/\/www.eldiario.net\/portal\/","name":"El Diario - Decano de la prensa nacional","description":"El Diario - Decano de la prensa nacional","publisher":{"@id":"https:\/\/www.eldiario.net\/portal\/#organization"},"potentialAction":[{"@type":"SearchAction","target":{"@type":"EntryPoint","urlTemplate":"https:\/\/www.eldiario.net\/portal\/?s={search_term_string}"},"query-input":{"@type":"PropertyValueSpecification","valueRequired":true,"valueName":"search_term_string"}}],"inLanguage":"es"},{"@type":"Organization","@id":"https:\/\/www.eldiario.net\/portal\/#organization","name":"El Diario - Decano de la prensa nacional","url":"https:\/\/www.eldiario.net\/portal\/","logo":{"@type":"ImageObject","inLanguage":"es","@id":"https:\/\/www.eldiario.net\/portal\/#\/schema\/logo\/image\/","url":"https:\/\/www.eldiario.net\/portal\/wp-content\/uploads\/2023\/07\/logo_ED.jpg","contentUrl":"https:\/\/www.eldiario.net\/portal\/wp-content\/uploads\/2023\/07\/logo_ED.jpg","width":272,"height":52,"caption":"El Diario - Decano de la prensa nacional"},"image":{"@id":"https:\/\/www.eldiario.net\/portal\/#\/schema\/logo\/image\/"},"sameAs":["https:\/\/www.facebook.com\/eldiario.bolivia\/","https:\/\/x.com\/eldiario_net"]},{"@type":"Person","@id":"https:\/\/www.eldiario.net\/portal\/#\/schema\/person\/2c57cf2b7a7ae032e449e4c9b1019eac","name":"Jeanette","image":{"@type":"ImageObject","inLanguage":"es","@id":"https:\/\/secure.gravatar.com\/avatar\/3ea2118a5f7dad2b7138b1187a6b7ee55f160b9968b66013c3a3ef39dd7e5798?s=96&d=mm&r=g","url":"https:\/\/secure.gravatar.com\/avatar\/3ea2118a5f7dad2b7138b1187a6b7ee55f160b9968b66013c3a3ef39dd7e5798?s=96&d=mm&r=g","contentUrl":"https:\/\/secure.gravatar.com\/avatar\/3ea2118a5f7dad2b7138b1187a6b7ee55f160b9968b66013c3a3ef39dd7e5798?s=96&d=mm&r=g","caption":"Jeanette"},"sameAs":["https:\/\/www.eldiario.net\/portal"],"url":"https:\/\/www.eldiario.net\/portal\/author\/jeanette\/"}]}},"_links":{"self":[{"href":"https:\/\/www.eldiario.net\/portal\/wp-json\/wp\/v2\/posts\/174844","targetHints":{"allow":["GET"]}}],"collection":[{"href":"https:\/\/www.eldiario.net\/portal\/wp-json\/wp\/v2\/posts"}],"about":[{"href":"https:\/\/www.eldiario.net\/portal\/wp-json\/wp\/v2\/types\/post"}],"author":[{"embeddable":true,"href":"https:\/\/www.eldiario.net\/portal\/wp-json\/wp\/v2\/users\/1"}],"replies":[{"embeddable":true,"href":"https:\/\/www.eldiario.net\/portal\/wp-json\/wp\/v2\/comments?post=174844"}],"version-history":[{"count":0,"href":"https:\/\/www.eldiario.net\/portal\/wp-json\/wp\/v2\/posts\/174844\/revisions"}],"wp:featuredmedia":[{"embeddable":true,"href":"https:\/\/www.eldiario.net\/portal\/wp-json\/wp\/v2\/media\/174845"}],"wp:attachment":[{"href":"https:\/\/www.eldiario.net\/portal\/wp-json\/wp\/v2\/media?parent=174844"}],"wp:term":[{"taxonomy":"category","embeddable":true,"href":"https:\/\/www.eldiario.net\/portal\/wp-json\/wp\/v2\/categories?post=174844"},{"taxonomy":"post_tag","embeddable":true,"href":"https:\/\/www.eldiario.net\/portal\/wp-json\/wp\/v2\/tags?post=174844"}],"curies":[{"name":"wp","href":"https:\/\/api.w.org\/{rel}","templated":true}]}}