{"id":174488,"date":"2023-09-03T06:09:27","date_gmt":"2023-09-03T10:09:27","guid":{"rendered":"https:\/\/www.eldiario.net\/portal\/?p=174488"},"modified":"2023-09-03T06:09:27","modified_gmt":"2023-09-03T10:09:27","slug":"muere-melnikov-principal-cientifico-espacial-de-rusia","status":"publish","type":"post","link":"https:\/\/www.eldiario.net\/portal\/2023\/09\/03\/muere-melnikov-principal-cientifico-espacial-de-rusia\/","title":{"rendered":"Muere Melnikov principal  cient\u00edfico espacial de Rusia"},"content":{"rendered":"<p>El destacado cient\u00edfico espacial ruso Vitaly Melnikov, quien en el pasado ayud\u00f3 a colegas de la NASA, muri\u00f3 en extra\u00f1as circunstancias. El profesor, de 77 a\u00f1os, que hab\u00eda dirigido el Departamento de Sistemas Espaciales y de Cohetes de RSC Energ\u00eda, el principal fabricante de naves espaciales de Mosc\u00fa, no super\u00f3 una repentina y grave enfermedad.<br \/>\nLas primeras informaciones indican que se trat\u00f3 de un envenenamiento. \u201cFueron hongos no comestibles\u201d, indic\u00f3 el peri\u00f3dico local Moskovsky Komsomolets, en una informaci\u00f3n replicada por los medios brit\u00e1nicos Daily Mail y Mirror.<br \/>\nLos m\u00e9dicos no pudieron salvar a Melnikov despu\u00e9s de luchar contra una \u201cintoxicaci\u00f3n grave\u201d durante m\u00e1s de dos semanas, agregaron.<br \/>\nMelnikov trabaj\u00f3 como investigador jefe en TsNIIMash, una divisi\u00f3n de Roscosmos, la agencia espacial rusa. Fue autor de 291 art\u00edculos cient\u00edficos y era considerado uno de los cient\u00edficos espaciales m\u00e1s destacados del pa\u00eds.<br \/>\nLa muerte de Melnikov se produjo pocos d\u00edas despu\u00e9s de que un general de alto rango, alguna vez cercano a Vladimir Putin, tambi\u00e9n muriera misteriosamente. El general Gennady Lopyrev, de 69 a\u00f1os, deb\u00eda ser liberado de prisi\u00f3n despu\u00e9s de haber sido encarcelado en 2017. Sin embargo, despu\u00e9s de enfermarse repentinamente, Daily Mail inform\u00f3 que le dijeron que le hab\u00edan diagnosticado una leucemia no diagnosticada previamente.<br \/>\nHab\u00eda sido encarcelado por un tribunal militar acusado de aceptar sobornos y poseer ilegalmente municiones, cargos que \u00e9l siempre neg\u00f3. De manera similar, el mes pasado, una pol\u00edtica de la oposici\u00f3n rusa que desafi\u00f3 la invasi\u00f3n de Ucrania fue envenenada.<br \/>\nElvira Vikhareva, de 32 a\u00f1os, hab\u00eda sido durante mucho tiempo una cr\u00edtica abierta del Kremlin y comparti\u00f3 pruebas con el canal de noticias ruso Sota que, seg\u00fan advirti\u00f3, mostraban que hab\u00eda sido envenenada. Comenz\u00f3 a sentirse mal en noviembre del a\u00f1o pasado, antes de morir en febrero de 2023.<br \/>\nLa nave espacial rusa que se estrell\u00f3 en la luna<br \/>\nEl fallecimiento de Melnikov ocurri\u00f3 d\u00edas despu\u00e9s de que una nave espacial rusa no tripulada se estrell\u00f3 en la superficie de la luna, un rev\u00e9s vergonzoso para un pa\u00eds que fue el primero en enviar a un hombre al espacio.<br \/>\nLuna-25, la primera sonda lanzada por Rusia hacia la luna desde 1976, se estrell\u00f3 en el sat\u00e9lite terrestre. Roscosmos, la empresa espacial estatal rusa, comunic\u00f3 que hab\u00eda perdido el contacto con la nave a las 11:57 GMT del s\u00e1bado 19 de agosto, tras un problema en el momento de ponerla en \u00f3rbita antes del aterrizaje. El aterrizaje estaba previsto para el lunes 21.<br \/>\nEl s\u00e1bado \u201chacia las 14:57 [11:57 GMT] la comunicaci\u00f3n con Luna-25 se interrumpi\u00f3\u201d, explic\u00f3 la agencia espacial rusa en un comunicado. \u201cSeg\u00fan los resultados preliminares\u201d de la investigaci\u00f3n, el aparato \u201cdej\u00f3 de existir tras una colisi\u00f3n en la superficie lunar\u201d, a\u00f1adi\u00f3.<br \/>\nSeg\u00fan los resultados del an\u00e1lisis preliminar, el motivo del accidente fue la desviaci\u00f3n de los par\u00e1metros reales de impulso calculados con anterioridad.<br \/>\nEl fracaso subraya el declive de la potencia espacial rusa desde los d\u00edas gloriosos de la competici\u00f3n de la Guerra Fr\u00eda, cuando Mosc\u00fa fue el primero en lanzar un sat\u00e9lite a la \u00f3rbita de la Tierra -el Sputnik 1, en 1957- y el cosmonauta sovi\u00e9tico Yuri Gagarin se convirti\u00f3 en el primer hombre en viajar al espacio en 1961.<br \/>\nTambi\u00e9n se produce cuando la econom\u00eda rusa, de 2 billones de d\u00f3lares, se enfrenta a su mayor desaf\u00edo externo en d\u00e9cadas: la presi\u00f3n de las sanciones occidentales y la lucha contra la mayor guerra terrestre en Europa desde la Segunda Guerra Mundial.<br \/>\nEl caso de Dan<br \/>\nRapoport<br \/>\nD\u00edas despu\u00e9s de la muerte del jefe del Grupo Wagner, Yevgeny Prigozhin, luego de que el avi\u00f3n privado en el que viaj\u00f3 se accident\u00f3 misteriosamente en Rusia, otra extra\u00f1a muerte volvi\u00f3 a recuperar el inter\u00e9s del p\u00fablico, precisamente por su relaci\u00f3n con la \u00e9lite del Kremlin. Se trata de la extra\u00f1a ca\u00edda desde un edificio de Dan Rapoport, un ciudadano estadounidense nacido en la Uni\u00f3n Sovi\u00e9tica que hizo una fortuna en la Rusia poscomunista antes de enfadarse con el r\u00e9gimen.<br \/>\nLa muerte de Rapoport, la cual fue calificada como un suicidio, sigue siendo a\u00fan un misterio sin resolver. En un art\u00edculo publicado, el medio estadounidense Pol\u00edtico revel\u00f3 contactos con varias personas cercanas al exempresario de Mosc\u00fa.<br \/>\n\u201cHay algo aqu\u00ed que no me cuadra\u201d, dijo Jason Jay Smart, consultor pol\u00edtico estadounidense radicado en Kiev y figura abierta de los medios de comunicaci\u00f3n pro Ucrania que era cercano a Rapoport. \u201cNinguno de los que lo conocieron est\u00e1n convencidos de que simplemente se levant\u00f3 y decidi\u00f3 saltar\u201d, le expres\u00f3 a la revista estadounidense.<br \/>\n\u201cLo principal que sucedi\u00f3 es algo que no ocurri\u00f3: es que las autoridades encargadas de hacer cumplir la ley en Washington no presentaron nada m\u00e1s concluyente sobre lo que ocurri\u00f3\u201d, indic\u00f3 otro antiguo asociado, Bill Browder, el exfinanciero de Mosc\u00fa convertido en el antagonista m\u00e1s vendido del Kremlin. \u201cEste es un tema muy serio. Es un ciudadano estadounidense que era enemigo de Vladimir Putin y que muri\u00f3 prematuramente. Eso merece una investigaci\u00f3n seria\u201d, le dijo a Pol\u00edtico.<br \/>\nPor otro lado para muchos fue muy llamativo el hecho de que protagoniz\u00f3 un hombre que alguna vez se movi\u00f3 en c\u00edrculos de \u00e9lite y fue due\u00f1o de la casa que m\u00e1s tarde se convirti\u00f3 en la residencia de Ivanka Trump y Jared Kushner.<br \/>\nLo que confunde a los cr\u00edticos, seg\u00fan la revista estadounidense, es el silencio adoptado por el Departamento de Polic\u00eda Metropolitana de Washington en los d\u00edas posteriores a la muerte de Rapoport, a pesar de que se acumulan en todo el mundo los recuentos de suicidios de personas rusas enemistadas con Putin de maneras dudosas.<br \/>\nRapoport muri\u00f3 el pasado 14 de agosto de 2022 a los 52 a\u00f1os. Los agentes que llegaron al lugar donde estaba su cad\u00e1ver, en las afueras de un edificio de lujo en el vecindario de West End de la capital estadounidense, aseguran que el cuerpo vest\u00eda chanclas y un sombrero negro. Lo encontraron con un tel\u00e9fono celular roto, aud\u00edfonos y 2.620 d\u00f3lares en efectivo, pero sin billetera. (Infobae).<\/p>\n","protected":false},"excerpt":{"rendered":"<p>El destacado cient\u00edfico espacial ruso Vitaly Melnikov, quien en el pasado ayud\u00f3 a colegas de la NASA, muri\u00f3 en extra\u00f1as circunstancias. El profesor, de 77 a\u00f1os, que hab\u00eda dirigido el Departamento de Sistemas Espaciales y de Cohetes de RSC Energ\u00eda, el principal fabricante de naves espaciales de Mosc\u00fa, no super\u00f3 una repentina y grave enfermedad. [&hellip;]<\/p>\n","protected":false},"author":1,"featured_media":174489,"comment_status":"closed","ping_status":"open","sticky":false,"template":"","format":"standard","meta":{"_acf_changed":false,"footnotes":""},"categories":[3],"tags":[],"class_list":["post-174488","post","type-post","status-publish","format-standard","has-post-thumbnail","category-internacional"],"acf":{"antetitulo":""},"yoast_head":"<!-- This site is optimized with the Yoast SEO plugin v28.3 - https:\/\/yoast.com\/product\/yoast-seo-wordpress\/ -->\n<title>Muere Melnikov principal cient\u00edfico espacial de Rusia - El Diario - Bolivia<\/title>\n<meta name=\"robots\" content=\"index, follow, max-snippet:-1, max-image-preview:large, max-video-preview:-1\" \/>\n<link rel=\"canonical\" href=\"https:\/\/www.eldiario.net\/portal\/2023\/09\/03\/muere-melnikov-principal-cientifico-espacial-de-rusia\/\" \/>\n<meta property=\"og:locale\" content=\"es_ES\" \/>\n<meta property=\"og:type\" content=\"article\" \/>\n<meta property=\"og:title\" content=\"Muere Melnikov principal cient\u00edfico espacial de Rusia - El Diario - Bolivia\" \/>\n<meta property=\"og:description\" content=\"El destacado cient\u00edfico espacial ruso Vitaly Melnikov, quien en el pasado ayud\u00f3 a colegas de la NASA, muri\u00f3 en extra\u00f1as circunstancias. El profesor, de 77 a\u00f1os, que hab\u00eda dirigido el Departamento de Sistemas Espaciales y de Cohetes de RSC Energ\u00eda, el principal fabricante de naves espaciales de Mosc\u00fa, no super\u00f3 una repentina y grave enfermedad. [&hellip;]\" \/>\n<meta property=\"og:url\" content=\"https:\/\/www.eldiario.net\/portal\/2023\/09\/03\/muere-melnikov-principal-cientifico-espacial-de-rusia\/\" \/>\n<meta property=\"og:site_name\" content=\"El Diario - Bolivia\" \/>\n<meta property=\"article:publisher\" content=\"https:\/\/www.facebook.com\/eldiario.bolivia\/\" \/>\n<meta property=\"article:published_time\" content=\"2023-09-03T10:09:27+00:00\" \/>\n<meta property=\"og:image\" content=\"https:\/\/www.eldiario.net\/portal\/wp-content\/uploads\/2023\/09\/DAN.jpg\" \/>\n\t<meta property=\"og:image:width\" content=\"299\" \/>\n\t<meta property=\"og:image:height\" content=\"168\" \/>\n\t<meta property=\"og:image:type\" content=\"image\/jpeg\" \/>\n<meta name=\"author\" content=\"Jeanette\" \/>\n<meta name=\"twitter:card\" content=\"summary_large_image\" \/>\n<meta name=\"twitter:creator\" content=\"@eldiario_net\" \/>\n<meta name=\"twitter:site\" content=\"@eldiario_net\" \/>\n<meta name=\"twitter:label1\" content=\"Escrito por\" \/>\n\t<meta name=\"twitter:data1\" content=\"Jeanette\" \/>\n\t<meta name=\"twitter:label2\" content=\"Tiempo de lectura\" \/>\n\t<meta name=\"twitter:data2\" content=\"5 minutos\" \/>\n<script type=\"application\/ld+json\" class=\"yoast-schema-graph\">{\"@context\":\"https:\\\/\\\/schema.org\",\"@graph\":[{\"@type\":\"Article\",\"@id\":\"https:\\\/\\\/www.eldiario.net\\\/portal\\\/2023\\\/09\\\/03\\\/muere-melnikov-principal-cientifico-espacial-de-rusia\\\/#article\",\"isPartOf\":{\"@id\":\"https:\\\/\\\/www.eldiario.net\\\/portal\\\/2023\\\/09\\\/03\\\/muere-melnikov-principal-cientifico-espacial-de-rusia\\\/\"},\"author\":{\"name\":\"Jeanette\",\"@id\":\"https:\\\/\\\/www.eldiario.net\\\/portal\\\/#\\\/schema\\\/person\\\/f46445640444750d7d753ccd04ae01b7\"},\"headline\":\"Muere Melnikov principal cient\u00edfico espacial de Rusia\",\"datePublished\":\"2023-09-03T10:09:27+00:00\",\"mainEntityOfPage\":{\"@id\":\"https:\\\/\\\/www.eldiario.net\\\/portal\\\/2023\\\/09\\\/03\\\/muere-melnikov-principal-cientifico-espacial-de-rusia\\\/\"},\"wordCount\":1078,\"publisher\":{\"@id\":\"https:\\\/\\\/www.eldiario.net\\\/portal\\\/#organization\"},\"image\":{\"@id\":\"https:\\\/\\\/www.eldiario.net\\\/portal\\\/2023\\\/09\\\/03\\\/muere-melnikov-principal-cientifico-espacial-de-rusia\\\/#primaryimage\"},\"thumbnailUrl\":\"https:\\\/\\\/www.eldiario.net\\\/portal\\\/wp-content\\\/uploads\\\/2023\\\/09\\\/DAN.jpg\",\"articleSection\":[\"Internacional\"],\"inLanguage\":\"es\"},{\"@type\":\"WebPage\",\"@id\":\"https:\\\/\\\/www.eldiario.net\\\/portal\\\/2023\\\/09\\\/03\\\/muere-melnikov-principal-cientifico-espacial-de-rusia\\\/\",\"url\":\"https:\\\/\\\/www.eldiario.net\\\/portal\\\/2023\\\/09\\\/03\\\/muere-melnikov-principal-cientifico-espacial-de-rusia\\\/\",\"name\":\"Muere Melnikov principal cient\u00edfico espacial de Rusia - El Diario - Bolivia\",\"isPartOf\":{\"@id\":\"https:\\\/\\\/www.eldiario.net\\\/portal\\\/#website\"},\"primaryImageOfPage\":{\"@id\":\"https:\\\/\\\/www.eldiario.net\\\/portal\\\/2023\\\/09\\\/03\\\/muere-melnikov-principal-cientifico-espacial-de-rusia\\\/#primaryimage\"},\"image\":{\"@id\":\"https:\\\/\\\/www.eldiario.net\\\/portal\\\/2023\\\/09\\\/03\\\/muere-melnikov-principal-cientifico-espacial-de-rusia\\\/#primaryimage\"},\"thumbnailUrl\":\"https:\\\/\\\/www.eldiario.net\\\/portal\\\/wp-content\\\/uploads\\\/2023\\\/09\\\/DAN.jpg\",\"datePublished\":\"2023-09-03T10:09:27+00:00\",\"breadcrumb\":{\"@id\":\"https:\\\/\\\/www.eldiario.net\\\/portal\\\/2023\\\/09\\\/03\\\/muere-melnikov-principal-cientifico-espacial-de-rusia\\\/#breadcrumb\"},\"inLanguage\":\"es\",\"potentialAction\":[{\"@type\":\"ReadAction\",\"target\":[\"https:\\\/\\\/www.eldiario.net\\\/portal\\\/2023\\\/09\\\/03\\\/muere-melnikov-principal-cientifico-espacial-de-rusia\\\/\"]}]},{\"@type\":\"ImageObject\",\"inLanguage\":\"es\",\"@id\":\"https:\\\/\\\/www.eldiario.net\\\/portal\\\/2023\\\/09\\\/03\\\/muere-melnikov-principal-cientifico-espacial-de-rusia\\\/#primaryimage\",\"url\":\"https:\\\/\\\/www.eldiario.net\\\/portal\\\/wp-content\\\/uploads\\\/2023\\\/09\\\/DAN.jpg\",\"contentUrl\":\"https:\\\/\\\/www.eldiario.net\\\/portal\\\/wp-content\\\/uploads\\\/2023\\\/09\\\/DAN.jpg\",\"width\":299,\"height\":168,\"caption\":\"DAN RAPOPORT EXEMPRESARIO QUE MURI\u00d3 EN UNA EXTRA\u00d1A CA\u00edDA DE UN EDIFICIO. The Daily Beast\"},{\"@type\":\"BreadcrumbList\",\"@id\":\"https:\\\/\\\/www.eldiario.net\\\/portal\\\/2023\\\/09\\\/03\\\/muere-melnikov-principal-cientifico-espacial-de-rusia\\\/#breadcrumb\",\"itemListElement\":[{\"@type\":\"ListItem\",\"position\":1,\"name\":\"Portada\",\"item\":\"https:\\\/\\\/www.eldiario.net\\\/portal\\\/\"},{\"@type\":\"ListItem\",\"position\":2,\"name\":\"Muere Melnikov principal cient\u00edfico espacial de Rusia\"}]},{\"@type\":\"WebSite\",\"@id\":\"https:\\\/\\\/www.eldiario.net\\\/portal\\\/#website\",\"url\":\"https:\\\/\\\/www.eldiario.net\\\/portal\\\/\",\"name\":\"El Diario - Decano de la prensa nacional\",\"description\":\"El Diario - Decano de la prensa nacional\",\"publisher\":{\"@id\":\"https:\\\/\\\/www.eldiario.net\\\/portal\\\/#organization\"},\"potentialAction\":[{\"@type\":\"SearchAction\",\"target\":{\"@type\":\"EntryPoint\",\"urlTemplate\":\"https:\\\/\\\/www.eldiario.net\\\/portal\\\/?s={search_term_string}\"},\"query-input\":{\"@type\":\"PropertyValueSpecification\",\"valueRequired\":true,\"valueName\":\"search_term_string\"}}],\"inLanguage\":\"es\"},{\"@type\":\"Organization\",\"@id\":\"https:\\\/\\\/www.eldiario.net\\\/portal\\\/#organization\",\"name\":\"El Diario - Decano de la prensa nacional\",\"url\":\"https:\\\/\\\/www.eldiario.net\\\/portal\\\/\",\"logo\":{\"@type\":\"ImageObject\",\"inLanguage\":\"es\",\"@id\":\"https:\\\/\\\/www.eldiario.net\\\/portal\\\/#\\\/schema\\\/logo\\\/image\\\/\",\"url\":\"https:\\\/\\\/www.eldiario.net\\\/portal\\\/wp-content\\\/uploads\\\/2023\\\/07\\\/logo_ED.jpg\",\"contentUrl\":\"https:\\\/\\\/www.eldiario.net\\\/portal\\\/wp-content\\\/uploads\\\/2023\\\/07\\\/logo_ED.jpg\",\"width\":272,\"height\":52,\"caption\":\"El Diario - Decano de la prensa nacional\"},\"image\":{\"@id\":\"https:\\\/\\\/www.eldiario.net\\\/portal\\\/#\\\/schema\\\/logo\\\/image\\\/\"},\"sameAs\":[\"https:\\\/\\\/www.facebook.com\\\/eldiario.bolivia\\\/\",\"https:\\\/\\\/x.com\\\/eldiario_net\"]},{\"@type\":\"Person\",\"@id\":\"https:\\\/\\\/www.eldiario.net\\\/portal\\\/#\\\/schema\\\/person\\\/f46445640444750d7d753ccd04ae01b7\",\"name\":\"Jeanette\",\"image\":{\"@type\":\"ImageObject\",\"inLanguage\":\"es\",\"@id\":\"https:\\\/\\\/secure.gravatar.com\\\/avatar\\\/3ea2118a5f7dad2b7138b1187a6b7ee55f160b9968b66013c3a3ef39dd7e5798?s=96&d=mm&r=g\",\"url\":\"https:\\\/\\\/secure.gravatar.com\\\/avatar\\\/3ea2118a5f7dad2b7138b1187a6b7ee55f160b9968b66013c3a3ef39dd7e5798?s=96&d=mm&r=g\",\"contentUrl\":\"https:\\\/\\\/secure.gravatar.com\\\/avatar\\\/3ea2118a5f7dad2b7138b1187a6b7ee55f160b9968b66013c3a3ef39dd7e5798?s=96&d=mm&r=g\",\"caption\":\"Jeanette\"},\"sameAs\":[\"https:\\\/\\\/www.eldiario.net\\\/portal\"],\"url\":\"https:\\\/\\\/www.eldiario.net\\\/portal\\\/author\\\/jeanette\\\/\"}]}<\/script>\n<!-- \/ Yoast SEO plugin. -->","yoast_head_json":{"title":"Muere Melnikov principal cient\u00edfico espacial de Rusia - El Diario - Bolivia","robots":{"index":"index","follow":"follow","max-snippet":"max-snippet:-1","max-image-preview":"max-image-preview:large","max-video-preview":"max-video-preview:-1"},"canonical":"https:\/\/www.eldiario.net\/portal\/2023\/09\/03\/muere-melnikov-principal-cientifico-espacial-de-rusia\/","og_locale":"es_ES","og_type":"article","og_title":"Muere Melnikov principal cient\u00edfico espacial de Rusia - El Diario - Bolivia","og_description":"El destacado cient\u00edfico espacial ruso Vitaly Melnikov, quien en el pasado ayud\u00f3 a colegas de la NASA, muri\u00f3 en extra\u00f1as circunstancias. El profesor, de 77 a\u00f1os, que hab\u00eda dirigido el Departamento de Sistemas Espaciales y de Cohetes de RSC Energ\u00eda, el principal fabricante de naves espaciales de Mosc\u00fa, no super\u00f3 una repentina y grave enfermedad. [&hellip;]","og_url":"https:\/\/www.eldiario.net\/portal\/2023\/09\/03\/muere-melnikov-principal-cientifico-espacial-de-rusia\/","og_site_name":"El Diario - Bolivia","article_publisher":"https:\/\/www.facebook.com\/eldiario.bolivia\/","article_published_time":"2023-09-03T10:09:27+00:00","og_image":[{"width":299,"height":168,"url":"https:\/\/www.eldiario.net\/portal\/wp-content\/uploads\/2023\/09\/DAN.jpg","type":"image\/jpeg"}],"author":"Jeanette","twitter_card":"summary_large_image","twitter_creator":"@eldiario_net","twitter_site":"@eldiario_net","twitter_misc":{"Escrito por":"Jeanette","Tiempo de lectura":"5 minutos"},"schema":{"@context":"https:\/\/schema.org","@graph":[{"@type":"Article","@id":"https:\/\/www.eldiario.net\/portal\/2023\/09\/03\/muere-melnikov-principal-cientifico-espacial-de-rusia\/#article","isPartOf":{"@id":"https:\/\/www.eldiario.net\/portal\/2023\/09\/03\/muere-melnikov-principal-cientifico-espacial-de-rusia\/"},"author":{"name":"Jeanette","@id":"https:\/\/www.eldiario.net\/portal\/#\/schema\/person\/f46445640444750d7d753ccd04ae01b7"},"headline":"Muere Melnikov principal cient\u00edfico espacial de Rusia","datePublished":"2023-09-03T10:09:27+00:00","mainEntityOfPage":{"@id":"https:\/\/www.eldiario.net\/portal\/2023\/09\/03\/muere-melnikov-principal-cientifico-espacial-de-rusia\/"},"wordCount":1078,"publisher":{"@id":"https:\/\/www.eldiario.net\/portal\/#organization"},"image":{"@id":"https:\/\/www.eldiario.net\/portal\/2023\/09\/03\/muere-melnikov-principal-cientifico-espacial-de-rusia\/#primaryimage"},"thumbnailUrl":"https:\/\/www.eldiario.net\/portal\/wp-content\/uploads\/2023\/09\/DAN.jpg","articleSection":["Internacional"],"inLanguage":"es"},{"@type":"WebPage","@id":"https:\/\/www.eldiario.net\/portal\/2023\/09\/03\/muere-melnikov-principal-cientifico-espacial-de-rusia\/","url":"https:\/\/www.eldiario.net\/portal\/2023\/09\/03\/muere-melnikov-principal-cientifico-espacial-de-rusia\/","name":"Muere Melnikov principal cient\u00edfico espacial de Rusia - El Diario - Bolivia","isPartOf":{"@id":"https:\/\/www.eldiario.net\/portal\/#website"},"primaryImageOfPage":{"@id":"https:\/\/www.eldiario.net\/portal\/2023\/09\/03\/muere-melnikov-principal-cientifico-espacial-de-rusia\/#primaryimage"},"image":{"@id":"https:\/\/www.eldiario.net\/portal\/2023\/09\/03\/muere-melnikov-principal-cientifico-espacial-de-rusia\/#primaryimage"},"thumbnailUrl":"https:\/\/www.eldiario.net\/portal\/wp-content\/uploads\/2023\/09\/DAN.jpg","datePublished":"2023-09-03T10:09:27+00:00","breadcrumb":{"@id":"https:\/\/www.eldiario.net\/portal\/2023\/09\/03\/muere-melnikov-principal-cientifico-espacial-de-rusia\/#breadcrumb"},"inLanguage":"es","potentialAction":[{"@type":"ReadAction","target":["https:\/\/www.eldiario.net\/portal\/2023\/09\/03\/muere-melnikov-principal-cientifico-espacial-de-rusia\/"]}]},{"@type":"ImageObject","inLanguage":"es","@id":"https:\/\/www.eldiario.net\/portal\/2023\/09\/03\/muere-melnikov-principal-cientifico-espacial-de-rusia\/#primaryimage","url":"https:\/\/www.eldiario.net\/portal\/wp-content\/uploads\/2023\/09\/DAN.jpg","contentUrl":"https:\/\/www.eldiario.net\/portal\/wp-content\/uploads\/2023\/09\/DAN.jpg","width":299,"height":168,"caption":"DAN RAPOPORT EXEMPRESARIO QUE MURI\u00d3 EN UNA EXTRA\u00d1A CA\u00edDA DE UN EDIFICIO. The Daily Beast"},{"@type":"BreadcrumbList","@id":"https:\/\/www.eldiario.net\/portal\/2023\/09\/03\/muere-melnikov-principal-cientifico-espacial-de-rusia\/#breadcrumb","itemListElement":[{"@type":"ListItem","position":1,"name":"Portada","item":"https:\/\/www.eldiario.net\/portal\/"},{"@type":"ListItem","position":2,"name":"Muere Melnikov principal cient\u00edfico espacial de Rusia"}]},{"@type":"WebSite","@id":"https:\/\/www.eldiario.net\/portal\/#website","url":"https:\/\/www.eldiario.net\/portal\/","name":"El Diario - Decano de la prensa nacional","description":"El Diario - Decano de la prensa nacional","publisher":{"@id":"https:\/\/www.eldiario.net\/portal\/#organization"},"potentialAction":[{"@type":"SearchAction","target":{"@type":"EntryPoint","urlTemplate":"https:\/\/www.eldiario.net\/portal\/?s={search_term_string}"},"query-input":{"@type":"PropertyValueSpecification","valueRequired":true,"valueName":"search_term_string"}}],"inLanguage":"es"},{"@type":"Organization","@id":"https:\/\/www.eldiario.net\/portal\/#organization","name":"El Diario - Decano de la prensa nacional","url":"https:\/\/www.eldiario.net\/portal\/","logo":{"@type":"ImageObject","inLanguage":"es","@id":"https:\/\/www.eldiario.net\/portal\/#\/schema\/logo\/image\/","url":"https:\/\/www.eldiario.net\/portal\/wp-content\/uploads\/2023\/07\/logo_ED.jpg","contentUrl":"https:\/\/www.eldiario.net\/portal\/wp-content\/uploads\/2023\/07\/logo_ED.jpg","width":272,"height":52,"caption":"El Diario - Decano de la prensa nacional"},"image":{"@id":"https:\/\/www.eldiario.net\/portal\/#\/schema\/logo\/image\/"},"sameAs":["https:\/\/www.facebook.com\/eldiario.bolivia\/","https:\/\/x.com\/eldiario_net"]},{"@type":"Person","@id":"https:\/\/www.eldiario.net\/portal\/#\/schema\/person\/f46445640444750d7d753ccd04ae01b7","name":"Jeanette","image":{"@type":"ImageObject","inLanguage":"es","@id":"https:\/\/secure.gravatar.com\/avatar\/3ea2118a5f7dad2b7138b1187a6b7ee55f160b9968b66013c3a3ef39dd7e5798?s=96&d=mm&r=g","url":"https:\/\/secure.gravatar.com\/avatar\/3ea2118a5f7dad2b7138b1187a6b7ee55f160b9968b66013c3a3ef39dd7e5798?s=96&d=mm&r=g","contentUrl":"https:\/\/secure.gravatar.com\/avatar\/3ea2118a5f7dad2b7138b1187a6b7ee55f160b9968b66013c3a3ef39dd7e5798?s=96&d=mm&r=g","caption":"Jeanette"},"sameAs":["https:\/\/www.eldiario.net\/portal"],"url":"https:\/\/www.eldiario.net\/portal\/author\/jeanette\/"}]}},"_links":{"self":[{"href":"https:\/\/www.eldiario.net\/portal\/wp-json\/wp\/v2\/posts\/174488","targetHints":{"allow":["GET"]}}],"collection":[{"href":"https:\/\/www.eldiario.net\/portal\/wp-json\/wp\/v2\/posts"}],"about":[{"href":"https:\/\/www.eldiario.net\/portal\/wp-json\/wp\/v2\/types\/post"}],"author":[{"embeddable":true,"href":"https:\/\/www.eldiario.net\/portal\/wp-json\/wp\/v2\/users\/1"}],"replies":[{"embeddable":true,"href":"https:\/\/www.eldiario.net\/portal\/wp-json\/wp\/v2\/comments?post=174488"}],"version-history":[{"count":0,"href":"https:\/\/www.eldiario.net\/portal\/wp-json\/wp\/v2\/posts\/174488\/revisions"}],"wp:featuredmedia":[{"embeddable":true,"href":"https:\/\/www.eldiario.net\/portal\/wp-json\/wp\/v2\/media\/174489"}],"wp:attachment":[{"href":"https:\/\/www.eldiario.net\/portal\/wp-json\/wp\/v2\/media?parent=174488"}],"wp:term":[{"taxonomy":"category","embeddable":true,"href":"https:\/\/www.eldiario.net\/portal\/wp-json\/wp\/v2\/categories?post=174488"},{"taxonomy":"post_tag","embeddable":true,"href":"https:\/\/www.eldiario.net\/portal\/wp-json\/wp\/v2\/tags?post=174488"}],"curies":[{"name":"wp","href":"https:\/\/api.w.org\/{rel}","templated":true}]}}