{"id":174486,"date":"2023-09-03T06:07:56","date_gmt":"2023-09-03T10:07:56","guid":{"rendered":"https:\/\/www.eldiario.net\/portal\/?p=174486"},"modified":"2023-09-03T06:07:56","modified_gmt":"2023-09-03T10:07:56","slug":"fuerzas-ucranianas-lograron-romper-la-linea-faberge","status":"publish","type":"post","link":"https:\/\/www.eldiario.net\/portal\/2023\/09\/03\/fuerzas-ucranianas-lograron-romper-la-linea-faberge\/","title":{"rendered":"Fuerzas ucranianas lograron  romper la \u201cL\u00ednea Faberg\u00e9\u201d"},"content":{"rendered":"<p>Las fuerzas ucranianas lograron esta semana romper la l\u00ednea m\u00e1s f\u00e9rrea de defensa construida por los rusos para evitar que interrumpan la l\u00ednea de suministro del sur y el oeste del territorio ocupado y puedan llegar a orillas de la pen\u00ednsula de Crimea.<br \/>\nLa denominada \u201cL\u00ednea Surovikin\u201d o m\u00e1s conocida popularmente como \u201cL\u00ednea Faberg\u00e9\u201d, por su alto costo, es una paradoja desde su nombre. Sergei Surovikin, el general que mand\u00f3 a construirla, cay\u00f3 en desgracia tras el amotinamiento del desaparecido l\u00edder de los mercenarios Wagner y se desconoce su paradero desde hace dos meses. Peter Carl Faberg\u00e9 era un joyero ruso conocido por los famosos \u201chuevos de Faberg\u00e9\u201d, hechos al estilo de los aut\u00e9nticos huevos de Pascua, pero utilizando oro y piedras preciosas.<br \/>\nLa 46\u00aa Brigada ucraniana liber\u00f3 el pueblo de Robotyne y asediaba este fin de semana la siguiente localidad de Verbove, en la ruta hacia la ciudad de Tokmak, a 40 kil\u00f3metros. Esto le dar\u00eda la posibilidad de recuperar una buena parte de la provincia estrat\u00e9gica de Zaporizhzhia y seguir avanzando hacia la ciudad de Melitopol, para comprometer las rutas de abastecimiento de las fuerzas rusas, la posibilidad de abrir una brecha entre Rusia y la Crimea ocupada y hacer colapsar todo el frente sur ruso.<br \/>\nEste avance se produjo despu\u00e9s de semanas de brutales combates. Las cifras de muertos en los dos bandos son alt\u00edsimas. Se habla de hasta 30.000 bajas entre los rusos y unos 10.000 ucranianos desde que comenz\u00f3 la contraofensiva. Y lo que viene es a\u00fan peor.<br \/>\nUn comunicado de la jefatura de la 46\u00aa Brigada advirti\u00f3 que \u201cRusia est\u00e1 constantemente contraatacando, llevando a cabo una defensa activa\u201d. Y agreg\u00f3 que \u201cen este mes de batallas hemos visto que el enemigo no va a renunciar a las tierras capturadas, hay mucho trabajo por delante\u201d.<br \/>\nEl ministro de Asuntos Exteriores ucraniano, Dmytro Kuleba, habl\u00f3 sobre la dificultad de la batalla durante una reuni\u00f3n de diplom\u00e1ticos en Francia. Luego de pasar m\u00e1s de dos meses en una agotadora campa\u00f1a para romper las l\u00edneas rusas alrededor de Robotyne, la capacidad de combate de las unidades estaba agotada, dijo.<br \/>\nSeg\u00fan la inteligencia militar brit\u00e1nica, Rusia construy\u00f3 desde mediados de 2022 uno de los sistemas de fortificaci\u00f3n m\u00e1s extensos desde la Segunda Guerra Mundial. Estas fortificaciones no s\u00f3lo est\u00e1n presentes en las l\u00edneas del frente, sino que tambi\u00e9n se extienden a las zonas de retaguardia y a lo largo de la \u201cantigua\u201d frontera ruso-ucraniana. Especialmente llamativas son las trincheras ininterrumpidas que se extienden 70 kil\u00f3metros desde las afueras de la ciudad de Melitopol hasta la aldea de Marynivka, cerca de Prymorsk, a orillas del Mar de Azov. La magnitud de las trincheras, situadas directamente en la costa del Mar Negro en Crimea, y las l\u00edneas de barreras de hormig\u00f3n dentro de la pen\u00ednsula, es sobrecogedora.<br \/>\nSeg\u00fan los manuales de los ingenieros militares, los \u201cdientes de drag\u00f3n\u201d deben estar dispuestos en un m\u00ednimo de seis filas, conectados por cables o colocados sobre una base de hormig\u00f3n.<br \/>\nEsa es la raz\u00f3n por la que el nacionalista ruso cr\u00edtico con el Kremlin y excomandante militar Igor Girkin, tambi\u00e9n conocido como Igor Strelkov, bautiz\u00f3 a la l\u00ednea de defensa ideada por el general Surovikin como la \u201cl\u00ednea Faberg\u00e9\u201d. \u201cCuesta como un huevo de diamantes\u201d, dijo en uno de sus post en las redes y la prensa internacional lo adopt\u00f3. (Infobae).<\/p>\n","protected":false},"excerpt":{"rendered":"<p>Las fuerzas ucranianas lograron esta semana romper la l\u00ednea m\u00e1s f\u00e9rrea de defensa construida por los rusos para evitar que interrumpan la l\u00ednea de suministro del sur y el oeste del territorio ocupado y puedan llegar a orillas de la pen\u00ednsula de Crimea. La denominada \u201cL\u00ednea Surovikin\u201d o m\u00e1s conocida popularmente como \u201cL\u00ednea Faberg\u00e9\u201d, por [&hellip;]<\/p>\n","protected":false},"author":1,"featured_media":0,"comment_status":"closed","ping_status":"open","sticky":false,"template":"","format":"standard","meta":{"_acf_changed":false,"footnotes":""},"categories":[3],"tags":[],"class_list":["post-174486","post","type-post","status-publish","format-standard","category-internacional"],"acf":{"antetitulo":""},"yoast_head":"<!-- This site is optimized with the Yoast SEO plugin v28.3 - https:\/\/yoast.com\/product\/yoast-seo-wordpress\/ -->\n<title>Fuerzas ucranianas lograron romper la \u201cL\u00ednea Faberg\u00e9\u201d - El Diario - Bolivia<\/title>\n<meta name=\"robots\" content=\"index, follow, max-snippet:-1, max-image-preview:large, max-video-preview:-1\" \/>\n<link rel=\"canonical\" href=\"https:\/\/www.eldiario.net\/portal\/2023\/09\/03\/fuerzas-ucranianas-lograron-romper-la-linea-faberge\/\" \/>\n<meta property=\"og:locale\" content=\"es_ES\" \/>\n<meta property=\"og:type\" content=\"article\" \/>\n<meta property=\"og:title\" content=\"Fuerzas ucranianas lograron romper la \u201cL\u00ednea Faberg\u00e9\u201d - El Diario - Bolivia\" \/>\n<meta property=\"og:description\" content=\"Las fuerzas ucranianas lograron esta semana romper la l\u00ednea m\u00e1s f\u00e9rrea de defensa construida por los rusos para evitar que interrumpan la l\u00ednea de suministro del sur y el oeste del territorio ocupado y puedan llegar a orillas de la pen\u00ednsula de Crimea. La denominada \u201cL\u00ednea Surovikin\u201d o m\u00e1s conocida popularmente como \u201cL\u00ednea Faberg\u00e9\u201d, por [&hellip;]\" \/>\n<meta property=\"og:url\" content=\"https:\/\/www.eldiario.net\/portal\/2023\/09\/03\/fuerzas-ucranianas-lograron-romper-la-linea-faberge\/\" \/>\n<meta property=\"og:site_name\" content=\"El Diario - Bolivia\" \/>\n<meta property=\"article:publisher\" content=\"https:\/\/www.facebook.com\/eldiario.bolivia\/\" \/>\n<meta property=\"article:published_time\" content=\"2023-09-03T10:07:56+00:00\" \/>\n<meta name=\"author\" content=\"Jeanette\" \/>\n<meta name=\"twitter:card\" content=\"summary_large_image\" \/>\n<meta name=\"twitter:creator\" content=\"@eldiario_net\" \/>\n<meta name=\"twitter:site\" content=\"@eldiario_net\" \/>\n<meta name=\"twitter:label1\" content=\"Escrito por\" \/>\n\t<meta name=\"twitter:data1\" content=\"Jeanette\" \/>\n\t<meta name=\"twitter:label2\" content=\"Tiempo de lectura\" \/>\n\t<meta name=\"twitter:data2\" content=\"3 minutos\" \/>\n<script type=\"application\/ld+json\" class=\"yoast-schema-graph\">{\"@context\":\"https:\\\/\\\/schema.org\",\"@graph\":[{\"@type\":\"Article\",\"@id\":\"https:\\\/\\\/www.eldiario.net\\\/portal\\\/2023\\\/09\\\/03\\\/fuerzas-ucranianas-lograron-romper-la-linea-faberge\\\/#article\",\"isPartOf\":{\"@id\":\"https:\\\/\\\/www.eldiario.net\\\/portal\\\/2023\\\/09\\\/03\\\/fuerzas-ucranianas-lograron-romper-la-linea-faberge\\\/\"},\"author\":{\"name\":\"Jeanette\",\"@id\":\"https:\\\/\\\/www.eldiario.net\\\/portal\\\/#\\\/schema\\\/person\\\/f46445640444750d7d753ccd04ae01b7\"},\"headline\":\"Fuerzas ucranianas lograron romper la \u201cL\u00ednea Faberg\u00e9\u201d\",\"datePublished\":\"2023-09-03T10:07:56+00:00\",\"mainEntityOfPage\":{\"@id\":\"https:\\\/\\\/www.eldiario.net\\\/portal\\\/2023\\\/09\\\/03\\\/fuerzas-ucranianas-lograron-romper-la-linea-faberge\\\/\"},\"wordCount\":600,\"publisher\":{\"@id\":\"https:\\\/\\\/www.eldiario.net\\\/portal\\\/#organization\"},\"articleSection\":[\"Internacional\"],\"inLanguage\":\"es\"},{\"@type\":\"WebPage\",\"@id\":\"https:\\\/\\\/www.eldiario.net\\\/portal\\\/2023\\\/09\\\/03\\\/fuerzas-ucranianas-lograron-romper-la-linea-faberge\\\/\",\"url\":\"https:\\\/\\\/www.eldiario.net\\\/portal\\\/2023\\\/09\\\/03\\\/fuerzas-ucranianas-lograron-romper-la-linea-faberge\\\/\",\"name\":\"Fuerzas ucranianas lograron romper la \u201cL\u00ednea Faberg\u00e9\u201d - El Diario - Bolivia\",\"isPartOf\":{\"@id\":\"https:\\\/\\\/www.eldiario.net\\\/portal\\\/#website\"},\"datePublished\":\"2023-09-03T10:07:56+00:00\",\"breadcrumb\":{\"@id\":\"https:\\\/\\\/www.eldiario.net\\\/portal\\\/2023\\\/09\\\/03\\\/fuerzas-ucranianas-lograron-romper-la-linea-faberge\\\/#breadcrumb\"},\"inLanguage\":\"es\",\"potentialAction\":[{\"@type\":\"ReadAction\",\"target\":[\"https:\\\/\\\/www.eldiario.net\\\/portal\\\/2023\\\/09\\\/03\\\/fuerzas-ucranianas-lograron-romper-la-linea-faberge\\\/\"]}]},{\"@type\":\"BreadcrumbList\",\"@id\":\"https:\\\/\\\/www.eldiario.net\\\/portal\\\/2023\\\/09\\\/03\\\/fuerzas-ucranianas-lograron-romper-la-linea-faberge\\\/#breadcrumb\",\"itemListElement\":[{\"@type\":\"ListItem\",\"position\":1,\"name\":\"Portada\",\"item\":\"https:\\\/\\\/www.eldiario.net\\\/portal\\\/\"},{\"@type\":\"ListItem\",\"position\":2,\"name\":\"Fuerzas ucranianas lograron romper la \u201cL\u00ednea Faberg\u00e9\u201d\"}]},{\"@type\":\"WebSite\",\"@id\":\"https:\\\/\\\/www.eldiario.net\\\/portal\\\/#website\",\"url\":\"https:\\\/\\\/www.eldiario.net\\\/portal\\\/\",\"name\":\"El Diario - Decano de la prensa nacional\",\"description\":\"El Diario - Decano de la prensa nacional\",\"publisher\":{\"@id\":\"https:\\\/\\\/www.eldiario.net\\\/portal\\\/#organization\"},\"potentialAction\":[{\"@type\":\"SearchAction\",\"target\":{\"@type\":\"EntryPoint\",\"urlTemplate\":\"https:\\\/\\\/www.eldiario.net\\\/portal\\\/?s={search_term_string}\"},\"query-input\":{\"@type\":\"PropertyValueSpecification\",\"valueRequired\":true,\"valueName\":\"search_term_string\"}}],\"inLanguage\":\"es\"},{\"@type\":\"Organization\",\"@id\":\"https:\\\/\\\/www.eldiario.net\\\/portal\\\/#organization\",\"name\":\"El Diario - Decano de la prensa nacional\",\"url\":\"https:\\\/\\\/www.eldiario.net\\\/portal\\\/\",\"logo\":{\"@type\":\"ImageObject\",\"inLanguage\":\"es\",\"@id\":\"https:\\\/\\\/www.eldiario.net\\\/portal\\\/#\\\/schema\\\/logo\\\/image\\\/\",\"url\":\"https:\\\/\\\/www.eldiario.net\\\/portal\\\/wp-content\\\/uploads\\\/2023\\\/07\\\/logo_ED.jpg\",\"contentUrl\":\"https:\\\/\\\/www.eldiario.net\\\/portal\\\/wp-content\\\/uploads\\\/2023\\\/07\\\/logo_ED.jpg\",\"width\":272,\"height\":52,\"caption\":\"El Diario - Decano de la prensa nacional\"},\"image\":{\"@id\":\"https:\\\/\\\/www.eldiario.net\\\/portal\\\/#\\\/schema\\\/logo\\\/image\\\/\"},\"sameAs\":[\"https:\\\/\\\/www.facebook.com\\\/eldiario.bolivia\\\/\",\"https:\\\/\\\/x.com\\\/eldiario_net\"]},{\"@type\":\"Person\",\"@id\":\"https:\\\/\\\/www.eldiario.net\\\/portal\\\/#\\\/schema\\\/person\\\/f46445640444750d7d753ccd04ae01b7\",\"name\":\"Jeanette\",\"image\":{\"@type\":\"ImageObject\",\"inLanguage\":\"es\",\"@id\":\"https:\\\/\\\/secure.gravatar.com\\\/avatar\\\/3ea2118a5f7dad2b7138b1187a6b7ee55f160b9968b66013c3a3ef39dd7e5798?s=96&d=mm&r=g\",\"url\":\"https:\\\/\\\/secure.gravatar.com\\\/avatar\\\/3ea2118a5f7dad2b7138b1187a6b7ee55f160b9968b66013c3a3ef39dd7e5798?s=96&d=mm&r=g\",\"contentUrl\":\"https:\\\/\\\/secure.gravatar.com\\\/avatar\\\/3ea2118a5f7dad2b7138b1187a6b7ee55f160b9968b66013c3a3ef39dd7e5798?s=96&d=mm&r=g\",\"caption\":\"Jeanette\"},\"sameAs\":[\"https:\\\/\\\/www.eldiario.net\\\/portal\"],\"url\":\"https:\\\/\\\/www.eldiario.net\\\/portal\\\/author\\\/jeanette\\\/\"}]}<\/script>\n<!-- \/ Yoast SEO plugin. -->","yoast_head_json":{"title":"Fuerzas ucranianas lograron romper la \u201cL\u00ednea Faberg\u00e9\u201d - El Diario - Bolivia","robots":{"index":"index","follow":"follow","max-snippet":"max-snippet:-1","max-image-preview":"max-image-preview:large","max-video-preview":"max-video-preview:-1"},"canonical":"https:\/\/www.eldiario.net\/portal\/2023\/09\/03\/fuerzas-ucranianas-lograron-romper-la-linea-faberge\/","og_locale":"es_ES","og_type":"article","og_title":"Fuerzas ucranianas lograron romper la \u201cL\u00ednea Faberg\u00e9\u201d - El Diario - Bolivia","og_description":"Las fuerzas ucranianas lograron esta semana romper la l\u00ednea m\u00e1s f\u00e9rrea de defensa construida por los rusos para evitar que interrumpan la l\u00ednea de suministro del sur y el oeste del territorio ocupado y puedan llegar a orillas de la pen\u00ednsula de Crimea. La denominada \u201cL\u00ednea Surovikin\u201d o m\u00e1s conocida popularmente como \u201cL\u00ednea Faberg\u00e9\u201d, por [&hellip;]","og_url":"https:\/\/www.eldiario.net\/portal\/2023\/09\/03\/fuerzas-ucranianas-lograron-romper-la-linea-faberge\/","og_site_name":"El Diario - Bolivia","article_publisher":"https:\/\/www.facebook.com\/eldiario.bolivia\/","article_published_time":"2023-09-03T10:07:56+00:00","author":"Jeanette","twitter_card":"summary_large_image","twitter_creator":"@eldiario_net","twitter_site":"@eldiario_net","twitter_misc":{"Escrito por":"Jeanette","Tiempo de lectura":"3 minutos"},"schema":{"@context":"https:\/\/schema.org","@graph":[{"@type":"Article","@id":"https:\/\/www.eldiario.net\/portal\/2023\/09\/03\/fuerzas-ucranianas-lograron-romper-la-linea-faberge\/#article","isPartOf":{"@id":"https:\/\/www.eldiario.net\/portal\/2023\/09\/03\/fuerzas-ucranianas-lograron-romper-la-linea-faberge\/"},"author":{"name":"Jeanette","@id":"https:\/\/www.eldiario.net\/portal\/#\/schema\/person\/f46445640444750d7d753ccd04ae01b7"},"headline":"Fuerzas ucranianas lograron romper la \u201cL\u00ednea Faberg\u00e9\u201d","datePublished":"2023-09-03T10:07:56+00:00","mainEntityOfPage":{"@id":"https:\/\/www.eldiario.net\/portal\/2023\/09\/03\/fuerzas-ucranianas-lograron-romper-la-linea-faberge\/"},"wordCount":600,"publisher":{"@id":"https:\/\/www.eldiario.net\/portal\/#organization"},"articleSection":["Internacional"],"inLanguage":"es"},{"@type":"WebPage","@id":"https:\/\/www.eldiario.net\/portal\/2023\/09\/03\/fuerzas-ucranianas-lograron-romper-la-linea-faberge\/","url":"https:\/\/www.eldiario.net\/portal\/2023\/09\/03\/fuerzas-ucranianas-lograron-romper-la-linea-faberge\/","name":"Fuerzas ucranianas lograron romper la \u201cL\u00ednea Faberg\u00e9\u201d - El Diario - Bolivia","isPartOf":{"@id":"https:\/\/www.eldiario.net\/portal\/#website"},"datePublished":"2023-09-03T10:07:56+00:00","breadcrumb":{"@id":"https:\/\/www.eldiario.net\/portal\/2023\/09\/03\/fuerzas-ucranianas-lograron-romper-la-linea-faberge\/#breadcrumb"},"inLanguage":"es","potentialAction":[{"@type":"ReadAction","target":["https:\/\/www.eldiario.net\/portal\/2023\/09\/03\/fuerzas-ucranianas-lograron-romper-la-linea-faberge\/"]}]},{"@type":"BreadcrumbList","@id":"https:\/\/www.eldiario.net\/portal\/2023\/09\/03\/fuerzas-ucranianas-lograron-romper-la-linea-faberge\/#breadcrumb","itemListElement":[{"@type":"ListItem","position":1,"name":"Portada","item":"https:\/\/www.eldiario.net\/portal\/"},{"@type":"ListItem","position":2,"name":"Fuerzas ucranianas lograron romper la \u201cL\u00ednea Faberg\u00e9\u201d"}]},{"@type":"WebSite","@id":"https:\/\/www.eldiario.net\/portal\/#website","url":"https:\/\/www.eldiario.net\/portal\/","name":"El Diario - Decano de la prensa nacional","description":"El Diario - Decano de la prensa nacional","publisher":{"@id":"https:\/\/www.eldiario.net\/portal\/#organization"},"potentialAction":[{"@type":"SearchAction","target":{"@type":"EntryPoint","urlTemplate":"https:\/\/www.eldiario.net\/portal\/?s={search_term_string}"},"query-input":{"@type":"PropertyValueSpecification","valueRequired":true,"valueName":"search_term_string"}}],"inLanguage":"es"},{"@type":"Organization","@id":"https:\/\/www.eldiario.net\/portal\/#organization","name":"El Diario - Decano de la prensa nacional","url":"https:\/\/www.eldiario.net\/portal\/","logo":{"@type":"ImageObject","inLanguage":"es","@id":"https:\/\/www.eldiario.net\/portal\/#\/schema\/logo\/image\/","url":"https:\/\/www.eldiario.net\/portal\/wp-content\/uploads\/2023\/07\/logo_ED.jpg","contentUrl":"https:\/\/www.eldiario.net\/portal\/wp-content\/uploads\/2023\/07\/logo_ED.jpg","width":272,"height":52,"caption":"El Diario - Decano de la prensa nacional"},"image":{"@id":"https:\/\/www.eldiario.net\/portal\/#\/schema\/logo\/image\/"},"sameAs":["https:\/\/www.facebook.com\/eldiario.bolivia\/","https:\/\/x.com\/eldiario_net"]},{"@type":"Person","@id":"https:\/\/www.eldiario.net\/portal\/#\/schema\/person\/f46445640444750d7d753ccd04ae01b7","name":"Jeanette","image":{"@type":"ImageObject","inLanguage":"es","@id":"https:\/\/secure.gravatar.com\/avatar\/3ea2118a5f7dad2b7138b1187a6b7ee55f160b9968b66013c3a3ef39dd7e5798?s=96&d=mm&r=g","url":"https:\/\/secure.gravatar.com\/avatar\/3ea2118a5f7dad2b7138b1187a6b7ee55f160b9968b66013c3a3ef39dd7e5798?s=96&d=mm&r=g","contentUrl":"https:\/\/secure.gravatar.com\/avatar\/3ea2118a5f7dad2b7138b1187a6b7ee55f160b9968b66013c3a3ef39dd7e5798?s=96&d=mm&r=g","caption":"Jeanette"},"sameAs":["https:\/\/www.eldiario.net\/portal"],"url":"https:\/\/www.eldiario.net\/portal\/author\/jeanette\/"}]}},"_links":{"self":[{"href":"https:\/\/www.eldiario.net\/portal\/wp-json\/wp\/v2\/posts\/174486","targetHints":{"allow":["GET"]}}],"collection":[{"href":"https:\/\/www.eldiario.net\/portal\/wp-json\/wp\/v2\/posts"}],"about":[{"href":"https:\/\/www.eldiario.net\/portal\/wp-json\/wp\/v2\/types\/post"}],"author":[{"embeddable":true,"href":"https:\/\/www.eldiario.net\/portal\/wp-json\/wp\/v2\/users\/1"}],"replies":[{"embeddable":true,"href":"https:\/\/www.eldiario.net\/portal\/wp-json\/wp\/v2\/comments?post=174486"}],"version-history":[{"count":0,"href":"https:\/\/www.eldiario.net\/portal\/wp-json\/wp\/v2\/posts\/174486\/revisions"}],"wp:attachment":[{"href":"https:\/\/www.eldiario.net\/portal\/wp-json\/wp\/v2\/media?parent=174486"}],"wp:term":[{"taxonomy":"category","embeddable":true,"href":"https:\/\/www.eldiario.net\/portal\/wp-json\/wp\/v2\/categories?post=174486"},{"taxonomy":"post_tag","embeddable":true,"href":"https:\/\/www.eldiario.net\/portal\/wp-json\/wp\/v2\/tags?post=174486"}],"curies":[{"name":"wp","href":"https:\/\/api.w.org\/{rel}","templated":true}]}}