{"id":174484,"date":"2023-09-03T06:07:36","date_gmt":"2023-09-03T10:07:36","guid":{"rendered":"https:\/\/www.eldiario.net\/portal\/?p=174484"},"modified":"2023-09-03T06:07:36","modified_gmt":"2023-09-03T10:07:36","slug":"corea-del-norte-lanza-misiles-de-crucero-hacia-el-mar-amarillo","status":"publish","type":"post","link":"https:\/\/www.eldiario.net\/portal\/2023\/09\/03\/corea-del-norte-lanza-misiles-de-crucero-hacia-el-mar-amarillo\/","title":{"rendered":"Corea del Norte lanza misiles de  crucero hacia el mar Amarillo"},"content":{"rendered":"<p>Corea del Norte lanz\u00f3 varios misiles de crucero hacia el mar Amarillo, ayer seg\u00fan denunci\u00f3 el Ej\u00e9rcito de Corea del Sur, en el segundo incidente de este tipo en una semana, tras las maniobras militares conjuntas entre Se\u00fal y Washington.<br \/>\n\u00abMientras se refuerza nuestra supervisi\u00f3n y vigilancia, nuestro Ej\u00e9rcito mantiene una postura de total preparaci\u00f3n, en coordinaci\u00f3n cercana con Estados Unidos\u00bb, dijo el Estado Mayor Conjunto de Corea del Sur a trav\u00e9s de un mensaje, seg\u00fan inform\u00f3 la agencia surcoreana de noticias Yonhap.<br \/>\nTras ello, el Consejo de Seguridad Nacional surcoreano mantuvo una reuni\u00f3n de emergencia para abordar la situaci\u00f3n, un encuentro encabezado por Lim Jong Deuk, viceasesor de Seguridad Nacional de Corea del Sur.<br \/>\nEl incidente tiene lugar despu\u00e9s de que las autoridades norcoreanas lanzaron el mi\u00e9rcoles dos misiles bal\u00edsticos hacia el mar de Jap\u00f3n, tambi\u00e9n conocido como el mar del Este, a medida que avanzaban las maniobras militares conjuntas de estos dos pa\u00edses en las inmediaciones de la pen\u00ednsula de Corea.<br \/>\nEl lanzamiento de estos dos misiles bal\u00edsticos fue confirmado por dirigentes de Corea del Norte, que reiteraron que era una respuesta a esas maniobras conjuntas que representan, a su parecer, una seria amenaza ya que se realizaron de acuerdo con el escenario de un ataque nuclear preventivo contra Corea del Norte.<br \/>\n\u00abEl objetivo del ejercicio es enviar un mensaje claro a los enemigos, que respondieron a las repetidas advertencias de la Rep\u00fablica Popular Democr\u00e1tica de Corea (RPDC) con amenazas militares como el despliegue de activos estrat\u00e9gicos\u00bb, se\u00f1ala un comunicado del Estado Mayor Conjunto recogido por la agencia de noticias KCNA.<br \/>\nCorea del Norte lleva d\u00e9cadas mostrando su rechazo a las maniobras militares conjuntas, present\u00e1ndolas como la antesala de una posible invasi\u00f3n y de una guerra nuclear. En este sentido, si bien existen resoluciones del Consejo de Seguridad de la ONU que proh\u00edben a Corea del Norte realizar pruebas con misiles bal\u00edsticos, no hay prohibiciones similares que hagan referencia a los misiles de crucero. (Europa Press).<\/p>\n<p>&nbsp;<\/p>\n","protected":false},"excerpt":{"rendered":"<p>Corea del Norte lanz\u00f3 varios misiles de crucero hacia el mar Amarillo, ayer seg\u00fan denunci\u00f3 el Ej\u00e9rcito de Corea del Sur, en el segundo incidente de este tipo en una semana, tras las maniobras militares conjuntas entre Se\u00fal y Washington. \u00abMientras se refuerza nuestra supervisi\u00f3n y vigilancia, nuestro Ej\u00e9rcito mantiene una postura de total preparaci\u00f3n, [&hellip;]<\/p>\n","protected":false},"author":1,"featured_media":0,"comment_status":"closed","ping_status":"open","sticky":false,"template":"","format":"standard","meta":{"_acf_changed":false,"footnotes":""},"categories":[3],"tags":[],"class_list":["post-174484","post","type-post","status-publish","format-standard","category-internacional"],"acf":{"antetitulo":""},"yoast_head":"<!-- This site is optimized with the Yoast SEO plugin v28.3 - https:\/\/yoast.com\/product\/yoast-seo-wordpress\/ -->\n<title>Corea del Norte lanza misiles de crucero hacia el mar Amarillo - El Diario - Bolivia<\/title>\n<meta name=\"robots\" content=\"index, follow, max-snippet:-1, max-image-preview:large, max-video-preview:-1\" \/>\n<link rel=\"canonical\" href=\"https:\/\/www.eldiario.net\/portal\/2023\/09\/03\/corea-del-norte-lanza-misiles-de-crucero-hacia-el-mar-amarillo\/\" \/>\n<meta property=\"og:locale\" content=\"es_ES\" \/>\n<meta property=\"og:type\" content=\"article\" \/>\n<meta property=\"og:title\" content=\"Corea del Norte lanza misiles de crucero hacia el mar Amarillo - El Diario - Bolivia\" \/>\n<meta property=\"og:description\" content=\"Corea del Norte lanz\u00f3 varios misiles de crucero hacia el mar Amarillo, ayer seg\u00fan denunci\u00f3 el Ej\u00e9rcito de Corea del Sur, en el segundo incidente de este tipo en una semana, tras las maniobras militares conjuntas entre Se\u00fal y Washington. \u00abMientras se refuerza nuestra supervisi\u00f3n y vigilancia, nuestro Ej\u00e9rcito mantiene una postura de total preparaci\u00f3n, [&hellip;]\" \/>\n<meta property=\"og:url\" content=\"https:\/\/www.eldiario.net\/portal\/2023\/09\/03\/corea-del-norte-lanza-misiles-de-crucero-hacia-el-mar-amarillo\/\" \/>\n<meta property=\"og:site_name\" content=\"El Diario - Bolivia\" \/>\n<meta property=\"article:publisher\" content=\"https:\/\/www.facebook.com\/eldiario.bolivia\/\" \/>\n<meta property=\"article:published_time\" content=\"2023-09-03T10:07:36+00:00\" \/>\n<meta name=\"author\" content=\"Jeanette\" \/>\n<meta name=\"twitter:card\" content=\"summary_large_image\" \/>\n<meta name=\"twitter:creator\" content=\"@eldiario_net\" \/>\n<meta name=\"twitter:site\" content=\"@eldiario_net\" \/>\n<meta name=\"twitter:label1\" content=\"Escrito por\" \/>\n\t<meta name=\"twitter:data1\" content=\"Jeanette\" \/>\n\t<meta name=\"twitter:label2\" content=\"Tiempo de lectura\" \/>\n\t<meta name=\"twitter:data2\" content=\"2 minutos\" \/>\n<script type=\"application\/ld+json\" class=\"yoast-schema-graph\">{\"@context\":\"https:\\\/\\\/schema.org\",\"@graph\":[{\"@type\":\"Article\",\"@id\":\"https:\\\/\\\/www.eldiario.net\\\/portal\\\/2023\\\/09\\\/03\\\/corea-del-norte-lanza-misiles-de-crucero-hacia-el-mar-amarillo\\\/#article\",\"isPartOf\":{\"@id\":\"https:\\\/\\\/www.eldiario.net\\\/portal\\\/2023\\\/09\\\/03\\\/corea-del-norte-lanza-misiles-de-crucero-hacia-el-mar-amarillo\\\/\"},\"author\":{\"name\":\"Jeanette\",\"@id\":\"https:\\\/\\\/www.eldiario.net\\\/portal\\\/#\\\/schema\\\/person\\\/f46445640444750d7d753ccd04ae01b7\"},\"headline\":\"Corea del Norte lanza misiles de crucero hacia el mar Amarillo\",\"datePublished\":\"2023-09-03T10:07:36+00:00\",\"mainEntityOfPage\":{\"@id\":\"https:\\\/\\\/www.eldiario.net\\\/portal\\\/2023\\\/09\\\/03\\\/corea-del-norte-lanza-misiles-de-crucero-hacia-el-mar-amarillo\\\/\"},\"wordCount\":368,\"publisher\":{\"@id\":\"https:\\\/\\\/www.eldiario.net\\\/portal\\\/#organization\"},\"articleSection\":[\"Internacional\"],\"inLanguage\":\"es\"},{\"@type\":\"WebPage\",\"@id\":\"https:\\\/\\\/www.eldiario.net\\\/portal\\\/2023\\\/09\\\/03\\\/corea-del-norte-lanza-misiles-de-crucero-hacia-el-mar-amarillo\\\/\",\"url\":\"https:\\\/\\\/www.eldiario.net\\\/portal\\\/2023\\\/09\\\/03\\\/corea-del-norte-lanza-misiles-de-crucero-hacia-el-mar-amarillo\\\/\",\"name\":\"Corea del Norte lanza misiles de crucero hacia el mar Amarillo - El Diario - Bolivia\",\"isPartOf\":{\"@id\":\"https:\\\/\\\/www.eldiario.net\\\/portal\\\/#website\"},\"datePublished\":\"2023-09-03T10:07:36+00:00\",\"breadcrumb\":{\"@id\":\"https:\\\/\\\/www.eldiario.net\\\/portal\\\/2023\\\/09\\\/03\\\/corea-del-norte-lanza-misiles-de-crucero-hacia-el-mar-amarillo\\\/#breadcrumb\"},\"inLanguage\":\"es\",\"potentialAction\":[{\"@type\":\"ReadAction\",\"target\":[\"https:\\\/\\\/www.eldiario.net\\\/portal\\\/2023\\\/09\\\/03\\\/corea-del-norte-lanza-misiles-de-crucero-hacia-el-mar-amarillo\\\/\"]}]},{\"@type\":\"BreadcrumbList\",\"@id\":\"https:\\\/\\\/www.eldiario.net\\\/portal\\\/2023\\\/09\\\/03\\\/corea-del-norte-lanza-misiles-de-crucero-hacia-el-mar-amarillo\\\/#breadcrumb\",\"itemListElement\":[{\"@type\":\"ListItem\",\"position\":1,\"name\":\"Portada\",\"item\":\"https:\\\/\\\/www.eldiario.net\\\/portal\\\/\"},{\"@type\":\"ListItem\",\"position\":2,\"name\":\"Corea del Norte lanza misiles de crucero hacia el mar Amarillo\"}]},{\"@type\":\"WebSite\",\"@id\":\"https:\\\/\\\/www.eldiario.net\\\/portal\\\/#website\",\"url\":\"https:\\\/\\\/www.eldiario.net\\\/portal\\\/\",\"name\":\"El Diario - Decano de la prensa nacional\",\"description\":\"El Diario - Decano de la prensa nacional\",\"publisher\":{\"@id\":\"https:\\\/\\\/www.eldiario.net\\\/portal\\\/#organization\"},\"potentialAction\":[{\"@type\":\"SearchAction\",\"target\":{\"@type\":\"EntryPoint\",\"urlTemplate\":\"https:\\\/\\\/www.eldiario.net\\\/portal\\\/?s={search_term_string}\"},\"query-input\":{\"@type\":\"PropertyValueSpecification\",\"valueRequired\":true,\"valueName\":\"search_term_string\"}}],\"inLanguage\":\"es\"},{\"@type\":\"Organization\",\"@id\":\"https:\\\/\\\/www.eldiario.net\\\/portal\\\/#organization\",\"name\":\"El Diario - Decano de la prensa nacional\",\"url\":\"https:\\\/\\\/www.eldiario.net\\\/portal\\\/\",\"logo\":{\"@type\":\"ImageObject\",\"inLanguage\":\"es\",\"@id\":\"https:\\\/\\\/www.eldiario.net\\\/portal\\\/#\\\/schema\\\/logo\\\/image\\\/\",\"url\":\"https:\\\/\\\/www.eldiario.net\\\/portal\\\/wp-content\\\/uploads\\\/2023\\\/07\\\/logo_ED.jpg\",\"contentUrl\":\"https:\\\/\\\/www.eldiario.net\\\/portal\\\/wp-content\\\/uploads\\\/2023\\\/07\\\/logo_ED.jpg\",\"width\":272,\"height\":52,\"caption\":\"El Diario - Decano de la prensa nacional\"},\"image\":{\"@id\":\"https:\\\/\\\/www.eldiario.net\\\/portal\\\/#\\\/schema\\\/logo\\\/image\\\/\"},\"sameAs\":[\"https:\\\/\\\/www.facebook.com\\\/eldiario.bolivia\\\/\",\"https:\\\/\\\/x.com\\\/eldiario_net\"]},{\"@type\":\"Person\",\"@id\":\"https:\\\/\\\/www.eldiario.net\\\/portal\\\/#\\\/schema\\\/person\\\/f46445640444750d7d753ccd04ae01b7\",\"name\":\"Jeanette\",\"image\":{\"@type\":\"ImageObject\",\"inLanguage\":\"es\",\"@id\":\"https:\\\/\\\/secure.gravatar.com\\\/avatar\\\/3ea2118a5f7dad2b7138b1187a6b7ee55f160b9968b66013c3a3ef39dd7e5798?s=96&d=mm&r=g\",\"url\":\"https:\\\/\\\/secure.gravatar.com\\\/avatar\\\/3ea2118a5f7dad2b7138b1187a6b7ee55f160b9968b66013c3a3ef39dd7e5798?s=96&d=mm&r=g\",\"contentUrl\":\"https:\\\/\\\/secure.gravatar.com\\\/avatar\\\/3ea2118a5f7dad2b7138b1187a6b7ee55f160b9968b66013c3a3ef39dd7e5798?s=96&d=mm&r=g\",\"caption\":\"Jeanette\"},\"sameAs\":[\"https:\\\/\\\/www.eldiario.net\\\/portal\"],\"url\":\"https:\\\/\\\/www.eldiario.net\\\/portal\\\/author\\\/jeanette\\\/\"}]}<\/script>\n<!-- \/ Yoast SEO plugin. -->","yoast_head_json":{"title":"Corea del Norte lanza misiles de crucero hacia el mar Amarillo - El Diario - Bolivia","robots":{"index":"index","follow":"follow","max-snippet":"max-snippet:-1","max-image-preview":"max-image-preview:large","max-video-preview":"max-video-preview:-1"},"canonical":"https:\/\/www.eldiario.net\/portal\/2023\/09\/03\/corea-del-norte-lanza-misiles-de-crucero-hacia-el-mar-amarillo\/","og_locale":"es_ES","og_type":"article","og_title":"Corea del Norte lanza misiles de crucero hacia el mar Amarillo - El Diario - Bolivia","og_description":"Corea del Norte lanz\u00f3 varios misiles de crucero hacia el mar Amarillo, ayer seg\u00fan denunci\u00f3 el Ej\u00e9rcito de Corea del Sur, en el segundo incidente de este tipo en una semana, tras las maniobras militares conjuntas entre Se\u00fal y Washington. \u00abMientras se refuerza nuestra supervisi\u00f3n y vigilancia, nuestro Ej\u00e9rcito mantiene una postura de total preparaci\u00f3n, [&hellip;]","og_url":"https:\/\/www.eldiario.net\/portal\/2023\/09\/03\/corea-del-norte-lanza-misiles-de-crucero-hacia-el-mar-amarillo\/","og_site_name":"El Diario - Bolivia","article_publisher":"https:\/\/www.facebook.com\/eldiario.bolivia\/","article_published_time":"2023-09-03T10:07:36+00:00","author":"Jeanette","twitter_card":"summary_large_image","twitter_creator":"@eldiario_net","twitter_site":"@eldiario_net","twitter_misc":{"Escrito por":"Jeanette","Tiempo de lectura":"2 minutos"},"schema":{"@context":"https:\/\/schema.org","@graph":[{"@type":"Article","@id":"https:\/\/www.eldiario.net\/portal\/2023\/09\/03\/corea-del-norte-lanza-misiles-de-crucero-hacia-el-mar-amarillo\/#article","isPartOf":{"@id":"https:\/\/www.eldiario.net\/portal\/2023\/09\/03\/corea-del-norte-lanza-misiles-de-crucero-hacia-el-mar-amarillo\/"},"author":{"name":"Jeanette","@id":"https:\/\/www.eldiario.net\/portal\/#\/schema\/person\/f46445640444750d7d753ccd04ae01b7"},"headline":"Corea del Norte lanza misiles de crucero hacia el mar Amarillo","datePublished":"2023-09-03T10:07:36+00:00","mainEntityOfPage":{"@id":"https:\/\/www.eldiario.net\/portal\/2023\/09\/03\/corea-del-norte-lanza-misiles-de-crucero-hacia-el-mar-amarillo\/"},"wordCount":368,"publisher":{"@id":"https:\/\/www.eldiario.net\/portal\/#organization"},"articleSection":["Internacional"],"inLanguage":"es"},{"@type":"WebPage","@id":"https:\/\/www.eldiario.net\/portal\/2023\/09\/03\/corea-del-norte-lanza-misiles-de-crucero-hacia-el-mar-amarillo\/","url":"https:\/\/www.eldiario.net\/portal\/2023\/09\/03\/corea-del-norte-lanza-misiles-de-crucero-hacia-el-mar-amarillo\/","name":"Corea del Norte lanza misiles de crucero hacia el mar Amarillo - El Diario - Bolivia","isPartOf":{"@id":"https:\/\/www.eldiario.net\/portal\/#website"},"datePublished":"2023-09-03T10:07:36+00:00","breadcrumb":{"@id":"https:\/\/www.eldiario.net\/portal\/2023\/09\/03\/corea-del-norte-lanza-misiles-de-crucero-hacia-el-mar-amarillo\/#breadcrumb"},"inLanguage":"es","potentialAction":[{"@type":"ReadAction","target":["https:\/\/www.eldiario.net\/portal\/2023\/09\/03\/corea-del-norte-lanza-misiles-de-crucero-hacia-el-mar-amarillo\/"]}]},{"@type":"BreadcrumbList","@id":"https:\/\/www.eldiario.net\/portal\/2023\/09\/03\/corea-del-norte-lanza-misiles-de-crucero-hacia-el-mar-amarillo\/#breadcrumb","itemListElement":[{"@type":"ListItem","position":1,"name":"Portada","item":"https:\/\/www.eldiario.net\/portal\/"},{"@type":"ListItem","position":2,"name":"Corea del Norte lanza misiles de crucero hacia el mar Amarillo"}]},{"@type":"WebSite","@id":"https:\/\/www.eldiario.net\/portal\/#website","url":"https:\/\/www.eldiario.net\/portal\/","name":"El Diario - Decano de la prensa nacional","description":"El Diario - Decano de la prensa nacional","publisher":{"@id":"https:\/\/www.eldiario.net\/portal\/#organization"},"potentialAction":[{"@type":"SearchAction","target":{"@type":"EntryPoint","urlTemplate":"https:\/\/www.eldiario.net\/portal\/?s={search_term_string}"},"query-input":{"@type":"PropertyValueSpecification","valueRequired":true,"valueName":"search_term_string"}}],"inLanguage":"es"},{"@type":"Organization","@id":"https:\/\/www.eldiario.net\/portal\/#organization","name":"El Diario - Decano de la prensa nacional","url":"https:\/\/www.eldiario.net\/portal\/","logo":{"@type":"ImageObject","inLanguage":"es","@id":"https:\/\/www.eldiario.net\/portal\/#\/schema\/logo\/image\/","url":"https:\/\/www.eldiario.net\/portal\/wp-content\/uploads\/2023\/07\/logo_ED.jpg","contentUrl":"https:\/\/www.eldiario.net\/portal\/wp-content\/uploads\/2023\/07\/logo_ED.jpg","width":272,"height":52,"caption":"El Diario - Decano de la prensa nacional"},"image":{"@id":"https:\/\/www.eldiario.net\/portal\/#\/schema\/logo\/image\/"},"sameAs":["https:\/\/www.facebook.com\/eldiario.bolivia\/","https:\/\/x.com\/eldiario_net"]},{"@type":"Person","@id":"https:\/\/www.eldiario.net\/portal\/#\/schema\/person\/f46445640444750d7d753ccd04ae01b7","name":"Jeanette","image":{"@type":"ImageObject","inLanguage":"es","@id":"https:\/\/secure.gravatar.com\/avatar\/3ea2118a5f7dad2b7138b1187a6b7ee55f160b9968b66013c3a3ef39dd7e5798?s=96&d=mm&r=g","url":"https:\/\/secure.gravatar.com\/avatar\/3ea2118a5f7dad2b7138b1187a6b7ee55f160b9968b66013c3a3ef39dd7e5798?s=96&d=mm&r=g","contentUrl":"https:\/\/secure.gravatar.com\/avatar\/3ea2118a5f7dad2b7138b1187a6b7ee55f160b9968b66013c3a3ef39dd7e5798?s=96&d=mm&r=g","caption":"Jeanette"},"sameAs":["https:\/\/www.eldiario.net\/portal"],"url":"https:\/\/www.eldiario.net\/portal\/author\/jeanette\/"}]}},"_links":{"self":[{"href":"https:\/\/www.eldiario.net\/portal\/wp-json\/wp\/v2\/posts\/174484","targetHints":{"allow":["GET"]}}],"collection":[{"href":"https:\/\/www.eldiario.net\/portal\/wp-json\/wp\/v2\/posts"}],"about":[{"href":"https:\/\/www.eldiario.net\/portal\/wp-json\/wp\/v2\/types\/post"}],"author":[{"embeddable":true,"href":"https:\/\/www.eldiario.net\/portal\/wp-json\/wp\/v2\/users\/1"}],"replies":[{"embeddable":true,"href":"https:\/\/www.eldiario.net\/portal\/wp-json\/wp\/v2\/comments?post=174484"}],"version-history":[{"count":0,"href":"https:\/\/www.eldiario.net\/portal\/wp-json\/wp\/v2\/posts\/174484\/revisions"}],"wp:attachment":[{"href":"https:\/\/www.eldiario.net\/portal\/wp-json\/wp\/v2\/media?parent=174484"}],"wp:term":[{"taxonomy":"category","embeddable":true,"href":"https:\/\/www.eldiario.net\/portal\/wp-json\/wp\/v2\/categories?post=174484"},{"taxonomy":"post_tag","embeddable":true,"href":"https:\/\/www.eldiario.net\/portal\/wp-json\/wp\/v2\/tags?post=174484"}],"curies":[{"name":"wp","href":"https:\/\/api.w.org\/{rel}","templated":true}]}}