{"id":174482,"date":"2023-09-03T06:06:57","date_gmt":"2023-09-03T10:06:57","guid":{"rendered":"https:\/\/www.eldiario.net\/portal\/?p=174482"},"modified":"2023-09-03T06:06:57","modified_gmt":"2023-09-03T10:06:57","slug":"fundacion-nobel-da-marcha-atras-y-no-invitara-al-embajador-ruso-en-suecia","status":"publish","type":"post","link":"https:\/\/www.eldiario.net\/portal\/2023\/09\/03\/fundacion-nobel-da-marcha-atras-y-no-invitara-al-embajador-ruso-en-suecia\/","title":{"rendered":"Fundaci\u00f3n Nobel da marcha atr\u00e1s y no  invitar\u00e1 al embajador ruso en Suecia"},"content":{"rendered":"<p>La Fundaci\u00f3n Nobel, responsable de entregar los prestigiosos galardones hom\u00f3nimos a excepci\u00f3n del premio Nobel de la Paz, anunci\u00f3 ayer que da marcha atr\u00e1s y retira su invitaci\u00f3n a los embajadores de Rusia, Bielorrusia e Ir\u00e1n, tras las firmes reacciones en protesta por la inclusi\u00f3n del embajador ruso en plena invasi\u00f3n de Ucrania.<br \/>\n\u00abLa decisi\u00f3n de la Fundaci\u00f3n Nobel de invitar a todos los embajadores a la ceremonia de entrega de los premios, en l\u00ednea con la pr\u00e1ctica previa, provoc\u00f3 firmes reacciones\u00bb, dijo la Fundaci\u00f3n Nobel en un comunicado publicado a trav\u00e9s de su p\u00e1gina web.<br \/>\nExplic\u00f3 tambi\u00e9n que la decisi\u00f3n se debi\u00f3 a que consider\u00f3 importante y adecuado difundir de la forma m\u00e1s amplia posible los valores y mensajes que defiende el Premio Nobel, antes de recordar el claro mensaje pol\u00edtico en 2022 con la entrega del Nobel de la Paz a defensores de los Derechos Humanos de Rusia y Bielorrusia, y a ucranianos que trabajan documentando cr\u00edmenes de guerra rusos.<br \/>\n\u00abReconocemos las firmes reacciones en Suecia, que opacaron totalmente este mensaje\u00bb, manifest\u00f3, antes de desvelar que la Fundaci\u00f3n Nobel, elegi\u00f3 por ello repetir la excepci\u00f3n del a\u00f1o pasado a la pr\u00e1ctica regular, lo que implica no invitar a los embajadores de Rusia, Bielorrusia e Ir\u00e1n a la ceremonia en Estocolmo\u00bb, si bien \u00abtodos los embajadores ser\u00e1n invitados a la ceremonia en Oslo\u00bb.<br \/>\nEl director ejecutivo de la fundaci\u00f3n, Vidar Helgesen, devel\u00f3 la vuelta a la pol\u00edtica habitual de invitaciones, que incluy\u00f3 adem\u00e1s a representantes de la ultraderecha. \u00abEst\u00e1 claro que el mundo cada vez est\u00e1 m\u00e1s dividido en esferas\u00bb, dijo.<br \/>\nLos argumentos para justificar el gesto en un mundo cada vez m\u00e1s polarizado no convencieron a los principales partidos de Suecia. El primer ministro, Ulf Kristersson, reconoci\u00f3 su sorpresa y se\u00f1al\u00f3 que, aunque la Fundaci\u00f3n Nobel es libre para tomar sus propias decisiones, \u00e9l no habr\u00eda sido tan generoso en cuanto a invitaciones. (Europa Press).<\/p>\n<p>&nbsp;<\/p>\n","protected":false},"excerpt":{"rendered":"<p>La Fundaci\u00f3n Nobel, responsable de entregar los prestigiosos galardones hom\u00f3nimos a excepci\u00f3n del premio Nobel de la Paz, anunci\u00f3 ayer que da marcha atr\u00e1s y retira su invitaci\u00f3n a los embajadores de Rusia, Bielorrusia e Ir\u00e1n, tras las firmes reacciones en protesta por la inclusi\u00f3n del embajador ruso en plena invasi\u00f3n de Ucrania. \u00abLa decisi\u00f3n [&hellip;]<\/p>\n","protected":false},"author":1,"featured_media":0,"comment_status":"closed","ping_status":"open","sticky":false,"template":"","format":"standard","meta":{"_acf_changed":false,"footnotes":""},"categories":[3],"tags":[],"class_list":["post-174482","post","type-post","status-publish","format-standard","category-internacional"],"acf":{"antetitulo":""},"yoast_head":"<!-- This site is optimized with the Yoast SEO plugin v28.3 - https:\/\/yoast.com\/product\/yoast-seo-wordpress\/ -->\n<title>Fundaci\u00f3n Nobel da marcha atr\u00e1s y no invitar\u00e1 al embajador ruso en Suecia - El Diario - Bolivia<\/title>\n<meta name=\"robots\" content=\"index, follow, max-snippet:-1, max-image-preview:large, max-video-preview:-1\" \/>\n<link rel=\"canonical\" href=\"https:\/\/www.eldiario.net\/portal\/2023\/09\/03\/fundacion-nobel-da-marcha-atras-y-no-invitara-al-embajador-ruso-en-suecia\/\" \/>\n<meta property=\"og:locale\" content=\"es_ES\" \/>\n<meta property=\"og:type\" content=\"article\" \/>\n<meta property=\"og:title\" content=\"Fundaci\u00f3n Nobel da marcha atr\u00e1s y no invitar\u00e1 al embajador ruso en Suecia - El Diario - Bolivia\" \/>\n<meta property=\"og:description\" content=\"La Fundaci\u00f3n Nobel, responsable de entregar los prestigiosos galardones hom\u00f3nimos a excepci\u00f3n del premio Nobel de la Paz, anunci\u00f3 ayer que da marcha atr\u00e1s y retira su invitaci\u00f3n a los embajadores de Rusia, Bielorrusia e Ir\u00e1n, tras las firmes reacciones en protesta por la inclusi\u00f3n del embajador ruso en plena invasi\u00f3n de Ucrania. \u00abLa decisi\u00f3n [&hellip;]\" \/>\n<meta property=\"og:url\" content=\"https:\/\/www.eldiario.net\/portal\/2023\/09\/03\/fundacion-nobel-da-marcha-atras-y-no-invitara-al-embajador-ruso-en-suecia\/\" \/>\n<meta property=\"og:site_name\" content=\"El Diario - Bolivia\" \/>\n<meta property=\"article:publisher\" content=\"https:\/\/www.facebook.com\/eldiario.bolivia\/\" \/>\n<meta property=\"article:published_time\" content=\"2023-09-03T10:06:57+00:00\" \/>\n<meta name=\"author\" content=\"Jeanette\" \/>\n<meta name=\"twitter:card\" content=\"summary_large_image\" \/>\n<meta name=\"twitter:creator\" content=\"@eldiario_net\" \/>\n<meta name=\"twitter:site\" content=\"@eldiario_net\" \/>\n<meta name=\"twitter:label1\" content=\"Escrito por\" \/>\n\t<meta name=\"twitter:data1\" content=\"Jeanette\" \/>\n\t<meta name=\"twitter:label2\" content=\"Tiempo de lectura\" \/>\n\t<meta name=\"twitter:data2\" content=\"2 minutos\" \/>\n<script type=\"application\/ld+json\" class=\"yoast-schema-graph\">{\"@context\":\"https:\\\/\\\/schema.org\",\"@graph\":[{\"@type\":\"Article\",\"@id\":\"https:\\\/\\\/www.eldiario.net\\\/portal\\\/2023\\\/09\\\/03\\\/fundacion-nobel-da-marcha-atras-y-no-invitara-al-embajador-ruso-en-suecia\\\/#article\",\"isPartOf\":{\"@id\":\"https:\\\/\\\/www.eldiario.net\\\/portal\\\/2023\\\/09\\\/03\\\/fundacion-nobel-da-marcha-atras-y-no-invitara-al-embajador-ruso-en-suecia\\\/\"},\"author\":{\"name\":\"Jeanette\",\"@id\":\"https:\\\/\\\/www.eldiario.net\\\/portal\\\/#\\\/schema\\\/person\\\/f46445640444750d7d753ccd04ae01b7\"},\"headline\":\"Fundaci\u00f3n Nobel da marcha atr\u00e1s y no invitar\u00e1 al embajador ruso en Suecia\",\"datePublished\":\"2023-09-03T10:06:57+00:00\",\"mainEntityOfPage\":{\"@id\":\"https:\\\/\\\/www.eldiario.net\\\/portal\\\/2023\\\/09\\\/03\\\/fundacion-nobel-da-marcha-atras-y-no-invitara-al-embajador-ruso-en-suecia\\\/\"},\"wordCount\":366,\"publisher\":{\"@id\":\"https:\\\/\\\/www.eldiario.net\\\/portal\\\/#organization\"},\"articleSection\":[\"Internacional\"],\"inLanguage\":\"es\"},{\"@type\":\"WebPage\",\"@id\":\"https:\\\/\\\/www.eldiario.net\\\/portal\\\/2023\\\/09\\\/03\\\/fundacion-nobel-da-marcha-atras-y-no-invitara-al-embajador-ruso-en-suecia\\\/\",\"url\":\"https:\\\/\\\/www.eldiario.net\\\/portal\\\/2023\\\/09\\\/03\\\/fundacion-nobel-da-marcha-atras-y-no-invitara-al-embajador-ruso-en-suecia\\\/\",\"name\":\"Fundaci\u00f3n Nobel da marcha atr\u00e1s y no invitar\u00e1 al embajador ruso en Suecia - El Diario - Bolivia\",\"isPartOf\":{\"@id\":\"https:\\\/\\\/www.eldiario.net\\\/portal\\\/#website\"},\"datePublished\":\"2023-09-03T10:06:57+00:00\",\"breadcrumb\":{\"@id\":\"https:\\\/\\\/www.eldiario.net\\\/portal\\\/2023\\\/09\\\/03\\\/fundacion-nobel-da-marcha-atras-y-no-invitara-al-embajador-ruso-en-suecia\\\/#breadcrumb\"},\"inLanguage\":\"es\",\"potentialAction\":[{\"@type\":\"ReadAction\",\"target\":[\"https:\\\/\\\/www.eldiario.net\\\/portal\\\/2023\\\/09\\\/03\\\/fundacion-nobel-da-marcha-atras-y-no-invitara-al-embajador-ruso-en-suecia\\\/\"]}]},{\"@type\":\"BreadcrumbList\",\"@id\":\"https:\\\/\\\/www.eldiario.net\\\/portal\\\/2023\\\/09\\\/03\\\/fundacion-nobel-da-marcha-atras-y-no-invitara-al-embajador-ruso-en-suecia\\\/#breadcrumb\",\"itemListElement\":[{\"@type\":\"ListItem\",\"position\":1,\"name\":\"Portada\",\"item\":\"https:\\\/\\\/www.eldiario.net\\\/portal\\\/\"},{\"@type\":\"ListItem\",\"position\":2,\"name\":\"Fundaci\u00f3n Nobel da marcha atr\u00e1s y no invitar\u00e1 al embajador ruso en Suecia\"}]},{\"@type\":\"WebSite\",\"@id\":\"https:\\\/\\\/www.eldiario.net\\\/portal\\\/#website\",\"url\":\"https:\\\/\\\/www.eldiario.net\\\/portal\\\/\",\"name\":\"El Diario - Decano de la prensa nacional\",\"description\":\"El Diario - Decano de la prensa nacional\",\"publisher\":{\"@id\":\"https:\\\/\\\/www.eldiario.net\\\/portal\\\/#organization\"},\"potentialAction\":[{\"@type\":\"SearchAction\",\"target\":{\"@type\":\"EntryPoint\",\"urlTemplate\":\"https:\\\/\\\/www.eldiario.net\\\/portal\\\/?s={search_term_string}\"},\"query-input\":{\"@type\":\"PropertyValueSpecification\",\"valueRequired\":true,\"valueName\":\"search_term_string\"}}],\"inLanguage\":\"es\"},{\"@type\":\"Organization\",\"@id\":\"https:\\\/\\\/www.eldiario.net\\\/portal\\\/#organization\",\"name\":\"El Diario - Decano de la prensa nacional\",\"url\":\"https:\\\/\\\/www.eldiario.net\\\/portal\\\/\",\"logo\":{\"@type\":\"ImageObject\",\"inLanguage\":\"es\",\"@id\":\"https:\\\/\\\/www.eldiario.net\\\/portal\\\/#\\\/schema\\\/logo\\\/image\\\/\",\"url\":\"https:\\\/\\\/www.eldiario.net\\\/portal\\\/wp-content\\\/uploads\\\/2023\\\/07\\\/logo_ED.jpg\",\"contentUrl\":\"https:\\\/\\\/www.eldiario.net\\\/portal\\\/wp-content\\\/uploads\\\/2023\\\/07\\\/logo_ED.jpg\",\"width\":272,\"height\":52,\"caption\":\"El Diario - Decano de la prensa nacional\"},\"image\":{\"@id\":\"https:\\\/\\\/www.eldiario.net\\\/portal\\\/#\\\/schema\\\/logo\\\/image\\\/\"},\"sameAs\":[\"https:\\\/\\\/www.facebook.com\\\/eldiario.bolivia\\\/\",\"https:\\\/\\\/x.com\\\/eldiario_net\"]},{\"@type\":\"Person\",\"@id\":\"https:\\\/\\\/www.eldiario.net\\\/portal\\\/#\\\/schema\\\/person\\\/f46445640444750d7d753ccd04ae01b7\",\"name\":\"Jeanette\",\"image\":{\"@type\":\"ImageObject\",\"inLanguage\":\"es\",\"@id\":\"https:\\\/\\\/secure.gravatar.com\\\/avatar\\\/3ea2118a5f7dad2b7138b1187a6b7ee55f160b9968b66013c3a3ef39dd7e5798?s=96&d=mm&r=g\",\"url\":\"https:\\\/\\\/secure.gravatar.com\\\/avatar\\\/3ea2118a5f7dad2b7138b1187a6b7ee55f160b9968b66013c3a3ef39dd7e5798?s=96&d=mm&r=g\",\"contentUrl\":\"https:\\\/\\\/secure.gravatar.com\\\/avatar\\\/3ea2118a5f7dad2b7138b1187a6b7ee55f160b9968b66013c3a3ef39dd7e5798?s=96&d=mm&r=g\",\"caption\":\"Jeanette\"},\"sameAs\":[\"https:\\\/\\\/www.eldiario.net\\\/portal\"],\"url\":\"https:\\\/\\\/www.eldiario.net\\\/portal\\\/author\\\/jeanette\\\/\"}]}<\/script>\n<!-- \/ Yoast SEO plugin. -->","yoast_head_json":{"title":"Fundaci\u00f3n Nobel da marcha atr\u00e1s y no invitar\u00e1 al embajador ruso en Suecia - El Diario - Bolivia","robots":{"index":"index","follow":"follow","max-snippet":"max-snippet:-1","max-image-preview":"max-image-preview:large","max-video-preview":"max-video-preview:-1"},"canonical":"https:\/\/www.eldiario.net\/portal\/2023\/09\/03\/fundacion-nobel-da-marcha-atras-y-no-invitara-al-embajador-ruso-en-suecia\/","og_locale":"es_ES","og_type":"article","og_title":"Fundaci\u00f3n Nobel da marcha atr\u00e1s y no invitar\u00e1 al embajador ruso en Suecia - El Diario - Bolivia","og_description":"La Fundaci\u00f3n Nobel, responsable de entregar los prestigiosos galardones hom\u00f3nimos a excepci\u00f3n del premio Nobel de la Paz, anunci\u00f3 ayer que da marcha atr\u00e1s y retira su invitaci\u00f3n a los embajadores de Rusia, Bielorrusia e Ir\u00e1n, tras las firmes reacciones en protesta por la inclusi\u00f3n del embajador ruso en plena invasi\u00f3n de Ucrania. \u00abLa decisi\u00f3n [&hellip;]","og_url":"https:\/\/www.eldiario.net\/portal\/2023\/09\/03\/fundacion-nobel-da-marcha-atras-y-no-invitara-al-embajador-ruso-en-suecia\/","og_site_name":"El Diario - Bolivia","article_publisher":"https:\/\/www.facebook.com\/eldiario.bolivia\/","article_published_time":"2023-09-03T10:06:57+00:00","author":"Jeanette","twitter_card":"summary_large_image","twitter_creator":"@eldiario_net","twitter_site":"@eldiario_net","twitter_misc":{"Escrito por":"Jeanette","Tiempo de lectura":"2 minutos"},"schema":{"@context":"https:\/\/schema.org","@graph":[{"@type":"Article","@id":"https:\/\/www.eldiario.net\/portal\/2023\/09\/03\/fundacion-nobel-da-marcha-atras-y-no-invitara-al-embajador-ruso-en-suecia\/#article","isPartOf":{"@id":"https:\/\/www.eldiario.net\/portal\/2023\/09\/03\/fundacion-nobel-da-marcha-atras-y-no-invitara-al-embajador-ruso-en-suecia\/"},"author":{"name":"Jeanette","@id":"https:\/\/www.eldiario.net\/portal\/#\/schema\/person\/f46445640444750d7d753ccd04ae01b7"},"headline":"Fundaci\u00f3n Nobel da marcha atr\u00e1s y no invitar\u00e1 al embajador ruso en Suecia","datePublished":"2023-09-03T10:06:57+00:00","mainEntityOfPage":{"@id":"https:\/\/www.eldiario.net\/portal\/2023\/09\/03\/fundacion-nobel-da-marcha-atras-y-no-invitara-al-embajador-ruso-en-suecia\/"},"wordCount":366,"publisher":{"@id":"https:\/\/www.eldiario.net\/portal\/#organization"},"articleSection":["Internacional"],"inLanguage":"es"},{"@type":"WebPage","@id":"https:\/\/www.eldiario.net\/portal\/2023\/09\/03\/fundacion-nobel-da-marcha-atras-y-no-invitara-al-embajador-ruso-en-suecia\/","url":"https:\/\/www.eldiario.net\/portal\/2023\/09\/03\/fundacion-nobel-da-marcha-atras-y-no-invitara-al-embajador-ruso-en-suecia\/","name":"Fundaci\u00f3n Nobel da marcha atr\u00e1s y no invitar\u00e1 al embajador ruso en Suecia - El Diario - Bolivia","isPartOf":{"@id":"https:\/\/www.eldiario.net\/portal\/#website"},"datePublished":"2023-09-03T10:06:57+00:00","breadcrumb":{"@id":"https:\/\/www.eldiario.net\/portal\/2023\/09\/03\/fundacion-nobel-da-marcha-atras-y-no-invitara-al-embajador-ruso-en-suecia\/#breadcrumb"},"inLanguage":"es","potentialAction":[{"@type":"ReadAction","target":["https:\/\/www.eldiario.net\/portal\/2023\/09\/03\/fundacion-nobel-da-marcha-atras-y-no-invitara-al-embajador-ruso-en-suecia\/"]}]},{"@type":"BreadcrumbList","@id":"https:\/\/www.eldiario.net\/portal\/2023\/09\/03\/fundacion-nobel-da-marcha-atras-y-no-invitara-al-embajador-ruso-en-suecia\/#breadcrumb","itemListElement":[{"@type":"ListItem","position":1,"name":"Portada","item":"https:\/\/www.eldiario.net\/portal\/"},{"@type":"ListItem","position":2,"name":"Fundaci\u00f3n Nobel da marcha atr\u00e1s y no invitar\u00e1 al embajador ruso en Suecia"}]},{"@type":"WebSite","@id":"https:\/\/www.eldiario.net\/portal\/#website","url":"https:\/\/www.eldiario.net\/portal\/","name":"El Diario - Decano de la prensa nacional","description":"El Diario - Decano de la prensa nacional","publisher":{"@id":"https:\/\/www.eldiario.net\/portal\/#organization"},"potentialAction":[{"@type":"SearchAction","target":{"@type":"EntryPoint","urlTemplate":"https:\/\/www.eldiario.net\/portal\/?s={search_term_string}"},"query-input":{"@type":"PropertyValueSpecification","valueRequired":true,"valueName":"search_term_string"}}],"inLanguage":"es"},{"@type":"Organization","@id":"https:\/\/www.eldiario.net\/portal\/#organization","name":"El Diario - Decano de la prensa nacional","url":"https:\/\/www.eldiario.net\/portal\/","logo":{"@type":"ImageObject","inLanguage":"es","@id":"https:\/\/www.eldiario.net\/portal\/#\/schema\/logo\/image\/","url":"https:\/\/www.eldiario.net\/portal\/wp-content\/uploads\/2023\/07\/logo_ED.jpg","contentUrl":"https:\/\/www.eldiario.net\/portal\/wp-content\/uploads\/2023\/07\/logo_ED.jpg","width":272,"height":52,"caption":"El Diario - Decano de la prensa nacional"},"image":{"@id":"https:\/\/www.eldiario.net\/portal\/#\/schema\/logo\/image\/"},"sameAs":["https:\/\/www.facebook.com\/eldiario.bolivia\/","https:\/\/x.com\/eldiario_net"]},{"@type":"Person","@id":"https:\/\/www.eldiario.net\/portal\/#\/schema\/person\/f46445640444750d7d753ccd04ae01b7","name":"Jeanette","image":{"@type":"ImageObject","inLanguage":"es","@id":"https:\/\/secure.gravatar.com\/avatar\/3ea2118a5f7dad2b7138b1187a6b7ee55f160b9968b66013c3a3ef39dd7e5798?s=96&d=mm&r=g","url":"https:\/\/secure.gravatar.com\/avatar\/3ea2118a5f7dad2b7138b1187a6b7ee55f160b9968b66013c3a3ef39dd7e5798?s=96&d=mm&r=g","contentUrl":"https:\/\/secure.gravatar.com\/avatar\/3ea2118a5f7dad2b7138b1187a6b7ee55f160b9968b66013c3a3ef39dd7e5798?s=96&d=mm&r=g","caption":"Jeanette"},"sameAs":["https:\/\/www.eldiario.net\/portal"],"url":"https:\/\/www.eldiario.net\/portal\/author\/jeanette\/"}]}},"_links":{"self":[{"href":"https:\/\/www.eldiario.net\/portal\/wp-json\/wp\/v2\/posts\/174482","targetHints":{"allow":["GET"]}}],"collection":[{"href":"https:\/\/www.eldiario.net\/portal\/wp-json\/wp\/v2\/posts"}],"about":[{"href":"https:\/\/www.eldiario.net\/portal\/wp-json\/wp\/v2\/types\/post"}],"author":[{"embeddable":true,"href":"https:\/\/www.eldiario.net\/portal\/wp-json\/wp\/v2\/users\/1"}],"replies":[{"embeddable":true,"href":"https:\/\/www.eldiario.net\/portal\/wp-json\/wp\/v2\/comments?post=174482"}],"version-history":[{"count":0,"href":"https:\/\/www.eldiario.net\/portal\/wp-json\/wp\/v2\/posts\/174482\/revisions"}],"wp:attachment":[{"href":"https:\/\/www.eldiario.net\/portal\/wp-json\/wp\/v2\/media?parent=174482"}],"wp:term":[{"taxonomy":"category","embeddable":true,"href":"https:\/\/www.eldiario.net\/portal\/wp-json\/wp\/v2\/categories?post=174482"},{"taxonomy":"post_tag","embeddable":true,"href":"https:\/\/www.eldiario.net\/portal\/wp-json\/wp\/v2\/tags?post=174482"}],"curies":[{"name":"wp","href":"https:\/\/api.w.org\/{rel}","templated":true}]}}