{"id":174457,"date":"2023-09-03T05:54:52","date_gmt":"2023-09-03T09:54:52","guid":{"rendered":"https:\/\/www.eldiario.net\/portal\/?p=174457"},"modified":"2023-09-03T05:54:52","modified_gmt":"2023-09-03T09:54:52","slug":"csutcb-evista-posterga-hasta-octubre-su-anunciado-bloqueo","status":"publish","type":"post","link":"https:\/\/www.eldiario.net\/portal\/2023\/09\/03\/csutcb-evista-posterga-hasta-octubre-su-anunciado-bloqueo\/","title":{"rendered":"Csutcb \u201cevista\u201d posterga hasta octubre su anunciado bloqueo"},"content":{"rendered":"<p class=\"v1gmail-MsoNoSpacing\">El Pacto de Unidad af\u00edn a Evo Morales decidi\u00f3 postergar el bloqueo de caminos anunciado para este lunes y anticiparon que la medida fue reprogramada para el 16 de octubre.<\/p>\n<p class=\"v1gmail-MsoNoSpacing\">El dirigente campesino evista, Ponciano Santos, junto a sus dirigentes del Pacto de Unidad paralelo, dijo que la Confederaci\u00f3n Sindical \u00danica de Trabajadores Campesinos (Csutcb), dirigentes de las Bartolinas e Interculturales, determinaron mantenerse en estado de alerta.<\/p>\n<p class=\"v1gmail-MsoNoSpacing\">Convoc\u00f3 a todas las organizaciones sociales a sumarse a este bloqueo porque el Pacto de Unidad est\u00e1 planteando una agenda nacional para que el gobierno otorgue una soluci\u00f3n a sus problemas.<\/p>\n<p class=\"v1gmail-MsoNoSpacing\">\u00ab&#8230; (el Gobierno) tiene un plazo hasta el 15 de octubre, si no resuelve, nos veremos obligados a tomar las carreteras con bloqueo nacional indefinido el pr\u00f3ximo 16 de octubre\u00bb, declar\u00f3 en la conferencia.<\/p>\n<p class=\"v1gmail-MsoNoSpacing\">Inicialmente el bloqueo de caminos se hab\u00eda anunciado como una medida de presi\u00f3n para que el gobierno les entregue la sede de la Confederaci\u00f3n de Campesinos en La Paz, misma que ya fue entregada a la otra Csutcb avalada por la COB y el presidente Luis Arce.<\/p>\n<p class=\"v1gmail-MsoNoSpacing\">Sin embargo, el\u00a0 ampliado extraordinario del Pacto de Unidad resolvi\u00f3 respaldar el pliego petitorio de la nueva Csutcb e incorporar demandas de otros sectores m\u00e1s.<\/p>\n<p class=\"v1gmail-MsoNoSpacing\">Dijeron que para evitar la distorsi\u00f3n de la medida y considerando la magra econom\u00eda que pasan los sectores, resolvieron darse un cuarto intermedio para que el gobierno atienda el pliego sectorial.<\/p>\n<p class=\"v1gmail-MsoNoSpacing\">Anunciaron que en los pr\u00f3ximos d\u00edas elaborar\u00e1n un solo pliego petitorio que ser\u00e1 presentado el 29 de septiembre al presidente Luis Arce y a partir de ese d\u00eda corre el plazo para atender sus demandas.<\/p>\n<p class=\"v1gmail-MsoNoSpacing\">Los dirigentes aseguran que su determinaci\u00f3n es una forma de escuchar al pueblo y a los sectores productivos que pidieron evitar la medida de presi\u00f3n que podr\u00eda afectar el actual proceso de reactivaci\u00f3n de la econom\u00eda nacional. (Erbol)<\/p>\n","protected":false},"excerpt":{"rendered":"<p>El Pacto de Unidad af\u00edn a Evo Morales decidi\u00f3 postergar el bloqueo de caminos anunciado para este lunes y anticiparon que la medida fue reprogramada para el 16 de octubre. El dirigente campesino evista, Ponciano Santos, junto a sus dirigentes del Pacto de Unidad paralelo, dijo que la Confederaci\u00f3n Sindical \u00danica de Trabajadores Campesinos (Csutcb), [&hellip;]<\/p>\n","protected":false},"author":1,"featured_media":174458,"comment_status":"closed","ping_status":"open","sticky":false,"template":"","format":"standard","meta":{"_acf_changed":false,"footnotes":""},"categories":[15],"tags":[],"class_list":["post-174457","post","type-post","status-publish","format-standard","has-post-thumbnail","category-portada"],"acf":{"antetitulo":""},"yoast_head":"<!-- This site is optimized with the Yoast SEO plugin v28.3 - https:\/\/yoast.com\/product\/yoast-seo-wordpress\/ -->\n<title>Csutcb \u201cevista\u201d posterga hasta octubre su anunciado bloqueo - El Diario - Bolivia<\/title>\n<meta name=\"robots\" content=\"index, follow, max-snippet:-1, max-image-preview:large, max-video-preview:-1\" \/>\n<link rel=\"canonical\" href=\"https:\/\/www.eldiario.net\/portal\/2023\/09\/03\/csutcb-evista-posterga-hasta-octubre-su-anunciado-bloqueo\/\" \/>\n<meta property=\"og:locale\" content=\"es_ES\" \/>\n<meta property=\"og:type\" content=\"article\" \/>\n<meta property=\"og:title\" content=\"Csutcb \u201cevista\u201d posterga hasta octubre su anunciado bloqueo - El Diario - Bolivia\" \/>\n<meta property=\"og:description\" content=\"El Pacto de Unidad af\u00edn a Evo Morales decidi\u00f3 postergar el bloqueo de caminos anunciado para este lunes y anticiparon que la medida fue reprogramada para el 16 de octubre. El dirigente campesino evista, Ponciano Santos, junto a sus dirigentes del Pacto de Unidad paralelo, dijo que la Confederaci\u00f3n Sindical \u00danica de Trabajadores Campesinos (Csutcb), [&hellip;]\" \/>\n<meta property=\"og:url\" content=\"https:\/\/www.eldiario.net\/portal\/2023\/09\/03\/csutcb-evista-posterga-hasta-octubre-su-anunciado-bloqueo\/\" \/>\n<meta property=\"og:site_name\" content=\"El Diario - Bolivia\" \/>\n<meta property=\"article:publisher\" content=\"https:\/\/www.facebook.com\/eldiario.bolivia\/\" \/>\n<meta property=\"article:published_time\" content=\"2023-09-03T09:54:52+00:00\" \/>\n<meta property=\"og:image\" content=\"https:\/\/www.eldiario.net\/portal\/wp-content\/uploads\/2023\/09\/P-4-10-cm-x-7-1.jpg\" \/>\n\t<meta property=\"og:image:width\" content=\"600\" \/>\n\t<meta property=\"og:image:height\" content=\"338\" \/>\n\t<meta property=\"og:image:type\" content=\"image\/jpeg\" \/>\n<meta name=\"author\" content=\"Jeanette\" \/>\n<meta name=\"twitter:card\" content=\"summary_large_image\" \/>\n<meta name=\"twitter:creator\" content=\"@eldiario_net\" \/>\n<meta name=\"twitter:site\" content=\"@eldiario_net\" \/>\n<meta name=\"twitter:label1\" content=\"Escrito por\" \/>\n\t<meta name=\"twitter:data1\" content=\"Jeanette\" \/>\n\t<meta name=\"twitter:label2\" content=\"Tiempo de lectura\" \/>\n\t<meta name=\"twitter:data2\" content=\"2 minutos\" \/>\n<script type=\"application\/ld+json\" class=\"yoast-schema-graph\">{\"@context\":\"https:\\\/\\\/schema.org\",\"@graph\":[{\"@type\":\"Article\",\"@id\":\"https:\\\/\\\/www.eldiario.net\\\/portal\\\/2023\\\/09\\\/03\\\/csutcb-evista-posterga-hasta-octubre-su-anunciado-bloqueo\\\/#article\",\"isPartOf\":{\"@id\":\"https:\\\/\\\/www.eldiario.net\\\/portal\\\/2023\\\/09\\\/03\\\/csutcb-evista-posterga-hasta-octubre-su-anunciado-bloqueo\\\/\"},\"author\":{\"name\":\"Jeanette\",\"@id\":\"https:\\\/\\\/www.eldiario.net\\\/portal\\\/#\\\/schema\\\/person\\\/f46445640444750d7d753ccd04ae01b7\"},\"headline\":\"Csutcb \u201cevista\u201d posterga hasta octubre su anunciado bloqueo\",\"datePublished\":\"2023-09-03T09:54:52+00:00\",\"mainEntityOfPage\":{\"@id\":\"https:\\\/\\\/www.eldiario.net\\\/portal\\\/2023\\\/09\\\/03\\\/csutcb-evista-posterga-hasta-octubre-su-anunciado-bloqueo\\\/\"},\"wordCount\":330,\"publisher\":{\"@id\":\"https:\\\/\\\/www.eldiario.net\\\/portal\\\/#organization\"},\"image\":{\"@id\":\"https:\\\/\\\/www.eldiario.net\\\/portal\\\/2023\\\/09\\\/03\\\/csutcb-evista-posterga-hasta-octubre-su-anunciado-bloqueo\\\/#primaryimage\"},\"thumbnailUrl\":\"https:\\\/\\\/www.eldiario.net\\\/portal\\\/wp-content\\\/uploads\\\/2023\\\/09\\\/P-4-10-cm-x-7-1.jpg\",\"articleSection\":[\"Portada\"],\"inLanguage\":\"es\"},{\"@type\":\"WebPage\",\"@id\":\"https:\\\/\\\/www.eldiario.net\\\/portal\\\/2023\\\/09\\\/03\\\/csutcb-evista-posterga-hasta-octubre-su-anunciado-bloqueo\\\/\",\"url\":\"https:\\\/\\\/www.eldiario.net\\\/portal\\\/2023\\\/09\\\/03\\\/csutcb-evista-posterga-hasta-octubre-su-anunciado-bloqueo\\\/\",\"name\":\"Csutcb \u201cevista\u201d posterga hasta octubre su anunciado bloqueo - El Diario - Bolivia\",\"isPartOf\":{\"@id\":\"https:\\\/\\\/www.eldiario.net\\\/portal\\\/#website\"},\"primaryImageOfPage\":{\"@id\":\"https:\\\/\\\/www.eldiario.net\\\/portal\\\/2023\\\/09\\\/03\\\/csutcb-evista-posterga-hasta-octubre-su-anunciado-bloqueo\\\/#primaryimage\"},\"image\":{\"@id\":\"https:\\\/\\\/www.eldiario.net\\\/portal\\\/2023\\\/09\\\/03\\\/csutcb-evista-posterga-hasta-octubre-su-anunciado-bloqueo\\\/#primaryimage\"},\"thumbnailUrl\":\"https:\\\/\\\/www.eldiario.net\\\/portal\\\/wp-content\\\/uploads\\\/2023\\\/09\\\/P-4-10-cm-x-7-1.jpg\",\"datePublished\":\"2023-09-03T09:54:52+00:00\",\"breadcrumb\":{\"@id\":\"https:\\\/\\\/www.eldiario.net\\\/portal\\\/2023\\\/09\\\/03\\\/csutcb-evista-posterga-hasta-octubre-su-anunciado-bloqueo\\\/#breadcrumb\"},\"inLanguage\":\"es\",\"potentialAction\":[{\"@type\":\"ReadAction\",\"target\":[\"https:\\\/\\\/www.eldiario.net\\\/portal\\\/2023\\\/09\\\/03\\\/csutcb-evista-posterga-hasta-octubre-su-anunciado-bloqueo\\\/\"]}]},{\"@type\":\"ImageObject\",\"inLanguage\":\"es\",\"@id\":\"https:\\\/\\\/www.eldiario.net\\\/portal\\\/2023\\\/09\\\/03\\\/csutcb-evista-posterga-hasta-octubre-su-anunciado-bloqueo\\\/#primaryimage\",\"url\":\"https:\\\/\\\/www.eldiario.net\\\/portal\\\/wp-content\\\/uploads\\\/2023\\\/09\\\/P-4-10-cm-x-7-1.jpg\",\"contentUrl\":\"https:\\\/\\\/www.eldiario.net\\\/portal\\\/wp-content\\\/uploads\\\/2023\\\/09\\\/P-4-10-cm-x-7-1.jpg\",\"width\":600,\"height\":338,\"caption\":\"Sectores afines a Evo Morales suspenden la anunciada medida ante rechazo de la poblaci\u00f3n.\"},{\"@type\":\"BreadcrumbList\",\"@id\":\"https:\\\/\\\/www.eldiario.net\\\/portal\\\/2023\\\/09\\\/03\\\/csutcb-evista-posterga-hasta-octubre-su-anunciado-bloqueo\\\/#breadcrumb\",\"itemListElement\":[{\"@type\":\"ListItem\",\"position\":1,\"name\":\"Portada\",\"item\":\"https:\\\/\\\/www.eldiario.net\\\/portal\\\/\"},{\"@type\":\"ListItem\",\"position\":2,\"name\":\"Csutcb \u201cevista\u201d posterga hasta octubre su anunciado bloqueo\"}]},{\"@type\":\"WebSite\",\"@id\":\"https:\\\/\\\/www.eldiario.net\\\/portal\\\/#website\",\"url\":\"https:\\\/\\\/www.eldiario.net\\\/portal\\\/\",\"name\":\"El Diario - Decano de la prensa nacional\",\"description\":\"El Diario - Decano de la prensa nacional\",\"publisher\":{\"@id\":\"https:\\\/\\\/www.eldiario.net\\\/portal\\\/#organization\"},\"potentialAction\":[{\"@type\":\"SearchAction\",\"target\":{\"@type\":\"EntryPoint\",\"urlTemplate\":\"https:\\\/\\\/www.eldiario.net\\\/portal\\\/?s={search_term_string}\"},\"query-input\":{\"@type\":\"PropertyValueSpecification\",\"valueRequired\":true,\"valueName\":\"search_term_string\"}}],\"inLanguage\":\"es\"},{\"@type\":\"Organization\",\"@id\":\"https:\\\/\\\/www.eldiario.net\\\/portal\\\/#organization\",\"name\":\"El Diario - Decano de la prensa nacional\",\"url\":\"https:\\\/\\\/www.eldiario.net\\\/portal\\\/\",\"logo\":{\"@type\":\"ImageObject\",\"inLanguage\":\"es\",\"@id\":\"https:\\\/\\\/www.eldiario.net\\\/portal\\\/#\\\/schema\\\/logo\\\/image\\\/\",\"url\":\"https:\\\/\\\/www.eldiario.net\\\/portal\\\/wp-content\\\/uploads\\\/2023\\\/07\\\/logo_ED.jpg\",\"contentUrl\":\"https:\\\/\\\/www.eldiario.net\\\/portal\\\/wp-content\\\/uploads\\\/2023\\\/07\\\/logo_ED.jpg\",\"width\":272,\"height\":52,\"caption\":\"El Diario - Decano de la prensa nacional\"},\"image\":{\"@id\":\"https:\\\/\\\/www.eldiario.net\\\/portal\\\/#\\\/schema\\\/logo\\\/image\\\/\"},\"sameAs\":[\"https:\\\/\\\/www.facebook.com\\\/eldiario.bolivia\\\/\",\"https:\\\/\\\/x.com\\\/eldiario_net\"]},{\"@type\":\"Person\",\"@id\":\"https:\\\/\\\/www.eldiario.net\\\/portal\\\/#\\\/schema\\\/person\\\/f46445640444750d7d753ccd04ae01b7\",\"name\":\"Jeanette\",\"image\":{\"@type\":\"ImageObject\",\"inLanguage\":\"es\",\"@id\":\"https:\\\/\\\/secure.gravatar.com\\\/avatar\\\/3ea2118a5f7dad2b7138b1187a6b7ee55f160b9968b66013c3a3ef39dd7e5798?s=96&d=mm&r=g\",\"url\":\"https:\\\/\\\/secure.gravatar.com\\\/avatar\\\/3ea2118a5f7dad2b7138b1187a6b7ee55f160b9968b66013c3a3ef39dd7e5798?s=96&d=mm&r=g\",\"contentUrl\":\"https:\\\/\\\/secure.gravatar.com\\\/avatar\\\/3ea2118a5f7dad2b7138b1187a6b7ee55f160b9968b66013c3a3ef39dd7e5798?s=96&d=mm&r=g\",\"caption\":\"Jeanette\"},\"sameAs\":[\"https:\\\/\\\/www.eldiario.net\\\/portal\"],\"url\":\"https:\\\/\\\/www.eldiario.net\\\/portal\\\/author\\\/jeanette\\\/\"}]}<\/script>\n<!-- \/ Yoast SEO plugin. -->","yoast_head_json":{"title":"Csutcb \u201cevista\u201d posterga hasta octubre su anunciado bloqueo - El Diario - Bolivia","robots":{"index":"index","follow":"follow","max-snippet":"max-snippet:-1","max-image-preview":"max-image-preview:large","max-video-preview":"max-video-preview:-1"},"canonical":"https:\/\/www.eldiario.net\/portal\/2023\/09\/03\/csutcb-evista-posterga-hasta-octubre-su-anunciado-bloqueo\/","og_locale":"es_ES","og_type":"article","og_title":"Csutcb \u201cevista\u201d posterga hasta octubre su anunciado bloqueo - El Diario - Bolivia","og_description":"El Pacto de Unidad af\u00edn a Evo Morales decidi\u00f3 postergar el bloqueo de caminos anunciado para este lunes y anticiparon que la medida fue reprogramada para el 16 de octubre. El dirigente campesino evista, Ponciano Santos, junto a sus dirigentes del Pacto de Unidad paralelo, dijo que la Confederaci\u00f3n Sindical \u00danica de Trabajadores Campesinos (Csutcb), [&hellip;]","og_url":"https:\/\/www.eldiario.net\/portal\/2023\/09\/03\/csutcb-evista-posterga-hasta-octubre-su-anunciado-bloqueo\/","og_site_name":"El Diario - Bolivia","article_publisher":"https:\/\/www.facebook.com\/eldiario.bolivia\/","article_published_time":"2023-09-03T09:54:52+00:00","og_image":[{"width":600,"height":338,"url":"https:\/\/www.eldiario.net\/portal\/wp-content\/uploads\/2023\/09\/P-4-10-cm-x-7-1.jpg","type":"image\/jpeg"}],"author":"Jeanette","twitter_card":"summary_large_image","twitter_creator":"@eldiario_net","twitter_site":"@eldiario_net","twitter_misc":{"Escrito por":"Jeanette","Tiempo de lectura":"2 minutos"},"schema":{"@context":"https:\/\/schema.org","@graph":[{"@type":"Article","@id":"https:\/\/www.eldiario.net\/portal\/2023\/09\/03\/csutcb-evista-posterga-hasta-octubre-su-anunciado-bloqueo\/#article","isPartOf":{"@id":"https:\/\/www.eldiario.net\/portal\/2023\/09\/03\/csutcb-evista-posterga-hasta-octubre-su-anunciado-bloqueo\/"},"author":{"name":"Jeanette","@id":"https:\/\/www.eldiario.net\/portal\/#\/schema\/person\/f46445640444750d7d753ccd04ae01b7"},"headline":"Csutcb \u201cevista\u201d posterga hasta octubre su anunciado bloqueo","datePublished":"2023-09-03T09:54:52+00:00","mainEntityOfPage":{"@id":"https:\/\/www.eldiario.net\/portal\/2023\/09\/03\/csutcb-evista-posterga-hasta-octubre-su-anunciado-bloqueo\/"},"wordCount":330,"publisher":{"@id":"https:\/\/www.eldiario.net\/portal\/#organization"},"image":{"@id":"https:\/\/www.eldiario.net\/portal\/2023\/09\/03\/csutcb-evista-posterga-hasta-octubre-su-anunciado-bloqueo\/#primaryimage"},"thumbnailUrl":"https:\/\/www.eldiario.net\/portal\/wp-content\/uploads\/2023\/09\/P-4-10-cm-x-7-1.jpg","articleSection":["Portada"],"inLanguage":"es"},{"@type":"WebPage","@id":"https:\/\/www.eldiario.net\/portal\/2023\/09\/03\/csutcb-evista-posterga-hasta-octubre-su-anunciado-bloqueo\/","url":"https:\/\/www.eldiario.net\/portal\/2023\/09\/03\/csutcb-evista-posterga-hasta-octubre-su-anunciado-bloqueo\/","name":"Csutcb \u201cevista\u201d posterga hasta octubre su anunciado bloqueo - El Diario - Bolivia","isPartOf":{"@id":"https:\/\/www.eldiario.net\/portal\/#website"},"primaryImageOfPage":{"@id":"https:\/\/www.eldiario.net\/portal\/2023\/09\/03\/csutcb-evista-posterga-hasta-octubre-su-anunciado-bloqueo\/#primaryimage"},"image":{"@id":"https:\/\/www.eldiario.net\/portal\/2023\/09\/03\/csutcb-evista-posterga-hasta-octubre-su-anunciado-bloqueo\/#primaryimage"},"thumbnailUrl":"https:\/\/www.eldiario.net\/portal\/wp-content\/uploads\/2023\/09\/P-4-10-cm-x-7-1.jpg","datePublished":"2023-09-03T09:54:52+00:00","breadcrumb":{"@id":"https:\/\/www.eldiario.net\/portal\/2023\/09\/03\/csutcb-evista-posterga-hasta-octubre-su-anunciado-bloqueo\/#breadcrumb"},"inLanguage":"es","potentialAction":[{"@type":"ReadAction","target":["https:\/\/www.eldiario.net\/portal\/2023\/09\/03\/csutcb-evista-posterga-hasta-octubre-su-anunciado-bloqueo\/"]}]},{"@type":"ImageObject","inLanguage":"es","@id":"https:\/\/www.eldiario.net\/portal\/2023\/09\/03\/csutcb-evista-posterga-hasta-octubre-su-anunciado-bloqueo\/#primaryimage","url":"https:\/\/www.eldiario.net\/portal\/wp-content\/uploads\/2023\/09\/P-4-10-cm-x-7-1.jpg","contentUrl":"https:\/\/www.eldiario.net\/portal\/wp-content\/uploads\/2023\/09\/P-4-10-cm-x-7-1.jpg","width":600,"height":338,"caption":"Sectores afines a Evo Morales suspenden la anunciada medida ante rechazo de la poblaci\u00f3n."},{"@type":"BreadcrumbList","@id":"https:\/\/www.eldiario.net\/portal\/2023\/09\/03\/csutcb-evista-posterga-hasta-octubre-su-anunciado-bloqueo\/#breadcrumb","itemListElement":[{"@type":"ListItem","position":1,"name":"Portada","item":"https:\/\/www.eldiario.net\/portal\/"},{"@type":"ListItem","position":2,"name":"Csutcb \u201cevista\u201d posterga hasta octubre su anunciado bloqueo"}]},{"@type":"WebSite","@id":"https:\/\/www.eldiario.net\/portal\/#website","url":"https:\/\/www.eldiario.net\/portal\/","name":"El Diario - Decano de la prensa nacional","description":"El Diario - Decano de la prensa nacional","publisher":{"@id":"https:\/\/www.eldiario.net\/portal\/#organization"},"potentialAction":[{"@type":"SearchAction","target":{"@type":"EntryPoint","urlTemplate":"https:\/\/www.eldiario.net\/portal\/?s={search_term_string}"},"query-input":{"@type":"PropertyValueSpecification","valueRequired":true,"valueName":"search_term_string"}}],"inLanguage":"es"},{"@type":"Organization","@id":"https:\/\/www.eldiario.net\/portal\/#organization","name":"El Diario - Decano de la prensa nacional","url":"https:\/\/www.eldiario.net\/portal\/","logo":{"@type":"ImageObject","inLanguage":"es","@id":"https:\/\/www.eldiario.net\/portal\/#\/schema\/logo\/image\/","url":"https:\/\/www.eldiario.net\/portal\/wp-content\/uploads\/2023\/07\/logo_ED.jpg","contentUrl":"https:\/\/www.eldiario.net\/portal\/wp-content\/uploads\/2023\/07\/logo_ED.jpg","width":272,"height":52,"caption":"El Diario - Decano de la prensa nacional"},"image":{"@id":"https:\/\/www.eldiario.net\/portal\/#\/schema\/logo\/image\/"},"sameAs":["https:\/\/www.facebook.com\/eldiario.bolivia\/","https:\/\/x.com\/eldiario_net"]},{"@type":"Person","@id":"https:\/\/www.eldiario.net\/portal\/#\/schema\/person\/f46445640444750d7d753ccd04ae01b7","name":"Jeanette","image":{"@type":"ImageObject","inLanguage":"es","@id":"https:\/\/secure.gravatar.com\/avatar\/3ea2118a5f7dad2b7138b1187a6b7ee55f160b9968b66013c3a3ef39dd7e5798?s=96&d=mm&r=g","url":"https:\/\/secure.gravatar.com\/avatar\/3ea2118a5f7dad2b7138b1187a6b7ee55f160b9968b66013c3a3ef39dd7e5798?s=96&d=mm&r=g","contentUrl":"https:\/\/secure.gravatar.com\/avatar\/3ea2118a5f7dad2b7138b1187a6b7ee55f160b9968b66013c3a3ef39dd7e5798?s=96&d=mm&r=g","caption":"Jeanette"},"sameAs":["https:\/\/www.eldiario.net\/portal"],"url":"https:\/\/www.eldiario.net\/portal\/author\/jeanette\/"}]}},"_links":{"self":[{"href":"https:\/\/www.eldiario.net\/portal\/wp-json\/wp\/v2\/posts\/174457","targetHints":{"allow":["GET"]}}],"collection":[{"href":"https:\/\/www.eldiario.net\/portal\/wp-json\/wp\/v2\/posts"}],"about":[{"href":"https:\/\/www.eldiario.net\/portal\/wp-json\/wp\/v2\/types\/post"}],"author":[{"embeddable":true,"href":"https:\/\/www.eldiario.net\/portal\/wp-json\/wp\/v2\/users\/1"}],"replies":[{"embeddable":true,"href":"https:\/\/www.eldiario.net\/portal\/wp-json\/wp\/v2\/comments?post=174457"}],"version-history":[{"count":0,"href":"https:\/\/www.eldiario.net\/portal\/wp-json\/wp\/v2\/posts\/174457\/revisions"}],"wp:featuredmedia":[{"embeddable":true,"href":"https:\/\/www.eldiario.net\/portal\/wp-json\/wp\/v2\/media\/174458"}],"wp:attachment":[{"href":"https:\/\/www.eldiario.net\/portal\/wp-json\/wp\/v2\/media?parent=174457"}],"wp:term":[{"taxonomy":"category","embeddable":true,"href":"https:\/\/www.eldiario.net\/portal\/wp-json\/wp\/v2\/categories?post=174457"},{"taxonomy":"post_tag","embeddable":true,"href":"https:\/\/www.eldiario.net\/portal\/wp-json\/wp\/v2\/tags?post=174457"}],"curies":[{"name":"wp","href":"https:\/\/api.w.org\/{rel}","templated":true}]}}