{"id":174438,"date":"2023-09-02T07:10:42","date_gmt":"2023-09-02T11:10:42","guid":{"rendered":"https:\/\/www.eldiario.net\/portal\/?p=174438"},"modified":"2023-09-02T07:10:42","modified_gmt":"2023-09-02T11:10:42","slug":"rumba-7-quiere-seguir-deleitando-al-publico-con-sus-exitos-musicales","status":"publish","type":"post","link":"https:\/\/www.eldiario.net\/portal\/2023\/09\/02\/rumba-7-quiere-seguir-deleitando-al-publico-con-sus-exitos-musicales\/","title":{"rendered":"Rumba 7 quiere seguir deleitando  al p\u00fablico con sus \u00e9xitos musicales"},"content":{"rendered":"<p>El tiempo pas\u00f3 volando. La orquesta Rumba 7 cumpli\u00f3 nada menos que 40 a\u00f1os de trayectoria musical. Para los denominados \u201cMatem\u00e1ticos de la cumbia\u201d, este especial aniversario signific\u00f3 redoblar el \u201ccompromiso de seguir deleitando al p\u00fablico en los diferentes acontecimientos sociales\u201d.<\/p>\n<p>\u201cQueremos seguir compartiendo la alegr\u00eda con nuestra buena m\u00fasica, siempre con la responsabilidad que caracteriza a los 3+4\u2026 Rumba 7\u201d, afirm\u00f3 Lucio Flores, director de la conocida agrupaci\u00f3n orquestal, en la charla que sostuvo con La Gu\u00eda.<\/p>\n<p><strong>LG: \u00bfCu\u00e1nto le cost\u00f3 a Rumba 7 llegar a estas cuatro d\u00e9cadas de carrera art\u00edstica?<\/strong><\/p>\n<p>LF: A partir del 5 de agosto de 1983 nace un reto muy dif\u00edcil para mi persona que, con la ayuda de mi familia, con cada uno de los integrantes y nuestro querido p\u00fablico logramos con nuestras grabaciones llegar a cumplir estos 40 a\u00f1os con la promesa de seguir adelante para hacer que nuestras futuras canciones, tanto de ritmo tropical, como valses, boleros y nuestra m\u00fasica nacional lleguen a la preferencia del p\u00fablico, llevando al exterior en alto el nombre de Bolivia, ahora rumbo a los 50.<\/p>\n<ol>\n<li><strong> Musicalmente, \u00bfc\u00f3mo naci\u00f3 Rumba 7 en agosto del a\u00f1o 1983 y c\u00f3mo est\u00e1 ahora?<\/strong><\/li>\n<\/ol>\n<p>LF: La orquesta naci\u00f3 grabando temas del g\u00e9nero tropical. Posteriormente incluimos en nuestro repertorio valses, boleros, reggae, baladas y con el pasar de los a\u00f1os en cada una de nuestras grabaciones no dejamos de incluir temas del acervo nacional en sus diferentes ritmos, que son de la preferencia de nuestro p\u00fablico boliviano y, c\u00f3mo no, es necesario tambi\u00e9n decirlo, del p\u00fablico extranjero.<\/p>\n<p><strong>LG: \u00bfCu\u00e1ntos m\u00fasicos quedan de los inicios de la orquesta?<\/strong><\/p>\n<p>LF: Desde 1983 quedo solo yo, pero durante estos a\u00f1os integraron la orquesta muchos m\u00fasicos que aportaron incondicionalmente con su talento en cada una de las etapas de Rumba 7, en la ejecuci\u00f3n de sus instrumentos y sus voces.<\/p>\n<p><strong>LG: \u00bfCu\u00e1l ha sido la f\u00f3rmula para mantenerse vigentes?<\/strong><\/p>\n<p>LF: \u00bfLa f\u00f3rmula? Es un poco complicado explicar c\u00f3mo logramos mantenernos vigentes. Lo que m\u00e1s predomina creo que es la aceptaci\u00f3n del p\u00fablico en cada una de nuestras presentaciones, para estar vigentes durante estos a\u00f1os.<\/p>\n<p><strong>LG: \u00bfQu\u00e9 fue lo mejor de estos 40 a\u00f1os?<\/strong><\/p>\n<p>LF: Lo mejor en estos 40 a\u00f1os es seguir compartiendo (con el p\u00fablico) e interpret\u00e1ndoles nuestras canciones del recuerdo, en sus diferentes g\u00e9neros, sin descuidar nuestra m\u00fasica nacional, acompa\u00f1adas de canciones <em>cover<\/em> que son tambi\u00e9n de la preferencia de nuestra gente.<\/p>\n<p><strong>LG: \u00bfQu\u00e9 qued\u00f3 pendiente?<\/strong><\/p>\n<p>LF: Queda pendiente hacer un concierto en grande en el Teatro al Aire Libre, donde queremos estar junto a otras agrupaciones que tambi\u00e9n son de la preferencia de nuestro p\u00fablico.<\/p>\n<p><strong>LG: \u00bfA cu\u00e1les canciones les que tienen mayor cari\u00f1o y por qu\u00e9?<\/strong><\/p>\n<p>LF: Son varias, desde \u201cMaldito Licor\u201d, \u201cMi tallercito\u201d, \u201cPecadora\u201d, \u201cAmada m\u00eda\u201d, \u201cPor primera vez\u201d, \u201cVivir contigo\u201d, \u201cTe quiero\u201d, \u201cCon locura\u201d, \u201cEl divorcio\u201d, \u201cMi duda\u201d y \u201cSombrerito borsalino\u201d. Mencionar m\u00e1s ser\u00eda ampuloso. Cada una de las canciones ha logrado llegar al coraz\u00f3n de la gente porque, de alguna u otra manera, se sienten identificada con su letra y mensaje.<\/p>\n<p><strong>LG: \u00bfY cu\u00e1l es el mejor \u00e1lbum que sacaron?<\/strong><\/p>\n<p>LF: Son varios \u00e1lbumes. \u00a0\u201cVivir Contigo\u201d, \u201cAmada m\u00eda\u201d y \u201cLo mejor en 21 a\u00f1os\u201d est\u00e1n entre los m\u00e1s destacados, porque m\u00e1s del 60% de los temas grabados en estos discos en sus diferentes ritmos son de preferencia de la gente y muchas de ellas son las m\u00e1s coreadas por el p\u00fablico.<\/p>\n<p><strong>LG: \u00bfCu\u00e1l es el estilo de Rumba 7?, \u00bfc\u00f3mo lo definir\u00edas?<\/strong><\/p>\n<p>LF: Nos caracterizamos por la complementaci\u00f3n de la flauta junto a los bronces en lo tropical y la incorporaci\u00f3n de instrumentos nativos en la interpretaci\u00f3n de la m\u00fasica nacional.<\/p>\n<p><strong>LG: \u00bfQu\u00e9 har\u00e1 Rumba 7 en un mercado cada vez m\u00e1s competitivo por la aparici\u00f3n de varias agrupaciones orquestales?<\/strong><\/p>\n<p>LF: La pretensi\u00f3n es seguir en la preferencia del p\u00fablico, complementando o variando algo en el ritmo, no imitando. Trataremos de lograr musicalmente la aceptaci\u00f3n de la audiencia con las futuras canciones, sin perder la originalidad.<\/p>\n<p><strong>LG: \u00bfTienen nuevas canciones, nuevo disco, viajes?<\/strong><\/p>\n<p>LF: Lo venidero es lo nuevo de Rumba 7. Lanzaremos por redes sociales las canciones una a una, con la esperanza de que lleguen a gustar, al igual que las anteriores propuestas y posesionarse en la preferencia del p\u00fablico. Una propuesta que tenemos es el viaje a EEUU que, por diferentes motivos, especialmente de trabajo de algunos integrantes que participan en instituciones p\u00fablicas y privadas, no se est\u00e1 llegando a concretar.<\/p>\n<p><strong>LG: \u00bfHar\u00e1n algo especial para festejar estos 40 a\u00f1os?<\/strong><\/p>\n<p>LF: Un gran concierto acompa\u00f1ados de agrupaciones importantes, que trataremos de realizarlo, Dios mediante, en el transcurso del a\u00f1o.<\/p>\n<p><strong>LG: \u00bfQui\u00e9nes integran hoy la orquesta?<\/strong><\/p>\n<p>LF: Fabi\u00e1n Saca Huanca, C\u00e9sar Antonio Mamani Sarzuri, William Fredd Salgado Carvajal, Ren\u00e9 Oscar Yanapa Chambi, Humberto Lucio Flores Rojas, Edwin Quispe Chuquimia, Israel Francisco Galarreta Lima, Rossy Catherine Flores Alvarado, Nicol\u00e1s Roddo Reyes Huarina, Lucio Flores Saravia y Oscar Luis Poma Maydana.<\/p>\n<p><strong>LG: \u00bfC\u00f3mo sintetizar\u00edas los 40 a\u00f1os de Rumba 7?<\/strong><\/p>\n<p>LF: La satisfacci\u00f3n de tener una agrupaci\u00f3n que de alguna manera es de la preferencia de propios y extra\u00f1os, para estar siempre en contacto directo con el p\u00fablico que gusta de nuestra m\u00fasica.<\/p>\n<p><strong>LG: \u00bfDeseas agregar algo?<\/strong><\/p>\n<p>LF: Agradecemos a toda nuestra familia, fanaticada y a los integrantes que actualmente forman parte de 3+4\u2026. Rumba 7.<\/p>\n<div id='gallery-1' class='gallery galleryid-174438 gallery-columns-3 gallery-size-medium'><figure class='gallery-item'>\n\t\t\t<div class='gallery-icon landscape'>\n\t\t\t\t<a href='https:\/\/www.eldiario.net\/portal\/2023\/09\/02\/rumba-7-quiere-seguir-deleitando-al-publico-con-sus-exitos-musicales\/rumba-2\/'><img loading=\"lazy\" decoding=\"async\" width=\"300\" height=\"135\" src=\"https:\/\/www.eldiario.net\/portal\/wp-content\/uploads\/2023\/09\/rumba-2-300x135.jpg\" class=\"attachment-medium size-medium\" alt=\"\" srcset=\"https:\/\/www.eldiario.net\/portal\/wp-content\/uploads\/2023\/09\/rumba-2-300x135.jpg 300w, https:\/\/www.eldiario.net\/portal\/wp-content\/uploads\/2023\/09\/rumba-2-768x346.jpg 768w, https:\/\/www.eldiario.net\/portal\/wp-content\/uploads\/2023\/09\/rumba-2-696x313.jpg 696w, https:\/\/www.eldiario.net\/portal\/wp-content\/uploads\/2023\/09\/rumba-2.jpg 1000w\" sizes=\"auto, (max-width: 300px) 100vw, 300px\" \/><\/a>\n\t\t\t<\/div><\/figure><figure class='gallery-item'>\n\t\t\t<div class='gallery-icon landscape'>\n\t\t\t\t<a href='https:\/\/www.eldiario.net\/portal\/2023\/09\/02\/rumba-7-quiere-seguir-deleitando-al-publico-con-sus-exitos-musicales\/rumba-3\/'><img loading=\"lazy\" decoding=\"async\" width=\"300\" height=\"150\" src=\"https:\/\/www.eldiario.net\/portal\/wp-content\/uploads\/2023\/09\/rumba-3-300x150.jpg\" class=\"attachment-medium size-medium\" alt=\"\" srcset=\"https:\/\/www.eldiario.net\/portal\/wp-content\/uploads\/2023\/09\/rumba-3-300x150.jpg 300w, https:\/\/www.eldiario.net\/portal\/wp-content\/uploads\/2023\/09\/rumba-3-768x384.jpg 768w, https:\/\/www.eldiario.net\/portal\/wp-content\/uploads\/2023\/09\/rumba-3-696x348.jpg 696w, https:\/\/www.eldiario.net\/portal\/wp-content\/uploads\/2023\/09\/rumba-3.jpg 1000w\" sizes=\"auto, (max-width: 300px) 100vw, 300px\" \/><\/a>\n\t\t\t<\/div><\/figure><figure class='gallery-item'>\n\t\t\t<div class='gallery-icon landscape'>\n\t\t\t\t<a href='https:\/\/www.eldiario.net\/portal\/2023\/09\/02\/rumba-7-quiere-seguir-deleitando-al-publico-con-sus-exitos-musicales\/rumba-1-principal\/'><img loading=\"lazy\" decoding=\"async\" width=\"300\" height=\"150\" src=\"https:\/\/www.eldiario.net\/portal\/wp-content\/uploads\/2023\/09\/rumba-1-PRINCIPAL-300x150.jpg\" class=\"attachment-medium size-medium\" alt=\"\" srcset=\"https:\/\/www.eldiario.net\/portal\/wp-content\/uploads\/2023\/09\/rumba-1-PRINCIPAL-300x150.jpg 300w, https:\/\/www.eldiario.net\/portal\/wp-content\/uploads\/2023\/09\/rumba-1-PRINCIPAL-768x384.jpg 768w, https:\/\/www.eldiario.net\/portal\/wp-content\/uploads\/2023\/09\/rumba-1-PRINCIPAL-696x348.jpg 696w, https:\/\/www.eldiario.net\/portal\/wp-content\/uploads\/2023\/09\/rumba-1-PRINCIPAL.jpg 1000w\" sizes=\"auto, (max-width: 300px) 100vw, 300px\" \/><\/a>\n\t\t\t<\/div><\/figure>\n\t\t<\/div>\n\n","protected":false},"excerpt":{"rendered":"<p>El tiempo pas\u00f3 volando. La orquesta Rumba 7 cumpli\u00f3 nada menos que 40 a\u00f1os de trayectoria musical. Para los denominados \u201cMatem\u00e1ticos de la cumbia\u201d, este especial aniversario signific\u00f3 redoblar el \u201ccompromiso de seguir deleitando al p\u00fablico en los diferentes acontecimientos sociales\u201d. \u201cQueremos seguir compartiendo la alegr\u00eda con nuestra buena m\u00fasica, siempre con la responsabilidad que [&hellip;]<\/p>\n","protected":false},"author":1,"featured_media":174441,"comment_status":"closed","ping_status":"open","sticky":false,"template":"","format":"standard","meta":{"_acf_changed":false,"footnotes":""},"categories":[41],"tags":[],"class_list":["post-174438","post","type-post","status-publish","format-standard","has-post-thumbnail","category-la-guia"],"acf":{"antetitulo":""},"yoast_head":"<!-- This site is optimized with the Yoast SEO plugin v28.4 - https:\/\/yoast.com\/product\/yoast-seo-wordpress\/ -->\n<title>Rumba 7 quiere seguir deleitando al p\u00fablico con sus \u00e9xitos musicales - El Diario - Bolivia<\/title>\n<meta name=\"robots\" content=\"index, follow, max-snippet:-1, max-image-preview:large, max-video-preview:-1\" \/>\n<link rel=\"canonical\" href=\"https:\/\/www.eldiario.net\/portal\/2023\/09\/02\/rumba-7-quiere-seguir-deleitando-al-publico-con-sus-exitos-musicales\/\" \/>\n<meta property=\"og:locale\" content=\"es_ES\" \/>\n<meta property=\"og:type\" content=\"article\" \/>\n<meta property=\"og:title\" content=\"Rumba 7 quiere seguir deleitando al p\u00fablico con sus \u00e9xitos musicales - El Diario - Bolivia\" \/>\n<meta property=\"og:description\" content=\"El tiempo pas\u00f3 volando. La orquesta Rumba 7 cumpli\u00f3 nada menos que 40 a\u00f1os de trayectoria musical. Para los denominados \u201cMatem\u00e1ticos de la cumbia\u201d, este especial aniversario signific\u00f3 redoblar el \u201ccompromiso de seguir deleitando al p\u00fablico en los diferentes acontecimientos sociales\u201d. \u201cQueremos seguir compartiendo la alegr\u00eda con nuestra buena m\u00fasica, siempre con la responsabilidad que [&hellip;]\" \/>\n<meta property=\"og:url\" content=\"https:\/\/www.eldiario.net\/portal\/2023\/09\/02\/rumba-7-quiere-seguir-deleitando-al-publico-con-sus-exitos-musicales\/\" \/>\n<meta property=\"og:site_name\" content=\"El Diario - Bolivia\" \/>\n<meta property=\"article:publisher\" content=\"https:\/\/www.facebook.com\/eldiario.bolivia\/\" \/>\n<meta property=\"article:published_time\" content=\"2023-09-02T11:10:42+00:00\" \/>\n<meta property=\"og:image\" content=\"https:\/\/www.eldiario.net\/portal\/wp-content\/uploads\/2023\/09\/rumba-1-PRINCIPAL.jpg\" \/>\n\t<meta property=\"og:image:width\" content=\"1000\" \/>\n\t<meta property=\"og:image:height\" content=\"500\" \/>\n\t<meta property=\"og:image:type\" content=\"image\/jpeg\" \/>\n<meta name=\"author\" content=\"Jeanette\" \/>\n<meta name=\"twitter:card\" content=\"summary_large_image\" \/>\n<meta name=\"twitter:creator\" content=\"@eldiario_net\" \/>\n<meta name=\"twitter:site\" content=\"@eldiario_net\" \/>\n<meta name=\"twitter:label1\" content=\"Escrito por\" \/>\n\t<meta name=\"twitter:data1\" content=\"Jeanette\" \/>\n\t<meta name=\"twitter:label2\" content=\"Tiempo de lectura\" \/>\n\t<meta name=\"twitter:data2\" content=\"5 minutos\" \/>\n<script type=\"application\/ld+json\" class=\"yoast-schema-graph\">{\"@context\":\"https:\\\/\\\/schema.org\",\"@graph\":[{\"@type\":\"Article\",\"@id\":\"https:\\\/\\\/www.eldiario.net\\\/portal\\\/2023\\\/09\\\/02\\\/rumba-7-quiere-seguir-deleitando-al-publico-con-sus-exitos-musicales\\\/#article\",\"isPartOf\":{\"@id\":\"https:\\\/\\\/www.eldiario.net\\\/portal\\\/2023\\\/09\\\/02\\\/rumba-7-quiere-seguir-deleitando-al-publico-con-sus-exitos-musicales\\\/\"},\"author\":{\"name\":\"Jeanette\",\"@id\":\"https:\\\/\\\/www.eldiario.net\\\/portal\\\/#\\\/schema\\\/person\\\/2c57cf2b7a7ae032e449e4c9b1019eac\"},\"headline\":\"Rumba 7 quiere seguir deleitando al p\u00fablico con sus \u00e9xitos musicales\",\"datePublished\":\"2023-09-02T11:10:42+00:00\",\"mainEntityOfPage\":{\"@id\":\"https:\\\/\\\/www.eldiario.net\\\/portal\\\/2023\\\/09\\\/02\\\/rumba-7-quiere-seguir-deleitando-al-publico-con-sus-exitos-musicales\\\/\"},\"wordCount\":959,\"publisher\":{\"@id\":\"https:\\\/\\\/www.eldiario.net\\\/portal\\\/#organization\"},\"image\":{\"@id\":\"https:\\\/\\\/www.eldiario.net\\\/portal\\\/2023\\\/09\\\/02\\\/rumba-7-quiere-seguir-deleitando-al-publico-con-sus-exitos-musicales\\\/#primaryimage\"},\"thumbnailUrl\":\"https:\\\/\\\/www.eldiario.net\\\/portal\\\/wp-content\\\/uploads\\\/2023\\\/09\\\/rumba-1-PRINCIPAL.jpg\",\"articleSection\":[\"La Gu\u00eda\"],\"inLanguage\":\"es\"},{\"@type\":\"WebPage\",\"@id\":\"https:\\\/\\\/www.eldiario.net\\\/portal\\\/2023\\\/09\\\/02\\\/rumba-7-quiere-seguir-deleitando-al-publico-con-sus-exitos-musicales\\\/\",\"url\":\"https:\\\/\\\/www.eldiario.net\\\/portal\\\/2023\\\/09\\\/02\\\/rumba-7-quiere-seguir-deleitando-al-publico-con-sus-exitos-musicales\\\/\",\"name\":\"Rumba 7 quiere seguir deleitando al p\u00fablico con sus \u00e9xitos musicales - El Diario - Bolivia\",\"isPartOf\":{\"@id\":\"https:\\\/\\\/www.eldiario.net\\\/portal\\\/#website\"},\"primaryImageOfPage\":{\"@id\":\"https:\\\/\\\/www.eldiario.net\\\/portal\\\/2023\\\/09\\\/02\\\/rumba-7-quiere-seguir-deleitando-al-publico-con-sus-exitos-musicales\\\/#primaryimage\"},\"image\":{\"@id\":\"https:\\\/\\\/www.eldiario.net\\\/portal\\\/2023\\\/09\\\/02\\\/rumba-7-quiere-seguir-deleitando-al-publico-con-sus-exitos-musicales\\\/#primaryimage\"},\"thumbnailUrl\":\"https:\\\/\\\/www.eldiario.net\\\/portal\\\/wp-content\\\/uploads\\\/2023\\\/09\\\/rumba-1-PRINCIPAL.jpg\",\"datePublished\":\"2023-09-02T11:10:42+00:00\",\"breadcrumb\":{\"@id\":\"https:\\\/\\\/www.eldiario.net\\\/portal\\\/2023\\\/09\\\/02\\\/rumba-7-quiere-seguir-deleitando-al-publico-con-sus-exitos-musicales\\\/#breadcrumb\"},\"inLanguage\":\"es\",\"potentialAction\":[{\"@type\":\"ReadAction\",\"target\":[\"https:\\\/\\\/www.eldiario.net\\\/portal\\\/2023\\\/09\\\/02\\\/rumba-7-quiere-seguir-deleitando-al-publico-con-sus-exitos-musicales\\\/\"]}]},{\"@type\":\"ImageObject\",\"inLanguage\":\"es\",\"@id\":\"https:\\\/\\\/www.eldiario.net\\\/portal\\\/2023\\\/09\\\/02\\\/rumba-7-quiere-seguir-deleitando-al-publico-con-sus-exitos-musicales\\\/#primaryimage\",\"url\":\"https:\\\/\\\/www.eldiario.net\\\/portal\\\/wp-content\\\/uploads\\\/2023\\\/09\\\/rumba-1-PRINCIPAL.jpg\",\"contentUrl\":\"https:\\\/\\\/www.eldiario.net\\\/portal\\\/wp-content\\\/uploads\\\/2023\\\/09\\\/rumba-1-PRINCIPAL.jpg\",\"width\":1000,\"height\":500},{\"@type\":\"BreadcrumbList\",\"@id\":\"https:\\\/\\\/www.eldiario.net\\\/portal\\\/2023\\\/09\\\/02\\\/rumba-7-quiere-seguir-deleitando-al-publico-con-sus-exitos-musicales\\\/#breadcrumb\",\"itemListElement\":[{\"@type\":\"ListItem\",\"position\":1,\"name\":\"Portada\",\"item\":\"https:\\\/\\\/www.eldiario.net\\\/portal\\\/\"},{\"@type\":\"ListItem\",\"position\":2,\"name\":\"Rumba 7 quiere seguir deleitando al p\u00fablico con sus \u00e9xitos musicales\"}]},{\"@type\":\"WebSite\",\"@id\":\"https:\\\/\\\/www.eldiario.net\\\/portal\\\/#website\",\"url\":\"https:\\\/\\\/www.eldiario.net\\\/portal\\\/\",\"name\":\"El Diario - Decano de la prensa nacional\",\"description\":\"El Diario - Decano de la prensa nacional\",\"publisher\":{\"@id\":\"https:\\\/\\\/www.eldiario.net\\\/portal\\\/#organization\"},\"potentialAction\":[{\"@type\":\"SearchAction\",\"target\":{\"@type\":\"EntryPoint\",\"urlTemplate\":\"https:\\\/\\\/www.eldiario.net\\\/portal\\\/?s={search_term_string}\"},\"query-input\":{\"@type\":\"PropertyValueSpecification\",\"valueRequired\":true,\"valueName\":\"search_term_string\"}}],\"inLanguage\":\"es\"},{\"@type\":\"Organization\",\"@id\":\"https:\\\/\\\/www.eldiario.net\\\/portal\\\/#organization\",\"name\":\"El Diario - Decano de la prensa nacional\",\"url\":\"https:\\\/\\\/www.eldiario.net\\\/portal\\\/\",\"logo\":{\"@type\":\"ImageObject\",\"inLanguage\":\"es\",\"@id\":\"https:\\\/\\\/www.eldiario.net\\\/portal\\\/#\\\/schema\\\/logo\\\/image\\\/\",\"url\":\"https:\\\/\\\/www.eldiario.net\\\/portal\\\/wp-content\\\/uploads\\\/2023\\\/07\\\/logo_ED.jpg\",\"contentUrl\":\"https:\\\/\\\/www.eldiario.net\\\/portal\\\/wp-content\\\/uploads\\\/2023\\\/07\\\/logo_ED.jpg\",\"width\":272,\"height\":52,\"caption\":\"El Diario - Decano de la prensa nacional\"},\"image\":{\"@id\":\"https:\\\/\\\/www.eldiario.net\\\/portal\\\/#\\\/schema\\\/logo\\\/image\\\/\"},\"sameAs\":[\"https:\\\/\\\/www.facebook.com\\\/eldiario.bolivia\\\/\",\"https:\\\/\\\/x.com\\\/eldiario_net\"]},{\"@type\":\"Person\",\"@id\":\"https:\\\/\\\/www.eldiario.net\\\/portal\\\/#\\\/schema\\\/person\\\/2c57cf2b7a7ae032e449e4c9b1019eac\",\"name\":\"Jeanette\",\"image\":{\"@type\":\"ImageObject\",\"inLanguage\":\"es\",\"@id\":\"https:\\\/\\\/secure.gravatar.com\\\/avatar\\\/3ea2118a5f7dad2b7138b1187a6b7ee55f160b9968b66013c3a3ef39dd7e5798?s=96&d=mm&r=g\",\"url\":\"https:\\\/\\\/secure.gravatar.com\\\/avatar\\\/3ea2118a5f7dad2b7138b1187a6b7ee55f160b9968b66013c3a3ef39dd7e5798?s=96&d=mm&r=g\",\"contentUrl\":\"https:\\\/\\\/secure.gravatar.com\\\/avatar\\\/3ea2118a5f7dad2b7138b1187a6b7ee55f160b9968b66013c3a3ef39dd7e5798?s=96&d=mm&r=g\",\"caption\":\"Jeanette\"},\"sameAs\":[\"https:\\\/\\\/www.eldiario.net\\\/portal\"],\"url\":\"https:\\\/\\\/www.eldiario.net\\\/portal\\\/author\\\/jeanette\\\/\"}]}<\/script>\n<!-- \/ Yoast SEO plugin. -->","yoast_head_json":{"title":"Rumba 7 quiere seguir deleitando al p\u00fablico con sus \u00e9xitos musicales - El Diario - Bolivia","robots":{"index":"index","follow":"follow","max-snippet":"max-snippet:-1","max-image-preview":"max-image-preview:large","max-video-preview":"max-video-preview:-1"},"canonical":"https:\/\/www.eldiario.net\/portal\/2023\/09\/02\/rumba-7-quiere-seguir-deleitando-al-publico-con-sus-exitos-musicales\/","og_locale":"es_ES","og_type":"article","og_title":"Rumba 7 quiere seguir deleitando al p\u00fablico con sus \u00e9xitos musicales - El Diario - Bolivia","og_description":"El tiempo pas\u00f3 volando. La orquesta Rumba 7 cumpli\u00f3 nada menos que 40 a\u00f1os de trayectoria musical. Para los denominados \u201cMatem\u00e1ticos de la cumbia\u201d, este especial aniversario signific\u00f3 redoblar el \u201ccompromiso de seguir deleitando al p\u00fablico en los diferentes acontecimientos sociales\u201d. \u201cQueremos seguir compartiendo la alegr\u00eda con nuestra buena m\u00fasica, siempre con la responsabilidad que [&hellip;]","og_url":"https:\/\/www.eldiario.net\/portal\/2023\/09\/02\/rumba-7-quiere-seguir-deleitando-al-publico-con-sus-exitos-musicales\/","og_site_name":"El Diario - Bolivia","article_publisher":"https:\/\/www.facebook.com\/eldiario.bolivia\/","article_published_time":"2023-09-02T11:10:42+00:00","og_image":[{"width":1000,"height":500,"url":"https:\/\/www.eldiario.net\/portal\/wp-content\/uploads\/2023\/09\/rumba-1-PRINCIPAL.jpg","type":"image\/jpeg"}],"author":"Jeanette","twitter_card":"summary_large_image","twitter_creator":"@eldiario_net","twitter_site":"@eldiario_net","twitter_misc":{"Escrito por":"Jeanette","Tiempo de lectura":"5 minutos"},"schema":{"@context":"https:\/\/schema.org","@graph":[{"@type":"Article","@id":"https:\/\/www.eldiario.net\/portal\/2023\/09\/02\/rumba-7-quiere-seguir-deleitando-al-publico-con-sus-exitos-musicales\/#article","isPartOf":{"@id":"https:\/\/www.eldiario.net\/portal\/2023\/09\/02\/rumba-7-quiere-seguir-deleitando-al-publico-con-sus-exitos-musicales\/"},"author":{"name":"Jeanette","@id":"https:\/\/www.eldiario.net\/portal\/#\/schema\/person\/2c57cf2b7a7ae032e449e4c9b1019eac"},"headline":"Rumba 7 quiere seguir deleitando al p\u00fablico con sus \u00e9xitos musicales","datePublished":"2023-09-02T11:10:42+00:00","mainEntityOfPage":{"@id":"https:\/\/www.eldiario.net\/portal\/2023\/09\/02\/rumba-7-quiere-seguir-deleitando-al-publico-con-sus-exitos-musicales\/"},"wordCount":959,"publisher":{"@id":"https:\/\/www.eldiario.net\/portal\/#organization"},"image":{"@id":"https:\/\/www.eldiario.net\/portal\/2023\/09\/02\/rumba-7-quiere-seguir-deleitando-al-publico-con-sus-exitos-musicales\/#primaryimage"},"thumbnailUrl":"https:\/\/www.eldiario.net\/portal\/wp-content\/uploads\/2023\/09\/rumba-1-PRINCIPAL.jpg","articleSection":["La Gu\u00eda"],"inLanguage":"es"},{"@type":"WebPage","@id":"https:\/\/www.eldiario.net\/portal\/2023\/09\/02\/rumba-7-quiere-seguir-deleitando-al-publico-con-sus-exitos-musicales\/","url":"https:\/\/www.eldiario.net\/portal\/2023\/09\/02\/rumba-7-quiere-seguir-deleitando-al-publico-con-sus-exitos-musicales\/","name":"Rumba 7 quiere seguir deleitando al p\u00fablico con sus \u00e9xitos musicales - El Diario - Bolivia","isPartOf":{"@id":"https:\/\/www.eldiario.net\/portal\/#website"},"primaryImageOfPage":{"@id":"https:\/\/www.eldiario.net\/portal\/2023\/09\/02\/rumba-7-quiere-seguir-deleitando-al-publico-con-sus-exitos-musicales\/#primaryimage"},"image":{"@id":"https:\/\/www.eldiario.net\/portal\/2023\/09\/02\/rumba-7-quiere-seguir-deleitando-al-publico-con-sus-exitos-musicales\/#primaryimage"},"thumbnailUrl":"https:\/\/www.eldiario.net\/portal\/wp-content\/uploads\/2023\/09\/rumba-1-PRINCIPAL.jpg","datePublished":"2023-09-02T11:10:42+00:00","breadcrumb":{"@id":"https:\/\/www.eldiario.net\/portal\/2023\/09\/02\/rumba-7-quiere-seguir-deleitando-al-publico-con-sus-exitos-musicales\/#breadcrumb"},"inLanguage":"es","potentialAction":[{"@type":"ReadAction","target":["https:\/\/www.eldiario.net\/portal\/2023\/09\/02\/rumba-7-quiere-seguir-deleitando-al-publico-con-sus-exitos-musicales\/"]}]},{"@type":"ImageObject","inLanguage":"es","@id":"https:\/\/www.eldiario.net\/portal\/2023\/09\/02\/rumba-7-quiere-seguir-deleitando-al-publico-con-sus-exitos-musicales\/#primaryimage","url":"https:\/\/www.eldiario.net\/portal\/wp-content\/uploads\/2023\/09\/rumba-1-PRINCIPAL.jpg","contentUrl":"https:\/\/www.eldiario.net\/portal\/wp-content\/uploads\/2023\/09\/rumba-1-PRINCIPAL.jpg","width":1000,"height":500},{"@type":"BreadcrumbList","@id":"https:\/\/www.eldiario.net\/portal\/2023\/09\/02\/rumba-7-quiere-seguir-deleitando-al-publico-con-sus-exitos-musicales\/#breadcrumb","itemListElement":[{"@type":"ListItem","position":1,"name":"Portada","item":"https:\/\/www.eldiario.net\/portal\/"},{"@type":"ListItem","position":2,"name":"Rumba 7 quiere seguir deleitando al p\u00fablico con sus \u00e9xitos musicales"}]},{"@type":"WebSite","@id":"https:\/\/www.eldiario.net\/portal\/#website","url":"https:\/\/www.eldiario.net\/portal\/","name":"El Diario - Decano de la prensa nacional","description":"El Diario - Decano de la prensa nacional","publisher":{"@id":"https:\/\/www.eldiario.net\/portal\/#organization"},"potentialAction":[{"@type":"SearchAction","target":{"@type":"EntryPoint","urlTemplate":"https:\/\/www.eldiario.net\/portal\/?s={search_term_string}"},"query-input":{"@type":"PropertyValueSpecification","valueRequired":true,"valueName":"search_term_string"}}],"inLanguage":"es"},{"@type":"Organization","@id":"https:\/\/www.eldiario.net\/portal\/#organization","name":"El Diario - Decano de la prensa nacional","url":"https:\/\/www.eldiario.net\/portal\/","logo":{"@type":"ImageObject","inLanguage":"es","@id":"https:\/\/www.eldiario.net\/portal\/#\/schema\/logo\/image\/","url":"https:\/\/www.eldiario.net\/portal\/wp-content\/uploads\/2023\/07\/logo_ED.jpg","contentUrl":"https:\/\/www.eldiario.net\/portal\/wp-content\/uploads\/2023\/07\/logo_ED.jpg","width":272,"height":52,"caption":"El Diario - Decano de la prensa nacional"},"image":{"@id":"https:\/\/www.eldiario.net\/portal\/#\/schema\/logo\/image\/"},"sameAs":["https:\/\/www.facebook.com\/eldiario.bolivia\/","https:\/\/x.com\/eldiario_net"]},{"@type":"Person","@id":"https:\/\/www.eldiario.net\/portal\/#\/schema\/person\/2c57cf2b7a7ae032e449e4c9b1019eac","name":"Jeanette","image":{"@type":"ImageObject","inLanguage":"es","@id":"https:\/\/secure.gravatar.com\/avatar\/3ea2118a5f7dad2b7138b1187a6b7ee55f160b9968b66013c3a3ef39dd7e5798?s=96&d=mm&r=g","url":"https:\/\/secure.gravatar.com\/avatar\/3ea2118a5f7dad2b7138b1187a6b7ee55f160b9968b66013c3a3ef39dd7e5798?s=96&d=mm&r=g","contentUrl":"https:\/\/secure.gravatar.com\/avatar\/3ea2118a5f7dad2b7138b1187a6b7ee55f160b9968b66013c3a3ef39dd7e5798?s=96&d=mm&r=g","caption":"Jeanette"},"sameAs":["https:\/\/www.eldiario.net\/portal"],"url":"https:\/\/www.eldiario.net\/portal\/author\/jeanette\/"}]}},"_links":{"self":[{"href":"https:\/\/www.eldiario.net\/portal\/wp-json\/wp\/v2\/posts\/174438","targetHints":{"allow":["GET"]}}],"collection":[{"href":"https:\/\/www.eldiario.net\/portal\/wp-json\/wp\/v2\/posts"}],"about":[{"href":"https:\/\/www.eldiario.net\/portal\/wp-json\/wp\/v2\/types\/post"}],"author":[{"embeddable":true,"href":"https:\/\/www.eldiario.net\/portal\/wp-json\/wp\/v2\/users\/1"}],"replies":[{"embeddable":true,"href":"https:\/\/www.eldiario.net\/portal\/wp-json\/wp\/v2\/comments?post=174438"}],"version-history":[{"count":0,"href":"https:\/\/www.eldiario.net\/portal\/wp-json\/wp\/v2\/posts\/174438\/revisions"}],"wp:featuredmedia":[{"embeddable":true,"href":"https:\/\/www.eldiario.net\/portal\/wp-json\/wp\/v2\/media\/174441"}],"wp:attachment":[{"href":"https:\/\/www.eldiario.net\/portal\/wp-json\/wp\/v2\/media?parent=174438"}],"wp:term":[{"taxonomy":"category","embeddable":true,"href":"https:\/\/www.eldiario.net\/portal\/wp-json\/wp\/v2\/categories?post=174438"},{"taxonomy":"post_tag","embeddable":true,"href":"https:\/\/www.eldiario.net\/portal\/wp-json\/wp\/v2\/tags?post=174438"}],"curies":[{"name":"wp","href":"https:\/\/api.w.org\/{rel}","templated":true}]}}