{"id":174429,"date":"2023-09-02T07:07:00","date_gmt":"2023-09-02T11:07:00","guid":{"rendered":"https:\/\/www.eldiario.net\/portal\/?p=174429"},"modified":"2023-09-02T07:07:00","modified_gmt":"2023-09-02T11:07:00","slug":"peru-presente-en-la-reunion-anual-de-etnologia-2023","status":"publish","type":"post","link":"https:\/\/www.eldiario.net\/portal\/2023\/09\/02\/peru-presente-en-la-reunion-anual-de-etnologia-2023\/","title":{"rendered":"Per\u00fa presente en la Reuni\u00f3n Anual de Etnolog\u00eda 2023"},"content":{"rendered":"<p>La Embajada del Per\u00fa fue parte de la Reuni\u00f3n Anual de Etnolog\u00eda \u2013 RAE 2023, organizada por el Museo Nacional de Etnograf\u00eda y Folklore (Musef), entre el 21 y el 25 de agosto, con una demostraci\u00f3n de la danza de las tijeras.<br \/>\nPara la ocasi\u00f3n, lleg\u00f3 a nuestro pa\u00eds una cuadrilla de la Escuela Danza de las Tijeras Puquio-Ayacucho, que ejecut\u00f3 sus movimientos al comp\u00e1s de arpa y viol\u00edn.<br \/>\nEn encargado de Negocios en ejercicio de la Embajada del Per\u00fa, Jes\u00fas Ponce, explic\u00f3 que la danza de las tijeras, declarada por la Unesco como Patrimonio Cultural Inmaterial de la Humanidad en 2010, es originaria de las comunidades quechuas del sur de la cordillera andina central del Per\u00fa. \u00abEsta danza debe su nombre a las hojas de metal pulimentado que los danzarines, o Danzaq, blanden en un duelo coreogr\u00e1fico denominado Atipanakuy, el cual consiste en pasos de danza, acrobacias y movimientos cada vez m\u00e1s dif\u00edciles\u00bb, resalt\u00f3 el diplom\u00e1tico.<\/p>\n<div id='gallery-1' class='gallery galleryid-174429 gallery-columns-3 gallery-size-medium'><figure class='gallery-item'>\n\t\t\t<div class='gallery-icon landscape'>\n\t\t\t\t<a href='https:\/\/www.eldiario.net\/portal\/2023\/09\/02\/peru-presente-en-la-reunion-anual-de-etnologia-2023\/img_7976\/'><img loading=\"lazy\" decoding=\"async\" width=\"300\" height=\"191\" src=\"https:\/\/www.eldiario.net\/portal\/wp-content\/uploads\/2023\/09\/IMG_7976-300x191.jpg\" class=\"attachment-medium size-medium\" alt=\"\" aria-describedby=\"gallery-1-174430\" srcset=\"https:\/\/www.eldiario.net\/portal\/wp-content\/uploads\/2023\/09\/IMG_7976-300x191.jpg 300w, https:\/\/www.eldiario.net\/portal\/wp-content\/uploads\/2023\/09\/IMG_7976-768x490.jpg 768w, https:\/\/www.eldiario.net\/portal\/wp-content\/uploads\/2023\/09\/IMG_7976-696x444.jpg 696w, https:\/\/www.eldiario.net\/portal\/wp-content\/uploads\/2023\/09\/IMG_7976.jpg 1000w\" sizes=\"auto, (max-width: 300px) 100vw, 300px\" \/><\/a>\n\t\t\t<\/div>\n\t\t\t\t<figcaption class='wp-caption-text gallery-caption' id='gallery-1-174430'>\n\t\t\t\t MIEMBROS DE LA LEGACI\u00d3N PERUANA JUNTO A LA CUADRILLA DE LA ESC. DE DANZA DE LAS TIJERAS PUQUIO- AYACUCHO.\n\t\t\t\t<\/figcaption><\/figure><figure class='gallery-item'>\n\t\t\t<div class='gallery-icon landscape'>\n\t\t\t\t<a href='https:\/\/www.eldiario.net\/portal\/2023\/09\/02\/peru-presente-en-la-reunion-anual-de-etnologia-2023\/img_7587\/'><img loading=\"lazy\" decoding=\"async\" width=\"300\" height=\"198\" src=\"https:\/\/www.eldiario.net\/portal\/wp-content\/uploads\/2023\/09\/IMG_7587-300x198.jpg\" class=\"attachment-medium size-medium\" alt=\"\" aria-describedby=\"gallery-1-174431\" srcset=\"https:\/\/www.eldiario.net\/portal\/wp-content\/uploads\/2023\/09\/IMG_7587-300x198.jpg 300w, https:\/\/www.eldiario.net\/portal\/wp-content\/uploads\/2023\/09\/IMG_7587-768x507.jpg 768w, https:\/\/www.eldiario.net\/portal\/wp-content\/uploads\/2023\/09\/IMG_7587-696x459.jpg 696w, https:\/\/www.eldiario.net\/portal\/wp-content\/uploads\/2023\/09\/IMG_7587.jpg 1000w\" sizes=\"auto, (max-width: 300px) 100vw, 300px\" \/><\/a>\n\t\t\t<\/div>\n\t\t\t\t<figcaption class='wp-caption-text gallery-caption' id='gallery-1-174431'>\n\t\t\t\tEL EMBAJADOR DEL BRASIL LUIS HENRIQUE SOBREIRA Y EL ENCARGADO DE NEGOCIOS DEL PER\u00da, JES\u00daS PONCE BRAVO.\n\t\t\t\t<\/figcaption><\/figure><figure class='gallery-item'>\n\t\t\t<div class='gallery-icon landscape'>\n\t\t\t\t<a href='https:\/\/www.eldiario.net\/portal\/2023\/09\/02\/peru-presente-en-la-reunion-anual-de-etnologia-2023\/img_7608\/'><img loading=\"lazy\" decoding=\"async\" width=\"300\" height=\"216\" src=\"https:\/\/www.eldiario.net\/portal\/wp-content\/uploads\/2023\/09\/IMG_7608-300x216.jpg\" class=\"attachment-medium size-medium\" alt=\"\" aria-describedby=\"gallery-1-174432\" srcset=\"https:\/\/www.eldiario.net\/portal\/wp-content\/uploads\/2023\/09\/IMG_7608-300x216.jpg 300w, https:\/\/www.eldiario.net\/portal\/wp-content\/uploads\/2023\/09\/IMG_7608-768x552.jpg 768w, https:\/\/www.eldiario.net\/portal\/wp-content\/uploads\/2023\/09\/IMG_7608-696x500.jpg 696w, https:\/\/www.eldiario.net\/portal\/wp-content\/uploads\/2023\/09\/IMG_7608.jpg 1000w\" sizes=\"auto, (max-width: 300px) 100vw, 300px\" \/><\/a>\n\t\t\t<\/div>\n\t\t\t\t<figcaption class='wp-caption-text gallery-caption' id='gallery-1-174432'>\n\t\t\t\tLA DELEGACI\u00d3N PERUANA TRAS SU ACTUACI\u00d3N  EN EL MUSEF.\n\t\t\t\t<\/figcaption><\/figure><figure class='gallery-item'>\n\t\t\t<div class='gallery-icon landscape'>\n\t\t\t\t<a href='https:\/\/www.eldiario.net\/portal\/2023\/09\/02\/peru-presente-en-la-reunion-anual-de-etnologia-2023\/img_7704\/'><img loading=\"lazy\" decoding=\"async\" width=\"300\" height=\"197\" src=\"https:\/\/www.eldiario.net\/portal\/wp-content\/uploads\/2023\/09\/IMG_7704-300x197.jpg\" class=\"attachment-medium size-medium\" alt=\"\" aria-describedby=\"gallery-1-174433\" srcset=\"https:\/\/www.eldiario.net\/portal\/wp-content\/uploads\/2023\/09\/IMG_7704-300x197.jpg 300w, https:\/\/www.eldiario.net\/portal\/wp-content\/uploads\/2023\/09\/IMG_7704-768x505.jpg 768w, https:\/\/www.eldiario.net\/portal\/wp-content\/uploads\/2023\/09\/IMG_7704-696x457.jpg 696w, https:\/\/www.eldiario.net\/portal\/wp-content\/uploads\/2023\/09\/IMG_7704.jpg 1000w\" sizes=\"auto, (max-width: 300px) 100vw, 300px\" \/><\/a>\n\t\t\t<\/div>\n\t\t\t\t<figcaption class='wp-caption-text gallery-caption' id='gallery-1-174433'>\n\t\t\t\tLOS DANZARINES PERUANOS EJECUTAN SUS PASOS AL COMP\u00c1S DE ARPA Y VIOL\u00cdN.\n\t\t\t\t<\/figcaption><\/figure><figure class='gallery-item'>\n\t\t\t<div class='gallery-icon landscape'>\n\t\t\t\t<a href='https:\/\/www.eldiario.net\/portal\/2023\/09\/02\/peru-presente-en-la-reunion-anual-de-etnologia-2023\/img_7847\/'><img loading=\"lazy\" decoding=\"async\" width=\"300\" height=\"200\" src=\"https:\/\/www.eldiario.net\/portal\/wp-content\/uploads\/2023\/09\/IMG_7847-300x200.jpg\" class=\"attachment-medium size-medium\" alt=\"\" aria-describedby=\"gallery-1-174434\" srcset=\"https:\/\/www.eldiario.net\/portal\/wp-content\/uploads\/2023\/09\/IMG_7847-300x200.jpg 300w, https:\/\/www.eldiario.net\/portal\/wp-content\/uploads\/2023\/09\/IMG_7847-768x512.jpg 768w, https:\/\/www.eldiario.net\/portal\/wp-content\/uploads\/2023\/09\/IMG_7847-696x464.jpg 696w, https:\/\/www.eldiario.net\/portal\/wp-content\/uploads\/2023\/09\/IMG_7847.jpg 1000w\" sizes=\"auto, (max-width: 300px) 100vw, 300px\" \/><\/a>\n\t\t\t<\/div>\n\t\t\t\t<figcaption class='wp-caption-text gallery-caption' id='gallery-1-174434'>\n\t\t\t\tDANIEL FERN\u00c1NDEZ, DANIEL SANDOVAL, ELVIRA ESPEJO, JES\u00daS PONCE, ALISON LIGHT Y DANIEL OIE.\n\t\t\t\t<\/figcaption><\/figure><figure class='gallery-item'>\n\t\t\t<div class='gallery-icon landscape'>\n\t\t\t\t<a href='https:\/\/www.eldiario.net\/portal\/2023\/09\/02\/peru-presente-en-la-reunion-anual-de-etnologia-2023\/img_7851\/'><img loading=\"lazy\" decoding=\"async\" width=\"300\" height=\"196\" src=\"https:\/\/www.eldiario.net\/portal\/wp-content\/uploads\/2023\/09\/IMG_7851-300x196.jpg\" class=\"attachment-medium size-medium\" alt=\"\" aria-describedby=\"gallery-1-174435\" srcset=\"https:\/\/www.eldiario.net\/portal\/wp-content\/uploads\/2023\/09\/IMG_7851-300x196.jpg 300w, https:\/\/www.eldiario.net\/portal\/wp-content\/uploads\/2023\/09\/IMG_7851-768x501.jpg 768w, https:\/\/www.eldiario.net\/portal\/wp-content\/uploads\/2023\/09\/IMG_7851-696x454.jpg 696w, https:\/\/www.eldiario.net\/portal\/wp-content\/uploads\/2023\/09\/IMG_7851.jpg 1000w\" sizes=\"auto, (max-width: 300px) 100vw, 300px\" \/><\/a>\n\t\t\t<\/div>\n\t\t\t\t<figcaption class='wp-caption-text gallery-caption' id='gallery-1-174435'>\n\t\t\t\tEL JFE DE LA MISI\u00d3N PERUANA JUNTO A LA DIRECTORA DEL MUSEF, ELVIRA ESPEJO.\n\t\t\t\t<\/figcaption><\/figure><figure class='gallery-item'>\n\t\t\t<div class='gallery-icon landscape'>\n\t\t\t\t<a href='https:\/\/www.eldiario.net\/portal\/2023\/09\/02\/peru-presente-en-la-reunion-anual-de-etnologia-2023\/img_7856\/'><img loading=\"lazy\" decoding=\"async\" width=\"300\" height=\"200\" src=\"https:\/\/www.eldiario.net\/portal\/wp-content\/uploads\/2023\/09\/IMG_7856-300x200.jpg\" class=\"attachment-medium size-medium\" alt=\"\" aria-describedby=\"gallery-1-174436\" srcset=\"https:\/\/www.eldiario.net\/portal\/wp-content\/uploads\/2023\/09\/IMG_7856-300x200.jpg 300w, https:\/\/www.eldiario.net\/portal\/wp-content\/uploads\/2023\/09\/IMG_7856-768x511.jpg 768w, https:\/\/www.eldiario.net\/portal\/wp-content\/uploads\/2023\/09\/IMG_7856-696x463.jpg 696w, https:\/\/www.eldiario.net\/portal\/wp-content\/uploads\/2023\/09\/IMG_7856.jpg 1000w\" sizes=\"auto, (max-width: 300px) 100vw, 300px\" \/><\/a>\n\t\t\t<\/div>\n\t\t\t\t<figcaption class='wp-caption-text gallery-caption' id='gallery-1-174436'>\n\t\t\t\t  DANIEL FERN\u00c1NDEZ JUNTO A SUS COMPATRIOTAS. \n\t\t\t\t<\/figcaption><\/figure>\n\t\t<\/div>\n\n","protected":false},"excerpt":{"rendered":"<p>La Embajada del Per\u00fa fue parte de la Reuni\u00f3n Anual de Etnolog\u00eda \u2013 RAE 2023, organizada por el Museo Nacional de Etnograf\u00eda y Folklore (Musef), entre el 21 y el 25 de agosto, con una demostraci\u00f3n de la danza de las tijeras. Para la ocasi\u00f3n, lleg\u00f3 a nuestro pa\u00eds una cuadrilla de la Escuela Danza [&hellip;]<\/p>\n","protected":false},"author":1,"featured_media":174430,"comment_status":"closed","ping_status":"open","sticky":false,"template":"","format":"standard","meta":{"_acf_changed":false,"footnotes":""},"categories":[40],"tags":[],"class_list":["post-174429","post","type-post","status-publish","format-standard","has-post-thumbnail","category-sociales"],"acf":{"antetitulo":""},"yoast_head":"<!-- This site is optimized with the Yoast SEO plugin v28.4 - https:\/\/yoast.com\/product\/yoast-seo-wordpress\/ -->\n<title>Per\u00fa presente en la Reuni\u00f3n Anual de Etnolog\u00eda 2023 - El Diario - Bolivia<\/title>\n<meta name=\"robots\" content=\"index, follow, max-snippet:-1, max-image-preview:large, max-video-preview:-1\" \/>\n<link rel=\"canonical\" href=\"https:\/\/www.eldiario.net\/portal\/2023\/09\/02\/peru-presente-en-la-reunion-anual-de-etnologia-2023\/\" \/>\n<meta property=\"og:locale\" content=\"es_ES\" \/>\n<meta property=\"og:type\" content=\"article\" \/>\n<meta property=\"og:title\" content=\"Per\u00fa presente en la Reuni\u00f3n Anual de Etnolog\u00eda 2023 - El Diario - Bolivia\" \/>\n<meta property=\"og:description\" content=\"La Embajada del Per\u00fa fue parte de la Reuni\u00f3n Anual de Etnolog\u00eda \u2013 RAE 2023, organizada por el Museo Nacional de Etnograf\u00eda y Folklore (Musef), entre el 21 y el 25 de agosto, con una demostraci\u00f3n de la danza de las tijeras. Para la ocasi\u00f3n, lleg\u00f3 a nuestro pa\u00eds una cuadrilla de la Escuela Danza [&hellip;]\" \/>\n<meta property=\"og:url\" content=\"https:\/\/www.eldiario.net\/portal\/2023\/09\/02\/peru-presente-en-la-reunion-anual-de-etnologia-2023\/\" \/>\n<meta property=\"og:site_name\" content=\"El Diario - Bolivia\" \/>\n<meta property=\"article:publisher\" content=\"https:\/\/www.facebook.com\/eldiario.bolivia\/\" \/>\n<meta property=\"article:published_time\" content=\"2023-09-02T11:07:00+00:00\" \/>\n<meta property=\"og:image\" content=\"https:\/\/www.eldiario.net\/portal\/wp-content\/uploads\/2023\/09\/IMG_7976.jpg\" \/>\n\t<meta property=\"og:image:width\" content=\"1000\" \/>\n\t<meta property=\"og:image:height\" content=\"638\" \/>\n\t<meta property=\"og:image:type\" content=\"image\/jpeg\" \/>\n<meta name=\"author\" content=\"Jeanette\" \/>\n<meta name=\"twitter:card\" content=\"summary_large_image\" \/>\n<meta name=\"twitter:creator\" content=\"@eldiario_net\" \/>\n<meta name=\"twitter:site\" content=\"@eldiario_net\" \/>\n<meta name=\"twitter:label1\" content=\"Escrito por\" \/>\n\t<meta name=\"twitter:data1\" content=\"Jeanette\" \/>\n\t<meta name=\"twitter:label2\" content=\"Tiempo de lectura\" \/>\n\t<meta name=\"twitter:data2\" content=\"1 minuto\" \/>\n<script type=\"application\/ld+json\" class=\"yoast-schema-graph\">{\"@context\":\"https:\\\/\\\/schema.org\",\"@graph\":[{\"@type\":\"Article\",\"@id\":\"https:\\\/\\\/www.eldiario.net\\\/portal\\\/2023\\\/09\\\/02\\\/peru-presente-en-la-reunion-anual-de-etnologia-2023\\\/#article\",\"isPartOf\":{\"@id\":\"https:\\\/\\\/www.eldiario.net\\\/portal\\\/2023\\\/09\\\/02\\\/peru-presente-en-la-reunion-anual-de-etnologia-2023\\\/\"},\"author\":{\"name\":\"Jeanette\",\"@id\":\"https:\\\/\\\/www.eldiario.net\\\/portal\\\/#\\\/schema\\\/person\\\/2c57cf2b7a7ae032e449e4c9b1019eac\"},\"headline\":\"Per\u00fa presente en la Reuni\u00f3n Anual de Etnolog\u00eda 2023\",\"datePublished\":\"2023-09-02T11:07:00+00:00\",\"mainEntityOfPage\":{\"@id\":\"https:\\\/\\\/www.eldiario.net\\\/portal\\\/2023\\\/09\\\/02\\\/peru-presente-en-la-reunion-anual-de-etnologia-2023\\\/\"},\"wordCount\":179,\"publisher\":{\"@id\":\"https:\\\/\\\/www.eldiario.net\\\/portal\\\/#organization\"},\"image\":{\"@id\":\"https:\\\/\\\/www.eldiario.net\\\/portal\\\/2023\\\/09\\\/02\\\/peru-presente-en-la-reunion-anual-de-etnologia-2023\\\/#primaryimage\"},\"thumbnailUrl\":\"https:\\\/\\\/www.eldiario.net\\\/portal\\\/wp-content\\\/uploads\\\/2023\\\/09\\\/IMG_7976.jpg\",\"articleSection\":[\"Sociales\"],\"inLanguage\":\"es\"},{\"@type\":\"WebPage\",\"@id\":\"https:\\\/\\\/www.eldiario.net\\\/portal\\\/2023\\\/09\\\/02\\\/peru-presente-en-la-reunion-anual-de-etnologia-2023\\\/\",\"url\":\"https:\\\/\\\/www.eldiario.net\\\/portal\\\/2023\\\/09\\\/02\\\/peru-presente-en-la-reunion-anual-de-etnologia-2023\\\/\",\"name\":\"Per\u00fa presente en la Reuni\u00f3n Anual de Etnolog\u00eda 2023 - El Diario - Bolivia\",\"isPartOf\":{\"@id\":\"https:\\\/\\\/www.eldiario.net\\\/portal\\\/#website\"},\"primaryImageOfPage\":{\"@id\":\"https:\\\/\\\/www.eldiario.net\\\/portal\\\/2023\\\/09\\\/02\\\/peru-presente-en-la-reunion-anual-de-etnologia-2023\\\/#primaryimage\"},\"image\":{\"@id\":\"https:\\\/\\\/www.eldiario.net\\\/portal\\\/2023\\\/09\\\/02\\\/peru-presente-en-la-reunion-anual-de-etnologia-2023\\\/#primaryimage\"},\"thumbnailUrl\":\"https:\\\/\\\/www.eldiario.net\\\/portal\\\/wp-content\\\/uploads\\\/2023\\\/09\\\/IMG_7976.jpg\",\"datePublished\":\"2023-09-02T11:07:00+00:00\",\"breadcrumb\":{\"@id\":\"https:\\\/\\\/www.eldiario.net\\\/portal\\\/2023\\\/09\\\/02\\\/peru-presente-en-la-reunion-anual-de-etnologia-2023\\\/#breadcrumb\"},\"inLanguage\":\"es\",\"potentialAction\":[{\"@type\":\"ReadAction\",\"target\":[\"https:\\\/\\\/www.eldiario.net\\\/portal\\\/2023\\\/09\\\/02\\\/peru-presente-en-la-reunion-anual-de-etnologia-2023\\\/\"]}]},{\"@type\":\"ImageObject\",\"inLanguage\":\"es\",\"@id\":\"https:\\\/\\\/www.eldiario.net\\\/portal\\\/2023\\\/09\\\/02\\\/peru-presente-en-la-reunion-anual-de-etnologia-2023\\\/#primaryimage\",\"url\":\"https:\\\/\\\/www.eldiario.net\\\/portal\\\/wp-content\\\/uploads\\\/2023\\\/09\\\/IMG_7976.jpg\",\"contentUrl\":\"https:\\\/\\\/www.eldiario.net\\\/portal\\\/wp-content\\\/uploads\\\/2023\\\/09\\\/IMG_7976.jpg\",\"width\":1000,\"height\":638,\"caption\":\"MIEMBROS DE LA LEGACI\u00d3N PERUANA JUNTO A LA CUADRILLA DE LA ESC. DE DANZA DE LAS TIJERAS PUQUIO- AYACUCHO.\"},{\"@type\":\"BreadcrumbList\",\"@id\":\"https:\\\/\\\/www.eldiario.net\\\/portal\\\/2023\\\/09\\\/02\\\/peru-presente-en-la-reunion-anual-de-etnologia-2023\\\/#breadcrumb\",\"itemListElement\":[{\"@type\":\"ListItem\",\"position\":1,\"name\":\"Portada\",\"item\":\"https:\\\/\\\/www.eldiario.net\\\/portal\\\/\"},{\"@type\":\"ListItem\",\"position\":2,\"name\":\"Per\u00fa presente en la Reuni\u00f3n Anual de Etnolog\u00eda 2023\"}]},{\"@type\":\"WebSite\",\"@id\":\"https:\\\/\\\/www.eldiario.net\\\/portal\\\/#website\",\"url\":\"https:\\\/\\\/www.eldiario.net\\\/portal\\\/\",\"name\":\"El Diario - Decano de la prensa nacional\",\"description\":\"El Diario - Decano de la prensa nacional\",\"publisher\":{\"@id\":\"https:\\\/\\\/www.eldiario.net\\\/portal\\\/#organization\"},\"potentialAction\":[{\"@type\":\"SearchAction\",\"target\":{\"@type\":\"EntryPoint\",\"urlTemplate\":\"https:\\\/\\\/www.eldiario.net\\\/portal\\\/?s={search_term_string}\"},\"query-input\":{\"@type\":\"PropertyValueSpecification\",\"valueRequired\":true,\"valueName\":\"search_term_string\"}}],\"inLanguage\":\"es\"},{\"@type\":\"Organization\",\"@id\":\"https:\\\/\\\/www.eldiario.net\\\/portal\\\/#organization\",\"name\":\"El Diario - Decano de la prensa nacional\",\"url\":\"https:\\\/\\\/www.eldiario.net\\\/portal\\\/\",\"logo\":{\"@type\":\"ImageObject\",\"inLanguage\":\"es\",\"@id\":\"https:\\\/\\\/www.eldiario.net\\\/portal\\\/#\\\/schema\\\/logo\\\/image\\\/\",\"url\":\"https:\\\/\\\/www.eldiario.net\\\/portal\\\/wp-content\\\/uploads\\\/2023\\\/07\\\/logo_ED.jpg\",\"contentUrl\":\"https:\\\/\\\/www.eldiario.net\\\/portal\\\/wp-content\\\/uploads\\\/2023\\\/07\\\/logo_ED.jpg\",\"width\":272,\"height\":52,\"caption\":\"El Diario - Decano de la prensa nacional\"},\"image\":{\"@id\":\"https:\\\/\\\/www.eldiario.net\\\/portal\\\/#\\\/schema\\\/logo\\\/image\\\/\"},\"sameAs\":[\"https:\\\/\\\/www.facebook.com\\\/eldiario.bolivia\\\/\",\"https:\\\/\\\/x.com\\\/eldiario_net\"]},{\"@type\":\"Person\",\"@id\":\"https:\\\/\\\/www.eldiario.net\\\/portal\\\/#\\\/schema\\\/person\\\/2c57cf2b7a7ae032e449e4c9b1019eac\",\"name\":\"Jeanette\",\"image\":{\"@type\":\"ImageObject\",\"inLanguage\":\"es\",\"@id\":\"https:\\\/\\\/secure.gravatar.com\\\/avatar\\\/3ea2118a5f7dad2b7138b1187a6b7ee55f160b9968b66013c3a3ef39dd7e5798?s=96&d=mm&r=g\",\"url\":\"https:\\\/\\\/secure.gravatar.com\\\/avatar\\\/3ea2118a5f7dad2b7138b1187a6b7ee55f160b9968b66013c3a3ef39dd7e5798?s=96&d=mm&r=g\",\"contentUrl\":\"https:\\\/\\\/secure.gravatar.com\\\/avatar\\\/3ea2118a5f7dad2b7138b1187a6b7ee55f160b9968b66013c3a3ef39dd7e5798?s=96&d=mm&r=g\",\"caption\":\"Jeanette\"},\"sameAs\":[\"https:\\\/\\\/www.eldiario.net\\\/portal\"],\"url\":\"https:\\\/\\\/www.eldiario.net\\\/portal\\\/author\\\/jeanette\\\/\"}]}<\/script>\n<!-- \/ Yoast SEO plugin. -->","yoast_head_json":{"title":"Per\u00fa presente en la Reuni\u00f3n Anual de Etnolog\u00eda 2023 - El Diario - Bolivia","robots":{"index":"index","follow":"follow","max-snippet":"max-snippet:-1","max-image-preview":"max-image-preview:large","max-video-preview":"max-video-preview:-1"},"canonical":"https:\/\/www.eldiario.net\/portal\/2023\/09\/02\/peru-presente-en-la-reunion-anual-de-etnologia-2023\/","og_locale":"es_ES","og_type":"article","og_title":"Per\u00fa presente en la Reuni\u00f3n Anual de Etnolog\u00eda 2023 - El Diario - Bolivia","og_description":"La Embajada del Per\u00fa fue parte de la Reuni\u00f3n Anual de Etnolog\u00eda \u2013 RAE 2023, organizada por el Museo Nacional de Etnograf\u00eda y Folklore (Musef), entre el 21 y el 25 de agosto, con una demostraci\u00f3n de la danza de las tijeras. Para la ocasi\u00f3n, lleg\u00f3 a nuestro pa\u00eds una cuadrilla de la Escuela Danza [&hellip;]","og_url":"https:\/\/www.eldiario.net\/portal\/2023\/09\/02\/peru-presente-en-la-reunion-anual-de-etnologia-2023\/","og_site_name":"El Diario - Bolivia","article_publisher":"https:\/\/www.facebook.com\/eldiario.bolivia\/","article_published_time":"2023-09-02T11:07:00+00:00","og_image":[{"width":1000,"height":638,"url":"https:\/\/www.eldiario.net\/portal\/wp-content\/uploads\/2023\/09\/IMG_7976.jpg","type":"image\/jpeg"}],"author":"Jeanette","twitter_card":"summary_large_image","twitter_creator":"@eldiario_net","twitter_site":"@eldiario_net","twitter_misc":{"Escrito por":"Jeanette","Tiempo de lectura":"1 minuto"},"schema":{"@context":"https:\/\/schema.org","@graph":[{"@type":"Article","@id":"https:\/\/www.eldiario.net\/portal\/2023\/09\/02\/peru-presente-en-la-reunion-anual-de-etnologia-2023\/#article","isPartOf":{"@id":"https:\/\/www.eldiario.net\/portal\/2023\/09\/02\/peru-presente-en-la-reunion-anual-de-etnologia-2023\/"},"author":{"name":"Jeanette","@id":"https:\/\/www.eldiario.net\/portal\/#\/schema\/person\/2c57cf2b7a7ae032e449e4c9b1019eac"},"headline":"Per\u00fa presente en la Reuni\u00f3n Anual de Etnolog\u00eda 2023","datePublished":"2023-09-02T11:07:00+00:00","mainEntityOfPage":{"@id":"https:\/\/www.eldiario.net\/portal\/2023\/09\/02\/peru-presente-en-la-reunion-anual-de-etnologia-2023\/"},"wordCount":179,"publisher":{"@id":"https:\/\/www.eldiario.net\/portal\/#organization"},"image":{"@id":"https:\/\/www.eldiario.net\/portal\/2023\/09\/02\/peru-presente-en-la-reunion-anual-de-etnologia-2023\/#primaryimage"},"thumbnailUrl":"https:\/\/www.eldiario.net\/portal\/wp-content\/uploads\/2023\/09\/IMG_7976.jpg","articleSection":["Sociales"],"inLanguage":"es"},{"@type":"WebPage","@id":"https:\/\/www.eldiario.net\/portal\/2023\/09\/02\/peru-presente-en-la-reunion-anual-de-etnologia-2023\/","url":"https:\/\/www.eldiario.net\/portal\/2023\/09\/02\/peru-presente-en-la-reunion-anual-de-etnologia-2023\/","name":"Per\u00fa presente en la Reuni\u00f3n Anual de Etnolog\u00eda 2023 - El Diario - Bolivia","isPartOf":{"@id":"https:\/\/www.eldiario.net\/portal\/#website"},"primaryImageOfPage":{"@id":"https:\/\/www.eldiario.net\/portal\/2023\/09\/02\/peru-presente-en-la-reunion-anual-de-etnologia-2023\/#primaryimage"},"image":{"@id":"https:\/\/www.eldiario.net\/portal\/2023\/09\/02\/peru-presente-en-la-reunion-anual-de-etnologia-2023\/#primaryimage"},"thumbnailUrl":"https:\/\/www.eldiario.net\/portal\/wp-content\/uploads\/2023\/09\/IMG_7976.jpg","datePublished":"2023-09-02T11:07:00+00:00","breadcrumb":{"@id":"https:\/\/www.eldiario.net\/portal\/2023\/09\/02\/peru-presente-en-la-reunion-anual-de-etnologia-2023\/#breadcrumb"},"inLanguage":"es","potentialAction":[{"@type":"ReadAction","target":["https:\/\/www.eldiario.net\/portal\/2023\/09\/02\/peru-presente-en-la-reunion-anual-de-etnologia-2023\/"]}]},{"@type":"ImageObject","inLanguage":"es","@id":"https:\/\/www.eldiario.net\/portal\/2023\/09\/02\/peru-presente-en-la-reunion-anual-de-etnologia-2023\/#primaryimage","url":"https:\/\/www.eldiario.net\/portal\/wp-content\/uploads\/2023\/09\/IMG_7976.jpg","contentUrl":"https:\/\/www.eldiario.net\/portal\/wp-content\/uploads\/2023\/09\/IMG_7976.jpg","width":1000,"height":638,"caption":"MIEMBROS DE LA LEGACI\u00d3N PERUANA JUNTO A LA CUADRILLA DE LA ESC. DE DANZA DE LAS TIJERAS PUQUIO- AYACUCHO."},{"@type":"BreadcrumbList","@id":"https:\/\/www.eldiario.net\/portal\/2023\/09\/02\/peru-presente-en-la-reunion-anual-de-etnologia-2023\/#breadcrumb","itemListElement":[{"@type":"ListItem","position":1,"name":"Portada","item":"https:\/\/www.eldiario.net\/portal\/"},{"@type":"ListItem","position":2,"name":"Per\u00fa presente en la Reuni\u00f3n Anual de Etnolog\u00eda 2023"}]},{"@type":"WebSite","@id":"https:\/\/www.eldiario.net\/portal\/#website","url":"https:\/\/www.eldiario.net\/portal\/","name":"El Diario - Decano de la prensa nacional","description":"El Diario - Decano de la prensa nacional","publisher":{"@id":"https:\/\/www.eldiario.net\/portal\/#organization"},"potentialAction":[{"@type":"SearchAction","target":{"@type":"EntryPoint","urlTemplate":"https:\/\/www.eldiario.net\/portal\/?s={search_term_string}"},"query-input":{"@type":"PropertyValueSpecification","valueRequired":true,"valueName":"search_term_string"}}],"inLanguage":"es"},{"@type":"Organization","@id":"https:\/\/www.eldiario.net\/portal\/#organization","name":"El Diario - Decano de la prensa nacional","url":"https:\/\/www.eldiario.net\/portal\/","logo":{"@type":"ImageObject","inLanguage":"es","@id":"https:\/\/www.eldiario.net\/portal\/#\/schema\/logo\/image\/","url":"https:\/\/www.eldiario.net\/portal\/wp-content\/uploads\/2023\/07\/logo_ED.jpg","contentUrl":"https:\/\/www.eldiario.net\/portal\/wp-content\/uploads\/2023\/07\/logo_ED.jpg","width":272,"height":52,"caption":"El Diario - Decano de la prensa nacional"},"image":{"@id":"https:\/\/www.eldiario.net\/portal\/#\/schema\/logo\/image\/"},"sameAs":["https:\/\/www.facebook.com\/eldiario.bolivia\/","https:\/\/x.com\/eldiario_net"]},{"@type":"Person","@id":"https:\/\/www.eldiario.net\/portal\/#\/schema\/person\/2c57cf2b7a7ae032e449e4c9b1019eac","name":"Jeanette","image":{"@type":"ImageObject","inLanguage":"es","@id":"https:\/\/secure.gravatar.com\/avatar\/3ea2118a5f7dad2b7138b1187a6b7ee55f160b9968b66013c3a3ef39dd7e5798?s=96&d=mm&r=g","url":"https:\/\/secure.gravatar.com\/avatar\/3ea2118a5f7dad2b7138b1187a6b7ee55f160b9968b66013c3a3ef39dd7e5798?s=96&d=mm&r=g","contentUrl":"https:\/\/secure.gravatar.com\/avatar\/3ea2118a5f7dad2b7138b1187a6b7ee55f160b9968b66013c3a3ef39dd7e5798?s=96&d=mm&r=g","caption":"Jeanette"},"sameAs":["https:\/\/www.eldiario.net\/portal"],"url":"https:\/\/www.eldiario.net\/portal\/author\/jeanette\/"}]}},"_links":{"self":[{"href":"https:\/\/www.eldiario.net\/portal\/wp-json\/wp\/v2\/posts\/174429","targetHints":{"allow":["GET"]}}],"collection":[{"href":"https:\/\/www.eldiario.net\/portal\/wp-json\/wp\/v2\/posts"}],"about":[{"href":"https:\/\/www.eldiario.net\/portal\/wp-json\/wp\/v2\/types\/post"}],"author":[{"embeddable":true,"href":"https:\/\/www.eldiario.net\/portal\/wp-json\/wp\/v2\/users\/1"}],"replies":[{"embeddable":true,"href":"https:\/\/www.eldiario.net\/portal\/wp-json\/wp\/v2\/comments?post=174429"}],"version-history":[{"count":0,"href":"https:\/\/www.eldiario.net\/portal\/wp-json\/wp\/v2\/posts\/174429\/revisions"}],"wp:featuredmedia":[{"embeddable":true,"href":"https:\/\/www.eldiario.net\/portal\/wp-json\/wp\/v2\/media\/174430"}],"wp:attachment":[{"href":"https:\/\/www.eldiario.net\/portal\/wp-json\/wp\/v2\/media?parent=174429"}],"wp:term":[{"taxonomy":"category","embeddable":true,"href":"https:\/\/www.eldiario.net\/portal\/wp-json\/wp\/v2\/categories?post=174429"},{"taxonomy":"post_tag","embeddable":true,"href":"https:\/\/www.eldiario.net\/portal\/wp-json\/wp\/v2\/tags?post=174429"}],"curies":[{"name":"wp","href":"https:\/\/api.w.org\/{rel}","templated":true}]}}