{"id":174422,"date":"2023-09-02T07:04:37","date_gmt":"2023-09-02T11:04:37","guid":{"rendered":"https:\/\/www.eldiario.net\/portal\/?p=174422"},"modified":"2023-09-02T07:04:37","modified_gmt":"2023-09-02T11:04:37","slug":"neko-es-simbolo-de-maestranza","status":"publish","type":"post","link":"https:\/\/www.eldiario.net\/portal\/2023\/09\/02\/neko-es-simbolo-de-maestranza\/","title":{"rendered":"&#8216;NEKO&#8217; es s\u00edmbolo de Maestranza"},"content":{"rendered":"<p>Representante de la provincia Ingavi del departamento de La Paz, Uni\u00f3n Maestranza de Viacha fue creado el 6 de agosto de 1922; es uno los pocos clubes centenarios de pa\u00eds y desde entonces representa al bello municipio de Viacha, tradici\u00f3n de los pace\u00f1os.<br \/>\nLa historia comenz\u00f3 por la iniciativa de un grupo de trabajadores de la empresa ferrocarrilera Arica \u2013 La Paz. En 1927, participaron en la segunda divisi\u00f3n del campeonato local, su primer partido fue ante el club Bol\u00edvar con el que igualaron 2-2.<br \/>\nSu surgimiento como club de alta competencia inici\u00f3 en 1956 y en 1980 se clasific\u00f3 campe\u00f3n de Primera \u201cA\u201d de la Asociaci\u00f3n de F\u00fatbol de La Paz (AFLP), venci\u00f3 a Litoral 3 a 1, el encuentro se cumpli\u00f3 en el estadio \u201cLuis Lastra\u201d. Al finalizar la gesti\u00f3n de 1995 descendi\u00f3 a la divisi\u00f3n de Primera \u201cB\u201d. Por Resoluci\u00f3n N\u00b0 5124 de 4 de agosto de 1992, la Secretaria General del Deporte y la Juventud, le confiri\u00f3 la \u201cMedalla de Oro al M\u00e9rito Deportivo\u201d.<br \/>\nEn 2005, el equipo estuvo en la Primera \u201cB\u201d de la AFLP. En 2009, ascendi\u00f3 a Primera \u201cA\u201d y en 2012 se consagr\u00f3 campe\u00f3n en esa divisi\u00f3n cuando faltaban dos fechas para la conclusi\u00f3n del torneo; luego clasific\u00f3 al Campeonato Nacional \u201cB\u201d 2012\/13, donde qued\u00f3 eliminado en la fase de grupos del certamen, sin posibilidad de ascender a la Liga Profesional del F\u00fatbol Boliviano.<br \/>\nEn 2022, al cumplir los cien a\u00f1os, fue reconocido como uno de los clubes deportivos \u00edconos de La Paz, por su antig\u00fcedad y por representar a una regi\u00f3n que es muy futbol\u00edstica en el Departamento. Actualmente participa en el torneo de Primera \u201cA\u201d de la AFLP y tiene muchos seguidores e hinchas que incluso llegan a la Sede de Gobierno desde la localidad de Viacha para brindarle su apoyo.<br \/>\nDefendieron sus colores grandes jugadores y personajes del deporte como el gran Julio Borelli, Alberto Ach\u00e1, M\u00e1ximo Alcocer, Ramiro Quevedo, Ricardo S\u00e1nchez, Juan Nogales, Cipriano Soto, Miguel Burgos, \u00d3scar Arce, entre otros.<br \/>\nSin embrago, uno de los jugadores que se distingui\u00f3 por su regularidad en los torneos y por haber hecho toda su carrera deportiva en este club, es N\u00e9stor Paz,<br \/>\nProveniente de Beni, se desempe\u00f1aba como volante. N\u00e9stor a quien lo llaman cari\u00f1osamente \u201cNeko\u201d, ech\u00f3 ra\u00edces en La Paz y jam\u00e1s dej\u00f3 de estar al lado de la vida institucional de Uni\u00f3n Maestranza.<br \/>\n\u201cUni\u00f3n Maestranza de Viacha es lo m\u00e1s hermoso que me ocurri\u00f3 como futbolista porque en este club cumpl\u00ed mis sue\u00f1os deportivos, logr\u00e9 objetivos personales y laborales incluso. Realmente recuerdo con mucho cari\u00f1o todo lo que medio el club, por eso lo acompa\u00f1o hasta estos d\u00edas\u201d, afirma Neko, al inicio de la entrevista con RETRO F\u00daTBOL.<br \/>\nN\u00e9stor recuerda los a\u00f1os anteriores a su llegada a La Paz, en su natal Reyes, como un tiempo digno de destacar. \u201cTuve una infancia muy feliz. Por entonces hab\u00eda juegos muy interesantes y divertidos para los ni\u00f1os. Tula, Chorro Morro, Pelota Quemada\u2026estas fueron las ra\u00edces para que me inclinara por el deporte\u201d, afirma.<br \/>\nRemarca los partidos \u201cinter-calles\u201d que se jugaban en Reyes. \u201cDaba igual jugar con zapatos o descalzo. Nadie se quejaba, nadie quer\u00eda perder, luego nos met\u00edamos al curichi (laguna) para refrescarnos del tremendo calor, son momentos inolvidables\u201d, afirma.<br \/>\nN\u00e9stor Paz es una persona que hoy, a sus 62 a\u00f1os, jam\u00e1s dej\u00f3 de seguir el f\u00fatbol. Es muy amigable y divertido en sus conversaciones; extremo querend\u00f3n de sus nietos e hijos. Jam\u00e1s deja de apoyar a los amigos, solidario y empedernido cantor de karaoke. Prest\u00f3 muchos a\u00f1os de servicio en la Banca de Bolivia, luego en la Administraci\u00f3n P\u00fablica; confiesa que \u201cen aquel entonces, cuando \u00e9l jugaba, era imposible vivir solo del f\u00fatbol\u201d.<br \/>\nDebut\u00f3 en el a\u00f1o 1980 en el estadio \u201cHernando Siles\u201d en el torneo de Primera \u201cA\u201d de la AFLP en Uni\u00f3n Maestranza, enfrentando al 31 de Octubre. \u201cFue un d\u00eda lleno de emociones para m\u00ed\u201d, rememora.<br \/>\nPaz se siente muy orgulloso porque toda su carrera deportiva la hizo en Maestranza. De 1976 a 1979 en divisiones inferiores. De 1980 a 1991 fue parte del plantel en primera divisi\u00f3n.<br \/>\n\u201cLos momentos deportivos de mi carrera que recuerdo con m\u00e1s cari\u00f1o son los partidos en el estadio Hernando Siles y las an\u00e9cdotas que se desprend\u00edan de esas experiencias. Por ejemplo, me acuerdo de un compa\u00f1ero de equipo, coripate\u00f1o, Francisco Guarama (QEPD), quien con la inocencia de adolescente nos preguntaba: \u00bfC\u00f3mo es jugar en el pasto del Hernando Siles? Y nosotros en broma le dec\u00edamos que debe tomar mucho t\u00f3nico \u2018Toro\u2019 porque el pasto absorb\u00eda la energ\u00eda. Entonces, cuando le toc\u00f3 debutar, fiel a nuestros consejos, se hab\u00eda tomado todo un frasco del vitalizante. Obviamente, tuvo que ir a parar al gabinete m\u00e9dico\u2026es una an\u00e9cdota que siempre la recordamos. Son cosas que ocurren detr\u00e1s de la cancha\u201d, afirma.<br \/>\nPaz permaneci\u00f3 fiel a Uni\u00f3n Maestranza por el cari\u00f1o que le tiene a la camiseta, ya que en varias oportunidades fue tentado por grandes clubes como The Strongest, pero su lazo era tan fuerte, que no quiso dejar de vestir la rojo con negro.<br \/>\nA sus 30 a\u00f1os se retir\u00f3 del f\u00fatbol, porque ya hab\u00eda formado un hogar con Vivian, y ella le dio la noticia que ven\u00eda en camino su primer hijo, Yerko Fabricio.<br \/>\n\u201cLa familia es lo m\u00e1s sagrado, yo dej\u00e9 el f\u00fatbol prematuramente porque ten\u00eda que trabajar en mi otra ocupaci\u00f3n que era la banca y que permit\u00eda captar mayores recursos. Pero jam\u00e1s me retir\u00e9 del todo\u201d, asevera.<br \/>\nPaz dice que antes el f\u00fatbol era muy distinto al de hoy.<br \/>\n\u201cEl f\u00fatbol ha cambiado en muchos aspectos (remarca si todos), antes hab\u00eda mejores partidos, se jugaba con delanteros, punteros derecho y izquierdo, adem\u00e1s que hac\u00edan su trabajo en la cancha\u201d, apunta.<br \/>\nAntes de concluir la entrevista, recomienda a los j\u00f3venes bolivianos que se tracen metas y subraya que tiene el deseo deportivo de que Uni\u00f3n Maestranza de Viacha llegue a la Divisi\u00f3n Profesional.<br \/>\nNeko apresura su paso; tiene una reuni\u00f3n con sus compa\u00f1eros de club. Lanza una risa sonora y con apret\u00f3n de manos, se despide de EL DIARIO.<\/p>\n<blockquote><p>&#8216;Jugar en Maestranza de Viacha es lo m\u00e1s hermoso que me ocurri\u00f3&#8217;<\/p><\/blockquote>\n<p><strong>FICHA<\/strong><br \/>\nN\u00e9stor Miguel Paz Villamor- \u201cNeko\u201d<br \/>\nLugar de nacimiento: Reyes (Beni)<br \/>\nFecha de Nacimiento: 6 de abril de 1961<br \/>\nLugar de radicatoria actual: La Paz<br \/>\nOcupaci\u00f3n actual: Jubilado (banca y funci\u00f3n p\u00fablica)<br \/>\nFamilia: Vivian Huet (esposa), Yerko y Valeria (hijos), Facundo y Leonardo (nietos)<\/p>\n<p><em><strong>GHILKA SANABRIA<\/strong><\/em><\/p>\n<div id='gallery-1' class='gallery galleryid-174422 gallery-columns-3 gallery-size-medium'><figure class='gallery-item'>\n\t\t\t<div class='gallery-icon landscape'>\n\t\t\t\t<a href='https:\/\/www.eldiario.net\/portal\/2023\/09\/02\/neko-es-simbolo-de-maestranza\/foto-1-151\/'><img loading=\"lazy\" decoding=\"async\" width=\"300\" height=\"270\" src=\"https:\/\/www.eldiario.net\/portal\/wp-content\/uploads\/2023\/09\/FOTO-1-e1693652654294-300x270.jpg\" class=\"attachment-medium size-medium\" alt=\"\" aria-describedby=\"gallery-1-174423\" srcset=\"https:\/\/www.eldiario.net\/portal\/wp-content\/uploads\/2023\/09\/FOTO-1-e1693652654294-300x270.jpg 300w, https:\/\/www.eldiario.net\/portal\/wp-content\/uploads\/2023\/09\/FOTO-1-e1693652654294-768x691.jpg 768w, https:\/\/www.eldiario.net\/portal\/wp-content\/uploads\/2023\/09\/FOTO-1-e1693652654294-696x626.jpg 696w, https:\/\/www.eldiario.net\/portal\/wp-content\/uploads\/2023\/09\/FOTO-1-e1693652654294.jpg 1000w\" sizes=\"auto, (max-width: 300px) 100vw, 300px\" \/><\/a>\n\t\t\t<\/div>\n\t\t\t\t<figcaption class='wp-caption-text gallery-caption' id='gallery-1-174423'>\n\t\t\t\t Paz marc\u00f3 \u00e9poca en Maestranza de Viacha\n\t\t\t\t<\/figcaption><\/figure><figure class='gallery-item'>\n\t\t\t<div class='gallery-icon portrait'>\n\t\t\t\t<a href='https:\/\/www.eldiario.net\/portal\/2023\/09\/02\/neko-es-simbolo-de-maestranza\/foto-2-96\/'><img loading=\"lazy\" decoding=\"async\" width=\"225\" height=\"300\" src=\"https:\/\/www.eldiario.net\/portal\/wp-content\/uploads\/2023\/09\/FOTO-2-225x300.jpg\" class=\"attachment-medium size-medium\" alt=\"\" aria-describedby=\"gallery-1-174424\" srcset=\"https:\/\/www.eldiario.net\/portal\/wp-content\/uploads\/2023\/09\/FOTO-2-225x300.jpg 225w, https:\/\/www.eldiario.net\/portal\/wp-content\/uploads\/2023\/09\/FOTO-2-769x1024.jpg 769w, https:\/\/www.eldiario.net\/portal\/wp-content\/uploads\/2023\/09\/FOTO-2-768x1023.jpg 768w, https:\/\/www.eldiario.net\/portal\/wp-content\/uploads\/2023\/09\/FOTO-2-696x927.jpg 696w, https:\/\/www.eldiario.net\/portal\/wp-content\/uploads\/2023\/09\/FOTO-2.jpg 1000w\" sizes=\"auto, (max-width: 225px) 100vw, 225px\" \/><\/a>\n\t\t\t<\/div>\n\t\t\t\t<figcaption class='wp-caption-text gallery-caption' id='gallery-1-174424'>\n\t\t\t\t  N\u00e9stor, Vivi y sus nietos  N\u00e9stor, Vivi y sus nietos\n\t\t\t\t<\/figcaption><\/figure><figure class='gallery-item'>\n\t\t\t<div class='gallery-icon landscape'>\n\t\t\t\t<a href='https:\/\/www.eldiario.net\/portal\/2023\/09\/02\/neko-es-simbolo-de-maestranza\/foto-3-67\/'><img loading=\"lazy\" decoding=\"async\" width=\"300\" height=\"231\" src=\"https:\/\/www.eldiario.net\/portal\/wp-content\/uploads\/2023\/09\/FOTO-3-300x231.jpg\" class=\"attachment-medium size-medium\" alt=\"\" aria-describedby=\"gallery-1-174425\" srcset=\"https:\/\/www.eldiario.net\/portal\/wp-content\/uploads\/2023\/09\/FOTO-3-300x231.jpg 300w, https:\/\/www.eldiario.net\/portal\/wp-content\/uploads\/2023\/09\/FOTO-3-768x591.jpg 768w, https:\/\/www.eldiario.net\/portal\/wp-content\/uploads\/2023\/09\/FOTO-3-696x535.jpg 696w, https:\/\/www.eldiario.net\/portal\/wp-content\/uploads\/2023\/09\/FOTO-3.jpg 1000w\" sizes=\"auto, (max-width: 300px) 100vw, 300px\" \/><\/a>\n\t\t\t<\/div>\n\t\t\t\t<figcaption class='wp-caption-text gallery-caption' id='gallery-1-174425'>\n\t\t\t\t  Con sus hijos Yerko y Valeria\n\t\t\t\t<\/figcaption><\/figure><figure class='gallery-item'>\n\t\t\t<div class='gallery-icon portrait'>\n\t\t\t\t<a href='https:\/\/www.eldiario.net\/portal\/2023\/09\/02\/neko-es-simbolo-de-maestranza\/foto-4-60\/'><img loading=\"lazy\" decoding=\"async\" width=\"225\" height=\"300\" src=\"https:\/\/www.eldiario.net\/portal\/wp-content\/uploads\/2023\/09\/FOTO-4-225x300.jpg\" class=\"attachment-medium size-medium\" alt=\"\" aria-describedby=\"gallery-1-174426\" srcset=\"https:\/\/www.eldiario.net\/portal\/wp-content\/uploads\/2023\/09\/FOTO-4-225x300.jpg 225w, https:\/\/www.eldiario.net\/portal\/wp-content\/uploads\/2023\/09\/FOTO-4-768x1024.jpg 768w, https:\/\/www.eldiario.net\/portal\/wp-content\/uploads\/2023\/09\/FOTO-4-696x928.jpg 696w, https:\/\/www.eldiario.net\/portal\/wp-content\/uploads\/2023\/09\/FOTO-4.jpg 1000w\" sizes=\"auto, (max-width: 225px) 100vw, 225px\" \/><\/a>\n\t\t\t<\/div>\n\t\t\t\t<figcaption class='wp-caption-text gallery-caption' id='gallery-1-174426'>\n\t\t\t\t  En los 100 a\u00f1os de Maestranza con Fernando Costa.\n\t\t\t\t<\/figcaption><\/figure><figure class='gallery-item'>\n\t\t\t<div class='gallery-icon landscape'>\n\t\t\t\t<a href='https:\/\/www.eldiario.net\/portal\/2023\/09\/02\/neko-es-simbolo-de-maestranza\/foto-5-45\/'><img loading=\"lazy\" decoding=\"async\" width=\"300\" height=\"215\" src=\"https:\/\/www.eldiario.net\/portal\/wp-content\/uploads\/2023\/09\/FOTO-5-300x215.jpg\" class=\"attachment-medium size-medium\" alt=\"\" aria-describedby=\"gallery-1-174427\" srcset=\"https:\/\/www.eldiario.net\/portal\/wp-content\/uploads\/2023\/09\/FOTO-5-300x215.jpg 300w, https:\/\/www.eldiario.net\/portal\/wp-content\/uploads\/2023\/09\/FOTO-5-768x551.jpg 768w, https:\/\/www.eldiario.net\/portal\/wp-content\/uploads\/2023\/09\/FOTO-5-696x499.jpg 696w, https:\/\/www.eldiario.net\/portal\/wp-content\/uploads\/2023\/09\/FOTO-5.jpg 1000w\" sizes=\"auto, (max-width: 300px) 100vw, 300px\" \/><\/a>\n\t\t\t<\/div>\n\t\t\t\t<figcaption class='wp-caption-text gallery-caption' id='gallery-1-174427'>\n\t\t\t\t  Maestranza de Viacha.\n\t\t\t\t<\/figcaption><\/figure>\n\t\t<\/div>\n\n","protected":false},"excerpt":{"rendered":"<p>Representante de la provincia Ingavi del departamento de La Paz, Uni\u00f3n Maestranza de Viacha fue creado el 6 de agosto de 1922; es uno los pocos clubes centenarios de pa\u00eds y desde entonces representa al bello municipio de Viacha, tradici\u00f3n de los pace\u00f1os. La historia comenz\u00f3 por la iniciativa de un grupo de trabajadores de [&hellip;]<\/p>\n","protected":false},"author":1,"featured_media":174423,"comment_status":"closed","ping_status":"open","sticky":false,"template":"","format":"standard","meta":{"_acf_changed":false,"footnotes":""},"categories":[6],"tags":[],"class_list":["post-174422","post","type-post","status-publish","format-standard","has-post-thumbnail","category-deportes"],"acf":{"antetitulo":""},"yoast_head":"<!-- This site is optimized with the Yoast SEO plugin v28.4 - https:\/\/yoast.com\/product\/yoast-seo-wordpress\/ -->\n<title>&#039;NEKO&#039; es s\u00edmbolo de Maestranza - El Diario - Bolivia<\/title>\n<meta name=\"robots\" content=\"index, follow, max-snippet:-1, max-image-preview:large, max-video-preview:-1\" \/>\n<link rel=\"canonical\" href=\"https:\/\/www.eldiario.net\/portal\/2023\/09\/02\/neko-es-simbolo-de-maestranza\/\" \/>\n<meta property=\"og:locale\" content=\"es_ES\" \/>\n<meta property=\"og:type\" content=\"article\" \/>\n<meta property=\"og:title\" content=\"&#039;NEKO&#039; es s\u00edmbolo de Maestranza - El Diario - Bolivia\" \/>\n<meta property=\"og:description\" content=\"Representante de la provincia Ingavi del departamento de La Paz, Uni\u00f3n Maestranza de Viacha fue creado el 6 de agosto de 1922; es uno los pocos clubes centenarios de pa\u00eds y desde entonces representa al bello municipio de Viacha, tradici\u00f3n de los pace\u00f1os. La historia comenz\u00f3 por la iniciativa de un grupo de trabajadores de [&hellip;]\" \/>\n<meta property=\"og:url\" content=\"https:\/\/www.eldiario.net\/portal\/2023\/09\/02\/neko-es-simbolo-de-maestranza\/\" \/>\n<meta property=\"og:site_name\" content=\"El Diario - Bolivia\" \/>\n<meta property=\"article:publisher\" content=\"https:\/\/www.facebook.com\/eldiario.bolivia\/\" \/>\n<meta property=\"article:published_time\" content=\"2023-09-02T11:04:37+00:00\" \/>\n<meta property=\"og:image\" content=\"https:\/\/www.eldiario.net\/portal\/wp-content\/uploads\/2023\/09\/FOTO-1-e1693652654294.jpg\" \/>\n\t<meta property=\"og:image:width\" content=\"1000\" \/>\n\t<meta property=\"og:image:height\" content=\"900\" \/>\n\t<meta property=\"og:image:type\" content=\"image\/jpeg\" \/>\n<meta name=\"author\" content=\"Jeanette\" \/>\n<meta name=\"twitter:card\" content=\"summary_large_image\" \/>\n<meta name=\"twitter:creator\" content=\"@eldiario_net\" \/>\n<meta name=\"twitter:site\" content=\"@eldiario_net\" \/>\n<meta name=\"twitter:label1\" content=\"Escrito por\" \/>\n\t<meta name=\"twitter:data1\" content=\"Jeanette\" \/>\n\t<meta name=\"twitter:label2\" content=\"Tiempo de lectura\" \/>\n\t<meta name=\"twitter:data2\" content=\"5 minutos\" \/>\n<script type=\"application\/ld+json\" class=\"yoast-schema-graph\">{\"@context\":\"https:\\\/\\\/schema.org\",\"@graph\":[{\"@type\":\"Article\",\"@id\":\"https:\\\/\\\/www.eldiario.net\\\/portal\\\/2023\\\/09\\\/02\\\/neko-es-simbolo-de-maestranza\\\/#article\",\"isPartOf\":{\"@id\":\"https:\\\/\\\/www.eldiario.net\\\/portal\\\/2023\\\/09\\\/02\\\/neko-es-simbolo-de-maestranza\\\/\"},\"author\":{\"name\":\"Jeanette\",\"@id\":\"https:\\\/\\\/www.eldiario.net\\\/portal\\\/#\\\/schema\\\/person\\\/2c57cf2b7a7ae032e449e4c9b1019eac\"},\"headline\":\"&#8216;NEKO&#8217; es s\u00edmbolo de Maestranza\",\"datePublished\":\"2023-09-02T11:04:37+00:00\",\"mainEntityOfPage\":{\"@id\":\"https:\\\/\\\/www.eldiario.net\\\/portal\\\/2023\\\/09\\\/02\\\/neko-es-simbolo-de-maestranza\\\/\"},\"wordCount\":1155,\"publisher\":{\"@id\":\"https:\\\/\\\/www.eldiario.net\\\/portal\\\/#organization\"},\"image\":{\"@id\":\"https:\\\/\\\/www.eldiario.net\\\/portal\\\/2023\\\/09\\\/02\\\/neko-es-simbolo-de-maestranza\\\/#primaryimage\"},\"thumbnailUrl\":\"https:\\\/\\\/www.eldiario.net\\\/portal\\\/wp-content\\\/uploads\\\/2023\\\/09\\\/FOTO-1-e1693652654294.jpg\",\"articleSection\":[\"Deportes\"],\"inLanguage\":\"es\"},{\"@type\":\"WebPage\",\"@id\":\"https:\\\/\\\/www.eldiario.net\\\/portal\\\/2023\\\/09\\\/02\\\/neko-es-simbolo-de-maestranza\\\/\",\"url\":\"https:\\\/\\\/www.eldiario.net\\\/portal\\\/2023\\\/09\\\/02\\\/neko-es-simbolo-de-maestranza\\\/\",\"name\":\"'NEKO' es s\u00edmbolo de Maestranza - El Diario - Bolivia\",\"isPartOf\":{\"@id\":\"https:\\\/\\\/www.eldiario.net\\\/portal\\\/#website\"},\"primaryImageOfPage\":{\"@id\":\"https:\\\/\\\/www.eldiario.net\\\/portal\\\/2023\\\/09\\\/02\\\/neko-es-simbolo-de-maestranza\\\/#primaryimage\"},\"image\":{\"@id\":\"https:\\\/\\\/www.eldiario.net\\\/portal\\\/2023\\\/09\\\/02\\\/neko-es-simbolo-de-maestranza\\\/#primaryimage\"},\"thumbnailUrl\":\"https:\\\/\\\/www.eldiario.net\\\/portal\\\/wp-content\\\/uploads\\\/2023\\\/09\\\/FOTO-1-e1693652654294.jpg\",\"datePublished\":\"2023-09-02T11:04:37+00:00\",\"breadcrumb\":{\"@id\":\"https:\\\/\\\/www.eldiario.net\\\/portal\\\/2023\\\/09\\\/02\\\/neko-es-simbolo-de-maestranza\\\/#breadcrumb\"},\"inLanguage\":\"es\",\"potentialAction\":[{\"@type\":\"ReadAction\",\"target\":[\"https:\\\/\\\/www.eldiario.net\\\/portal\\\/2023\\\/09\\\/02\\\/neko-es-simbolo-de-maestranza\\\/\"]}]},{\"@type\":\"ImageObject\",\"inLanguage\":\"es\",\"@id\":\"https:\\\/\\\/www.eldiario.net\\\/portal\\\/2023\\\/09\\\/02\\\/neko-es-simbolo-de-maestranza\\\/#primaryimage\",\"url\":\"https:\\\/\\\/www.eldiario.net\\\/portal\\\/wp-content\\\/uploads\\\/2023\\\/09\\\/FOTO-1-e1693652654294.jpg\",\"contentUrl\":\"https:\\\/\\\/www.eldiario.net\\\/portal\\\/wp-content\\\/uploads\\\/2023\\\/09\\\/FOTO-1-e1693652654294.jpg\",\"width\":1000,\"height\":900,\"caption\":\"Paz marc\u00f3 \u00e9poca en Maestranza de Viacha\"},{\"@type\":\"BreadcrumbList\",\"@id\":\"https:\\\/\\\/www.eldiario.net\\\/portal\\\/2023\\\/09\\\/02\\\/neko-es-simbolo-de-maestranza\\\/#breadcrumb\",\"itemListElement\":[{\"@type\":\"ListItem\",\"position\":1,\"name\":\"Portada\",\"item\":\"https:\\\/\\\/www.eldiario.net\\\/portal\\\/\"},{\"@type\":\"ListItem\",\"position\":2,\"name\":\"&#8216;NEKO&#8217; es s\u00edmbolo de Maestranza\"}]},{\"@type\":\"WebSite\",\"@id\":\"https:\\\/\\\/www.eldiario.net\\\/portal\\\/#website\",\"url\":\"https:\\\/\\\/www.eldiario.net\\\/portal\\\/\",\"name\":\"El Diario - Decano de la prensa nacional\",\"description\":\"El Diario - Decano de la prensa nacional\",\"publisher\":{\"@id\":\"https:\\\/\\\/www.eldiario.net\\\/portal\\\/#organization\"},\"potentialAction\":[{\"@type\":\"SearchAction\",\"target\":{\"@type\":\"EntryPoint\",\"urlTemplate\":\"https:\\\/\\\/www.eldiario.net\\\/portal\\\/?s={search_term_string}\"},\"query-input\":{\"@type\":\"PropertyValueSpecification\",\"valueRequired\":true,\"valueName\":\"search_term_string\"}}],\"inLanguage\":\"es\"},{\"@type\":\"Organization\",\"@id\":\"https:\\\/\\\/www.eldiario.net\\\/portal\\\/#organization\",\"name\":\"El Diario - Decano de la prensa nacional\",\"url\":\"https:\\\/\\\/www.eldiario.net\\\/portal\\\/\",\"logo\":{\"@type\":\"ImageObject\",\"inLanguage\":\"es\",\"@id\":\"https:\\\/\\\/www.eldiario.net\\\/portal\\\/#\\\/schema\\\/logo\\\/image\\\/\",\"url\":\"https:\\\/\\\/www.eldiario.net\\\/portal\\\/wp-content\\\/uploads\\\/2023\\\/07\\\/logo_ED.jpg\",\"contentUrl\":\"https:\\\/\\\/www.eldiario.net\\\/portal\\\/wp-content\\\/uploads\\\/2023\\\/07\\\/logo_ED.jpg\",\"width\":272,\"height\":52,\"caption\":\"El Diario - Decano de la prensa nacional\"},\"image\":{\"@id\":\"https:\\\/\\\/www.eldiario.net\\\/portal\\\/#\\\/schema\\\/logo\\\/image\\\/\"},\"sameAs\":[\"https:\\\/\\\/www.facebook.com\\\/eldiario.bolivia\\\/\",\"https:\\\/\\\/x.com\\\/eldiario_net\"]},{\"@type\":\"Person\",\"@id\":\"https:\\\/\\\/www.eldiario.net\\\/portal\\\/#\\\/schema\\\/person\\\/2c57cf2b7a7ae032e449e4c9b1019eac\",\"name\":\"Jeanette\",\"image\":{\"@type\":\"ImageObject\",\"inLanguage\":\"es\",\"@id\":\"https:\\\/\\\/secure.gravatar.com\\\/avatar\\\/3ea2118a5f7dad2b7138b1187a6b7ee55f160b9968b66013c3a3ef39dd7e5798?s=96&d=mm&r=g\",\"url\":\"https:\\\/\\\/secure.gravatar.com\\\/avatar\\\/3ea2118a5f7dad2b7138b1187a6b7ee55f160b9968b66013c3a3ef39dd7e5798?s=96&d=mm&r=g\",\"contentUrl\":\"https:\\\/\\\/secure.gravatar.com\\\/avatar\\\/3ea2118a5f7dad2b7138b1187a6b7ee55f160b9968b66013c3a3ef39dd7e5798?s=96&d=mm&r=g\",\"caption\":\"Jeanette\"},\"sameAs\":[\"https:\\\/\\\/www.eldiario.net\\\/portal\"],\"url\":\"https:\\\/\\\/www.eldiario.net\\\/portal\\\/author\\\/jeanette\\\/\"}]}<\/script>\n<!-- \/ Yoast SEO plugin. -->","yoast_head_json":{"title":"'NEKO' es s\u00edmbolo de Maestranza - El Diario - Bolivia","robots":{"index":"index","follow":"follow","max-snippet":"max-snippet:-1","max-image-preview":"max-image-preview:large","max-video-preview":"max-video-preview:-1"},"canonical":"https:\/\/www.eldiario.net\/portal\/2023\/09\/02\/neko-es-simbolo-de-maestranza\/","og_locale":"es_ES","og_type":"article","og_title":"'NEKO' es s\u00edmbolo de Maestranza - El Diario - Bolivia","og_description":"Representante de la provincia Ingavi del departamento de La Paz, Uni\u00f3n Maestranza de Viacha fue creado el 6 de agosto de 1922; es uno los pocos clubes centenarios de pa\u00eds y desde entonces representa al bello municipio de Viacha, tradici\u00f3n de los pace\u00f1os. La historia comenz\u00f3 por la iniciativa de un grupo de trabajadores de [&hellip;]","og_url":"https:\/\/www.eldiario.net\/portal\/2023\/09\/02\/neko-es-simbolo-de-maestranza\/","og_site_name":"El Diario - Bolivia","article_publisher":"https:\/\/www.facebook.com\/eldiario.bolivia\/","article_published_time":"2023-09-02T11:04:37+00:00","og_image":[{"width":1000,"height":900,"url":"https:\/\/www.eldiario.net\/portal\/wp-content\/uploads\/2023\/09\/FOTO-1-e1693652654294.jpg","type":"image\/jpeg"}],"author":"Jeanette","twitter_card":"summary_large_image","twitter_creator":"@eldiario_net","twitter_site":"@eldiario_net","twitter_misc":{"Escrito por":"Jeanette","Tiempo de lectura":"5 minutos"},"schema":{"@context":"https:\/\/schema.org","@graph":[{"@type":"Article","@id":"https:\/\/www.eldiario.net\/portal\/2023\/09\/02\/neko-es-simbolo-de-maestranza\/#article","isPartOf":{"@id":"https:\/\/www.eldiario.net\/portal\/2023\/09\/02\/neko-es-simbolo-de-maestranza\/"},"author":{"name":"Jeanette","@id":"https:\/\/www.eldiario.net\/portal\/#\/schema\/person\/2c57cf2b7a7ae032e449e4c9b1019eac"},"headline":"&#8216;NEKO&#8217; es s\u00edmbolo de Maestranza","datePublished":"2023-09-02T11:04:37+00:00","mainEntityOfPage":{"@id":"https:\/\/www.eldiario.net\/portal\/2023\/09\/02\/neko-es-simbolo-de-maestranza\/"},"wordCount":1155,"publisher":{"@id":"https:\/\/www.eldiario.net\/portal\/#organization"},"image":{"@id":"https:\/\/www.eldiario.net\/portal\/2023\/09\/02\/neko-es-simbolo-de-maestranza\/#primaryimage"},"thumbnailUrl":"https:\/\/www.eldiario.net\/portal\/wp-content\/uploads\/2023\/09\/FOTO-1-e1693652654294.jpg","articleSection":["Deportes"],"inLanguage":"es"},{"@type":"WebPage","@id":"https:\/\/www.eldiario.net\/portal\/2023\/09\/02\/neko-es-simbolo-de-maestranza\/","url":"https:\/\/www.eldiario.net\/portal\/2023\/09\/02\/neko-es-simbolo-de-maestranza\/","name":"'NEKO' es s\u00edmbolo de Maestranza - El Diario - Bolivia","isPartOf":{"@id":"https:\/\/www.eldiario.net\/portal\/#website"},"primaryImageOfPage":{"@id":"https:\/\/www.eldiario.net\/portal\/2023\/09\/02\/neko-es-simbolo-de-maestranza\/#primaryimage"},"image":{"@id":"https:\/\/www.eldiario.net\/portal\/2023\/09\/02\/neko-es-simbolo-de-maestranza\/#primaryimage"},"thumbnailUrl":"https:\/\/www.eldiario.net\/portal\/wp-content\/uploads\/2023\/09\/FOTO-1-e1693652654294.jpg","datePublished":"2023-09-02T11:04:37+00:00","breadcrumb":{"@id":"https:\/\/www.eldiario.net\/portal\/2023\/09\/02\/neko-es-simbolo-de-maestranza\/#breadcrumb"},"inLanguage":"es","potentialAction":[{"@type":"ReadAction","target":["https:\/\/www.eldiario.net\/portal\/2023\/09\/02\/neko-es-simbolo-de-maestranza\/"]}]},{"@type":"ImageObject","inLanguage":"es","@id":"https:\/\/www.eldiario.net\/portal\/2023\/09\/02\/neko-es-simbolo-de-maestranza\/#primaryimage","url":"https:\/\/www.eldiario.net\/portal\/wp-content\/uploads\/2023\/09\/FOTO-1-e1693652654294.jpg","contentUrl":"https:\/\/www.eldiario.net\/portal\/wp-content\/uploads\/2023\/09\/FOTO-1-e1693652654294.jpg","width":1000,"height":900,"caption":"Paz marc\u00f3 \u00e9poca en Maestranza de Viacha"},{"@type":"BreadcrumbList","@id":"https:\/\/www.eldiario.net\/portal\/2023\/09\/02\/neko-es-simbolo-de-maestranza\/#breadcrumb","itemListElement":[{"@type":"ListItem","position":1,"name":"Portada","item":"https:\/\/www.eldiario.net\/portal\/"},{"@type":"ListItem","position":2,"name":"&#8216;NEKO&#8217; es s\u00edmbolo de Maestranza"}]},{"@type":"WebSite","@id":"https:\/\/www.eldiario.net\/portal\/#website","url":"https:\/\/www.eldiario.net\/portal\/","name":"El Diario - Decano de la prensa nacional","description":"El Diario - Decano de la prensa nacional","publisher":{"@id":"https:\/\/www.eldiario.net\/portal\/#organization"},"potentialAction":[{"@type":"SearchAction","target":{"@type":"EntryPoint","urlTemplate":"https:\/\/www.eldiario.net\/portal\/?s={search_term_string}"},"query-input":{"@type":"PropertyValueSpecification","valueRequired":true,"valueName":"search_term_string"}}],"inLanguage":"es"},{"@type":"Organization","@id":"https:\/\/www.eldiario.net\/portal\/#organization","name":"El Diario - Decano de la prensa nacional","url":"https:\/\/www.eldiario.net\/portal\/","logo":{"@type":"ImageObject","inLanguage":"es","@id":"https:\/\/www.eldiario.net\/portal\/#\/schema\/logo\/image\/","url":"https:\/\/www.eldiario.net\/portal\/wp-content\/uploads\/2023\/07\/logo_ED.jpg","contentUrl":"https:\/\/www.eldiario.net\/portal\/wp-content\/uploads\/2023\/07\/logo_ED.jpg","width":272,"height":52,"caption":"El Diario - Decano de la prensa nacional"},"image":{"@id":"https:\/\/www.eldiario.net\/portal\/#\/schema\/logo\/image\/"},"sameAs":["https:\/\/www.facebook.com\/eldiario.bolivia\/","https:\/\/x.com\/eldiario_net"]},{"@type":"Person","@id":"https:\/\/www.eldiario.net\/portal\/#\/schema\/person\/2c57cf2b7a7ae032e449e4c9b1019eac","name":"Jeanette","image":{"@type":"ImageObject","inLanguage":"es","@id":"https:\/\/secure.gravatar.com\/avatar\/3ea2118a5f7dad2b7138b1187a6b7ee55f160b9968b66013c3a3ef39dd7e5798?s=96&d=mm&r=g","url":"https:\/\/secure.gravatar.com\/avatar\/3ea2118a5f7dad2b7138b1187a6b7ee55f160b9968b66013c3a3ef39dd7e5798?s=96&d=mm&r=g","contentUrl":"https:\/\/secure.gravatar.com\/avatar\/3ea2118a5f7dad2b7138b1187a6b7ee55f160b9968b66013c3a3ef39dd7e5798?s=96&d=mm&r=g","caption":"Jeanette"},"sameAs":["https:\/\/www.eldiario.net\/portal"],"url":"https:\/\/www.eldiario.net\/portal\/author\/jeanette\/"}]}},"_links":{"self":[{"href":"https:\/\/www.eldiario.net\/portal\/wp-json\/wp\/v2\/posts\/174422","targetHints":{"allow":["GET"]}}],"collection":[{"href":"https:\/\/www.eldiario.net\/portal\/wp-json\/wp\/v2\/posts"}],"about":[{"href":"https:\/\/www.eldiario.net\/portal\/wp-json\/wp\/v2\/types\/post"}],"author":[{"embeddable":true,"href":"https:\/\/www.eldiario.net\/portal\/wp-json\/wp\/v2\/users\/1"}],"replies":[{"embeddable":true,"href":"https:\/\/www.eldiario.net\/portal\/wp-json\/wp\/v2\/comments?post=174422"}],"version-history":[{"count":0,"href":"https:\/\/www.eldiario.net\/portal\/wp-json\/wp\/v2\/posts\/174422\/revisions"}],"wp:featuredmedia":[{"embeddable":true,"href":"https:\/\/www.eldiario.net\/portal\/wp-json\/wp\/v2\/media\/174423"}],"wp:attachment":[{"href":"https:\/\/www.eldiario.net\/portal\/wp-json\/wp\/v2\/media?parent=174422"}],"wp:term":[{"taxonomy":"category","embeddable":true,"href":"https:\/\/www.eldiario.net\/portal\/wp-json\/wp\/v2\/categories?post=174422"},{"taxonomy":"post_tag","embeddable":true,"href":"https:\/\/www.eldiario.net\/portal\/wp-json\/wp\/v2\/tags?post=174422"}],"curies":[{"name":"wp","href":"https:\/\/api.w.org\/{rel}","templated":true}]}}