{"id":173884,"date":"2023-08-30T07:10:31","date_gmt":"2023-08-30T11:10:31","guid":{"rendered":"https:\/\/www.eldiario.net\/portal\/?p=173884"},"modified":"2023-08-30T07:10:31","modified_gmt":"2023-08-30T11:10:31","slug":"marcia-franco-que-digan-que-soy-polemica-o-lo-que-quieran-pero-de-buen-corazon","status":"publish","type":"post","link":"https:\/\/www.eldiario.net\/portal\/2023\/08\/30\/marcia-franco-que-digan-que-soy-polemica-o-lo-que-quieran-pero-de-buen-corazon\/","title":{"rendered":"MARCIA FRANCO \u201cQue digan que soy pol\u00e9mica o lo  que quieran, pero de buen coraz\u00f3n\u201d"},"content":{"rendered":"<p><strong>Nombre:<\/strong> Marcia Eliana Franco Ayala.<\/p>\n<p><strong>Fecha y lugar de nacimiento:<\/strong> 4 marzo en Asunci\u00f3n, Paraguay.<\/p>\n<p><strong>Estudios:<\/strong> Estoy terminando la carrera de comercio internacional.<\/p>\n<p><strong>Estado civil:<\/strong> Soltera\u2026 vivo con mi pareja (Daniel N\u00fa\u00f1ez), pero no soy casada.<\/p>\n<p><strong>\u00bfA qu\u00e9 te dedicas hoy?:<\/strong> Estoy trabajando en una obra de teatro, terminando mi carrera, soy mam\u00e1, soy influencer, trabajo con muchas marcas y tambi\u00e9n me encargo de la orquesta que tenemos con mi esposo (\u2026).<\/p>\n<p>&nbsp;<\/p>\n<p>&nbsp;<\/p>\n<p><strong>LG: \u00bfQu\u00e9 es lo que el p\u00fablico no sabe de ti?<\/strong><\/p>\n<p>M: Que soy extremadamente hogare\u00f1a y tranquila (sonr\u00ede), una cosa es lo que ven en un reality y otra es la realidad. Para m\u00ed el trabajo que me dan lo cumplo al cien por ciento, o sea me dan un personaje que tengo que interpretarlo en una obra de teatro o en un reality y lo hago al cien por ciento. Trabajo tan bien, que se quedan con ese personaje, pero la gente no sabe que Marcia Franco es una persona extremadamente hogare\u00f1a. Te cuento que no conozco discotecas en La Paz, ya vivo desde el a\u00f1o 2018\u2026 no soy de salir mucho, no tomo, no fumo\u2026 prefiero mi casa, un lugar tranquilo para ir a cenar e ir m\u00e1s al campo.<\/p>\n<p><strong>LG: \u00bfCu\u00e1l es tu mayor virtud?<\/strong><\/p>\n<p>M: La paciencia\u2026 soy muy paciente.<\/p>\n<p><strong>LG: Y \u00bftu peor defecto?<\/strong><\/p>\n<p>M: A veces cuando exploto, exploto mal, o sea, soy muy paciente, muy buena y solidaria, pero cuando me hacen enojar, ay Dios m\u00edo\u2026 me enojo tan feo que digo cosas hirientes a la persona.<\/p>\n<p><strong>LG: Si volvieras a nacer, \u00bfqu\u00e9 cambiar\u00edas de tu vida?<\/strong><\/p>\n<p>M: Nada cambiar\u00eda porque de todo lo que fui pasando y viviendo, aprend\u00ed bastante. Y Dios siempre sabe por qu\u00e9 pasan las cosas\u2026 lo hace para que uno se vuelva m\u00e1s fuerte y aprenda.<\/p>\n<p><strong>LG: \u00bfQu\u00e9 es lo mejor que han dicho de ti?<\/strong><\/p>\n<p>M: Tantas cosas dicen (sonr\u00ede). Si bien en el (reality) <em>Bailando<\/em> me conoc\u00edan como bastante pol\u00e9mica, ahora dicen que soy una excelente mam\u00e1, mi hijita tiene cuatro a\u00f1os y nadie puede creer que, siendo modelo, trabajando en la televisi\u00f3n, a m\u00ed siempre me ven con mi hija. Tambi\u00e9n dicen que soy muy linda, que me cuido (sonr\u00ede) y muchas cosas.<\/p>\n<p><strong>LG: \u00bfQu\u00e9 haces en tu tiempo libre?<\/strong><\/p>\n<p>M: Entreno, tengo que entrenar, hacer alg\u00fan tipo de ejercicio, s\u00ed o s\u00ed.<\/p>\n<p><strong>LG: \u00bfCon qu\u00e9 animal te identificas?<\/strong><\/p>\n<p>M: Con el le\u00f3n guaran\u00ed porque soy de esas personas que voy a defender a mi familia, a mi mam\u00e1, mis hermanos, a mi hija. Para m\u00ed al le\u00f3n siempre lo ven como un animal de caza, pero siempre defiende a su familia y yo me veo as\u00ed, una leona guaran\u00ed (sonr\u00ede).<\/p>\n<p><strong>LG: \u00bfUna frustraci\u00f3n?<\/strong><\/p>\n<p>M: Trato de sobresalir ante todo tipo de frustraciones, sea familiar, econ\u00f3mico. S\u00ed tuve frustraciones, he puesto un negocio en mi pa\u00eds y no me ha salido bien por apresurarme o no pensarlo bien\u2026 Pero eso me ha ayudado bastante a madurar y seguir creciendo.<\/p>\n<p><strong>LG: \u00bfUn sue\u00f1o realizado?<\/strong><\/p>\n<p>M: Siempre so\u00f1\u00e9 con viajar, ir a vivir en otros pa\u00edses, ser mam\u00e1 de una ni\u00f1a y fui cumpliendo mis metas\u2026 pero tengo m\u00e1s sue\u00f1os por cumplir todav\u00eda, nunca terminan.<\/p>\n<p><strong>LG: \u00bfC\u00f3mo te gustar\u00eda que te recuerden?<\/strong><\/p>\n<p>M: Como una mujer fuerte, pero a la vez tambi\u00e9n con un coraz\u00f3n enorme y sensible porque soy s\u00faper llorona. Alg\u00fan d\u00eda quisiera tener una fundaci\u00f3n para ni\u00f1os, eso lo pens\u00e9 porque siempre me pasan cosas con mi hija que ya con 4 a\u00f1os es extremadamente emp\u00e1tica y solidaria\u2026 Que digan que soy pol\u00e9mica o lo que quieran, pero del buen coraz\u00f3n que tengo, eso quiero que siempre recuerden.<\/p>\n<p><strong>LG: Si tuvieras una varita m\u00e1gica, \u00bfqu\u00e9 har\u00edas?<\/strong><\/p>\n<p>M: Como dec\u00eda, abrir\u00eda una fundaci\u00f3n para ni\u00f1os y adultos con c\u00e1ncer porque mi mam\u00e1 tiene c\u00e1ncer, ese es mi sue\u00f1o\u2026 y una fundaci\u00f3n para animales, para los perritos, porque mi hija los ama mucho.<\/p>\n<p><strong>LG: \u00bfUna pesadilla?<\/strong><\/p>\n<p>M: Que me falte alg\u00fan d\u00eda mi mam\u00e1 o mis hermanos, o yo faltarle a mi hija el d\u00eda de ma\u00f1ana. Cuando no era mam\u00e1, no lo pensaba as\u00ed, pero hoy lo m\u00e1s importante es la familia.<\/p>\n<p><strong>LG: \u00bfQui\u00e9n es hoy Marcia Franco?<\/strong><\/p>\n<p>M: Una mujer que ha aprendido y madurado bastante\u2026 una mujer que hoy se ha entregado bastante a Dios. Antes como que estaba en la far\u00e1ndula y no lo pon\u00eda en primer lugar a Dios. Hoy soy una mujer que pone en primer lugar a Dios y entrego a Dios todo, mi familia, mi trabajo, mi hija. Entonces soy una mujer que ha crecido su fe en Dios.<\/p>\n<p><strong>LG: \u00bfQu\u00e9 te dio tu trabajo en el modelaje, en la tv y en la radio?<\/strong><\/p>\n<p>M: Me ha dado cosas buenas y malas a la vez. He conocido a mucha gente y tambi\u00e9n a mi pareja, que me ha dado una hermosa hija, que hoy es la luz de mis ojos.<\/p>\n<p><strong>LG: \u00bfQu\u00e9 destacas de tu participaci\u00f3n en la obra Dr. Petinato Grandan Terapeuta sexual?<\/strong><\/p>\n<p>M: Ya hice dos obras de teatro en Paraguay, pero con esta obra he aprendido bastante y agradezco a Marka Registrada Bolivia y al Chato Linares y a su esposa Tatiana por darme esta oportunidad tan grande, ya que estoy haciendo un personaje protag\u00f3nico. Es lindo trabajar en una obra de teatro cien por ciento nacional, escrita por Iv\u00e1n Cornejo y dirigida por Marka Registrada Bolivia. Estoy aprendiendo much\u00edsimo y me he dado cuenta que quiero seguir en la actuaci\u00f3n y seguir creciendo.<\/p>\n<p><strong>LG: De no estar en el modelaje, \u00bfa qu\u00e9 te dedicar\u00edas?<\/strong><\/p>\n<p>M: A mi carrera\u2026 he trabajado en Paraguay en la C\u00e1mara de Senadores, en la C\u00e1mara de Diputados y no hubiera estado en los medios sin el modelaje, porque fue el paso que me abri\u00f3 a todo. Iba a estar en la pol\u00edtica, tal vez iba a estar como concejal de mi ciudad, de la ciudad de mi mam\u00e1\u2026. Lo he pensado, si en alg\u00fan momento en mi vida vuelvo a Paraguay, voy a trabajar en mi carrera y en la pol\u00edtica.<\/p>\n<p><strong>LG: \u00bfQu\u00e9 representa para ti tu familia?<\/strong><\/p>\n<p>M: Todo. He aprendido bastante en estos a\u00f1os, antes trabajaba y despu\u00e9s iba a ver a mi mama, pero hoy me he dado cuenta que la familia es lo primordial, que dinero, trabajo se encuentran en cualquier pa\u00eds o esquina, por decirlo, pero la familia es una sola. Y la familia hay que respetarla, hay que cuidarla, porque eso s\u00ed, no se la compra ni con dinero. As\u00ed que para m\u00ed todo es mi familia.<\/p>\n<p><strong>LG: \u00bfA qui\u00e9nes desear\u00edas abrazar en este momento?<\/strong><\/p>\n<p>M: Me vas a hacer llorar. A mi abuela y a mi abuelo. Son las dos personas que extra\u00f1o bastante, que ya no est\u00e1n, porque mi abuela falleci\u00f3 en octubre del 2022. Justo me estaba preparando para ir a verla en diciembre, pero se me adelant\u00f3 en octubre, entonces me qued\u00e9 con ese abrazo que quer\u00eda dar a mi abuela, pero s\u00e9 que desde el cielo siempre me est\u00e1 cuidando. Lo mismo me pas\u00f3 con mi abuelo, \u00e9l falleci\u00f3 cuando estaba en la universidad.<\/p>\n<div id='gallery-1' class='gallery galleryid-173884 gallery-columns-3 gallery-size-medium'><figure class='gallery-item'>\n\t\t\t<div class='gallery-icon portrait'>\n\t\t\t\t<a href='https:\/\/www.eldiario.net\/portal\/2023\/08\/30\/marcia-franco-que-digan-que-soy-polemica-o-lo-que-quieran-pero-de-buen-corazon\/marcia-3\/'><img loading=\"lazy\" decoding=\"async\" width=\"162\" height=\"300\" src=\"https:\/\/www.eldiario.net\/portal\/wp-content\/uploads\/2023\/08\/marcia-3-162x300.jpeg\" class=\"attachment-medium size-medium\" alt=\"\" srcset=\"https:\/\/www.eldiario.net\/portal\/wp-content\/uploads\/2023\/08\/marcia-3-162x300.jpeg 162w, https:\/\/www.eldiario.net\/portal\/wp-content\/uploads\/2023\/08\/marcia-3-554x1024.jpeg 554w, https:\/\/www.eldiario.net\/portal\/wp-content\/uploads\/2023\/08\/marcia-3.jpeg 693w\" sizes=\"auto, (max-width: 162px) 100vw, 162px\" \/><\/a>\n\t\t\t<\/div><\/figure><figure class='gallery-item'>\n\t\t\t<div class='gallery-icon portrait'>\n\t\t\t\t<a href='https:\/\/www.eldiario.net\/portal\/2023\/08\/30\/marcia-franco-que-digan-que-soy-polemica-o-lo-que-quieran-pero-de-buen-corazon\/marcia-4\/'><img loading=\"lazy\" decoding=\"async\" width=\"169\" height=\"300\" src=\"https:\/\/www.eldiario.net\/portal\/wp-content\/uploads\/2023\/08\/marcia-4-169x300.jpeg\" class=\"attachment-medium size-medium\" alt=\"\" srcset=\"https:\/\/www.eldiario.net\/portal\/wp-content\/uploads\/2023\/08\/marcia-4-169x300.jpeg 169w, https:\/\/www.eldiario.net\/portal\/wp-content\/uploads\/2023\/08\/marcia-4-576x1024.jpeg 576w, https:\/\/www.eldiario.net\/portal\/wp-content\/uploads\/2023\/08\/marcia-4-696x1237.jpeg 696w, https:\/\/www.eldiario.net\/portal\/wp-content\/uploads\/2023\/08\/marcia-4.jpeg 720w\" sizes=\"auto, (max-width: 169px) 100vw, 169px\" \/><\/a>\n\t\t\t<\/div><\/figure><figure class='gallery-item'>\n\t\t\t<div class='gallery-icon portrait'>\n\t\t\t\t<a href='https:\/\/www.eldiario.net\/portal\/2023\/08\/30\/marcia-franco-que-digan-que-soy-polemica-o-lo-que-quieran-pero-de-buen-corazon\/marcia-5\/'><img loading=\"lazy\" decoding=\"async\" width=\"135\" height=\"300\" src=\"https:\/\/www.eldiario.net\/portal\/wp-content\/uploads\/2023\/08\/marcia-5-135x300.jpeg\" class=\"attachment-medium size-medium\" alt=\"\" srcset=\"https:\/\/www.eldiario.net\/portal\/wp-content\/uploads\/2023\/08\/marcia-5-135x300.jpeg 135w, https:\/\/www.eldiario.net\/portal\/wp-content\/uploads\/2023\/08\/marcia-5-462x1024.jpeg 462w, https:\/\/www.eldiario.net\/portal\/wp-content\/uploads\/2023\/08\/marcia-5.jpeg 577w\" sizes=\"auto, (max-width: 135px) 100vw, 135px\" \/><\/a>\n\t\t\t<\/div><\/figure><figure class='gallery-item'>\n\t\t\t<div class='gallery-icon portrait'>\n\t\t\t\t<a href='https:\/\/www.eldiario.net\/portal\/2023\/08\/30\/marcia-franco-que-digan-que-soy-polemica-o-lo-que-quieran-pero-de-buen-corazon\/marcia-6\/'><img loading=\"lazy\" decoding=\"async\" width=\"167\" height=\"300\" src=\"https:\/\/www.eldiario.net\/portal\/wp-content\/uploads\/2023\/08\/marcia-6-167x300.jpeg\" class=\"attachment-medium size-medium\" alt=\"\" srcset=\"https:\/\/www.eldiario.net\/portal\/wp-content\/uploads\/2023\/08\/marcia-6-167x300.jpeg 167w, https:\/\/www.eldiario.net\/portal\/wp-content\/uploads\/2023\/08\/marcia-6-570x1024.jpeg 570w, https:\/\/www.eldiario.net\/portal\/wp-content\/uploads\/2023\/08\/marcia-6-696x1249.jpeg 696w, https:\/\/www.eldiario.net\/portal\/wp-content\/uploads\/2023\/08\/marcia-6.jpeg 713w\" sizes=\"auto, (max-width: 167px) 100vw, 167px\" \/><\/a>\n\t\t\t<\/div><\/figure><figure class='gallery-item'>\n\t\t\t<div class='gallery-icon portrait'>\n\t\t\t\t<a href='https:\/\/www.eldiario.net\/portal\/2023\/08\/30\/marcia-franco-que-digan-que-soy-polemica-o-lo-que-quieran-pero-de-buen-corazon\/marcia-7\/'><img loading=\"lazy\" decoding=\"async\" width=\"169\" height=\"300\" src=\"https:\/\/www.eldiario.net\/portal\/wp-content\/uploads\/2023\/08\/marcia-7-169x300.jpeg\" class=\"attachment-medium size-medium\" alt=\"\" srcset=\"https:\/\/www.eldiario.net\/portal\/wp-content\/uploads\/2023\/08\/marcia-7-169x300.jpeg 169w, https:\/\/www.eldiario.net\/portal\/wp-content\/uploads\/2023\/08\/marcia-7-576x1024.jpeg 576w, https:\/\/www.eldiario.net\/portal\/wp-content\/uploads\/2023\/08\/marcia-7-768x1365.jpeg 768w, https:\/\/www.eldiario.net\/portal\/wp-content\/uploads\/2023\/08\/marcia-7-864x1536.jpeg 864w, https:\/\/www.eldiario.net\/portal\/wp-content\/uploads\/2023\/08\/marcia-7-696x1237.jpeg 696w, https:\/\/www.eldiario.net\/portal\/wp-content\/uploads\/2023\/08\/marcia-7.jpeg 900w\" sizes=\"auto, (max-width: 169px) 100vw, 169px\" \/><\/a>\n\t\t\t<\/div><\/figure><figure class='gallery-item'>\n\t\t\t<div class='gallery-icon portrait'>\n\t\t\t\t<a href='https:\/\/www.eldiario.net\/portal\/2023\/08\/30\/marcia-franco-que-digan-que-soy-polemica-o-lo-que-quieran-pero-de-buen-corazon\/marcia-8\/'><img loading=\"lazy\" decoding=\"async\" width=\"225\" height=\"300\" src=\"https:\/\/www.eldiario.net\/portal\/wp-content\/uploads\/2023\/08\/marcia-8-225x300.jpeg\" class=\"attachment-medium size-medium\" alt=\"\" srcset=\"https:\/\/www.eldiario.net\/portal\/wp-content\/uploads\/2023\/08\/marcia-8-225x300.jpeg 225w, https:\/\/www.eldiario.net\/portal\/wp-content\/uploads\/2023\/08\/marcia-8-768x1024.jpeg 768w, https:\/\/www.eldiario.net\/portal\/wp-content\/uploads\/2023\/08\/marcia-8-696x928.jpeg 696w, https:\/\/www.eldiario.net\/portal\/wp-content\/uploads\/2023\/08\/marcia-8.jpeg 960w\" sizes=\"auto, (max-width: 225px) 100vw, 225px\" \/><\/a>\n\t\t\t<\/div><\/figure><figure class='gallery-item'>\n\t\t\t<div class='gallery-icon landscape'>\n\t\t\t\t<a href='https:\/\/www.eldiario.net\/portal\/2023\/08\/30\/marcia-franco-que-digan-que-soy-polemica-o-lo-que-quieran-pero-de-buen-corazon\/marcia-1-principal\/'><img loading=\"lazy\" decoding=\"async\" width=\"300\" height=\"153\" src=\"https:\/\/www.eldiario.net\/portal\/wp-content\/uploads\/2023\/08\/marcia-1-PRINCIPAL-300x153.jpg\" class=\"attachment-medium size-medium\" alt=\"\" srcset=\"https:\/\/www.eldiario.net\/portal\/wp-content\/uploads\/2023\/08\/marcia-1-PRINCIPAL-300x153.jpg 300w, https:\/\/www.eldiario.net\/portal\/wp-content\/uploads\/2023\/08\/marcia-1-PRINCIPAL-1024x523.jpg 1024w, https:\/\/www.eldiario.net\/portal\/wp-content\/uploads\/2023\/08\/marcia-1-PRINCIPAL-768x392.jpg 768w, https:\/\/www.eldiario.net\/portal\/wp-content\/uploads\/2023\/08\/marcia-1-PRINCIPAL-1536x784.jpg 1536w, https:\/\/www.eldiario.net\/portal\/wp-content\/uploads\/2023\/08\/marcia-1-PRINCIPAL-696x355.jpg 696w, https:\/\/www.eldiario.net\/portal\/wp-content\/uploads\/2023\/08\/marcia-1-PRINCIPAL-1068x545.jpg 1068w, https:\/\/www.eldiario.net\/portal\/wp-content\/uploads\/2023\/08\/marcia-1-PRINCIPAL.jpg 1638w\" sizes=\"auto, (max-width: 300px) 100vw, 300px\" \/><\/a>\n\t\t\t<\/div><\/figure>\n\t\t<\/div>\n\n<p>&nbsp;<\/p>\n","protected":false},"excerpt":{"rendered":"<p>Nombre: Marcia Eliana Franco Ayala. Fecha y lugar de nacimiento: 4 marzo en Asunci\u00f3n, Paraguay. Estudios: Estoy terminando la carrera de comercio internacional. Estado civil: Soltera\u2026 vivo con mi pareja (Daniel N\u00fa\u00f1ez), pero no soy casada. \u00bfA qu\u00e9 te dedicas hoy?: Estoy trabajando en una obra de teatro, terminando mi carrera, soy mam\u00e1, soy influencer, [&hellip;]<\/p>\n","protected":false},"author":1,"featured_media":173885,"comment_status":"closed","ping_status":"open","sticky":false,"template":"","format":"standard","meta":{"_acf_changed":false,"footnotes":""},"categories":[41],"tags":[],"class_list":["post-173884","post","type-post","status-publish","format-standard","has-post-thumbnail","category-la-guia"],"acf":{"antetitulo":""},"yoast_head":"<!-- This site is optimized with the Yoast SEO plugin v28.4 - https:\/\/yoast.com\/product\/yoast-seo-wordpress\/ -->\n<title>MARCIA FRANCO \u201cQue digan que soy pol\u00e9mica o lo que quieran, pero de buen coraz\u00f3n\u201d - El Diario - Bolivia<\/title>\n<meta name=\"robots\" content=\"index, follow, max-snippet:-1, max-image-preview:large, max-video-preview:-1\" \/>\n<link rel=\"canonical\" href=\"https:\/\/www.eldiario.net\/portal\/2023\/08\/30\/marcia-franco-que-digan-que-soy-polemica-o-lo-que-quieran-pero-de-buen-corazon\/\" \/>\n<meta property=\"og:locale\" content=\"es_ES\" \/>\n<meta property=\"og:type\" content=\"article\" \/>\n<meta property=\"og:title\" content=\"MARCIA FRANCO \u201cQue digan que soy pol\u00e9mica o lo que quieran, pero de buen coraz\u00f3n\u201d - El Diario - Bolivia\" \/>\n<meta property=\"og:description\" content=\"Nombre: Marcia Eliana Franco Ayala. Fecha y lugar de nacimiento: 4 marzo en Asunci\u00f3n, Paraguay. Estudios: Estoy terminando la carrera de comercio internacional. Estado civil: Soltera\u2026 vivo con mi pareja (Daniel N\u00fa\u00f1ez), pero no soy casada. \u00bfA qu\u00e9 te dedicas hoy?: Estoy trabajando en una obra de teatro, terminando mi carrera, soy mam\u00e1, soy influencer, [&hellip;]\" \/>\n<meta property=\"og:url\" content=\"https:\/\/www.eldiario.net\/portal\/2023\/08\/30\/marcia-franco-que-digan-que-soy-polemica-o-lo-que-quieran-pero-de-buen-corazon\/\" \/>\n<meta property=\"og:site_name\" content=\"El Diario - Bolivia\" \/>\n<meta property=\"article:publisher\" content=\"https:\/\/www.facebook.com\/eldiario.bolivia\/\" \/>\n<meta property=\"article:published_time\" content=\"2023-08-30T11:10:31+00:00\" \/>\n<meta property=\"og:image\" content=\"https:\/\/www.eldiario.net\/portal\/wp-content\/uploads\/2023\/08\/marcia-1-PRINCIPAL.jpg\" \/>\n\t<meta property=\"og:image:width\" content=\"1638\" \/>\n\t<meta property=\"og:image:height\" content=\"836\" \/>\n\t<meta property=\"og:image:type\" content=\"image\/jpeg\" \/>\n<meta name=\"author\" content=\"Jeanette\" \/>\n<meta name=\"twitter:card\" content=\"summary_large_image\" \/>\n<meta name=\"twitter:creator\" content=\"@eldiario_net\" \/>\n<meta name=\"twitter:site\" content=\"@eldiario_net\" \/>\n<meta name=\"twitter:label1\" content=\"Escrito por\" \/>\n\t<meta name=\"twitter:data1\" content=\"Jeanette\" \/>\n\t<meta name=\"twitter:label2\" content=\"Tiempo de lectura\" \/>\n\t<meta name=\"twitter:data2\" content=\"6 minutos\" \/>\n<script type=\"application\/ld+json\" class=\"yoast-schema-graph\">{\"@context\":\"https:\\\/\\\/schema.org\",\"@graph\":[{\"@type\":\"Article\",\"@id\":\"https:\\\/\\\/www.eldiario.net\\\/portal\\\/2023\\\/08\\\/30\\\/marcia-franco-que-digan-que-soy-polemica-o-lo-que-quieran-pero-de-buen-corazon\\\/#article\",\"isPartOf\":{\"@id\":\"https:\\\/\\\/www.eldiario.net\\\/portal\\\/2023\\\/08\\\/30\\\/marcia-franco-que-digan-que-soy-polemica-o-lo-que-quieran-pero-de-buen-corazon\\\/\"},\"author\":{\"name\":\"Jeanette\",\"@id\":\"https:\\\/\\\/www.eldiario.net\\\/portal\\\/#\\\/schema\\\/person\\\/2c57cf2b7a7ae032e449e4c9b1019eac\"},\"headline\":\"MARCIA FRANCO \u201cQue digan que soy pol\u00e9mica o lo que quieran, pero de buen coraz\u00f3n\u201d\",\"datePublished\":\"2023-08-30T11:10:31+00:00\",\"mainEntityOfPage\":{\"@id\":\"https:\\\/\\\/www.eldiario.net\\\/portal\\\/2023\\\/08\\\/30\\\/marcia-franco-que-digan-que-soy-polemica-o-lo-que-quieran-pero-de-buen-corazon\\\/\"},\"wordCount\":1284,\"publisher\":{\"@id\":\"https:\\\/\\\/www.eldiario.net\\\/portal\\\/#organization\"},\"image\":{\"@id\":\"https:\\\/\\\/www.eldiario.net\\\/portal\\\/2023\\\/08\\\/30\\\/marcia-franco-que-digan-que-soy-polemica-o-lo-que-quieran-pero-de-buen-corazon\\\/#primaryimage\"},\"thumbnailUrl\":\"https:\\\/\\\/www.eldiario.net\\\/portal\\\/wp-content\\\/uploads\\\/2023\\\/08\\\/marcia-1-PRINCIPAL.jpg\",\"articleSection\":[\"La Gu\u00eda\"],\"inLanguage\":\"es\"},{\"@type\":\"WebPage\",\"@id\":\"https:\\\/\\\/www.eldiario.net\\\/portal\\\/2023\\\/08\\\/30\\\/marcia-franco-que-digan-que-soy-polemica-o-lo-que-quieran-pero-de-buen-corazon\\\/\",\"url\":\"https:\\\/\\\/www.eldiario.net\\\/portal\\\/2023\\\/08\\\/30\\\/marcia-franco-que-digan-que-soy-polemica-o-lo-que-quieran-pero-de-buen-corazon\\\/\",\"name\":\"MARCIA FRANCO \u201cQue digan que soy pol\u00e9mica o lo que quieran, pero de buen coraz\u00f3n\u201d - El Diario - Bolivia\",\"isPartOf\":{\"@id\":\"https:\\\/\\\/www.eldiario.net\\\/portal\\\/#website\"},\"primaryImageOfPage\":{\"@id\":\"https:\\\/\\\/www.eldiario.net\\\/portal\\\/2023\\\/08\\\/30\\\/marcia-franco-que-digan-que-soy-polemica-o-lo-que-quieran-pero-de-buen-corazon\\\/#primaryimage\"},\"image\":{\"@id\":\"https:\\\/\\\/www.eldiario.net\\\/portal\\\/2023\\\/08\\\/30\\\/marcia-franco-que-digan-que-soy-polemica-o-lo-que-quieran-pero-de-buen-corazon\\\/#primaryimage\"},\"thumbnailUrl\":\"https:\\\/\\\/www.eldiario.net\\\/portal\\\/wp-content\\\/uploads\\\/2023\\\/08\\\/marcia-1-PRINCIPAL.jpg\",\"datePublished\":\"2023-08-30T11:10:31+00:00\",\"breadcrumb\":{\"@id\":\"https:\\\/\\\/www.eldiario.net\\\/portal\\\/2023\\\/08\\\/30\\\/marcia-franco-que-digan-que-soy-polemica-o-lo-que-quieran-pero-de-buen-corazon\\\/#breadcrumb\"},\"inLanguage\":\"es\",\"potentialAction\":[{\"@type\":\"ReadAction\",\"target\":[\"https:\\\/\\\/www.eldiario.net\\\/portal\\\/2023\\\/08\\\/30\\\/marcia-franco-que-digan-que-soy-polemica-o-lo-que-quieran-pero-de-buen-corazon\\\/\"]}]},{\"@type\":\"ImageObject\",\"inLanguage\":\"es\",\"@id\":\"https:\\\/\\\/www.eldiario.net\\\/portal\\\/2023\\\/08\\\/30\\\/marcia-franco-que-digan-que-soy-polemica-o-lo-que-quieran-pero-de-buen-corazon\\\/#primaryimage\",\"url\":\"https:\\\/\\\/www.eldiario.net\\\/portal\\\/wp-content\\\/uploads\\\/2023\\\/08\\\/marcia-1-PRINCIPAL.jpg\",\"contentUrl\":\"https:\\\/\\\/www.eldiario.net\\\/portal\\\/wp-content\\\/uploads\\\/2023\\\/08\\\/marcia-1-PRINCIPAL.jpg\",\"width\":1638,\"height\":836},{\"@type\":\"BreadcrumbList\",\"@id\":\"https:\\\/\\\/www.eldiario.net\\\/portal\\\/2023\\\/08\\\/30\\\/marcia-franco-que-digan-que-soy-polemica-o-lo-que-quieran-pero-de-buen-corazon\\\/#breadcrumb\",\"itemListElement\":[{\"@type\":\"ListItem\",\"position\":1,\"name\":\"Portada\",\"item\":\"https:\\\/\\\/www.eldiario.net\\\/portal\\\/\"},{\"@type\":\"ListItem\",\"position\":2,\"name\":\"MARCIA FRANCO \u201cQue digan que soy pol\u00e9mica o lo que quieran, pero de buen coraz\u00f3n\u201d\"}]},{\"@type\":\"WebSite\",\"@id\":\"https:\\\/\\\/www.eldiario.net\\\/portal\\\/#website\",\"url\":\"https:\\\/\\\/www.eldiario.net\\\/portal\\\/\",\"name\":\"El Diario - Decano de la prensa nacional\",\"description\":\"El Diario - Decano de la prensa nacional\",\"publisher\":{\"@id\":\"https:\\\/\\\/www.eldiario.net\\\/portal\\\/#organization\"},\"potentialAction\":[{\"@type\":\"SearchAction\",\"target\":{\"@type\":\"EntryPoint\",\"urlTemplate\":\"https:\\\/\\\/www.eldiario.net\\\/portal\\\/?s={search_term_string}\"},\"query-input\":{\"@type\":\"PropertyValueSpecification\",\"valueRequired\":true,\"valueName\":\"search_term_string\"}}],\"inLanguage\":\"es\"},{\"@type\":\"Organization\",\"@id\":\"https:\\\/\\\/www.eldiario.net\\\/portal\\\/#organization\",\"name\":\"El Diario - Decano de la prensa nacional\",\"url\":\"https:\\\/\\\/www.eldiario.net\\\/portal\\\/\",\"logo\":{\"@type\":\"ImageObject\",\"inLanguage\":\"es\",\"@id\":\"https:\\\/\\\/www.eldiario.net\\\/portal\\\/#\\\/schema\\\/logo\\\/image\\\/\",\"url\":\"https:\\\/\\\/www.eldiario.net\\\/portal\\\/wp-content\\\/uploads\\\/2023\\\/07\\\/logo_ED.jpg\",\"contentUrl\":\"https:\\\/\\\/www.eldiario.net\\\/portal\\\/wp-content\\\/uploads\\\/2023\\\/07\\\/logo_ED.jpg\",\"width\":272,\"height\":52,\"caption\":\"El Diario - Decano de la prensa nacional\"},\"image\":{\"@id\":\"https:\\\/\\\/www.eldiario.net\\\/portal\\\/#\\\/schema\\\/logo\\\/image\\\/\"},\"sameAs\":[\"https:\\\/\\\/www.facebook.com\\\/eldiario.bolivia\\\/\",\"https:\\\/\\\/x.com\\\/eldiario_net\"]},{\"@type\":\"Person\",\"@id\":\"https:\\\/\\\/www.eldiario.net\\\/portal\\\/#\\\/schema\\\/person\\\/2c57cf2b7a7ae032e449e4c9b1019eac\",\"name\":\"Jeanette\",\"image\":{\"@type\":\"ImageObject\",\"inLanguage\":\"es\",\"@id\":\"https:\\\/\\\/secure.gravatar.com\\\/avatar\\\/3ea2118a5f7dad2b7138b1187a6b7ee55f160b9968b66013c3a3ef39dd7e5798?s=96&d=mm&r=g\",\"url\":\"https:\\\/\\\/secure.gravatar.com\\\/avatar\\\/3ea2118a5f7dad2b7138b1187a6b7ee55f160b9968b66013c3a3ef39dd7e5798?s=96&d=mm&r=g\",\"contentUrl\":\"https:\\\/\\\/secure.gravatar.com\\\/avatar\\\/3ea2118a5f7dad2b7138b1187a6b7ee55f160b9968b66013c3a3ef39dd7e5798?s=96&d=mm&r=g\",\"caption\":\"Jeanette\"},\"sameAs\":[\"https:\\\/\\\/www.eldiario.net\\\/portal\"],\"url\":\"https:\\\/\\\/www.eldiario.net\\\/portal\\\/author\\\/jeanette\\\/\"}]}<\/script>\n<!-- \/ Yoast SEO plugin. -->","yoast_head_json":{"title":"MARCIA FRANCO \u201cQue digan que soy pol\u00e9mica o lo que quieran, pero de buen coraz\u00f3n\u201d - El Diario - Bolivia","robots":{"index":"index","follow":"follow","max-snippet":"max-snippet:-1","max-image-preview":"max-image-preview:large","max-video-preview":"max-video-preview:-1"},"canonical":"https:\/\/www.eldiario.net\/portal\/2023\/08\/30\/marcia-franco-que-digan-que-soy-polemica-o-lo-que-quieran-pero-de-buen-corazon\/","og_locale":"es_ES","og_type":"article","og_title":"MARCIA FRANCO \u201cQue digan que soy pol\u00e9mica o lo que quieran, pero de buen coraz\u00f3n\u201d - El Diario - Bolivia","og_description":"Nombre: Marcia Eliana Franco Ayala. Fecha y lugar de nacimiento: 4 marzo en Asunci\u00f3n, Paraguay. Estudios: Estoy terminando la carrera de comercio internacional. Estado civil: Soltera\u2026 vivo con mi pareja (Daniel N\u00fa\u00f1ez), pero no soy casada. \u00bfA qu\u00e9 te dedicas hoy?: Estoy trabajando en una obra de teatro, terminando mi carrera, soy mam\u00e1, soy influencer, [&hellip;]","og_url":"https:\/\/www.eldiario.net\/portal\/2023\/08\/30\/marcia-franco-que-digan-que-soy-polemica-o-lo-que-quieran-pero-de-buen-corazon\/","og_site_name":"El Diario - Bolivia","article_publisher":"https:\/\/www.facebook.com\/eldiario.bolivia\/","article_published_time":"2023-08-30T11:10:31+00:00","og_image":[{"width":1638,"height":836,"url":"https:\/\/www.eldiario.net\/portal\/wp-content\/uploads\/2023\/08\/marcia-1-PRINCIPAL.jpg","type":"image\/jpeg"}],"author":"Jeanette","twitter_card":"summary_large_image","twitter_creator":"@eldiario_net","twitter_site":"@eldiario_net","twitter_misc":{"Escrito por":"Jeanette","Tiempo de lectura":"6 minutos"},"schema":{"@context":"https:\/\/schema.org","@graph":[{"@type":"Article","@id":"https:\/\/www.eldiario.net\/portal\/2023\/08\/30\/marcia-franco-que-digan-que-soy-polemica-o-lo-que-quieran-pero-de-buen-corazon\/#article","isPartOf":{"@id":"https:\/\/www.eldiario.net\/portal\/2023\/08\/30\/marcia-franco-que-digan-que-soy-polemica-o-lo-que-quieran-pero-de-buen-corazon\/"},"author":{"name":"Jeanette","@id":"https:\/\/www.eldiario.net\/portal\/#\/schema\/person\/2c57cf2b7a7ae032e449e4c9b1019eac"},"headline":"MARCIA FRANCO \u201cQue digan que soy pol\u00e9mica o lo que quieran, pero de buen coraz\u00f3n\u201d","datePublished":"2023-08-30T11:10:31+00:00","mainEntityOfPage":{"@id":"https:\/\/www.eldiario.net\/portal\/2023\/08\/30\/marcia-franco-que-digan-que-soy-polemica-o-lo-que-quieran-pero-de-buen-corazon\/"},"wordCount":1284,"publisher":{"@id":"https:\/\/www.eldiario.net\/portal\/#organization"},"image":{"@id":"https:\/\/www.eldiario.net\/portal\/2023\/08\/30\/marcia-franco-que-digan-que-soy-polemica-o-lo-que-quieran-pero-de-buen-corazon\/#primaryimage"},"thumbnailUrl":"https:\/\/www.eldiario.net\/portal\/wp-content\/uploads\/2023\/08\/marcia-1-PRINCIPAL.jpg","articleSection":["La Gu\u00eda"],"inLanguage":"es"},{"@type":"WebPage","@id":"https:\/\/www.eldiario.net\/portal\/2023\/08\/30\/marcia-franco-que-digan-que-soy-polemica-o-lo-que-quieran-pero-de-buen-corazon\/","url":"https:\/\/www.eldiario.net\/portal\/2023\/08\/30\/marcia-franco-que-digan-que-soy-polemica-o-lo-que-quieran-pero-de-buen-corazon\/","name":"MARCIA FRANCO \u201cQue digan que soy pol\u00e9mica o lo que quieran, pero de buen coraz\u00f3n\u201d - El Diario - Bolivia","isPartOf":{"@id":"https:\/\/www.eldiario.net\/portal\/#website"},"primaryImageOfPage":{"@id":"https:\/\/www.eldiario.net\/portal\/2023\/08\/30\/marcia-franco-que-digan-que-soy-polemica-o-lo-que-quieran-pero-de-buen-corazon\/#primaryimage"},"image":{"@id":"https:\/\/www.eldiario.net\/portal\/2023\/08\/30\/marcia-franco-que-digan-que-soy-polemica-o-lo-que-quieran-pero-de-buen-corazon\/#primaryimage"},"thumbnailUrl":"https:\/\/www.eldiario.net\/portal\/wp-content\/uploads\/2023\/08\/marcia-1-PRINCIPAL.jpg","datePublished":"2023-08-30T11:10:31+00:00","breadcrumb":{"@id":"https:\/\/www.eldiario.net\/portal\/2023\/08\/30\/marcia-franco-que-digan-que-soy-polemica-o-lo-que-quieran-pero-de-buen-corazon\/#breadcrumb"},"inLanguage":"es","potentialAction":[{"@type":"ReadAction","target":["https:\/\/www.eldiario.net\/portal\/2023\/08\/30\/marcia-franco-que-digan-que-soy-polemica-o-lo-que-quieran-pero-de-buen-corazon\/"]}]},{"@type":"ImageObject","inLanguage":"es","@id":"https:\/\/www.eldiario.net\/portal\/2023\/08\/30\/marcia-franco-que-digan-que-soy-polemica-o-lo-que-quieran-pero-de-buen-corazon\/#primaryimage","url":"https:\/\/www.eldiario.net\/portal\/wp-content\/uploads\/2023\/08\/marcia-1-PRINCIPAL.jpg","contentUrl":"https:\/\/www.eldiario.net\/portal\/wp-content\/uploads\/2023\/08\/marcia-1-PRINCIPAL.jpg","width":1638,"height":836},{"@type":"BreadcrumbList","@id":"https:\/\/www.eldiario.net\/portal\/2023\/08\/30\/marcia-franco-que-digan-que-soy-polemica-o-lo-que-quieran-pero-de-buen-corazon\/#breadcrumb","itemListElement":[{"@type":"ListItem","position":1,"name":"Portada","item":"https:\/\/www.eldiario.net\/portal\/"},{"@type":"ListItem","position":2,"name":"MARCIA FRANCO \u201cQue digan que soy pol\u00e9mica o lo que quieran, pero de buen coraz\u00f3n\u201d"}]},{"@type":"WebSite","@id":"https:\/\/www.eldiario.net\/portal\/#website","url":"https:\/\/www.eldiario.net\/portal\/","name":"El Diario - Decano de la prensa nacional","description":"El Diario - Decano de la prensa nacional","publisher":{"@id":"https:\/\/www.eldiario.net\/portal\/#organization"},"potentialAction":[{"@type":"SearchAction","target":{"@type":"EntryPoint","urlTemplate":"https:\/\/www.eldiario.net\/portal\/?s={search_term_string}"},"query-input":{"@type":"PropertyValueSpecification","valueRequired":true,"valueName":"search_term_string"}}],"inLanguage":"es"},{"@type":"Organization","@id":"https:\/\/www.eldiario.net\/portal\/#organization","name":"El Diario - Decano de la prensa nacional","url":"https:\/\/www.eldiario.net\/portal\/","logo":{"@type":"ImageObject","inLanguage":"es","@id":"https:\/\/www.eldiario.net\/portal\/#\/schema\/logo\/image\/","url":"https:\/\/www.eldiario.net\/portal\/wp-content\/uploads\/2023\/07\/logo_ED.jpg","contentUrl":"https:\/\/www.eldiario.net\/portal\/wp-content\/uploads\/2023\/07\/logo_ED.jpg","width":272,"height":52,"caption":"El Diario - Decano de la prensa nacional"},"image":{"@id":"https:\/\/www.eldiario.net\/portal\/#\/schema\/logo\/image\/"},"sameAs":["https:\/\/www.facebook.com\/eldiario.bolivia\/","https:\/\/x.com\/eldiario_net"]},{"@type":"Person","@id":"https:\/\/www.eldiario.net\/portal\/#\/schema\/person\/2c57cf2b7a7ae032e449e4c9b1019eac","name":"Jeanette","image":{"@type":"ImageObject","inLanguage":"es","@id":"https:\/\/secure.gravatar.com\/avatar\/3ea2118a5f7dad2b7138b1187a6b7ee55f160b9968b66013c3a3ef39dd7e5798?s=96&d=mm&r=g","url":"https:\/\/secure.gravatar.com\/avatar\/3ea2118a5f7dad2b7138b1187a6b7ee55f160b9968b66013c3a3ef39dd7e5798?s=96&d=mm&r=g","contentUrl":"https:\/\/secure.gravatar.com\/avatar\/3ea2118a5f7dad2b7138b1187a6b7ee55f160b9968b66013c3a3ef39dd7e5798?s=96&d=mm&r=g","caption":"Jeanette"},"sameAs":["https:\/\/www.eldiario.net\/portal"],"url":"https:\/\/www.eldiario.net\/portal\/author\/jeanette\/"}]}},"_links":{"self":[{"href":"https:\/\/www.eldiario.net\/portal\/wp-json\/wp\/v2\/posts\/173884","targetHints":{"allow":["GET"]}}],"collection":[{"href":"https:\/\/www.eldiario.net\/portal\/wp-json\/wp\/v2\/posts"}],"about":[{"href":"https:\/\/www.eldiario.net\/portal\/wp-json\/wp\/v2\/types\/post"}],"author":[{"embeddable":true,"href":"https:\/\/www.eldiario.net\/portal\/wp-json\/wp\/v2\/users\/1"}],"replies":[{"embeddable":true,"href":"https:\/\/www.eldiario.net\/portal\/wp-json\/wp\/v2\/comments?post=173884"}],"version-history":[{"count":0,"href":"https:\/\/www.eldiario.net\/portal\/wp-json\/wp\/v2\/posts\/173884\/revisions"}],"wp:featuredmedia":[{"embeddable":true,"href":"https:\/\/www.eldiario.net\/portal\/wp-json\/wp\/v2\/media\/173885"}],"wp:attachment":[{"href":"https:\/\/www.eldiario.net\/portal\/wp-json\/wp\/v2\/media?parent=173884"}],"wp:term":[{"taxonomy":"category","embeddable":true,"href":"https:\/\/www.eldiario.net\/portal\/wp-json\/wp\/v2\/categories?post=173884"},{"taxonomy":"post_tag","embeddable":true,"href":"https:\/\/www.eldiario.net\/portal\/wp-json\/wp\/v2\/tags?post=173884"}],"curies":[{"name":"wp","href":"https:\/\/api.w.org\/{rel}","templated":true}]}}