{"id":173716,"date":"2023-08-29T06:57:35","date_gmt":"2023-08-29T10:57:35","guid":{"rendered":"https:\/\/www.eldiario.net\/portal\/?p=173716"},"modified":"2023-08-29T06:57:35","modified_gmt":"2023-08-29T10:57:35","slug":"futbol-femenino-suecia-alcanza-un-historico-primer-puesto","status":"publish","type":"post","link":"https:\/\/www.eldiario.net\/portal\/2023\/08\/29\/futbol-femenino-suecia-alcanza-un-historico-primer-puesto\/","title":{"rendered":"F\u00fatbol Femenino: Suecia alcanza un hist\u00f3rico primer puesto"},"content":{"rendered":"<p>La novena edici\u00f3n de la Copa Mundial Femenina de la FIFA concluy\u00f3 con el triunfo hist\u00f3rico de Espa\u00f1a, que ha visto recompensado su primer t\u00edtulo mundial con un espectacular ascenso en la Clasificaci\u00f3n Mundial Femenina FIFA.<\/p>\n<p>Las campeonas del mundo podr\u00edan incluso haberse hecho con el primer puesto de no haber dejado escapar 35 puntos por su contundente derrota (4-0) contra Jap\u00f3n en su \u00faltimo partido de la fase de grupos.<\/p>\n<p>Por tanto, Suecia sube a lo m\u00e1s alto del podio por primera vez en su historia y destrona a Estados Unidos \u00a0que cay\u00f3 eliminada en octavos de final. Las escandinavas supieron resarcirse de su derrota en semifinales y se impusieron a Australia en el partido por el tercer puesto.<\/p>\n<p>Precisamente, la coanfitriona paga su derrota en la pugna por el bronce con la salida de los diez primeros puestos, \u00fanico caso en la presente edici\u00f3n de la clasificaci\u00f3n de la FIFA. Por su parte, la cuartofinalista Jap\u00f3n recorre el camino inverso y recupera su puesto entre las diez mejores.<\/p>\n<p>Entre los dem\u00e1s movimientos en los diez primeros puestos, cabe destacar la subida de Pa\u00edses Bajos y el descalabro de Alemania, que por primera vez en la historia qued\u00f3 eliminada en la fase de grupos. Canad\u00e1 tambi\u00e9n paga el precio de su eliminaci\u00f3n prematura.<\/p>\n<p>Marruecos, una de las revelaciones de la competici\u00f3n al clasificarse para la fase de eliminaci\u00f3n directa en su primera participaci\u00f3n en la gran cita mundialista, es tambi\u00e9n protagonista de la clasificaci\u00f3n, en la que registra la mayor subida.<\/p>\n<p>Las otras tres selecciones africanas participantes han visto igualmente recompensada su gran actuaci\u00f3n: Sud\u00e1frica y Nigeria superaron la fase de grupos, mientras que Zambia registra la mejor posici\u00f3n de su historia. <strong>(FIFA) <\/strong><\/p>\n","protected":false},"excerpt":{"rendered":"<p>La novena edici\u00f3n de la Copa Mundial Femenina de la FIFA concluy\u00f3 con el triunfo hist\u00f3rico de Espa\u00f1a, que ha visto recompensado su primer t\u00edtulo mundial con un espectacular ascenso en la Clasificaci\u00f3n Mundial Femenina FIFA. Las campeonas del mundo podr\u00edan incluso haberse hecho con el primer puesto de no haber dejado escapar 35 puntos [&hellip;]<\/p>\n","protected":false},"author":1,"featured_media":173717,"comment_status":"closed","ping_status":"open","sticky":false,"template":"","format":"standard","meta":{"_acf_changed":false,"footnotes":""},"categories":[6],"tags":[],"class_list":["post-173716","post","type-post","status-publish","format-standard","has-post-thumbnail","category-deportes"],"acf":{"antetitulo":""},"yoast_head":"<!-- This site is optimized with the Yoast SEO plugin v28.4 - https:\/\/yoast.com\/product\/yoast-seo-wordpress\/ -->\n<title>F\u00fatbol Femenino: Suecia alcanza un hist\u00f3rico primer puesto - El Diario - Bolivia<\/title>\n<meta name=\"robots\" content=\"index, follow, max-snippet:-1, max-image-preview:large, max-video-preview:-1\" \/>\n<link rel=\"canonical\" href=\"https:\/\/www.eldiario.net\/portal\/2023\/08\/29\/futbol-femenino-suecia-alcanza-un-historico-primer-puesto\/\" \/>\n<meta property=\"og:locale\" content=\"es_ES\" \/>\n<meta property=\"og:type\" content=\"article\" \/>\n<meta property=\"og:title\" content=\"F\u00fatbol Femenino: Suecia alcanza un hist\u00f3rico primer puesto - El Diario - Bolivia\" \/>\n<meta property=\"og:description\" content=\"La novena edici\u00f3n de la Copa Mundial Femenina de la FIFA concluy\u00f3 con el triunfo hist\u00f3rico de Espa\u00f1a, que ha visto recompensado su primer t\u00edtulo mundial con un espectacular ascenso en la Clasificaci\u00f3n Mundial Femenina FIFA. Las campeonas del mundo podr\u00edan incluso haberse hecho con el primer puesto de no haber dejado escapar 35 puntos [&hellip;]\" \/>\n<meta property=\"og:url\" content=\"https:\/\/www.eldiario.net\/portal\/2023\/08\/29\/futbol-femenino-suecia-alcanza-un-historico-primer-puesto\/\" \/>\n<meta property=\"og:site_name\" content=\"El Diario - Bolivia\" \/>\n<meta property=\"article:publisher\" content=\"https:\/\/www.facebook.com\/eldiario.bolivia\/\" \/>\n<meta property=\"article:published_time\" content=\"2023-08-29T10:57:35+00:00\" \/>\n<meta property=\"og:image\" content=\"https:\/\/www.eldiario.net\/portal\/wp-content\/uploads\/2023\/08\/Sweden-28.jpg\" \/>\n\t<meta property=\"og:image:width\" content=\"384\" \/>\n\t<meta property=\"og:image:height\" content=\"235\" \/>\n\t<meta property=\"og:image:type\" content=\"image\/jpeg\" \/>\n<meta name=\"author\" content=\"Jeanette\" \/>\n<meta name=\"twitter:card\" content=\"summary_large_image\" \/>\n<meta name=\"twitter:creator\" content=\"@eldiario_net\" \/>\n<meta name=\"twitter:site\" content=\"@eldiario_net\" \/>\n<meta name=\"twitter:label1\" content=\"Escrito por\" \/>\n\t<meta name=\"twitter:data1\" content=\"Jeanette\" \/>\n\t<meta name=\"twitter:label2\" content=\"Tiempo de lectura\" \/>\n\t<meta name=\"twitter:data2\" content=\"2 minutos\" \/>\n<script type=\"application\/ld+json\" class=\"yoast-schema-graph\">{\"@context\":\"https:\\\/\\\/schema.org\",\"@graph\":[{\"@type\":\"Article\",\"@id\":\"https:\\\/\\\/www.eldiario.net\\\/portal\\\/2023\\\/08\\\/29\\\/futbol-femenino-suecia-alcanza-un-historico-primer-puesto\\\/#article\",\"isPartOf\":{\"@id\":\"https:\\\/\\\/www.eldiario.net\\\/portal\\\/2023\\\/08\\\/29\\\/futbol-femenino-suecia-alcanza-un-historico-primer-puesto\\\/\"},\"author\":{\"name\":\"Jeanette\",\"@id\":\"https:\\\/\\\/www.eldiario.net\\\/portal\\\/#\\\/schema\\\/person\\\/2c57cf2b7a7ae032e449e4c9b1019eac\"},\"headline\":\"F\u00fatbol Femenino: Suecia alcanza un hist\u00f3rico primer puesto\",\"datePublished\":\"2023-08-29T10:57:35+00:00\",\"mainEntityOfPage\":{\"@id\":\"https:\\\/\\\/www.eldiario.net\\\/portal\\\/2023\\\/08\\\/29\\\/futbol-femenino-suecia-alcanza-un-historico-primer-puesto\\\/\"},\"wordCount\":316,\"publisher\":{\"@id\":\"https:\\\/\\\/www.eldiario.net\\\/portal\\\/#organization\"},\"image\":{\"@id\":\"https:\\\/\\\/www.eldiario.net\\\/portal\\\/2023\\\/08\\\/29\\\/futbol-femenino-suecia-alcanza-un-historico-primer-puesto\\\/#primaryimage\"},\"thumbnailUrl\":\"https:\\\/\\\/www.eldiario.net\\\/portal\\\/wp-content\\\/uploads\\\/2023\\\/08\\\/Sweden-28.jpg\",\"articleSection\":[\"Deportes\"],\"inLanguage\":\"es\"},{\"@type\":\"WebPage\",\"@id\":\"https:\\\/\\\/www.eldiario.net\\\/portal\\\/2023\\\/08\\\/29\\\/futbol-femenino-suecia-alcanza-un-historico-primer-puesto\\\/\",\"url\":\"https:\\\/\\\/www.eldiario.net\\\/portal\\\/2023\\\/08\\\/29\\\/futbol-femenino-suecia-alcanza-un-historico-primer-puesto\\\/\",\"name\":\"F\u00fatbol Femenino: Suecia alcanza un hist\u00f3rico primer puesto - El Diario - Bolivia\",\"isPartOf\":{\"@id\":\"https:\\\/\\\/www.eldiario.net\\\/portal\\\/#website\"},\"primaryImageOfPage\":{\"@id\":\"https:\\\/\\\/www.eldiario.net\\\/portal\\\/2023\\\/08\\\/29\\\/futbol-femenino-suecia-alcanza-un-historico-primer-puesto\\\/#primaryimage\"},\"image\":{\"@id\":\"https:\\\/\\\/www.eldiario.net\\\/portal\\\/2023\\\/08\\\/29\\\/futbol-femenino-suecia-alcanza-un-historico-primer-puesto\\\/#primaryimage\"},\"thumbnailUrl\":\"https:\\\/\\\/www.eldiario.net\\\/portal\\\/wp-content\\\/uploads\\\/2023\\\/08\\\/Sweden-28.jpg\",\"datePublished\":\"2023-08-29T10:57:35+00:00\",\"breadcrumb\":{\"@id\":\"https:\\\/\\\/www.eldiario.net\\\/portal\\\/2023\\\/08\\\/29\\\/futbol-femenino-suecia-alcanza-un-historico-primer-puesto\\\/#breadcrumb\"},\"inLanguage\":\"es\",\"potentialAction\":[{\"@type\":\"ReadAction\",\"target\":[\"https:\\\/\\\/www.eldiario.net\\\/portal\\\/2023\\\/08\\\/29\\\/futbol-femenino-suecia-alcanza-un-historico-primer-puesto\\\/\"]}]},{\"@type\":\"ImageObject\",\"inLanguage\":\"es\",\"@id\":\"https:\\\/\\\/www.eldiario.net\\\/portal\\\/2023\\\/08\\\/29\\\/futbol-femenino-suecia-alcanza-un-historico-primer-puesto\\\/#primaryimage\",\"url\":\"https:\\\/\\\/www.eldiario.net\\\/portal\\\/wp-content\\\/uploads\\\/2023\\\/08\\\/Sweden-28.jpg\",\"contentUrl\":\"https:\\\/\\\/www.eldiario.net\\\/portal\\\/wp-content\\\/uploads\\\/2023\\\/08\\\/Sweden-28.jpg\",\"width\":384,\"height\":235},{\"@type\":\"BreadcrumbList\",\"@id\":\"https:\\\/\\\/www.eldiario.net\\\/portal\\\/2023\\\/08\\\/29\\\/futbol-femenino-suecia-alcanza-un-historico-primer-puesto\\\/#breadcrumb\",\"itemListElement\":[{\"@type\":\"ListItem\",\"position\":1,\"name\":\"Portada\",\"item\":\"https:\\\/\\\/www.eldiario.net\\\/portal\\\/\"},{\"@type\":\"ListItem\",\"position\":2,\"name\":\"F\u00fatbol Femenino: Suecia alcanza un hist\u00f3rico primer puesto\"}]},{\"@type\":\"WebSite\",\"@id\":\"https:\\\/\\\/www.eldiario.net\\\/portal\\\/#website\",\"url\":\"https:\\\/\\\/www.eldiario.net\\\/portal\\\/\",\"name\":\"El Diario - Decano de la prensa nacional\",\"description\":\"El Diario - Decano de la prensa nacional\",\"publisher\":{\"@id\":\"https:\\\/\\\/www.eldiario.net\\\/portal\\\/#organization\"},\"potentialAction\":[{\"@type\":\"SearchAction\",\"target\":{\"@type\":\"EntryPoint\",\"urlTemplate\":\"https:\\\/\\\/www.eldiario.net\\\/portal\\\/?s={search_term_string}\"},\"query-input\":{\"@type\":\"PropertyValueSpecification\",\"valueRequired\":true,\"valueName\":\"search_term_string\"}}],\"inLanguage\":\"es\"},{\"@type\":\"Organization\",\"@id\":\"https:\\\/\\\/www.eldiario.net\\\/portal\\\/#organization\",\"name\":\"El Diario - Decano de la prensa nacional\",\"url\":\"https:\\\/\\\/www.eldiario.net\\\/portal\\\/\",\"logo\":{\"@type\":\"ImageObject\",\"inLanguage\":\"es\",\"@id\":\"https:\\\/\\\/www.eldiario.net\\\/portal\\\/#\\\/schema\\\/logo\\\/image\\\/\",\"url\":\"https:\\\/\\\/www.eldiario.net\\\/portal\\\/wp-content\\\/uploads\\\/2023\\\/07\\\/logo_ED.jpg\",\"contentUrl\":\"https:\\\/\\\/www.eldiario.net\\\/portal\\\/wp-content\\\/uploads\\\/2023\\\/07\\\/logo_ED.jpg\",\"width\":272,\"height\":52,\"caption\":\"El Diario - Decano de la prensa nacional\"},\"image\":{\"@id\":\"https:\\\/\\\/www.eldiario.net\\\/portal\\\/#\\\/schema\\\/logo\\\/image\\\/\"},\"sameAs\":[\"https:\\\/\\\/www.facebook.com\\\/eldiario.bolivia\\\/\",\"https:\\\/\\\/x.com\\\/eldiario_net\"]},{\"@type\":\"Person\",\"@id\":\"https:\\\/\\\/www.eldiario.net\\\/portal\\\/#\\\/schema\\\/person\\\/2c57cf2b7a7ae032e449e4c9b1019eac\",\"name\":\"Jeanette\",\"image\":{\"@type\":\"ImageObject\",\"inLanguage\":\"es\",\"@id\":\"https:\\\/\\\/secure.gravatar.com\\\/avatar\\\/3ea2118a5f7dad2b7138b1187a6b7ee55f160b9968b66013c3a3ef39dd7e5798?s=96&d=mm&r=g\",\"url\":\"https:\\\/\\\/secure.gravatar.com\\\/avatar\\\/3ea2118a5f7dad2b7138b1187a6b7ee55f160b9968b66013c3a3ef39dd7e5798?s=96&d=mm&r=g\",\"contentUrl\":\"https:\\\/\\\/secure.gravatar.com\\\/avatar\\\/3ea2118a5f7dad2b7138b1187a6b7ee55f160b9968b66013c3a3ef39dd7e5798?s=96&d=mm&r=g\",\"caption\":\"Jeanette\"},\"sameAs\":[\"https:\\\/\\\/www.eldiario.net\\\/portal\"],\"url\":\"https:\\\/\\\/www.eldiario.net\\\/portal\\\/author\\\/jeanette\\\/\"}]}<\/script>\n<!-- \/ Yoast SEO plugin. -->","yoast_head_json":{"title":"F\u00fatbol Femenino: Suecia alcanza un hist\u00f3rico primer puesto - El Diario - Bolivia","robots":{"index":"index","follow":"follow","max-snippet":"max-snippet:-1","max-image-preview":"max-image-preview:large","max-video-preview":"max-video-preview:-1"},"canonical":"https:\/\/www.eldiario.net\/portal\/2023\/08\/29\/futbol-femenino-suecia-alcanza-un-historico-primer-puesto\/","og_locale":"es_ES","og_type":"article","og_title":"F\u00fatbol Femenino: Suecia alcanza un hist\u00f3rico primer puesto - El Diario - Bolivia","og_description":"La novena edici\u00f3n de la Copa Mundial Femenina de la FIFA concluy\u00f3 con el triunfo hist\u00f3rico de Espa\u00f1a, que ha visto recompensado su primer t\u00edtulo mundial con un espectacular ascenso en la Clasificaci\u00f3n Mundial Femenina FIFA. Las campeonas del mundo podr\u00edan incluso haberse hecho con el primer puesto de no haber dejado escapar 35 puntos [&hellip;]","og_url":"https:\/\/www.eldiario.net\/portal\/2023\/08\/29\/futbol-femenino-suecia-alcanza-un-historico-primer-puesto\/","og_site_name":"El Diario - Bolivia","article_publisher":"https:\/\/www.facebook.com\/eldiario.bolivia\/","article_published_time":"2023-08-29T10:57:35+00:00","og_image":[{"width":384,"height":235,"url":"https:\/\/www.eldiario.net\/portal\/wp-content\/uploads\/2023\/08\/Sweden-28.jpg","type":"image\/jpeg"}],"author":"Jeanette","twitter_card":"summary_large_image","twitter_creator":"@eldiario_net","twitter_site":"@eldiario_net","twitter_misc":{"Escrito por":"Jeanette","Tiempo de lectura":"2 minutos"},"schema":{"@context":"https:\/\/schema.org","@graph":[{"@type":"Article","@id":"https:\/\/www.eldiario.net\/portal\/2023\/08\/29\/futbol-femenino-suecia-alcanza-un-historico-primer-puesto\/#article","isPartOf":{"@id":"https:\/\/www.eldiario.net\/portal\/2023\/08\/29\/futbol-femenino-suecia-alcanza-un-historico-primer-puesto\/"},"author":{"name":"Jeanette","@id":"https:\/\/www.eldiario.net\/portal\/#\/schema\/person\/2c57cf2b7a7ae032e449e4c9b1019eac"},"headline":"F\u00fatbol Femenino: Suecia alcanza un hist\u00f3rico primer puesto","datePublished":"2023-08-29T10:57:35+00:00","mainEntityOfPage":{"@id":"https:\/\/www.eldiario.net\/portal\/2023\/08\/29\/futbol-femenino-suecia-alcanza-un-historico-primer-puesto\/"},"wordCount":316,"publisher":{"@id":"https:\/\/www.eldiario.net\/portal\/#organization"},"image":{"@id":"https:\/\/www.eldiario.net\/portal\/2023\/08\/29\/futbol-femenino-suecia-alcanza-un-historico-primer-puesto\/#primaryimage"},"thumbnailUrl":"https:\/\/www.eldiario.net\/portal\/wp-content\/uploads\/2023\/08\/Sweden-28.jpg","articleSection":["Deportes"],"inLanguage":"es"},{"@type":"WebPage","@id":"https:\/\/www.eldiario.net\/portal\/2023\/08\/29\/futbol-femenino-suecia-alcanza-un-historico-primer-puesto\/","url":"https:\/\/www.eldiario.net\/portal\/2023\/08\/29\/futbol-femenino-suecia-alcanza-un-historico-primer-puesto\/","name":"F\u00fatbol Femenino: Suecia alcanza un hist\u00f3rico primer puesto - El Diario - Bolivia","isPartOf":{"@id":"https:\/\/www.eldiario.net\/portal\/#website"},"primaryImageOfPage":{"@id":"https:\/\/www.eldiario.net\/portal\/2023\/08\/29\/futbol-femenino-suecia-alcanza-un-historico-primer-puesto\/#primaryimage"},"image":{"@id":"https:\/\/www.eldiario.net\/portal\/2023\/08\/29\/futbol-femenino-suecia-alcanza-un-historico-primer-puesto\/#primaryimage"},"thumbnailUrl":"https:\/\/www.eldiario.net\/portal\/wp-content\/uploads\/2023\/08\/Sweden-28.jpg","datePublished":"2023-08-29T10:57:35+00:00","breadcrumb":{"@id":"https:\/\/www.eldiario.net\/portal\/2023\/08\/29\/futbol-femenino-suecia-alcanza-un-historico-primer-puesto\/#breadcrumb"},"inLanguage":"es","potentialAction":[{"@type":"ReadAction","target":["https:\/\/www.eldiario.net\/portal\/2023\/08\/29\/futbol-femenino-suecia-alcanza-un-historico-primer-puesto\/"]}]},{"@type":"ImageObject","inLanguage":"es","@id":"https:\/\/www.eldiario.net\/portal\/2023\/08\/29\/futbol-femenino-suecia-alcanza-un-historico-primer-puesto\/#primaryimage","url":"https:\/\/www.eldiario.net\/portal\/wp-content\/uploads\/2023\/08\/Sweden-28.jpg","contentUrl":"https:\/\/www.eldiario.net\/portal\/wp-content\/uploads\/2023\/08\/Sweden-28.jpg","width":384,"height":235},{"@type":"BreadcrumbList","@id":"https:\/\/www.eldiario.net\/portal\/2023\/08\/29\/futbol-femenino-suecia-alcanza-un-historico-primer-puesto\/#breadcrumb","itemListElement":[{"@type":"ListItem","position":1,"name":"Portada","item":"https:\/\/www.eldiario.net\/portal\/"},{"@type":"ListItem","position":2,"name":"F\u00fatbol Femenino: Suecia alcanza un hist\u00f3rico primer puesto"}]},{"@type":"WebSite","@id":"https:\/\/www.eldiario.net\/portal\/#website","url":"https:\/\/www.eldiario.net\/portal\/","name":"El Diario - Decano de la prensa nacional","description":"El Diario - Decano de la prensa nacional","publisher":{"@id":"https:\/\/www.eldiario.net\/portal\/#organization"},"potentialAction":[{"@type":"SearchAction","target":{"@type":"EntryPoint","urlTemplate":"https:\/\/www.eldiario.net\/portal\/?s={search_term_string}"},"query-input":{"@type":"PropertyValueSpecification","valueRequired":true,"valueName":"search_term_string"}}],"inLanguage":"es"},{"@type":"Organization","@id":"https:\/\/www.eldiario.net\/portal\/#organization","name":"El Diario - Decano de la prensa nacional","url":"https:\/\/www.eldiario.net\/portal\/","logo":{"@type":"ImageObject","inLanguage":"es","@id":"https:\/\/www.eldiario.net\/portal\/#\/schema\/logo\/image\/","url":"https:\/\/www.eldiario.net\/portal\/wp-content\/uploads\/2023\/07\/logo_ED.jpg","contentUrl":"https:\/\/www.eldiario.net\/portal\/wp-content\/uploads\/2023\/07\/logo_ED.jpg","width":272,"height":52,"caption":"El Diario - Decano de la prensa nacional"},"image":{"@id":"https:\/\/www.eldiario.net\/portal\/#\/schema\/logo\/image\/"},"sameAs":["https:\/\/www.facebook.com\/eldiario.bolivia\/","https:\/\/x.com\/eldiario_net"]},{"@type":"Person","@id":"https:\/\/www.eldiario.net\/portal\/#\/schema\/person\/2c57cf2b7a7ae032e449e4c9b1019eac","name":"Jeanette","image":{"@type":"ImageObject","inLanguage":"es","@id":"https:\/\/secure.gravatar.com\/avatar\/3ea2118a5f7dad2b7138b1187a6b7ee55f160b9968b66013c3a3ef39dd7e5798?s=96&d=mm&r=g","url":"https:\/\/secure.gravatar.com\/avatar\/3ea2118a5f7dad2b7138b1187a6b7ee55f160b9968b66013c3a3ef39dd7e5798?s=96&d=mm&r=g","contentUrl":"https:\/\/secure.gravatar.com\/avatar\/3ea2118a5f7dad2b7138b1187a6b7ee55f160b9968b66013c3a3ef39dd7e5798?s=96&d=mm&r=g","caption":"Jeanette"},"sameAs":["https:\/\/www.eldiario.net\/portal"],"url":"https:\/\/www.eldiario.net\/portal\/author\/jeanette\/"}]}},"_links":{"self":[{"href":"https:\/\/www.eldiario.net\/portal\/wp-json\/wp\/v2\/posts\/173716","targetHints":{"allow":["GET"]}}],"collection":[{"href":"https:\/\/www.eldiario.net\/portal\/wp-json\/wp\/v2\/posts"}],"about":[{"href":"https:\/\/www.eldiario.net\/portal\/wp-json\/wp\/v2\/types\/post"}],"author":[{"embeddable":true,"href":"https:\/\/www.eldiario.net\/portal\/wp-json\/wp\/v2\/users\/1"}],"replies":[{"embeddable":true,"href":"https:\/\/www.eldiario.net\/portal\/wp-json\/wp\/v2\/comments?post=173716"}],"version-history":[{"count":0,"href":"https:\/\/www.eldiario.net\/portal\/wp-json\/wp\/v2\/posts\/173716\/revisions"}],"wp:featuredmedia":[{"embeddable":true,"href":"https:\/\/www.eldiario.net\/portal\/wp-json\/wp\/v2\/media\/173717"}],"wp:attachment":[{"href":"https:\/\/www.eldiario.net\/portal\/wp-json\/wp\/v2\/media?parent=173716"}],"wp:term":[{"taxonomy":"category","embeddable":true,"href":"https:\/\/www.eldiario.net\/portal\/wp-json\/wp\/v2\/categories?post=173716"},{"taxonomy":"post_tag","embeddable":true,"href":"https:\/\/www.eldiario.net\/portal\/wp-json\/wp\/v2\/tags?post=173716"}],"curies":[{"name":"wp","href":"https:\/\/api.w.org\/{rel}","templated":true}]}}