{"id":173713,"date":"2023-08-29T06:56:45","date_gmt":"2023-08-29T10:56:45","guid":{"rendered":"https:\/\/www.eldiario.net\/portal\/?p=173713"},"modified":"2023-08-29T06:56:45","modified_gmt":"2023-08-29T10:56:45","slug":"sale-lista-de-48-jugadores-para-vestir-la-verde-absoluta-y-sub-23","status":"publish","type":"post","link":"https:\/\/www.eldiario.net\/portal\/2023\/08\/29\/sale-lista-de-48-jugadores-para-vestir-la-verde-absoluta-y-sub-23\/","title":{"rendered":"Sale lista de 48 jugadores para vestir la Verde, absoluta y Sub-23"},"content":{"rendered":"<p>El seleccionador de Bolivia, Gustavo Costas, dio a conocer la lista de 48 jugadores con los cuales trabajar\u00e1 para encarar el inicio de las clasificatorias a la Copa Mundial Canad\u00e1-Estados Unidos-M\u00e9xico 2026 y dentro de este grupo incluy\u00f3 a los Sub-23, que se entrenar\u00e1n apuntando al compromiso amistoso del 8 de septiembre, como parte de la preparaci\u00f3n para el torneo preol\u00edmpico.<\/p>\n<p>La noche de este lunes, se hizo oficial la n\u00f3mina de los seleccionados que practicar\u00e1n en La Paz para el compromiso contra Brasil, rival al que enfrentar\u00e1n en la ciudad de Bel\u00e9m en la primera fecha de las eliminatorias mundialistas, y a Argentina, el 12 de septiembre, en La Paz.<\/p>\n<p>En medio de esta competencia oficial, la Federaci\u00f3n Boliviana de F\u00fatbol (FBF) consigui\u00f3 un rival para la Sub-23, oportunidad que Costas aprovechar\u00e1 para que los jugadores de esta edad comiencen a conocer el estilo de juego y los conceptos que maneja con la Absoluta, viendo que ellos ser\u00e1n el rostro de la verde en este certamen que tiene una duraci\u00f3n de dos a\u00f1os.<\/p>\n<p>En esta lista larga se incluyeron diez jugadores de Bol\u00edvar, que se incorporar\u00e1n reci\u00e9n a la concentraci\u00f3n, despu\u00e9s del compromiso que sostendr\u00e1 ante Internacional (Brasil), el martes 29 de septiembre, por los cuartos de final de la Copa Libertadores de Am\u00e9rica.<\/p>\n<p>Tambi\u00e9n aparecen como novedades: Marcelo Martins (Independiente del Valle, Ecuador), Luis Haquin (Deportivo Cali, Colombia), Roberto Fern\u00e1ndez (Baltika, Rusia), Mois\u00e9s Villarroel (\u00c1guilas Doradas, Colombia), Boris C\u00e9spedes (Servette FC, Suiza) y Jaume Cu\u00e9llar (Barcelona \u201cB\u201d, Espa\u00f1a).<\/p>\n<p>El once titular para enfrentar a los \u201ccolosos\u201d de Sudam\u00e9rica saldr\u00e1n de estos \u201clegionarios\u201d junto a los citados de Bol\u00edvar, The Strongest y Always Ready. Durante los d\u00edas de trabajo en La Paz, la Sub-23 servir\u00e1 de sparring con la oportunidad de que los jugadores que destaquen pueda ser incluidos, como premio, en la delegaci\u00f3n final.<\/p>\n<p>Este lunes el elenco verde entren\u00f3 dentro del hotel de concentraci\u00f3n, con ejercicios en el gimnasio, y este martes regresar\u00e1 a las labores en campo de juego.<\/p>\n<p>&nbsp;<\/p>\n<p>SUB-23<\/p>\n<p>&nbsp;<\/p>\n<p>El coordinador de la Selecci\u00f3n, Carlos Pino, confirm\u00f3 que la FBF cerr\u00f3 el amistoso de la Sub-23 para el 8 de septiembre, pero prefiri\u00f3 que el anuncio oficial se realizado por la dirigencia. Entre los candidatos est\u00e1n Argentina, que tambi\u00e9n convoc\u00f3 a la Sub-23 para estos d\u00edas.<\/p>\n<p>&nbsp;<\/p>\n<p>La Sub-23 estar\u00e1 a cargo de Pablo Escobar, pensando en el torneo preol\u00edmpico, que se llevar\u00e1 adelante entre enero y febrero de 2024 en Venezuela, donde habr\u00e1 dos cupos para los Juegos Ol\u00edmpicos de Paris.<\/p>\n<p>&nbsp;<\/p>\n<p>Esta es la n\u00f3mina de los convocados:<\/p>\n<ol>\n<li>Carlos Lampe Bol\u00edvar<\/li>\n<li>Guillermo Viscarra The Strongest<\/li>\n<li>Braulio Uraeza\u00f1a Blooming<\/li>\n<li>Bruno Poveda Wilstermann<\/li>\n<li>Mauricio Adorno Palmaflor<\/li>\n<li>Adri\u00e1n Jusino The Strongest<\/li>\n<li>Luis Haqu\u00edn Deportivo Cali (Colombia)<\/li>\n<li>Diego Medina Always Ready<\/li>\n<li>Marcelo Su\u00e1rez Always Ready<\/li>\n<li>H\u00e9ctor Cuellar Always Ready<\/li>\n<li>Jos\u00e9 Sagredo Bol\u00edvar<\/li>\n<li>Roberto Fern\u00e1ndez Baltika (Rusia)<\/li>\n<li>Efra\u00edn Morales Atlanta United (Estados Unidos)<\/li>\n<li>Carlos Roca The Strongest<\/li>\n<li>Jairo Quinteros Bol\u00edvar<\/li>\n<li>Diego Bejarano Bol\u00edvar<\/li>\n<li>Pablo Vaca Always Ready<\/li>\n<li>Eduardo \u00c1lvarez Royal Pari<\/li>\n<li>Sa\u00fal Severiche Blooming<\/li>\n<li>Jhon Jairo Velasco Guabir\u00e1<\/li>\n<li>Denilson Dur\u00e1n Blooming<\/li>\n<li>Yomar Rocha Bol\u00edvar<\/li>\n<li>C\u00e9sar Romero \u00a0\u00a0\u00a0\u00a0\u00a0\u00a0\u00a0\u00a0\u00a0\u00a0\u00a0\u00a0\u00a0\u00a0\u00a0\u00a0\u00a0\u00a0 Blooming<\/li>\n<li>Luciano Ursino The Strongest<\/li>\n<li>Gabriel Villamil Bol\u00edvar<\/li>\n<li>Jaime Arrascaita The Strongest<\/li>\n<li>Boris C\u00e9spedes Servette FC (Suiza)<\/li>\n<li>Fernando Saucedo Bol\u00edvar<\/li>\n<li>Mois\u00e9s Villarroel \u00c1guilas Doradas (Colombia)<\/li>\n<li>Carlos Sejas Aurora<\/li>\n<li>Ervin Vaca Bol\u00edvar<\/li>\n<li>Marco Salazar Always Ready<\/li>\n<li>Andr\u00e9s Moreno Royal Pari<\/li>\n<li>Carlos Abastoflor Guabir\u00e1<\/li>\n<li>Kevin Salvatierra Bol\u00edvar<\/li>\n<li>Miguel Terceros Santos FC (Brasil)<\/li>\n<li>Jos\u00e9 Mart\u00ednez Always Ready<\/li>\n<li>V\u00edctor Abrego FC Universitario<\/li>\n<li>Marcelo Martins Independiente del Valle (Ecuador)<\/li>\n<li>Jos\u00e9 Alipaz FC Universitario<\/li>\n<li>Carmelo Algara\u00f1az Bol\u00edvar<\/li>\n<li>Jaume Cuellar Barcelona \u201cB\u201d (Espa\u00f1a)<\/li>\n<li>Miguel Villarroel Bol\u00edvar<\/li>\n<li>Fabricio Quaglio The Strongest<\/li>\n<li>Javier Uzeda Bol\u00edvar<\/li>\n<li>Fernando Nava Atl\u00e9tico Paranaense (Brasil)<\/li>\n<li>Jos\u00e9 Brice\u00f1o \u00a0\u00a0\u00a0\u00a0\u00a0\u00a0\u00a0\u00a0\u00a0\u00a0\u00a0\u00a0 Oriente Petrolero<\/li>\n<li>Enzo Monteiro Santos FC (Brasil)<\/li>\n<\/ol>\n<p><strong>\u00a0<\/strong><\/p>\n<p><strong>APG<\/strong><\/p>\n","protected":false},"excerpt":{"rendered":"<p>El seleccionador de Bolivia, Gustavo Costas, dio a conocer la lista de 48 jugadores con los cuales trabajar\u00e1 para encarar el inicio de las clasificatorias a la Copa Mundial Canad\u00e1-Estados Unidos-M\u00e9xico 2026 y dentro de este grupo incluy\u00f3 a los Sub-23, que se entrenar\u00e1n apuntando al compromiso amistoso del 8 de septiembre, como parte de [&hellip;]<\/p>\n","protected":false},"author":1,"featured_media":173714,"comment_status":"closed","ping_status":"open","sticky":false,"template":"","format":"standard","meta":{"_acf_changed":false,"footnotes":""},"categories":[6],"tags":[],"class_list":["post-173713","post","type-post","status-publish","format-standard","has-post-thumbnail","category-deportes"],"acf":{"antetitulo":""},"yoast_head":"<!-- This site is optimized with the Yoast SEO plugin v28.4 - https:\/\/yoast.com\/product\/yoast-seo-wordpress\/ -->\n<title>Sale lista de 48 jugadores para vestir la Verde, absoluta y Sub-23 - El Diario - Bolivia<\/title>\n<meta name=\"robots\" content=\"index, follow, max-snippet:-1, max-image-preview:large, max-video-preview:-1\" \/>\n<link rel=\"canonical\" href=\"https:\/\/www.eldiario.net\/portal\/2023\/08\/29\/sale-lista-de-48-jugadores-para-vestir-la-verde-absoluta-y-sub-23\/\" \/>\n<meta property=\"og:locale\" content=\"es_ES\" \/>\n<meta property=\"og:type\" content=\"article\" \/>\n<meta property=\"og:title\" content=\"Sale lista de 48 jugadores para vestir la Verde, absoluta y Sub-23 - El Diario - Bolivia\" \/>\n<meta property=\"og:description\" content=\"El seleccionador de Bolivia, Gustavo Costas, dio a conocer la lista de 48 jugadores con los cuales trabajar\u00e1 para encarar el inicio de las clasificatorias a la Copa Mundial Canad\u00e1-Estados Unidos-M\u00e9xico 2026 y dentro de este grupo incluy\u00f3 a los Sub-23, que se entrenar\u00e1n apuntando al compromiso amistoso del 8 de septiembre, como parte de [&hellip;]\" \/>\n<meta property=\"og:url\" content=\"https:\/\/www.eldiario.net\/portal\/2023\/08\/29\/sale-lista-de-48-jugadores-para-vestir-la-verde-absoluta-y-sub-23\/\" \/>\n<meta property=\"og:site_name\" content=\"El Diario - Bolivia\" \/>\n<meta property=\"article:publisher\" content=\"https:\/\/www.facebook.com\/eldiario.bolivia\/\" \/>\n<meta property=\"article:published_time\" content=\"2023-08-29T10:56:45+00:00\" \/>\n<meta property=\"og:image\" content=\"https:\/\/www.eldiario.net\/portal\/wp-content\/uploads\/2023\/08\/seleccion-28-scaled-1.jpg\" \/>\n\t<meta property=\"og:image:width\" content=\"2560\" \/>\n\t<meta property=\"og:image:height\" content=\"1708\" \/>\n\t<meta property=\"og:image:type\" content=\"image\/jpeg\" \/>\n<meta name=\"author\" content=\"Jeanette\" \/>\n<meta name=\"twitter:card\" content=\"summary_large_image\" \/>\n<meta name=\"twitter:creator\" content=\"@eldiario_net\" \/>\n<meta name=\"twitter:site\" content=\"@eldiario_net\" \/>\n<meta name=\"twitter:label1\" content=\"Escrito por\" \/>\n\t<meta name=\"twitter:data1\" content=\"Jeanette\" \/>\n\t<meta name=\"twitter:label2\" content=\"Tiempo de lectura\" \/>\n\t<meta name=\"twitter:data2\" content=\"3 minutos\" \/>\n<script type=\"application\/ld+json\" class=\"yoast-schema-graph\">{\"@context\":\"https:\\\/\\\/schema.org\",\"@graph\":[{\"@type\":\"Article\",\"@id\":\"https:\\\/\\\/www.eldiario.net\\\/portal\\\/2023\\\/08\\\/29\\\/sale-lista-de-48-jugadores-para-vestir-la-verde-absoluta-y-sub-23\\\/#article\",\"isPartOf\":{\"@id\":\"https:\\\/\\\/www.eldiario.net\\\/portal\\\/2023\\\/08\\\/29\\\/sale-lista-de-48-jugadores-para-vestir-la-verde-absoluta-y-sub-23\\\/\"},\"author\":{\"name\":\"Jeanette\",\"@id\":\"https:\\\/\\\/www.eldiario.net\\\/portal\\\/#\\\/schema\\\/person\\\/2c57cf2b7a7ae032e449e4c9b1019eac\"},\"headline\":\"Sale lista de 48 jugadores para vestir la Verde, absoluta y Sub-23\",\"datePublished\":\"2023-08-29T10:56:45+00:00\",\"mainEntityOfPage\":{\"@id\":\"https:\\\/\\\/www.eldiario.net\\\/portal\\\/2023\\\/08\\\/29\\\/sale-lista-de-48-jugadores-para-vestir-la-verde-absoluta-y-sub-23\\\/\"},\"wordCount\":685,\"publisher\":{\"@id\":\"https:\\\/\\\/www.eldiario.net\\\/portal\\\/#organization\"},\"image\":{\"@id\":\"https:\\\/\\\/www.eldiario.net\\\/portal\\\/2023\\\/08\\\/29\\\/sale-lista-de-48-jugadores-para-vestir-la-verde-absoluta-y-sub-23\\\/#primaryimage\"},\"thumbnailUrl\":\"https:\\\/\\\/www.eldiario.net\\\/portal\\\/wp-content\\\/uploads\\\/2023\\\/08\\\/seleccion-28-scaled-1.jpg\",\"articleSection\":[\"Deportes\"],\"inLanguage\":\"es\"},{\"@type\":\"WebPage\",\"@id\":\"https:\\\/\\\/www.eldiario.net\\\/portal\\\/2023\\\/08\\\/29\\\/sale-lista-de-48-jugadores-para-vestir-la-verde-absoluta-y-sub-23\\\/\",\"url\":\"https:\\\/\\\/www.eldiario.net\\\/portal\\\/2023\\\/08\\\/29\\\/sale-lista-de-48-jugadores-para-vestir-la-verde-absoluta-y-sub-23\\\/\",\"name\":\"Sale lista de 48 jugadores para vestir la Verde, absoluta y Sub-23 - El Diario - Bolivia\",\"isPartOf\":{\"@id\":\"https:\\\/\\\/www.eldiario.net\\\/portal\\\/#website\"},\"primaryImageOfPage\":{\"@id\":\"https:\\\/\\\/www.eldiario.net\\\/portal\\\/2023\\\/08\\\/29\\\/sale-lista-de-48-jugadores-para-vestir-la-verde-absoluta-y-sub-23\\\/#primaryimage\"},\"image\":{\"@id\":\"https:\\\/\\\/www.eldiario.net\\\/portal\\\/2023\\\/08\\\/29\\\/sale-lista-de-48-jugadores-para-vestir-la-verde-absoluta-y-sub-23\\\/#primaryimage\"},\"thumbnailUrl\":\"https:\\\/\\\/www.eldiario.net\\\/portal\\\/wp-content\\\/uploads\\\/2023\\\/08\\\/seleccion-28-scaled-1.jpg\",\"datePublished\":\"2023-08-29T10:56:45+00:00\",\"breadcrumb\":{\"@id\":\"https:\\\/\\\/www.eldiario.net\\\/portal\\\/2023\\\/08\\\/29\\\/sale-lista-de-48-jugadores-para-vestir-la-verde-absoluta-y-sub-23\\\/#breadcrumb\"},\"inLanguage\":\"es\",\"potentialAction\":[{\"@type\":\"ReadAction\",\"target\":[\"https:\\\/\\\/www.eldiario.net\\\/portal\\\/2023\\\/08\\\/29\\\/sale-lista-de-48-jugadores-para-vestir-la-verde-absoluta-y-sub-23\\\/\"]}]},{\"@type\":\"ImageObject\",\"inLanguage\":\"es\",\"@id\":\"https:\\\/\\\/www.eldiario.net\\\/portal\\\/2023\\\/08\\\/29\\\/sale-lista-de-48-jugadores-para-vestir-la-verde-absoluta-y-sub-23\\\/#primaryimage\",\"url\":\"https:\\\/\\\/www.eldiario.net\\\/portal\\\/wp-content\\\/uploads\\\/2023\\\/08\\\/seleccion-28-scaled-1.jpg\",\"contentUrl\":\"https:\\\/\\\/www.eldiario.net\\\/portal\\\/wp-content\\\/uploads\\\/2023\\\/08\\\/seleccion-28-scaled-1.jpg\",\"width\":2560,\"height\":1708,\"caption\":\"Incidencias del partido amistoso entre Bolivia vs Panam\u00e1, jugado en el estadio F\u00e9lix Capriles. FOTO\\\/Mauricio ROCABADO@APGNoticiasBo\"},{\"@type\":\"BreadcrumbList\",\"@id\":\"https:\\\/\\\/www.eldiario.net\\\/portal\\\/2023\\\/08\\\/29\\\/sale-lista-de-48-jugadores-para-vestir-la-verde-absoluta-y-sub-23\\\/#breadcrumb\",\"itemListElement\":[{\"@type\":\"ListItem\",\"position\":1,\"name\":\"Portada\",\"item\":\"https:\\\/\\\/www.eldiario.net\\\/portal\\\/\"},{\"@type\":\"ListItem\",\"position\":2,\"name\":\"Sale lista de 48 jugadores para vestir la Verde, absoluta y Sub-23\"}]},{\"@type\":\"WebSite\",\"@id\":\"https:\\\/\\\/www.eldiario.net\\\/portal\\\/#website\",\"url\":\"https:\\\/\\\/www.eldiario.net\\\/portal\\\/\",\"name\":\"El Diario - Decano de la prensa nacional\",\"description\":\"El Diario - Decano de la prensa nacional\",\"publisher\":{\"@id\":\"https:\\\/\\\/www.eldiario.net\\\/portal\\\/#organization\"},\"potentialAction\":[{\"@type\":\"SearchAction\",\"target\":{\"@type\":\"EntryPoint\",\"urlTemplate\":\"https:\\\/\\\/www.eldiario.net\\\/portal\\\/?s={search_term_string}\"},\"query-input\":{\"@type\":\"PropertyValueSpecification\",\"valueRequired\":true,\"valueName\":\"search_term_string\"}}],\"inLanguage\":\"es\"},{\"@type\":\"Organization\",\"@id\":\"https:\\\/\\\/www.eldiario.net\\\/portal\\\/#organization\",\"name\":\"El Diario - Decano de la prensa nacional\",\"url\":\"https:\\\/\\\/www.eldiario.net\\\/portal\\\/\",\"logo\":{\"@type\":\"ImageObject\",\"inLanguage\":\"es\",\"@id\":\"https:\\\/\\\/www.eldiario.net\\\/portal\\\/#\\\/schema\\\/logo\\\/image\\\/\",\"url\":\"https:\\\/\\\/www.eldiario.net\\\/portal\\\/wp-content\\\/uploads\\\/2023\\\/07\\\/logo_ED.jpg\",\"contentUrl\":\"https:\\\/\\\/www.eldiario.net\\\/portal\\\/wp-content\\\/uploads\\\/2023\\\/07\\\/logo_ED.jpg\",\"width\":272,\"height\":52,\"caption\":\"El Diario - Decano de la prensa nacional\"},\"image\":{\"@id\":\"https:\\\/\\\/www.eldiario.net\\\/portal\\\/#\\\/schema\\\/logo\\\/image\\\/\"},\"sameAs\":[\"https:\\\/\\\/www.facebook.com\\\/eldiario.bolivia\\\/\",\"https:\\\/\\\/x.com\\\/eldiario_net\"]},{\"@type\":\"Person\",\"@id\":\"https:\\\/\\\/www.eldiario.net\\\/portal\\\/#\\\/schema\\\/person\\\/2c57cf2b7a7ae032e449e4c9b1019eac\",\"name\":\"Jeanette\",\"image\":{\"@type\":\"ImageObject\",\"inLanguage\":\"es\",\"@id\":\"https:\\\/\\\/secure.gravatar.com\\\/avatar\\\/3ea2118a5f7dad2b7138b1187a6b7ee55f160b9968b66013c3a3ef39dd7e5798?s=96&d=mm&r=g\",\"url\":\"https:\\\/\\\/secure.gravatar.com\\\/avatar\\\/3ea2118a5f7dad2b7138b1187a6b7ee55f160b9968b66013c3a3ef39dd7e5798?s=96&d=mm&r=g\",\"contentUrl\":\"https:\\\/\\\/secure.gravatar.com\\\/avatar\\\/3ea2118a5f7dad2b7138b1187a6b7ee55f160b9968b66013c3a3ef39dd7e5798?s=96&d=mm&r=g\",\"caption\":\"Jeanette\"},\"sameAs\":[\"https:\\\/\\\/www.eldiario.net\\\/portal\"],\"url\":\"https:\\\/\\\/www.eldiario.net\\\/portal\\\/author\\\/jeanette\\\/\"}]}<\/script>\n<!-- \/ Yoast SEO plugin. -->","yoast_head_json":{"title":"Sale lista de 48 jugadores para vestir la Verde, absoluta y Sub-23 - El Diario - Bolivia","robots":{"index":"index","follow":"follow","max-snippet":"max-snippet:-1","max-image-preview":"max-image-preview:large","max-video-preview":"max-video-preview:-1"},"canonical":"https:\/\/www.eldiario.net\/portal\/2023\/08\/29\/sale-lista-de-48-jugadores-para-vestir-la-verde-absoluta-y-sub-23\/","og_locale":"es_ES","og_type":"article","og_title":"Sale lista de 48 jugadores para vestir la Verde, absoluta y Sub-23 - El Diario - Bolivia","og_description":"El seleccionador de Bolivia, Gustavo Costas, dio a conocer la lista de 48 jugadores con los cuales trabajar\u00e1 para encarar el inicio de las clasificatorias a la Copa Mundial Canad\u00e1-Estados Unidos-M\u00e9xico 2026 y dentro de este grupo incluy\u00f3 a los Sub-23, que se entrenar\u00e1n apuntando al compromiso amistoso del 8 de septiembre, como parte de [&hellip;]","og_url":"https:\/\/www.eldiario.net\/portal\/2023\/08\/29\/sale-lista-de-48-jugadores-para-vestir-la-verde-absoluta-y-sub-23\/","og_site_name":"El Diario - Bolivia","article_publisher":"https:\/\/www.facebook.com\/eldiario.bolivia\/","article_published_time":"2023-08-29T10:56:45+00:00","og_image":[{"width":2560,"height":1708,"url":"https:\/\/www.eldiario.net\/portal\/wp-content\/uploads\/2023\/08\/seleccion-28-scaled-1.jpg","type":"image\/jpeg"}],"author":"Jeanette","twitter_card":"summary_large_image","twitter_creator":"@eldiario_net","twitter_site":"@eldiario_net","twitter_misc":{"Escrito por":"Jeanette","Tiempo de lectura":"3 minutos"},"schema":{"@context":"https:\/\/schema.org","@graph":[{"@type":"Article","@id":"https:\/\/www.eldiario.net\/portal\/2023\/08\/29\/sale-lista-de-48-jugadores-para-vestir-la-verde-absoluta-y-sub-23\/#article","isPartOf":{"@id":"https:\/\/www.eldiario.net\/portal\/2023\/08\/29\/sale-lista-de-48-jugadores-para-vestir-la-verde-absoluta-y-sub-23\/"},"author":{"name":"Jeanette","@id":"https:\/\/www.eldiario.net\/portal\/#\/schema\/person\/2c57cf2b7a7ae032e449e4c9b1019eac"},"headline":"Sale lista de 48 jugadores para vestir la Verde, absoluta y Sub-23","datePublished":"2023-08-29T10:56:45+00:00","mainEntityOfPage":{"@id":"https:\/\/www.eldiario.net\/portal\/2023\/08\/29\/sale-lista-de-48-jugadores-para-vestir-la-verde-absoluta-y-sub-23\/"},"wordCount":685,"publisher":{"@id":"https:\/\/www.eldiario.net\/portal\/#organization"},"image":{"@id":"https:\/\/www.eldiario.net\/portal\/2023\/08\/29\/sale-lista-de-48-jugadores-para-vestir-la-verde-absoluta-y-sub-23\/#primaryimage"},"thumbnailUrl":"https:\/\/www.eldiario.net\/portal\/wp-content\/uploads\/2023\/08\/seleccion-28-scaled-1.jpg","articleSection":["Deportes"],"inLanguage":"es"},{"@type":"WebPage","@id":"https:\/\/www.eldiario.net\/portal\/2023\/08\/29\/sale-lista-de-48-jugadores-para-vestir-la-verde-absoluta-y-sub-23\/","url":"https:\/\/www.eldiario.net\/portal\/2023\/08\/29\/sale-lista-de-48-jugadores-para-vestir-la-verde-absoluta-y-sub-23\/","name":"Sale lista de 48 jugadores para vestir la Verde, absoluta y Sub-23 - El Diario - Bolivia","isPartOf":{"@id":"https:\/\/www.eldiario.net\/portal\/#website"},"primaryImageOfPage":{"@id":"https:\/\/www.eldiario.net\/portal\/2023\/08\/29\/sale-lista-de-48-jugadores-para-vestir-la-verde-absoluta-y-sub-23\/#primaryimage"},"image":{"@id":"https:\/\/www.eldiario.net\/portal\/2023\/08\/29\/sale-lista-de-48-jugadores-para-vestir-la-verde-absoluta-y-sub-23\/#primaryimage"},"thumbnailUrl":"https:\/\/www.eldiario.net\/portal\/wp-content\/uploads\/2023\/08\/seleccion-28-scaled-1.jpg","datePublished":"2023-08-29T10:56:45+00:00","breadcrumb":{"@id":"https:\/\/www.eldiario.net\/portal\/2023\/08\/29\/sale-lista-de-48-jugadores-para-vestir-la-verde-absoluta-y-sub-23\/#breadcrumb"},"inLanguage":"es","potentialAction":[{"@type":"ReadAction","target":["https:\/\/www.eldiario.net\/portal\/2023\/08\/29\/sale-lista-de-48-jugadores-para-vestir-la-verde-absoluta-y-sub-23\/"]}]},{"@type":"ImageObject","inLanguage":"es","@id":"https:\/\/www.eldiario.net\/portal\/2023\/08\/29\/sale-lista-de-48-jugadores-para-vestir-la-verde-absoluta-y-sub-23\/#primaryimage","url":"https:\/\/www.eldiario.net\/portal\/wp-content\/uploads\/2023\/08\/seleccion-28-scaled-1.jpg","contentUrl":"https:\/\/www.eldiario.net\/portal\/wp-content\/uploads\/2023\/08\/seleccion-28-scaled-1.jpg","width":2560,"height":1708,"caption":"Incidencias del partido amistoso entre Bolivia vs Panam\u00e1, jugado en el estadio F\u00e9lix Capriles. FOTO\/Mauricio ROCABADO@APGNoticiasBo"},{"@type":"BreadcrumbList","@id":"https:\/\/www.eldiario.net\/portal\/2023\/08\/29\/sale-lista-de-48-jugadores-para-vestir-la-verde-absoluta-y-sub-23\/#breadcrumb","itemListElement":[{"@type":"ListItem","position":1,"name":"Portada","item":"https:\/\/www.eldiario.net\/portal\/"},{"@type":"ListItem","position":2,"name":"Sale lista de 48 jugadores para vestir la Verde, absoluta y Sub-23"}]},{"@type":"WebSite","@id":"https:\/\/www.eldiario.net\/portal\/#website","url":"https:\/\/www.eldiario.net\/portal\/","name":"El Diario - Decano de la prensa nacional","description":"El Diario - Decano de la prensa nacional","publisher":{"@id":"https:\/\/www.eldiario.net\/portal\/#organization"},"potentialAction":[{"@type":"SearchAction","target":{"@type":"EntryPoint","urlTemplate":"https:\/\/www.eldiario.net\/portal\/?s={search_term_string}"},"query-input":{"@type":"PropertyValueSpecification","valueRequired":true,"valueName":"search_term_string"}}],"inLanguage":"es"},{"@type":"Organization","@id":"https:\/\/www.eldiario.net\/portal\/#organization","name":"El Diario - Decano de la prensa nacional","url":"https:\/\/www.eldiario.net\/portal\/","logo":{"@type":"ImageObject","inLanguage":"es","@id":"https:\/\/www.eldiario.net\/portal\/#\/schema\/logo\/image\/","url":"https:\/\/www.eldiario.net\/portal\/wp-content\/uploads\/2023\/07\/logo_ED.jpg","contentUrl":"https:\/\/www.eldiario.net\/portal\/wp-content\/uploads\/2023\/07\/logo_ED.jpg","width":272,"height":52,"caption":"El Diario - Decano de la prensa nacional"},"image":{"@id":"https:\/\/www.eldiario.net\/portal\/#\/schema\/logo\/image\/"},"sameAs":["https:\/\/www.facebook.com\/eldiario.bolivia\/","https:\/\/x.com\/eldiario_net"]},{"@type":"Person","@id":"https:\/\/www.eldiario.net\/portal\/#\/schema\/person\/2c57cf2b7a7ae032e449e4c9b1019eac","name":"Jeanette","image":{"@type":"ImageObject","inLanguage":"es","@id":"https:\/\/secure.gravatar.com\/avatar\/3ea2118a5f7dad2b7138b1187a6b7ee55f160b9968b66013c3a3ef39dd7e5798?s=96&d=mm&r=g","url":"https:\/\/secure.gravatar.com\/avatar\/3ea2118a5f7dad2b7138b1187a6b7ee55f160b9968b66013c3a3ef39dd7e5798?s=96&d=mm&r=g","contentUrl":"https:\/\/secure.gravatar.com\/avatar\/3ea2118a5f7dad2b7138b1187a6b7ee55f160b9968b66013c3a3ef39dd7e5798?s=96&d=mm&r=g","caption":"Jeanette"},"sameAs":["https:\/\/www.eldiario.net\/portal"],"url":"https:\/\/www.eldiario.net\/portal\/author\/jeanette\/"}]}},"_links":{"self":[{"href":"https:\/\/www.eldiario.net\/portal\/wp-json\/wp\/v2\/posts\/173713","targetHints":{"allow":["GET"]}}],"collection":[{"href":"https:\/\/www.eldiario.net\/portal\/wp-json\/wp\/v2\/posts"}],"about":[{"href":"https:\/\/www.eldiario.net\/portal\/wp-json\/wp\/v2\/types\/post"}],"author":[{"embeddable":true,"href":"https:\/\/www.eldiario.net\/portal\/wp-json\/wp\/v2\/users\/1"}],"replies":[{"embeddable":true,"href":"https:\/\/www.eldiario.net\/portal\/wp-json\/wp\/v2\/comments?post=173713"}],"version-history":[{"count":0,"href":"https:\/\/www.eldiario.net\/portal\/wp-json\/wp\/v2\/posts\/173713\/revisions"}],"wp:featuredmedia":[{"embeddable":true,"href":"https:\/\/www.eldiario.net\/portal\/wp-json\/wp\/v2\/media\/173714"}],"wp:attachment":[{"href":"https:\/\/www.eldiario.net\/portal\/wp-json\/wp\/v2\/media?parent=173713"}],"wp:term":[{"taxonomy":"category","embeddable":true,"href":"https:\/\/www.eldiario.net\/portal\/wp-json\/wp\/v2\/categories?post=173713"},{"taxonomy":"post_tag","embeddable":true,"href":"https:\/\/www.eldiario.net\/portal\/wp-json\/wp\/v2\/tags?post=173713"}],"curies":[{"name":"wp","href":"https:\/\/api.w.org\/{rel}","templated":true}]}}