{"id":173706,"date":"2023-08-29T06:54:31","date_gmt":"2023-08-29T10:54:31","guid":{"rendered":"https:\/\/www.eldiario.net\/portal\/?p=173706"},"modified":"2023-08-29T06:54:31","modified_gmt":"2023-08-29T10:54:31","slug":"el-mas-debe-solucionar-sus-problemas-sin-afectar-a-la-gente","status":"publish","type":"post","link":"https:\/\/www.eldiario.net\/portal\/2023\/08\/29\/el-mas-debe-solucionar-sus-problemas-sin-afectar-a-la-gente\/","title":{"rendered":"El MAS debe solucionar sus problemas sin afectar a la gente"},"content":{"rendered":"<p>Rechazando el bloqueo de caminos anunciado por la Confederaci\u00f3n Sindical \u00danica de Trabajadores Campesinos de Bolivia (Csutcb) del ala \u201cevista\u201d, a partir del 4 de septiembre, el diputado por Comunidad Ciudadana (CC), Alejandro Reyes, lament\u00f3 el perjuicio que esta medida pueda provocar al pa\u00eds y pidi\u00f3 al partido de Gobierno resolver sus problemas internos sin afectar las actividades de la poblaci\u00f3n boliviana.<\/p>\n<p>En criterio de Reyes, la medida ser\u00e1 el inicio de una nueva convulsi\u00f3n social provocada por Morales para satisfacer apetitos personales, sin importar la delicada situaci\u00f3n por la que atraviesa el pa\u00eds en su conjunto.<\/p>\n<p>\u201cEl pa\u00eds entero va ser afectado porque se est\u00e1 anunciando lo que va ser la convulsi\u00f3n social a la que nos va llevar Evo Morales y la dirigencia de este Gobierno\u201d, reproch\u00f3 el legislador pace\u00f1o.<\/p>\n<p>Por ello, inst\u00f3 al Gobierno, militancia y dirigencia del partido azul a resolver sus diferencias en espacios de dialogo internos, sin que medidas de presi\u00f3n como el bloqueo de caminos anunciado para la siguiente semana, perjudiquen a ciudadanos que no tienen nada que ver con las disputas internas del MAS.<\/p>\n<p>\u201cEllos lo que tiene que hacer primero es solucionar sus problemas internamente sin afectar a la gente y hacer gesti\u00f3n. Nada de esos est\u00e1n haciendo por lo tanto van a afectar a todos los bolivianos y nuevamente se convulsionar\u00e1 el pa\u00eds por orden de Morales\u201d, dijo.<\/p>\n<p>La semana pasada, tras cumplirse el plazo de 72 horas que la Csutcb, af\u00edn a Morales, dio al Gobierno para la entrega de sus instalaciones en la Paz, se anunci\u00f3 el bloqueo indefinido de carreteras a nivel nacional desde el pr\u00f3ximo 4 de septiembre.<\/p>\n<p>\u201cHemos definido que se realice un bloqueo nacional de caminos de forma indefinida\u201d, afirm\u00f3 el dirigente Ponciano Santos mediante un pronunciamiento.<\/p>\n","protected":false},"excerpt":{"rendered":"<p>Rechazando el bloqueo de caminos anunciado por la Confederaci\u00f3n Sindical \u00danica de Trabajadores Campesinos de Bolivia (Csutcb) del ala \u201cevista\u201d, a partir del 4 de septiembre, el diputado por Comunidad Ciudadana (CC), Alejandro Reyes, lament\u00f3 el perjuicio que esta medida pueda provocar al pa\u00eds y pidi\u00f3 al partido de Gobierno resolver sus problemas internos sin [&hellip;]<\/p>\n","protected":false},"author":1,"featured_media":173707,"comment_status":"closed","ping_status":"open","sticky":false,"template":"","format":"standard","meta":{"_acf_changed":false,"footnotes":""},"categories":[14],"tags":[],"class_list":["post-173706","post","type-post","status-publish","format-standard","has-post-thumbnail","category-politica"],"acf":{"antetitulo":""},"yoast_head":"<!-- This site is optimized with the Yoast SEO plugin v28.4 - https:\/\/yoast.com\/product\/yoast-seo-wordpress\/ -->\n<title>El MAS debe solucionar sus problemas sin afectar a la gente - El Diario - Bolivia<\/title>\n<meta name=\"robots\" content=\"index, follow, max-snippet:-1, max-image-preview:large, max-video-preview:-1\" \/>\n<link rel=\"canonical\" href=\"https:\/\/www.eldiario.net\/portal\/2023\/08\/29\/el-mas-debe-solucionar-sus-problemas-sin-afectar-a-la-gente\/\" \/>\n<meta property=\"og:locale\" content=\"es_ES\" \/>\n<meta property=\"og:type\" content=\"article\" \/>\n<meta property=\"og:title\" content=\"El MAS debe solucionar sus problemas sin afectar a la gente - El Diario - Bolivia\" \/>\n<meta property=\"og:description\" content=\"Rechazando el bloqueo de caminos anunciado por la Confederaci\u00f3n Sindical \u00danica de Trabajadores Campesinos de Bolivia (Csutcb) del ala \u201cevista\u201d, a partir del 4 de septiembre, el diputado por Comunidad Ciudadana (CC), Alejandro Reyes, lament\u00f3 el perjuicio que esta medida pueda provocar al pa\u00eds y pidi\u00f3 al partido de Gobierno resolver sus problemas internos sin [&hellip;]\" \/>\n<meta property=\"og:url\" content=\"https:\/\/www.eldiario.net\/portal\/2023\/08\/29\/el-mas-debe-solucionar-sus-problemas-sin-afectar-a-la-gente\/\" \/>\n<meta property=\"og:site_name\" content=\"El Diario - Bolivia\" \/>\n<meta property=\"article:publisher\" content=\"https:\/\/www.facebook.com\/eldiario.bolivia\/\" \/>\n<meta property=\"article:published_time\" content=\"2023-08-29T10:54:31+00:00\" \/>\n<meta property=\"og:image\" content=\"https:\/\/www.eldiario.net\/portal\/wp-content\/uploads\/2023\/08\/AFECTAR-FOTO.jpg\" \/>\n\t<meta property=\"og:image:width\" content=\"1280\" \/>\n\t<meta property=\"og:image:height\" content=\"863\" \/>\n\t<meta property=\"og:image:type\" content=\"image\/jpeg\" \/>\n<meta name=\"author\" content=\"Jeanette\" \/>\n<meta name=\"twitter:card\" content=\"summary_large_image\" \/>\n<meta name=\"twitter:creator\" content=\"@eldiario_net\" \/>\n<meta name=\"twitter:site\" content=\"@eldiario_net\" \/>\n<meta name=\"twitter:label1\" content=\"Escrito por\" \/>\n\t<meta name=\"twitter:data1\" content=\"Jeanette\" \/>\n\t<meta name=\"twitter:label2\" content=\"Tiempo de lectura\" \/>\n\t<meta name=\"twitter:data2\" content=\"2 minutos\" \/>\n<script type=\"application\/ld+json\" class=\"yoast-schema-graph\">{\"@context\":\"https:\\\/\\\/schema.org\",\"@graph\":[{\"@type\":\"Article\",\"@id\":\"https:\\\/\\\/www.eldiario.net\\\/portal\\\/2023\\\/08\\\/29\\\/el-mas-debe-solucionar-sus-problemas-sin-afectar-a-la-gente\\\/#article\",\"isPartOf\":{\"@id\":\"https:\\\/\\\/www.eldiario.net\\\/portal\\\/2023\\\/08\\\/29\\\/el-mas-debe-solucionar-sus-problemas-sin-afectar-a-la-gente\\\/\"},\"author\":{\"name\":\"Jeanette\",\"@id\":\"https:\\\/\\\/www.eldiario.net\\\/portal\\\/#\\\/schema\\\/person\\\/2c57cf2b7a7ae032e449e4c9b1019eac\"},\"headline\":\"El MAS debe solucionar sus problemas sin afectar a la gente\",\"datePublished\":\"2023-08-29T10:54:31+00:00\",\"mainEntityOfPage\":{\"@id\":\"https:\\\/\\\/www.eldiario.net\\\/portal\\\/2023\\\/08\\\/29\\\/el-mas-debe-solucionar-sus-problemas-sin-afectar-a-la-gente\\\/\"},\"wordCount\":316,\"publisher\":{\"@id\":\"https:\\\/\\\/www.eldiario.net\\\/portal\\\/#organization\"},\"image\":{\"@id\":\"https:\\\/\\\/www.eldiario.net\\\/portal\\\/2023\\\/08\\\/29\\\/el-mas-debe-solucionar-sus-problemas-sin-afectar-a-la-gente\\\/#primaryimage\"},\"thumbnailUrl\":\"https:\\\/\\\/www.eldiario.net\\\/portal\\\/wp-content\\\/uploads\\\/2023\\\/08\\\/AFECTAR-FOTO.jpg\",\"articleSection\":[\"Pol\u00edtica\"],\"inLanguage\":\"es\"},{\"@type\":\"WebPage\",\"@id\":\"https:\\\/\\\/www.eldiario.net\\\/portal\\\/2023\\\/08\\\/29\\\/el-mas-debe-solucionar-sus-problemas-sin-afectar-a-la-gente\\\/\",\"url\":\"https:\\\/\\\/www.eldiario.net\\\/portal\\\/2023\\\/08\\\/29\\\/el-mas-debe-solucionar-sus-problemas-sin-afectar-a-la-gente\\\/\",\"name\":\"El MAS debe solucionar sus problemas sin afectar a la gente - El Diario - Bolivia\",\"isPartOf\":{\"@id\":\"https:\\\/\\\/www.eldiario.net\\\/portal\\\/#website\"},\"primaryImageOfPage\":{\"@id\":\"https:\\\/\\\/www.eldiario.net\\\/portal\\\/2023\\\/08\\\/29\\\/el-mas-debe-solucionar-sus-problemas-sin-afectar-a-la-gente\\\/#primaryimage\"},\"image\":{\"@id\":\"https:\\\/\\\/www.eldiario.net\\\/portal\\\/2023\\\/08\\\/29\\\/el-mas-debe-solucionar-sus-problemas-sin-afectar-a-la-gente\\\/#primaryimage\"},\"thumbnailUrl\":\"https:\\\/\\\/www.eldiario.net\\\/portal\\\/wp-content\\\/uploads\\\/2023\\\/08\\\/AFECTAR-FOTO.jpg\",\"datePublished\":\"2023-08-29T10:54:31+00:00\",\"breadcrumb\":{\"@id\":\"https:\\\/\\\/www.eldiario.net\\\/portal\\\/2023\\\/08\\\/29\\\/el-mas-debe-solucionar-sus-problemas-sin-afectar-a-la-gente\\\/#breadcrumb\"},\"inLanguage\":\"es\",\"potentialAction\":[{\"@type\":\"ReadAction\",\"target\":[\"https:\\\/\\\/www.eldiario.net\\\/portal\\\/2023\\\/08\\\/29\\\/el-mas-debe-solucionar-sus-problemas-sin-afectar-a-la-gente\\\/\"]}]},{\"@type\":\"ImageObject\",\"inLanguage\":\"es\",\"@id\":\"https:\\\/\\\/www.eldiario.net\\\/portal\\\/2023\\\/08\\\/29\\\/el-mas-debe-solucionar-sus-problemas-sin-afectar-a-la-gente\\\/#primaryimage\",\"url\":\"https:\\\/\\\/www.eldiario.net\\\/portal\\\/wp-content\\\/uploads\\\/2023\\\/08\\\/AFECTAR-FOTO.jpg\",\"contentUrl\":\"https:\\\/\\\/www.eldiario.net\\\/portal\\\/wp-content\\\/uploads\\\/2023\\\/08\\\/AFECTAR-FOTO.jpg\",\"width\":1280,\"height\":863,\"caption\":\"Diputado Alejandro Reyes (CC) CREDITOS \\\/ RRSS\"},{\"@type\":\"BreadcrumbList\",\"@id\":\"https:\\\/\\\/www.eldiario.net\\\/portal\\\/2023\\\/08\\\/29\\\/el-mas-debe-solucionar-sus-problemas-sin-afectar-a-la-gente\\\/#breadcrumb\",\"itemListElement\":[{\"@type\":\"ListItem\",\"position\":1,\"name\":\"Portada\",\"item\":\"https:\\\/\\\/www.eldiario.net\\\/portal\\\/\"},{\"@type\":\"ListItem\",\"position\":2,\"name\":\"El MAS debe solucionar sus problemas sin afectar a la gente\"}]},{\"@type\":\"WebSite\",\"@id\":\"https:\\\/\\\/www.eldiario.net\\\/portal\\\/#website\",\"url\":\"https:\\\/\\\/www.eldiario.net\\\/portal\\\/\",\"name\":\"El Diario - Decano de la prensa nacional\",\"description\":\"El Diario - Decano de la prensa nacional\",\"publisher\":{\"@id\":\"https:\\\/\\\/www.eldiario.net\\\/portal\\\/#organization\"},\"potentialAction\":[{\"@type\":\"SearchAction\",\"target\":{\"@type\":\"EntryPoint\",\"urlTemplate\":\"https:\\\/\\\/www.eldiario.net\\\/portal\\\/?s={search_term_string}\"},\"query-input\":{\"@type\":\"PropertyValueSpecification\",\"valueRequired\":true,\"valueName\":\"search_term_string\"}}],\"inLanguage\":\"es\"},{\"@type\":\"Organization\",\"@id\":\"https:\\\/\\\/www.eldiario.net\\\/portal\\\/#organization\",\"name\":\"El Diario - Decano de la prensa nacional\",\"url\":\"https:\\\/\\\/www.eldiario.net\\\/portal\\\/\",\"logo\":{\"@type\":\"ImageObject\",\"inLanguage\":\"es\",\"@id\":\"https:\\\/\\\/www.eldiario.net\\\/portal\\\/#\\\/schema\\\/logo\\\/image\\\/\",\"url\":\"https:\\\/\\\/www.eldiario.net\\\/portal\\\/wp-content\\\/uploads\\\/2023\\\/07\\\/logo_ED.jpg\",\"contentUrl\":\"https:\\\/\\\/www.eldiario.net\\\/portal\\\/wp-content\\\/uploads\\\/2023\\\/07\\\/logo_ED.jpg\",\"width\":272,\"height\":52,\"caption\":\"El Diario - Decano de la prensa nacional\"},\"image\":{\"@id\":\"https:\\\/\\\/www.eldiario.net\\\/portal\\\/#\\\/schema\\\/logo\\\/image\\\/\"},\"sameAs\":[\"https:\\\/\\\/www.facebook.com\\\/eldiario.bolivia\\\/\",\"https:\\\/\\\/x.com\\\/eldiario_net\"]},{\"@type\":\"Person\",\"@id\":\"https:\\\/\\\/www.eldiario.net\\\/portal\\\/#\\\/schema\\\/person\\\/2c57cf2b7a7ae032e449e4c9b1019eac\",\"name\":\"Jeanette\",\"image\":{\"@type\":\"ImageObject\",\"inLanguage\":\"es\",\"@id\":\"https:\\\/\\\/secure.gravatar.com\\\/avatar\\\/3ea2118a5f7dad2b7138b1187a6b7ee55f160b9968b66013c3a3ef39dd7e5798?s=96&d=mm&r=g\",\"url\":\"https:\\\/\\\/secure.gravatar.com\\\/avatar\\\/3ea2118a5f7dad2b7138b1187a6b7ee55f160b9968b66013c3a3ef39dd7e5798?s=96&d=mm&r=g\",\"contentUrl\":\"https:\\\/\\\/secure.gravatar.com\\\/avatar\\\/3ea2118a5f7dad2b7138b1187a6b7ee55f160b9968b66013c3a3ef39dd7e5798?s=96&d=mm&r=g\",\"caption\":\"Jeanette\"},\"sameAs\":[\"https:\\\/\\\/www.eldiario.net\\\/portal\"],\"url\":\"https:\\\/\\\/www.eldiario.net\\\/portal\\\/author\\\/jeanette\\\/\"}]}<\/script>\n<!-- \/ Yoast SEO plugin. -->","yoast_head_json":{"title":"El MAS debe solucionar sus problemas sin afectar a la gente - El Diario - Bolivia","robots":{"index":"index","follow":"follow","max-snippet":"max-snippet:-1","max-image-preview":"max-image-preview:large","max-video-preview":"max-video-preview:-1"},"canonical":"https:\/\/www.eldiario.net\/portal\/2023\/08\/29\/el-mas-debe-solucionar-sus-problemas-sin-afectar-a-la-gente\/","og_locale":"es_ES","og_type":"article","og_title":"El MAS debe solucionar sus problemas sin afectar a la gente - El Diario - Bolivia","og_description":"Rechazando el bloqueo de caminos anunciado por la Confederaci\u00f3n Sindical \u00danica de Trabajadores Campesinos de Bolivia (Csutcb) del ala \u201cevista\u201d, a partir del 4 de septiembre, el diputado por Comunidad Ciudadana (CC), Alejandro Reyes, lament\u00f3 el perjuicio que esta medida pueda provocar al pa\u00eds y pidi\u00f3 al partido de Gobierno resolver sus problemas internos sin [&hellip;]","og_url":"https:\/\/www.eldiario.net\/portal\/2023\/08\/29\/el-mas-debe-solucionar-sus-problemas-sin-afectar-a-la-gente\/","og_site_name":"El Diario - Bolivia","article_publisher":"https:\/\/www.facebook.com\/eldiario.bolivia\/","article_published_time":"2023-08-29T10:54:31+00:00","og_image":[{"width":1280,"height":863,"url":"https:\/\/www.eldiario.net\/portal\/wp-content\/uploads\/2023\/08\/AFECTAR-FOTO.jpg","type":"image\/jpeg"}],"author":"Jeanette","twitter_card":"summary_large_image","twitter_creator":"@eldiario_net","twitter_site":"@eldiario_net","twitter_misc":{"Escrito por":"Jeanette","Tiempo de lectura":"2 minutos"},"schema":{"@context":"https:\/\/schema.org","@graph":[{"@type":"Article","@id":"https:\/\/www.eldiario.net\/portal\/2023\/08\/29\/el-mas-debe-solucionar-sus-problemas-sin-afectar-a-la-gente\/#article","isPartOf":{"@id":"https:\/\/www.eldiario.net\/portal\/2023\/08\/29\/el-mas-debe-solucionar-sus-problemas-sin-afectar-a-la-gente\/"},"author":{"name":"Jeanette","@id":"https:\/\/www.eldiario.net\/portal\/#\/schema\/person\/2c57cf2b7a7ae032e449e4c9b1019eac"},"headline":"El MAS debe solucionar sus problemas sin afectar a la gente","datePublished":"2023-08-29T10:54:31+00:00","mainEntityOfPage":{"@id":"https:\/\/www.eldiario.net\/portal\/2023\/08\/29\/el-mas-debe-solucionar-sus-problemas-sin-afectar-a-la-gente\/"},"wordCount":316,"publisher":{"@id":"https:\/\/www.eldiario.net\/portal\/#organization"},"image":{"@id":"https:\/\/www.eldiario.net\/portal\/2023\/08\/29\/el-mas-debe-solucionar-sus-problemas-sin-afectar-a-la-gente\/#primaryimage"},"thumbnailUrl":"https:\/\/www.eldiario.net\/portal\/wp-content\/uploads\/2023\/08\/AFECTAR-FOTO.jpg","articleSection":["Pol\u00edtica"],"inLanguage":"es"},{"@type":"WebPage","@id":"https:\/\/www.eldiario.net\/portal\/2023\/08\/29\/el-mas-debe-solucionar-sus-problemas-sin-afectar-a-la-gente\/","url":"https:\/\/www.eldiario.net\/portal\/2023\/08\/29\/el-mas-debe-solucionar-sus-problemas-sin-afectar-a-la-gente\/","name":"El MAS debe solucionar sus problemas sin afectar a la gente - El Diario - Bolivia","isPartOf":{"@id":"https:\/\/www.eldiario.net\/portal\/#website"},"primaryImageOfPage":{"@id":"https:\/\/www.eldiario.net\/portal\/2023\/08\/29\/el-mas-debe-solucionar-sus-problemas-sin-afectar-a-la-gente\/#primaryimage"},"image":{"@id":"https:\/\/www.eldiario.net\/portal\/2023\/08\/29\/el-mas-debe-solucionar-sus-problemas-sin-afectar-a-la-gente\/#primaryimage"},"thumbnailUrl":"https:\/\/www.eldiario.net\/portal\/wp-content\/uploads\/2023\/08\/AFECTAR-FOTO.jpg","datePublished":"2023-08-29T10:54:31+00:00","breadcrumb":{"@id":"https:\/\/www.eldiario.net\/portal\/2023\/08\/29\/el-mas-debe-solucionar-sus-problemas-sin-afectar-a-la-gente\/#breadcrumb"},"inLanguage":"es","potentialAction":[{"@type":"ReadAction","target":["https:\/\/www.eldiario.net\/portal\/2023\/08\/29\/el-mas-debe-solucionar-sus-problemas-sin-afectar-a-la-gente\/"]}]},{"@type":"ImageObject","inLanguage":"es","@id":"https:\/\/www.eldiario.net\/portal\/2023\/08\/29\/el-mas-debe-solucionar-sus-problemas-sin-afectar-a-la-gente\/#primaryimage","url":"https:\/\/www.eldiario.net\/portal\/wp-content\/uploads\/2023\/08\/AFECTAR-FOTO.jpg","contentUrl":"https:\/\/www.eldiario.net\/portal\/wp-content\/uploads\/2023\/08\/AFECTAR-FOTO.jpg","width":1280,"height":863,"caption":"Diputado Alejandro Reyes (CC) CREDITOS \/ RRSS"},{"@type":"BreadcrumbList","@id":"https:\/\/www.eldiario.net\/portal\/2023\/08\/29\/el-mas-debe-solucionar-sus-problemas-sin-afectar-a-la-gente\/#breadcrumb","itemListElement":[{"@type":"ListItem","position":1,"name":"Portada","item":"https:\/\/www.eldiario.net\/portal\/"},{"@type":"ListItem","position":2,"name":"El MAS debe solucionar sus problemas sin afectar a la gente"}]},{"@type":"WebSite","@id":"https:\/\/www.eldiario.net\/portal\/#website","url":"https:\/\/www.eldiario.net\/portal\/","name":"El Diario - Decano de la prensa nacional","description":"El Diario - Decano de la prensa nacional","publisher":{"@id":"https:\/\/www.eldiario.net\/portal\/#organization"},"potentialAction":[{"@type":"SearchAction","target":{"@type":"EntryPoint","urlTemplate":"https:\/\/www.eldiario.net\/portal\/?s={search_term_string}"},"query-input":{"@type":"PropertyValueSpecification","valueRequired":true,"valueName":"search_term_string"}}],"inLanguage":"es"},{"@type":"Organization","@id":"https:\/\/www.eldiario.net\/portal\/#organization","name":"El Diario - Decano de la prensa nacional","url":"https:\/\/www.eldiario.net\/portal\/","logo":{"@type":"ImageObject","inLanguage":"es","@id":"https:\/\/www.eldiario.net\/portal\/#\/schema\/logo\/image\/","url":"https:\/\/www.eldiario.net\/portal\/wp-content\/uploads\/2023\/07\/logo_ED.jpg","contentUrl":"https:\/\/www.eldiario.net\/portal\/wp-content\/uploads\/2023\/07\/logo_ED.jpg","width":272,"height":52,"caption":"El Diario - Decano de la prensa nacional"},"image":{"@id":"https:\/\/www.eldiario.net\/portal\/#\/schema\/logo\/image\/"},"sameAs":["https:\/\/www.facebook.com\/eldiario.bolivia\/","https:\/\/x.com\/eldiario_net"]},{"@type":"Person","@id":"https:\/\/www.eldiario.net\/portal\/#\/schema\/person\/2c57cf2b7a7ae032e449e4c9b1019eac","name":"Jeanette","image":{"@type":"ImageObject","inLanguage":"es","@id":"https:\/\/secure.gravatar.com\/avatar\/3ea2118a5f7dad2b7138b1187a6b7ee55f160b9968b66013c3a3ef39dd7e5798?s=96&d=mm&r=g","url":"https:\/\/secure.gravatar.com\/avatar\/3ea2118a5f7dad2b7138b1187a6b7ee55f160b9968b66013c3a3ef39dd7e5798?s=96&d=mm&r=g","contentUrl":"https:\/\/secure.gravatar.com\/avatar\/3ea2118a5f7dad2b7138b1187a6b7ee55f160b9968b66013c3a3ef39dd7e5798?s=96&d=mm&r=g","caption":"Jeanette"},"sameAs":["https:\/\/www.eldiario.net\/portal"],"url":"https:\/\/www.eldiario.net\/portal\/author\/jeanette\/"}]}},"_links":{"self":[{"href":"https:\/\/www.eldiario.net\/portal\/wp-json\/wp\/v2\/posts\/173706","targetHints":{"allow":["GET"]}}],"collection":[{"href":"https:\/\/www.eldiario.net\/portal\/wp-json\/wp\/v2\/posts"}],"about":[{"href":"https:\/\/www.eldiario.net\/portal\/wp-json\/wp\/v2\/types\/post"}],"author":[{"embeddable":true,"href":"https:\/\/www.eldiario.net\/portal\/wp-json\/wp\/v2\/users\/1"}],"replies":[{"embeddable":true,"href":"https:\/\/www.eldiario.net\/portal\/wp-json\/wp\/v2\/comments?post=173706"}],"version-history":[{"count":0,"href":"https:\/\/www.eldiario.net\/portal\/wp-json\/wp\/v2\/posts\/173706\/revisions"}],"wp:featuredmedia":[{"embeddable":true,"href":"https:\/\/www.eldiario.net\/portal\/wp-json\/wp\/v2\/media\/173707"}],"wp:attachment":[{"href":"https:\/\/www.eldiario.net\/portal\/wp-json\/wp\/v2\/media?parent=173706"}],"wp:term":[{"taxonomy":"category","embeddable":true,"href":"https:\/\/www.eldiario.net\/portal\/wp-json\/wp\/v2\/categories?post=173706"},{"taxonomy":"post_tag","embeddable":true,"href":"https:\/\/www.eldiario.net\/portal\/wp-json\/wp\/v2\/tags?post=173706"}],"curies":[{"name":"wp","href":"https:\/\/api.w.org\/{rel}","templated":true}]}}