{"id":173703,"date":"2023-08-29T06:53:32","date_gmt":"2023-08-29T10:53:32","guid":{"rendered":"https:\/\/www.eldiario.net\/portal\/?p=173703"},"modified":"2023-08-29T06:53:32","modified_gmt":"2023-08-29T10:53:32","slug":"suspension-de-interpelaciones-busca-esconder-mala-gestion-de-gobierno","status":"publish","type":"post","link":"https:\/\/www.eldiario.net\/portal\/2023\/08\/29\/suspension-de-interpelaciones-busca-esconder-mala-gestion-de-gobierno\/","title":{"rendered":"Suspensi\u00f3n de interpelaciones busca  esconder mala gesti\u00f3n de Gobierno"},"content":{"rendered":"<p>Luego de la resoluci\u00f3n judicial que suspendi\u00f3 las interpelaciones a ministros de Estado hasta la emisi\u00f3n de un fallo del Tribunal Constitucional sobre los alcances de la censura parlamentaria, el senador por la agrupaci\u00f3n Creemos, Henry Montero, se\u00f1al\u00f3 que el Gobierno trata de esconder el fracaso de la reactivaci\u00f3n econ\u00f3mica, el ocaso en la producci\u00f3n de hidrocarburos y la \u201cineptitud\u201d en pol\u00edticas de salud y educaci\u00f3n.<\/p>\n<p>Los cuestionamientos del legislador cruce\u00f1o tienen que ver con los motivos de la actual administraci\u00f3n, en contubernio con el sistema de justicia, para haber procedido con una determinaci\u00f3n que claramente contraviene el numeral 8 del art\u00edculo 158, de la Constituci\u00f3n Pol\u00edtica del Estado, en relaci\u00f3n a la atribuci\u00f3n de fiscalizaci\u00f3n parlamentaria.<\/p>\n<p>En criterio de Montero, \u201cel r\u00e9gimen masista intenta esconder al pueblo boliviano el fracaso de la reactivaci\u00f3n econ\u00f3mica, el ocaso de la producci\u00f3n hidrocarbur\u00edfera, la ineptitud en pol\u00edticas de salud y educaci\u00f3n, el endeudamiento multimillonario, el despilfarro y la mano blanda contra la corrupci\u00f3n y el narcotr\u00e1fico\u201d.<\/p>\n<p>Ayer, la diputada Mar\u00eda Ren\u00e9 \u00c1lvarez, anuncio que se solicit\u00f3 al vicepresidente del Estado, David Choquehuanca, una reuni\u00f3n de urgencia para la restituci\u00f3n de los derechos de fiscalizaci\u00f3n, como diputados y senadores nacionales, luego del golpe judicial que un vocal perpetr\u00f3 al suspender las interpelaciones a ministros del Ejecutivo.<\/p>\n<p>\u201cEl se\u00f1or Choquehuanca, como cabeza de la Asamblea Legislativa Plurinacional, deber\u00eda ser el primero en defender las facultades constitucionales del \u00d3rgano Legislativo y denunciar la violaci\u00f3n a la Carta Magna por una acci\u00f3n coordinada entre el Ejecutivo y sus operadores pol\u00edticos en el sistema de justicia\u201d, refiri\u00f3.<\/p>\n","protected":false},"excerpt":{"rendered":"<p>Luego de la resoluci\u00f3n judicial que suspendi\u00f3 las interpelaciones a ministros de Estado hasta la emisi\u00f3n de un fallo del Tribunal Constitucional sobre los alcances de la censura parlamentaria, el senador por la agrupaci\u00f3n Creemos, Henry Montero, se\u00f1al\u00f3 que el Gobierno trata de esconder el fracaso de la reactivaci\u00f3n econ\u00f3mica, el ocaso en la producci\u00f3n [&hellip;]<\/p>\n","protected":false},"author":1,"featured_media":173704,"comment_status":"closed","ping_status":"open","sticky":false,"template":"","format":"standard","meta":{"_acf_changed":false,"footnotes":""},"categories":[14],"tags":[],"class_list":["post-173703","post","type-post","status-publish","format-standard","has-post-thumbnail","category-politica"],"acf":{"antetitulo":""},"yoast_head":"<!-- This site is optimized with the Yoast SEO plugin v28.4 - https:\/\/yoast.com\/product\/yoast-seo-wordpress\/ -->\n<title>Suspensi\u00f3n de interpelaciones busca esconder mala gesti\u00f3n de Gobierno - El Diario - Bolivia<\/title>\n<meta name=\"robots\" content=\"index, follow, max-snippet:-1, max-image-preview:large, max-video-preview:-1\" \/>\n<link rel=\"canonical\" href=\"https:\/\/www.eldiario.net\/portal\/2023\/08\/29\/suspension-de-interpelaciones-busca-esconder-mala-gestion-de-gobierno\/\" \/>\n<meta property=\"og:locale\" content=\"es_ES\" \/>\n<meta property=\"og:type\" content=\"article\" \/>\n<meta property=\"og:title\" content=\"Suspensi\u00f3n de interpelaciones busca esconder mala gesti\u00f3n de Gobierno - El Diario - Bolivia\" \/>\n<meta property=\"og:description\" content=\"Luego de la resoluci\u00f3n judicial que suspendi\u00f3 las interpelaciones a ministros de Estado hasta la emisi\u00f3n de un fallo del Tribunal Constitucional sobre los alcances de la censura parlamentaria, el senador por la agrupaci\u00f3n Creemos, Henry Montero, se\u00f1al\u00f3 que el Gobierno trata de esconder el fracaso de la reactivaci\u00f3n econ\u00f3mica, el ocaso en la producci\u00f3n [&hellip;]\" \/>\n<meta property=\"og:url\" content=\"https:\/\/www.eldiario.net\/portal\/2023\/08\/29\/suspension-de-interpelaciones-busca-esconder-mala-gestion-de-gobierno\/\" \/>\n<meta property=\"og:site_name\" content=\"El Diario - Bolivia\" \/>\n<meta property=\"article:publisher\" content=\"https:\/\/www.facebook.com\/eldiario.bolivia\/\" \/>\n<meta property=\"article:published_time\" content=\"2023-08-29T10:53:32+00:00\" \/>\n<meta property=\"og:image\" content=\"https:\/\/www.eldiario.net\/portal\/wp-content\/uploads\/2023\/08\/ESCONDER-FOTO.jpg\" \/>\n\t<meta property=\"og:image:width\" content=\"1200\" \/>\n\t<meta property=\"og:image:height\" content=\"675\" \/>\n\t<meta property=\"og:image:type\" content=\"image\/jpeg\" \/>\n<meta name=\"author\" content=\"Jeanette\" \/>\n<meta name=\"twitter:card\" content=\"summary_large_image\" \/>\n<meta name=\"twitter:creator\" content=\"@eldiario_net\" \/>\n<meta name=\"twitter:site\" content=\"@eldiario_net\" \/>\n<meta name=\"twitter:label1\" content=\"Escrito por\" \/>\n\t<meta name=\"twitter:data1\" content=\"Jeanette\" \/>\n\t<meta name=\"twitter:label2\" content=\"Tiempo de lectura\" \/>\n\t<meta name=\"twitter:data2\" content=\"2 minutos\" \/>\n<script type=\"application\/ld+json\" class=\"yoast-schema-graph\">{\"@context\":\"https:\\\/\\\/schema.org\",\"@graph\":[{\"@type\":\"Article\",\"@id\":\"https:\\\/\\\/www.eldiario.net\\\/portal\\\/2023\\\/08\\\/29\\\/suspension-de-interpelaciones-busca-esconder-mala-gestion-de-gobierno\\\/#article\",\"isPartOf\":{\"@id\":\"https:\\\/\\\/www.eldiario.net\\\/portal\\\/2023\\\/08\\\/29\\\/suspension-de-interpelaciones-busca-esconder-mala-gestion-de-gobierno\\\/\"},\"author\":{\"name\":\"Jeanette\",\"@id\":\"https:\\\/\\\/www.eldiario.net\\\/portal\\\/#\\\/schema\\\/person\\\/2c57cf2b7a7ae032e449e4c9b1019eac\"},\"headline\":\"Suspensi\u00f3n de interpelaciones busca esconder mala gesti\u00f3n de Gobierno\",\"datePublished\":\"2023-08-29T10:53:32+00:00\",\"mainEntityOfPage\":{\"@id\":\"https:\\\/\\\/www.eldiario.net\\\/portal\\\/2023\\\/08\\\/29\\\/suspension-de-interpelaciones-busca-esconder-mala-gestion-de-gobierno\\\/\"},\"wordCount\":305,\"publisher\":{\"@id\":\"https:\\\/\\\/www.eldiario.net\\\/portal\\\/#organization\"},\"image\":{\"@id\":\"https:\\\/\\\/www.eldiario.net\\\/portal\\\/2023\\\/08\\\/29\\\/suspension-de-interpelaciones-busca-esconder-mala-gestion-de-gobierno\\\/#primaryimage\"},\"thumbnailUrl\":\"https:\\\/\\\/www.eldiario.net\\\/portal\\\/wp-content\\\/uploads\\\/2023\\\/08\\\/ESCONDER-FOTO.jpg\",\"articleSection\":[\"Pol\u00edtica\"],\"inLanguage\":\"es\"},{\"@type\":\"WebPage\",\"@id\":\"https:\\\/\\\/www.eldiario.net\\\/portal\\\/2023\\\/08\\\/29\\\/suspension-de-interpelaciones-busca-esconder-mala-gestion-de-gobierno\\\/\",\"url\":\"https:\\\/\\\/www.eldiario.net\\\/portal\\\/2023\\\/08\\\/29\\\/suspension-de-interpelaciones-busca-esconder-mala-gestion-de-gobierno\\\/\",\"name\":\"Suspensi\u00f3n de interpelaciones busca esconder mala gesti\u00f3n de Gobierno - El Diario - Bolivia\",\"isPartOf\":{\"@id\":\"https:\\\/\\\/www.eldiario.net\\\/portal\\\/#website\"},\"primaryImageOfPage\":{\"@id\":\"https:\\\/\\\/www.eldiario.net\\\/portal\\\/2023\\\/08\\\/29\\\/suspension-de-interpelaciones-busca-esconder-mala-gestion-de-gobierno\\\/#primaryimage\"},\"image\":{\"@id\":\"https:\\\/\\\/www.eldiario.net\\\/portal\\\/2023\\\/08\\\/29\\\/suspension-de-interpelaciones-busca-esconder-mala-gestion-de-gobierno\\\/#primaryimage\"},\"thumbnailUrl\":\"https:\\\/\\\/www.eldiario.net\\\/portal\\\/wp-content\\\/uploads\\\/2023\\\/08\\\/ESCONDER-FOTO.jpg\",\"datePublished\":\"2023-08-29T10:53:32+00:00\",\"breadcrumb\":{\"@id\":\"https:\\\/\\\/www.eldiario.net\\\/portal\\\/2023\\\/08\\\/29\\\/suspension-de-interpelaciones-busca-esconder-mala-gestion-de-gobierno\\\/#breadcrumb\"},\"inLanguage\":\"es\",\"potentialAction\":[{\"@type\":\"ReadAction\",\"target\":[\"https:\\\/\\\/www.eldiario.net\\\/portal\\\/2023\\\/08\\\/29\\\/suspension-de-interpelaciones-busca-esconder-mala-gestion-de-gobierno\\\/\"]}]},{\"@type\":\"ImageObject\",\"inLanguage\":\"es\",\"@id\":\"https:\\\/\\\/www.eldiario.net\\\/portal\\\/2023\\\/08\\\/29\\\/suspension-de-interpelaciones-busca-esconder-mala-gestion-de-gobierno\\\/#primaryimage\",\"url\":\"https:\\\/\\\/www.eldiario.net\\\/portal\\\/wp-content\\\/uploads\\\/2023\\\/08\\\/ESCONDER-FOTO.jpg\",\"contentUrl\":\"https:\\\/\\\/www.eldiario.net\\\/portal\\\/wp-content\\\/uploads\\\/2023\\\/08\\\/ESCONDER-FOTO.jpg\",\"width\":1200,\"height\":675,\"caption\":\"Senador Henry Montero (Creemos) CREDITOS \\\/ RRSS\"},{\"@type\":\"BreadcrumbList\",\"@id\":\"https:\\\/\\\/www.eldiario.net\\\/portal\\\/2023\\\/08\\\/29\\\/suspension-de-interpelaciones-busca-esconder-mala-gestion-de-gobierno\\\/#breadcrumb\",\"itemListElement\":[{\"@type\":\"ListItem\",\"position\":1,\"name\":\"Portada\",\"item\":\"https:\\\/\\\/www.eldiario.net\\\/portal\\\/\"},{\"@type\":\"ListItem\",\"position\":2,\"name\":\"Suspensi\u00f3n de interpelaciones busca esconder mala gesti\u00f3n de Gobierno\"}]},{\"@type\":\"WebSite\",\"@id\":\"https:\\\/\\\/www.eldiario.net\\\/portal\\\/#website\",\"url\":\"https:\\\/\\\/www.eldiario.net\\\/portal\\\/\",\"name\":\"El Diario - Decano de la prensa nacional\",\"description\":\"El Diario - Decano de la prensa nacional\",\"publisher\":{\"@id\":\"https:\\\/\\\/www.eldiario.net\\\/portal\\\/#organization\"},\"potentialAction\":[{\"@type\":\"SearchAction\",\"target\":{\"@type\":\"EntryPoint\",\"urlTemplate\":\"https:\\\/\\\/www.eldiario.net\\\/portal\\\/?s={search_term_string}\"},\"query-input\":{\"@type\":\"PropertyValueSpecification\",\"valueRequired\":true,\"valueName\":\"search_term_string\"}}],\"inLanguage\":\"es\"},{\"@type\":\"Organization\",\"@id\":\"https:\\\/\\\/www.eldiario.net\\\/portal\\\/#organization\",\"name\":\"El Diario - Decano de la prensa nacional\",\"url\":\"https:\\\/\\\/www.eldiario.net\\\/portal\\\/\",\"logo\":{\"@type\":\"ImageObject\",\"inLanguage\":\"es\",\"@id\":\"https:\\\/\\\/www.eldiario.net\\\/portal\\\/#\\\/schema\\\/logo\\\/image\\\/\",\"url\":\"https:\\\/\\\/www.eldiario.net\\\/portal\\\/wp-content\\\/uploads\\\/2023\\\/07\\\/logo_ED.jpg\",\"contentUrl\":\"https:\\\/\\\/www.eldiario.net\\\/portal\\\/wp-content\\\/uploads\\\/2023\\\/07\\\/logo_ED.jpg\",\"width\":272,\"height\":52,\"caption\":\"El Diario - Decano de la prensa nacional\"},\"image\":{\"@id\":\"https:\\\/\\\/www.eldiario.net\\\/portal\\\/#\\\/schema\\\/logo\\\/image\\\/\"},\"sameAs\":[\"https:\\\/\\\/www.facebook.com\\\/eldiario.bolivia\\\/\",\"https:\\\/\\\/x.com\\\/eldiario_net\"]},{\"@type\":\"Person\",\"@id\":\"https:\\\/\\\/www.eldiario.net\\\/portal\\\/#\\\/schema\\\/person\\\/2c57cf2b7a7ae032e449e4c9b1019eac\",\"name\":\"Jeanette\",\"image\":{\"@type\":\"ImageObject\",\"inLanguage\":\"es\",\"@id\":\"https:\\\/\\\/secure.gravatar.com\\\/avatar\\\/3ea2118a5f7dad2b7138b1187a6b7ee55f160b9968b66013c3a3ef39dd7e5798?s=96&d=mm&r=g\",\"url\":\"https:\\\/\\\/secure.gravatar.com\\\/avatar\\\/3ea2118a5f7dad2b7138b1187a6b7ee55f160b9968b66013c3a3ef39dd7e5798?s=96&d=mm&r=g\",\"contentUrl\":\"https:\\\/\\\/secure.gravatar.com\\\/avatar\\\/3ea2118a5f7dad2b7138b1187a6b7ee55f160b9968b66013c3a3ef39dd7e5798?s=96&d=mm&r=g\",\"caption\":\"Jeanette\"},\"sameAs\":[\"https:\\\/\\\/www.eldiario.net\\\/portal\"],\"url\":\"https:\\\/\\\/www.eldiario.net\\\/portal\\\/author\\\/jeanette\\\/\"}]}<\/script>\n<!-- \/ Yoast SEO plugin. -->","yoast_head_json":{"title":"Suspensi\u00f3n de interpelaciones busca esconder mala gesti\u00f3n de Gobierno - El Diario - Bolivia","robots":{"index":"index","follow":"follow","max-snippet":"max-snippet:-1","max-image-preview":"max-image-preview:large","max-video-preview":"max-video-preview:-1"},"canonical":"https:\/\/www.eldiario.net\/portal\/2023\/08\/29\/suspension-de-interpelaciones-busca-esconder-mala-gestion-de-gobierno\/","og_locale":"es_ES","og_type":"article","og_title":"Suspensi\u00f3n de interpelaciones busca esconder mala gesti\u00f3n de Gobierno - El Diario - Bolivia","og_description":"Luego de la resoluci\u00f3n judicial que suspendi\u00f3 las interpelaciones a ministros de Estado hasta la emisi\u00f3n de un fallo del Tribunal Constitucional sobre los alcances de la censura parlamentaria, el senador por la agrupaci\u00f3n Creemos, Henry Montero, se\u00f1al\u00f3 que el Gobierno trata de esconder el fracaso de la reactivaci\u00f3n econ\u00f3mica, el ocaso en la producci\u00f3n [&hellip;]","og_url":"https:\/\/www.eldiario.net\/portal\/2023\/08\/29\/suspension-de-interpelaciones-busca-esconder-mala-gestion-de-gobierno\/","og_site_name":"El Diario - Bolivia","article_publisher":"https:\/\/www.facebook.com\/eldiario.bolivia\/","article_published_time":"2023-08-29T10:53:32+00:00","og_image":[{"width":1200,"height":675,"url":"https:\/\/www.eldiario.net\/portal\/wp-content\/uploads\/2023\/08\/ESCONDER-FOTO.jpg","type":"image\/jpeg"}],"author":"Jeanette","twitter_card":"summary_large_image","twitter_creator":"@eldiario_net","twitter_site":"@eldiario_net","twitter_misc":{"Escrito por":"Jeanette","Tiempo de lectura":"2 minutos"},"schema":{"@context":"https:\/\/schema.org","@graph":[{"@type":"Article","@id":"https:\/\/www.eldiario.net\/portal\/2023\/08\/29\/suspension-de-interpelaciones-busca-esconder-mala-gestion-de-gobierno\/#article","isPartOf":{"@id":"https:\/\/www.eldiario.net\/portal\/2023\/08\/29\/suspension-de-interpelaciones-busca-esconder-mala-gestion-de-gobierno\/"},"author":{"name":"Jeanette","@id":"https:\/\/www.eldiario.net\/portal\/#\/schema\/person\/2c57cf2b7a7ae032e449e4c9b1019eac"},"headline":"Suspensi\u00f3n de interpelaciones busca esconder mala gesti\u00f3n de Gobierno","datePublished":"2023-08-29T10:53:32+00:00","mainEntityOfPage":{"@id":"https:\/\/www.eldiario.net\/portal\/2023\/08\/29\/suspension-de-interpelaciones-busca-esconder-mala-gestion-de-gobierno\/"},"wordCount":305,"publisher":{"@id":"https:\/\/www.eldiario.net\/portal\/#organization"},"image":{"@id":"https:\/\/www.eldiario.net\/portal\/2023\/08\/29\/suspension-de-interpelaciones-busca-esconder-mala-gestion-de-gobierno\/#primaryimage"},"thumbnailUrl":"https:\/\/www.eldiario.net\/portal\/wp-content\/uploads\/2023\/08\/ESCONDER-FOTO.jpg","articleSection":["Pol\u00edtica"],"inLanguage":"es"},{"@type":"WebPage","@id":"https:\/\/www.eldiario.net\/portal\/2023\/08\/29\/suspension-de-interpelaciones-busca-esconder-mala-gestion-de-gobierno\/","url":"https:\/\/www.eldiario.net\/portal\/2023\/08\/29\/suspension-de-interpelaciones-busca-esconder-mala-gestion-de-gobierno\/","name":"Suspensi\u00f3n de interpelaciones busca esconder mala gesti\u00f3n de Gobierno - El Diario - Bolivia","isPartOf":{"@id":"https:\/\/www.eldiario.net\/portal\/#website"},"primaryImageOfPage":{"@id":"https:\/\/www.eldiario.net\/portal\/2023\/08\/29\/suspension-de-interpelaciones-busca-esconder-mala-gestion-de-gobierno\/#primaryimage"},"image":{"@id":"https:\/\/www.eldiario.net\/portal\/2023\/08\/29\/suspension-de-interpelaciones-busca-esconder-mala-gestion-de-gobierno\/#primaryimage"},"thumbnailUrl":"https:\/\/www.eldiario.net\/portal\/wp-content\/uploads\/2023\/08\/ESCONDER-FOTO.jpg","datePublished":"2023-08-29T10:53:32+00:00","breadcrumb":{"@id":"https:\/\/www.eldiario.net\/portal\/2023\/08\/29\/suspension-de-interpelaciones-busca-esconder-mala-gestion-de-gobierno\/#breadcrumb"},"inLanguage":"es","potentialAction":[{"@type":"ReadAction","target":["https:\/\/www.eldiario.net\/portal\/2023\/08\/29\/suspension-de-interpelaciones-busca-esconder-mala-gestion-de-gobierno\/"]}]},{"@type":"ImageObject","inLanguage":"es","@id":"https:\/\/www.eldiario.net\/portal\/2023\/08\/29\/suspension-de-interpelaciones-busca-esconder-mala-gestion-de-gobierno\/#primaryimage","url":"https:\/\/www.eldiario.net\/portal\/wp-content\/uploads\/2023\/08\/ESCONDER-FOTO.jpg","contentUrl":"https:\/\/www.eldiario.net\/portal\/wp-content\/uploads\/2023\/08\/ESCONDER-FOTO.jpg","width":1200,"height":675,"caption":"Senador Henry Montero (Creemos) CREDITOS \/ RRSS"},{"@type":"BreadcrumbList","@id":"https:\/\/www.eldiario.net\/portal\/2023\/08\/29\/suspension-de-interpelaciones-busca-esconder-mala-gestion-de-gobierno\/#breadcrumb","itemListElement":[{"@type":"ListItem","position":1,"name":"Portada","item":"https:\/\/www.eldiario.net\/portal\/"},{"@type":"ListItem","position":2,"name":"Suspensi\u00f3n de interpelaciones busca esconder mala gesti\u00f3n de Gobierno"}]},{"@type":"WebSite","@id":"https:\/\/www.eldiario.net\/portal\/#website","url":"https:\/\/www.eldiario.net\/portal\/","name":"El Diario - Decano de la prensa nacional","description":"El Diario - Decano de la prensa nacional","publisher":{"@id":"https:\/\/www.eldiario.net\/portal\/#organization"},"potentialAction":[{"@type":"SearchAction","target":{"@type":"EntryPoint","urlTemplate":"https:\/\/www.eldiario.net\/portal\/?s={search_term_string}"},"query-input":{"@type":"PropertyValueSpecification","valueRequired":true,"valueName":"search_term_string"}}],"inLanguage":"es"},{"@type":"Organization","@id":"https:\/\/www.eldiario.net\/portal\/#organization","name":"El Diario - Decano de la prensa nacional","url":"https:\/\/www.eldiario.net\/portal\/","logo":{"@type":"ImageObject","inLanguage":"es","@id":"https:\/\/www.eldiario.net\/portal\/#\/schema\/logo\/image\/","url":"https:\/\/www.eldiario.net\/portal\/wp-content\/uploads\/2023\/07\/logo_ED.jpg","contentUrl":"https:\/\/www.eldiario.net\/portal\/wp-content\/uploads\/2023\/07\/logo_ED.jpg","width":272,"height":52,"caption":"El Diario - Decano de la prensa nacional"},"image":{"@id":"https:\/\/www.eldiario.net\/portal\/#\/schema\/logo\/image\/"},"sameAs":["https:\/\/www.facebook.com\/eldiario.bolivia\/","https:\/\/x.com\/eldiario_net"]},{"@type":"Person","@id":"https:\/\/www.eldiario.net\/portal\/#\/schema\/person\/2c57cf2b7a7ae032e449e4c9b1019eac","name":"Jeanette","image":{"@type":"ImageObject","inLanguage":"es","@id":"https:\/\/secure.gravatar.com\/avatar\/3ea2118a5f7dad2b7138b1187a6b7ee55f160b9968b66013c3a3ef39dd7e5798?s=96&d=mm&r=g","url":"https:\/\/secure.gravatar.com\/avatar\/3ea2118a5f7dad2b7138b1187a6b7ee55f160b9968b66013c3a3ef39dd7e5798?s=96&d=mm&r=g","contentUrl":"https:\/\/secure.gravatar.com\/avatar\/3ea2118a5f7dad2b7138b1187a6b7ee55f160b9968b66013c3a3ef39dd7e5798?s=96&d=mm&r=g","caption":"Jeanette"},"sameAs":["https:\/\/www.eldiario.net\/portal"],"url":"https:\/\/www.eldiario.net\/portal\/author\/jeanette\/"}]}},"_links":{"self":[{"href":"https:\/\/www.eldiario.net\/portal\/wp-json\/wp\/v2\/posts\/173703","targetHints":{"allow":["GET"]}}],"collection":[{"href":"https:\/\/www.eldiario.net\/portal\/wp-json\/wp\/v2\/posts"}],"about":[{"href":"https:\/\/www.eldiario.net\/portal\/wp-json\/wp\/v2\/types\/post"}],"author":[{"embeddable":true,"href":"https:\/\/www.eldiario.net\/portal\/wp-json\/wp\/v2\/users\/1"}],"replies":[{"embeddable":true,"href":"https:\/\/www.eldiario.net\/portal\/wp-json\/wp\/v2\/comments?post=173703"}],"version-history":[{"count":0,"href":"https:\/\/www.eldiario.net\/portal\/wp-json\/wp\/v2\/posts\/173703\/revisions"}],"wp:featuredmedia":[{"embeddable":true,"href":"https:\/\/www.eldiario.net\/portal\/wp-json\/wp\/v2\/media\/173704"}],"wp:attachment":[{"href":"https:\/\/www.eldiario.net\/portal\/wp-json\/wp\/v2\/media?parent=173703"}],"wp:term":[{"taxonomy":"category","embeddable":true,"href":"https:\/\/www.eldiario.net\/portal\/wp-json\/wp\/v2\/categories?post=173703"},{"taxonomy":"post_tag","embeddable":true,"href":"https:\/\/www.eldiario.net\/portal\/wp-json\/wp\/v2\/tags?post=173703"}],"curies":[{"name":"wp","href":"https:\/\/api.w.org\/{rel}","templated":true}]}}