{"id":173700,"date":"2023-08-29T06:52:38","date_gmt":"2023-08-29T10:52:38","guid":{"rendered":"https:\/\/www.eldiario.net\/portal\/?p=173700"},"modified":"2023-08-29T06:52:38","modified_gmt":"2023-08-29T10:52:38","slug":"tcp-rechaza-recurso-contra-la-gestora-pese-a-vulneracion-de-la-constitucion","status":"publish","type":"post","link":"https:\/\/www.eldiario.net\/portal\/2023\/08\/29\/tcp-rechaza-recurso-contra-la-gestora-pese-a-vulneracion-de-la-constitucion\/","title":{"rendered":"TCP rechaza recurso contra la Gestora  pese a vulneraci\u00f3n de la Constituci\u00f3n"},"content":{"rendered":"<p>El senador por Comunidad Ciudadana (CC), Rodrigo Paz Pereira, inform\u00f3 que el Tribunal Constitucional Plurinacional (TCP) rechaz\u00f3 la acci\u00f3n abstracta de inconstitucionalidad de creaci\u00f3n de la Gestora P\u00fablica de la Seguridad Social de Largo Plazo, que vulnera los art\u00edculos 176 y 149 de la Constituci\u00f3n Pol\u00edtica del Estado. Anunci\u00f3 que presentar\u00e1n una impugnaci\u00f3n por dicha decisi\u00f3n.<\/p>\n<p>\u201cCreo que esto es un abuso porque son recursos de los bolivianos que est\u00e1n siendo administrados por una instituci\u00f3n que no se le niega el derecho a que exista, pero lo que s\u00ed se nos han negado es el derecho a elegir donde queremos que nuestros ahorros de toda la vida sean administrados\u201d, manifest\u00f3 en conferencia de prensa el legislador representante de Tarija.<\/p>\n<p>En criterio de Paz, otro punto que debe preocupar es que, en cuatro meses, antes que los ahorros de los bolivianos sean administrados por la Gestora, Las privadas Administradoras de Fondos de Pensiones desembolsaron al Estado Bs 950 millones, en tanto que la actual Gestora, en dos meses de funcionamiento, realiz\u00f3 desembolso de Bs 1.350 millones al Estado, aparte de los 7 mil millones de d\u00f3lares que ya se prest\u00f3 el Estado central de las AFP.<\/p>\n<p>\u201cEs para suplir el gasto corriente y mantener las fracasadas empresas nacionales, en la necesidad que tiene el gobierno central de captar recursos. Esto da una se\u00f1al clara de lo que est\u00e1 ocurriendo con nuestros recursos\u201d, asegur\u00f3.<\/p>\n<p>El recurso rechazado fue presentado el pasado mes de mayo, en coordinaci\u00f3n con la Federaci\u00f3n de Jubilados de La Paz, el Colegio M\u00e9dico de Sucre, Sirmes, la Comisi\u00f3n Social de Colegio de Abogados La Paz, la Confederaci\u00f3n \u00danica de Docentes y la Asociaci\u00f3n de Aportantes del Sistema Integral de Pensiones de Santa Cruz.<\/p>\n","protected":false},"excerpt":{"rendered":"<p>El senador por Comunidad Ciudadana (CC), Rodrigo Paz Pereira, inform\u00f3 que el Tribunal Constitucional Plurinacional (TCP) rechaz\u00f3 la acci\u00f3n abstracta de inconstitucionalidad de creaci\u00f3n de la Gestora P\u00fablica de la Seguridad Social de Largo Plazo, que vulnera los art\u00edculos 176 y 149 de la Constituci\u00f3n Pol\u00edtica del Estado. Anunci\u00f3 que presentar\u00e1n una impugnaci\u00f3n por dicha [&hellip;]<\/p>\n","protected":false},"author":1,"featured_media":173701,"comment_status":"closed","ping_status":"open","sticky":false,"template":"","format":"standard","meta":{"_acf_changed":false,"footnotes":""},"categories":[14],"tags":[],"class_list":["post-173700","post","type-post","status-publish","format-standard","has-post-thumbnail","category-politica"],"acf":{"antetitulo":""},"yoast_head":"<!-- This site is optimized with the Yoast SEO plugin v28.4 - https:\/\/yoast.com\/product\/yoast-seo-wordpress\/ -->\n<title>TCP rechaza recurso contra la Gestora pese a vulneraci\u00f3n de la Constituci\u00f3n - El Diario - Bolivia<\/title>\n<meta name=\"robots\" content=\"index, follow, max-snippet:-1, max-image-preview:large, max-video-preview:-1\" \/>\n<link rel=\"canonical\" href=\"https:\/\/www.eldiario.net\/portal\/2023\/08\/29\/tcp-rechaza-recurso-contra-la-gestora-pese-a-vulneracion-de-la-constitucion\/\" \/>\n<meta property=\"og:locale\" content=\"es_ES\" \/>\n<meta property=\"og:type\" content=\"article\" \/>\n<meta property=\"og:title\" content=\"TCP rechaza recurso contra la Gestora pese a vulneraci\u00f3n de la Constituci\u00f3n - El Diario - Bolivia\" \/>\n<meta property=\"og:description\" content=\"El senador por Comunidad Ciudadana (CC), Rodrigo Paz Pereira, inform\u00f3 que el Tribunal Constitucional Plurinacional (TCP) rechaz\u00f3 la acci\u00f3n abstracta de inconstitucionalidad de creaci\u00f3n de la Gestora P\u00fablica de la Seguridad Social de Largo Plazo, que vulnera los art\u00edculos 176 y 149 de la Constituci\u00f3n Pol\u00edtica del Estado. Anunci\u00f3 que presentar\u00e1n una impugnaci\u00f3n por dicha [&hellip;]\" \/>\n<meta property=\"og:url\" content=\"https:\/\/www.eldiario.net\/portal\/2023\/08\/29\/tcp-rechaza-recurso-contra-la-gestora-pese-a-vulneracion-de-la-constitucion\/\" \/>\n<meta property=\"og:site_name\" content=\"El Diario - Bolivia\" \/>\n<meta property=\"article:publisher\" content=\"https:\/\/www.facebook.com\/eldiario.bolivia\/\" \/>\n<meta property=\"article:published_time\" content=\"2023-08-29T10:52:38+00:00\" \/>\n<meta property=\"og:image\" content=\"https:\/\/www.eldiario.net\/portal\/wp-content\/uploads\/2023\/08\/GESTORA-FOTO-1.jpg\" \/>\n\t<meta property=\"og:image:width\" content=\"1590\" \/>\n\t<meta property=\"og:image:height\" content=\"1080\" \/>\n\t<meta property=\"og:image:type\" content=\"image\/jpeg\" \/>\n<meta name=\"author\" content=\"Jeanette\" \/>\n<meta name=\"twitter:card\" content=\"summary_large_image\" \/>\n<meta name=\"twitter:creator\" content=\"@eldiario_net\" \/>\n<meta name=\"twitter:site\" content=\"@eldiario_net\" \/>\n<meta name=\"twitter:label1\" content=\"Escrito por\" \/>\n\t<meta name=\"twitter:data1\" content=\"Jeanette\" \/>\n\t<meta name=\"twitter:label2\" content=\"Tiempo de lectura\" \/>\n\t<meta name=\"twitter:data2\" content=\"2 minutos\" \/>\n<script type=\"application\/ld+json\" class=\"yoast-schema-graph\">{\"@context\":\"https:\\\/\\\/schema.org\",\"@graph\":[{\"@type\":\"Article\",\"@id\":\"https:\\\/\\\/www.eldiario.net\\\/portal\\\/2023\\\/08\\\/29\\\/tcp-rechaza-recurso-contra-la-gestora-pese-a-vulneracion-de-la-constitucion\\\/#article\",\"isPartOf\":{\"@id\":\"https:\\\/\\\/www.eldiario.net\\\/portal\\\/2023\\\/08\\\/29\\\/tcp-rechaza-recurso-contra-la-gestora-pese-a-vulneracion-de-la-constitucion\\\/\"},\"author\":{\"name\":\"Jeanette\",\"@id\":\"https:\\\/\\\/www.eldiario.net\\\/portal\\\/#\\\/schema\\\/person\\\/2c57cf2b7a7ae032e449e4c9b1019eac\"},\"headline\":\"TCP rechaza recurso contra la Gestora pese a vulneraci\u00f3n de la Constituci\u00f3n\",\"datePublished\":\"2023-08-29T10:52:38+00:00\",\"mainEntityOfPage\":{\"@id\":\"https:\\\/\\\/www.eldiario.net\\\/portal\\\/2023\\\/08\\\/29\\\/tcp-rechaza-recurso-contra-la-gestora-pese-a-vulneracion-de-la-constitucion\\\/\"},\"wordCount\":313,\"publisher\":{\"@id\":\"https:\\\/\\\/www.eldiario.net\\\/portal\\\/#organization\"},\"image\":{\"@id\":\"https:\\\/\\\/www.eldiario.net\\\/portal\\\/2023\\\/08\\\/29\\\/tcp-rechaza-recurso-contra-la-gestora-pese-a-vulneracion-de-la-constitucion\\\/#primaryimage\"},\"thumbnailUrl\":\"https:\\\/\\\/www.eldiario.net\\\/portal\\\/wp-content\\\/uploads\\\/2023\\\/08\\\/GESTORA-FOTO-1.jpg\",\"articleSection\":[\"Pol\u00edtica\"],\"inLanguage\":\"es\"},{\"@type\":\"WebPage\",\"@id\":\"https:\\\/\\\/www.eldiario.net\\\/portal\\\/2023\\\/08\\\/29\\\/tcp-rechaza-recurso-contra-la-gestora-pese-a-vulneracion-de-la-constitucion\\\/\",\"url\":\"https:\\\/\\\/www.eldiario.net\\\/portal\\\/2023\\\/08\\\/29\\\/tcp-rechaza-recurso-contra-la-gestora-pese-a-vulneracion-de-la-constitucion\\\/\",\"name\":\"TCP rechaza recurso contra la Gestora pese a vulneraci\u00f3n de la Constituci\u00f3n - El Diario - Bolivia\",\"isPartOf\":{\"@id\":\"https:\\\/\\\/www.eldiario.net\\\/portal\\\/#website\"},\"primaryImageOfPage\":{\"@id\":\"https:\\\/\\\/www.eldiario.net\\\/portal\\\/2023\\\/08\\\/29\\\/tcp-rechaza-recurso-contra-la-gestora-pese-a-vulneracion-de-la-constitucion\\\/#primaryimage\"},\"image\":{\"@id\":\"https:\\\/\\\/www.eldiario.net\\\/portal\\\/2023\\\/08\\\/29\\\/tcp-rechaza-recurso-contra-la-gestora-pese-a-vulneracion-de-la-constitucion\\\/#primaryimage\"},\"thumbnailUrl\":\"https:\\\/\\\/www.eldiario.net\\\/portal\\\/wp-content\\\/uploads\\\/2023\\\/08\\\/GESTORA-FOTO-1.jpg\",\"datePublished\":\"2023-08-29T10:52:38+00:00\",\"breadcrumb\":{\"@id\":\"https:\\\/\\\/www.eldiario.net\\\/portal\\\/2023\\\/08\\\/29\\\/tcp-rechaza-recurso-contra-la-gestora-pese-a-vulneracion-de-la-constitucion\\\/#breadcrumb\"},\"inLanguage\":\"es\",\"potentialAction\":[{\"@type\":\"ReadAction\",\"target\":[\"https:\\\/\\\/www.eldiario.net\\\/portal\\\/2023\\\/08\\\/29\\\/tcp-rechaza-recurso-contra-la-gestora-pese-a-vulneracion-de-la-constitucion\\\/\"]}]},{\"@type\":\"ImageObject\",\"inLanguage\":\"es\",\"@id\":\"https:\\\/\\\/www.eldiario.net\\\/portal\\\/2023\\\/08\\\/29\\\/tcp-rechaza-recurso-contra-la-gestora-pese-a-vulneracion-de-la-constitucion\\\/#primaryimage\",\"url\":\"https:\\\/\\\/www.eldiario.net\\\/portal\\\/wp-content\\\/uploads\\\/2023\\\/08\\\/GESTORA-FOTO-1.jpg\",\"contentUrl\":\"https:\\\/\\\/www.eldiario.net\\\/portal\\\/wp-content\\\/uploads\\\/2023\\\/08\\\/GESTORA-FOTO-1.jpg\",\"width\":1590,\"height\":1080,\"caption\":\"Senador Rodrigo Paz (CC) CREDITOS \\\/ RRSS\"},{\"@type\":\"BreadcrumbList\",\"@id\":\"https:\\\/\\\/www.eldiario.net\\\/portal\\\/2023\\\/08\\\/29\\\/tcp-rechaza-recurso-contra-la-gestora-pese-a-vulneracion-de-la-constitucion\\\/#breadcrumb\",\"itemListElement\":[{\"@type\":\"ListItem\",\"position\":1,\"name\":\"Portada\",\"item\":\"https:\\\/\\\/www.eldiario.net\\\/portal\\\/\"},{\"@type\":\"ListItem\",\"position\":2,\"name\":\"TCP rechaza recurso contra la Gestora pese a vulneraci\u00f3n de la Constituci\u00f3n\"}]},{\"@type\":\"WebSite\",\"@id\":\"https:\\\/\\\/www.eldiario.net\\\/portal\\\/#website\",\"url\":\"https:\\\/\\\/www.eldiario.net\\\/portal\\\/\",\"name\":\"El Diario - Decano de la prensa nacional\",\"description\":\"El Diario - Decano de la prensa nacional\",\"publisher\":{\"@id\":\"https:\\\/\\\/www.eldiario.net\\\/portal\\\/#organization\"},\"potentialAction\":[{\"@type\":\"SearchAction\",\"target\":{\"@type\":\"EntryPoint\",\"urlTemplate\":\"https:\\\/\\\/www.eldiario.net\\\/portal\\\/?s={search_term_string}\"},\"query-input\":{\"@type\":\"PropertyValueSpecification\",\"valueRequired\":true,\"valueName\":\"search_term_string\"}}],\"inLanguage\":\"es\"},{\"@type\":\"Organization\",\"@id\":\"https:\\\/\\\/www.eldiario.net\\\/portal\\\/#organization\",\"name\":\"El Diario - Decano de la prensa nacional\",\"url\":\"https:\\\/\\\/www.eldiario.net\\\/portal\\\/\",\"logo\":{\"@type\":\"ImageObject\",\"inLanguage\":\"es\",\"@id\":\"https:\\\/\\\/www.eldiario.net\\\/portal\\\/#\\\/schema\\\/logo\\\/image\\\/\",\"url\":\"https:\\\/\\\/www.eldiario.net\\\/portal\\\/wp-content\\\/uploads\\\/2023\\\/07\\\/logo_ED.jpg\",\"contentUrl\":\"https:\\\/\\\/www.eldiario.net\\\/portal\\\/wp-content\\\/uploads\\\/2023\\\/07\\\/logo_ED.jpg\",\"width\":272,\"height\":52,\"caption\":\"El Diario - Decano de la prensa nacional\"},\"image\":{\"@id\":\"https:\\\/\\\/www.eldiario.net\\\/portal\\\/#\\\/schema\\\/logo\\\/image\\\/\"},\"sameAs\":[\"https:\\\/\\\/www.facebook.com\\\/eldiario.bolivia\\\/\",\"https:\\\/\\\/x.com\\\/eldiario_net\"]},{\"@type\":\"Person\",\"@id\":\"https:\\\/\\\/www.eldiario.net\\\/portal\\\/#\\\/schema\\\/person\\\/2c57cf2b7a7ae032e449e4c9b1019eac\",\"name\":\"Jeanette\",\"image\":{\"@type\":\"ImageObject\",\"inLanguage\":\"es\",\"@id\":\"https:\\\/\\\/secure.gravatar.com\\\/avatar\\\/3ea2118a5f7dad2b7138b1187a6b7ee55f160b9968b66013c3a3ef39dd7e5798?s=96&d=mm&r=g\",\"url\":\"https:\\\/\\\/secure.gravatar.com\\\/avatar\\\/3ea2118a5f7dad2b7138b1187a6b7ee55f160b9968b66013c3a3ef39dd7e5798?s=96&d=mm&r=g\",\"contentUrl\":\"https:\\\/\\\/secure.gravatar.com\\\/avatar\\\/3ea2118a5f7dad2b7138b1187a6b7ee55f160b9968b66013c3a3ef39dd7e5798?s=96&d=mm&r=g\",\"caption\":\"Jeanette\"},\"sameAs\":[\"https:\\\/\\\/www.eldiario.net\\\/portal\"],\"url\":\"https:\\\/\\\/www.eldiario.net\\\/portal\\\/author\\\/jeanette\\\/\"}]}<\/script>\n<!-- \/ Yoast SEO plugin. -->","yoast_head_json":{"title":"TCP rechaza recurso contra la Gestora pese a vulneraci\u00f3n de la Constituci\u00f3n - El Diario - Bolivia","robots":{"index":"index","follow":"follow","max-snippet":"max-snippet:-1","max-image-preview":"max-image-preview:large","max-video-preview":"max-video-preview:-1"},"canonical":"https:\/\/www.eldiario.net\/portal\/2023\/08\/29\/tcp-rechaza-recurso-contra-la-gestora-pese-a-vulneracion-de-la-constitucion\/","og_locale":"es_ES","og_type":"article","og_title":"TCP rechaza recurso contra la Gestora pese a vulneraci\u00f3n de la Constituci\u00f3n - El Diario - Bolivia","og_description":"El senador por Comunidad Ciudadana (CC), Rodrigo Paz Pereira, inform\u00f3 que el Tribunal Constitucional Plurinacional (TCP) rechaz\u00f3 la acci\u00f3n abstracta de inconstitucionalidad de creaci\u00f3n de la Gestora P\u00fablica de la Seguridad Social de Largo Plazo, que vulnera los art\u00edculos 176 y 149 de la Constituci\u00f3n Pol\u00edtica del Estado. Anunci\u00f3 que presentar\u00e1n una impugnaci\u00f3n por dicha [&hellip;]","og_url":"https:\/\/www.eldiario.net\/portal\/2023\/08\/29\/tcp-rechaza-recurso-contra-la-gestora-pese-a-vulneracion-de-la-constitucion\/","og_site_name":"El Diario - Bolivia","article_publisher":"https:\/\/www.facebook.com\/eldiario.bolivia\/","article_published_time":"2023-08-29T10:52:38+00:00","og_image":[{"width":1590,"height":1080,"url":"https:\/\/www.eldiario.net\/portal\/wp-content\/uploads\/2023\/08\/GESTORA-FOTO-1.jpg","type":"image\/jpeg"}],"author":"Jeanette","twitter_card":"summary_large_image","twitter_creator":"@eldiario_net","twitter_site":"@eldiario_net","twitter_misc":{"Escrito por":"Jeanette","Tiempo de lectura":"2 minutos"},"schema":{"@context":"https:\/\/schema.org","@graph":[{"@type":"Article","@id":"https:\/\/www.eldiario.net\/portal\/2023\/08\/29\/tcp-rechaza-recurso-contra-la-gestora-pese-a-vulneracion-de-la-constitucion\/#article","isPartOf":{"@id":"https:\/\/www.eldiario.net\/portal\/2023\/08\/29\/tcp-rechaza-recurso-contra-la-gestora-pese-a-vulneracion-de-la-constitucion\/"},"author":{"name":"Jeanette","@id":"https:\/\/www.eldiario.net\/portal\/#\/schema\/person\/2c57cf2b7a7ae032e449e4c9b1019eac"},"headline":"TCP rechaza recurso contra la Gestora pese a vulneraci\u00f3n de la Constituci\u00f3n","datePublished":"2023-08-29T10:52:38+00:00","mainEntityOfPage":{"@id":"https:\/\/www.eldiario.net\/portal\/2023\/08\/29\/tcp-rechaza-recurso-contra-la-gestora-pese-a-vulneracion-de-la-constitucion\/"},"wordCount":313,"publisher":{"@id":"https:\/\/www.eldiario.net\/portal\/#organization"},"image":{"@id":"https:\/\/www.eldiario.net\/portal\/2023\/08\/29\/tcp-rechaza-recurso-contra-la-gestora-pese-a-vulneracion-de-la-constitucion\/#primaryimage"},"thumbnailUrl":"https:\/\/www.eldiario.net\/portal\/wp-content\/uploads\/2023\/08\/GESTORA-FOTO-1.jpg","articleSection":["Pol\u00edtica"],"inLanguage":"es"},{"@type":"WebPage","@id":"https:\/\/www.eldiario.net\/portal\/2023\/08\/29\/tcp-rechaza-recurso-contra-la-gestora-pese-a-vulneracion-de-la-constitucion\/","url":"https:\/\/www.eldiario.net\/portal\/2023\/08\/29\/tcp-rechaza-recurso-contra-la-gestora-pese-a-vulneracion-de-la-constitucion\/","name":"TCP rechaza recurso contra la Gestora pese a vulneraci\u00f3n de la Constituci\u00f3n - El Diario - Bolivia","isPartOf":{"@id":"https:\/\/www.eldiario.net\/portal\/#website"},"primaryImageOfPage":{"@id":"https:\/\/www.eldiario.net\/portal\/2023\/08\/29\/tcp-rechaza-recurso-contra-la-gestora-pese-a-vulneracion-de-la-constitucion\/#primaryimage"},"image":{"@id":"https:\/\/www.eldiario.net\/portal\/2023\/08\/29\/tcp-rechaza-recurso-contra-la-gestora-pese-a-vulneracion-de-la-constitucion\/#primaryimage"},"thumbnailUrl":"https:\/\/www.eldiario.net\/portal\/wp-content\/uploads\/2023\/08\/GESTORA-FOTO-1.jpg","datePublished":"2023-08-29T10:52:38+00:00","breadcrumb":{"@id":"https:\/\/www.eldiario.net\/portal\/2023\/08\/29\/tcp-rechaza-recurso-contra-la-gestora-pese-a-vulneracion-de-la-constitucion\/#breadcrumb"},"inLanguage":"es","potentialAction":[{"@type":"ReadAction","target":["https:\/\/www.eldiario.net\/portal\/2023\/08\/29\/tcp-rechaza-recurso-contra-la-gestora-pese-a-vulneracion-de-la-constitucion\/"]}]},{"@type":"ImageObject","inLanguage":"es","@id":"https:\/\/www.eldiario.net\/portal\/2023\/08\/29\/tcp-rechaza-recurso-contra-la-gestora-pese-a-vulneracion-de-la-constitucion\/#primaryimage","url":"https:\/\/www.eldiario.net\/portal\/wp-content\/uploads\/2023\/08\/GESTORA-FOTO-1.jpg","contentUrl":"https:\/\/www.eldiario.net\/portal\/wp-content\/uploads\/2023\/08\/GESTORA-FOTO-1.jpg","width":1590,"height":1080,"caption":"Senador Rodrigo Paz (CC) CREDITOS \/ RRSS"},{"@type":"BreadcrumbList","@id":"https:\/\/www.eldiario.net\/portal\/2023\/08\/29\/tcp-rechaza-recurso-contra-la-gestora-pese-a-vulneracion-de-la-constitucion\/#breadcrumb","itemListElement":[{"@type":"ListItem","position":1,"name":"Portada","item":"https:\/\/www.eldiario.net\/portal\/"},{"@type":"ListItem","position":2,"name":"TCP rechaza recurso contra la Gestora pese a vulneraci\u00f3n de la Constituci\u00f3n"}]},{"@type":"WebSite","@id":"https:\/\/www.eldiario.net\/portal\/#website","url":"https:\/\/www.eldiario.net\/portal\/","name":"El Diario - Decano de la prensa nacional","description":"El Diario - Decano de la prensa nacional","publisher":{"@id":"https:\/\/www.eldiario.net\/portal\/#organization"},"potentialAction":[{"@type":"SearchAction","target":{"@type":"EntryPoint","urlTemplate":"https:\/\/www.eldiario.net\/portal\/?s={search_term_string}"},"query-input":{"@type":"PropertyValueSpecification","valueRequired":true,"valueName":"search_term_string"}}],"inLanguage":"es"},{"@type":"Organization","@id":"https:\/\/www.eldiario.net\/portal\/#organization","name":"El Diario - Decano de la prensa nacional","url":"https:\/\/www.eldiario.net\/portal\/","logo":{"@type":"ImageObject","inLanguage":"es","@id":"https:\/\/www.eldiario.net\/portal\/#\/schema\/logo\/image\/","url":"https:\/\/www.eldiario.net\/portal\/wp-content\/uploads\/2023\/07\/logo_ED.jpg","contentUrl":"https:\/\/www.eldiario.net\/portal\/wp-content\/uploads\/2023\/07\/logo_ED.jpg","width":272,"height":52,"caption":"El Diario - Decano de la prensa nacional"},"image":{"@id":"https:\/\/www.eldiario.net\/portal\/#\/schema\/logo\/image\/"},"sameAs":["https:\/\/www.facebook.com\/eldiario.bolivia\/","https:\/\/x.com\/eldiario_net"]},{"@type":"Person","@id":"https:\/\/www.eldiario.net\/portal\/#\/schema\/person\/2c57cf2b7a7ae032e449e4c9b1019eac","name":"Jeanette","image":{"@type":"ImageObject","inLanguage":"es","@id":"https:\/\/secure.gravatar.com\/avatar\/3ea2118a5f7dad2b7138b1187a6b7ee55f160b9968b66013c3a3ef39dd7e5798?s=96&d=mm&r=g","url":"https:\/\/secure.gravatar.com\/avatar\/3ea2118a5f7dad2b7138b1187a6b7ee55f160b9968b66013c3a3ef39dd7e5798?s=96&d=mm&r=g","contentUrl":"https:\/\/secure.gravatar.com\/avatar\/3ea2118a5f7dad2b7138b1187a6b7ee55f160b9968b66013c3a3ef39dd7e5798?s=96&d=mm&r=g","caption":"Jeanette"},"sameAs":["https:\/\/www.eldiario.net\/portal"],"url":"https:\/\/www.eldiario.net\/portal\/author\/jeanette\/"}]}},"_links":{"self":[{"href":"https:\/\/www.eldiario.net\/portal\/wp-json\/wp\/v2\/posts\/173700","targetHints":{"allow":["GET"]}}],"collection":[{"href":"https:\/\/www.eldiario.net\/portal\/wp-json\/wp\/v2\/posts"}],"about":[{"href":"https:\/\/www.eldiario.net\/portal\/wp-json\/wp\/v2\/types\/post"}],"author":[{"embeddable":true,"href":"https:\/\/www.eldiario.net\/portal\/wp-json\/wp\/v2\/users\/1"}],"replies":[{"embeddable":true,"href":"https:\/\/www.eldiario.net\/portal\/wp-json\/wp\/v2\/comments?post=173700"}],"version-history":[{"count":0,"href":"https:\/\/www.eldiario.net\/portal\/wp-json\/wp\/v2\/posts\/173700\/revisions"}],"wp:featuredmedia":[{"embeddable":true,"href":"https:\/\/www.eldiario.net\/portal\/wp-json\/wp\/v2\/media\/173701"}],"wp:attachment":[{"href":"https:\/\/www.eldiario.net\/portal\/wp-json\/wp\/v2\/media?parent=173700"}],"wp:term":[{"taxonomy":"category","embeddable":true,"href":"https:\/\/www.eldiario.net\/portal\/wp-json\/wp\/v2\/categories?post=173700"},{"taxonomy":"post_tag","embeddable":true,"href":"https:\/\/www.eldiario.net\/portal\/wp-json\/wp\/v2\/tags?post=173700"}],"curies":[{"name":"wp","href":"https:\/\/api.w.org\/{rel}","templated":true}]}}