{"id":173578,"date":"2023-08-28T12:30:36","date_gmt":"2023-08-28T16:30:36","guid":{"rendered":"https:\/\/www.eldiario.net\/portal\/?p=173578"},"modified":"2023-08-28T12:30:36","modified_gmt":"2023-08-28T16:30:36","slug":"el-partido-ante-panama-si-le-sirvio-a-gustavo-costas","status":"publish","type":"post","link":"https:\/\/www.eldiario.net\/portal\/2023\/08\/28\/el-partido-ante-panama-si-le-sirvio-a-gustavo-costas\/","title":{"rendered":"El partido ante Panam\u00e1 s\u00ed le sirvi\u00f3 a Gustavo Costas"},"content":{"rendered":"<p>Criterios dispares ha generado el partido perdido de la Selecci\u00f3n Nacional ante Panam\u00e1, disputado el domingo en el estadio F\u00e9lix Capriles.<\/p>\n<p>Unos piensan que no sirvi\u00f3 de nada, porque el equipo que present\u00f3 Gustavo Costas ante los centroamericanos no ser\u00e1 el que se medir\u00e1 ante Brasil y Argentina, en el inicio de las Eliminatorias del Mundial 2026.<\/p>\n<p>Los mismos, piensan que este partido confirm\u00f3 que hoy en d\u00eda no se puede prescindir de los jugadores de Bol\u00edvar, quienes son la base de la Verde, guste o no a un sector de la hinchada nacional.<\/p>\n<p>Otros piensan que s\u00ed sirvi\u00f3 a Costas y mucho, porque los nuevos jugadores que tuvieron fogueo en este encuentro internacional, son el futuro de la Selecci\u00f3n Nacional y quienes defender\u00e1n a la Verde en esta y las siguientes Eliminatorias.<\/p>\n<p>Es indudable que uno siempre quiere ver a su seleccionado ganancioso, que anote goles para festejar en las grader\u00edas un triunfo del representativo nacional.<\/p>\n<p>Pero, estos partidos de preparaci\u00f3n s\u00ed tienen sentido por el hecho de que el entrenador prueba alternativas de cara al futuro y los siguientes compromisos, tomando en cuenta de que las Eliminatorias son largas y los nuevos jugadores necesitan rodaje.<\/p>\n<p>Entonces partidos como los de Panam\u00e1 permiten ver errores que se siguen produciendo, producto del poco entrenamiento que ha podido tener el seleccionado y que si no se ven en este tipo de encuentros, ser\u00e1 dif\u00edcil ver a futuro los mismos.<\/p>\n<p>Es evidente que los jugadores de Bol\u00edvar le dan hoy otra dimensi\u00f3n a la Selecci\u00f3n Nacional, y ser\u00e1n ellos m\u00e1s la nueva camada de jugadores quienes le dar\u00e1n presencia a la Verde en las Eliminatorias.<\/p>\n<p>Hizo muy bien el timonel Gustavo Costas en darles su espaldarazo a los jugadores de la Selecci\u00f3n, sobre todo a los m\u00e1s j\u00f3venes, tras el encuentro ante Panam\u00e1.<\/p>\n<p>\u201cTengo fe en el equipo, me gust\u00f3 mucho el desenvolvimiento de algunos a quienes conocimos, hay que seguir trabajando\u201d, manifest\u00f3 el experimentado entrenador.<\/p>\n<p>A\u00fan hay mucha tela por cortar y no ha comenzado las Eliminatorias, Costas tiene el panorama claro y sabe hacia donde apunta. Esperemos que eso alcance\u2026<\/p>\n","protected":false},"excerpt":{"rendered":"<p>Criterios dispares ha generado el partido perdido de la Selecci\u00f3n Nacional ante Panam\u00e1, disputado el domingo en el estadio F\u00e9lix Capriles. Unos piensan que no sirvi\u00f3 de nada, porque el equipo que present\u00f3 Gustavo Costas ante los centroamericanos no ser\u00e1 el que se medir\u00e1 ante Brasil y Argentina, en el inicio de las Eliminatorias del [&hellip;]<\/p>\n","protected":false},"author":3,"featured_media":173579,"comment_status":"closed","ping_status":"open","sticky":false,"template":"","format":"standard","meta":{"_acf_changed":false,"footnotes":""},"categories":[6],"tags":[],"class_list":["post-173578","post","type-post","status-publish","format-standard","has-post-thumbnail","category-deportes"],"acf":{"antetitulo":""},"yoast_head":"<!-- This site is optimized with the Yoast SEO plugin v28.4 - https:\/\/yoast.com\/product\/yoast-seo-wordpress\/ -->\n<title>El partido ante Panam\u00e1 s\u00ed le sirvi\u00f3 a Gustavo Costas - El Diario - Bolivia<\/title>\n<meta name=\"robots\" content=\"index, follow, max-snippet:-1, max-image-preview:large, max-video-preview:-1\" \/>\n<link rel=\"canonical\" href=\"https:\/\/www.eldiario.net\/portal\/2023\/08\/28\/el-partido-ante-panama-si-le-sirvio-a-gustavo-costas\/\" \/>\n<meta property=\"og:locale\" content=\"es_ES\" \/>\n<meta property=\"og:type\" content=\"article\" \/>\n<meta property=\"og:title\" content=\"El partido ante Panam\u00e1 s\u00ed le sirvi\u00f3 a Gustavo Costas - El Diario - Bolivia\" \/>\n<meta property=\"og:description\" content=\"Criterios dispares ha generado el partido perdido de la Selecci\u00f3n Nacional ante Panam\u00e1, disputado el domingo en el estadio F\u00e9lix Capriles. Unos piensan que no sirvi\u00f3 de nada, porque el equipo que present\u00f3 Gustavo Costas ante los centroamericanos no ser\u00e1 el que se medir\u00e1 ante Brasil y Argentina, en el inicio de las Eliminatorias del [&hellip;]\" \/>\n<meta property=\"og:url\" content=\"https:\/\/www.eldiario.net\/portal\/2023\/08\/28\/el-partido-ante-panama-si-le-sirvio-a-gustavo-costas\/\" \/>\n<meta property=\"og:site_name\" content=\"El Diario - Bolivia\" \/>\n<meta property=\"article:publisher\" content=\"https:\/\/www.facebook.com\/eldiario.bolivia\/\" \/>\n<meta property=\"article:published_time\" content=\"2023-08-28T16:30:36+00:00\" \/>\n<meta property=\"og:image\" content=\"https:\/\/www.eldiario.net\/portal\/wp-content\/uploads\/2023\/08\/equipo-Bolivia-Panama.jpg\" \/>\n\t<meta property=\"og:image:width\" content=\"1506\" \/>\n\t<meta property=\"og:image:height\" content=\"997\" \/>\n\t<meta property=\"og:image:type\" content=\"image\/jpeg\" \/>\n<meta name=\"author\" content=\"Jhonny Mollinedo\" \/>\n<meta name=\"twitter:card\" content=\"summary_large_image\" \/>\n<meta name=\"twitter:creator\" content=\"@eldiario_net\" \/>\n<meta name=\"twitter:site\" content=\"@eldiario_net\" \/>\n<meta name=\"twitter:label1\" content=\"Escrito por\" \/>\n\t<meta name=\"twitter:data1\" content=\"Jhonny Mollinedo\" \/>\n\t<meta name=\"twitter:label2\" content=\"Tiempo de lectura\" \/>\n\t<meta name=\"twitter:data2\" content=\"2 minutos\" \/>\n<script type=\"application\/ld+json\" class=\"yoast-schema-graph\">{\"@context\":\"https:\\\/\\\/schema.org\",\"@graph\":[{\"@type\":\"Article\",\"@id\":\"https:\\\/\\\/www.eldiario.net\\\/portal\\\/2023\\\/08\\\/28\\\/el-partido-ante-panama-si-le-sirvio-a-gustavo-costas\\\/#article\",\"isPartOf\":{\"@id\":\"https:\\\/\\\/www.eldiario.net\\\/portal\\\/2023\\\/08\\\/28\\\/el-partido-ante-panama-si-le-sirvio-a-gustavo-costas\\\/\"},\"author\":{\"name\":\"Jhonny Mollinedo\",\"@id\":\"https:\\\/\\\/www.eldiario.net\\\/portal\\\/#\\\/schema\\\/person\\\/32fc835272114c73407ecef86028a07e\"},\"headline\":\"El partido ante Panam\u00e1 s\u00ed le sirvi\u00f3 a Gustavo Costas\",\"datePublished\":\"2023-08-28T16:30:36+00:00\",\"mainEntityOfPage\":{\"@id\":\"https:\\\/\\\/www.eldiario.net\\\/portal\\\/2023\\\/08\\\/28\\\/el-partido-ante-panama-si-le-sirvio-a-gustavo-costas\\\/\"},\"wordCount\":378,\"publisher\":{\"@id\":\"https:\\\/\\\/www.eldiario.net\\\/portal\\\/#organization\"},\"image\":{\"@id\":\"https:\\\/\\\/www.eldiario.net\\\/portal\\\/2023\\\/08\\\/28\\\/el-partido-ante-panama-si-le-sirvio-a-gustavo-costas\\\/#primaryimage\"},\"thumbnailUrl\":\"https:\\\/\\\/www.eldiario.net\\\/portal\\\/wp-content\\\/uploads\\\/2023\\\/08\\\/equipo-Bolivia-Panama.jpg\",\"articleSection\":[\"Deportes\"],\"inLanguage\":\"es\"},{\"@type\":\"WebPage\",\"@id\":\"https:\\\/\\\/www.eldiario.net\\\/portal\\\/2023\\\/08\\\/28\\\/el-partido-ante-panama-si-le-sirvio-a-gustavo-costas\\\/\",\"url\":\"https:\\\/\\\/www.eldiario.net\\\/portal\\\/2023\\\/08\\\/28\\\/el-partido-ante-panama-si-le-sirvio-a-gustavo-costas\\\/\",\"name\":\"El partido ante Panam\u00e1 s\u00ed le sirvi\u00f3 a Gustavo Costas - El Diario - Bolivia\",\"isPartOf\":{\"@id\":\"https:\\\/\\\/www.eldiario.net\\\/portal\\\/#website\"},\"primaryImageOfPage\":{\"@id\":\"https:\\\/\\\/www.eldiario.net\\\/portal\\\/2023\\\/08\\\/28\\\/el-partido-ante-panama-si-le-sirvio-a-gustavo-costas\\\/#primaryimage\"},\"image\":{\"@id\":\"https:\\\/\\\/www.eldiario.net\\\/portal\\\/2023\\\/08\\\/28\\\/el-partido-ante-panama-si-le-sirvio-a-gustavo-costas\\\/#primaryimage\"},\"thumbnailUrl\":\"https:\\\/\\\/www.eldiario.net\\\/portal\\\/wp-content\\\/uploads\\\/2023\\\/08\\\/equipo-Bolivia-Panama.jpg\",\"datePublished\":\"2023-08-28T16:30:36+00:00\",\"breadcrumb\":{\"@id\":\"https:\\\/\\\/www.eldiario.net\\\/portal\\\/2023\\\/08\\\/28\\\/el-partido-ante-panama-si-le-sirvio-a-gustavo-costas\\\/#breadcrumb\"},\"inLanguage\":\"es\",\"potentialAction\":[{\"@type\":\"ReadAction\",\"target\":[\"https:\\\/\\\/www.eldiario.net\\\/portal\\\/2023\\\/08\\\/28\\\/el-partido-ante-panama-si-le-sirvio-a-gustavo-costas\\\/\"]}]},{\"@type\":\"ImageObject\",\"inLanguage\":\"es\",\"@id\":\"https:\\\/\\\/www.eldiario.net\\\/portal\\\/2023\\\/08\\\/28\\\/el-partido-ante-panama-si-le-sirvio-a-gustavo-costas\\\/#primaryimage\",\"url\":\"https:\\\/\\\/www.eldiario.net\\\/portal\\\/wp-content\\\/uploads\\\/2023\\\/08\\\/equipo-Bolivia-Panama.jpg\",\"contentUrl\":\"https:\\\/\\\/www.eldiario.net\\\/portal\\\/wp-content\\\/uploads\\\/2023\\\/08\\\/equipo-Bolivia-Panama.jpg\",\"width\":1506,\"height\":997},{\"@type\":\"BreadcrumbList\",\"@id\":\"https:\\\/\\\/www.eldiario.net\\\/portal\\\/2023\\\/08\\\/28\\\/el-partido-ante-panama-si-le-sirvio-a-gustavo-costas\\\/#breadcrumb\",\"itemListElement\":[{\"@type\":\"ListItem\",\"position\":1,\"name\":\"Portada\",\"item\":\"https:\\\/\\\/www.eldiario.net\\\/portal\\\/\"},{\"@type\":\"ListItem\",\"position\":2,\"name\":\"El partido ante Panam\u00e1 s\u00ed le sirvi\u00f3 a Gustavo Costas\"}]},{\"@type\":\"WebSite\",\"@id\":\"https:\\\/\\\/www.eldiario.net\\\/portal\\\/#website\",\"url\":\"https:\\\/\\\/www.eldiario.net\\\/portal\\\/\",\"name\":\"El Diario - Decano de la prensa nacional\",\"description\":\"El Diario - Decano de la prensa nacional\",\"publisher\":{\"@id\":\"https:\\\/\\\/www.eldiario.net\\\/portal\\\/#organization\"},\"potentialAction\":[{\"@type\":\"SearchAction\",\"target\":{\"@type\":\"EntryPoint\",\"urlTemplate\":\"https:\\\/\\\/www.eldiario.net\\\/portal\\\/?s={search_term_string}\"},\"query-input\":{\"@type\":\"PropertyValueSpecification\",\"valueRequired\":true,\"valueName\":\"search_term_string\"}}],\"inLanguage\":\"es\"},{\"@type\":\"Organization\",\"@id\":\"https:\\\/\\\/www.eldiario.net\\\/portal\\\/#organization\",\"name\":\"El Diario - Decano de la prensa nacional\",\"url\":\"https:\\\/\\\/www.eldiario.net\\\/portal\\\/\",\"logo\":{\"@type\":\"ImageObject\",\"inLanguage\":\"es\",\"@id\":\"https:\\\/\\\/www.eldiario.net\\\/portal\\\/#\\\/schema\\\/logo\\\/image\\\/\",\"url\":\"https:\\\/\\\/www.eldiario.net\\\/portal\\\/wp-content\\\/uploads\\\/2023\\\/07\\\/logo_ED.jpg\",\"contentUrl\":\"https:\\\/\\\/www.eldiario.net\\\/portal\\\/wp-content\\\/uploads\\\/2023\\\/07\\\/logo_ED.jpg\",\"width\":272,\"height\":52,\"caption\":\"El Diario - Decano de la prensa nacional\"},\"image\":{\"@id\":\"https:\\\/\\\/www.eldiario.net\\\/portal\\\/#\\\/schema\\\/logo\\\/image\\\/\"},\"sameAs\":[\"https:\\\/\\\/www.facebook.com\\\/eldiario.bolivia\\\/\",\"https:\\\/\\\/x.com\\\/eldiario_net\"]},{\"@type\":\"Person\",\"@id\":\"https:\\\/\\\/www.eldiario.net\\\/portal\\\/#\\\/schema\\\/person\\\/32fc835272114c73407ecef86028a07e\",\"name\":\"Jhonny Mollinedo\",\"image\":{\"@type\":\"ImageObject\",\"inLanguage\":\"es\",\"@id\":\"https:\\\/\\\/secure.gravatar.com\\\/avatar\\\/3ea2118a5f7dad2b7138b1187a6b7ee55f160b9968b66013c3a3ef39dd7e5798?s=96&d=mm&r=g\",\"url\":\"https:\\\/\\\/secure.gravatar.com\\\/avatar\\\/3ea2118a5f7dad2b7138b1187a6b7ee55f160b9968b66013c3a3ef39dd7e5798?s=96&d=mm&r=g\",\"contentUrl\":\"https:\\\/\\\/secure.gravatar.com\\\/avatar\\\/3ea2118a5f7dad2b7138b1187a6b7ee55f160b9968b66013c3a3ef39dd7e5798?s=96&d=mm&r=g\",\"caption\":\"Jhonny Mollinedo\"},\"url\":\"https:\\\/\\\/www.eldiario.net\\\/portal\\\/author\\\/deportes\\\/\"}]}<\/script>\n<!-- \/ Yoast SEO plugin. -->","yoast_head_json":{"title":"El partido ante Panam\u00e1 s\u00ed le sirvi\u00f3 a Gustavo Costas - El Diario - Bolivia","robots":{"index":"index","follow":"follow","max-snippet":"max-snippet:-1","max-image-preview":"max-image-preview:large","max-video-preview":"max-video-preview:-1"},"canonical":"https:\/\/www.eldiario.net\/portal\/2023\/08\/28\/el-partido-ante-panama-si-le-sirvio-a-gustavo-costas\/","og_locale":"es_ES","og_type":"article","og_title":"El partido ante Panam\u00e1 s\u00ed le sirvi\u00f3 a Gustavo Costas - El Diario - Bolivia","og_description":"Criterios dispares ha generado el partido perdido de la Selecci\u00f3n Nacional ante Panam\u00e1, disputado el domingo en el estadio F\u00e9lix Capriles. Unos piensan que no sirvi\u00f3 de nada, porque el equipo que present\u00f3 Gustavo Costas ante los centroamericanos no ser\u00e1 el que se medir\u00e1 ante Brasil y Argentina, en el inicio de las Eliminatorias del [&hellip;]","og_url":"https:\/\/www.eldiario.net\/portal\/2023\/08\/28\/el-partido-ante-panama-si-le-sirvio-a-gustavo-costas\/","og_site_name":"El Diario - Bolivia","article_publisher":"https:\/\/www.facebook.com\/eldiario.bolivia\/","article_published_time":"2023-08-28T16:30:36+00:00","og_image":[{"width":1506,"height":997,"url":"https:\/\/www.eldiario.net\/portal\/wp-content\/uploads\/2023\/08\/equipo-Bolivia-Panama.jpg","type":"image\/jpeg"}],"author":"Jhonny Mollinedo","twitter_card":"summary_large_image","twitter_creator":"@eldiario_net","twitter_site":"@eldiario_net","twitter_misc":{"Escrito por":"Jhonny Mollinedo","Tiempo de lectura":"2 minutos"},"schema":{"@context":"https:\/\/schema.org","@graph":[{"@type":"Article","@id":"https:\/\/www.eldiario.net\/portal\/2023\/08\/28\/el-partido-ante-panama-si-le-sirvio-a-gustavo-costas\/#article","isPartOf":{"@id":"https:\/\/www.eldiario.net\/portal\/2023\/08\/28\/el-partido-ante-panama-si-le-sirvio-a-gustavo-costas\/"},"author":{"name":"Jhonny Mollinedo","@id":"https:\/\/www.eldiario.net\/portal\/#\/schema\/person\/32fc835272114c73407ecef86028a07e"},"headline":"El partido ante Panam\u00e1 s\u00ed le sirvi\u00f3 a Gustavo Costas","datePublished":"2023-08-28T16:30:36+00:00","mainEntityOfPage":{"@id":"https:\/\/www.eldiario.net\/portal\/2023\/08\/28\/el-partido-ante-panama-si-le-sirvio-a-gustavo-costas\/"},"wordCount":378,"publisher":{"@id":"https:\/\/www.eldiario.net\/portal\/#organization"},"image":{"@id":"https:\/\/www.eldiario.net\/portal\/2023\/08\/28\/el-partido-ante-panama-si-le-sirvio-a-gustavo-costas\/#primaryimage"},"thumbnailUrl":"https:\/\/www.eldiario.net\/portal\/wp-content\/uploads\/2023\/08\/equipo-Bolivia-Panama.jpg","articleSection":["Deportes"],"inLanguage":"es"},{"@type":"WebPage","@id":"https:\/\/www.eldiario.net\/portal\/2023\/08\/28\/el-partido-ante-panama-si-le-sirvio-a-gustavo-costas\/","url":"https:\/\/www.eldiario.net\/portal\/2023\/08\/28\/el-partido-ante-panama-si-le-sirvio-a-gustavo-costas\/","name":"El partido ante Panam\u00e1 s\u00ed le sirvi\u00f3 a Gustavo Costas - El Diario - Bolivia","isPartOf":{"@id":"https:\/\/www.eldiario.net\/portal\/#website"},"primaryImageOfPage":{"@id":"https:\/\/www.eldiario.net\/portal\/2023\/08\/28\/el-partido-ante-panama-si-le-sirvio-a-gustavo-costas\/#primaryimage"},"image":{"@id":"https:\/\/www.eldiario.net\/portal\/2023\/08\/28\/el-partido-ante-panama-si-le-sirvio-a-gustavo-costas\/#primaryimage"},"thumbnailUrl":"https:\/\/www.eldiario.net\/portal\/wp-content\/uploads\/2023\/08\/equipo-Bolivia-Panama.jpg","datePublished":"2023-08-28T16:30:36+00:00","breadcrumb":{"@id":"https:\/\/www.eldiario.net\/portal\/2023\/08\/28\/el-partido-ante-panama-si-le-sirvio-a-gustavo-costas\/#breadcrumb"},"inLanguage":"es","potentialAction":[{"@type":"ReadAction","target":["https:\/\/www.eldiario.net\/portal\/2023\/08\/28\/el-partido-ante-panama-si-le-sirvio-a-gustavo-costas\/"]}]},{"@type":"ImageObject","inLanguage":"es","@id":"https:\/\/www.eldiario.net\/portal\/2023\/08\/28\/el-partido-ante-panama-si-le-sirvio-a-gustavo-costas\/#primaryimage","url":"https:\/\/www.eldiario.net\/portal\/wp-content\/uploads\/2023\/08\/equipo-Bolivia-Panama.jpg","contentUrl":"https:\/\/www.eldiario.net\/portal\/wp-content\/uploads\/2023\/08\/equipo-Bolivia-Panama.jpg","width":1506,"height":997},{"@type":"BreadcrumbList","@id":"https:\/\/www.eldiario.net\/portal\/2023\/08\/28\/el-partido-ante-panama-si-le-sirvio-a-gustavo-costas\/#breadcrumb","itemListElement":[{"@type":"ListItem","position":1,"name":"Portada","item":"https:\/\/www.eldiario.net\/portal\/"},{"@type":"ListItem","position":2,"name":"El partido ante Panam\u00e1 s\u00ed le sirvi\u00f3 a Gustavo Costas"}]},{"@type":"WebSite","@id":"https:\/\/www.eldiario.net\/portal\/#website","url":"https:\/\/www.eldiario.net\/portal\/","name":"El Diario - Decano de la prensa nacional","description":"El Diario - Decano de la prensa nacional","publisher":{"@id":"https:\/\/www.eldiario.net\/portal\/#organization"},"potentialAction":[{"@type":"SearchAction","target":{"@type":"EntryPoint","urlTemplate":"https:\/\/www.eldiario.net\/portal\/?s={search_term_string}"},"query-input":{"@type":"PropertyValueSpecification","valueRequired":true,"valueName":"search_term_string"}}],"inLanguage":"es"},{"@type":"Organization","@id":"https:\/\/www.eldiario.net\/portal\/#organization","name":"El Diario - Decano de la prensa nacional","url":"https:\/\/www.eldiario.net\/portal\/","logo":{"@type":"ImageObject","inLanguage":"es","@id":"https:\/\/www.eldiario.net\/portal\/#\/schema\/logo\/image\/","url":"https:\/\/www.eldiario.net\/portal\/wp-content\/uploads\/2023\/07\/logo_ED.jpg","contentUrl":"https:\/\/www.eldiario.net\/portal\/wp-content\/uploads\/2023\/07\/logo_ED.jpg","width":272,"height":52,"caption":"El Diario - Decano de la prensa nacional"},"image":{"@id":"https:\/\/www.eldiario.net\/portal\/#\/schema\/logo\/image\/"},"sameAs":["https:\/\/www.facebook.com\/eldiario.bolivia\/","https:\/\/x.com\/eldiario_net"]},{"@type":"Person","@id":"https:\/\/www.eldiario.net\/portal\/#\/schema\/person\/32fc835272114c73407ecef86028a07e","name":"Jhonny Mollinedo","image":{"@type":"ImageObject","inLanguage":"es","@id":"https:\/\/secure.gravatar.com\/avatar\/3ea2118a5f7dad2b7138b1187a6b7ee55f160b9968b66013c3a3ef39dd7e5798?s=96&d=mm&r=g","url":"https:\/\/secure.gravatar.com\/avatar\/3ea2118a5f7dad2b7138b1187a6b7ee55f160b9968b66013c3a3ef39dd7e5798?s=96&d=mm&r=g","contentUrl":"https:\/\/secure.gravatar.com\/avatar\/3ea2118a5f7dad2b7138b1187a6b7ee55f160b9968b66013c3a3ef39dd7e5798?s=96&d=mm&r=g","caption":"Jhonny Mollinedo"},"url":"https:\/\/www.eldiario.net\/portal\/author\/deportes\/"}]}},"_links":{"self":[{"href":"https:\/\/www.eldiario.net\/portal\/wp-json\/wp\/v2\/posts\/173578","targetHints":{"allow":["GET"]}}],"collection":[{"href":"https:\/\/www.eldiario.net\/portal\/wp-json\/wp\/v2\/posts"}],"about":[{"href":"https:\/\/www.eldiario.net\/portal\/wp-json\/wp\/v2\/types\/post"}],"author":[{"embeddable":true,"href":"https:\/\/www.eldiario.net\/portal\/wp-json\/wp\/v2\/users\/3"}],"replies":[{"embeddable":true,"href":"https:\/\/www.eldiario.net\/portal\/wp-json\/wp\/v2\/comments?post=173578"}],"version-history":[{"count":0,"href":"https:\/\/www.eldiario.net\/portal\/wp-json\/wp\/v2\/posts\/173578\/revisions"}],"wp:featuredmedia":[{"embeddable":true,"href":"https:\/\/www.eldiario.net\/portal\/wp-json\/wp\/v2\/media\/173579"}],"wp:attachment":[{"href":"https:\/\/www.eldiario.net\/portal\/wp-json\/wp\/v2\/media?parent=173578"}],"wp:term":[{"taxonomy":"category","embeddable":true,"href":"https:\/\/www.eldiario.net\/portal\/wp-json\/wp\/v2\/categories?post=173578"},{"taxonomy":"post_tag","embeddable":true,"href":"https:\/\/www.eldiario.net\/portal\/wp-json\/wp\/v2\/tags?post=173578"}],"curies":[{"name":"wp","href":"https:\/\/api.w.org\/{rel}","templated":true}]}}