{"id":173165,"date":"2023-08-26T06:56:01","date_gmt":"2023-08-26T10:56:01","guid":{"rendered":"https:\/\/www.eldiario.net\/portal\/?p=173165"},"modified":"2023-08-26T06:56:01","modified_gmt":"2023-08-26T10:56:01","slug":"la-foto-de-elizabeth-fiorilo-ya-forma-parte-de-la-galeria-de-los-notables","status":"publish","type":"post","link":"https:\/\/www.eldiario.net\/portal\/2023\/08\/26\/la-foto-de-elizabeth-fiorilo-ya-forma-parte-de-la-galeria-de-los-notables\/","title":{"rendered":"La foto de Elizabeth Fiorilo ya forma  parte de la Galer\u00eda de los Notables"},"content":{"rendered":"<p>La fotograf\u00eda de la maestra Elizabeth Fiorilo Sucre ya forma parte de la Galer\u00eda de los Notables del Teatro Municipal de C\u00e1mara \u201cNorma Merlo\u201d de la ciudad de La Paz.<\/p>\n<p>El develado de la foto de la directora de la Academia \u201cIgnacio Duch\u00e9n de C\u00f3rdova\u201d se efectu\u00f3 el pasado mi\u00e9rcoles 23 en una emotiva ceremonia realizada en ese escenario municipal, donde se destac\u00f3 la trayectoria de Fiorilo como artista, declamadora, educadora y maestra.<\/p>\n<p>\u201cLa verdad es que siempre vi con muchas ansias el poder ser parte de tan egregia galer\u00eda, mas lo ve\u00eda muy lejano. Sin embargo, con el pasar del tiempo, la producci\u00f3n que realic\u00e9 y los reconocimientos personales e institucionales conseguidos, con mucha madurez decid\u00ed poner en consideraci\u00f3n de la autoridad pertinente si me correspond\u00eda tan gran reconocimiento, siendo decisi\u00f3n de las autoridades ediles el condecorarme en vida, como siempre a\u00f1or\u00e9, por lo cual siempre estar\u00e9 agradecida\u201d, coment\u00f3 Elizabeth a La Gu\u00eda.<\/p>\n<p><strong>LG: \u00bfQu\u00e9 signific\u00f3 para ti que tu fotograf\u00eda ingrese a la Galer\u00eda de los Notables?<\/strong><\/p>\n<p>E: Signific\u00f3 el reconocimiento a la labor art\u00edstica y de ense\u00f1anza de toda mi vida. Dediqu\u00e9 enteramente mis d\u00edas en juventud, madurez y adultez al servicio de la sociedad y el hecho de ser reconocido este esfuerzo, significa mucho para m\u00ed, vali\u00f3 la pena.<\/p>\n<p><strong>LG: \u00bfQu\u00e9 personajes notables est\u00e1n en esta galer\u00eda?<\/strong><\/p>\n<p>E: En realidad, todos los nombres que llenan las paredes de esta galer\u00eda son personajes notables. Entre mis favoritos est\u00e1n Carlos Pumarino, David Santalla, Luisa Molina, Hugo Pozo, Tito Landa, Rosa R\u00edos y otros que tal vez no logro recordar en el momento, pero todos los notables que est\u00e1n en esta galer\u00eda son eminencias del arte boliviano.<\/p>\n<p><strong>LG: Ya llevas 39 a\u00f1os al frente de la Academia Duch\u00e9n de C\u00f3rdova, \u00bfqu\u00e9 fue lo mejor de este tiempo?<\/strong><\/p>\n<p>E: Hubo muchos eventos, recitales, sonrisas y l\u00e1grimas, pero lo mejor de todo fue ayudar a alumnos y alumnas que creyeron no poder engranar en la sociedad, vencer sus miedos, superar una condici\u00f3n como el frenillo, el tartamudeo, trastornos articulatorios, falta de fluidez, trastornos de la voz o la resonancia, entre otras. Inclusive tuvimos ni\u00f1os con autismo, a quienes les dimos la oportunidad de socializar de forma segura y mejorar su condici\u00f3n. Tambi\u00e9n alumnos que ten\u00edan p\u00e1nico a socializar, estudiantes que por diferentes circunstancias de la vida fueron pose\u00eddos por la desolaci\u00f3n, depresi\u00f3n, ansiedad, m\u00e1xime, en algunos casos, tuve que sostener sus ganas de vivir y darles un aliento para continuar con valor en esta jungla de concreto, donde vivir es cada vez m\u00e1s dif\u00edcil. Lo mejor fue escuchar un \u201cgracias\u201d de estos alumnos, alumnas y sus padres. Ese detalle me llena de paz y satisfacci\u00f3n, pues para estos casos especiales realmente fue un alivio estar en la instituci\u00f3n, lo cual a la par me alivi\u00f3 a m\u00ed como educadora.<\/p>\n<p><strong>LG: \u00bfCu\u00e1ntas personas formaste en estos a\u00f1os?<\/strong><\/p>\n<p>E: Dentro de la vida institucional de la Academia Duch\u00e9n de C\u00f3rdova en estos \u00faltimos 35 a\u00f1os bajo mi direcci\u00f3n, pasaron por mis aulas alrededor de 62.000 estudiantes y 65 promociones de declamadores nacionales y docentes de expresi\u00f3n oral.<\/p>\n<p><strong>LG: \u00bfQu\u00e9 fue lo m\u00e1s lindo que te dijo la gente que formaste?<\/strong><\/p>\n<p>E: Lo m\u00e1s lindo es escuchar la palabra \u201cgracias\u201d por la formaci\u00f3n acad\u00e9mica o por una ayuda en sus vidas personales en cuanto a la socializaci\u00f3n o la superaci\u00f3n de determinados problemas de \u00edndole personal o social. La academia Duch\u00e9n, adem\u00e1s de ser una instituci\u00f3n educativa y art\u00edstica, es el segundo hogar de todos nuestros estudiantes.<\/p>\n<p><strong>LG: \u00bfQu\u00e9 hiciste para mantenerte vigente y activa?<\/strong><\/p>\n<p>E: Honestamente, amar lo que hago. Lo \u00fanico que hice fue tomar mi trabajo muy en serio y siempre tener en mente ayudar a mis estudiantes, enfocarme en cada uno de ellos, no cesar ni desfallecer ante las dificultades y siempre trabajar con cari\u00f1o.<\/p>\n<p><strong>LG: \u00bfQu\u00e9 qued\u00f3 pendiente en la academia?<\/strong><\/p>\n<p>E: Tal vez diversificarnos y constituirnos firmes en otros departamentos para formar l\u00edderes en toda Bolivia. Sin embargo, tuvimos y tenemos estudiantes de varias regiones del pa\u00eds, de cualquier modo, estamos trabajando para lograr este cometido en lo venidero.<\/p>\n<p><strong>LG: \u00bfQu\u00e9 se viene para la academia en lo que resta del a\u00f1o?<\/strong><\/p>\n<p>E: Tenemos varios proyectos de ayuda a los estudiantes, en coordinaci\u00f3n con el personal multidisciplinario en la instituci\u00f3n. Cada estudiante, independientemente de la edad que tenga, tiene diferentes necesidades y muchas veces se requiere de otras ramas, como la psicolog\u00eda, por ejemplo, para brindar atenci\u00f3n completa a estos requerimientos. Tambi\u00e9n tendremos un curso de verano innovador y estaremos con presencia en Cochabamba para verano, donde constituiremos la instituci\u00f3n de forma regular en este departamento en la pr\u00f3xima gesti\u00f3n.<\/p>\n<p><strong>LG: \u00bfQu\u00e9 tipo de declamadora eres?<\/strong><\/p>\n<p>E: Me considero una poetisa y declamadora \u00e9pico-rom\u00e1ntica en cuanto al g\u00e9nero lirico po\u00e9tico. He llevado <em>mi clamor por el mar <\/em>a tierras de pa\u00edses vecinos, como Chile, Per\u00fa, Australia, donde fui condecorada por el c\u00f3nsul de Bolivia en Australia como la embajadora de la poes\u00eda boliviana.<\/p>\n<p>Me considero una artista l\u00edder de la palabra.<\/p>\n<p><strong>LG: \u00bfQu\u00e9 representa para ti la interpretaci\u00f3n po\u00e9tica?<\/strong><\/p>\n<p>E: Mi vida misma, es el lenguaje del alma, con el que puedo hacer trascender mis emociones o compartir y retransmitir los sentimientos, sensaciones y las emociones de diferentes poetas y poetisas. Es el desahogo de mi tristeza y el grito limpio de mi felicidad.<\/p>\n<p><strong>LG: \u00bfCu\u00e1l es el poema que m\u00e1s te gusta declamar?<\/strong><\/p>\n<p>E: El poema que m\u00e1s hice trascender a nivel nacional e internacional es \u201cEn vida hermano, en vida\u201d, cuyo contenido nos invita a proferir cari\u00f1o mientras nuestros seres queridos viven, que nos ense\u00f1a a apreciar la presencia temporal de los nuestros en este mundo.<\/p>\n<p><strong>LG: \u00bfQu\u00e9 le preguntar\u00edas t\u00fa a Elizabeth Fiorilo y qu\u00e9 responder\u00eda?<\/strong><\/p>\n<p>E: Le preguntar\u00eda si le falta algo y mi respuesta ser\u00eda que s\u00ed, la presencia de mi primera maestra, mi madre. Si estuviese en este plano, con seguridad hubiese hecho a\u00fan m\u00e1s dulce y brillante cada momento en mi vida.<\/p>\n<p><strong>LG: \u00bfQui\u00e9n es hoy Elizabeth Fiorillo Sucre?<\/strong><\/p>\n<p>E: Hoy Elizabeth es una persona feliz, humilde y agradecida con la vida por haberme dado la oportunidad de adquirir la experiencia y sabidur\u00eda recogidos en estos largos a\u00f1os de trayectoria, para poder ayudar a mis ni\u00f1os, j\u00f3venes y adultos a sumar y liderar en nuestra patria.<\/p>\n<p><strong>LG: \u00bfDeseas agregar algo?<\/strong><\/p>\n<p>E: Agradecer al diario m\u00e1s grande e imparcial del pa\u00eds, EL DIARIO, a mis hijos, quienes son carne de mi carne, mi mejor obra, mi m\u00e1s querido verso, agradecer a la Alcald\u00eda, a la direcci\u00f3n de Cultura y Turismo, liderada por el licenciado Amador y la Lic. Heidy Burgoa por su objetivo e impecable trabajo en pro del arte boliviano y, por supuesto, a todos los padres de familia y alumnos de la instituci\u00f3n que hicieron muy feliz mis d\u00edas con su apoyo al arte y mi persona, a mi madre quien me dio el don que poseo, y principalmente a Dios, quien ha hecho todo posible. Gracias mil, soy muy feliz al saber en vida que mi nombre qued\u00f3 inmortalizado y mi fotograf\u00eda ser\u00e1 perpetua en tan honorable lugar.<\/p>\n<div id='gallery-1' class='gallery galleryid-173165 gallery-columns-3 gallery-size-medium'><figure class='gallery-item'>\n\t\t\t<div class='gallery-icon landscape'>\n\t\t\t\t<a href='https:\/\/www.eldiario.net\/portal\/2023\/08\/26\/la-foto-de-elizabeth-fiorilo-ya-forma-parte-de-la-galeria-de-los-notables\/ely-1principal\/'><img loading=\"lazy\" decoding=\"async\" width=\"300\" height=\"150\" src=\"https:\/\/www.eldiario.net\/portal\/wp-content\/uploads\/2023\/08\/ely-1PRINCIPAL-300x150.jpg\" class=\"attachment-medium size-medium\" alt=\"\" srcset=\"https:\/\/www.eldiario.net\/portal\/wp-content\/uploads\/2023\/08\/ely-1PRINCIPAL-300x150.jpg 300w, https:\/\/www.eldiario.net\/portal\/wp-content\/uploads\/2023\/08\/ely-1PRINCIPAL-768x384.jpg 768w, https:\/\/www.eldiario.net\/portal\/wp-content\/uploads\/2023\/08\/ely-1PRINCIPAL-696x348.jpg 696w, https:\/\/www.eldiario.net\/portal\/wp-content\/uploads\/2023\/08\/ely-1PRINCIPAL.jpg 1000w\" sizes=\"auto, (max-width: 300px) 100vw, 300px\" \/><\/a>\n\t\t\t<\/div><\/figure><figure class='gallery-item'>\n\t\t\t<div class='gallery-icon landscape'>\n\t\t\t\t<a href='https:\/\/www.eldiario.net\/portal\/2023\/08\/26\/la-foto-de-elizabeth-fiorilo-ya-forma-parte-de-la-galeria-de-los-notables\/ely-3\/'><img loading=\"lazy\" decoding=\"async\" width=\"300\" height=\"197\" src=\"https:\/\/www.eldiario.net\/portal\/wp-content\/uploads\/2023\/08\/ely-3-300x197.jpg\" class=\"attachment-medium size-medium\" alt=\"\" srcset=\"https:\/\/www.eldiario.net\/portal\/wp-content\/uploads\/2023\/08\/ely-3-300x197.jpg 300w, https:\/\/www.eldiario.net\/portal\/wp-content\/uploads\/2023\/08\/ely-3-768x505.jpg 768w, https:\/\/www.eldiario.net\/portal\/wp-content\/uploads\/2023\/08\/ely-3-696x458.jpg 696w, https:\/\/www.eldiario.net\/portal\/wp-content\/uploads\/2023\/08\/ely-3.jpg 1000w\" sizes=\"auto, (max-width: 300px) 100vw, 300px\" \/><\/a>\n\t\t\t<\/div><\/figure><figure class='gallery-item'>\n\t\t\t<div class='gallery-icon portrait'>\n\t\t\t\t<a href='https:\/\/www.eldiario.net\/portal\/2023\/08\/26\/la-foto-de-elizabeth-fiorilo-ya-forma-parte-de-la-galeria-de-los-notables\/ely-2\/'><img loading=\"lazy\" decoding=\"async\" width=\"200\" height=\"300\" src=\"https:\/\/www.eldiario.net\/portal\/wp-content\/uploads\/2023\/08\/ely-2-200x300.jpeg\" class=\"attachment-medium size-medium\" alt=\"\" srcset=\"https:\/\/www.eldiario.net\/portal\/wp-content\/uploads\/2023\/08\/ely-2-200x300.jpeg 200w, https:\/\/www.eldiario.net\/portal\/wp-content\/uploads\/2023\/08\/ely-2-683x1024.jpeg 683w, https:\/\/www.eldiario.net\/portal\/wp-content\/uploads\/2023\/08\/ely-2-768x1151.jpeg 768w, https:\/\/www.eldiario.net\/portal\/wp-content\/uploads\/2023\/08\/ely-2-696x1043.jpeg 696w, https:\/\/www.eldiario.net\/portal\/wp-content\/uploads\/2023\/08\/ely-2.jpeg 990w\" sizes=\"auto, (max-width: 200px) 100vw, 200px\" \/><\/a>\n\t\t\t<\/div><\/figure><figure class='gallery-item'>\n\t\t\t<div class='gallery-icon landscape'>\n\t\t\t\t<a href='https:\/\/www.eldiario.net\/portal\/2023\/08\/26\/la-foto-de-elizabeth-fiorilo-ya-forma-parte-de-la-galeria-de-los-notables\/ely-4\/'><img loading=\"lazy\" decoding=\"async\" width=\"300\" height=\"200\" src=\"https:\/\/www.eldiario.net\/portal\/wp-content\/uploads\/2023\/08\/ely-4-300x200.jpeg\" class=\"attachment-medium size-medium\" alt=\"\" srcset=\"https:\/\/www.eldiario.net\/portal\/wp-content\/uploads\/2023\/08\/ely-4-300x200.jpeg 300w, https:\/\/www.eldiario.net\/portal\/wp-content\/uploads\/2023\/08\/ely-4-1024x683.jpeg 1024w, https:\/\/www.eldiario.net\/portal\/wp-content\/uploads\/2023\/08\/ely-4-768x512.jpeg 768w, https:\/\/www.eldiario.net\/portal\/wp-content\/uploads\/2023\/08\/ely-4-696x464.jpeg 696w, https:\/\/www.eldiario.net\/portal\/wp-content\/uploads\/2023\/08\/ely-4-1068x712.jpeg 1068w, https:\/\/www.eldiario.net\/portal\/wp-content\/uploads\/2023\/08\/ely-4.jpeg 1350w\" sizes=\"auto, (max-width: 300px) 100vw, 300px\" \/><\/a>\n\t\t\t<\/div><\/figure><figure class='gallery-item'>\n\t\t\t<div class='gallery-icon landscape'>\n\t\t\t\t<a href='https:\/\/www.eldiario.net\/portal\/2023\/08\/26\/la-foto-de-elizabeth-fiorilo-ya-forma-parte-de-la-galeria-de-los-notables\/ely-5\/'><img loading=\"lazy\" decoding=\"async\" width=\"300\" height=\"200\" src=\"https:\/\/www.eldiario.net\/portal\/wp-content\/uploads\/2023\/08\/ely-5-300x200.jpeg\" class=\"attachment-medium size-medium\" alt=\"\" srcset=\"https:\/\/www.eldiario.net\/portal\/wp-content\/uploads\/2023\/08\/ely-5-300x200.jpeg 300w, https:\/\/www.eldiario.net\/portal\/wp-content\/uploads\/2023\/08\/ely-5-1024x682.jpeg 1024w, https:\/\/www.eldiario.net\/portal\/wp-content\/uploads\/2023\/08\/ely-5-768x512.jpeg 768w, https:\/\/www.eldiario.net\/portal\/wp-content\/uploads\/2023\/08\/ely-5-1536x1023.jpeg 1536w, https:\/\/www.eldiario.net\/portal\/wp-content\/uploads\/2023\/08\/ely-5-696x464.jpeg 696w, https:\/\/www.eldiario.net\/portal\/wp-content\/uploads\/2023\/08\/ely-5-1068x712.jpeg 1068w, https:\/\/www.eldiario.net\/portal\/wp-content\/uploads\/2023\/08\/ely-5.jpeg 1600w\" sizes=\"auto, (max-width: 300px) 100vw, 300px\" \/><\/a>\n\t\t\t<\/div><\/figure><figure class='gallery-item'>\n\t\t\t<div class='gallery-icon portrait'>\n\t\t\t\t<a href='https:\/\/www.eldiario.net\/portal\/2023\/08\/26\/la-foto-de-elizabeth-fiorilo-ya-forma-parte-de-la-galeria-de-los-notables\/ely-6\/'><img loading=\"lazy\" decoding=\"async\" width=\"211\" height=\"300\" src=\"https:\/\/www.eldiario.net\/portal\/wp-content\/uploads\/2023\/08\/ely-6-211x300.jpeg\" class=\"attachment-medium size-medium\" alt=\"\" srcset=\"https:\/\/www.eldiario.net\/portal\/wp-content\/uploads\/2023\/08\/ely-6-211x300.jpeg 211w, https:\/\/www.eldiario.net\/portal\/wp-content\/uploads\/2023\/08\/ely-6-721x1024.jpeg 721w, https:\/\/www.eldiario.net\/portal\/wp-content\/uploads\/2023\/08\/ely-6-768x1090.jpeg 768w, https:\/\/www.eldiario.net\/portal\/wp-content\/uploads\/2023\/08\/ely-6-1082x1536.jpeg 1082w, https:\/\/www.eldiario.net\/portal\/wp-content\/uploads\/2023\/08\/ely-6-696x988.jpeg 696w, https:\/\/www.eldiario.net\/portal\/wp-content\/uploads\/2023\/08\/ely-6-1068x1516.jpeg 1068w, https:\/\/www.eldiario.net\/portal\/wp-content\/uploads\/2023\/08\/ely-6.jpeg 1127w\" sizes=\"auto, (max-width: 211px) 100vw, 211px\" \/><\/a>\n\t\t\t<\/div><\/figure>\n\t\t<\/div>\n\n<p>&nbsp;<\/p>\n","protected":false},"excerpt":{"rendered":"<p>La fotograf\u00eda de la maestra Elizabeth Fiorilo Sucre ya forma parte de la Galer\u00eda de los Notables del Teatro Municipal de C\u00e1mara \u201cNorma Merlo\u201d de la ciudad de La Paz. El develado de la foto de la directora de la Academia \u201cIgnacio Duch\u00e9n de C\u00f3rdova\u201d se efectu\u00f3 el pasado mi\u00e9rcoles 23 en una emotiva ceremonia [&hellip;]<\/p>\n","protected":false},"author":1,"featured_media":173166,"comment_status":"closed","ping_status":"open","sticky":false,"template":"","format":"standard","meta":{"_acf_changed":false,"footnotes":""},"categories":[41],"tags":[],"class_list":["post-173165","post","type-post","status-publish","format-standard","has-post-thumbnail","category-la-guia"],"acf":{"antetitulo":""},"yoast_head":"<!-- This site is optimized with the Yoast SEO plugin v28.4 - https:\/\/yoast.com\/product\/yoast-seo-wordpress\/ -->\n<title>La foto de Elizabeth Fiorilo ya forma parte de la Galer\u00eda de los Notables - El Diario - Bolivia<\/title>\n<meta name=\"robots\" content=\"index, follow, max-snippet:-1, max-image-preview:large, max-video-preview:-1\" \/>\n<link rel=\"canonical\" href=\"https:\/\/www.eldiario.net\/portal\/2023\/08\/26\/la-foto-de-elizabeth-fiorilo-ya-forma-parte-de-la-galeria-de-los-notables\/\" \/>\n<meta property=\"og:locale\" content=\"es_ES\" \/>\n<meta property=\"og:type\" content=\"article\" \/>\n<meta property=\"og:title\" content=\"La foto de Elizabeth Fiorilo ya forma parte de la Galer\u00eda de los Notables - El Diario - Bolivia\" \/>\n<meta property=\"og:description\" content=\"La fotograf\u00eda de la maestra Elizabeth Fiorilo Sucre ya forma parte de la Galer\u00eda de los Notables del Teatro Municipal de C\u00e1mara \u201cNorma Merlo\u201d de la ciudad de La Paz. El develado de la foto de la directora de la Academia \u201cIgnacio Duch\u00e9n de C\u00f3rdova\u201d se efectu\u00f3 el pasado mi\u00e9rcoles 23 en una emotiva ceremonia [&hellip;]\" \/>\n<meta property=\"og:url\" content=\"https:\/\/www.eldiario.net\/portal\/2023\/08\/26\/la-foto-de-elizabeth-fiorilo-ya-forma-parte-de-la-galeria-de-los-notables\/\" \/>\n<meta property=\"og:site_name\" content=\"El Diario - Bolivia\" \/>\n<meta property=\"article:publisher\" content=\"https:\/\/www.facebook.com\/eldiario.bolivia\/\" \/>\n<meta property=\"article:published_time\" content=\"2023-08-26T10:56:01+00:00\" \/>\n<meta property=\"og:image\" content=\"https:\/\/www.eldiario.net\/portal\/wp-content\/uploads\/2023\/08\/ely-1PRINCIPAL.jpg\" \/>\n\t<meta property=\"og:image:width\" content=\"1000\" \/>\n\t<meta property=\"og:image:height\" content=\"500\" \/>\n\t<meta property=\"og:image:type\" content=\"image\/jpeg\" \/>\n<meta name=\"author\" content=\"Jeanette\" \/>\n<meta name=\"twitter:card\" content=\"summary_large_image\" \/>\n<meta name=\"twitter:creator\" content=\"@eldiario_net\" \/>\n<meta name=\"twitter:site\" content=\"@eldiario_net\" \/>\n<meta name=\"twitter:label1\" content=\"Escrito por\" \/>\n\t<meta name=\"twitter:data1\" content=\"Jeanette\" \/>\n\t<meta name=\"twitter:label2\" content=\"Tiempo de lectura\" \/>\n\t<meta name=\"twitter:data2\" content=\"6 minutos\" \/>\n<script type=\"application\/ld+json\" class=\"yoast-schema-graph\">{\"@context\":\"https:\\\/\\\/schema.org\",\"@graph\":[{\"@type\":\"Article\",\"@id\":\"https:\\\/\\\/www.eldiario.net\\\/portal\\\/2023\\\/08\\\/26\\\/la-foto-de-elizabeth-fiorilo-ya-forma-parte-de-la-galeria-de-los-notables\\\/#article\",\"isPartOf\":{\"@id\":\"https:\\\/\\\/www.eldiario.net\\\/portal\\\/2023\\\/08\\\/26\\\/la-foto-de-elizabeth-fiorilo-ya-forma-parte-de-la-galeria-de-los-notables\\\/\"},\"author\":{\"name\":\"Jeanette\",\"@id\":\"https:\\\/\\\/www.eldiario.net\\\/portal\\\/#\\\/schema\\\/person\\\/2c57cf2b7a7ae032e449e4c9b1019eac\"},\"headline\":\"La foto de Elizabeth Fiorilo ya forma parte de la Galer\u00eda de los Notables\",\"datePublished\":\"2023-08-26T10:56:01+00:00\",\"mainEntityOfPage\":{\"@id\":\"https:\\\/\\\/www.eldiario.net\\\/portal\\\/2023\\\/08\\\/26\\\/la-foto-de-elizabeth-fiorilo-ya-forma-parte-de-la-galeria-de-los-notables\\\/\"},\"wordCount\":1300,\"publisher\":{\"@id\":\"https:\\\/\\\/www.eldiario.net\\\/portal\\\/#organization\"},\"image\":{\"@id\":\"https:\\\/\\\/www.eldiario.net\\\/portal\\\/2023\\\/08\\\/26\\\/la-foto-de-elizabeth-fiorilo-ya-forma-parte-de-la-galeria-de-los-notables\\\/#primaryimage\"},\"thumbnailUrl\":\"https:\\\/\\\/www.eldiario.net\\\/portal\\\/wp-content\\\/uploads\\\/2023\\\/08\\\/ely-1PRINCIPAL.jpg\",\"articleSection\":[\"La Gu\u00eda\"],\"inLanguage\":\"es\"},{\"@type\":\"WebPage\",\"@id\":\"https:\\\/\\\/www.eldiario.net\\\/portal\\\/2023\\\/08\\\/26\\\/la-foto-de-elizabeth-fiorilo-ya-forma-parte-de-la-galeria-de-los-notables\\\/\",\"url\":\"https:\\\/\\\/www.eldiario.net\\\/portal\\\/2023\\\/08\\\/26\\\/la-foto-de-elizabeth-fiorilo-ya-forma-parte-de-la-galeria-de-los-notables\\\/\",\"name\":\"La foto de Elizabeth Fiorilo ya forma parte de la Galer\u00eda de los Notables - El Diario - Bolivia\",\"isPartOf\":{\"@id\":\"https:\\\/\\\/www.eldiario.net\\\/portal\\\/#website\"},\"primaryImageOfPage\":{\"@id\":\"https:\\\/\\\/www.eldiario.net\\\/portal\\\/2023\\\/08\\\/26\\\/la-foto-de-elizabeth-fiorilo-ya-forma-parte-de-la-galeria-de-los-notables\\\/#primaryimage\"},\"image\":{\"@id\":\"https:\\\/\\\/www.eldiario.net\\\/portal\\\/2023\\\/08\\\/26\\\/la-foto-de-elizabeth-fiorilo-ya-forma-parte-de-la-galeria-de-los-notables\\\/#primaryimage\"},\"thumbnailUrl\":\"https:\\\/\\\/www.eldiario.net\\\/portal\\\/wp-content\\\/uploads\\\/2023\\\/08\\\/ely-1PRINCIPAL.jpg\",\"datePublished\":\"2023-08-26T10:56:01+00:00\",\"breadcrumb\":{\"@id\":\"https:\\\/\\\/www.eldiario.net\\\/portal\\\/2023\\\/08\\\/26\\\/la-foto-de-elizabeth-fiorilo-ya-forma-parte-de-la-galeria-de-los-notables\\\/#breadcrumb\"},\"inLanguage\":\"es\",\"potentialAction\":[{\"@type\":\"ReadAction\",\"target\":[\"https:\\\/\\\/www.eldiario.net\\\/portal\\\/2023\\\/08\\\/26\\\/la-foto-de-elizabeth-fiorilo-ya-forma-parte-de-la-galeria-de-los-notables\\\/\"]}]},{\"@type\":\"ImageObject\",\"inLanguage\":\"es\",\"@id\":\"https:\\\/\\\/www.eldiario.net\\\/portal\\\/2023\\\/08\\\/26\\\/la-foto-de-elizabeth-fiorilo-ya-forma-parte-de-la-galeria-de-los-notables\\\/#primaryimage\",\"url\":\"https:\\\/\\\/www.eldiario.net\\\/portal\\\/wp-content\\\/uploads\\\/2023\\\/08\\\/ely-1PRINCIPAL.jpg\",\"contentUrl\":\"https:\\\/\\\/www.eldiario.net\\\/portal\\\/wp-content\\\/uploads\\\/2023\\\/08\\\/ely-1PRINCIPAL.jpg\",\"width\":1000,\"height\":500},{\"@type\":\"BreadcrumbList\",\"@id\":\"https:\\\/\\\/www.eldiario.net\\\/portal\\\/2023\\\/08\\\/26\\\/la-foto-de-elizabeth-fiorilo-ya-forma-parte-de-la-galeria-de-los-notables\\\/#breadcrumb\",\"itemListElement\":[{\"@type\":\"ListItem\",\"position\":1,\"name\":\"Portada\",\"item\":\"https:\\\/\\\/www.eldiario.net\\\/portal\\\/\"},{\"@type\":\"ListItem\",\"position\":2,\"name\":\"La foto de Elizabeth Fiorilo ya forma parte de la Galer\u00eda de los Notables\"}]},{\"@type\":\"WebSite\",\"@id\":\"https:\\\/\\\/www.eldiario.net\\\/portal\\\/#website\",\"url\":\"https:\\\/\\\/www.eldiario.net\\\/portal\\\/\",\"name\":\"El Diario - Decano de la prensa nacional\",\"description\":\"El Diario - Decano de la prensa nacional\",\"publisher\":{\"@id\":\"https:\\\/\\\/www.eldiario.net\\\/portal\\\/#organization\"},\"potentialAction\":[{\"@type\":\"SearchAction\",\"target\":{\"@type\":\"EntryPoint\",\"urlTemplate\":\"https:\\\/\\\/www.eldiario.net\\\/portal\\\/?s={search_term_string}\"},\"query-input\":{\"@type\":\"PropertyValueSpecification\",\"valueRequired\":true,\"valueName\":\"search_term_string\"}}],\"inLanguage\":\"es\"},{\"@type\":\"Organization\",\"@id\":\"https:\\\/\\\/www.eldiario.net\\\/portal\\\/#organization\",\"name\":\"El Diario - Decano de la prensa nacional\",\"url\":\"https:\\\/\\\/www.eldiario.net\\\/portal\\\/\",\"logo\":{\"@type\":\"ImageObject\",\"inLanguage\":\"es\",\"@id\":\"https:\\\/\\\/www.eldiario.net\\\/portal\\\/#\\\/schema\\\/logo\\\/image\\\/\",\"url\":\"https:\\\/\\\/www.eldiario.net\\\/portal\\\/wp-content\\\/uploads\\\/2023\\\/07\\\/logo_ED.jpg\",\"contentUrl\":\"https:\\\/\\\/www.eldiario.net\\\/portal\\\/wp-content\\\/uploads\\\/2023\\\/07\\\/logo_ED.jpg\",\"width\":272,\"height\":52,\"caption\":\"El Diario - Decano de la prensa nacional\"},\"image\":{\"@id\":\"https:\\\/\\\/www.eldiario.net\\\/portal\\\/#\\\/schema\\\/logo\\\/image\\\/\"},\"sameAs\":[\"https:\\\/\\\/www.facebook.com\\\/eldiario.bolivia\\\/\",\"https:\\\/\\\/x.com\\\/eldiario_net\"]},{\"@type\":\"Person\",\"@id\":\"https:\\\/\\\/www.eldiario.net\\\/portal\\\/#\\\/schema\\\/person\\\/2c57cf2b7a7ae032e449e4c9b1019eac\",\"name\":\"Jeanette\",\"image\":{\"@type\":\"ImageObject\",\"inLanguage\":\"es\",\"@id\":\"https:\\\/\\\/secure.gravatar.com\\\/avatar\\\/3ea2118a5f7dad2b7138b1187a6b7ee55f160b9968b66013c3a3ef39dd7e5798?s=96&d=mm&r=g\",\"url\":\"https:\\\/\\\/secure.gravatar.com\\\/avatar\\\/3ea2118a5f7dad2b7138b1187a6b7ee55f160b9968b66013c3a3ef39dd7e5798?s=96&d=mm&r=g\",\"contentUrl\":\"https:\\\/\\\/secure.gravatar.com\\\/avatar\\\/3ea2118a5f7dad2b7138b1187a6b7ee55f160b9968b66013c3a3ef39dd7e5798?s=96&d=mm&r=g\",\"caption\":\"Jeanette\"},\"sameAs\":[\"https:\\\/\\\/www.eldiario.net\\\/portal\"],\"url\":\"https:\\\/\\\/www.eldiario.net\\\/portal\\\/author\\\/jeanette\\\/\"}]}<\/script>\n<!-- \/ Yoast SEO plugin. -->","yoast_head_json":{"title":"La foto de Elizabeth Fiorilo ya forma parte de la Galer\u00eda de los Notables - El Diario - Bolivia","robots":{"index":"index","follow":"follow","max-snippet":"max-snippet:-1","max-image-preview":"max-image-preview:large","max-video-preview":"max-video-preview:-1"},"canonical":"https:\/\/www.eldiario.net\/portal\/2023\/08\/26\/la-foto-de-elizabeth-fiorilo-ya-forma-parte-de-la-galeria-de-los-notables\/","og_locale":"es_ES","og_type":"article","og_title":"La foto de Elizabeth Fiorilo ya forma parte de la Galer\u00eda de los Notables - El Diario - Bolivia","og_description":"La fotograf\u00eda de la maestra Elizabeth Fiorilo Sucre ya forma parte de la Galer\u00eda de los Notables del Teatro Municipal de C\u00e1mara \u201cNorma Merlo\u201d de la ciudad de La Paz. El develado de la foto de la directora de la Academia \u201cIgnacio Duch\u00e9n de C\u00f3rdova\u201d se efectu\u00f3 el pasado mi\u00e9rcoles 23 en una emotiva ceremonia [&hellip;]","og_url":"https:\/\/www.eldiario.net\/portal\/2023\/08\/26\/la-foto-de-elizabeth-fiorilo-ya-forma-parte-de-la-galeria-de-los-notables\/","og_site_name":"El Diario - Bolivia","article_publisher":"https:\/\/www.facebook.com\/eldiario.bolivia\/","article_published_time":"2023-08-26T10:56:01+00:00","og_image":[{"width":1000,"height":500,"url":"https:\/\/www.eldiario.net\/portal\/wp-content\/uploads\/2023\/08\/ely-1PRINCIPAL.jpg","type":"image\/jpeg"}],"author":"Jeanette","twitter_card":"summary_large_image","twitter_creator":"@eldiario_net","twitter_site":"@eldiario_net","twitter_misc":{"Escrito por":"Jeanette","Tiempo de lectura":"6 minutos"},"schema":{"@context":"https:\/\/schema.org","@graph":[{"@type":"Article","@id":"https:\/\/www.eldiario.net\/portal\/2023\/08\/26\/la-foto-de-elizabeth-fiorilo-ya-forma-parte-de-la-galeria-de-los-notables\/#article","isPartOf":{"@id":"https:\/\/www.eldiario.net\/portal\/2023\/08\/26\/la-foto-de-elizabeth-fiorilo-ya-forma-parte-de-la-galeria-de-los-notables\/"},"author":{"name":"Jeanette","@id":"https:\/\/www.eldiario.net\/portal\/#\/schema\/person\/2c57cf2b7a7ae032e449e4c9b1019eac"},"headline":"La foto de Elizabeth Fiorilo ya forma parte de la Galer\u00eda de los Notables","datePublished":"2023-08-26T10:56:01+00:00","mainEntityOfPage":{"@id":"https:\/\/www.eldiario.net\/portal\/2023\/08\/26\/la-foto-de-elizabeth-fiorilo-ya-forma-parte-de-la-galeria-de-los-notables\/"},"wordCount":1300,"publisher":{"@id":"https:\/\/www.eldiario.net\/portal\/#organization"},"image":{"@id":"https:\/\/www.eldiario.net\/portal\/2023\/08\/26\/la-foto-de-elizabeth-fiorilo-ya-forma-parte-de-la-galeria-de-los-notables\/#primaryimage"},"thumbnailUrl":"https:\/\/www.eldiario.net\/portal\/wp-content\/uploads\/2023\/08\/ely-1PRINCIPAL.jpg","articleSection":["La Gu\u00eda"],"inLanguage":"es"},{"@type":"WebPage","@id":"https:\/\/www.eldiario.net\/portal\/2023\/08\/26\/la-foto-de-elizabeth-fiorilo-ya-forma-parte-de-la-galeria-de-los-notables\/","url":"https:\/\/www.eldiario.net\/portal\/2023\/08\/26\/la-foto-de-elizabeth-fiorilo-ya-forma-parte-de-la-galeria-de-los-notables\/","name":"La foto de Elizabeth Fiorilo ya forma parte de la Galer\u00eda de los Notables - El Diario - Bolivia","isPartOf":{"@id":"https:\/\/www.eldiario.net\/portal\/#website"},"primaryImageOfPage":{"@id":"https:\/\/www.eldiario.net\/portal\/2023\/08\/26\/la-foto-de-elizabeth-fiorilo-ya-forma-parte-de-la-galeria-de-los-notables\/#primaryimage"},"image":{"@id":"https:\/\/www.eldiario.net\/portal\/2023\/08\/26\/la-foto-de-elizabeth-fiorilo-ya-forma-parte-de-la-galeria-de-los-notables\/#primaryimage"},"thumbnailUrl":"https:\/\/www.eldiario.net\/portal\/wp-content\/uploads\/2023\/08\/ely-1PRINCIPAL.jpg","datePublished":"2023-08-26T10:56:01+00:00","breadcrumb":{"@id":"https:\/\/www.eldiario.net\/portal\/2023\/08\/26\/la-foto-de-elizabeth-fiorilo-ya-forma-parte-de-la-galeria-de-los-notables\/#breadcrumb"},"inLanguage":"es","potentialAction":[{"@type":"ReadAction","target":["https:\/\/www.eldiario.net\/portal\/2023\/08\/26\/la-foto-de-elizabeth-fiorilo-ya-forma-parte-de-la-galeria-de-los-notables\/"]}]},{"@type":"ImageObject","inLanguage":"es","@id":"https:\/\/www.eldiario.net\/portal\/2023\/08\/26\/la-foto-de-elizabeth-fiorilo-ya-forma-parte-de-la-galeria-de-los-notables\/#primaryimage","url":"https:\/\/www.eldiario.net\/portal\/wp-content\/uploads\/2023\/08\/ely-1PRINCIPAL.jpg","contentUrl":"https:\/\/www.eldiario.net\/portal\/wp-content\/uploads\/2023\/08\/ely-1PRINCIPAL.jpg","width":1000,"height":500},{"@type":"BreadcrumbList","@id":"https:\/\/www.eldiario.net\/portal\/2023\/08\/26\/la-foto-de-elizabeth-fiorilo-ya-forma-parte-de-la-galeria-de-los-notables\/#breadcrumb","itemListElement":[{"@type":"ListItem","position":1,"name":"Portada","item":"https:\/\/www.eldiario.net\/portal\/"},{"@type":"ListItem","position":2,"name":"La foto de Elizabeth Fiorilo ya forma parte de la Galer\u00eda de los Notables"}]},{"@type":"WebSite","@id":"https:\/\/www.eldiario.net\/portal\/#website","url":"https:\/\/www.eldiario.net\/portal\/","name":"El Diario - Decano de la prensa nacional","description":"El Diario - Decano de la prensa nacional","publisher":{"@id":"https:\/\/www.eldiario.net\/portal\/#organization"},"potentialAction":[{"@type":"SearchAction","target":{"@type":"EntryPoint","urlTemplate":"https:\/\/www.eldiario.net\/portal\/?s={search_term_string}"},"query-input":{"@type":"PropertyValueSpecification","valueRequired":true,"valueName":"search_term_string"}}],"inLanguage":"es"},{"@type":"Organization","@id":"https:\/\/www.eldiario.net\/portal\/#organization","name":"El Diario - Decano de la prensa nacional","url":"https:\/\/www.eldiario.net\/portal\/","logo":{"@type":"ImageObject","inLanguage":"es","@id":"https:\/\/www.eldiario.net\/portal\/#\/schema\/logo\/image\/","url":"https:\/\/www.eldiario.net\/portal\/wp-content\/uploads\/2023\/07\/logo_ED.jpg","contentUrl":"https:\/\/www.eldiario.net\/portal\/wp-content\/uploads\/2023\/07\/logo_ED.jpg","width":272,"height":52,"caption":"El Diario - Decano de la prensa nacional"},"image":{"@id":"https:\/\/www.eldiario.net\/portal\/#\/schema\/logo\/image\/"},"sameAs":["https:\/\/www.facebook.com\/eldiario.bolivia\/","https:\/\/x.com\/eldiario_net"]},{"@type":"Person","@id":"https:\/\/www.eldiario.net\/portal\/#\/schema\/person\/2c57cf2b7a7ae032e449e4c9b1019eac","name":"Jeanette","image":{"@type":"ImageObject","inLanguage":"es","@id":"https:\/\/secure.gravatar.com\/avatar\/3ea2118a5f7dad2b7138b1187a6b7ee55f160b9968b66013c3a3ef39dd7e5798?s=96&d=mm&r=g","url":"https:\/\/secure.gravatar.com\/avatar\/3ea2118a5f7dad2b7138b1187a6b7ee55f160b9968b66013c3a3ef39dd7e5798?s=96&d=mm&r=g","contentUrl":"https:\/\/secure.gravatar.com\/avatar\/3ea2118a5f7dad2b7138b1187a6b7ee55f160b9968b66013c3a3ef39dd7e5798?s=96&d=mm&r=g","caption":"Jeanette"},"sameAs":["https:\/\/www.eldiario.net\/portal"],"url":"https:\/\/www.eldiario.net\/portal\/author\/jeanette\/"}]}},"_links":{"self":[{"href":"https:\/\/www.eldiario.net\/portal\/wp-json\/wp\/v2\/posts\/173165","targetHints":{"allow":["GET"]}}],"collection":[{"href":"https:\/\/www.eldiario.net\/portal\/wp-json\/wp\/v2\/posts"}],"about":[{"href":"https:\/\/www.eldiario.net\/portal\/wp-json\/wp\/v2\/types\/post"}],"author":[{"embeddable":true,"href":"https:\/\/www.eldiario.net\/portal\/wp-json\/wp\/v2\/users\/1"}],"replies":[{"embeddable":true,"href":"https:\/\/www.eldiario.net\/portal\/wp-json\/wp\/v2\/comments?post=173165"}],"version-history":[{"count":0,"href":"https:\/\/www.eldiario.net\/portal\/wp-json\/wp\/v2\/posts\/173165\/revisions"}],"wp:featuredmedia":[{"embeddable":true,"href":"https:\/\/www.eldiario.net\/portal\/wp-json\/wp\/v2\/media\/173166"}],"wp:attachment":[{"href":"https:\/\/www.eldiario.net\/portal\/wp-json\/wp\/v2\/media?parent=173165"}],"wp:term":[{"taxonomy":"category","embeddable":true,"href":"https:\/\/www.eldiario.net\/portal\/wp-json\/wp\/v2\/categories?post=173165"},{"taxonomy":"post_tag","embeddable":true,"href":"https:\/\/www.eldiario.net\/portal\/wp-json\/wp\/v2\/tags?post=173165"}],"curies":[{"name":"wp","href":"https:\/\/api.w.org\/{rel}","templated":true}]}}