{"id":173100,"date":"2023-08-26T06:29:34","date_gmt":"2023-08-26T10:29:34","guid":{"rendered":"https:\/\/www.eldiario.net\/portal\/?p=173100"},"modified":"2023-08-26T06:29:34","modified_gmt":"2023-08-26T10:29:34","slug":"brigadas-escolares-durante-la-hora-de-recreo","status":"publish","type":"post","link":"https:\/\/www.eldiario.net\/portal\/2023\/08\/26\/brigadas-escolares-durante-la-hora-de-recreo\/","title":{"rendered":"Brigadas escolares durante la hora de recreo"},"content":{"rendered":"<p><em><strong>Efrain Duver Chuquimia Machaca<\/strong><\/em><\/p>\n<p>La hora de recreo en una unidad educativa sirve para que los estudiantes descansen, socialicen y liberen energ\u00eda acumulada. Sin embargo, para garantizar la seguridad y el bienestar de los estudiantes durante este per\u00edodo, es vital contar con medidas de supervisi\u00f3n y organizaci\u00f3n adecuadas. Las brigadas escolares conformadas por estudiantes son una soluci\u00f3n efectiva que se ha implementado en muchas unidades educativas en Bolivia. Estas brigadas asumen roles que abarcan desde la supervisi\u00f3n y el orden hasta la resoluci\u00f3n de conflictos, contribuyendo as\u00ed al funcionamiento armonioso de la comunidad educativa.<br \/>\nUna de las funciones m\u00e1s importantes de las brigadas durante el recreo es garantizar la seguridad de los estudiantes. Estos j\u00f3venes l\u00edderes son entrenados para identificar situaciones riesgosas, prevenir accidentes y brindar primeros auxilios b\u00e1sicos en caso de ser necesario. Al vigilar las \u00e1reas de juego y las interacciones entre los estudiantes, las brigadas pueden intervenir r\u00e1pidamente para evitar incidentes y promover la seguridad en el entorno escolar.<br \/>\nLas brigadas escolares tambi\u00e9n juegan un papel crucial en la organizaci\u00f3n del recreo. Coordinan la distribuci\u00f3n de espacios y recursos, asegurando que las \u00e1reas de juego est\u00e9n equitativamente disponibles para todos los estudiantes. Adem\u00e1s, fomentan el respeto a las reglas y el comportamiento adecuado durante el recreo, ayudando a mantener un ambiente ordenado y pac\u00edfico. La organizaci\u00f3n eficiente por parte de estas brigadas, contribuye a una experiencia de recreo m\u00e1s agradable y productiva para el estudiantado.<br \/>\nM\u00e1s all\u00e1 de la seguridad y la organizaci\u00f3n, las brigadas promocionan el bienestar emocional y social de los estudiantes. Estas brigadas act\u00faan como modelos a seguir, fomentando la convivencia respetuosa y la soluci\u00f3n pac\u00edfica de conflictos. Al asumir la responsabilidad de crear un entorno positivo y participativo, las brigadas contribuyen a una cultura escolar en la que todos los estudiantes se sienten valorados y apoyados.<br \/>\nLa participaci\u00f3n en las brigadas escolares brinda a los estudiantes la oportunidad de desarrollar habilidades de liderazgo, comunicaci\u00f3n, trabajo en equipo y toma de decisiones. Estas habilidades son transferibles y beneficiosas para su desarrollo personal y futuro profesional. Adem\u00e1s, al involucrarse en la seguridad y el bienestar de su comunidad educativa, los estudiantes internalizan valores como la responsabilidad c\u00edvica y la empat\u00eda.<br \/>\nEn conclusi\u00f3n: en las unidades educativas de Bolivia, las brigadas escolares desempe\u00f1an un rol vital para la seguridad, organizaci\u00f3n y bienestar durante la hora de recreo. A trav\u00e9s de sus esfuerzos, estos j\u00f3venes l\u00edderes promueven un ambiente escolar seguro, estructurado y participativo, donde los estudiantes pueden crecer acad\u00e9mica y personalmente. El impacto positivo de las brigadas trasciende la hora de recreo, sentando las bases para la formaci\u00f3n de ciudadanos comprometidos y responsables en el futuro.<\/p>\n","protected":false},"excerpt":{"rendered":"<p>Efrain Duver Chuquimia Machaca La hora de recreo en una unidad educativa sirve para que los estudiantes descansen, socialicen y liberen energ\u00eda acumulada. Sin embargo, para garantizar la seguridad y el bienestar de los estudiantes durante este per\u00edodo, es vital contar con medidas de supervisi\u00f3n y organizaci\u00f3n adecuadas. Las brigadas escolares conformadas por estudiantes son [&hellip;]<\/p>\n","protected":false},"author":1,"featured_media":0,"comment_status":"closed","ping_status":"open","sticky":false,"template":"","format":"standard","meta":{"_acf_changed":false,"footnotes":""},"categories":[9],"tags":[],"class_list":["post-173100","post","type-post","status-publish","format-standard","category-opinion"],"acf":{"antetitulo":""},"yoast_head":"<!-- This site is optimized with the Yoast SEO plugin v28.3 - https:\/\/yoast.com\/product\/yoast-seo-wordpress\/ -->\n<title>Brigadas escolares durante la hora de recreo - El Diario - Bolivia<\/title>\n<meta name=\"robots\" content=\"index, follow, max-snippet:-1, max-image-preview:large, max-video-preview:-1\" \/>\n<link rel=\"canonical\" href=\"https:\/\/www.eldiario.net\/portal\/2023\/08\/26\/brigadas-escolares-durante-la-hora-de-recreo\/\" \/>\n<meta property=\"og:locale\" content=\"es_ES\" \/>\n<meta property=\"og:type\" content=\"article\" \/>\n<meta property=\"og:title\" content=\"Brigadas escolares durante la hora de recreo - El Diario - Bolivia\" \/>\n<meta property=\"og:description\" content=\"Efrain Duver Chuquimia Machaca La hora de recreo en una unidad educativa sirve para que los estudiantes descansen, socialicen y liberen energ\u00eda acumulada. Sin embargo, para garantizar la seguridad y el bienestar de los estudiantes durante este per\u00edodo, es vital contar con medidas de supervisi\u00f3n y organizaci\u00f3n adecuadas. Las brigadas escolares conformadas por estudiantes son [&hellip;]\" \/>\n<meta property=\"og:url\" content=\"https:\/\/www.eldiario.net\/portal\/2023\/08\/26\/brigadas-escolares-durante-la-hora-de-recreo\/\" \/>\n<meta property=\"og:site_name\" content=\"El Diario - Bolivia\" \/>\n<meta property=\"article:publisher\" content=\"https:\/\/www.facebook.com\/eldiario.bolivia\/\" \/>\n<meta property=\"article:published_time\" content=\"2023-08-26T10:29:34+00:00\" \/>\n<meta name=\"author\" content=\"Jeanette\" \/>\n<meta name=\"twitter:card\" content=\"summary_large_image\" \/>\n<meta name=\"twitter:creator\" content=\"@eldiario_net\" \/>\n<meta name=\"twitter:site\" content=\"@eldiario_net\" \/>\n<meta name=\"twitter:label1\" content=\"Escrito por\" \/>\n\t<meta name=\"twitter:data1\" content=\"Jeanette\" \/>\n\t<meta name=\"twitter:label2\" content=\"Tiempo de lectura\" \/>\n\t<meta name=\"twitter:data2\" content=\"3 minutos\" \/>\n<script type=\"application\/ld+json\" class=\"yoast-schema-graph\">{\"@context\":\"https:\\\/\\\/schema.org\",\"@graph\":[{\"@type\":\"Article\",\"@id\":\"https:\\\/\\\/www.eldiario.net\\\/portal\\\/2023\\\/08\\\/26\\\/brigadas-escolares-durante-la-hora-de-recreo\\\/#article\",\"isPartOf\":{\"@id\":\"https:\\\/\\\/www.eldiario.net\\\/portal\\\/2023\\\/08\\\/26\\\/brigadas-escolares-durante-la-hora-de-recreo\\\/\"},\"author\":{\"name\":\"Jeanette\",\"@id\":\"https:\\\/\\\/www.eldiario.net\\\/portal\\\/#\\\/schema\\\/person\\\/f46445640444750d7d753ccd04ae01b7\"},\"headline\":\"Brigadas escolares durante la hora de recreo\",\"datePublished\":\"2023-08-26T10:29:34+00:00\",\"mainEntityOfPage\":{\"@id\":\"https:\\\/\\\/www.eldiario.net\\\/portal\\\/2023\\\/08\\\/26\\\/brigadas-escolares-durante-la-hora-de-recreo\\\/\"},\"wordCount\":485,\"publisher\":{\"@id\":\"https:\\\/\\\/www.eldiario.net\\\/portal\\\/#organization\"},\"articleSection\":[\"Opini\u00f3n\"],\"inLanguage\":\"es\"},{\"@type\":\"WebPage\",\"@id\":\"https:\\\/\\\/www.eldiario.net\\\/portal\\\/2023\\\/08\\\/26\\\/brigadas-escolares-durante-la-hora-de-recreo\\\/\",\"url\":\"https:\\\/\\\/www.eldiario.net\\\/portal\\\/2023\\\/08\\\/26\\\/brigadas-escolares-durante-la-hora-de-recreo\\\/\",\"name\":\"Brigadas escolares durante la hora de recreo - El Diario - Bolivia\",\"isPartOf\":{\"@id\":\"https:\\\/\\\/www.eldiario.net\\\/portal\\\/#website\"},\"datePublished\":\"2023-08-26T10:29:34+00:00\",\"breadcrumb\":{\"@id\":\"https:\\\/\\\/www.eldiario.net\\\/portal\\\/2023\\\/08\\\/26\\\/brigadas-escolares-durante-la-hora-de-recreo\\\/#breadcrumb\"},\"inLanguage\":\"es\",\"potentialAction\":[{\"@type\":\"ReadAction\",\"target\":[\"https:\\\/\\\/www.eldiario.net\\\/portal\\\/2023\\\/08\\\/26\\\/brigadas-escolares-durante-la-hora-de-recreo\\\/\"]}]},{\"@type\":\"BreadcrumbList\",\"@id\":\"https:\\\/\\\/www.eldiario.net\\\/portal\\\/2023\\\/08\\\/26\\\/brigadas-escolares-durante-la-hora-de-recreo\\\/#breadcrumb\",\"itemListElement\":[{\"@type\":\"ListItem\",\"position\":1,\"name\":\"Portada\",\"item\":\"https:\\\/\\\/www.eldiario.net\\\/portal\\\/\"},{\"@type\":\"ListItem\",\"position\":2,\"name\":\"Brigadas escolares durante la hora de recreo\"}]},{\"@type\":\"WebSite\",\"@id\":\"https:\\\/\\\/www.eldiario.net\\\/portal\\\/#website\",\"url\":\"https:\\\/\\\/www.eldiario.net\\\/portal\\\/\",\"name\":\"El Diario - Decano de la prensa nacional\",\"description\":\"El Diario - Decano de la prensa nacional\",\"publisher\":{\"@id\":\"https:\\\/\\\/www.eldiario.net\\\/portal\\\/#organization\"},\"potentialAction\":[{\"@type\":\"SearchAction\",\"target\":{\"@type\":\"EntryPoint\",\"urlTemplate\":\"https:\\\/\\\/www.eldiario.net\\\/portal\\\/?s={search_term_string}\"},\"query-input\":{\"@type\":\"PropertyValueSpecification\",\"valueRequired\":true,\"valueName\":\"search_term_string\"}}],\"inLanguage\":\"es\"},{\"@type\":\"Organization\",\"@id\":\"https:\\\/\\\/www.eldiario.net\\\/portal\\\/#organization\",\"name\":\"El Diario - Decano de la prensa nacional\",\"url\":\"https:\\\/\\\/www.eldiario.net\\\/portal\\\/\",\"logo\":{\"@type\":\"ImageObject\",\"inLanguage\":\"es\",\"@id\":\"https:\\\/\\\/www.eldiario.net\\\/portal\\\/#\\\/schema\\\/logo\\\/image\\\/\",\"url\":\"https:\\\/\\\/www.eldiario.net\\\/portal\\\/wp-content\\\/uploads\\\/2023\\\/07\\\/logo_ED.jpg\",\"contentUrl\":\"https:\\\/\\\/www.eldiario.net\\\/portal\\\/wp-content\\\/uploads\\\/2023\\\/07\\\/logo_ED.jpg\",\"width\":272,\"height\":52,\"caption\":\"El Diario - Decano de la prensa nacional\"},\"image\":{\"@id\":\"https:\\\/\\\/www.eldiario.net\\\/portal\\\/#\\\/schema\\\/logo\\\/image\\\/\"},\"sameAs\":[\"https:\\\/\\\/www.facebook.com\\\/eldiario.bolivia\\\/\",\"https:\\\/\\\/x.com\\\/eldiario_net\"]},{\"@type\":\"Person\",\"@id\":\"https:\\\/\\\/www.eldiario.net\\\/portal\\\/#\\\/schema\\\/person\\\/f46445640444750d7d753ccd04ae01b7\",\"name\":\"Jeanette\",\"image\":{\"@type\":\"ImageObject\",\"inLanguage\":\"es\",\"@id\":\"https:\\\/\\\/secure.gravatar.com\\\/avatar\\\/3ea2118a5f7dad2b7138b1187a6b7ee55f160b9968b66013c3a3ef39dd7e5798?s=96&d=mm&r=g\",\"url\":\"https:\\\/\\\/secure.gravatar.com\\\/avatar\\\/3ea2118a5f7dad2b7138b1187a6b7ee55f160b9968b66013c3a3ef39dd7e5798?s=96&d=mm&r=g\",\"contentUrl\":\"https:\\\/\\\/secure.gravatar.com\\\/avatar\\\/3ea2118a5f7dad2b7138b1187a6b7ee55f160b9968b66013c3a3ef39dd7e5798?s=96&d=mm&r=g\",\"caption\":\"Jeanette\"},\"sameAs\":[\"https:\\\/\\\/www.eldiario.net\\\/portal\"],\"url\":\"https:\\\/\\\/www.eldiario.net\\\/portal\\\/author\\\/jeanette\\\/\"}]}<\/script>\n<!-- \/ Yoast SEO plugin. -->","yoast_head_json":{"title":"Brigadas escolares durante la hora de recreo - El Diario - Bolivia","robots":{"index":"index","follow":"follow","max-snippet":"max-snippet:-1","max-image-preview":"max-image-preview:large","max-video-preview":"max-video-preview:-1"},"canonical":"https:\/\/www.eldiario.net\/portal\/2023\/08\/26\/brigadas-escolares-durante-la-hora-de-recreo\/","og_locale":"es_ES","og_type":"article","og_title":"Brigadas escolares durante la hora de recreo - El Diario - Bolivia","og_description":"Efrain Duver Chuquimia Machaca La hora de recreo en una unidad educativa sirve para que los estudiantes descansen, socialicen y liberen energ\u00eda acumulada. Sin embargo, para garantizar la seguridad y el bienestar de los estudiantes durante este per\u00edodo, es vital contar con medidas de supervisi\u00f3n y organizaci\u00f3n adecuadas. Las brigadas escolares conformadas por estudiantes son [&hellip;]","og_url":"https:\/\/www.eldiario.net\/portal\/2023\/08\/26\/brigadas-escolares-durante-la-hora-de-recreo\/","og_site_name":"El Diario - Bolivia","article_publisher":"https:\/\/www.facebook.com\/eldiario.bolivia\/","article_published_time":"2023-08-26T10:29:34+00:00","author":"Jeanette","twitter_card":"summary_large_image","twitter_creator":"@eldiario_net","twitter_site":"@eldiario_net","twitter_misc":{"Escrito por":"Jeanette","Tiempo de lectura":"3 minutos"},"schema":{"@context":"https:\/\/schema.org","@graph":[{"@type":"Article","@id":"https:\/\/www.eldiario.net\/portal\/2023\/08\/26\/brigadas-escolares-durante-la-hora-de-recreo\/#article","isPartOf":{"@id":"https:\/\/www.eldiario.net\/portal\/2023\/08\/26\/brigadas-escolares-durante-la-hora-de-recreo\/"},"author":{"name":"Jeanette","@id":"https:\/\/www.eldiario.net\/portal\/#\/schema\/person\/f46445640444750d7d753ccd04ae01b7"},"headline":"Brigadas escolares durante la hora de recreo","datePublished":"2023-08-26T10:29:34+00:00","mainEntityOfPage":{"@id":"https:\/\/www.eldiario.net\/portal\/2023\/08\/26\/brigadas-escolares-durante-la-hora-de-recreo\/"},"wordCount":485,"publisher":{"@id":"https:\/\/www.eldiario.net\/portal\/#organization"},"articleSection":["Opini\u00f3n"],"inLanguage":"es"},{"@type":"WebPage","@id":"https:\/\/www.eldiario.net\/portal\/2023\/08\/26\/brigadas-escolares-durante-la-hora-de-recreo\/","url":"https:\/\/www.eldiario.net\/portal\/2023\/08\/26\/brigadas-escolares-durante-la-hora-de-recreo\/","name":"Brigadas escolares durante la hora de recreo - El Diario - Bolivia","isPartOf":{"@id":"https:\/\/www.eldiario.net\/portal\/#website"},"datePublished":"2023-08-26T10:29:34+00:00","breadcrumb":{"@id":"https:\/\/www.eldiario.net\/portal\/2023\/08\/26\/brigadas-escolares-durante-la-hora-de-recreo\/#breadcrumb"},"inLanguage":"es","potentialAction":[{"@type":"ReadAction","target":["https:\/\/www.eldiario.net\/portal\/2023\/08\/26\/brigadas-escolares-durante-la-hora-de-recreo\/"]}]},{"@type":"BreadcrumbList","@id":"https:\/\/www.eldiario.net\/portal\/2023\/08\/26\/brigadas-escolares-durante-la-hora-de-recreo\/#breadcrumb","itemListElement":[{"@type":"ListItem","position":1,"name":"Portada","item":"https:\/\/www.eldiario.net\/portal\/"},{"@type":"ListItem","position":2,"name":"Brigadas escolares durante la hora de recreo"}]},{"@type":"WebSite","@id":"https:\/\/www.eldiario.net\/portal\/#website","url":"https:\/\/www.eldiario.net\/portal\/","name":"El Diario - Decano de la prensa nacional","description":"El Diario - Decano de la prensa nacional","publisher":{"@id":"https:\/\/www.eldiario.net\/portal\/#organization"},"potentialAction":[{"@type":"SearchAction","target":{"@type":"EntryPoint","urlTemplate":"https:\/\/www.eldiario.net\/portal\/?s={search_term_string}"},"query-input":{"@type":"PropertyValueSpecification","valueRequired":true,"valueName":"search_term_string"}}],"inLanguage":"es"},{"@type":"Organization","@id":"https:\/\/www.eldiario.net\/portal\/#organization","name":"El Diario - Decano de la prensa nacional","url":"https:\/\/www.eldiario.net\/portal\/","logo":{"@type":"ImageObject","inLanguage":"es","@id":"https:\/\/www.eldiario.net\/portal\/#\/schema\/logo\/image\/","url":"https:\/\/www.eldiario.net\/portal\/wp-content\/uploads\/2023\/07\/logo_ED.jpg","contentUrl":"https:\/\/www.eldiario.net\/portal\/wp-content\/uploads\/2023\/07\/logo_ED.jpg","width":272,"height":52,"caption":"El Diario - Decano de la prensa nacional"},"image":{"@id":"https:\/\/www.eldiario.net\/portal\/#\/schema\/logo\/image\/"},"sameAs":["https:\/\/www.facebook.com\/eldiario.bolivia\/","https:\/\/x.com\/eldiario_net"]},{"@type":"Person","@id":"https:\/\/www.eldiario.net\/portal\/#\/schema\/person\/f46445640444750d7d753ccd04ae01b7","name":"Jeanette","image":{"@type":"ImageObject","inLanguage":"es","@id":"https:\/\/secure.gravatar.com\/avatar\/3ea2118a5f7dad2b7138b1187a6b7ee55f160b9968b66013c3a3ef39dd7e5798?s=96&d=mm&r=g","url":"https:\/\/secure.gravatar.com\/avatar\/3ea2118a5f7dad2b7138b1187a6b7ee55f160b9968b66013c3a3ef39dd7e5798?s=96&d=mm&r=g","contentUrl":"https:\/\/secure.gravatar.com\/avatar\/3ea2118a5f7dad2b7138b1187a6b7ee55f160b9968b66013c3a3ef39dd7e5798?s=96&d=mm&r=g","caption":"Jeanette"},"sameAs":["https:\/\/www.eldiario.net\/portal"],"url":"https:\/\/www.eldiario.net\/portal\/author\/jeanette\/"}]}},"_links":{"self":[{"href":"https:\/\/www.eldiario.net\/portal\/wp-json\/wp\/v2\/posts\/173100","targetHints":{"allow":["GET"]}}],"collection":[{"href":"https:\/\/www.eldiario.net\/portal\/wp-json\/wp\/v2\/posts"}],"about":[{"href":"https:\/\/www.eldiario.net\/portal\/wp-json\/wp\/v2\/types\/post"}],"author":[{"embeddable":true,"href":"https:\/\/www.eldiario.net\/portal\/wp-json\/wp\/v2\/users\/1"}],"replies":[{"embeddable":true,"href":"https:\/\/www.eldiario.net\/portal\/wp-json\/wp\/v2\/comments?post=173100"}],"version-history":[{"count":0,"href":"https:\/\/www.eldiario.net\/portal\/wp-json\/wp\/v2\/posts\/173100\/revisions"}],"wp:attachment":[{"href":"https:\/\/www.eldiario.net\/portal\/wp-json\/wp\/v2\/media?parent=173100"}],"wp:term":[{"taxonomy":"category","embeddable":true,"href":"https:\/\/www.eldiario.net\/portal\/wp-json\/wp\/v2\/categories?post=173100"},{"taxonomy":"post_tag","embeddable":true,"href":"https:\/\/www.eldiario.net\/portal\/wp-json\/wp\/v2\/tags?post=173100"}],"curies":[{"name":"wp","href":"https:\/\/api.w.org\/{rel}","templated":true}]}}