{"id":172984,"date":"2023-08-25T04:26:10","date_gmt":"2023-08-25T08:26:10","guid":{"rendered":"https:\/\/www.eldiario.net\/portal\/?p=172984"},"modified":"2023-08-25T04:26:10","modified_gmt":"2023-08-25T08:26:10","slug":"sebastian-chuquimia-estamos-haciendo-las-cosas-por-amor-y-creo-que-nos-estan-saliendo-bien","status":"publish","type":"post","link":"https:\/\/www.eldiario.net\/portal\/2023\/08\/25\/sebastian-chuquimia-estamos-haciendo-las-cosas-por-amor-y-creo-que-nos-estan-saliendo-bien\/","title":{"rendered":"SEBASTI\u00c1N CHUQUIMIA \u201cEstamos haciendo las cosas por amor  y creo que nos est\u00e1n saliendo bien\u201d"},"content":{"rendered":"<p>Jam\u00e1s imagin\u00f3 estar en el lugar de Franz Chuquimia, su pap\u00e1, el fallecido l\u00edder y primera voz de Jach\u00b4a Mallku.<\/p>\n<p>\u201cEso era algo imposible. Pero a ra\u00edz de su fallecimiento y lo popular que se han hecho los videos cuando yo he cantado, estamos aqu\u00ed\u201d, recuerda Sebasti\u00e1n Chuquima, hijo del desaparecido artista boliviano.<\/p>\n<p>Hasta antes de la muerte de su progenitor, Sebasti\u00e1n cursaba la carrera de fisioterapia, trabajaba en una barber\u00eda y le ayudaba a su pap\u00e1.<\/p>\n<p>\u201cEn la barber\u00eda no me estaba yendo muy bien\u2026 \u00a0por lo que le dije: Papi, trabajaremos y \u00e9l me dijo que s\u00ed, as\u00ed que empec\u00e9 trabajando con el sonidista\u2026 Mi primer show fue en la pe\u00f1a Jamuy, fue la primera vez que ayud\u00e9 a mi pap\u00e1\u201d, rememora el ahora vocalista de Jach\u00b4a Mallku en la entrevista que le hizo La Gu\u00eda.<\/p>\n<p><strong>LG: Y \u00bfahora qui\u00e9n es Sebasti\u00e1n Chuquimia?<\/strong><\/p>\n<p>S: Ahora es un joven que est\u00e1 incursionando en la m\u00fasica, que ha empezado muy arriba gracias a todo lo que ha hecho mi pap\u00e1 y a la gente, que me est\u00e1 dando todo su apoyo y su amor. Yo creo, como siempre lo digo, que estamos haciendo las cosas por amor y creo que nos est\u00e1n saliendo bien. En estos momentos ya estoy totalmente enfocado en Jach\u00b4a Mallku. Estamos pasando clases de canto tambi\u00e9n para profesionalizarnos, voy a terminar mi carrera de fisioterapia y luego me voy a meter de lleno a la m\u00fasica, ingresar\u00e9 al Conservatorio, esa es mi meta.<\/p>\n<p><strong>LG: \u00bfQu\u00e9 tanto cambi\u00f3 tu vida?<\/strong><\/p>\n<p>S: Demasiado, de estar en mi casa, haciendo mi tarea, ir a la universidad, al trabajo\u2026 ahora tenemos que viajar a un lado, tenemos una presentaci\u00f3n aqu\u00ed, all\u00ed. Pero valoro el cari\u00f1o de la gente, que se siente mucho en la calle, cuando estamos caminando y me dice: Sebasti\u00e1n\u2026 \u00bfuna foto?, es algo muy lindo.<\/p>\n<p><strong>LG: \u00bfA qu\u00e9 crees que se debe el cari\u00f1o de la gente?<\/strong><\/p>\n<p>S: Sinceramente no me he puesto a pensar en eso, porque ha sido todo tan r\u00e1pido, que hasta ahora no me lo creo. Tal vez es m\u00e1s que todo por el amor que le ponemos al interpretar las canciones, la humildad y el respeto que tambi\u00e9n tenemos a la gente.<\/p>\n<p><strong>LG: \u00bfQu\u00e9 sientes al interpretar los \u00e9xitos musicales de tu pap\u00e1?<\/strong><\/p>\n<p>S: En un comienzo era muy complicado para m\u00ed porque, aparte de que reci\u00e9n estaba empezando, ten\u00eda un nudo en la garganta al saber que est\u00e1s cantando canciones de tu pap\u00e1 que ya no est\u00e1 contigo. Ahora como ya estamos casi con presentaciones todos los fines de semana, se est\u00e1 volviendo como un trabajo y es un trabajo muy lindo.<\/p>\n<p><strong>LG: \u00bfC\u00f3mo definir\u00edas la voz de Franz Chuquimia?<\/strong><\/p>\n<p>S: Nadie pod\u00eda sacar esa voz, con tanto sentimiento y cari\u00f1o, eso le agradaba a la gente, desde que mi pap\u00e1 empez\u00f3 a cantar, era una voz dulce y linda.<\/p>\n<p><strong>LG: Y la tuya \u00bfc\u00f3mo es?<\/strong><\/p>\n<p>S: Es una voz que todav\u00eda tenemos que trabajarla, pero que tiene mucho sentimiento.<\/p>\n<p><strong>LG: \u00bfQu\u00e9 heredaste de tu papi?<\/strong><\/p>\n<p>S: Siempre me dec\u00edan que me parezco mucho a mi pap\u00e1 f\u00edsicamente y ahora creo que en la voz hay ciertos rasgos, pero que tengo que trabajar.<\/p>\n<p><strong>LG: \u00bfC\u00f3mo quisieras que recuerden a Franz?<\/strong><\/p>\n<p>S: Como un hombre que siempre ha luchado por la m\u00fasica nacional, por Jach\u00b4a Mallku y por ser bondadoso. Hizo muchos actos ben\u00e9ficos con ancianos, personas enfermas\u2026 era un ser muy solidario. Nunca se olvid\u00f3 de sus hijos, siempre vel\u00f3 por ellos\u2026 fue un ser muy bueno. Eso se ha demostrado en su velorio, al que tanta gente ha ido.<\/p>\n<p><strong>LG: \u00bfAlguna canci\u00f3n interpretada por tu pap\u00e1 te pone triste?<\/strong><\/p>\n<p>S: S\u00ed y siempre va a ser mi tema, \u201cQue no te merezco\u201d, siempre que lo escucho me recuerdo de \u00e9l y me pongo a pensar qu\u00e9 hubiera pasado si me hubiera escuchado, qu\u00e9 me hubiera dicho. Faltaba poquito para que me escuche. Hubiera querido convivir m\u00e1s con \u00e9l.<\/p>\n<p><strong>LG: Y t\u00fa, \u00bfa qu\u00e9 canci\u00f3n de Los Jach\u00b4as le tienes m\u00e1s cari\u00f1o?<\/strong><\/p>\n<p>S: Ahora a todas, en especial a las morenadas, la m\u00e1s representativa de mi pap\u00e1, que es <em>Cecilia<\/em>, que se ha escuchado mucho estos \u00faltimos meses, y <em>La morenada del amor<\/em>.<\/p>\n<p><strong>LG: \u00bfQu\u00e9 se viene para Jach\u00b4a Mallku?<\/strong><\/p>\n<p>S: Un nuevo disco, que ya lo estamos por terminar, se vienen sorpresas muy lindas. Va a estar listo aproximadamente en un mes. El disco tendr\u00e1 de todo. La mayor\u00eda de los temas est\u00e1n interpretados por mi pap\u00e1, porque \u00e9l hab\u00eda hecho la mayor\u00eda del avance, pero tambi\u00e9n estar\u00e1n temas interpretados por m\u00ed. Y muy aparte del disco, habr\u00e1 colaboraciones con gente que todo el mundo conoce. Tambi\u00e9n habr\u00e1 m\u00e1s colaboraciones con asociaciones que tenemos con otras morenadas.<\/p>\n<p><strong>LG: \u00bfC\u00f3mo te llevas con los integrantes del grupo?<\/strong><\/p>\n<p>S: Siempre me he llevado bien, porque ya hab\u00edamos compartido algunos meses de trabajo con ellos. Siempre hubo buena comunicaci\u00f3n.<\/p>\n<p><strong>LG: \u00bfC\u00f3mo est\u00e1s encarando este momento?<\/strong><\/p>\n<p>S: No ten\u00eda experiencia musical y cantar una tanda completa se me dificultaba mucho. Siempre necesitaba ayuda o agua a cada rato para que se me abra la garganta. Pero con la pr\u00e1ctica, con las clases de canto que estoy pasando, estamos muy bien. Hemos llegado a tener hasta tres shows en un d\u00eda sin problema.<\/p>\n<p><strong>LG: Hiciste un live para aclarar algunas versiones malintencionadas sobre Jach\u00b4a Mallku y que dec\u00edan incluso que estabas enfermo, \u00bfqu\u00e9 pas\u00f3?<\/strong><\/p>\n<p>S: Yo hice este <em>live<\/em> porque no quiero que enga\u00f1en a la gente diciendo que son Jach\u00b4a Mallku o digan que estoy enfermo\u2026 No quiero dar nombres, por el mismo hecho de que no quiero hacerles sentir que nos preocupamos por ellos\u2026 pero el hecho de que lleguen a\u00a0 usar el nombre de Jach\u00b4a Mallku, de mi pap\u00e1 y no poder sobresalir con su propia imagen, les quita mucho m\u00e9rito.<\/p>\n<p>Entonces hicimos el <em>live<\/em> m\u00e1s que todo para informar a la gente de que no se deje enga\u00f1ar. No para decir que ya no lo hagan, porque todos tenemos derecho a trabajar, pero que no enga\u00f1en a la gente diciendo que son Jach\u00b4a Mallku. Yo dijo en ese \u201cen vivo\u201d que Jach\u00b4a Mallku siempre va a estar con Sebasti\u00e1n Chuquimia porque ahora estoy abocado 100 por ciento al grupo.<\/p>\n<p><strong>EL PERFIL<\/strong><\/p>\n<p>Sebasti\u00e1n Israel Chuquimia Salazar naci\u00f3 en Munaypata, en el hospital Juan XXIII, el 9 de octubre de 1998.<\/p>\n<p>Dice ser una persona muy tranquila, humilde, sincera y demasiado respetuosa. Su mayor virtud es la lealtad y su peor defecto es que explota cuando le acusan de algo que no ha hecho. Le gusta jugar f\u00fatbol y manejar moto. Confiesa que no lleg\u00f3 a hacer locuras en su vida porque su mam\u00e1 le ha ense\u00f1ado muchos valores. De ac\u00e1 a unos a\u00f1os se ve con m\u00e1s solidez en cuando a lo vocal y lo art\u00edstico. Quiere aprender instrumentos y su meta es entrar al Conservatorio de M\u00fasica.<\/p>\n<p>\u201cMi agradecimiento a la gente, que nos est\u00e1 apoyando tanto, y a mi mam\u00e1, por la forma en la que me ha criado. Ahora me doy cuenta que cualquier otra persona en mi lugar ya estar\u00eda \u201cvolando\u201d con la fama, pero yo no, sigo sereno, sigo hablando as\u00ed, sigo andando en micros, en minibuses, porque mi mam\u00e1 me ha criado as\u00ed. La gente te da cari\u00f1o y es lo que m\u00e1s fuerza te da y te dice: Tienes que seguir ah\u00ed\u201d, resalt\u00f3.<\/p>\n<div id='gallery-1' class='gallery galleryid-172984 gallery-columns-3 gallery-size-medium'><figure class='gallery-item'>\n\t\t\t<div class='gallery-icon landscape'>\n\t\t\t\t<a href='https:\/\/www.eldiario.net\/portal\/2023\/08\/25\/sebastian-chuquimia-estamos-haciendo-las-cosas-por-amor-y-creo-que-nos-estan-saliendo-bien\/sebastian-1principal\/'><img loading=\"lazy\" decoding=\"async\" width=\"300\" height=\"150\" src=\"https:\/\/www.eldiario.net\/portal\/wp-content\/uploads\/2023\/08\/sebastian-1PRINCIPAL-300x150.jpeg\" class=\"attachment-medium size-medium\" alt=\"\" srcset=\"https:\/\/www.eldiario.net\/portal\/wp-content\/uploads\/2023\/08\/sebastian-1PRINCIPAL-300x150.jpeg 300w, https:\/\/www.eldiario.net\/portal\/wp-content\/uploads\/2023\/08\/sebastian-1PRINCIPAL-1024x512.jpeg 1024w, https:\/\/www.eldiario.net\/portal\/wp-content\/uploads\/2023\/08\/sebastian-1PRINCIPAL-768x384.jpeg 768w, https:\/\/www.eldiario.net\/portal\/wp-content\/uploads\/2023\/08\/sebastian-1PRINCIPAL-696x348.jpeg 696w, https:\/\/www.eldiario.net\/portal\/wp-content\/uploads\/2023\/08\/sebastian-1PRINCIPAL-1068x534.jpeg 1068w, https:\/\/www.eldiario.net\/portal\/wp-content\/uploads\/2023\/08\/sebastian-1PRINCIPAL.jpeg 1179w\" sizes=\"auto, (max-width: 300px) 100vw, 300px\" \/><\/a>\n\t\t\t<\/div><\/figure><figure class='gallery-item'>\n\t\t\t<div class='gallery-icon portrait'>\n\t\t\t\t<a href='https:\/\/www.eldiario.net\/portal\/2023\/08\/25\/sebastian-chuquimia-estamos-haciendo-las-cosas-por-amor-y-creo-que-nos-estan-saliendo-bien\/sebastian-2-2\/'><img loading=\"lazy\" decoding=\"async\" width=\"135\" height=\"300\" src=\"https:\/\/www.eldiario.net\/portal\/wp-content\/uploads\/2023\/08\/sebastian-2-135x300.jpeg\" class=\"attachment-medium size-medium\" alt=\"\" srcset=\"https:\/\/www.eldiario.net\/portal\/wp-content\/uploads\/2023\/08\/sebastian-2-135x300.jpeg 135w, https:\/\/www.eldiario.net\/portal\/wp-content\/uploads\/2023\/08\/sebastian-2-461x1024.jpeg 461w, https:\/\/www.eldiario.net\/portal\/wp-content\/uploads\/2023\/08\/sebastian-2-692x1536.jpeg 692w, https:\/\/www.eldiario.net\/portal\/wp-content\/uploads\/2023\/08\/sebastian-2-696x1546.jpeg 696w, https:\/\/www.eldiario.net\/portal\/wp-content\/uploads\/2023\/08\/sebastian-2.jpeg 720w\" sizes=\"auto, (max-width: 135px) 100vw, 135px\" \/><\/a>\n\t\t\t<\/div><\/figure><figure class='gallery-item'>\n\t\t\t<div class='gallery-icon landscape'>\n\t\t\t\t<a href='https:\/\/www.eldiario.net\/portal\/2023\/08\/25\/sebastian-chuquimia-estamos-haciendo-las-cosas-por-amor-y-creo-que-nos-estan-saliendo-bien\/sebastian-3\/'><img loading=\"lazy\" decoding=\"async\" width=\"300\" height=\"135\" src=\"https:\/\/www.eldiario.net\/portal\/wp-content\/uploads\/2023\/08\/sebastian-3-300x135.jpeg\" class=\"attachment-medium size-medium\" alt=\"\" srcset=\"https:\/\/www.eldiario.net\/portal\/wp-content\/uploads\/2023\/08\/sebastian-3-300x135.jpeg 300w, https:\/\/www.eldiario.net\/portal\/wp-content\/uploads\/2023\/08\/sebastian-3-1024x461.jpeg 1024w, https:\/\/www.eldiario.net\/portal\/wp-content\/uploads\/2023\/08\/sebastian-3-768x346.jpeg 768w, https:\/\/www.eldiario.net\/portal\/wp-content\/uploads\/2023\/08\/sebastian-3-1536x692.jpeg 1536w, https:\/\/www.eldiario.net\/portal\/wp-content\/uploads\/2023\/08\/sebastian-3-696x313.jpeg 696w, https:\/\/www.eldiario.net\/portal\/wp-content\/uploads\/2023\/08\/sebastian-3-1068x481.jpeg 1068w, https:\/\/www.eldiario.net\/portal\/wp-content\/uploads\/2023\/08\/sebastian-3.jpeg 1599w\" sizes=\"auto, (max-width: 300px) 100vw, 300px\" \/><\/a>\n\t\t\t<\/div><\/figure><figure class='gallery-item'>\n\t\t\t<div class='gallery-icon portrait'>\n\t\t\t\t<a href='https:\/\/www.eldiario.net\/portal\/2023\/08\/25\/sebastian-chuquimia-estamos-haciendo-las-cosas-por-amor-y-creo-que-nos-estan-saliendo-bien\/sebastian-4\/'><img loading=\"lazy\" decoding=\"async\" width=\"169\" height=\"300\" src=\"https:\/\/www.eldiario.net\/portal\/wp-content\/uploads\/2023\/08\/sebastian-4-169x300.jpeg\" class=\"attachment-medium size-medium\" alt=\"\" srcset=\"https:\/\/www.eldiario.net\/portal\/wp-content\/uploads\/2023\/08\/sebastian-4-169x300.jpeg 169w, https:\/\/www.eldiario.net\/portal\/wp-content\/uploads\/2023\/08\/sebastian-4-576x1024.jpeg 576w, https:\/\/www.eldiario.net\/portal\/wp-content\/uploads\/2023\/08\/sebastian-4-768x1365.jpeg 768w, https:\/\/www.eldiario.net\/portal\/wp-content\/uploads\/2023\/08\/sebastian-4-864x1536.jpeg 864w, https:\/\/www.eldiario.net\/portal\/wp-content\/uploads\/2023\/08\/sebastian-4-696x1237.jpeg 696w, https:\/\/www.eldiario.net\/portal\/wp-content\/uploads\/2023\/08\/sebastian-4.jpeg 900w\" sizes=\"auto, (max-width: 169px) 100vw, 169px\" \/><\/a>\n\t\t\t<\/div><\/figure><figure class='gallery-item'>\n\t\t\t<div class='gallery-icon landscape'>\n\t\t\t\t<a href='https:\/\/www.eldiario.net\/portal\/2023\/08\/25\/sebastian-chuquimia-estamos-haciendo-las-cosas-por-amor-y-creo-que-nos-estan-saliendo-bien\/sebastian-5\/'><img loading=\"lazy\" decoding=\"async\" width=\"300\" height=\"300\" src=\"https:\/\/www.eldiario.net\/portal\/wp-content\/uploads\/2023\/08\/sebastian-5-300x300.jpeg\" class=\"attachment-medium size-medium\" alt=\"\" srcset=\"https:\/\/www.eldiario.net\/portal\/wp-content\/uploads\/2023\/08\/sebastian-5-300x300.jpeg 300w, https:\/\/www.eldiario.net\/portal\/wp-content\/uploads\/2023\/08\/sebastian-5-150x150.jpeg 150w, https:\/\/www.eldiario.net\/portal\/wp-content\/uploads\/2023\/08\/sebastian-5.jpeg 420w\" sizes=\"auto, (max-width: 300px) 100vw, 300px\" \/><\/a>\n\t\t\t<\/div><\/figure><figure class='gallery-item'>\n\t\t\t<div class='gallery-icon portrait'>\n\t\t\t\t<a href='https:\/\/www.eldiario.net\/portal\/2023\/08\/25\/sebastian-chuquimia-estamos-haciendo-las-cosas-por-amor-y-creo-que-nos-estan-saliendo-bien\/sebastian-6\/'><img loading=\"lazy\" decoding=\"async\" width=\"135\" height=\"300\" src=\"https:\/\/www.eldiario.net\/portal\/wp-content\/uploads\/2023\/08\/sebastian-6-135x300.jpeg\" class=\"attachment-medium size-medium\" alt=\"\" srcset=\"https:\/\/www.eldiario.net\/portal\/wp-content\/uploads\/2023\/08\/sebastian-6-135x300.jpeg 135w, https:\/\/www.eldiario.net\/portal\/wp-content\/uploads\/2023\/08\/sebastian-6-461x1024.jpeg 461w, https:\/\/www.eldiario.net\/portal\/wp-content\/uploads\/2023\/08\/sebastian-6-692x1536.jpeg 692w, https:\/\/www.eldiario.net\/portal\/wp-content\/uploads\/2023\/08\/sebastian-6-696x1546.jpeg 696w, https:\/\/www.eldiario.net\/portal\/wp-content\/uploads\/2023\/08\/sebastian-6.jpeg 720w\" sizes=\"auto, (max-width: 135px) 100vw, 135px\" \/><\/a>\n\t\t\t<\/div><\/figure><figure class='gallery-item'>\n\t\t\t<div class='gallery-icon landscape'>\n\t\t\t\t<a href='https:\/\/www.eldiario.net\/portal\/2023\/08\/25\/sebastian-chuquimia-estamos-haciendo-las-cosas-por-amor-y-creo-que-nos-estan-saliendo-bien\/sebastian-7\/'><img loading=\"lazy\" decoding=\"async\" width=\"300\" height=\"135\" src=\"https:\/\/www.eldiario.net\/portal\/wp-content\/uploads\/2023\/08\/sebastian-7-300x135.jpg\" class=\"attachment-medium size-medium\" alt=\"\" srcset=\"https:\/\/www.eldiario.net\/portal\/wp-content\/uploads\/2023\/08\/sebastian-7-300x135.jpg 300w, https:\/\/www.eldiario.net\/portal\/wp-content\/uploads\/2023\/08\/sebastian-7-1024x461.jpg 1024w, https:\/\/www.eldiario.net\/portal\/wp-content\/uploads\/2023\/08\/sebastian-7-768x346.jpg 768w, https:\/\/www.eldiario.net\/portal\/wp-content\/uploads\/2023\/08\/sebastian-7-1536x692.jpg 1536w, https:\/\/www.eldiario.net\/portal\/wp-content\/uploads\/2023\/08\/sebastian-7-696x313.jpg 696w, https:\/\/www.eldiario.net\/portal\/wp-content\/uploads\/2023\/08\/sebastian-7-1068x481.jpg 1068w, https:\/\/www.eldiario.net\/portal\/wp-content\/uploads\/2023\/08\/sebastian-7.jpg 1599w\" sizes=\"auto, (max-width: 300px) 100vw, 300px\" \/><\/a>\n\t\t\t<\/div><\/figure>\n\t\t<\/div>\n\n","protected":false},"excerpt":{"rendered":"<p>Jam\u00e1s imagin\u00f3 estar en el lugar de Franz Chuquimia, su pap\u00e1, el fallecido l\u00edder y primera voz de Jach\u00b4a Mallku. \u201cEso era algo imposible. Pero a ra\u00edz de su fallecimiento y lo popular que se han hecho los videos cuando yo he cantado, estamos aqu\u00ed\u201d, recuerda Sebasti\u00e1n Chuquima, hijo del desaparecido artista boliviano. Hasta antes [&hellip;]<\/p>\n","protected":false},"author":1,"featured_media":172985,"comment_status":"closed","ping_status":"open","sticky":false,"template":"","format":"standard","meta":{"_acf_changed":false,"footnotes":""},"categories":[41],"tags":[],"class_list":["post-172984","post","type-post","status-publish","format-standard","has-post-thumbnail","category-la-guia"],"acf":{"antetitulo":""},"yoast_head":"<!-- This site is optimized with the Yoast SEO plugin v28.4 - https:\/\/yoast.com\/product\/yoast-seo-wordpress\/ -->\n<title>SEBASTI\u00c1N CHUQUIMIA \u201cEstamos haciendo las cosas por amor y creo que nos est\u00e1n saliendo bien\u201d - El Diario - Bolivia<\/title>\n<meta name=\"robots\" content=\"index, follow, max-snippet:-1, max-image-preview:large, max-video-preview:-1\" \/>\n<link rel=\"canonical\" href=\"https:\/\/www.eldiario.net\/portal\/2023\/08\/25\/sebastian-chuquimia-estamos-haciendo-las-cosas-por-amor-y-creo-que-nos-estan-saliendo-bien\/\" \/>\n<meta property=\"og:locale\" content=\"es_ES\" \/>\n<meta property=\"og:type\" content=\"article\" \/>\n<meta property=\"og:title\" content=\"SEBASTI\u00c1N CHUQUIMIA \u201cEstamos haciendo las cosas por amor y creo que nos est\u00e1n saliendo bien\u201d - El Diario - Bolivia\" \/>\n<meta property=\"og:description\" content=\"Jam\u00e1s imagin\u00f3 estar en el lugar de Franz Chuquimia, su pap\u00e1, el fallecido l\u00edder y primera voz de Jach\u00b4a Mallku. \u201cEso era algo imposible. Pero a ra\u00edz de su fallecimiento y lo popular que se han hecho los videos cuando yo he cantado, estamos aqu\u00ed\u201d, recuerda Sebasti\u00e1n Chuquima, hijo del desaparecido artista boliviano. Hasta antes [&hellip;]\" \/>\n<meta property=\"og:url\" content=\"https:\/\/www.eldiario.net\/portal\/2023\/08\/25\/sebastian-chuquimia-estamos-haciendo-las-cosas-por-amor-y-creo-que-nos-estan-saliendo-bien\/\" \/>\n<meta property=\"og:site_name\" content=\"El Diario - Bolivia\" \/>\n<meta property=\"article:publisher\" content=\"https:\/\/www.facebook.com\/eldiario.bolivia\/\" \/>\n<meta property=\"article:published_time\" content=\"2023-08-25T08:26:10+00:00\" \/>\n<meta property=\"og:image\" content=\"https:\/\/www.eldiario.net\/portal\/wp-content\/uploads\/2023\/08\/sebastian-1PRINCIPAL.jpeg\" \/>\n\t<meta property=\"og:image:width\" content=\"1179\" \/>\n\t<meta property=\"og:image:height\" content=\"589\" \/>\n\t<meta property=\"og:image:type\" content=\"image\/jpeg\" \/>\n<meta name=\"author\" content=\"Jeanette\" \/>\n<meta name=\"twitter:card\" content=\"summary_large_image\" \/>\n<meta name=\"twitter:creator\" content=\"@eldiario_net\" \/>\n<meta name=\"twitter:site\" content=\"@eldiario_net\" \/>\n<meta name=\"twitter:label1\" content=\"Escrito por\" \/>\n\t<meta name=\"twitter:data1\" content=\"Jeanette\" \/>\n\t<meta name=\"twitter:label2\" content=\"Tiempo de lectura\" \/>\n\t<meta name=\"twitter:data2\" content=\"6 minutos\" \/>\n<script type=\"application\/ld+json\" class=\"yoast-schema-graph\">{\"@context\":\"https:\\\/\\\/schema.org\",\"@graph\":[{\"@type\":\"Article\",\"@id\":\"https:\\\/\\\/www.eldiario.net\\\/portal\\\/2023\\\/08\\\/25\\\/sebastian-chuquimia-estamos-haciendo-las-cosas-por-amor-y-creo-que-nos-estan-saliendo-bien\\\/#article\",\"isPartOf\":{\"@id\":\"https:\\\/\\\/www.eldiario.net\\\/portal\\\/2023\\\/08\\\/25\\\/sebastian-chuquimia-estamos-haciendo-las-cosas-por-amor-y-creo-que-nos-estan-saliendo-bien\\\/\"},\"author\":{\"name\":\"Jeanette\",\"@id\":\"https:\\\/\\\/www.eldiario.net\\\/portal\\\/#\\\/schema\\\/person\\\/2c57cf2b7a7ae032e449e4c9b1019eac\"},\"headline\":\"SEBASTI\u00c1N CHUQUIMIA \u201cEstamos haciendo las cosas por amor y creo que nos est\u00e1n saliendo bien\u201d\",\"datePublished\":\"2023-08-25T08:26:10+00:00\",\"mainEntityOfPage\":{\"@id\":\"https:\\\/\\\/www.eldiario.net\\\/portal\\\/2023\\\/08\\\/25\\\/sebastian-chuquimia-estamos-haciendo-las-cosas-por-amor-y-creo-que-nos-estan-saliendo-bien\\\/\"},\"wordCount\":1332,\"publisher\":{\"@id\":\"https:\\\/\\\/www.eldiario.net\\\/portal\\\/#organization\"},\"image\":{\"@id\":\"https:\\\/\\\/www.eldiario.net\\\/portal\\\/2023\\\/08\\\/25\\\/sebastian-chuquimia-estamos-haciendo-las-cosas-por-amor-y-creo-que-nos-estan-saliendo-bien\\\/#primaryimage\"},\"thumbnailUrl\":\"https:\\\/\\\/www.eldiario.net\\\/portal\\\/wp-content\\\/uploads\\\/2023\\\/08\\\/sebastian-1PRINCIPAL.jpeg\",\"articleSection\":[\"La Gu\u00eda\"],\"inLanguage\":\"es\"},{\"@type\":\"WebPage\",\"@id\":\"https:\\\/\\\/www.eldiario.net\\\/portal\\\/2023\\\/08\\\/25\\\/sebastian-chuquimia-estamos-haciendo-las-cosas-por-amor-y-creo-que-nos-estan-saliendo-bien\\\/\",\"url\":\"https:\\\/\\\/www.eldiario.net\\\/portal\\\/2023\\\/08\\\/25\\\/sebastian-chuquimia-estamos-haciendo-las-cosas-por-amor-y-creo-que-nos-estan-saliendo-bien\\\/\",\"name\":\"SEBASTI\u00c1N CHUQUIMIA \u201cEstamos haciendo las cosas por amor y creo que nos est\u00e1n saliendo bien\u201d - El Diario - Bolivia\",\"isPartOf\":{\"@id\":\"https:\\\/\\\/www.eldiario.net\\\/portal\\\/#website\"},\"primaryImageOfPage\":{\"@id\":\"https:\\\/\\\/www.eldiario.net\\\/portal\\\/2023\\\/08\\\/25\\\/sebastian-chuquimia-estamos-haciendo-las-cosas-por-amor-y-creo-que-nos-estan-saliendo-bien\\\/#primaryimage\"},\"image\":{\"@id\":\"https:\\\/\\\/www.eldiario.net\\\/portal\\\/2023\\\/08\\\/25\\\/sebastian-chuquimia-estamos-haciendo-las-cosas-por-amor-y-creo-que-nos-estan-saliendo-bien\\\/#primaryimage\"},\"thumbnailUrl\":\"https:\\\/\\\/www.eldiario.net\\\/portal\\\/wp-content\\\/uploads\\\/2023\\\/08\\\/sebastian-1PRINCIPAL.jpeg\",\"datePublished\":\"2023-08-25T08:26:10+00:00\",\"breadcrumb\":{\"@id\":\"https:\\\/\\\/www.eldiario.net\\\/portal\\\/2023\\\/08\\\/25\\\/sebastian-chuquimia-estamos-haciendo-las-cosas-por-amor-y-creo-que-nos-estan-saliendo-bien\\\/#breadcrumb\"},\"inLanguage\":\"es\",\"potentialAction\":[{\"@type\":\"ReadAction\",\"target\":[\"https:\\\/\\\/www.eldiario.net\\\/portal\\\/2023\\\/08\\\/25\\\/sebastian-chuquimia-estamos-haciendo-las-cosas-por-amor-y-creo-que-nos-estan-saliendo-bien\\\/\"]}]},{\"@type\":\"ImageObject\",\"inLanguage\":\"es\",\"@id\":\"https:\\\/\\\/www.eldiario.net\\\/portal\\\/2023\\\/08\\\/25\\\/sebastian-chuquimia-estamos-haciendo-las-cosas-por-amor-y-creo-que-nos-estan-saliendo-bien\\\/#primaryimage\",\"url\":\"https:\\\/\\\/www.eldiario.net\\\/portal\\\/wp-content\\\/uploads\\\/2023\\\/08\\\/sebastian-1PRINCIPAL.jpeg\",\"contentUrl\":\"https:\\\/\\\/www.eldiario.net\\\/portal\\\/wp-content\\\/uploads\\\/2023\\\/08\\\/sebastian-1PRINCIPAL.jpeg\",\"width\":1179,\"height\":589},{\"@type\":\"BreadcrumbList\",\"@id\":\"https:\\\/\\\/www.eldiario.net\\\/portal\\\/2023\\\/08\\\/25\\\/sebastian-chuquimia-estamos-haciendo-las-cosas-por-amor-y-creo-que-nos-estan-saliendo-bien\\\/#breadcrumb\",\"itemListElement\":[{\"@type\":\"ListItem\",\"position\":1,\"name\":\"Portada\",\"item\":\"https:\\\/\\\/www.eldiario.net\\\/portal\\\/\"},{\"@type\":\"ListItem\",\"position\":2,\"name\":\"SEBASTI\u00c1N CHUQUIMIA \u201cEstamos haciendo las cosas por amor y creo que nos est\u00e1n saliendo bien\u201d\"}]},{\"@type\":\"WebSite\",\"@id\":\"https:\\\/\\\/www.eldiario.net\\\/portal\\\/#website\",\"url\":\"https:\\\/\\\/www.eldiario.net\\\/portal\\\/\",\"name\":\"El Diario - Decano de la prensa nacional\",\"description\":\"El Diario - Decano de la prensa nacional\",\"publisher\":{\"@id\":\"https:\\\/\\\/www.eldiario.net\\\/portal\\\/#organization\"},\"potentialAction\":[{\"@type\":\"SearchAction\",\"target\":{\"@type\":\"EntryPoint\",\"urlTemplate\":\"https:\\\/\\\/www.eldiario.net\\\/portal\\\/?s={search_term_string}\"},\"query-input\":{\"@type\":\"PropertyValueSpecification\",\"valueRequired\":true,\"valueName\":\"search_term_string\"}}],\"inLanguage\":\"es\"},{\"@type\":\"Organization\",\"@id\":\"https:\\\/\\\/www.eldiario.net\\\/portal\\\/#organization\",\"name\":\"El Diario - Decano de la prensa nacional\",\"url\":\"https:\\\/\\\/www.eldiario.net\\\/portal\\\/\",\"logo\":{\"@type\":\"ImageObject\",\"inLanguage\":\"es\",\"@id\":\"https:\\\/\\\/www.eldiario.net\\\/portal\\\/#\\\/schema\\\/logo\\\/image\\\/\",\"url\":\"https:\\\/\\\/www.eldiario.net\\\/portal\\\/wp-content\\\/uploads\\\/2023\\\/07\\\/logo_ED.jpg\",\"contentUrl\":\"https:\\\/\\\/www.eldiario.net\\\/portal\\\/wp-content\\\/uploads\\\/2023\\\/07\\\/logo_ED.jpg\",\"width\":272,\"height\":52,\"caption\":\"El Diario - Decano de la prensa nacional\"},\"image\":{\"@id\":\"https:\\\/\\\/www.eldiario.net\\\/portal\\\/#\\\/schema\\\/logo\\\/image\\\/\"},\"sameAs\":[\"https:\\\/\\\/www.facebook.com\\\/eldiario.bolivia\\\/\",\"https:\\\/\\\/x.com\\\/eldiario_net\"]},{\"@type\":\"Person\",\"@id\":\"https:\\\/\\\/www.eldiario.net\\\/portal\\\/#\\\/schema\\\/person\\\/2c57cf2b7a7ae032e449e4c9b1019eac\",\"name\":\"Jeanette\",\"image\":{\"@type\":\"ImageObject\",\"inLanguage\":\"es\",\"@id\":\"https:\\\/\\\/secure.gravatar.com\\\/avatar\\\/3ea2118a5f7dad2b7138b1187a6b7ee55f160b9968b66013c3a3ef39dd7e5798?s=96&d=mm&r=g\",\"url\":\"https:\\\/\\\/secure.gravatar.com\\\/avatar\\\/3ea2118a5f7dad2b7138b1187a6b7ee55f160b9968b66013c3a3ef39dd7e5798?s=96&d=mm&r=g\",\"contentUrl\":\"https:\\\/\\\/secure.gravatar.com\\\/avatar\\\/3ea2118a5f7dad2b7138b1187a6b7ee55f160b9968b66013c3a3ef39dd7e5798?s=96&d=mm&r=g\",\"caption\":\"Jeanette\"},\"sameAs\":[\"https:\\\/\\\/www.eldiario.net\\\/portal\"],\"url\":\"https:\\\/\\\/www.eldiario.net\\\/portal\\\/author\\\/jeanette\\\/\"}]}<\/script>\n<!-- \/ Yoast SEO plugin. -->","yoast_head_json":{"title":"SEBASTI\u00c1N CHUQUIMIA \u201cEstamos haciendo las cosas por amor y creo que nos est\u00e1n saliendo bien\u201d - El Diario - Bolivia","robots":{"index":"index","follow":"follow","max-snippet":"max-snippet:-1","max-image-preview":"max-image-preview:large","max-video-preview":"max-video-preview:-1"},"canonical":"https:\/\/www.eldiario.net\/portal\/2023\/08\/25\/sebastian-chuquimia-estamos-haciendo-las-cosas-por-amor-y-creo-que-nos-estan-saliendo-bien\/","og_locale":"es_ES","og_type":"article","og_title":"SEBASTI\u00c1N CHUQUIMIA \u201cEstamos haciendo las cosas por amor y creo que nos est\u00e1n saliendo bien\u201d - El Diario - Bolivia","og_description":"Jam\u00e1s imagin\u00f3 estar en el lugar de Franz Chuquimia, su pap\u00e1, el fallecido l\u00edder y primera voz de Jach\u00b4a Mallku. \u201cEso era algo imposible. Pero a ra\u00edz de su fallecimiento y lo popular que se han hecho los videos cuando yo he cantado, estamos aqu\u00ed\u201d, recuerda Sebasti\u00e1n Chuquima, hijo del desaparecido artista boliviano. Hasta antes [&hellip;]","og_url":"https:\/\/www.eldiario.net\/portal\/2023\/08\/25\/sebastian-chuquimia-estamos-haciendo-las-cosas-por-amor-y-creo-que-nos-estan-saliendo-bien\/","og_site_name":"El Diario - Bolivia","article_publisher":"https:\/\/www.facebook.com\/eldiario.bolivia\/","article_published_time":"2023-08-25T08:26:10+00:00","og_image":[{"width":1179,"height":589,"url":"https:\/\/www.eldiario.net\/portal\/wp-content\/uploads\/2023\/08\/sebastian-1PRINCIPAL.jpeg","type":"image\/jpeg"}],"author":"Jeanette","twitter_card":"summary_large_image","twitter_creator":"@eldiario_net","twitter_site":"@eldiario_net","twitter_misc":{"Escrito por":"Jeanette","Tiempo de lectura":"6 minutos"},"schema":{"@context":"https:\/\/schema.org","@graph":[{"@type":"Article","@id":"https:\/\/www.eldiario.net\/portal\/2023\/08\/25\/sebastian-chuquimia-estamos-haciendo-las-cosas-por-amor-y-creo-que-nos-estan-saliendo-bien\/#article","isPartOf":{"@id":"https:\/\/www.eldiario.net\/portal\/2023\/08\/25\/sebastian-chuquimia-estamos-haciendo-las-cosas-por-amor-y-creo-que-nos-estan-saliendo-bien\/"},"author":{"name":"Jeanette","@id":"https:\/\/www.eldiario.net\/portal\/#\/schema\/person\/2c57cf2b7a7ae032e449e4c9b1019eac"},"headline":"SEBASTI\u00c1N CHUQUIMIA \u201cEstamos haciendo las cosas por amor y creo que nos est\u00e1n saliendo bien\u201d","datePublished":"2023-08-25T08:26:10+00:00","mainEntityOfPage":{"@id":"https:\/\/www.eldiario.net\/portal\/2023\/08\/25\/sebastian-chuquimia-estamos-haciendo-las-cosas-por-amor-y-creo-que-nos-estan-saliendo-bien\/"},"wordCount":1332,"publisher":{"@id":"https:\/\/www.eldiario.net\/portal\/#organization"},"image":{"@id":"https:\/\/www.eldiario.net\/portal\/2023\/08\/25\/sebastian-chuquimia-estamos-haciendo-las-cosas-por-amor-y-creo-que-nos-estan-saliendo-bien\/#primaryimage"},"thumbnailUrl":"https:\/\/www.eldiario.net\/portal\/wp-content\/uploads\/2023\/08\/sebastian-1PRINCIPAL.jpeg","articleSection":["La Gu\u00eda"],"inLanguage":"es"},{"@type":"WebPage","@id":"https:\/\/www.eldiario.net\/portal\/2023\/08\/25\/sebastian-chuquimia-estamos-haciendo-las-cosas-por-amor-y-creo-que-nos-estan-saliendo-bien\/","url":"https:\/\/www.eldiario.net\/portal\/2023\/08\/25\/sebastian-chuquimia-estamos-haciendo-las-cosas-por-amor-y-creo-que-nos-estan-saliendo-bien\/","name":"SEBASTI\u00c1N CHUQUIMIA \u201cEstamos haciendo las cosas por amor y creo que nos est\u00e1n saliendo bien\u201d - El Diario - Bolivia","isPartOf":{"@id":"https:\/\/www.eldiario.net\/portal\/#website"},"primaryImageOfPage":{"@id":"https:\/\/www.eldiario.net\/portal\/2023\/08\/25\/sebastian-chuquimia-estamos-haciendo-las-cosas-por-amor-y-creo-que-nos-estan-saliendo-bien\/#primaryimage"},"image":{"@id":"https:\/\/www.eldiario.net\/portal\/2023\/08\/25\/sebastian-chuquimia-estamos-haciendo-las-cosas-por-amor-y-creo-que-nos-estan-saliendo-bien\/#primaryimage"},"thumbnailUrl":"https:\/\/www.eldiario.net\/portal\/wp-content\/uploads\/2023\/08\/sebastian-1PRINCIPAL.jpeg","datePublished":"2023-08-25T08:26:10+00:00","breadcrumb":{"@id":"https:\/\/www.eldiario.net\/portal\/2023\/08\/25\/sebastian-chuquimia-estamos-haciendo-las-cosas-por-amor-y-creo-que-nos-estan-saliendo-bien\/#breadcrumb"},"inLanguage":"es","potentialAction":[{"@type":"ReadAction","target":["https:\/\/www.eldiario.net\/portal\/2023\/08\/25\/sebastian-chuquimia-estamos-haciendo-las-cosas-por-amor-y-creo-que-nos-estan-saliendo-bien\/"]}]},{"@type":"ImageObject","inLanguage":"es","@id":"https:\/\/www.eldiario.net\/portal\/2023\/08\/25\/sebastian-chuquimia-estamos-haciendo-las-cosas-por-amor-y-creo-que-nos-estan-saliendo-bien\/#primaryimage","url":"https:\/\/www.eldiario.net\/portal\/wp-content\/uploads\/2023\/08\/sebastian-1PRINCIPAL.jpeg","contentUrl":"https:\/\/www.eldiario.net\/portal\/wp-content\/uploads\/2023\/08\/sebastian-1PRINCIPAL.jpeg","width":1179,"height":589},{"@type":"BreadcrumbList","@id":"https:\/\/www.eldiario.net\/portal\/2023\/08\/25\/sebastian-chuquimia-estamos-haciendo-las-cosas-por-amor-y-creo-que-nos-estan-saliendo-bien\/#breadcrumb","itemListElement":[{"@type":"ListItem","position":1,"name":"Portada","item":"https:\/\/www.eldiario.net\/portal\/"},{"@type":"ListItem","position":2,"name":"SEBASTI\u00c1N CHUQUIMIA \u201cEstamos haciendo las cosas por amor y creo que nos est\u00e1n saliendo bien\u201d"}]},{"@type":"WebSite","@id":"https:\/\/www.eldiario.net\/portal\/#website","url":"https:\/\/www.eldiario.net\/portal\/","name":"El Diario - Decano de la prensa nacional","description":"El Diario - Decano de la prensa nacional","publisher":{"@id":"https:\/\/www.eldiario.net\/portal\/#organization"},"potentialAction":[{"@type":"SearchAction","target":{"@type":"EntryPoint","urlTemplate":"https:\/\/www.eldiario.net\/portal\/?s={search_term_string}"},"query-input":{"@type":"PropertyValueSpecification","valueRequired":true,"valueName":"search_term_string"}}],"inLanguage":"es"},{"@type":"Organization","@id":"https:\/\/www.eldiario.net\/portal\/#organization","name":"El Diario - Decano de la prensa nacional","url":"https:\/\/www.eldiario.net\/portal\/","logo":{"@type":"ImageObject","inLanguage":"es","@id":"https:\/\/www.eldiario.net\/portal\/#\/schema\/logo\/image\/","url":"https:\/\/www.eldiario.net\/portal\/wp-content\/uploads\/2023\/07\/logo_ED.jpg","contentUrl":"https:\/\/www.eldiario.net\/portal\/wp-content\/uploads\/2023\/07\/logo_ED.jpg","width":272,"height":52,"caption":"El Diario - Decano de la prensa nacional"},"image":{"@id":"https:\/\/www.eldiario.net\/portal\/#\/schema\/logo\/image\/"},"sameAs":["https:\/\/www.facebook.com\/eldiario.bolivia\/","https:\/\/x.com\/eldiario_net"]},{"@type":"Person","@id":"https:\/\/www.eldiario.net\/portal\/#\/schema\/person\/2c57cf2b7a7ae032e449e4c9b1019eac","name":"Jeanette","image":{"@type":"ImageObject","inLanguage":"es","@id":"https:\/\/secure.gravatar.com\/avatar\/3ea2118a5f7dad2b7138b1187a6b7ee55f160b9968b66013c3a3ef39dd7e5798?s=96&d=mm&r=g","url":"https:\/\/secure.gravatar.com\/avatar\/3ea2118a5f7dad2b7138b1187a6b7ee55f160b9968b66013c3a3ef39dd7e5798?s=96&d=mm&r=g","contentUrl":"https:\/\/secure.gravatar.com\/avatar\/3ea2118a5f7dad2b7138b1187a6b7ee55f160b9968b66013c3a3ef39dd7e5798?s=96&d=mm&r=g","caption":"Jeanette"},"sameAs":["https:\/\/www.eldiario.net\/portal"],"url":"https:\/\/www.eldiario.net\/portal\/author\/jeanette\/"}]}},"_links":{"self":[{"href":"https:\/\/www.eldiario.net\/portal\/wp-json\/wp\/v2\/posts\/172984","targetHints":{"allow":["GET"]}}],"collection":[{"href":"https:\/\/www.eldiario.net\/portal\/wp-json\/wp\/v2\/posts"}],"about":[{"href":"https:\/\/www.eldiario.net\/portal\/wp-json\/wp\/v2\/types\/post"}],"author":[{"embeddable":true,"href":"https:\/\/www.eldiario.net\/portal\/wp-json\/wp\/v2\/users\/1"}],"replies":[{"embeddable":true,"href":"https:\/\/www.eldiario.net\/portal\/wp-json\/wp\/v2\/comments?post=172984"}],"version-history":[{"count":0,"href":"https:\/\/www.eldiario.net\/portal\/wp-json\/wp\/v2\/posts\/172984\/revisions"}],"wp:featuredmedia":[{"embeddable":true,"href":"https:\/\/www.eldiario.net\/portal\/wp-json\/wp\/v2\/media\/172985"}],"wp:attachment":[{"href":"https:\/\/www.eldiario.net\/portal\/wp-json\/wp\/v2\/media?parent=172984"}],"wp:term":[{"taxonomy":"category","embeddable":true,"href":"https:\/\/www.eldiario.net\/portal\/wp-json\/wp\/v2\/categories?post=172984"},{"taxonomy":"post_tag","embeddable":true,"href":"https:\/\/www.eldiario.net\/portal\/wp-json\/wp\/v2\/tags?post=172984"}],"curies":[{"name":"wp","href":"https:\/\/api.w.org\/{rel}","templated":true}]}}