{"id":172634,"date":"2023-08-23T06:52:35","date_gmt":"2023-08-23T10:52:35","guid":{"rendered":"https:\/\/www.eldiario.net\/portal\/?p=172634"},"modified":"2023-08-23T06:52:35","modified_gmt":"2023-08-23T10:52:35","slug":"graciela-tamayo-aborda-la-historia-de-una-soltera-de-4-decadas-y-%c2%bd","status":"publish","type":"post","link":"https:\/\/www.eldiario.net\/portal\/2023\/08\/23\/graciela-tamayo-aborda-la-historia-de-una-soltera-de-4-decadas-y-%c2%bd\/","title":{"rendered":"Graciela Tamayo aborda la historia  de una soltera de \u201c4 d\u00e9cadas y \u00bd\u201d"},"content":{"rendered":"<p>\u201c4 d\u00e9cadas y \u00bd, la historia sin fin de un vestido de flores\u201d es el sugestivo nombre de la obra de teatro que se estrenar\u00e1 en el Teatro Municipal de C\u00e1mara del jueves 24 al s\u00e1bado 26 de agosto, a horas 19:30.<\/p>\n<p>Graciela Tamayo es la autora y actriz de esta propuesta, que tiene como directora invitada a Alejandra Quiroz y a Dar\u00edo Torres en la asesor\u00eda dramat\u00fargica.<\/p>\n<p>\u201cEs un proyecto pensado desde hace a\u00f1o y medio. En marzo empezamos en el camino creativo enriquecido por mis compa\u00f1eros de teatro y tambi\u00e9n por mujeres que han participado con sus historias de vida en una etapa que es como nuestra segunda adolescencia, para las que rondamos los 40 a\u00f1os y un poco m\u00e1s\u201d, explica la actriz Graciela Tamayo.<\/p>\n<p>La obra aborda la historia de Chela, una soltera de 4 d\u00e9cadas y \u00bd, que tratar\u00e1 de contar desde la presi\u00f3n de su madre, la nueva etapa que est\u00e1 atravesando en medio de sofocones de calor incontrolables, p\u00e9rdida de memoria, un vestido de flores, visitas al m\u00e9dico y ataques de h\u00edper sensibilidad por el duelo de sus cactus reci\u00e9n fallecidos. \u00bfLograr\u00e1 hacerlo?<\/p>\n<p>Tamayo se ha caracterizado por poner en protagonismo a la mujer en sus diferentes etapas, conflictos y anhelos, contando desde el punto de vista femenino historias que conducen a diferentes emociones, logrando hacer re\u00edr y llorar al p\u00fablico que asiste a sus presentaciones. La cr\u00edtica destaca su trabajo teatral por estas razones.<\/p>\n<p>Las t\u00e9cnicas teatrales a usarse en esta puesta en escena son de clown, espacio m\u00ednimo, cambios r\u00e1pidos de personajes. Y tambi\u00e9n de cabaret por personajes que son fantasiosos y el uso de canciones a manera de parodia.<\/p>\n<p>Alejandra Quiroz, directora de la propuesta teatral, dice que con la puesta en escena de \u201c4 d\u00e9cadas y \u00bd\u201d busca generar un espacio din\u00e1mico que acompa\u00f1e la narrativa de la obra a partir de elementos escenogr\u00e1ficos minimalistas que evoquen el dep\u00f3sito de una actriz donde todo es posible.<\/p>\n<p>\u201cSe busca desde la direcci\u00f3n actoral encontrar el equilibrio entre la comicidad y la narraci\u00f3n humana y sensible. Para ello se trabaja con elementos del clown, rompiendo la cuarta pared y los cambios r\u00e1pidos entre personajes, para encontrar el gesto que acompa\u00f1e a cada momento\u201d, asegura Quiroz.<\/p>\n<p>Tambi\u00e9n afirma que la creaci\u00f3n de personajes para esta obra es del universo del Burlesque, tra\u00eddos a la contemporaneidad, para darle un ritmo din\u00e1mico que acompa\u00f1e a la puesta en escena. Siendo herramientas propias del teatro f\u00edsico que se toma para encontrar matices diferentes en la actuaci\u00f3n de Graciela Tamayo. Al mismo tiempo se respeta la propuesta que la misma actriz trae, cu\u00e1les son sus colores y universos.<\/p>\n<p>\u201cGraciela ha sido una actriz muy generosa, disciplinada y entregada totalmente al trabajo. Se nota su profundo amor por el teatro y eso es muy motivador, Es una obrera del teatro que, como lo he dicho en ocasiones, a nada le tiene miedo\u201d, agrega Quiroz.<\/p>\n<p>Alejandra Quiroz es la directora invitada. Ella es actriz, payasa\/clown y constructora de m\u00e1scaras, directora del atelier de m\u00e1scaras Arte Mashara, directora pedag\u00f3gica de los seminarios teatrales de Tercer Timbre y es parte del equipo pedag\u00f3gico de la Escuela Teatral JALLALLA. Creadora, adem\u00e1s, del colectivo Mam\u00e1 Cumbia Teatro e integrante de la compa\u00f1\u00eda Tabla Roja, su obra \u201cBit\u00e1cora de un viaje que nunca empez\u00f3\u201d obtuvo el segundo lugar del Premio de Dramaturgia Adolfo Costa du Rels 2015. Asimismo, dise\u00f1\u00f3 el vestuario de la obra Tinkunakama que gan\u00f3 el premio Ra\u00fal Salmon de la Barra 2019 a mejor dise\u00f1o de vestuario.<\/p>\n<p>Graciela Tamayo, adem\u00e1s de ser la autora y actriz de la obra, es productora, especialista en proyectos de gesti\u00f3n cultural e imagen institucional y licenciada en comunicaci\u00f3n social. Realiz\u00f3 sus estudios en Bolivia y Argentina. Sus proyectos realizados son: <em>Sutura Dominguera<\/em> (2017), <em>La Polic\u00eda tambi\u00e9n llora<\/em> (Menci\u00f3n Especial del Premio Nacional Eduardo Abaroa 2022) y <em>El amor se ha estido<\/em>, las dos \u00faltimas obras ganadoras del Premio Nacional Peter Traves\u00ed 2019 y 2020, respectivamente. Su obra <em>3 noches sin dormir: El despertar de una soltera<\/em>, recibi\u00f3 Menci\u00f3n de Honor en el Concurso de escritura Municipal Adolfo Costa Du Rels 2020. Su \u00faltima obra fue <em>Marionetas del Amor<\/em> (2022).<\/p>\n<p>Dar\u00edo Torres, asesor dramat\u00fargico, es actor y dramaturgo y director del grupo de Teatro La Cueva. Desde el a\u00f1o 2000 ha compartido sus obras en festivales de teatro en Per\u00fa, Argentina, Chile, Brasil, Ecuador, Venezuela, M\u00e9xico, Cuba, India y Espa\u00f1a. Comparte autor\u00eda de las obras \u201cAnt\u00edpoda\u201d y \u201cAlasestatuas\u201d (publicada en la Revista Conjunto de Casa de las Am\u00e9ricas). Sus \u00faltimas obras fueron reconocidas: \u201cLa \u00faltima horquilla\u201d (2019) Premios: \u201cPeter Traves\u00ed\u201d, \u201cRa\u00fal Salm\u00f3n\u201d y \u201cWillaku, la suerte del indio poeta\u201d (2022) Premio: \u201cPeter Traves\u00ed\u201d Mejor dramaturgia nacional.<\/p>\n<p><strong>FICHA ART\u00cdSTICA<\/strong><\/p>\n<p>Autora y actriz: Graciela Tamayo<\/p>\n<p>Directora invitada: Alejandra Quiroz<\/p>\n<p>Asesor\u00eda dramat\u00fargica: Dar\u00edo Torres<\/p>\n<p>Voces: Martina Vargas Guzm\u00e1n, Jhesmy Guzm\u00e1n, Dar\u00edo Torres, Henry Jes\u00fas Uriarte Maidana.<\/p>\n<p>Fotos: Juan Pablo D\u00e1vila y Roger Medina Jemio<\/p>\n<p>Videos: Roger Medina Jemio<\/p>\n<p>Estudio de grabaci\u00f3n: Diego Fern\u00e1ndez<\/p>\n<p>Mayores informes\u00a0\u00a0\u00a0\u00a0\u00a0\u00a0 67311194<\/p>\n<p>Precio de las entradas: 40 Bs.<\/p>\n<p>Apta para mayores de 10 a\u00f1os<\/p>\n<div id='gallery-1' class='gallery galleryid-172634 gallery-columns-3 gallery-size-medium'><figure class='gallery-item'>\n\t\t\t<div class='gallery-icon landscape'>\n\t\t\t\t<a href='https:\/\/www.eldiario.net\/portal\/2023\/08\/23\/graciela-tamayo-aborda-la-historia-de-una-soltera-de-4-decadas-y-%c2%bd\/graciela-1principal\/'><img loading=\"lazy\" decoding=\"async\" width=\"300\" height=\"150\" src=\"https:\/\/www.eldiario.net\/portal\/wp-content\/uploads\/2023\/08\/graciela-1PRINCIPAL-300x150.jpeg\" class=\"attachment-medium size-medium\" alt=\"\" srcset=\"https:\/\/www.eldiario.net\/portal\/wp-content\/uploads\/2023\/08\/graciela-1PRINCIPAL-300x150.jpeg 300w, https:\/\/www.eldiario.net\/portal\/wp-content\/uploads\/2023\/08\/graciela-1PRINCIPAL-1024x512.jpeg 1024w, https:\/\/www.eldiario.net\/portal\/wp-content\/uploads\/2023\/08\/graciela-1PRINCIPAL-768x384.jpeg 768w, https:\/\/www.eldiario.net\/portal\/wp-content\/uploads\/2023\/08\/graciela-1PRINCIPAL-696x348.jpeg 696w, https:\/\/www.eldiario.net\/portal\/wp-content\/uploads\/2023\/08\/graciela-1PRINCIPAL-1068x534.jpeg 1068w, https:\/\/www.eldiario.net\/portal\/wp-content\/uploads\/2023\/08\/graciela-1PRINCIPAL.jpeg 1500w\" sizes=\"auto, (max-width: 300px) 100vw, 300px\" \/><\/a>\n\t\t\t<\/div><\/figure><figure class='gallery-item'>\n\t\t\t<div class='gallery-icon landscape'>\n\t\t\t\t<a href='https:\/\/www.eldiario.net\/portal\/2023\/08\/23\/graciela-tamayo-aborda-la-historia-de-una-soltera-de-4-decadas-y-%c2%bd\/graciela-2\/'><img loading=\"lazy\" decoding=\"async\" width=\"300\" height=\"150\" src=\"https:\/\/www.eldiario.net\/portal\/wp-content\/uploads\/2023\/08\/graciela-2-300x150.jpg\" class=\"attachment-medium size-medium\" alt=\"\" srcset=\"https:\/\/www.eldiario.net\/portal\/wp-content\/uploads\/2023\/08\/graciela-2-300x150.jpg 300w, https:\/\/www.eldiario.net\/portal\/wp-content\/uploads\/2023\/08\/graciela-2-1024x512.jpg 1024w, https:\/\/www.eldiario.net\/portal\/wp-content\/uploads\/2023\/08\/graciela-2-768x384.jpg 768w, https:\/\/www.eldiario.net\/portal\/wp-content\/uploads\/2023\/08\/graciela-2-696x348.jpg 696w, https:\/\/www.eldiario.net\/portal\/wp-content\/uploads\/2023\/08\/graciela-2-1068x534.jpg 1068w, https:\/\/www.eldiario.net\/portal\/wp-content\/uploads\/2023\/08\/graciela-2.jpg 1500w\" sizes=\"auto, (max-width: 300px) 100vw, 300px\" \/><\/a>\n\t\t\t<\/div><\/figure><figure class='gallery-item'>\n\t\t\t<div class='gallery-icon landscape'>\n\t\t\t\t<a href='https:\/\/www.eldiario.net\/portal\/2023\/08\/23\/graciela-tamayo-aborda-la-historia-de-una-soltera-de-4-decadas-y-%c2%bd\/graciela-3\/'><img loading=\"lazy\" decoding=\"async\" width=\"300\" height=\"150\" src=\"https:\/\/www.eldiario.net\/portal\/wp-content\/uploads\/2023\/08\/graciela-3-300x150.jpg\" class=\"attachment-medium size-medium\" alt=\"\" srcset=\"https:\/\/www.eldiario.net\/portal\/wp-content\/uploads\/2023\/08\/graciela-3-300x150.jpg 300w, https:\/\/www.eldiario.net\/portal\/wp-content\/uploads\/2023\/08\/graciela-3-1024x512.jpg 1024w, https:\/\/www.eldiario.net\/portal\/wp-content\/uploads\/2023\/08\/graciela-3-768x384.jpg 768w, https:\/\/www.eldiario.net\/portal\/wp-content\/uploads\/2023\/08\/graciela-3-696x348.jpg 696w, https:\/\/www.eldiario.net\/portal\/wp-content\/uploads\/2023\/08\/graciela-3-1068x534.jpg 1068w, https:\/\/www.eldiario.net\/portal\/wp-content\/uploads\/2023\/08\/graciela-3.jpg 1500w\" sizes=\"auto, (max-width: 300px) 100vw, 300px\" \/><\/a>\n\t\t\t<\/div><\/figure><figure class='gallery-item'>\n\t\t\t<div class='gallery-icon landscape'>\n\t\t\t\t<a href='https:\/\/www.eldiario.net\/portal\/2023\/08\/23\/graciela-tamayo-aborda-la-historia-de-una-soltera-de-4-decadas-y-%c2%bd\/graciela-4\/'><img loading=\"lazy\" decoding=\"async\" width=\"300\" height=\"150\" src=\"https:\/\/www.eldiario.net\/portal\/wp-content\/uploads\/2023\/08\/graciela-4-300x150.jpg\" class=\"attachment-medium size-medium\" alt=\"\" srcset=\"https:\/\/www.eldiario.net\/portal\/wp-content\/uploads\/2023\/08\/graciela-4-300x150.jpg 300w, https:\/\/www.eldiario.net\/portal\/wp-content\/uploads\/2023\/08\/graciela-4.jpg 574w\" sizes=\"auto, (max-width: 300px) 100vw, 300px\" \/><\/a>\n\t\t\t<\/div><\/figure><figure class='gallery-item'>\n\t\t\t<div class='gallery-icon landscape'>\n\t\t\t\t<a href='https:\/\/www.eldiario.net\/portal\/2023\/08\/23\/graciela-tamayo-aborda-la-historia-de-una-soltera-de-4-decadas-y-%c2%bd\/graciela-5\/'><img loading=\"lazy\" decoding=\"async\" width=\"300\" height=\"150\" src=\"https:\/\/www.eldiario.net\/portal\/wp-content\/uploads\/2023\/08\/graciela-5-300x150.jpg\" class=\"attachment-medium size-medium\" alt=\"\" srcset=\"https:\/\/www.eldiario.net\/portal\/wp-content\/uploads\/2023\/08\/graciela-5-300x150.jpg 300w, https:\/\/www.eldiario.net\/portal\/wp-content\/uploads\/2023\/08\/graciela-5.jpg 575w\" sizes=\"auto, (max-width: 300px) 100vw, 300px\" \/><\/a>\n\t\t\t<\/div><\/figure><figure class='gallery-item'>\n\t\t\t<div class='gallery-icon landscape'>\n\t\t\t\t<a href='https:\/\/www.eldiario.net\/portal\/2023\/08\/23\/graciela-tamayo-aborda-la-historia-de-una-soltera-de-4-decadas-y-%c2%bd\/graciela-6\/'><img loading=\"lazy\" decoding=\"async\" width=\"300\" height=\"150\" src=\"https:\/\/www.eldiario.net\/portal\/wp-content\/uploads\/2023\/08\/graciela-6-300x150.jpg\" class=\"attachment-medium size-medium\" alt=\"\" srcset=\"https:\/\/www.eldiario.net\/portal\/wp-content\/uploads\/2023\/08\/graciela-6-300x150.jpg 300w, https:\/\/www.eldiario.net\/portal\/wp-content\/uploads\/2023\/08\/graciela-6-1024x512.jpg 1024w, https:\/\/www.eldiario.net\/portal\/wp-content\/uploads\/2023\/08\/graciela-6-768x384.jpg 768w, https:\/\/www.eldiario.net\/portal\/wp-content\/uploads\/2023\/08\/graciela-6-696x348.jpg 696w, https:\/\/www.eldiario.net\/portal\/wp-content\/uploads\/2023\/08\/graciela-6-1068x534.jpg 1068w, https:\/\/www.eldiario.net\/portal\/wp-content\/uploads\/2023\/08\/graciela-6.jpg 1500w\" sizes=\"auto, (max-width: 300px) 100vw, 300px\" \/><\/a>\n\t\t\t<\/div><\/figure><figure class='gallery-item'>\n\t\t\t<div class='gallery-icon landscape'>\n\t\t\t\t<a href='https:\/\/www.eldiario.net\/portal\/2023\/08\/23\/graciela-tamayo-aborda-la-historia-de-una-soltera-de-4-decadas-y-%c2%bd\/graciela-7\/'><img loading=\"lazy\" decoding=\"async\" width=\"300\" height=\"150\" src=\"https:\/\/www.eldiario.net\/portal\/wp-content\/uploads\/2023\/08\/graciela-7-300x150.jpg\" class=\"attachment-medium size-medium\" alt=\"\" srcset=\"https:\/\/www.eldiario.net\/portal\/wp-content\/uploads\/2023\/08\/graciela-7-300x150.jpg 300w, https:\/\/www.eldiario.net\/portal\/wp-content\/uploads\/2023\/08\/graciela-7-1024x512.jpg 1024w, https:\/\/www.eldiario.net\/portal\/wp-content\/uploads\/2023\/08\/graciela-7-768x384.jpg 768w, https:\/\/www.eldiario.net\/portal\/wp-content\/uploads\/2023\/08\/graciela-7-696x348.jpg 696w, https:\/\/www.eldiario.net\/portal\/wp-content\/uploads\/2023\/08\/graciela-7-1068x534.jpg 1068w, https:\/\/www.eldiario.net\/portal\/wp-content\/uploads\/2023\/08\/graciela-7.jpg 1500w\" sizes=\"auto, (max-width: 300px) 100vw, 300px\" \/><\/a>\n\t\t\t<\/div><\/figure>\n\t\t<\/div>\n\n","protected":false},"excerpt":{"rendered":"<p>\u201c4 d\u00e9cadas y \u00bd, la historia sin fin de un vestido de flores\u201d es el sugestivo nombre de la obra de teatro que se estrenar\u00e1 en el Teatro Municipal de C\u00e1mara del jueves 24 al s\u00e1bado 26 de agosto, a horas 19:30. Graciela Tamayo es la autora y actriz de esta propuesta, que tiene como [&hellip;]<\/p>\n","protected":false},"author":1,"featured_media":172635,"comment_status":"closed","ping_status":"open","sticky":false,"template":"","format":"standard","meta":{"_acf_changed":false,"footnotes":""},"categories":[41],"tags":[],"class_list":["post-172634","post","type-post","status-publish","format-standard","has-post-thumbnail","category-la-guia"],"acf":{"antetitulo":""},"yoast_head":"<!-- This site is optimized with the Yoast SEO plugin v28.4 - https:\/\/yoast.com\/product\/yoast-seo-wordpress\/ -->\n<title>Graciela Tamayo aborda la historia de una soltera de \u201c4 d\u00e9cadas y \u00bd\u201d - El Diario - Bolivia<\/title>\n<meta name=\"robots\" content=\"index, follow, max-snippet:-1, max-image-preview:large, max-video-preview:-1\" \/>\n<link rel=\"canonical\" href=\"https:\/\/www.eldiario.net\/portal\/2023\/08\/23\/graciela-tamayo-aborda-la-historia-de-una-soltera-de-4-decadas-y-\u00bd\/\" \/>\n<meta property=\"og:locale\" content=\"es_ES\" \/>\n<meta property=\"og:type\" content=\"article\" \/>\n<meta property=\"og:title\" content=\"Graciela Tamayo aborda la historia de una soltera de \u201c4 d\u00e9cadas y \u00bd\u201d - El Diario - Bolivia\" \/>\n<meta property=\"og:description\" content=\"\u201c4 d\u00e9cadas y \u00bd, la historia sin fin de un vestido de flores\u201d es el sugestivo nombre de la obra de teatro que se estrenar\u00e1 en el Teatro Municipal de C\u00e1mara del jueves 24 al s\u00e1bado 26 de agosto, a horas 19:30. Graciela Tamayo es la autora y actriz de esta propuesta, que tiene como [&hellip;]\" \/>\n<meta property=\"og:url\" content=\"https:\/\/www.eldiario.net\/portal\/2023\/08\/23\/graciela-tamayo-aborda-la-historia-de-una-soltera-de-4-decadas-y-\u00bd\/\" \/>\n<meta property=\"og:site_name\" content=\"El Diario - Bolivia\" \/>\n<meta property=\"article:publisher\" content=\"https:\/\/www.facebook.com\/eldiario.bolivia\/\" \/>\n<meta property=\"article:published_time\" content=\"2023-08-23T10:52:35+00:00\" \/>\n<meta property=\"og:image\" content=\"https:\/\/www.eldiario.net\/portal\/wp-content\/uploads\/2023\/08\/graciela-1PRINCIPAL.jpeg\" \/>\n\t<meta property=\"og:image:width\" content=\"1500\" \/>\n\t<meta property=\"og:image:height\" content=\"750\" \/>\n\t<meta property=\"og:image:type\" content=\"image\/jpeg\" \/>\n<meta name=\"author\" content=\"Jeanette\" \/>\n<meta name=\"twitter:card\" content=\"summary_large_image\" \/>\n<meta name=\"twitter:creator\" content=\"@eldiario_net\" \/>\n<meta name=\"twitter:site\" content=\"@eldiario_net\" \/>\n<meta name=\"twitter:label1\" content=\"Escrito por\" \/>\n\t<meta name=\"twitter:data1\" content=\"Jeanette\" \/>\n\t<meta name=\"twitter:label2\" content=\"Tiempo de lectura\" \/>\n\t<meta name=\"twitter:data2\" content=\"4 minutos\" \/>\n<script type=\"application\/ld+json\" class=\"yoast-schema-graph\">{\"@context\":\"https:\\\/\\\/schema.org\",\"@graph\":[{\"@type\":\"Article\",\"@id\":\"https:\\\/\\\/www.eldiario.net\\\/portal\\\/2023\\\/08\\\/23\\\/graciela-tamayo-aborda-la-historia-de-una-soltera-de-4-decadas-y-%c2%bd\\\/#article\",\"isPartOf\":{\"@id\":\"https:\\\/\\\/www.eldiario.net\\\/portal\\\/2023\\\/08\\\/23\\\/graciela-tamayo-aborda-la-historia-de-una-soltera-de-4-decadas-y-%c2%bd\\\/\"},\"author\":{\"name\":\"Jeanette\",\"@id\":\"https:\\\/\\\/www.eldiario.net\\\/portal\\\/#\\\/schema\\\/person\\\/2c57cf2b7a7ae032e449e4c9b1019eac\"},\"headline\":\"Graciela Tamayo aborda la historia de una soltera de \u201c4 d\u00e9cadas y \u00bd\u201d\",\"datePublished\":\"2023-08-23T10:52:35+00:00\",\"mainEntityOfPage\":{\"@id\":\"https:\\\/\\\/www.eldiario.net\\\/portal\\\/2023\\\/08\\\/23\\\/graciela-tamayo-aborda-la-historia-de-una-soltera-de-4-decadas-y-%c2%bd\\\/\"},\"wordCount\":910,\"publisher\":{\"@id\":\"https:\\\/\\\/www.eldiario.net\\\/portal\\\/#organization\"},\"image\":{\"@id\":\"https:\\\/\\\/www.eldiario.net\\\/portal\\\/2023\\\/08\\\/23\\\/graciela-tamayo-aborda-la-historia-de-una-soltera-de-4-decadas-y-%c2%bd\\\/#primaryimage\"},\"thumbnailUrl\":\"https:\\\/\\\/www.eldiario.net\\\/portal\\\/wp-content\\\/uploads\\\/2023\\\/08\\\/graciela-1PRINCIPAL.jpeg\",\"articleSection\":[\"La Gu\u00eda\"],\"inLanguage\":\"es\"},{\"@type\":\"WebPage\",\"@id\":\"https:\\\/\\\/www.eldiario.net\\\/portal\\\/2023\\\/08\\\/23\\\/graciela-tamayo-aborda-la-historia-de-una-soltera-de-4-decadas-y-%c2%bd\\\/\",\"url\":\"https:\\\/\\\/www.eldiario.net\\\/portal\\\/2023\\\/08\\\/23\\\/graciela-tamayo-aborda-la-historia-de-una-soltera-de-4-decadas-y-%c2%bd\\\/\",\"name\":\"Graciela Tamayo aborda la historia de una soltera de \u201c4 d\u00e9cadas y \u00bd\u201d - El Diario - Bolivia\",\"isPartOf\":{\"@id\":\"https:\\\/\\\/www.eldiario.net\\\/portal\\\/#website\"},\"primaryImageOfPage\":{\"@id\":\"https:\\\/\\\/www.eldiario.net\\\/portal\\\/2023\\\/08\\\/23\\\/graciela-tamayo-aborda-la-historia-de-una-soltera-de-4-decadas-y-%c2%bd\\\/#primaryimage\"},\"image\":{\"@id\":\"https:\\\/\\\/www.eldiario.net\\\/portal\\\/2023\\\/08\\\/23\\\/graciela-tamayo-aborda-la-historia-de-una-soltera-de-4-decadas-y-%c2%bd\\\/#primaryimage\"},\"thumbnailUrl\":\"https:\\\/\\\/www.eldiario.net\\\/portal\\\/wp-content\\\/uploads\\\/2023\\\/08\\\/graciela-1PRINCIPAL.jpeg\",\"datePublished\":\"2023-08-23T10:52:35+00:00\",\"breadcrumb\":{\"@id\":\"https:\\\/\\\/www.eldiario.net\\\/portal\\\/2023\\\/08\\\/23\\\/graciela-tamayo-aborda-la-historia-de-una-soltera-de-4-decadas-y-%c2%bd\\\/#breadcrumb\"},\"inLanguage\":\"es\",\"potentialAction\":[{\"@type\":\"ReadAction\",\"target\":[\"https:\\\/\\\/www.eldiario.net\\\/portal\\\/2023\\\/08\\\/23\\\/graciela-tamayo-aborda-la-historia-de-una-soltera-de-4-decadas-y-%c2%bd\\\/\"]}]},{\"@type\":\"ImageObject\",\"inLanguage\":\"es\",\"@id\":\"https:\\\/\\\/www.eldiario.net\\\/portal\\\/2023\\\/08\\\/23\\\/graciela-tamayo-aborda-la-historia-de-una-soltera-de-4-decadas-y-%c2%bd\\\/#primaryimage\",\"url\":\"https:\\\/\\\/www.eldiario.net\\\/portal\\\/wp-content\\\/uploads\\\/2023\\\/08\\\/graciela-1PRINCIPAL.jpeg\",\"contentUrl\":\"https:\\\/\\\/www.eldiario.net\\\/portal\\\/wp-content\\\/uploads\\\/2023\\\/08\\\/graciela-1PRINCIPAL.jpeg\",\"width\":1500,\"height\":750},{\"@type\":\"BreadcrumbList\",\"@id\":\"https:\\\/\\\/www.eldiario.net\\\/portal\\\/2023\\\/08\\\/23\\\/graciela-tamayo-aborda-la-historia-de-una-soltera-de-4-decadas-y-%c2%bd\\\/#breadcrumb\",\"itemListElement\":[{\"@type\":\"ListItem\",\"position\":1,\"name\":\"Portada\",\"item\":\"https:\\\/\\\/www.eldiario.net\\\/portal\\\/\"},{\"@type\":\"ListItem\",\"position\":2,\"name\":\"Graciela Tamayo aborda la historia de una soltera de \u201c4 d\u00e9cadas y \u00bd\u201d\"}]},{\"@type\":\"WebSite\",\"@id\":\"https:\\\/\\\/www.eldiario.net\\\/portal\\\/#website\",\"url\":\"https:\\\/\\\/www.eldiario.net\\\/portal\\\/\",\"name\":\"El Diario - Decano de la prensa nacional\",\"description\":\"El Diario - Decano de la prensa nacional\",\"publisher\":{\"@id\":\"https:\\\/\\\/www.eldiario.net\\\/portal\\\/#organization\"},\"potentialAction\":[{\"@type\":\"SearchAction\",\"target\":{\"@type\":\"EntryPoint\",\"urlTemplate\":\"https:\\\/\\\/www.eldiario.net\\\/portal\\\/?s={search_term_string}\"},\"query-input\":{\"@type\":\"PropertyValueSpecification\",\"valueRequired\":true,\"valueName\":\"search_term_string\"}}],\"inLanguage\":\"es\"},{\"@type\":\"Organization\",\"@id\":\"https:\\\/\\\/www.eldiario.net\\\/portal\\\/#organization\",\"name\":\"El Diario - Decano de la prensa nacional\",\"url\":\"https:\\\/\\\/www.eldiario.net\\\/portal\\\/\",\"logo\":{\"@type\":\"ImageObject\",\"inLanguage\":\"es\",\"@id\":\"https:\\\/\\\/www.eldiario.net\\\/portal\\\/#\\\/schema\\\/logo\\\/image\\\/\",\"url\":\"https:\\\/\\\/www.eldiario.net\\\/portal\\\/wp-content\\\/uploads\\\/2023\\\/07\\\/logo_ED.jpg\",\"contentUrl\":\"https:\\\/\\\/www.eldiario.net\\\/portal\\\/wp-content\\\/uploads\\\/2023\\\/07\\\/logo_ED.jpg\",\"width\":272,\"height\":52,\"caption\":\"El Diario - Decano de la prensa nacional\"},\"image\":{\"@id\":\"https:\\\/\\\/www.eldiario.net\\\/portal\\\/#\\\/schema\\\/logo\\\/image\\\/\"},\"sameAs\":[\"https:\\\/\\\/www.facebook.com\\\/eldiario.bolivia\\\/\",\"https:\\\/\\\/x.com\\\/eldiario_net\"]},{\"@type\":\"Person\",\"@id\":\"https:\\\/\\\/www.eldiario.net\\\/portal\\\/#\\\/schema\\\/person\\\/2c57cf2b7a7ae032e449e4c9b1019eac\",\"name\":\"Jeanette\",\"image\":{\"@type\":\"ImageObject\",\"inLanguage\":\"es\",\"@id\":\"https:\\\/\\\/secure.gravatar.com\\\/avatar\\\/3ea2118a5f7dad2b7138b1187a6b7ee55f160b9968b66013c3a3ef39dd7e5798?s=96&d=mm&r=g\",\"url\":\"https:\\\/\\\/secure.gravatar.com\\\/avatar\\\/3ea2118a5f7dad2b7138b1187a6b7ee55f160b9968b66013c3a3ef39dd7e5798?s=96&d=mm&r=g\",\"contentUrl\":\"https:\\\/\\\/secure.gravatar.com\\\/avatar\\\/3ea2118a5f7dad2b7138b1187a6b7ee55f160b9968b66013c3a3ef39dd7e5798?s=96&d=mm&r=g\",\"caption\":\"Jeanette\"},\"sameAs\":[\"https:\\\/\\\/www.eldiario.net\\\/portal\"],\"url\":\"https:\\\/\\\/www.eldiario.net\\\/portal\\\/author\\\/jeanette\\\/\"}]}<\/script>\n<!-- \/ Yoast SEO plugin. -->","yoast_head_json":{"title":"Graciela Tamayo aborda la historia de una soltera de \u201c4 d\u00e9cadas y \u00bd\u201d - El Diario - Bolivia","robots":{"index":"index","follow":"follow","max-snippet":"max-snippet:-1","max-image-preview":"max-image-preview:large","max-video-preview":"max-video-preview:-1"},"canonical":"https:\/\/www.eldiario.net\/portal\/2023\/08\/23\/graciela-tamayo-aborda-la-historia-de-una-soltera-de-4-decadas-y-\u00bd\/","og_locale":"es_ES","og_type":"article","og_title":"Graciela Tamayo aborda la historia de una soltera de \u201c4 d\u00e9cadas y \u00bd\u201d - El Diario - Bolivia","og_description":"\u201c4 d\u00e9cadas y \u00bd, la historia sin fin de un vestido de flores\u201d es el sugestivo nombre de la obra de teatro que se estrenar\u00e1 en el Teatro Municipal de C\u00e1mara del jueves 24 al s\u00e1bado 26 de agosto, a horas 19:30. Graciela Tamayo es la autora y actriz de esta propuesta, que tiene como [&hellip;]","og_url":"https:\/\/www.eldiario.net\/portal\/2023\/08\/23\/graciela-tamayo-aborda-la-historia-de-una-soltera-de-4-decadas-y-\u00bd\/","og_site_name":"El Diario - Bolivia","article_publisher":"https:\/\/www.facebook.com\/eldiario.bolivia\/","article_published_time":"2023-08-23T10:52:35+00:00","og_image":[{"width":1500,"height":750,"url":"https:\/\/www.eldiario.net\/portal\/wp-content\/uploads\/2023\/08\/graciela-1PRINCIPAL.jpeg","type":"image\/jpeg"}],"author":"Jeanette","twitter_card":"summary_large_image","twitter_creator":"@eldiario_net","twitter_site":"@eldiario_net","twitter_misc":{"Escrito por":"Jeanette","Tiempo de lectura":"4 minutos"},"schema":{"@context":"https:\/\/schema.org","@graph":[{"@type":"Article","@id":"https:\/\/www.eldiario.net\/portal\/2023\/08\/23\/graciela-tamayo-aborda-la-historia-de-una-soltera-de-4-decadas-y-%c2%bd\/#article","isPartOf":{"@id":"https:\/\/www.eldiario.net\/portal\/2023\/08\/23\/graciela-tamayo-aborda-la-historia-de-una-soltera-de-4-decadas-y-%c2%bd\/"},"author":{"name":"Jeanette","@id":"https:\/\/www.eldiario.net\/portal\/#\/schema\/person\/2c57cf2b7a7ae032e449e4c9b1019eac"},"headline":"Graciela Tamayo aborda la historia de una soltera de \u201c4 d\u00e9cadas y \u00bd\u201d","datePublished":"2023-08-23T10:52:35+00:00","mainEntityOfPage":{"@id":"https:\/\/www.eldiario.net\/portal\/2023\/08\/23\/graciela-tamayo-aborda-la-historia-de-una-soltera-de-4-decadas-y-%c2%bd\/"},"wordCount":910,"publisher":{"@id":"https:\/\/www.eldiario.net\/portal\/#organization"},"image":{"@id":"https:\/\/www.eldiario.net\/portal\/2023\/08\/23\/graciela-tamayo-aborda-la-historia-de-una-soltera-de-4-decadas-y-%c2%bd\/#primaryimage"},"thumbnailUrl":"https:\/\/www.eldiario.net\/portal\/wp-content\/uploads\/2023\/08\/graciela-1PRINCIPAL.jpeg","articleSection":["La Gu\u00eda"],"inLanguage":"es"},{"@type":"WebPage","@id":"https:\/\/www.eldiario.net\/portal\/2023\/08\/23\/graciela-tamayo-aborda-la-historia-de-una-soltera-de-4-decadas-y-%c2%bd\/","url":"https:\/\/www.eldiario.net\/portal\/2023\/08\/23\/graciela-tamayo-aborda-la-historia-de-una-soltera-de-4-decadas-y-%c2%bd\/","name":"Graciela Tamayo aborda la historia de una soltera de \u201c4 d\u00e9cadas y \u00bd\u201d - El Diario - Bolivia","isPartOf":{"@id":"https:\/\/www.eldiario.net\/portal\/#website"},"primaryImageOfPage":{"@id":"https:\/\/www.eldiario.net\/portal\/2023\/08\/23\/graciela-tamayo-aborda-la-historia-de-una-soltera-de-4-decadas-y-%c2%bd\/#primaryimage"},"image":{"@id":"https:\/\/www.eldiario.net\/portal\/2023\/08\/23\/graciela-tamayo-aborda-la-historia-de-una-soltera-de-4-decadas-y-%c2%bd\/#primaryimage"},"thumbnailUrl":"https:\/\/www.eldiario.net\/portal\/wp-content\/uploads\/2023\/08\/graciela-1PRINCIPAL.jpeg","datePublished":"2023-08-23T10:52:35+00:00","breadcrumb":{"@id":"https:\/\/www.eldiario.net\/portal\/2023\/08\/23\/graciela-tamayo-aborda-la-historia-de-una-soltera-de-4-decadas-y-%c2%bd\/#breadcrumb"},"inLanguage":"es","potentialAction":[{"@type":"ReadAction","target":["https:\/\/www.eldiario.net\/portal\/2023\/08\/23\/graciela-tamayo-aborda-la-historia-de-una-soltera-de-4-decadas-y-%c2%bd\/"]}]},{"@type":"ImageObject","inLanguage":"es","@id":"https:\/\/www.eldiario.net\/portal\/2023\/08\/23\/graciela-tamayo-aborda-la-historia-de-una-soltera-de-4-decadas-y-%c2%bd\/#primaryimage","url":"https:\/\/www.eldiario.net\/portal\/wp-content\/uploads\/2023\/08\/graciela-1PRINCIPAL.jpeg","contentUrl":"https:\/\/www.eldiario.net\/portal\/wp-content\/uploads\/2023\/08\/graciela-1PRINCIPAL.jpeg","width":1500,"height":750},{"@type":"BreadcrumbList","@id":"https:\/\/www.eldiario.net\/portal\/2023\/08\/23\/graciela-tamayo-aborda-la-historia-de-una-soltera-de-4-decadas-y-%c2%bd\/#breadcrumb","itemListElement":[{"@type":"ListItem","position":1,"name":"Portada","item":"https:\/\/www.eldiario.net\/portal\/"},{"@type":"ListItem","position":2,"name":"Graciela Tamayo aborda la historia de una soltera de \u201c4 d\u00e9cadas y \u00bd\u201d"}]},{"@type":"WebSite","@id":"https:\/\/www.eldiario.net\/portal\/#website","url":"https:\/\/www.eldiario.net\/portal\/","name":"El Diario - Decano de la prensa nacional","description":"El Diario - Decano de la prensa nacional","publisher":{"@id":"https:\/\/www.eldiario.net\/portal\/#organization"},"potentialAction":[{"@type":"SearchAction","target":{"@type":"EntryPoint","urlTemplate":"https:\/\/www.eldiario.net\/portal\/?s={search_term_string}"},"query-input":{"@type":"PropertyValueSpecification","valueRequired":true,"valueName":"search_term_string"}}],"inLanguage":"es"},{"@type":"Organization","@id":"https:\/\/www.eldiario.net\/portal\/#organization","name":"El Diario - Decano de la prensa nacional","url":"https:\/\/www.eldiario.net\/portal\/","logo":{"@type":"ImageObject","inLanguage":"es","@id":"https:\/\/www.eldiario.net\/portal\/#\/schema\/logo\/image\/","url":"https:\/\/www.eldiario.net\/portal\/wp-content\/uploads\/2023\/07\/logo_ED.jpg","contentUrl":"https:\/\/www.eldiario.net\/portal\/wp-content\/uploads\/2023\/07\/logo_ED.jpg","width":272,"height":52,"caption":"El Diario - Decano de la prensa nacional"},"image":{"@id":"https:\/\/www.eldiario.net\/portal\/#\/schema\/logo\/image\/"},"sameAs":["https:\/\/www.facebook.com\/eldiario.bolivia\/","https:\/\/x.com\/eldiario_net"]},{"@type":"Person","@id":"https:\/\/www.eldiario.net\/portal\/#\/schema\/person\/2c57cf2b7a7ae032e449e4c9b1019eac","name":"Jeanette","image":{"@type":"ImageObject","inLanguage":"es","@id":"https:\/\/secure.gravatar.com\/avatar\/3ea2118a5f7dad2b7138b1187a6b7ee55f160b9968b66013c3a3ef39dd7e5798?s=96&d=mm&r=g","url":"https:\/\/secure.gravatar.com\/avatar\/3ea2118a5f7dad2b7138b1187a6b7ee55f160b9968b66013c3a3ef39dd7e5798?s=96&d=mm&r=g","contentUrl":"https:\/\/secure.gravatar.com\/avatar\/3ea2118a5f7dad2b7138b1187a6b7ee55f160b9968b66013c3a3ef39dd7e5798?s=96&d=mm&r=g","caption":"Jeanette"},"sameAs":["https:\/\/www.eldiario.net\/portal"],"url":"https:\/\/www.eldiario.net\/portal\/author\/jeanette\/"}]}},"_links":{"self":[{"href":"https:\/\/www.eldiario.net\/portal\/wp-json\/wp\/v2\/posts\/172634","targetHints":{"allow":["GET"]}}],"collection":[{"href":"https:\/\/www.eldiario.net\/portal\/wp-json\/wp\/v2\/posts"}],"about":[{"href":"https:\/\/www.eldiario.net\/portal\/wp-json\/wp\/v2\/types\/post"}],"author":[{"embeddable":true,"href":"https:\/\/www.eldiario.net\/portal\/wp-json\/wp\/v2\/users\/1"}],"replies":[{"embeddable":true,"href":"https:\/\/www.eldiario.net\/portal\/wp-json\/wp\/v2\/comments?post=172634"}],"version-history":[{"count":0,"href":"https:\/\/www.eldiario.net\/portal\/wp-json\/wp\/v2\/posts\/172634\/revisions"}],"wp:featuredmedia":[{"embeddable":true,"href":"https:\/\/www.eldiario.net\/portal\/wp-json\/wp\/v2\/media\/172635"}],"wp:attachment":[{"href":"https:\/\/www.eldiario.net\/portal\/wp-json\/wp\/v2\/media?parent=172634"}],"wp:term":[{"taxonomy":"category","embeddable":true,"href":"https:\/\/www.eldiario.net\/portal\/wp-json\/wp\/v2\/categories?post=172634"},{"taxonomy":"post_tag","embeddable":true,"href":"https:\/\/www.eldiario.net\/portal\/wp-json\/wp\/v2\/tags?post=172634"}],"curies":[{"name":"wp","href":"https:\/\/api.w.org\/{rel}","templated":true}]}}