{"id":172520,"date":"2023-08-23T06:12:12","date_gmt":"2023-08-23T10:12:12","guid":{"rendered":"https:\/\/www.eldiario.net\/portal\/?p=172520"},"modified":"2023-08-23T06:12:12","modified_gmt":"2023-08-23T10:12:12","slug":"jan-topic-afirmo-que-votara-por-daniel-noboa-en-segunda-vuelta","status":"publish","type":"post","link":"https:\/\/www.eldiario.net\/portal\/2023\/08\/23\/jan-topic-afirmo-que-votara-por-daniel-noboa-en-segunda-vuelta\/","title":{"rendered":"Jan Topic afirm\u00f3 que votar\u00e1 por  Daniel Noboa en segunda vuelta"},"content":{"rendered":"<p>De cara al balotaje del pr\u00f3ximo 15 de octubre, los candidatos a la presidencia de Ecuador, Luisa Gonz\u00e1lez y Daniel Noboa, empiezan a trabajar para absorber los votos de los aspirantes que no lograron llegar a la segunda vuelta. Ayer, Jan Topic, candidato de la alianza Pa\u00eds sin Miedo, reiter\u00f3 que votar\u00e1 por Noboa.<br \/>\n\u00abPersonalmente, voy a votar por Daniel Noboa, de caj\u00f3n. (&#8230;) Ah\u00ed no hay misterio\u00bb, expres\u00f3 Topic en una entrevista en el programa Vera a su Manera.<br \/>\nNo obstante, sostuvo que las personas que los votaron no necesariamente deben seguir su preferencia, sino revisar el plan de gobierno de cada uno de los candidatos y formar su propia opini\u00f3n.<br \/>\nNoboa, de 35 a\u00f1os e hijo del empresario y pol\u00edtico \u00c1lvaro Noboa, al ser consultado si buscar\u00e1 conformar una coalici\u00f3n en contra del corre\u00edsmo asegur\u00f3: \u00abNo estoy a favor de la trinca, sino de un nuevo proyecto\u00bb. \u00abYo creo que la gente tom\u00f3 su decisi\u00f3n, dio su voluntad en la votaci\u00f3n y van a tener una opci\u00f3n en la segunda vuelta\u00bb.<br \/>\nAyer en una entrevista en Ecuavisa, agradeci\u00f3 el respaldo p\u00fablico de Topic y dijo que conversar\u00e1 con \u00e9l para abordar las propuestas que plante\u00f3 durante la campa\u00f1a para combatir la inseguridad. \u00abEn caso de ganar las elecciones, los dos principales ejes de mi gobierno ser\u00e1n la seguridad y el empleo. Me sentar\u00e9 a hablar con Jan Topic temas de seguridad, tiene alto conocimiento en eso, por eso mucha gente vot\u00f3 por \u00e9l\u00bb.<br \/>\nNoboa sostuvo que los ciudadanos \u00abvan a tener la oportunidad de votar por el corre\u00edsmo o por el candidato que no es del corre\u00edsmo\u00bb.<br \/>\nDurante su campa\u00f1a el candidato de derecha dio prioridad al tema de la seguridad.<br \/>\nEl domingo, luego de quedar cuatro en la intenci\u00f3n de voto, el candidato de derecha hab\u00eda remarcado la necesidad de combatir la violencia que est\u00e1 golpeando al pa\u00eds: \u00abEcuador vive su peor crisis de inseguridad, esperemos que el siguiente l\u00edder logre rescatar a nuestra Rep\u00fablica\u00bb.<br \/>\nTopic qued\u00f3 en cuarto lugar, con el 14,67% de los votos, detr\u00e1s de la corre\u00edsta Luisa Gonz\u00e1lez (33,25%), el joven empresario Daniel Noboa (23,73) y Christian Zurita (16,50%).<br \/>\nEcuador atraviesa una ola de inseguridad, que las autoridades atribuyen al crimen organizado y al narcotr\u00e1fico y que hizo que el pa\u00eds pase en 5 a\u00f1os de 5,8 a 25,32 homicidios por cada 100.000 habitantes en 2022, la cifra m\u00e1s alta de su historia.<br \/>\nEn caso de llegar al poder, Noboa dijo que se enfocar\u00e1 en la seguridad en las fronteras, militarizaci\u00f3n y segmentaci\u00f3n de los puertos. Tambi\u00e9n plante\u00f3 \u00abtener c\u00e1rceles barcaza que se lleven a 80 millas fuera de la Costa a los criminales m\u00e1s peligrosos, una agencia central de inteligencia con cooperaci\u00f3n internacional\u00bb. (Infobae).<\/p>\n","protected":false},"excerpt":{"rendered":"<p>De cara al balotaje del pr\u00f3ximo 15 de octubre, los candidatos a la presidencia de Ecuador, Luisa Gonz\u00e1lez y Daniel Noboa, empiezan a trabajar para absorber los votos de los aspirantes que no lograron llegar a la segunda vuelta. Ayer, Jan Topic, candidato de la alianza Pa\u00eds sin Miedo, reiter\u00f3 que votar\u00e1 por Noboa. \u00abPersonalmente, [&hellip;]<\/p>\n","protected":false},"author":1,"featured_media":172521,"comment_status":"closed","ping_status":"open","sticky":false,"template":"","format":"standard","meta":{"_acf_changed":false,"footnotes":""},"categories":[3],"tags":[],"class_list":["post-172520","post","type-post","status-publish","format-standard","has-post-thumbnail","category-internacional"],"acf":{"antetitulo":""},"yoast_head":"<!-- This site is optimized with the Yoast SEO plugin v28.4 - https:\/\/yoast.com\/product\/yoast-seo-wordpress\/ -->\n<title>Jan Topic afirm\u00f3 que votar\u00e1 por Daniel Noboa en segunda vuelta - El Diario - Bolivia<\/title>\n<meta name=\"robots\" content=\"index, follow, max-snippet:-1, max-image-preview:large, max-video-preview:-1\" \/>\n<link rel=\"canonical\" href=\"https:\/\/www.eldiario.net\/portal\/2023\/08\/23\/jan-topic-afirmo-que-votara-por-daniel-noboa-en-segunda-vuelta\/\" \/>\n<meta property=\"og:locale\" content=\"es_ES\" \/>\n<meta property=\"og:type\" content=\"article\" \/>\n<meta property=\"og:title\" content=\"Jan Topic afirm\u00f3 que votar\u00e1 por Daniel Noboa en segunda vuelta - El Diario - Bolivia\" \/>\n<meta property=\"og:description\" content=\"De cara al balotaje del pr\u00f3ximo 15 de octubre, los candidatos a la presidencia de Ecuador, Luisa Gonz\u00e1lez y Daniel Noboa, empiezan a trabajar para absorber los votos de los aspirantes que no lograron llegar a la segunda vuelta. Ayer, Jan Topic, candidato de la alianza Pa\u00eds sin Miedo, reiter\u00f3 que votar\u00e1 por Noboa. \u00abPersonalmente, [&hellip;]\" \/>\n<meta property=\"og:url\" content=\"https:\/\/www.eldiario.net\/portal\/2023\/08\/23\/jan-topic-afirmo-que-votara-por-daniel-noboa-en-segunda-vuelta\/\" \/>\n<meta property=\"og:site_name\" content=\"El Diario - Bolivia\" \/>\n<meta property=\"article:publisher\" content=\"https:\/\/www.facebook.com\/eldiario.bolivia\/\" \/>\n<meta property=\"article:published_time\" content=\"2023-08-23T10:12:12+00:00\" \/>\n<meta property=\"og:image\" content=\"https:\/\/www.eldiario.net\/portal\/wp-content\/uploads\/2023\/08\/TOPIC.jpg\" \/>\n\t<meta property=\"og:image:width\" content=\"1000\" \/>\n\t<meta property=\"og:image:height\" content=\"693\" \/>\n\t<meta property=\"og:image:type\" content=\"image\/jpeg\" \/>\n<meta name=\"author\" content=\"Jeanette\" \/>\n<meta name=\"twitter:card\" content=\"summary_large_image\" \/>\n<meta name=\"twitter:creator\" content=\"@eldiario_net\" \/>\n<meta name=\"twitter:site\" content=\"@eldiario_net\" \/>\n<meta name=\"twitter:label1\" content=\"Escrito por\" \/>\n\t<meta name=\"twitter:data1\" content=\"Jeanette\" \/>\n\t<meta name=\"twitter:label2\" content=\"Tiempo de lectura\" \/>\n\t<meta name=\"twitter:data2\" content=\"3 minutos\" \/>\n<script type=\"application\/ld+json\" class=\"yoast-schema-graph\">{\"@context\":\"https:\\\/\\\/schema.org\",\"@graph\":[{\"@type\":\"Article\",\"@id\":\"https:\\\/\\\/www.eldiario.net\\\/portal\\\/2023\\\/08\\\/23\\\/jan-topic-afirmo-que-votara-por-daniel-noboa-en-segunda-vuelta\\\/#article\",\"isPartOf\":{\"@id\":\"https:\\\/\\\/www.eldiario.net\\\/portal\\\/2023\\\/08\\\/23\\\/jan-topic-afirmo-que-votara-por-daniel-noboa-en-segunda-vuelta\\\/\"},\"author\":{\"name\":\"Jeanette\",\"@id\":\"https:\\\/\\\/www.eldiario.net\\\/portal\\\/#\\\/schema\\\/person\\\/2c57cf2b7a7ae032e449e4c9b1019eac\"},\"headline\":\"Jan Topic afirm\u00f3 que votar\u00e1 por Daniel Noboa en segunda vuelta\",\"datePublished\":\"2023-08-23T10:12:12+00:00\",\"mainEntityOfPage\":{\"@id\":\"https:\\\/\\\/www.eldiario.net\\\/portal\\\/2023\\\/08\\\/23\\\/jan-topic-afirmo-que-votara-por-daniel-noboa-en-segunda-vuelta\\\/\"},\"wordCount\":486,\"publisher\":{\"@id\":\"https:\\\/\\\/www.eldiario.net\\\/portal\\\/#organization\"},\"image\":{\"@id\":\"https:\\\/\\\/www.eldiario.net\\\/portal\\\/2023\\\/08\\\/23\\\/jan-topic-afirmo-que-votara-por-daniel-noboa-en-segunda-vuelta\\\/#primaryimage\"},\"thumbnailUrl\":\"https:\\\/\\\/www.eldiario.net\\\/portal\\\/wp-content\\\/uploads\\\/2023\\\/08\\\/TOPIC.jpg\",\"articleSection\":[\"Internacional\"],\"inLanguage\":\"es\"},{\"@type\":\"WebPage\",\"@id\":\"https:\\\/\\\/www.eldiario.net\\\/portal\\\/2023\\\/08\\\/23\\\/jan-topic-afirmo-que-votara-por-daniel-noboa-en-segunda-vuelta\\\/\",\"url\":\"https:\\\/\\\/www.eldiario.net\\\/portal\\\/2023\\\/08\\\/23\\\/jan-topic-afirmo-que-votara-por-daniel-noboa-en-segunda-vuelta\\\/\",\"name\":\"Jan Topic afirm\u00f3 que votar\u00e1 por Daniel Noboa en segunda vuelta - El Diario - Bolivia\",\"isPartOf\":{\"@id\":\"https:\\\/\\\/www.eldiario.net\\\/portal\\\/#website\"},\"primaryImageOfPage\":{\"@id\":\"https:\\\/\\\/www.eldiario.net\\\/portal\\\/2023\\\/08\\\/23\\\/jan-topic-afirmo-que-votara-por-daniel-noboa-en-segunda-vuelta\\\/#primaryimage\"},\"image\":{\"@id\":\"https:\\\/\\\/www.eldiario.net\\\/portal\\\/2023\\\/08\\\/23\\\/jan-topic-afirmo-que-votara-por-daniel-noboa-en-segunda-vuelta\\\/#primaryimage\"},\"thumbnailUrl\":\"https:\\\/\\\/www.eldiario.net\\\/portal\\\/wp-content\\\/uploads\\\/2023\\\/08\\\/TOPIC.jpg\",\"datePublished\":\"2023-08-23T10:12:12+00:00\",\"breadcrumb\":{\"@id\":\"https:\\\/\\\/www.eldiario.net\\\/portal\\\/2023\\\/08\\\/23\\\/jan-topic-afirmo-que-votara-por-daniel-noboa-en-segunda-vuelta\\\/#breadcrumb\"},\"inLanguage\":\"es\",\"potentialAction\":[{\"@type\":\"ReadAction\",\"target\":[\"https:\\\/\\\/www.eldiario.net\\\/portal\\\/2023\\\/08\\\/23\\\/jan-topic-afirmo-que-votara-por-daniel-noboa-en-segunda-vuelta\\\/\"]}]},{\"@type\":\"ImageObject\",\"inLanguage\":\"es\",\"@id\":\"https:\\\/\\\/www.eldiario.net\\\/portal\\\/2023\\\/08\\\/23\\\/jan-topic-afirmo-que-votara-por-daniel-noboa-en-segunda-vuelta\\\/#primaryimage\",\"url\":\"https:\\\/\\\/www.eldiario.net\\\/portal\\\/wp-content\\\/uploads\\\/2023\\\/08\\\/TOPIC.jpg\",\"contentUrl\":\"https:\\\/\\\/www.eldiario.net\\\/portal\\\/wp-content\\\/uploads\\\/2023\\\/08\\\/TOPIC.jpg\",\"width\":1000,\"height\":693,\"caption\":\"TOPIC DIJO QUE PARA VOTAR DEBEN REVISAR EL PLAN DE GOBIERNO DE CADA PARTIDO. Qpas\u00f3\"},{\"@type\":\"BreadcrumbList\",\"@id\":\"https:\\\/\\\/www.eldiario.net\\\/portal\\\/2023\\\/08\\\/23\\\/jan-topic-afirmo-que-votara-por-daniel-noboa-en-segunda-vuelta\\\/#breadcrumb\",\"itemListElement\":[{\"@type\":\"ListItem\",\"position\":1,\"name\":\"Portada\",\"item\":\"https:\\\/\\\/www.eldiario.net\\\/portal\\\/\"},{\"@type\":\"ListItem\",\"position\":2,\"name\":\"Jan Topic afirm\u00f3 que votar\u00e1 por Daniel Noboa en segunda vuelta\"}]},{\"@type\":\"WebSite\",\"@id\":\"https:\\\/\\\/www.eldiario.net\\\/portal\\\/#website\",\"url\":\"https:\\\/\\\/www.eldiario.net\\\/portal\\\/\",\"name\":\"El Diario - Decano de la prensa nacional\",\"description\":\"El Diario - Decano de la prensa nacional\",\"publisher\":{\"@id\":\"https:\\\/\\\/www.eldiario.net\\\/portal\\\/#organization\"},\"potentialAction\":[{\"@type\":\"SearchAction\",\"target\":{\"@type\":\"EntryPoint\",\"urlTemplate\":\"https:\\\/\\\/www.eldiario.net\\\/portal\\\/?s={search_term_string}\"},\"query-input\":{\"@type\":\"PropertyValueSpecification\",\"valueRequired\":true,\"valueName\":\"search_term_string\"}}],\"inLanguage\":\"es\"},{\"@type\":\"Organization\",\"@id\":\"https:\\\/\\\/www.eldiario.net\\\/portal\\\/#organization\",\"name\":\"El Diario - Decano de la prensa nacional\",\"url\":\"https:\\\/\\\/www.eldiario.net\\\/portal\\\/\",\"logo\":{\"@type\":\"ImageObject\",\"inLanguage\":\"es\",\"@id\":\"https:\\\/\\\/www.eldiario.net\\\/portal\\\/#\\\/schema\\\/logo\\\/image\\\/\",\"url\":\"https:\\\/\\\/www.eldiario.net\\\/portal\\\/wp-content\\\/uploads\\\/2023\\\/07\\\/logo_ED.jpg\",\"contentUrl\":\"https:\\\/\\\/www.eldiario.net\\\/portal\\\/wp-content\\\/uploads\\\/2023\\\/07\\\/logo_ED.jpg\",\"width\":272,\"height\":52,\"caption\":\"El Diario - Decano de la prensa nacional\"},\"image\":{\"@id\":\"https:\\\/\\\/www.eldiario.net\\\/portal\\\/#\\\/schema\\\/logo\\\/image\\\/\"},\"sameAs\":[\"https:\\\/\\\/www.facebook.com\\\/eldiario.bolivia\\\/\",\"https:\\\/\\\/x.com\\\/eldiario_net\"]},{\"@type\":\"Person\",\"@id\":\"https:\\\/\\\/www.eldiario.net\\\/portal\\\/#\\\/schema\\\/person\\\/2c57cf2b7a7ae032e449e4c9b1019eac\",\"name\":\"Jeanette\",\"image\":{\"@type\":\"ImageObject\",\"inLanguage\":\"es\",\"@id\":\"https:\\\/\\\/secure.gravatar.com\\\/avatar\\\/3ea2118a5f7dad2b7138b1187a6b7ee55f160b9968b66013c3a3ef39dd7e5798?s=96&d=mm&r=g\",\"url\":\"https:\\\/\\\/secure.gravatar.com\\\/avatar\\\/3ea2118a5f7dad2b7138b1187a6b7ee55f160b9968b66013c3a3ef39dd7e5798?s=96&d=mm&r=g\",\"contentUrl\":\"https:\\\/\\\/secure.gravatar.com\\\/avatar\\\/3ea2118a5f7dad2b7138b1187a6b7ee55f160b9968b66013c3a3ef39dd7e5798?s=96&d=mm&r=g\",\"caption\":\"Jeanette\"},\"sameAs\":[\"https:\\\/\\\/www.eldiario.net\\\/portal\"],\"url\":\"https:\\\/\\\/www.eldiario.net\\\/portal\\\/author\\\/jeanette\\\/\"}]}<\/script>\n<!-- \/ Yoast SEO plugin. -->","yoast_head_json":{"title":"Jan Topic afirm\u00f3 que votar\u00e1 por Daniel Noboa en segunda vuelta - El Diario - Bolivia","robots":{"index":"index","follow":"follow","max-snippet":"max-snippet:-1","max-image-preview":"max-image-preview:large","max-video-preview":"max-video-preview:-1"},"canonical":"https:\/\/www.eldiario.net\/portal\/2023\/08\/23\/jan-topic-afirmo-que-votara-por-daniel-noboa-en-segunda-vuelta\/","og_locale":"es_ES","og_type":"article","og_title":"Jan Topic afirm\u00f3 que votar\u00e1 por Daniel Noboa en segunda vuelta - El Diario - Bolivia","og_description":"De cara al balotaje del pr\u00f3ximo 15 de octubre, los candidatos a la presidencia de Ecuador, Luisa Gonz\u00e1lez y Daniel Noboa, empiezan a trabajar para absorber los votos de los aspirantes que no lograron llegar a la segunda vuelta. Ayer, Jan Topic, candidato de la alianza Pa\u00eds sin Miedo, reiter\u00f3 que votar\u00e1 por Noboa. \u00abPersonalmente, [&hellip;]","og_url":"https:\/\/www.eldiario.net\/portal\/2023\/08\/23\/jan-topic-afirmo-que-votara-por-daniel-noboa-en-segunda-vuelta\/","og_site_name":"El Diario - Bolivia","article_publisher":"https:\/\/www.facebook.com\/eldiario.bolivia\/","article_published_time":"2023-08-23T10:12:12+00:00","og_image":[{"width":1000,"height":693,"url":"https:\/\/www.eldiario.net\/portal\/wp-content\/uploads\/2023\/08\/TOPIC.jpg","type":"image\/jpeg"}],"author":"Jeanette","twitter_card":"summary_large_image","twitter_creator":"@eldiario_net","twitter_site":"@eldiario_net","twitter_misc":{"Escrito por":"Jeanette","Tiempo de lectura":"3 minutos"},"schema":{"@context":"https:\/\/schema.org","@graph":[{"@type":"Article","@id":"https:\/\/www.eldiario.net\/portal\/2023\/08\/23\/jan-topic-afirmo-que-votara-por-daniel-noboa-en-segunda-vuelta\/#article","isPartOf":{"@id":"https:\/\/www.eldiario.net\/portal\/2023\/08\/23\/jan-topic-afirmo-que-votara-por-daniel-noboa-en-segunda-vuelta\/"},"author":{"name":"Jeanette","@id":"https:\/\/www.eldiario.net\/portal\/#\/schema\/person\/2c57cf2b7a7ae032e449e4c9b1019eac"},"headline":"Jan Topic afirm\u00f3 que votar\u00e1 por Daniel Noboa en segunda vuelta","datePublished":"2023-08-23T10:12:12+00:00","mainEntityOfPage":{"@id":"https:\/\/www.eldiario.net\/portal\/2023\/08\/23\/jan-topic-afirmo-que-votara-por-daniel-noboa-en-segunda-vuelta\/"},"wordCount":486,"publisher":{"@id":"https:\/\/www.eldiario.net\/portal\/#organization"},"image":{"@id":"https:\/\/www.eldiario.net\/portal\/2023\/08\/23\/jan-topic-afirmo-que-votara-por-daniel-noboa-en-segunda-vuelta\/#primaryimage"},"thumbnailUrl":"https:\/\/www.eldiario.net\/portal\/wp-content\/uploads\/2023\/08\/TOPIC.jpg","articleSection":["Internacional"],"inLanguage":"es"},{"@type":"WebPage","@id":"https:\/\/www.eldiario.net\/portal\/2023\/08\/23\/jan-topic-afirmo-que-votara-por-daniel-noboa-en-segunda-vuelta\/","url":"https:\/\/www.eldiario.net\/portal\/2023\/08\/23\/jan-topic-afirmo-que-votara-por-daniel-noboa-en-segunda-vuelta\/","name":"Jan Topic afirm\u00f3 que votar\u00e1 por Daniel Noboa en segunda vuelta - El Diario - Bolivia","isPartOf":{"@id":"https:\/\/www.eldiario.net\/portal\/#website"},"primaryImageOfPage":{"@id":"https:\/\/www.eldiario.net\/portal\/2023\/08\/23\/jan-topic-afirmo-que-votara-por-daniel-noboa-en-segunda-vuelta\/#primaryimage"},"image":{"@id":"https:\/\/www.eldiario.net\/portal\/2023\/08\/23\/jan-topic-afirmo-que-votara-por-daniel-noboa-en-segunda-vuelta\/#primaryimage"},"thumbnailUrl":"https:\/\/www.eldiario.net\/portal\/wp-content\/uploads\/2023\/08\/TOPIC.jpg","datePublished":"2023-08-23T10:12:12+00:00","breadcrumb":{"@id":"https:\/\/www.eldiario.net\/portal\/2023\/08\/23\/jan-topic-afirmo-que-votara-por-daniel-noboa-en-segunda-vuelta\/#breadcrumb"},"inLanguage":"es","potentialAction":[{"@type":"ReadAction","target":["https:\/\/www.eldiario.net\/portal\/2023\/08\/23\/jan-topic-afirmo-que-votara-por-daniel-noboa-en-segunda-vuelta\/"]}]},{"@type":"ImageObject","inLanguage":"es","@id":"https:\/\/www.eldiario.net\/portal\/2023\/08\/23\/jan-topic-afirmo-que-votara-por-daniel-noboa-en-segunda-vuelta\/#primaryimage","url":"https:\/\/www.eldiario.net\/portal\/wp-content\/uploads\/2023\/08\/TOPIC.jpg","contentUrl":"https:\/\/www.eldiario.net\/portal\/wp-content\/uploads\/2023\/08\/TOPIC.jpg","width":1000,"height":693,"caption":"TOPIC DIJO QUE PARA VOTAR DEBEN REVISAR EL PLAN DE GOBIERNO DE CADA PARTIDO. Qpas\u00f3"},{"@type":"BreadcrumbList","@id":"https:\/\/www.eldiario.net\/portal\/2023\/08\/23\/jan-topic-afirmo-que-votara-por-daniel-noboa-en-segunda-vuelta\/#breadcrumb","itemListElement":[{"@type":"ListItem","position":1,"name":"Portada","item":"https:\/\/www.eldiario.net\/portal\/"},{"@type":"ListItem","position":2,"name":"Jan Topic afirm\u00f3 que votar\u00e1 por Daniel Noboa en segunda vuelta"}]},{"@type":"WebSite","@id":"https:\/\/www.eldiario.net\/portal\/#website","url":"https:\/\/www.eldiario.net\/portal\/","name":"El Diario - Decano de la prensa nacional","description":"El Diario - Decano de la prensa nacional","publisher":{"@id":"https:\/\/www.eldiario.net\/portal\/#organization"},"potentialAction":[{"@type":"SearchAction","target":{"@type":"EntryPoint","urlTemplate":"https:\/\/www.eldiario.net\/portal\/?s={search_term_string}"},"query-input":{"@type":"PropertyValueSpecification","valueRequired":true,"valueName":"search_term_string"}}],"inLanguage":"es"},{"@type":"Organization","@id":"https:\/\/www.eldiario.net\/portal\/#organization","name":"El Diario - Decano de la prensa nacional","url":"https:\/\/www.eldiario.net\/portal\/","logo":{"@type":"ImageObject","inLanguage":"es","@id":"https:\/\/www.eldiario.net\/portal\/#\/schema\/logo\/image\/","url":"https:\/\/www.eldiario.net\/portal\/wp-content\/uploads\/2023\/07\/logo_ED.jpg","contentUrl":"https:\/\/www.eldiario.net\/portal\/wp-content\/uploads\/2023\/07\/logo_ED.jpg","width":272,"height":52,"caption":"El Diario - Decano de la prensa nacional"},"image":{"@id":"https:\/\/www.eldiario.net\/portal\/#\/schema\/logo\/image\/"},"sameAs":["https:\/\/www.facebook.com\/eldiario.bolivia\/","https:\/\/x.com\/eldiario_net"]},{"@type":"Person","@id":"https:\/\/www.eldiario.net\/portal\/#\/schema\/person\/2c57cf2b7a7ae032e449e4c9b1019eac","name":"Jeanette","image":{"@type":"ImageObject","inLanguage":"es","@id":"https:\/\/secure.gravatar.com\/avatar\/3ea2118a5f7dad2b7138b1187a6b7ee55f160b9968b66013c3a3ef39dd7e5798?s=96&d=mm&r=g","url":"https:\/\/secure.gravatar.com\/avatar\/3ea2118a5f7dad2b7138b1187a6b7ee55f160b9968b66013c3a3ef39dd7e5798?s=96&d=mm&r=g","contentUrl":"https:\/\/secure.gravatar.com\/avatar\/3ea2118a5f7dad2b7138b1187a6b7ee55f160b9968b66013c3a3ef39dd7e5798?s=96&d=mm&r=g","caption":"Jeanette"},"sameAs":["https:\/\/www.eldiario.net\/portal"],"url":"https:\/\/www.eldiario.net\/portal\/author\/jeanette\/"}]}},"_links":{"self":[{"href":"https:\/\/www.eldiario.net\/portal\/wp-json\/wp\/v2\/posts\/172520","targetHints":{"allow":["GET"]}}],"collection":[{"href":"https:\/\/www.eldiario.net\/portal\/wp-json\/wp\/v2\/posts"}],"about":[{"href":"https:\/\/www.eldiario.net\/portal\/wp-json\/wp\/v2\/types\/post"}],"author":[{"embeddable":true,"href":"https:\/\/www.eldiario.net\/portal\/wp-json\/wp\/v2\/users\/1"}],"replies":[{"embeddable":true,"href":"https:\/\/www.eldiario.net\/portal\/wp-json\/wp\/v2\/comments?post=172520"}],"version-history":[{"count":0,"href":"https:\/\/www.eldiario.net\/portal\/wp-json\/wp\/v2\/posts\/172520\/revisions"}],"wp:featuredmedia":[{"embeddable":true,"href":"https:\/\/www.eldiario.net\/portal\/wp-json\/wp\/v2\/media\/172521"}],"wp:attachment":[{"href":"https:\/\/www.eldiario.net\/portal\/wp-json\/wp\/v2\/media?parent=172520"}],"wp:term":[{"taxonomy":"category","embeddable":true,"href":"https:\/\/www.eldiario.net\/portal\/wp-json\/wp\/v2\/categories?post=172520"},{"taxonomy":"post_tag","embeddable":true,"href":"https:\/\/www.eldiario.net\/portal\/wp-json\/wp\/v2\/tags?post=172520"}],"curies":[{"name":"wp","href":"https:\/\/api.w.org\/{rel}","templated":true}]}}