{"id":172518,"date":"2023-08-23T06:11:00","date_gmt":"2023-08-23T10:11:00","guid":{"rendered":"https:\/\/www.eldiario.net\/portal\/?p=172518"},"modified":"2023-08-23T06:11:00","modified_gmt":"2023-08-23T10:11:00","slug":"von-der-leyen-ve-muy-vivo-el-debate-para-ampliar-la-ue","status":"publish","type":"post","link":"https:\/\/www.eldiario.net\/portal\/2023\/08\/23\/von-der-leyen-ve-muy-vivo-el-debate-para-ampliar-la-ue\/","title":{"rendered":"Von der Leyen ve \u00abmuy vivo\u00bb el debate para ampliar la UE"},"content":{"rendered":"<p>La presidenta de la Comisi\u00f3n Europea, Ursula von der Leyen, asegur\u00f3 que el debate sobre la ampliaci\u00f3n de la Uni\u00f3n Europea est\u00e1 \u201cmuy vivo\u201d y abog\u00f3 por aprovechar ese impulso, mientras que el presidente de Ucrania, Volodimir Zelenski, espera una evaluaci\u00f3n positiva en el paquete de ampliaci\u00f3n de octubre y una decisi\u00f3n que permita iniciar negociaciones sobre la adhesi\u00f3n de Ucrania a la UE en 2023.<br \/>\nAmbos l\u00edderes se reunieron ayer de forma bilateral en los m\u00e1rgenes del encuentro informal con los l\u00edderes de los pa\u00edses de los Balcanes Occidentales que tuvo lugar en Atenas (Grecia).<br \/>\nEn una reuni\u00f3n que la alemana calific\u00f3 de productiva, ambos abordaron los progresos en el proceso de adhesi\u00f3n de Ucrania a la UE, as\u00ed como la exportaci\u00f3n de cereales ucranianos.<br \/>\nPor su lado, el presidente ucraniano indic\u00f3, tambi\u00e9n v\u00eda redes sociales, que espera una evaluaci\u00f3n positiva del progreso de Ucrania en el paquete de ampliaci\u00f3n de octubre y la consiguiente decisi\u00f3n de los Estados miembro de la UE de abrir las conversaciones de adhesi\u00f3n de Ucrania a la UE a finales de 2023.<br \/>\nAsimismo, agradeci\u00f3 los esfuerzos de Von der Leyen para normalizar las exportaciones y el tr\u00e1nsito agr\u00edcola de Ucrania, aunque subray\u00f3 la importancia de restaurarlos por completo a partir del 15 de septiembre. (Europa Press).<\/p>\n","protected":false},"excerpt":{"rendered":"<p>La presidenta de la Comisi\u00f3n Europea, Ursula von der Leyen, asegur\u00f3 que el debate sobre la ampliaci\u00f3n de la Uni\u00f3n Europea est\u00e1 \u201cmuy vivo\u201d y abog\u00f3 por aprovechar ese impulso, mientras que el presidente de Ucrania, Volodimir Zelenski, espera una evaluaci\u00f3n positiva en el paquete de ampliaci\u00f3n de octubre y una decisi\u00f3n que permita iniciar [&hellip;]<\/p>\n","protected":false},"author":1,"featured_media":0,"comment_status":"closed","ping_status":"open","sticky":false,"template":"","format":"standard","meta":{"_acf_changed":false,"footnotes":""},"categories":[3],"tags":[],"class_list":["post-172518","post","type-post","status-publish","format-standard","category-internacional"],"acf":{"antetitulo":""},"yoast_head":"<!-- This site is optimized with the Yoast SEO plugin v28.4 - https:\/\/yoast.com\/product\/yoast-seo-wordpress\/ -->\n<title>Von der Leyen ve &quot;muy vivo&quot; el debate para ampliar la UE - El Diario - Bolivia<\/title>\n<meta name=\"robots\" content=\"index, follow, max-snippet:-1, max-image-preview:large, max-video-preview:-1\" \/>\n<link rel=\"canonical\" href=\"https:\/\/www.eldiario.net\/portal\/2023\/08\/23\/von-der-leyen-ve-muy-vivo-el-debate-para-ampliar-la-ue\/\" \/>\n<meta property=\"og:locale\" content=\"es_ES\" \/>\n<meta property=\"og:type\" content=\"article\" \/>\n<meta property=\"og:title\" content=\"Von der Leyen ve &quot;muy vivo&quot; el debate para ampliar la UE - El Diario - Bolivia\" \/>\n<meta property=\"og:description\" content=\"La presidenta de la Comisi\u00f3n Europea, Ursula von der Leyen, asegur\u00f3 que el debate sobre la ampliaci\u00f3n de la Uni\u00f3n Europea est\u00e1 \u201cmuy vivo\u201d y abog\u00f3 por aprovechar ese impulso, mientras que el presidente de Ucrania, Volodimir Zelenski, espera una evaluaci\u00f3n positiva en el paquete de ampliaci\u00f3n de octubre y una decisi\u00f3n que permita iniciar [&hellip;]\" \/>\n<meta property=\"og:url\" content=\"https:\/\/www.eldiario.net\/portal\/2023\/08\/23\/von-der-leyen-ve-muy-vivo-el-debate-para-ampliar-la-ue\/\" \/>\n<meta property=\"og:site_name\" content=\"El Diario - Bolivia\" \/>\n<meta property=\"article:publisher\" content=\"https:\/\/www.facebook.com\/eldiario.bolivia\/\" \/>\n<meta property=\"article:published_time\" content=\"2023-08-23T10:11:00+00:00\" \/>\n<meta name=\"author\" content=\"Jeanette\" \/>\n<meta name=\"twitter:card\" content=\"summary_large_image\" \/>\n<meta name=\"twitter:creator\" content=\"@eldiario_net\" \/>\n<meta name=\"twitter:site\" content=\"@eldiario_net\" \/>\n<meta name=\"twitter:label1\" content=\"Escrito por\" \/>\n\t<meta name=\"twitter:data1\" content=\"Jeanette\" \/>\n\t<meta name=\"twitter:label2\" content=\"Tiempo de lectura\" \/>\n\t<meta name=\"twitter:data2\" content=\"1 minuto\" \/>\n<script type=\"application\/ld+json\" class=\"yoast-schema-graph\">{\"@context\":\"https:\\\/\\\/schema.org\",\"@graph\":[{\"@type\":\"Article\",\"@id\":\"https:\\\/\\\/www.eldiario.net\\\/portal\\\/2023\\\/08\\\/23\\\/von-der-leyen-ve-muy-vivo-el-debate-para-ampliar-la-ue\\\/#article\",\"isPartOf\":{\"@id\":\"https:\\\/\\\/www.eldiario.net\\\/portal\\\/2023\\\/08\\\/23\\\/von-der-leyen-ve-muy-vivo-el-debate-para-ampliar-la-ue\\\/\"},\"author\":{\"name\":\"Jeanette\",\"@id\":\"https:\\\/\\\/www.eldiario.net\\\/portal\\\/#\\\/schema\\\/person\\\/2c57cf2b7a7ae032e449e4c9b1019eac\"},\"headline\":\"Von der Leyen ve \u00abmuy vivo\u00bb el debate para ampliar la UE\",\"datePublished\":\"2023-08-23T10:11:00+00:00\",\"mainEntityOfPage\":{\"@id\":\"https:\\\/\\\/www.eldiario.net\\\/portal\\\/2023\\\/08\\\/23\\\/von-der-leyen-ve-muy-vivo-el-debate-para-ampliar-la-ue\\\/\"},\"wordCount\":244,\"publisher\":{\"@id\":\"https:\\\/\\\/www.eldiario.net\\\/portal\\\/#organization\"},\"articleSection\":[\"Internacional\"],\"inLanguage\":\"es\"},{\"@type\":\"WebPage\",\"@id\":\"https:\\\/\\\/www.eldiario.net\\\/portal\\\/2023\\\/08\\\/23\\\/von-der-leyen-ve-muy-vivo-el-debate-para-ampliar-la-ue\\\/\",\"url\":\"https:\\\/\\\/www.eldiario.net\\\/portal\\\/2023\\\/08\\\/23\\\/von-der-leyen-ve-muy-vivo-el-debate-para-ampliar-la-ue\\\/\",\"name\":\"Von der Leyen ve \\\"muy vivo\\\" el debate para ampliar la UE - El Diario - Bolivia\",\"isPartOf\":{\"@id\":\"https:\\\/\\\/www.eldiario.net\\\/portal\\\/#website\"},\"datePublished\":\"2023-08-23T10:11:00+00:00\",\"breadcrumb\":{\"@id\":\"https:\\\/\\\/www.eldiario.net\\\/portal\\\/2023\\\/08\\\/23\\\/von-der-leyen-ve-muy-vivo-el-debate-para-ampliar-la-ue\\\/#breadcrumb\"},\"inLanguage\":\"es\",\"potentialAction\":[{\"@type\":\"ReadAction\",\"target\":[\"https:\\\/\\\/www.eldiario.net\\\/portal\\\/2023\\\/08\\\/23\\\/von-der-leyen-ve-muy-vivo-el-debate-para-ampliar-la-ue\\\/\"]}]},{\"@type\":\"BreadcrumbList\",\"@id\":\"https:\\\/\\\/www.eldiario.net\\\/portal\\\/2023\\\/08\\\/23\\\/von-der-leyen-ve-muy-vivo-el-debate-para-ampliar-la-ue\\\/#breadcrumb\",\"itemListElement\":[{\"@type\":\"ListItem\",\"position\":1,\"name\":\"Portada\",\"item\":\"https:\\\/\\\/www.eldiario.net\\\/portal\\\/\"},{\"@type\":\"ListItem\",\"position\":2,\"name\":\"Von der Leyen ve \u00abmuy vivo\u00bb el debate para ampliar la UE\"}]},{\"@type\":\"WebSite\",\"@id\":\"https:\\\/\\\/www.eldiario.net\\\/portal\\\/#website\",\"url\":\"https:\\\/\\\/www.eldiario.net\\\/portal\\\/\",\"name\":\"El Diario - Decano de la prensa nacional\",\"description\":\"El Diario - Decano de la prensa nacional\",\"publisher\":{\"@id\":\"https:\\\/\\\/www.eldiario.net\\\/portal\\\/#organization\"},\"potentialAction\":[{\"@type\":\"SearchAction\",\"target\":{\"@type\":\"EntryPoint\",\"urlTemplate\":\"https:\\\/\\\/www.eldiario.net\\\/portal\\\/?s={search_term_string}\"},\"query-input\":{\"@type\":\"PropertyValueSpecification\",\"valueRequired\":true,\"valueName\":\"search_term_string\"}}],\"inLanguage\":\"es\"},{\"@type\":\"Organization\",\"@id\":\"https:\\\/\\\/www.eldiario.net\\\/portal\\\/#organization\",\"name\":\"El Diario - Decano de la prensa nacional\",\"url\":\"https:\\\/\\\/www.eldiario.net\\\/portal\\\/\",\"logo\":{\"@type\":\"ImageObject\",\"inLanguage\":\"es\",\"@id\":\"https:\\\/\\\/www.eldiario.net\\\/portal\\\/#\\\/schema\\\/logo\\\/image\\\/\",\"url\":\"https:\\\/\\\/www.eldiario.net\\\/portal\\\/wp-content\\\/uploads\\\/2023\\\/07\\\/logo_ED.jpg\",\"contentUrl\":\"https:\\\/\\\/www.eldiario.net\\\/portal\\\/wp-content\\\/uploads\\\/2023\\\/07\\\/logo_ED.jpg\",\"width\":272,\"height\":52,\"caption\":\"El Diario - Decano de la prensa nacional\"},\"image\":{\"@id\":\"https:\\\/\\\/www.eldiario.net\\\/portal\\\/#\\\/schema\\\/logo\\\/image\\\/\"},\"sameAs\":[\"https:\\\/\\\/www.facebook.com\\\/eldiario.bolivia\\\/\",\"https:\\\/\\\/x.com\\\/eldiario_net\"]},{\"@type\":\"Person\",\"@id\":\"https:\\\/\\\/www.eldiario.net\\\/portal\\\/#\\\/schema\\\/person\\\/2c57cf2b7a7ae032e449e4c9b1019eac\",\"name\":\"Jeanette\",\"image\":{\"@type\":\"ImageObject\",\"inLanguage\":\"es\",\"@id\":\"https:\\\/\\\/secure.gravatar.com\\\/avatar\\\/3ea2118a5f7dad2b7138b1187a6b7ee55f160b9968b66013c3a3ef39dd7e5798?s=96&d=mm&r=g\",\"url\":\"https:\\\/\\\/secure.gravatar.com\\\/avatar\\\/3ea2118a5f7dad2b7138b1187a6b7ee55f160b9968b66013c3a3ef39dd7e5798?s=96&d=mm&r=g\",\"contentUrl\":\"https:\\\/\\\/secure.gravatar.com\\\/avatar\\\/3ea2118a5f7dad2b7138b1187a6b7ee55f160b9968b66013c3a3ef39dd7e5798?s=96&d=mm&r=g\",\"caption\":\"Jeanette\"},\"sameAs\":[\"https:\\\/\\\/www.eldiario.net\\\/portal\"],\"url\":\"https:\\\/\\\/www.eldiario.net\\\/portal\\\/author\\\/jeanette\\\/\"}]}<\/script>\n<!-- \/ Yoast SEO plugin. -->","yoast_head_json":{"title":"Von der Leyen ve \"muy vivo\" el debate para ampliar la UE - El Diario - Bolivia","robots":{"index":"index","follow":"follow","max-snippet":"max-snippet:-1","max-image-preview":"max-image-preview:large","max-video-preview":"max-video-preview:-1"},"canonical":"https:\/\/www.eldiario.net\/portal\/2023\/08\/23\/von-der-leyen-ve-muy-vivo-el-debate-para-ampliar-la-ue\/","og_locale":"es_ES","og_type":"article","og_title":"Von der Leyen ve \"muy vivo\" el debate para ampliar la UE - El Diario - Bolivia","og_description":"La presidenta de la Comisi\u00f3n Europea, Ursula von der Leyen, asegur\u00f3 que el debate sobre la ampliaci\u00f3n de la Uni\u00f3n Europea est\u00e1 \u201cmuy vivo\u201d y abog\u00f3 por aprovechar ese impulso, mientras que el presidente de Ucrania, Volodimir Zelenski, espera una evaluaci\u00f3n positiva en el paquete de ampliaci\u00f3n de octubre y una decisi\u00f3n que permita iniciar [&hellip;]","og_url":"https:\/\/www.eldiario.net\/portal\/2023\/08\/23\/von-der-leyen-ve-muy-vivo-el-debate-para-ampliar-la-ue\/","og_site_name":"El Diario - Bolivia","article_publisher":"https:\/\/www.facebook.com\/eldiario.bolivia\/","article_published_time":"2023-08-23T10:11:00+00:00","author":"Jeanette","twitter_card":"summary_large_image","twitter_creator":"@eldiario_net","twitter_site":"@eldiario_net","twitter_misc":{"Escrito por":"Jeanette","Tiempo de lectura":"1 minuto"},"schema":{"@context":"https:\/\/schema.org","@graph":[{"@type":"Article","@id":"https:\/\/www.eldiario.net\/portal\/2023\/08\/23\/von-der-leyen-ve-muy-vivo-el-debate-para-ampliar-la-ue\/#article","isPartOf":{"@id":"https:\/\/www.eldiario.net\/portal\/2023\/08\/23\/von-der-leyen-ve-muy-vivo-el-debate-para-ampliar-la-ue\/"},"author":{"name":"Jeanette","@id":"https:\/\/www.eldiario.net\/portal\/#\/schema\/person\/2c57cf2b7a7ae032e449e4c9b1019eac"},"headline":"Von der Leyen ve \u00abmuy vivo\u00bb el debate para ampliar la UE","datePublished":"2023-08-23T10:11:00+00:00","mainEntityOfPage":{"@id":"https:\/\/www.eldiario.net\/portal\/2023\/08\/23\/von-der-leyen-ve-muy-vivo-el-debate-para-ampliar-la-ue\/"},"wordCount":244,"publisher":{"@id":"https:\/\/www.eldiario.net\/portal\/#organization"},"articleSection":["Internacional"],"inLanguage":"es"},{"@type":"WebPage","@id":"https:\/\/www.eldiario.net\/portal\/2023\/08\/23\/von-der-leyen-ve-muy-vivo-el-debate-para-ampliar-la-ue\/","url":"https:\/\/www.eldiario.net\/portal\/2023\/08\/23\/von-der-leyen-ve-muy-vivo-el-debate-para-ampliar-la-ue\/","name":"Von der Leyen ve \"muy vivo\" el debate para ampliar la UE - El Diario - Bolivia","isPartOf":{"@id":"https:\/\/www.eldiario.net\/portal\/#website"},"datePublished":"2023-08-23T10:11:00+00:00","breadcrumb":{"@id":"https:\/\/www.eldiario.net\/portal\/2023\/08\/23\/von-der-leyen-ve-muy-vivo-el-debate-para-ampliar-la-ue\/#breadcrumb"},"inLanguage":"es","potentialAction":[{"@type":"ReadAction","target":["https:\/\/www.eldiario.net\/portal\/2023\/08\/23\/von-der-leyen-ve-muy-vivo-el-debate-para-ampliar-la-ue\/"]}]},{"@type":"BreadcrumbList","@id":"https:\/\/www.eldiario.net\/portal\/2023\/08\/23\/von-der-leyen-ve-muy-vivo-el-debate-para-ampliar-la-ue\/#breadcrumb","itemListElement":[{"@type":"ListItem","position":1,"name":"Portada","item":"https:\/\/www.eldiario.net\/portal\/"},{"@type":"ListItem","position":2,"name":"Von der Leyen ve \u00abmuy vivo\u00bb el debate para ampliar la UE"}]},{"@type":"WebSite","@id":"https:\/\/www.eldiario.net\/portal\/#website","url":"https:\/\/www.eldiario.net\/portal\/","name":"El Diario - Decano de la prensa nacional","description":"El Diario - Decano de la prensa nacional","publisher":{"@id":"https:\/\/www.eldiario.net\/portal\/#organization"},"potentialAction":[{"@type":"SearchAction","target":{"@type":"EntryPoint","urlTemplate":"https:\/\/www.eldiario.net\/portal\/?s={search_term_string}"},"query-input":{"@type":"PropertyValueSpecification","valueRequired":true,"valueName":"search_term_string"}}],"inLanguage":"es"},{"@type":"Organization","@id":"https:\/\/www.eldiario.net\/portal\/#organization","name":"El Diario - Decano de la prensa nacional","url":"https:\/\/www.eldiario.net\/portal\/","logo":{"@type":"ImageObject","inLanguage":"es","@id":"https:\/\/www.eldiario.net\/portal\/#\/schema\/logo\/image\/","url":"https:\/\/www.eldiario.net\/portal\/wp-content\/uploads\/2023\/07\/logo_ED.jpg","contentUrl":"https:\/\/www.eldiario.net\/portal\/wp-content\/uploads\/2023\/07\/logo_ED.jpg","width":272,"height":52,"caption":"El Diario - Decano de la prensa nacional"},"image":{"@id":"https:\/\/www.eldiario.net\/portal\/#\/schema\/logo\/image\/"},"sameAs":["https:\/\/www.facebook.com\/eldiario.bolivia\/","https:\/\/x.com\/eldiario_net"]},{"@type":"Person","@id":"https:\/\/www.eldiario.net\/portal\/#\/schema\/person\/2c57cf2b7a7ae032e449e4c9b1019eac","name":"Jeanette","image":{"@type":"ImageObject","inLanguage":"es","@id":"https:\/\/secure.gravatar.com\/avatar\/3ea2118a5f7dad2b7138b1187a6b7ee55f160b9968b66013c3a3ef39dd7e5798?s=96&d=mm&r=g","url":"https:\/\/secure.gravatar.com\/avatar\/3ea2118a5f7dad2b7138b1187a6b7ee55f160b9968b66013c3a3ef39dd7e5798?s=96&d=mm&r=g","contentUrl":"https:\/\/secure.gravatar.com\/avatar\/3ea2118a5f7dad2b7138b1187a6b7ee55f160b9968b66013c3a3ef39dd7e5798?s=96&d=mm&r=g","caption":"Jeanette"},"sameAs":["https:\/\/www.eldiario.net\/portal"],"url":"https:\/\/www.eldiario.net\/portal\/author\/jeanette\/"}]}},"_links":{"self":[{"href":"https:\/\/www.eldiario.net\/portal\/wp-json\/wp\/v2\/posts\/172518","targetHints":{"allow":["GET"]}}],"collection":[{"href":"https:\/\/www.eldiario.net\/portal\/wp-json\/wp\/v2\/posts"}],"about":[{"href":"https:\/\/www.eldiario.net\/portal\/wp-json\/wp\/v2\/types\/post"}],"author":[{"embeddable":true,"href":"https:\/\/www.eldiario.net\/portal\/wp-json\/wp\/v2\/users\/1"}],"replies":[{"embeddable":true,"href":"https:\/\/www.eldiario.net\/portal\/wp-json\/wp\/v2\/comments?post=172518"}],"version-history":[{"count":0,"href":"https:\/\/www.eldiario.net\/portal\/wp-json\/wp\/v2\/posts\/172518\/revisions"}],"wp:attachment":[{"href":"https:\/\/www.eldiario.net\/portal\/wp-json\/wp\/v2\/media?parent=172518"}],"wp:term":[{"taxonomy":"category","embeddable":true,"href":"https:\/\/www.eldiario.net\/portal\/wp-json\/wp\/v2\/categories?post=172518"},{"taxonomy":"post_tag","embeddable":true,"href":"https:\/\/www.eldiario.net\/portal\/wp-json\/wp\/v2\/tags?post=172518"}],"curies":[{"name":"wp","href":"https:\/\/api.w.org\/{rel}","templated":true}]}}