{"id":172514,"date":"2023-08-23T06:10:18","date_gmt":"2023-08-23T10:10:18","guid":{"rendered":"https:\/\/www.eldiario.net\/portal\/?p=172514"},"modified":"2023-08-23T06:10:18","modified_gmt":"2023-08-23T10:10:18","slug":"bajan-fondos-de-la-renta-dignidad-y-piden-a-gestora-cubrir-el-saldo","status":"publish","type":"post","link":"https:\/\/www.eldiario.net\/portal\/2023\/08\/23\/bajan-fondos-de-la-renta-dignidad-y-piden-a-gestora-cubrir-el-saldo\/","title":{"rendered":"Bajan fondos de la Renta Dignidad  y piden a Gestora cubrir el saldo"},"content":{"rendered":"<p>Ya advirtieron economistas sobre el papel que cumplir\u00eda la Gestora, su caja chica del gobierno para cubrir los recursos que le falten. Ahora, ante la ca\u00edda de los fondos para pagar la Renta Dignidad a trav\u00e9s de un decreto obliga a la Gestora a cubrir el saldo con las utilidades que genere la renta de los jubilados, debido a la ca\u00edda de la producci\u00f3n del gas y la reducci\u00f3n de los ingresos, de acuerdo a economistas.<br \/>\nEl economista Dante Pino escribi\u00f3 en su cuenta @dantenapuco, alerta jubilados, \u201clos fondos de la Renta Dignidad han ca\u00eddo en 69%, de 12 millones de bolivianos que ten\u00eda el 2015 para el 2021 tiene 4 millones. Los rentistas aumentan y el fondo disminuye. Para cubrir el faltante, el gobierno ha emitido un DS 4716 que autoriza a la Gestora a cubrir el saldo con las utilidades que genere\u201d.<br \/>\nEs decir, los jubilados pagar\u00e1n a los rentistas su Bono. La Gestora depende del gobierno y este es el principal deudor que tiene. Las rentas jubilatorias est\u00e1n en peligro. Se\u00f1ales claras de los efectos que tiene la disminuci\u00f3n de ingresos por IEDH. Si no reaccionamos a tiempo los costos ser\u00e1n impagables, advierte.<br \/>\nMientras el ejecutivo de la Fundaci\u00f3n Tierra, Gonzalo Flores, escribi\u00f3 en su @DonGonchi: Es decir, que los que ahorraron durante a\u00f1os (los jubilados y los que contribuyen actualmente), pagar\u00e1n los bonos de los que no ahorraron casi nunca, pero son capaces de hacer marchas exigiendo sus \u201cderechos\u201d. As\u00ed es el socialismo\u201d.<br \/>\nAumento<br \/>\nEntretanto, una nota de prensa de la Gestora P\u00fablica informa que \u00abdesde su creaci\u00f3n, en 2007, a julio de 2023, la cantidad de beneficiarios de la Renta Dignidad pas\u00f3 de 752.338 adultos mayores a 1.158.501, esta cantidad equivale al 10 % de toda la poblaci\u00f3n boliviana\u00bb.<br \/>\nLa Renta Dignidad, creada por disposici\u00f3n de la Ley N\u00ba 3791, es un pago mensual, universal y vitalicio que provee el Estado a las personas de 60 a\u00f1os o m\u00e1s, residentes en el pa\u00eds, con el objetivo de proporcionarles una vejez digna.<br \/>\nEn el gobierno de Gonzalo S\u00e1nchez de Lozada ten\u00eda el nombre de Bono Sol y ten\u00eda que ser cubierto con las utilidades de las empresas capitalizadas, pero tuvo que acudir a las Administradoras de Fondos de Pensiones para cumplir con el pago, debido a que los recursos no alcanzaban.<br \/>\nAhora, la Gestora se\u00f1al\u00f3 que la Renta Dignidad se financia con el 30% del Impuesto Directo a los Hidrocarburos, una proporci\u00f3n de los dividendos de las empresas p\u00fablicas capitalizadas y no nacionalizadas, recursos provenientes de la Empresa Nacional de Telecomunicaciones (ENTEL), la Autoridad de Regulaci\u00f3n y Fiscalizaci\u00f3n de Transportes y Telecomunicaciones (ATT) y las inversiones que realiza el Fondo de Renta Universal de Vejez (FRUV).<br \/>\nEl bolet\u00edn de prensa de la Gestora asegura que en 2022 el Impuesto Directo a los Hidrocarburos (IDH) para la Renta Dignidad fue de 1.583 millones de bolivianos, monto superior en 30% a lo obtenido en 2021 que lleg\u00f3 a 1.218 millones. En cuantos a los dividendos de las empresas nacionalizadas llegaron a 1.082 millones, mientras que en 2021 llegaron a 635 millones, ello quiere decir, que se incrementaron en 70%. Entre las empresas aportantes est\u00e1n las subsidiarias de la Empresa Nacional de Electricidad (ENDE) y Yacimientos Petrol\u00edferos Fiscales Bolivianos (YPFB).<br \/>\nPanorama energ\u00e9tico<br \/>\nPino escribi\u00f3 en su @dantenapuco, con datos de GELA, que \u00aben el 2024 dejamos de exportar gas a Argentina y 2029 a Brasil. El a\u00f1o 2022, tenemos un d\u00e9ficit energ\u00e9tico de 1.300 millones de d\u00f3lares. El a\u00f1o 2029 este d\u00e9ficit ser\u00e1 de 5.700 millones. Ese a\u00f1o vamos a importar todos los combustibles. #Laguerradelgas nos quit\u00f3 el futuro energ\u00e9tico, la democracia y la justicia. Los autores, que deb\u00edan rendir cuentas al pa\u00eds por esto, est\u00e1n peleando por prolongarse: @LuchoxBoliviia y @evoespueblo\u00bb.<br \/>\nMientras el analista de la Fundaci\u00f3n Jubileo, Ra\u00fal Vel\u00e1squez, escribi\u00f3 en su @RaulVelag que \u201cla producci\u00f3n de gas cay\u00f3 en -39% entre 2015 y 2023 y con ello las exportaciones. La producci\u00f3n de l\u00edquidos el 2014 era de 62 mil barriles d\u00eda (ya import\u00e1bamos combustibles), en julio 2023 lleg\u00f3 solo a 31 mil barriles, es decir, la mitad. Se requieren ajustes estructurales\u201d.<br \/>\nEn una de sus intervenciones, Margaret Thacher escribi\u00f3: \u201cSi el Estado quiere gastar m\u00e1s dinero, s\u00f3lo puede hacerlo endeudando tus ahorros o aumentando tus impuestos. No es correcto pensar que alguien lo pagar\u00e1. Ese \u2018alguien\u2019 eres t\u00fa. No hay \u2018dinero p\u00fablico\u2019 s\u00f3lo hay dinero de los \u2018contribuyentes\u201d.<br \/>\nEn su momento, el gerente general de la Gestora P\u00fablica, Jaime Dur\u00e1n, indic\u00f3 que existen varios candados para un buen manejo de los recursos de los jubilados, pero el economista Gonzalo Ch\u00e1vez, indic\u00f3 al respecto, que la llave lo tiene el gobierno y funcionarios del Movimiento Al Socialismo (MAS).<br \/>\nUna de las sugerencias de expertos en el tema apuntaba a que se abra el mercado de pensiones al sector privado, como lo hizo Chile, que tiene una estatal y una privada, debido a que son recursos privados.<br \/>\nTambi\u00e9n apuntan a la reducci\u00f3n de la informalidad laboral, que permitir\u00eda contar con mayores contribuyentes al SIP y mejorar, paralelamente, las jubilaciones de la poblaci\u00f3n retirada.<br \/>\nEn el antiguo sistema de pensiones, el trabajo de siete personas aportaba para la jubilaci\u00f3n de una persona, pero con el tiempo este se fue reduciendo, as\u00ed como la rentabilidad de la plata de los jubilados.<br \/>\nArt\u00edculo<br \/>\nEl DS en su art\u00edculo 2\u00b0.- (Modificaci\u00f3n) indica que \u00abse modifica el Par\u00e1grafo I del Art\u00edculo 12 del Anexo A del Decreto Supremo N\u00ba 2248, de 14 de enero de 2015, modificado por el Par\u00e1grafo I del Art\u00edculo 3 del Decreto Supremo N\u00ba 2802, de 15 de junio de 2016, con el siguiente texto:<br \/>\n\u00abI. Las utilidades que genere la Gestora por las actividades de administraci\u00f3n, ser\u00e1n destinadas conforme a reglamentaci\u00f3n emitida por el Directorio, debiendo considerar previamente las reinversiones necesarias e inversiones tanto en infraestructura, en la operativa administrativa, en sistemas u otra necesaria para su desenvolvimiento, cumplir las obligaciones con el Tesoro General de la Naci\u00f3n &#8211; TGN y constituir la Reserva Legal; asimismo, podr\u00e1n ser transferidas al Fondo Solidario y\/o al Fondo de la Renta Universal de Vejez\u00bb.<\/p>\n<div id='gallery-1' class='gallery galleryid-172514 gallery-columns-3 gallery-size-medium'><figure class='gallery-item'>\n\t\t\t<div class='gallery-icon landscape'>\n\t\t\t\t<a href='https:\/\/www.eldiario.net\/portal\/2023\/08\/23\/bajan-fondos-de-la-renta-dignidad-y-piden-a-gestora-cubrir-el-saldo\/renta-1\/'><img loading=\"lazy\" decoding=\"async\" width=\"300\" height=\"166\" src=\"https:\/\/www.eldiario.net\/portal\/wp-content\/uploads\/2023\/08\/renta-1-300x166.jpg\" class=\"attachment-medium size-medium\" alt=\"\" srcset=\"https:\/\/www.eldiario.net\/portal\/wp-content\/uploads\/2023\/08\/renta-1-300x166.jpg 300w, https:\/\/www.eldiario.net\/portal\/wp-content\/uploads\/2023\/08\/renta-1-696x385.jpg 696w, https:\/\/www.eldiario.net\/portal\/wp-content\/uploads\/2023\/08\/renta-1.jpg 700w\" sizes=\"auto, (max-width: 300px) 100vw, 300px\" \/><\/a>\n\t\t\t<\/div><\/figure><figure class='gallery-item'>\n\t\t\t<div class='gallery-icon landscape'>\n\t\t\t\t<a href='https:\/\/www.eldiario.net\/portal\/2023\/08\/23\/bajan-fondos-de-la-renta-dignidad-y-piden-a-gestora-cubrir-el-saldo\/renta-2\/'><img loading=\"lazy\" decoding=\"async\" width=\"300\" height=\"163\" src=\"https:\/\/www.eldiario.net\/portal\/wp-content\/uploads\/2023\/08\/renta-2-300x163.jpg\" class=\"attachment-medium size-medium\" alt=\"\" srcset=\"https:\/\/www.eldiario.net\/portal\/wp-content\/uploads\/2023\/08\/renta-2-300x163.jpg 300w, https:\/\/www.eldiario.net\/portal\/wp-content\/uploads\/2023\/08\/renta-2-696x379.jpg 696w, https:\/\/www.eldiario.net\/portal\/wp-content\/uploads\/2023\/08\/renta-2.jpg 700w\" sizes=\"auto, (max-width: 300px) 100vw, 300px\" \/><\/a>\n\t\t\t<\/div><\/figure>\n\t\t<\/div>\n\n","protected":false},"excerpt":{"rendered":"<p>Ya advirtieron economistas sobre el papel que cumplir\u00eda la Gestora, su caja chica del gobierno para cubrir los recursos que le falten. Ahora, ante la ca\u00edda de los fondos para pagar la Renta Dignidad a trav\u00e9s de un decreto obliga a la Gestora a cubrir el saldo con las utilidades que genere la renta de [&hellip;]<\/p>\n","protected":false},"author":1,"featured_media":172515,"comment_status":"closed","ping_status":"open","sticky":false,"template":"","format":"standard","meta":{"_acf_changed":false,"footnotes":""},"categories":[7],"tags":[],"class_list":["post-172514","post","type-post","status-publish","format-standard","has-post-thumbnail","category-economia"],"acf":{"antetitulo":""},"yoast_head":"<!-- This site is optimized with the Yoast SEO plugin v28.4 - https:\/\/yoast.com\/product\/yoast-seo-wordpress\/ -->\n<title>Bajan fondos de la Renta Dignidad y piden a Gestora cubrir el saldo - El Diario - Bolivia<\/title>\n<meta name=\"robots\" content=\"index, follow, max-snippet:-1, max-image-preview:large, max-video-preview:-1\" \/>\n<link rel=\"canonical\" href=\"https:\/\/www.eldiario.net\/portal\/2023\/08\/23\/bajan-fondos-de-la-renta-dignidad-y-piden-a-gestora-cubrir-el-saldo\/\" \/>\n<meta property=\"og:locale\" content=\"es_ES\" \/>\n<meta property=\"og:type\" content=\"article\" \/>\n<meta property=\"og:title\" content=\"Bajan fondos de la Renta Dignidad y piden a Gestora cubrir el saldo - El Diario - Bolivia\" \/>\n<meta property=\"og:description\" content=\"Ya advirtieron economistas sobre el papel que cumplir\u00eda la Gestora, su caja chica del gobierno para cubrir los recursos que le falten. Ahora, ante la ca\u00edda de los fondos para pagar la Renta Dignidad a trav\u00e9s de un decreto obliga a la Gestora a cubrir el saldo con las utilidades que genere la renta de [&hellip;]\" \/>\n<meta property=\"og:url\" content=\"https:\/\/www.eldiario.net\/portal\/2023\/08\/23\/bajan-fondos-de-la-renta-dignidad-y-piden-a-gestora-cubrir-el-saldo\/\" \/>\n<meta property=\"og:site_name\" content=\"El Diario - Bolivia\" \/>\n<meta property=\"article:publisher\" content=\"https:\/\/www.facebook.com\/eldiario.bolivia\/\" \/>\n<meta property=\"article:published_time\" content=\"2023-08-23T10:10:18+00:00\" \/>\n<meta property=\"og:image\" content=\"https:\/\/www.eldiario.net\/portal\/wp-content\/uploads\/2023\/08\/renta-1.jpg\" \/>\n\t<meta property=\"og:image:width\" content=\"700\" \/>\n\t<meta property=\"og:image:height\" content=\"387\" \/>\n\t<meta property=\"og:image:type\" content=\"image\/jpeg\" \/>\n<meta name=\"author\" content=\"Jeanette\" \/>\n<meta name=\"twitter:card\" content=\"summary_large_image\" \/>\n<meta name=\"twitter:creator\" content=\"@eldiario_net\" \/>\n<meta name=\"twitter:site\" content=\"@eldiario_net\" \/>\n<meta name=\"twitter:label1\" content=\"Escrito por\" \/>\n\t<meta name=\"twitter:data1\" content=\"Jeanette\" \/>\n\t<meta name=\"twitter:label2\" content=\"Tiempo de lectura\" \/>\n\t<meta name=\"twitter:data2\" content=\"5 minutos\" \/>\n<script type=\"application\/ld+json\" class=\"yoast-schema-graph\">{\"@context\":\"https:\\\/\\\/schema.org\",\"@graph\":[{\"@type\":\"Article\",\"@id\":\"https:\\\/\\\/www.eldiario.net\\\/portal\\\/2023\\\/08\\\/23\\\/bajan-fondos-de-la-renta-dignidad-y-piden-a-gestora-cubrir-el-saldo\\\/#article\",\"isPartOf\":{\"@id\":\"https:\\\/\\\/www.eldiario.net\\\/portal\\\/2023\\\/08\\\/23\\\/bajan-fondos-de-la-renta-dignidad-y-piden-a-gestora-cubrir-el-saldo\\\/\"},\"author\":{\"name\":\"Jeanette\",\"@id\":\"https:\\\/\\\/www.eldiario.net\\\/portal\\\/#\\\/schema\\\/person\\\/2c57cf2b7a7ae032e449e4c9b1019eac\"},\"headline\":\"Bajan fondos de la Renta Dignidad y piden a Gestora cubrir el saldo\",\"datePublished\":\"2023-08-23T10:10:18+00:00\",\"mainEntityOfPage\":{\"@id\":\"https:\\\/\\\/www.eldiario.net\\\/portal\\\/2023\\\/08\\\/23\\\/bajan-fondos-de-la-renta-dignidad-y-piden-a-gestora-cubrir-el-saldo\\\/\"},\"wordCount\":1065,\"publisher\":{\"@id\":\"https:\\\/\\\/www.eldiario.net\\\/portal\\\/#organization\"},\"image\":{\"@id\":\"https:\\\/\\\/www.eldiario.net\\\/portal\\\/2023\\\/08\\\/23\\\/bajan-fondos-de-la-renta-dignidad-y-piden-a-gestora-cubrir-el-saldo\\\/#primaryimage\"},\"thumbnailUrl\":\"https:\\\/\\\/www.eldiario.net\\\/portal\\\/wp-content\\\/uploads\\\/2023\\\/08\\\/renta-1.jpg\",\"articleSection\":[\"Econom\u00eda\"],\"inLanguage\":\"es\"},{\"@type\":\"WebPage\",\"@id\":\"https:\\\/\\\/www.eldiario.net\\\/portal\\\/2023\\\/08\\\/23\\\/bajan-fondos-de-la-renta-dignidad-y-piden-a-gestora-cubrir-el-saldo\\\/\",\"url\":\"https:\\\/\\\/www.eldiario.net\\\/portal\\\/2023\\\/08\\\/23\\\/bajan-fondos-de-la-renta-dignidad-y-piden-a-gestora-cubrir-el-saldo\\\/\",\"name\":\"Bajan fondos de la Renta Dignidad y piden a Gestora cubrir el saldo - El Diario - Bolivia\",\"isPartOf\":{\"@id\":\"https:\\\/\\\/www.eldiario.net\\\/portal\\\/#website\"},\"primaryImageOfPage\":{\"@id\":\"https:\\\/\\\/www.eldiario.net\\\/portal\\\/2023\\\/08\\\/23\\\/bajan-fondos-de-la-renta-dignidad-y-piden-a-gestora-cubrir-el-saldo\\\/#primaryimage\"},\"image\":{\"@id\":\"https:\\\/\\\/www.eldiario.net\\\/portal\\\/2023\\\/08\\\/23\\\/bajan-fondos-de-la-renta-dignidad-y-piden-a-gestora-cubrir-el-saldo\\\/#primaryimage\"},\"thumbnailUrl\":\"https:\\\/\\\/www.eldiario.net\\\/portal\\\/wp-content\\\/uploads\\\/2023\\\/08\\\/renta-1.jpg\",\"datePublished\":\"2023-08-23T10:10:18+00:00\",\"breadcrumb\":{\"@id\":\"https:\\\/\\\/www.eldiario.net\\\/portal\\\/2023\\\/08\\\/23\\\/bajan-fondos-de-la-renta-dignidad-y-piden-a-gestora-cubrir-el-saldo\\\/#breadcrumb\"},\"inLanguage\":\"es\",\"potentialAction\":[{\"@type\":\"ReadAction\",\"target\":[\"https:\\\/\\\/www.eldiario.net\\\/portal\\\/2023\\\/08\\\/23\\\/bajan-fondos-de-la-renta-dignidad-y-piden-a-gestora-cubrir-el-saldo\\\/\"]}]},{\"@type\":\"ImageObject\",\"inLanguage\":\"es\",\"@id\":\"https:\\\/\\\/www.eldiario.net\\\/portal\\\/2023\\\/08\\\/23\\\/bajan-fondos-de-la-renta-dignidad-y-piden-a-gestora-cubrir-el-saldo\\\/#primaryimage\",\"url\":\"https:\\\/\\\/www.eldiario.net\\\/portal\\\/wp-content\\\/uploads\\\/2023\\\/08\\\/renta-1.jpg\",\"contentUrl\":\"https:\\\/\\\/www.eldiario.net\\\/portal\\\/wp-content\\\/uploads\\\/2023\\\/08\\\/renta-1.jpg\",\"width\":700,\"height\":387},{\"@type\":\"BreadcrumbList\",\"@id\":\"https:\\\/\\\/www.eldiario.net\\\/portal\\\/2023\\\/08\\\/23\\\/bajan-fondos-de-la-renta-dignidad-y-piden-a-gestora-cubrir-el-saldo\\\/#breadcrumb\",\"itemListElement\":[{\"@type\":\"ListItem\",\"position\":1,\"name\":\"Portada\",\"item\":\"https:\\\/\\\/www.eldiario.net\\\/portal\\\/\"},{\"@type\":\"ListItem\",\"position\":2,\"name\":\"Bajan fondos de la Renta Dignidad y piden a Gestora cubrir el saldo\"}]},{\"@type\":\"WebSite\",\"@id\":\"https:\\\/\\\/www.eldiario.net\\\/portal\\\/#website\",\"url\":\"https:\\\/\\\/www.eldiario.net\\\/portal\\\/\",\"name\":\"El Diario - Decano de la prensa nacional\",\"description\":\"El Diario - Decano de la prensa nacional\",\"publisher\":{\"@id\":\"https:\\\/\\\/www.eldiario.net\\\/portal\\\/#organization\"},\"potentialAction\":[{\"@type\":\"SearchAction\",\"target\":{\"@type\":\"EntryPoint\",\"urlTemplate\":\"https:\\\/\\\/www.eldiario.net\\\/portal\\\/?s={search_term_string}\"},\"query-input\":{\"@type\":\"PropertyValueSpecification\",\"valueRequired\":true,\"valueName\":\"search_term_string\"}}],\"inLanguage\":\"es\"},{\"@type\":\"Organization\",\"@id\":\"https:\\\/\\\/www.eldiario.net\\\/portal\\\/#organization\",\"name\":\"El Diario - Decano de la prensa nacional\",\"url\":\"https:\\\/\\\/www.eldiario.net\\\/portal\\\/\",\"logo\":{\"@type\":\"ImageObject\",\"inLanguage\":\"es\",\"@id\":\"https:\\\/\\\/www.eldiario.net\\\/portal\\\/#\\\/schema\\\/logo\\\/image\\\/\",\"url\":\"https:\\\/\\\/www.eldiario.net\\\/portal\\\/wp-content\\\/uploads\\\/2023\\\/07\\\/logo_ED.jpg\",\"contentUrl\":\"https:\\\/\\\/www.eldiario.net\\\/portal\\\/wp-content\\\/uploads\\\/2023\\\/07\\\/logo_ED.jpg\",\"width\":272,\"height\":52,\"caption\":\"El Diario - Decano de la prensa nacional\"},\"image\":{\"@id\":\"https:\\\/\\\/www.eldiario.net\\\/portal\\\/#\\\/schema\\\/logo\\\/image\\\/\"},\"sameAs\":[\"https:\\\/\\\/www.facebook.com\\\/eldiario.bolivia\\\/\",\"https:\\\/\\\/x.com\\\/eldiario_net\"]},{\"@type\":\"Person\",\"@id\":\"https:\\\/\\\/www.eldiario.net\\\/portal\\\/#\\\/schema\\\/person\\\/2c57cf2b7a7ae032e449e4c9b1019eac\",\"name\":\"Jeanette\",\"image\":{\"@type\":\"ImageObject\",\"inLanguage\":\"es\",\"@id\":\"https:\\\/\\\/secure.gravatar.com\\\/avatar\\\/3ea2118a5f7dad2b7138b1187a6b7ee55f160b9968b66013c3a3ef39dd7e5798?s=96&d=mm&r=g\",\"url\":\"https:\\\/\\\/secure.gravatar.com\\\/avatar\\\/3ea2118a5f7dad2b7138b1187a6b7ee55f160b9968b66013c3a3ef39dd7e5798?s=96&d=mm&r=g\",\"contentUrl\":\"https:\\\/\\\/secure.gravatar.com\\\/avatar\\\/3ea2118a5f7dad2b7138b1187a6b7ee55f160b9968b66013c3a3ef39dd7e5798?s=96&d=mm&r=g\",\"caption\":\"Jeanette\"},\"sameAs\":[\"https:\\\/\\\/www.eldiario.net\\\/portal\"],\"url\":\"https:\\\/\\\/www.eldiario.net\\\/portal\\\/author\\\/jeanette\\\/\"}]}<\/script>\n<!-- \/ Yoast SEO plugin. -->","yoast_head_json":{"title":"Bajan fondos de la Renta Dignidad y piden a Gestora cubrir el saldo - El Diario - Bolivia","robots":{"index":"index","follow":"follow","max-snippet":"max-snippet:-1","max-image-preview":"max-image-preview:large","max-video-preview":"max-video-preview:-1"},"canonical":"https:\/\/www.eldiario.net\/portal\/2023\/08\/23\/bajan-fondos-de-la-renta-dignidad-y-piden-a-gestora-cubrir-el-saldo\/","og_locale":"es_ES","og_type":"article","og_title":"Bajan fondos de la Renta Dignidad y piden a Gestora cubrir el saldo - El Diario - Bolivia","og_description":"Ya advirtieron economistas sobre el papel que cumplir\u00eda la Gestora, su caja chica del gobierno para cubrir los recursos que le falten. Ahora, ante la ca\u00edda de los fondos para pagar la Renta Dignidad a trav\u00e9s de un decreto obliga a la Gestora a cubrir el saldo con las utilidades que genere la renta de [&hellip;]","og_url":"https:\/\/www.eldiario.net\/portal\/2023\/08\/23\/bajan-fondos-de-la-renta-dignidad-y-piden-a-gestora-cubrir-el-saldo\/","og_site_name":"El Diario - Bolivia","article_publisher":"https:\/\/www.facebook.com\/eldiario.bolivia\/","article_published_time":"2023-08-23T10:10:18+00:00","og_image":[{"width":700,"height":387,"url":"https:\/\/www.eldiario.net\/portal\/wp-content\/uploads\/2023\/08\/renta-1.jpg","type":"image\/jpeg"}],"author":"Jeanette","twitter_card":"summary_large_image","twitter_creator":"@eldiario_net","twitter_site":"@eldiario_net","twitter_misc":{"Escrito por":"Jeanette","Tiempo de lectura":"5 minutos"},"schema":{"@context":"https:\/\/schema.org","@graph":[{"@type":"Article","@id":"https:\/\/www.eldiario.net\/portal\/2023\/08\/23\/bajan-fondos-de-la-renta-dignidad-y-piden-a-gestora-cubrir-el-saldo\/#article","isPartOf":{"@id":"https:\/\/www.eldiario.net\/portal\/2023\/08\/23\/bajan-fondos-de-la-renta-dignidad-y-piden-a-gestora-cubrir-el-saldo\/"},"author":{"name":"Jeanette","@id":"https:\/\/www.eldiario.net\/portal\/#\/schema\/person\/2c57cf2b7a7ae032e449e4c9b1019eac"},"headline":"Bajan fondos de la Renta Dignidad y piden a Gestora cubrir el saldo","datePublished":"2023-08-23T10:10:18+00:00","mainEntityOfPage":{"@id":"https:\/\/www.eldiario.net\/portal\/2023\/08\/23\/bajan-fondos-de-la-renta-dignidad-y-piden-a-gestora-cubrir-el-saldo\/"},"wordCount":1065,"publisher":{"@id":"https:\/\/www.eldiario.net\/portal\/#organization"},"image":{"@id":"https:\/\/www.eldiario.net\/portal\/2023\/08\/23\/bajan-fondos-de-la-renta-dignidad-y-piden-a-gestora-cubrir-el-saldo\/#primaryimage"},"thumbnailUrl":"https:\/\/www.eldiario.net\/portal\/wp-content\/uploads\/2023\/08\/renta-1.jpg","articleSection":["Econom\u00eda"],"inLanguage":"es"},{"@type":"WebPage","@id":"https:\/\/www.eldiario.net\/portal\/2023\/08\/23\/bajan-fondos-de-la-renta-dignidad-y-piden-a-gestora-cubrir-el-saldo\/","url":"https:\/\/www.eldiario.net\/portal\/2023\/08\/23\/bajan-fondos-de-la-renta-dignidad-y-piden-a-gestora-cubrir-el-saldo\/","name":"Bajan fondos de la Renta Dignidad y piden a Gestora cubrir el saldo - El Diario - Bolivia","isPartOf":{"@id":"https:\/\/www.eldiario.net\/portal\/#website"},"primaryImageOfPage":{"@id":"https:\/\/www.eldiario.net\/portal\/2023\/08\/23\/bajan-fondos-de-la-renta-dignidad-y-piden-a-gestora-cubrir-el-saldo\/#primaryimage"},"image":{"@id":"https:\/\/www.eldiario.net\/portal\/2023\/08\/23\/bajan-fondos-de-la-renta-dignidad-y-piden-a-gestora-cubrir-el-saldo\/#primaryimage"},"thumbnailUrl":"https:\/\/www.eldiario.net\/portal\/wp-content\/uploads\/2023\/08\/renta-1.jpg","datePublished":"2023-08-23T10:10:18+00:00","breadcrumb":{"@id":"https:\/\/www.eldiario.net\/portal\/2023\/08\/23\/bajan-fondos-de-la-renta-dignidad-y-piden-a-gestora-cubrir-el-saldo\/#breadcrumb"},"inLanguage":"es","potentialAction":[{"@type":"ReadAction","target":["https:\/\/www.eldiario.net\/portal\/2023\/08\/23\/bajan-fondos-de-la-renta-dignidad-y-piden-a-gestora-cubrir-el-saldo\/"]}]},{"@type":"ImageObject","inLanguage":"es","@id":"https:\/\/www.eldiario.net\/portal\/2023\/08\/23\/bajan-fondos-de-la-renta-dignidad-y-piden-a-gestora-cubrir-el-saldo\/#primaryimage","url":"https:\/\/www.eldiario.net\/portal\/wp-content\/uploads\/2023\/08\/renta-1.jpg","contentUrl":"https:\/\/www.eldiario.net\/portal\/wp-content\/uploads\/2023\/08\/renta-1.jpg","width":700,"height":387},{"@type":"BreadcrumbList","@id":"https:\/\/www.eldiario.net\/portal\/2023\/08\/23\/bajan-fondos-de-la-renta-dignidad-y-piden-a-gestora-cubrir-el-saldo\/#breadcrumb","itemListElement":[{"@type":"ListItem","position":1,"name":"Portada","item":"https:\/\/www.eldiario.net\/portal\/"},{"@type":"ListItem","position":2,"name":"Bajan fondos de la Renta Dignidad y piden a Gestora cubrir el saldo"}]},{"@type":"WebSite","@id":"https:\/\/www.eldiario.net\/portal\/#website","url":"https:\/\/www.eldiario.net\/portal\/","name":"El Diario - Decano de la prensa nacional","description":"El Diario - Decano de la prensa nacional","publisher":{"@id":"https:\/\/www.eldiario.net\/portal\/#organization"},"potentialAction":[{"@type":"SearchAction","target":{"@type":"EntryPoint","urlTemplate":"https:\/\/www.eldiario.net\/portal\/?s={search_term_string}"},"query-input":{"@type":"PropertyValueSpecification","valueRequired":true,"valueName":"search_term_string"}}],"inLanguage":"es"},{"@type":"Organization","@id":"https:\/\/www.eldiario.net\/portal\/#organization","name":"El Diario - Decano de la prensa nacional","url":"https:\/\/www.eldiario.net\/portal\/","logo":{"@type":"ImageObject","inLanguage":"es","@id":"https:\/\/www.eldiario.net\/portal\/#\/schema\/logo\/image\/","url":"https:\/\/www.eldiario.net\/portal\/wp-content\/uploads\/2023\/07\/logo_ED.jpg","contentUrl":"https:\/\/www.eldiario.net\/portal\/wp-content\/uploads\/2023\/07\/logo_ED.jpg","width":272,"height":52,"caption":"El Diario - Decano de la prensa nacional"},"image":{"@id":"https:\/\/www.eldiario.net\/portal\/#\/schema\/logo\/image\/"},"sameAs":["https:\/\/www.facebook.com\/eldiario.bolivia\/","https:\/\/x.com\/eldiario_net"]},{"@type":"Person","@id":"https:\/\/www.eldiario.net\/portal\/#\/schema\/person\/2c57cf2b7a7ae032e449e4c9b1019eac","name":"Jeanette","image":{"@type":"ImageObject","inLanguage":"es","@id":"https:\/\/secure.gravatar.com\/avatar\/3ea2118a5f7dad2b7138b1187a6b7ee55f160b9968b66013c3a3ef39dd7e5798?s=96&d=mm&r=g","url":"https:\/\/secure.gravatar.com\/avatar\/3ea2118a5f7dad2b7138b1187a6b7ee55f160b9968b66013c3a3ef39dd7e5798?s=96&d=mm&r=g","contentUrl":"https:\/\/secure.gravatar.com\/avatar\/3ea2118a5f7dad2b7138b1187a6b7ee55f160b9968b66013c3a3ef39dd7e5798?s=96&d=mm&r=g","caption":"Jeanette"},"sameAs":["https:\/\/www.eldiario.net\/portal"],"url":"https:\/\/www.eldiario.net\/portal\/author\/jeanette\/"}]}},"_links":{"self":[{"href":"https:\/\/www.eldiario.net\/portal\/wp-json\/wp\/v2\/posts\/172514","targetHints":{"allow":["GET"]}}],"collection":[{"href":"https:\/\/www.eldiario.net\/portal\/wp-json\/wp\/v2\/posts"}],"about":[{"href":"https:\/\/www.eldiario.net\/portal\/wp-json\/wp\/v2\/types\/post"}],"author":[{"embeddable":true,"href":"https:\/\/www.eldiario.net\/portal\/wp-json\/wp\/v2\/users\/1"}],"replies":[{"embeddable":true,"href":"https:\/\/www.eldiario.net\/portal\/wp-json\/wp\/v2\/comments?post=172514"}],"version-history":[{"count":0,"href":"https:\/\/www.eldiario.net\/portal\/wp-json\/wp\/v2\/posts\/172514\/revisions"}],"wp:featuredmedia":[{"embeddable":true,"href":"https:\/\/www.eldiario.net\/portal\/wp-json\/wp\/v2\/media\/172515"}],"wp:attachment":[{"href":"https:\/\/www.eldiario.net\/portal\/wp-json\/wp\/v2\/media?parent=172514"}],"wp:term":[{"taxonomy":"category","embeddable":true,"href":"https:\/\/www.eldiario.net\/portal\/wp-json\/wp\/v2\/categories?post=172514"},{"taxonomy":"post_tag","embeddable":true,"href":"https:\/\/www.eldiario.net\/portal\/wp-json\/wp\/v2\/tags?post=172514"}],"curies":[{"name":"wp","href":"https:\/\/api.w.org\/{rel}","templated":true}]}}