{"id":172511,"date":"2023-08-23T06:09:22","date_gmt":"2023-08-23T10:09:22","guid":{"rendered":"https:\/\/www.eldiario.net\/portal\/?p=172511"},"modified":"2023-08-23T06:09:22","modified_gmt":"2023-08-23T10:09:22","slug":"pagan-cuota-a-tenedores-privados-de-bonos-sin-mencionar-las-fuentes","status":"publish","type":"post","link":"https:\/\/www.eldiario.net\/portal\/2023\/08\/23\/pagan-cuota-a-tenedores-privados-de-bonos-sin-mencionar-las-fuentes\/","title":{"rendered":"Pagan cuota a tenedores privados de bonos sin mencionar las fuentes"},"content":{"rendered":"<p>A trav\u00e9s de un comunicado el Banco Central de Bolivia (BCB) inform\u00f3 que, en aplicaci\u00f3n a sus atribuciones y en cumplimiento de las leyes, procedi\u00f3 al pago puntual de la \u00faltima cuota por 189 millones de d\u00f3lares a los tenedores privados del Bono Soberano, emitido en agosto de 2013. Pero no menciona las fuentes de financiamiento.<br \/>\nEl cumplimiento del pago es algo normal, pero extra\u00f1a que el pago este tan en el radar de las autoridades, pero no estamos en una situaci\u00f3n normal lo sabe el Banco Central de Bolivia (BCB), no es una situaci\u00f3n normal, reflexion\u00f3 el economista Gabriel Espinoza.<br \/>\nMencion\u00f3 que no se cuenta con informaci\u00f3n del nivel de reservas que tiene el BCB, pero Argentina con los grandes problemas que tiene mantiene pol\u00edtica de transparencia de los datos.<br \/>\nLament\u00f3 el p\u00e9simo manejo del BCB, (y que) lo normal resulta anormal.<br \/>\n\u00abEl Banco Central de Bolivia (BCB) comunica a la opini\u00f3n p\u00fablica que el d\u00eda de hoy (martes), en aplicaci\u00f3n a sus atribuciones constitucionales y en cumplimiento de las Leyes N\u00b0 1670 y N\u00b0 1503, procedi\u00f3 al pago puntual de la \u00faltima cuota por 189 millones de d\u00f3lares (capital m\u00e1s intereses) a los tenedores privados del Bono Soberano, emitido en agosto de 2013, que ten\u00eda como plazo de vencimiento este 22 de agosto de 2023\u00bb, indica un comunicado oficial.<br \/>\nEl pago final implica el cierre de adeudos por parte del pa\u00eds ante los acreedores privados de dicha emisi\u00f3n, por 500 millones de d\u00f3alres, aprobada mediante la Ley N\u00b0 317 del 11 de diciembre de 2012, \u00abLey del Presupuesto General del Estado \u00abGesti\u00f3n 2013\u00bb, situaci\u00f3n que demuestra la capacidad de la econom\u00eda boliviana para cumplir con las obligaciones contra\u00eddas en los mercados de capitales internacionales.<br \/>\nEl comunicado enfatiza en que, durante toda la gesti\u00f3n 2023, agosto fue el mes en el que el pa\u00eds deb\u00eda pagar el monto m\u00e1s elevado por el servicio de deuda externa, con 293 millones de d\u00f3lares, incluyendo la cuota por el Bono Soberano 2023.<br \/>\nFuentes<br \/>\nMientras tanto, el presidente del Colegio de Economistas de Tarija, Fernando Romero, lament\u00f3 que no haya informaci\u00f3n oficial de datos del BCB y record\u00f3 que los bonos soberanos son deuda p\u00fablica.<br \/>\nIndic\u00f3 que en el bolet\u00edn, se dice que se est\u00e1 pagando, pero no dice fuentes de financiamiento para el pago de la deuda p\u00fablica.<br \/>\nMencion\u00f3 que es algo \u201cnormal el pago de deudas con otras deudas\u201d, pero tambi\u00e9n hizo una explicaci\u00f3n de c\u00f3mo se podr\u00eda haber cumplido a falta de informaci\u00f3n oficial.<br \/>\nQue bien puede ser cancelada por deuda interna o externa, reflexion\u00f3 a tiempo de mencionar que no se sabe sobre el uso de las reservas de oro en f\u00edsico, si se monetiz\u00f3 o no.<br \/>\nPero tambi\u00e9n, se\u00f1ala que se podr\u00eda haber registrado movimiento de recursos de otras partidas presupuestarias, pero descart\u00f3 que se haya tocado dinero de los subsidios y bonos.<br \/>\nAs\u00ed mismo, mencion\u00f3 que otra posibilidad para el pago podr\u00eda obedecer a una reducci\u00f3n de la inversi\u00f3n p\u00fablica, por ello ser\u00eda interesante saber el nivel de ejecuci\u00f3n presupuestaria de esta partida.<br \/>\nHay varias alternativas para cumplir con el pago de la deuda, pero lo ideal era se\u00f1alar las fuentes de financiamiento, reiter\u00f3.<\/p>\n","protected":false},"excerpt":{"rendered":"<p>A trav\u00e9s de un comunicado el Banco Central de Bolivia (BCB) inform\u00f3 que, en aplicaci\u00f3n a sus atribuciones y en cumplimiento de las leyes, procedi\u00f3 al pago puntual de la \u00faltima cuota por 189 millones de d\u00f3lares a los tenedores privados del Bono Soberano, emitido en agosto de 2013. Pero no menciona las fuentes de [&hellip;]<\/p>\n","protected":false},"author":1,"featured_media":172512,"comment_status":"closed","ping_status":"open","sticky":false,"template":"","format":"standard","meta":{"_acf_changed":false,"footnotes":""},"categories":[7],"tags":[],"class_list":["post-172511","post","type-post","status-publish","format-standard","has-post-thumbnail","category-economia"],"acf":{"antetitulo":""},"yoast_head":"<!-- This site is optimized with the Yoast SEO plugin v28.4 - https:\/\/yoast.com\/product\/yoast-seo-wordpress\/ -->\n<title>Pagan cuota a tenedores privados de bonos sin mencionar las fuentes - El Diario - Bolivia<\/title>\n<meta name=\"robots\" content=\"index, follow, max-snippet:-1, max-image-preview:large, max-video-preview:-1\" \/>\n<link rel=\"canonical\" href=\"https:\/\/www.eldiario.net\/portal\/2023\/08\/23\/pagan-cuota-a-tenedores-privados-de-bonos-sin-mencionar-las-fuentes\/\" \/>\n<meta property=\"og:locale\" content=\"es_ES\" \/>\n<meta property=\"og:type\" content=\"article\" \/>\n<meta property=\"og:title\" content=\"Pagan cuota a tenedores privados de bonos sin mencionar las fuentes - El Diario - Bolivia\" \/>\n<meta property=\"og:description\" content=\"A trav\u00e9s de un comunicado el Banco Central de Bolivia (BCB) inform\u00f3 que, en aplicaci\u00f3n a sus atribuciones y en cumplimiento de las leyes, procedi\u00f3 al pago puntual de la \u00faltima cuota por 189 millones de d\u00f3lares a los tenedores privados del Bono Soberano, emitido en agosto de 2013. Pero no menciona las fuentes de [&hellip;]\" \/>\n<meta property=\"og:url\" content=\"https:\/\/www.eldiario.net\/portal\/2023\/08\/23\/pagan-cuota-a-tenedores-privados-de-bonos-sin-mencionar-las-fuentes\/\" \/>\n<meta property=\"og:site_name\" content=\"El Diario - Bolivia\" \/>\n<meta property=\"article:publisher\" content=\"https:\/\/www.facebook.com\/eldiario.bolivia\/\" \/>\n<meta property=\"article:published_time\" content=\"2023-08-23T10:09:22+00:00\" \/>\n<meta property=\"og:image\" content=\"https:\/\/www.eldiario.net\/portal\/wp-content\/uploads\/2023\/08\/pago-1.jpg\" \/>\n\t<meta property=\"og:image:width\" content=\"300\" \/>\n\t<meta property=\"og:image:height\" content=\"168\" \/>\n\t<meta property=\"og:image:type\" content=\"image\/jpeg\" \/>\n<meta name=\"author\" content=\"Jeanette\" \/>\n<meta name=\"twitter:card\" content=\"summary_large_image\" \/>\n<meta name=\"twitter:creator\" content=\"@eldiario_net\" \/>\n<meta name=\"twitter:site\" content=\"@eldiario_net\" \/>\n<meta name=\"twitter:label1\" content=\"Escrito por\" \/>\n\t<meta name=\"twitter:data1\" content=\"Jeanette\" \/>\n\t<meta name=\"twitter:label2\" content=\"Tiempo de lectura\" \/>\n\t<meta name=\"twitter:data2\" content=\"3 minutos\" \/>\n<script type=\"application\/ld+json\" class=\"yoast-schema-graph\">{\"@context\":\"https:\\\/\\\/schema.org\",\"@graph\":[{\"@type\":\"Article\",\"@id\":\"https:\\\/\\\/www.eldiario.net\\\/portal\\\/2023\\\/08\\\/23\\\/pagan-cuota-a-tenedores-privados-de-bonos-sin-mencionar-las-fuentes\\\/#article\",\"isPartOf\":{\"@id\":\"https:\\\/\\\/www.eldiario.net\\\/portal\\\/2023\\\/08\\\/23\\\/pagan-cuota-a-tenedores-privados-de-bonos-sin-mencionar-las-fuentes\\\/\"},\"author\":{\"name\":\"Jeanette\",\"@id\":\"https:\\\/\\\/www.eldiario.net\\\/portal\\\/#\\\/schema\\\/person\\\/2c57cf2b7a7ae032e449e4c9b1019eac\"},\"headline\":\"Pagan cuota a tenedores privados de bonos sin mencionar las fuentes\",\"datePublished\":\"2023-08-23T10:09:22+00:00\",\"mainEntityOfPage\":{\"@id\":\"https:\\\/\\\/www.eldiario.net\\\/portal\\\/2023\\\/08\\\/23\\\/pagan-cuota-a-tenedores-privados-de-bonos-sin-mencionar-las-fuentes\\\/\"},\"wordCount\":570,\"publisher\":{\"@id\":\"https:\\\/\\\/www.eldiario.net\\\/portal\\\/#organization\"},\"image\":{\"@id\":\"https:\\\/\\\/www.eldiario.net\\\/portal\\\/2023\\\/08\\\/23\\\/pagan-cuota-a-tenedores-privados-de-bonos-sin-mencionar-las-fuentes\\\/#primaryimage\"},\"thumbnailUrl\":\"https:\\\/\\\/www.eldiario.net\\\/portal\\\/wp-content\\\/uploads\\\/2023\\\/08\\\/pago-1.jpg\",\"articleSection\":[\"Econom\u00eda\"],\"inLanguage\":\"es\"},{\"@type\":\"WebPage\",\"@id\":\"https:\\\/\\\/www.eldiario.net\\\/portal\\\/2023\\\/08\\\/23\\\/pagan-cuota-a-tenedores-privados-de-bonos-sin-mencionar-las-fuentes\\\/\",\"url\":\"https:\\\/\\\/www.eldiario.net\\\/portal\\\/2023\\\/08\\\/23\\\/pagan-cuota-a-tenedores-privados-de-bonos-sin-mencionar-las-fuentes\\\/\",\"name\":\"Pagan cuota a tenedores privados de bonos sin mencionar las fuentes - El Diario - Bolivia\",\"isPartOf\":{\"@id\":\"https:\\\/\\\/www.eldiario.net\\\/portal\\\/#website\"},\"primaryImageOfPage\":{\"@id\":\"https:\\\/\\\/www.eldiario.net\\\/portal\\\/2023\\\/08\\\/23\\\/pagan-cuota-a-tenedores-privados-de-bonos-sin-mencionar-las-fuentes\\\/#primaryimage\"},\"image\":{\"@id\":\"https:\\\/\\\/www.eldiario.net\\\/portal\\\/2023\\\/08\\\/23\\\/pagan-cuota-a-tenedores-privados-de-bonos-sin-mencionar-las-fuentes\\\/#primaryimage\"},\"thumbnailUrl\":\"https:\\\/\\\/www.eldiario.net\\\/portal\\\/wp-content\\\/uploads\\\/2023\\\/08\\\/pago-1.jpg\",\"datePublished\":\"2023-08-23T10:09:22+00:00\",\"breadcrumb\":{\"@id\":\"https:\\\/\\\/www.eldiario.net\\\/portal\\\/2023\\\/08\\\/23\\\/pagan-cuota-a-tenedores-privados-de-bonos-sin-mencionar-las-fuentes\\\/#breadcrumb\"},\"inLanguage\":\"es\",\"potentialAction\":[{\"@type\":\"ReadAction\",\"target\":[\"https:\\\/\\\/www.eldiario.net\\\/portal\\\/2023\\\/08\\\/23\\\/pagan-cuota-a-tenedores-privados-de-bonos-sin-mencionar-las-fuentes\\\/\"]}]},{\"@type\":\"ImageObject\",\"inLanguage\":\"es\",\"@id\":\"https:\\\/\\\/www.eldiario.net\\\/portal\\\/2023\\\/08\\\/23\\\/pagan-cuota-a-tenedores-privados-de-bonos-sin-mencionar-las-fuentes\\\/#primaryimage\",\"url\":\"https:\\\/\\\/www.eldiario.net\\\/portal\\\/wp-content\\\/uploads\\\/2023\\\/08\\\/pago-1.jpg\",\"contentUrl\":\"https:\\\/\\\/www.eldiario.net\\\/portal\\\/wp-content\\\/uploads\\\/2023\\\/08\\\/pago-1.jpg\",\"width\":300,\"height\":168},{\"@type\":\"BreadcrumbList\",\"@id\":\"https:\\\/\\\/www.eldiario.net\\\/portal\\\/2023\\\/08\\\/23\\\/pagan-cuota-a-tenedores-privados-de-bonos-sin-mencionar-las-fuentes\\\/#breadcrumb\",\"itemListElement\":[{\"@type\":\"ListItem\",\"position\":1,\"name\":\"Portada\",\"item\":\"https:\\\/\\\/www.eldiario.net\\\/portal\\\/\"},{\"@type\":\"ListItem\",\"position\":2,\"name\":\"Pagan cuota a tenedores privados de bonos sin mencionar las fuentes\"}]},{\"@type\":\"WebSite\",\"@id\":\"https:\\\/\\\/www.eldiario.net\\\/portal\\\/#website\",\"url\":\"https:\\\/\\\/www.eldiario.net\\\/portal\\\/\",\"name\":\"El Diario - Decano de la prensa nacional\",\"description\":\"El Diario - Decano de la prensa nacional\",\"publisher\":{\"@id\":\"https:\\\/\\\/www.eldiario.net\\\/portal\\\/#organization\"},\"potentialAction\":[{\"@type\":\"SearchAction\",\"target\":{\"@type\":\"EntryPoint\",\"urlTemplate\":\"https:\\\/\\\/www.eldiario.net\\\/portal\\\/?s={search_term_string}\"},\"query-input\":{\"@type\":\"PropertyValueSpecification\",\"valueRequired\":true,\"valueName\":\"search_term_string\"}}],\"inLanguage\":\"es\"},{\"@type\":\"Organization\",\"@id\":\"https:\\\/\\\/www.eldiario.net\\\/portal\\\/#organization\",\"name\":\"El Diario - Decano de la prensa nacional\",\"url\":\"https:\\\/\\\/www.eldiario.net\\\/portal\\\/\",\"logo\":{\"@type\":\"ImageObject\",\"inLanguage\":\"es\",\"@id\":\"https:\\\/\\\/www.eldiario.net\\\/portal\\\/#\\\/schema\\\/logo\\\/image\\\/\",\"url\":\"https:\\\/\\\/www.eldiario.net\\\/portal\\\/wp-content\\\/uploads\\\/2023\\\/07\\\/logo_ED.jpg\",\"contentUrl\":\"https:\\\/\\\/www.eldiario.net\\\/portal\\\/wp-content\\\/uploads\\\/2023\\\/07\\\/logo_ED.jpg\",\"width\":272,\"height\":52,\"caption\":\"El Diario - Decano de la prensa nacional\"},\"image\":{\"@id\":\"https:\\\/\\\/www.eldiario.net\\\/portal\\\/#\\\/schema\\\/logo\\\/image\\\/\"},\"sameAs\":[\"https:\\\/\\\/www.facebook.com\\\/eldiario.bolivia\\\/\",\"https:\\\/\\\/x.com\\\/eldiario_net\"]},{\"@type\":\"Person\",\"@id\":\"https:\\\/\\\/www.eldiario.net\\\/portal\\\/#\\\/schema\\\/person\\\/2c57cf2b7a7ae032e449e4c9b1019eac\",\"name\":\"Jeanette\",\"image\":{\"@type\":\"ImageObject\",\"inLanguage\":\"es\",\"@id\":\"https:\\\/\\\/secure.gravatar.com\\\/avatar\\\/3ea2118a5f7dad2b7138b1187a6b7ee55f160b9968b66013c3a3ef39dd7e5798?s=96&d=mm&r=g\",\"url\":\"https:\\\/\\\/secure.gravatar.com\\\/avatar\\\/3ea2118a5f7dad2b7138b1187a6b7ee55f160b9968b66013c3a3ef39dd7e5798?s=96&d=mm&r=g\",\"contentUrl\":\"https:\\\/\\\/secure.gravatar.com\\\/avatar\\\/3ea2118a5f7dad2b7138b1187a6b7ee55f160b9968b66013c3a3ef39dd7e5798?s=96&d=mm&r=g\",\"caption\":\"Jeanette\"},\"sameAs\":[\"https:\\\/\\\/www.eldiario.net\\\/portal\"],\"url\":\"https:\\\/\\\/www.eldiario.net\\\/portal\\\/author\\\/jeanette\\\/\"}]}<\/script>\n<!-- \/ Yoast SEO plugin. -->","yoast_head_json":{"title":"Pagan cuota a tenedores privados de bonos sin mencionar las fuentes - El Diario - Bolivia","robots":{"index":"index","follow":"follow","max-snippet":"max-snippet:-1","max-image-preview":"max-image-preview:large","max-video-preview":"max-video-preview:-1"},"canonical":"https:\/\/www.eldiario.net\/portal\/2023\/08\/23\/pagan-cuota-a-tenedores-privados-de-bonos-sin-mencionar-las-fuentes\/","og_locale":"es_ES","og_type":"article","og_title":"Pagan cuota a tenedores privados de bonos sin mencionar las fuentes - El Diario - Bolivia","og_description":"A trav\u00e9s de un comunicado el Banco Central de Bolivia (BCB) inform\u00f3 que, en aplicaci\u00f3n a sus atribuciones y en cumplimiento de las leyes, procedi\u00f3 al pago puntual de la \u00faltima cuota por 189 millones de d\u00f3lares a los tenedores privados del Bono Soberano, emitido en agosto de 2013. Pero no menciona las fuentes de [&hellip;]","og_url":"https:\/\/www.eldiario.net\/portal\/2023\/08\/23\/pagan-cuota-a-tenedores-privados-de-bonos-sin-mencionar-las-fuentes\/","og_site_name":"El Diario - Bolivia","article_publisher":"https:\/\/www.facebook.com\/eldiario.bolivia\/","article_published_time":"2023-08-23T10:09:22+00:00","og_image":[{"width":300,"height":168,"url":"https:\/\/www.eldiario.net\/portal\/wp-content\/uploads\/2023\/08\/pago-1.jpg","type":"image\/jpeg"}],"author":"Jeanette","twitter_card":"summary_large_image","twitter_creator":"@eldiario_net","twitter_site":"@eldiario_net","twitter_misc":{"Escrito por":"Jeanette","Tiempo de lectura":"3 minutos"},"schema":{"@context":"https:\/\/schema.org","@graph":[{"@type":"Article","@id":"https:\/\/www.eldiario.net\/portal\/2023\/08\/23\/pagan-cuota-a-tenedores-privados-de-bonos-sin-mencionar-las-fuentes\/#article","isPartOf":{"@id":"https:\/\/www.eldiario.net\/portal\/2023\/08\/23\/pagan-cuota-a-tenedores-privados-de-bonos-sin-mencionar-las-fuentes\/"},"author":{"name":"Jeanette","@id":"https:\/\/www.eldiario.net\/portal\/#\/schema\/person\/2c57cf2b7a7ae032e449e4c9b1019eac"},"headline":"Pagan cuota a tenedores privados de bonos sin mencionar las fuentes","datePublished":"2023-08-23T10:09:22+00:00","mainEntityOfPage":{"@id":"https:\/\/www.eldiario.net\/portal\/2023\/08\/23\/pagan-cuota-a-tenedores-privados-de-bonos-sin-mencionar-las-fuentes\/"},"wordCount":570,"publisher":{"@id":"https:\/\/www.eldiario.net\/portal\/#organization"},"image":{"@id":"https:\/\/www.eldiario.net\/portal\/2023\/08\/23\/pagan-cuota-a-tenedores-privados-de-bonos-sin-mencionar-las-fuentes\/#primaryimage"},"thumbnailUrl":"https:\/\/www.eldiario.net\/portal\/wp-content\/uploads\/2023\/08\/pago-1.jpg","articleSection":["Econom\u00eda"],"inLanguage":"es"},{"@type":"WebPage","@id":"https:\/\/www.eldiario.net\/portal\/2023\/08\/23\/pagan-cuota-a-tenedores-privados-de-bonos-sin-mencionar-las-fuentes\/","url":"https:\/\/www.eldiario.net\/portal\/2023\/08\/23\/pagan-cuota-a-tenedores-privados-de-bonos-sin-mencionar-las-fuentes\/","name":"Pagan cuota a tenedores privados de bonos sin mencionar las fuentes - El Diario - Bolivia","isPartOf":{"@id":"https:\/\/www.eldiario.net\/portal\/#website"},"primaryImageOfPage":{"@id":"https:\/\/www.eldiario.net\/portal\/2023\/08\/23\/pagan-cuota-a-tenedores-privados-de-bonos-sin-mencionar-las-fuentes\/#primaryimage"},"image":{"@id":"https:\/\/www.eldiario.net\/portal\/2023\/08\/23\/pagan-cuota-a-tenedores-privados-de-bonos-sin-mencionar-las-fuentes\/#primaryimage"},"thumbnailUrl":"https:\/\/www.eldiario.net\/portal\/wp-content\/uploads\/2023\/08\/pago-1.jpg","datePublished":"2023-08-23T10:09:22+00:00","breadcrumb":{"@id":"https:\/\/www.eldiario.net\/portal\/2023\/08\/23\/pagan-cuota-a-tenedores-privados-de-bonos-sin-mencionar-las-fuentes\/#breadcrumb"},"inLanguage":"es","potentialAction":[{"@type":"ReadAction","target":["https:\/\/www.eldiario.net\/portal\/2023\/08\/23\/pagan-cuota-a-tenedores-privados-de-bonos-sin-mencionar-las-fuentes\/"]}]},{"@type":"ImageObject","inLanguage":"es","@id":"https:\/\/www.eldiario.net\/portal\/2023\/08\/23\/pagan-cuota-a-tenedores-privados-de-bonos-sin-mencionar-las-fuentes\/#primaryimage","url":"https:\/\/www.eldiario.net\/portal\/wp-content\/uploads\/2023\/08\/pago-1.jpg","contentUrl":"https:\/\/www.eldiario.net\/portal\/wp-content\/uploads\/2023\/08\/pago-1.jpg","width":300,"height":168},{"@type":"BreadcrumbList","@id":"https:\/\/www.eldiario.net\/portal\/2023\/08\/23\/pagan-cuota-a-tenedores-privados-de-bonos-sin-mencionar-las-fuentes\/#breadcrumb","itemListElement":[{"@type":"ListItem","position":1,"name":"Portada","item":"https:\/\/www.eldiario.net\/portal\/"},{"@type":"ListItem","position":2,"name":"Pagan cuota a tenedores privados de bonos sin mencionar las fuentes"}]},{"@type":"WebSite","@id":"https:\/\/www.eldiario.net\/portal\/#website","url":"https:\/\/www.eldiario.net\/portal\/","name":"El Diario - Decano de la prensa nacional","description":"El Diario - Decano de la prensa nacional","publisher":{"@id":"https:\/\/www.eldiario.net\/portal\/#organization"},"potentialAction":[{"@type":"SearchAction","target":{"@type":"EntryPoint","urlTemplate":"https:\/\/www.eldiario.net\/portal\/?s={search_term_string}"},"query-input":{"@type":"PropertyValueSpecification","valueRequired":true,"valueName":"search_term_string"}}],"inLanguage":"es"},{"@type":"Organization","@id":"https:\/\/www.eldiario.net\/portal\/#organization","name":"El Diario - Decano de la prensa nacional","url":"https:\/\/www.eldiario.net\/portal\/","logo":{"@type":"ImageObject","inLanguage":"es","@id":"https:\/\/www.eldiario.net\/portal\/#\/schema\/logo\/image\/","url":"https:\/\/www.eldiario.net\/portal\/wp-content\/uploads\/2023\/07\/logo_ED.jpg","contentUrl":"https:\/\/www.eldiario.net\/portal\/wp-content\/uploads\/2023\/07\/logo_ED.jpg","width":272,"height":52,"caption":"El Diario - Decano de la prensa nacional"},"image":{"@id":"https:\/\/www.eldiario.net\/portal\/#\/schema\/logo\/image\/"},"sameAs":["https:\/\/www.facebook.com\/eldiario.bolivia\/","https:\/\/x.com\/eldiario_net"]},{"@type":"Person","@id":"https:\/\/www.eldiario.net\/portal\/#\/schema\/person\/2c57cf2b7a7ae032e449e4c9b1019eac","name":"Jeanette","image":{"@type":"ImageObject","inLanguage":"es","@id":"https:\/\/secure.gravatar.com\/avatar\/3ea2118a5f7dad2b7138b1187a6b7ee55f160b9968b66013c3a3ef39dd7e5798?s=96&d=mm&r=g","url":"https:\/\/secure.gravatar.com\/avatar\/3ea2118a5f7dad2b7138b1187a6b7ee55f160b9968b66013c3a3ef39dd7e5798?s=96&d=mm&r=g","contentUrl":"https:\/\/secure.gravatar.com\/avatar\/3ea2118a5f7dad2b7138b1187a6b7ee55f160b9968b66013c3a3ef39dd7e5798?s=96&d=mm&r=g","caption":"Jeanette"},"sameAs":["https:\/\/www.eldiario.net\/portal"],"url":"https:\/\/www.eldiario.net\/portal\/author\/jeanette\/"}]}},"_links":{"self":[{"href":"https:\/\/www.eldiario.net\/portal\/wp-json\/wp\/v2\/posts\/172511","targetHints":{"allow":["GET"]}}],"collection":[{"href":"https:\/\/www.eldiario.net\/portal\/wp-json\/wp\/v2\/posts"}],"about":[{"href":"https:\/\/www.eldiario.net\/portal\/wp-json\/wp\/v2\/types\/post"}],"author":[{"embeddable":true,"href":"https:\/\/www.eldiario.net\/portal\/wp-json\/wp\/v2\/users\/1"}],"replies":[{"embeddable":true,"href":"https:\/\/www.eldiario.net\/portal\/wp-json\/wp\/v2\/comments?post=172511"}],"version-history":[{"count":0,"href":"https:\/\/www.eldiario.net\/portal\/wp-json\/wp\/v2\/posts\/172511\/revisions"}],"wp:featuredmedia":[{"embeddable":true,"href":"https:\/\/www.eldiario.net\/portal\/wp-json\/wp\/v2\/media\/172512"}],"wp:attachment":[{"href":"https:\/\/www.eldiario.net\/portal\/wp-json\/wp\/v2\/media?parent=172511"}],"wp:term":[{"taxonomy":"category","embeddable":true,"href":"https:\/\/www.eldiario.net\/portal\/wp-json\/wp\/v2\/categories?post=172511"},{"taxonomy":"post_tag","embeddable":true,"href":"https:\/\/www.eldiario.net\/portal\/wp-json\/wp\/v2\/tags?post=172511"}],"curies":[{"name":"wp","href":"https:\/\/api.w.org\/{rel}","templated":true}]}}