{"id":172372,"date":"2023-08-22T06:55:23","date_gmt":"2023-08-22T10:55:23","guid":{"rendered":"https:\/\/www.eldiario.net\/portal\/?p=172372"},"modified":"2023-08-22T06:55:23","modified_gmt":"2023-08-22T10:55:23","slug":"mineros-paralizan-la-paz-por-agenda-de-10-puntos","status":"publish","type":"post","link":"https:\/\/www.eldiario.net\/portal\/2023\/08\/22\/mineros-paralizan-la-paz-por-agenda-de-10-puntos\/","title":{"rendered":"Mineros paralizan La Paz por agenda de 10 puntos"},"content":{"rendered":"<p>Miles de cooperativistas mineros llegaron a la sede de Gobierno desde diferentes partes del pa\u00eds con el objetivo de que las autoridades atiendan su pliego petitorio de 10 puntos. Los movilizados descendieron desde El Alto hasta la plaza San Francisco donde realizaron un mitin.<\/p>\n<p>De acuerdo con la dirigencia del sector, uno de los objetivos de la medida consiste en entregar el informe al presidente de Bolivia, Luis Arce Catacora, y calificaron la movilizaci\u00f3n como s\u00edmbolo de \u201creivindicaci\u00f3n\u201d.<\/p>\n<p>\u201cEntregaremos la agenda nacional que expresa el sentimiento de la atenci\u00f3n pronta de nuestras autoridades correspondientes\u201d, indic\u00f3 el secretario de Asuntos Jur\u00eddicos de la Federaci\u00f3n Nacional de Cooperativas Mineras de Bolivia (Fencomin), Freddy Cruz.<\/p>\n<p>Otro de los dirigentes expres\u00f3 que son m\u00e1s de 100 mil personas que llegaron a la urbe pace\u00f1a en demanda de ser escuchados por las autoridades. En tanto que, el dirigente de Fencomin, Santiago Cruz, asegur\u00f3 que la movilizaci\u00f3n es pac\u00edfica y que tienen una agenda nacional que exigir\u00e1n se cumpla. Sostuvo que la marcha tambi\u00e9n es un rechazo a grupos que quieran formar organizaciones paralelas.<\/p>\n<p>\u201cPedimos el derecho a nuestro trabajo, el respeto al sector minero cooperativo. Hasta hoy hemos visto que algunos sectores quieren dividir, quieren formar paralelismos, solo existe una Fencomin. Estamos m\u00e1s de cien mil cooperativistas, estaremos presentes para hacer conocer nuestra reivindicaci\u00f3n\u201d, manifest\u00f3.<\/p>\n<p>Entre las demandas del sector est\u00e1 el respeto a la unidad institucional de Fencomin y sus federaciones. Garantizar la estabilidad operativa de las actividades de explotaci\u00f3n de minerales, metales y no metales. Seguridad para comercializaci\u00f3n de los minerales, metales y no metales.<\/p>\n<p>Adem\u00e1s, de seguridad jur\u00eddica y desburocratizaci\u00f3n de tr\u00e1mites. Levantamiento de restricciones para acceder a nuevas \u00e1reas mineras de trabajo. Pol\u00edtica ambiental para las cooperativas mineras. Ajuste de las normas que regulan el trabajo de las cooperativas mineras. Incluir pol\u00edticas de fomento.<\/p>\n<p>Asimismo piden cargos p\u00fablicos para las cooperativas mineras.<\/p>\n","protected":false},"excerpt":{"rendered":"<p>Miles de cooperativistas mineros llegaron a la sede de Gobierno desde diferentes partes del pa\u00eds con el objetivo de que las autoridades atiendan su pliego petitorio de 10 puntos. Los movilizados descendieron desde El Alto hasta la plaza San Francisco donde realizaron un mitin. De acuerdo con la dirigencia del sector, uno de los objetivos [&hellip;]<\/p>\n","protected":false},"author":1,"featured_media":172373,"comment_status":"closed","ping_status":"open","sticky":false,"template":"","format":"standard","meta":{"_acf_changed":false,"footnotes":""},"categories":[12],"tags":[],"class_list":["post-172372","post","type-post","status-publish","format-standard","has-post-thumbnail","category-nacional"],"acf":{"antetitulo":""},"yoast_head":"<!-- This site is optimized with the Yoast SEO plugin v28.3 - https:\/\/yoast.com\/product\/yoast-seo-wordpress\/ -->\n<title>Mineros paralizan La Paz por agenda de 10 puntos - El Diario - Bolivia<\/title>\n<meta name=\"robots\" content=\"index, follow, max-snippet:-1, max-image-preview:large, max-video-preview:-1\" \/>\n<link rel=\"canonical\" href=\"https:\/\/www.eldiario.net\/portal\/2023\/08\/22\/mineros-paralizan-la-paz-por-agenda-de-10-puntos\/\" \/>\n<meta property=\"og:locale\" content=\"es_ES\" \/>\n<meta property=\"og:type\" content=\"article\" \/>\n<meta property=\"og:title\" content=\"Mineros paralizan La Paz por agenda de 10 puntos - El Diario - Bolivia\" \/>\n<meta property=\"og:description\" content=\"Miles de cooperativistas mineros llegaron a la sede de Gobierno desde diferentes partes del pa\u00eds con el objetivo de que las autoridades atiendan su pliego petitorio de 10 puntos. Los movilizados descendieron desde El Alto hasta la plaza San Francisco donde realizaron un mitin. De acuerdo con la dirigencia del sector, uno de los objetivos [&hellip;]\" \/>\n<meta property=\"og:url\" content=\"https:\/\/www.eldiario.net\/portal\/2023\/08\/22\/mineros-paralizan-la-paz-por-agenda-de-10-puntos\/\" \/>\n<meta property=\"og:site_name\" content=\"El Diario - Bolivia\" \/>\n<meta property=\"article:publisher\" content=\"https:\/\/www.facebook.com\/eldiario.bolivia\/\" \/>\n<meta property=\"article:published_time\" content=\"2023-08-22T10:55:23+00:00\" \/>\n<meta property=\"og:image\" content=\"https:\/\/www.eldiario.net\/portal\/wp-content\/uploads\/2023\/08\/MINEROS-FOTO-1.jpg\" \/>\n\t<meta property=\"og:image:width\" content=\"1124\" \/>\n\t<meta property=\"og:image:height\" content=\"750\" \/>\n\t<meta property=\"og:image:type\" content=\"image\/jpeg\" \/>\n<meta name=\"author\" content=\"Jeanette\" \/>\n<meta name=\"twitter:card\" content=\"summary_large_image\" \/>\n<meta name=\"twitter:creator\" content=\"@eldiario_net\" \/>\n<meta name=\"twitter:site\" content=\"@eldiario_net\" \/>\n<meta name=\"twitter:label1\" content=\"Escrito por\" \/>\n\t<meta name=\"twitter:data1\" content=\"Jeanette\" \/>\n\t<meta name=\"twitter:label2\" content=\"Tiempo de lectura\" \/>\n\t<meta name=\"twitter:data2\" content=\"2 minutos\" \/>\n<script type=\"application\/ld+json\" class=\"yoast-schema-graph\">{\"@context\":\"https:\\\/\\\/schema.org\",\"@graph\":[{\"@type\":\"Article\",\"@id\":\"https:\\\/\\\/www.eldiario.net\\\/portal\\\/2023\\\/08\\\/22\\\/mineros-paralizan-la-paz-por-agenda-de-10-puntos\\\/#article\",\"isPartOf\":{\"@id\":\"https:\\\/\\\/www.eldiario.net\\\/portal\\\/2023\\\/08\\\/22\\\/mineros-paralizan-la-paz-por-agenda-de-10-puntos\\\/\"},\"author\":{\"name\":\"Jeanette\",\"@id\":\"https:\\\/\\\/www.eldiario.net\\\/portal\\\/#\\\/schema\\\/person\\\/f46445640444750d7d753ccd04ae01b7\"},\"headline\":\"Mineros paralizan La Paz por agenda de 10 puntos\",\"datePublished\":\"2023-08-22T10:55:23+00:00\",\"mainEntityOfPage\":{\"@id\":\"https:\\\/\\\/www.eldiario.net\\\/portal\\\/2023\\\/08\\\/22\\\/mineros-paralizan-la-paz-por-agenda-de-10-puntos\\\/\"},\"wordCount\":341,\"publisher\":{\"@id\":\"https:\\\/\\\/www.eldiario.net\\\/portal\\\/#organization\"},\"image\":{\"@id\":\"https:\\\/\\\/www.eldiario.net\\\/portal\\\/2023\\\/08\\\/22\\\/mineros-paralizan-la-paz-por-agenda-de-10-puntos\\\/#primaryimage\"},\"thumbnailUrl\":\"https:\\\/\\\/www.eldiario.net\\\/portal\\\/wp-content\\\/uploads\\\/2023\\\/08\\\/MINEROS-FOTO-1.jpg\",\"articleSection\":[\"Nacional\"],\"inLanguage\":\"es\"},{\"@type\":\"WebPage\",\"@id\":\"https:\\\/\\\/www.eldiario.net\\\/portal\\\/2023\\\/08\\\/22\\\/mineros-paralizan-la-paz-por-agenda-de-10-puntos\\\/\",\"url\":\"https:\\\/\\\/www.eldiario.net\\\/portal\\\/2023\\\/08\\\/22\\\/mineros-paralizan-la-paz-por-agenda-de-10-puntos\\\/\",\"name\":\"Mineros paralizan La Paz por agenda de 10 puntos - El Diario - Bolivia\",\"isPartOf\":{\"@id\":\"https:\\\/\\\/www.eldiario.net\\\/portal\\\/#website\"},\"primaryImageOfPage\":{\"@id\":\"https:\\\/\\\/www.eldiario.net\\\/portal\\\/2023\\\/08\\\/22\\\/mineros-paralizan-la-paz-por-agenda-de-10-puntos\\\/#primaryimage\"},\"image\":{\"@id\":\"https:\\\/\\\/www.eldiario.net\\\/portal\\\/2023\\\/08\\\/22\\\/mineros-paralizan-la-paz-por-agenda-de-10-puntos\\\/#primaryimage\"},\"thumbnailUrl\":\"https:\\\/\\\/www.eldiario.net\\\/portal\\\/wp-content\\\/uploads\\\/2023\\\/08\\\/MINEROS-FOTO-1.jpg\",\"datePublished\":\"2023-08-22T10:55:23+00:00\",\"breadcrumb\":{\"@id\":\"https:\\\/\\\/www.eldiario.net\\\/portal\\\/2023\\\/08\\\/22\\\/mineros-paralizan-la-paz-por-agenda-de-10-puntos\\\/#breadcrumb\"},\"inLanguage\":\"es\",\"potentialAction\":[{\"@type\":\"ReadAction\",\"target\":[\"https:\\\/\\\/www.eldiario.net\\\/portal\\\/2023\\\/08\\\/22\\\/mineros-paralizan-la-paz-por-agenda-de-10-puntos\\\/\"]}]},{\"@type\":\"ImageObject\",\"inLanguage\":\"es\",\"@id\":\"https:\\\/\\\/www.eldiario.net\\\/portal\\\/2023\\\/08\\\/22\\\/mineros-paralizan-la-paz-por-agenda-de-10-puntos\\\/#primaryimage\",\"url\":\"https:\\\/\\\/www.eldiario.net\\\/portal\\\/wp-content\\\/uploads\\\/2023\\\/08\\\/MINEROS-FOTO-1.jpg\",\"contentUrl\":\"https:\\\/\\\/www.eldiario.net\\\/portal\\\/wp-content\\\/uploads\\\/2023\\\/08\\\/MINEROS-FOTO-1.jpg\",\"width\":1124,\"height\":750,\"caption\":\"Los mineros cooperativistas descendieron desde la Ceja de El Alto hasta el centro pace\u00f1o. Cr\u00e9dito: El Diario\"},{\"@type\":\"BreadcrumbList\",\"@id\":\"https:\\\/\\\/www.eldiario.net\\\/portal\\\/2023\\\/08\\\/22\\\/mineros-paralizan-la-paz-por-agenda-de-10-puntos\\\/#breadcrumb\",\"itemListElement\":[{\"@type\":\"ListItem\",\"position\":1,\"name\":\"Portada\",\"item\":\"https:\\\/\\\/www.eldiario.net\\\/portal\\\/\"},{\"@type\":\"ListItem\",\"position\":2,\"name\":\"Mineros paralizan La Paz por agenda de 10 puntos\"}]},{\"@type\":\"WebSite\",\"@id\":\"https:\\\/\\\/www.eldiario.net\\\/portal\\\/#website\",\"url\":\"https:\\\/\\\/www.eldiario.net\\\/portal\\\/\",\"name\":\"El Diario - Decano de la prensa nacional\",\"description\":\"El Diario - Decano de la prensa nacional\",\"publisher\":{\"@id\":\"https:\\\/\\\/www.eldiario.net\\\/portal\\\/#organization\"},\"potentialAction\":[{\"@type\":\"SearchAction\",\"target\":{\"@type\":\"EntryPoint\",\"urlTemplate\":\"https:\\\/\\\/www.eldiario.net\\\/portal\\\/?s={search_term_string}\"},\"query-input\":{\"@type\":\"PropertyValueSpecification\",\"valueRequired\":true,\"valueName\":\"search_term_string\"}}],\"inLanguage\":\"es\"},{\"@type\":\"Organization\",\"@id\":\"https:\\\/\\\/www.eldiario.net\\\/portal\\\/#organization\",\"name\":\"El Diario - Decano de la prensa nacional\",\"url\":\"https:\\\/\\\/www.eldiario.net\\\/portal\\\/\",\"logo\":{\"@type\":\"ImageObject\",\"inLanguage\":\"es\",\"@id\":\"https:\\\/\\\/www.eldiario.net\\\/portal\\\/#\\\/schema\\\/logo\\\/image\\\/\",\"url\":\"https:\\\/\\\/www.eldiario.net\\\/portal\\\/wp-content\\\/uploads\\\/2023\\\/07\\\/logo_ED.jpg\",\"contentUrl\":\"https:\\\/\\\/www.eldiario.net\\\/portal\\\/wp-content\\\/uploads\\\/2023\\\/07\\\/logo_ED.jpg\",\"width\":272,\"height\":52,\"caption\":\"El Diario - Decano de la prensa nacional\"},\"image\":{\"@id\":\"https:\\\/\\\/www.eldiario.net\\\/portal\\\/#\\\/schema\\\/logo\\\/image\\\/\"},\"sameAs\":[\"https:\\\/\\\/www.facebook.com\\\/eldiario.bolivia\\\/\",\"https:\\\/\\\/x.com\\\/eldiario_net\"]},{\"@type\":\"Person\",\"@id\":\"https:\\\/\\\/www.eldiario.net\\\/portal\\\/#\\\/schema\\\/person\\\/f46445640444750d7d753ccd04ae01b7\",\"name\":\"Jeanette\",\"image\":{\"@type\":\"ImageObject\",\"inLanguage\":\"es\",\"@id\":\"https:\\\/\\\/secure.gravatar.com\\\/avatar\\\/3ea2118a5f7dad2b7138b1187a6b7ee55f160b9968b66013c3a3ef39dd7e5798?s=96&d=mm&r=g\",\"url\":\"https:\\\/\\\/secure.gravatar.com\\\/avatar\\\/3ea2118a5f7dad2b7138b1187a6b7ee55f160b9968b66013c3a3ef39dd7e5798?s=96&d=mm&r=g\",\"contentUrl\":\"https:\\\/\\\/secure.gravatar.com\\\/avatar\\\/3ea2118a5f7dad2b7138b1187a6b7ee55f160b9968b66013c3a3ef39dd7e5798?s=96&d=mm&r=g\",\"caption\":\"Jeanette\"},\"sameAs\":[\"https:\\\/\\\/www.eldiario.net\\\/portal\"],\"url\":\"https:\\\/\\\/www.eldiario.net\\\/portal\\\/author\\\/jeanette\\\/\"}]}<\/script>\n<!-- \/ Yoast SEO plugin. -->","yoast_head_json":{"title":"Mineros paralizan La Paz por agenda de 10 puntos - El Diario - Bolivia","robots":{"index":"index","follow":"follow","max-snippet":"max-snippet:-1","max-image-preview":"max-image-preview:large","max-video-preview":"max-video-preview:-1"},"canonical":"https:\/\/www.eldiario.net\/portal\/2023\/08\/22\/mineros-paralizan-la-paz-por-agenda-de-10-puntos\/","og_locale":"es_ES","og_type":"article","og_title":"Mineros paralizan La Paz por agenda de 10 puntos - El Diario - Bolivia","og_description":"Miles de cooperativistas mineros llegaron a la sede de Gobierno desde diferentes partes del pa\u00eds con el objetivo de que las autoridades atiendan su pliego petitorio de 10 puntos. Los movilizados descendieron desde El Alto hasta la plaza San Francisco donde realizaron un mitin. De acuerdo con la dirigencia del sector, uno de los objetivos [&hellip;]","og_url":"https:\/\/www.eldiario.net\/portal\/2023\/08\/22\/mineros-paralizan-la-paz-por-agenda-de-10-puntos\/","og_site_name":"El Diario - Bolivia","article_publisher":"https:\/\/www.facebook.com\/eldiario.bolivia\/","article_published_time":"2023-08-22T10:55:23+00:00","og_image":[{"width":1124,"height":750,"url":"https:\/\/www.eldiario.net\/portal\/wp-content\/uploads\/2023\/08\/MINEROS-FOTO-1.jpg","type":"image\/jpeg"}],"author":"Jeanette","twitter_card":"summary_large_image","twitter_creator":"@eldiario_net","twitter_site":"@eldiario_net","twitter_misc":{"Escrito por":"Jeanette","Tiempo de lectura":"2 minutos"},"schema":{"@context":"https:\/\/schema.org","@graph":[{"@type":"Article","@id":"https:\/\/www.eldiario.net\/portal\/2023\/08\/22\/mineros-paralizan-la-paz-por-agenda-de-10-puntos\/#article","isPartOf":{"@id":"https:\/\/www.eldiario.net\/portal\/2023\/08\/22\/mineros-paralizan-la-paz-por-agenda-de-10-puntos\/"},"author":{"name":"Jeanette","@id":"https:\/\/www.eldiario.net\/portal\/#\/schema\/person\/f46445640444750d7d753ccd04ae01b7"},"headline":"Mineros paralizan La Paz por agenda de 10 puntos","datePublished":"2023-08-22T10:55:23+00:00","mainEntityOfPage":{"@id":"https:\/\/www.eldiario.net\/portal\/2023\/08\/22\/mineros-paralizan-la-paz-por-agenda-de-10-puntos\/"},"wordCount":341,"publisher":{"@id":"https:\/\/www.eldiario.net\/portal\/#organization"},"image":{"@id":"https:\/\/www.eldiario.net\/portal\/2023\/08\/22\/mineros-paralizan-la-paz-por-agenda-de-10-puntos\/#primaryimage"},"thumbnailUrl":"https:\/\/www.eldiario.net\/portal\/wp-content\/uploads\/2023\/08\/MINEROS-FOTO-1.jpg","articleSection":["Nacional"],"inLanguage":"es"},{"@type":"WebPage","@id":"https:\/\/www.eldiario.net\/portal\/2023\/08\/22\/mineros-paralizan-la-paz-por-agenda-de-10-puntos\/","url":"https:\/\/www.eldiario.net\/portal\/2023\/08\/22\/mineros-paralizan-la-paz-por-agenda-de-10-puntos\/","name":"Mineros paralizan La Paz por agenda de 10 puntos - El Diario - Bolivia","isPartOf":{"@id":"https:\/\/www.eldiario.net\/portal\/#website"},"primaryImageOfPage":{"@id":"https:\/\/www.eldiario.net\/portal\/2023\/08\/22\/mineros-paralizan-la-paz-por-agenda-de-10-puntos\/#primaryimage"},"image":{"@id":"https:\/\/www.eldiario.net\/portal\/2023\/08\/22\/mineros-paralizan-la-paz-por-agenda-de-10-puntos\/#primaryimage"},"thumbnailUrl":"https:\/\/www.eldiario.net\/portal\/wp-content\/uploads\/2023\/08\/MINEROS-FOTO-1.jpg","datePublished":"2023-08-22T10:55:23+00:00","breadcrumb":{"@id":"https:\/\/www.eldiario.net\/portal\/2023\/08\/22\/mineros-paralizan-la-paz-por-agenda-de-10-puntos\/#breadcrumb"},"inLanguage":"es","potentialAction":[{"@type":"ReadAction","target":["https:\/\/www.eldiario.net\/portal\/2023\/08\/22\/mineros-paralizan-la-paz-por-agenda-de-10-puntos\/"]}]},{"@type":"ImageObject","inLanguage":"es","@id":"https:\/\/www.eldiario.net\/portal\/2023\/08\/22\/mineros-paralizan-la-paz-por-agenda-de-10-puntos\/#primaryimage","url":"https:\/\/www.eldiario.net\/portal\/wp-content\/uploads\/2023\/08\/MINEROS-FOTO-1.jpg","contentUrl":"https:\/\/www.eldiario.net\/portal\/wp-content\/uploads\/2023\/08\/MINEROS-FOTO-1.jpg","width":1124,"height":750,"caption":"Los mineros cooperativistas descendieron desde la Ceja de El Alto hasta el centro pace\u00f1o. Cr\u00e9dito: El Diario"},{"@type":"BreadcrumbList","@id":"https:\/\/www.eldiario.net\/portal\/2023\/08\/22\/mineros-paralizan-la-paz-por-agenda-de-10-puntos\/#breadcrumb","itemListElement":[{"@type":"ListItem","position":1,"name":"Portada","item":"https:\/\/www.eldiario.net\/portal\/"},{"@type":"ListItem","position":2,"name":"Mineros paralizan La Paz por agenda de 10 puntos"}]},{"@type":"WebSite","@id":"https:\/\/www.eldiario.net\/portal\/#website","url":"https:\/\/www.eldiario.net\/portal\/","name":"El Diario - Decano de la prensa nacional","description":"El Diario - Decano de la prensa nacional","publisher":{"@id":"https:\/\/www.eldiario.net\/portal\/#organization"},"potentialAction":[{"@type":"SearchAction","target":{"@type":"EntryPoint","urlTemplate":"https:\/\/www.eldiario.net\/portal\/?s={search_term_string}"},"query-input":{"@type":"PropertyValueSpecification","valueRequired":true,"valueName":"search_term_string"}}],"inLanguage":"es"},{"@type":"Organization","@id":"https:\/\/www.eldiario.net\/portal\/#organization","name":"El Diario - Decano de la prensa nacional","url":"https:\/\/www.eldiario.net\/portal\/","logo":{"@type":"ImageObject","inLanguage":"es","@id":"https:\/\/www.eldiario.net\/portal\/#\/schema\/logo\/image\/","url":"https:\/\/www.eldiario.net\/portal\/wp-content\/uploads\/2023\/07\/logo_ED.jpg","contentUrl":"https:\/\/www.eldiario.net\/portal\/wp-content\/uploads\/2023\/07\/logo_ED.jpg","width":272,"height":52,"caption":"El Diario - Decano de la prensa nacional"},"image":{"@id":"https:\/\/www.eldiario.net\/portal\/#\/schema\/logo\/image\/"},"sameAs":["https:\/\/www.facebook.com\/eldiario.bolivia\/","https:\/\/x.com\/eldiario_net"]},{"@type":"Person","@id":"https:\/\/www.eldiario.net\/portal\/#\/schema\/person\/f46445640444750d7d753ccd04ae01b7","name":"Jeanette","image":{"@type":"ImageObject","inLanguage":"es","@id":"https:\/\/secure.gravatar.com\/avatar\/3ea2118a5f7dad2b7138b1187a6b7ee55f160b9968b66013c3a3ef39dd7e5798?s=96&d=mm&r=g","url":"https:\/\/secure.gravatar.com\/avatar\/3ea2118a5f7dad2b7138b1187a6b7ee55f160b9968b66013c3a3ef39dd7e5798?s=96&d=mm&r=g","contentUrl":"https:\/\/secure.gravatar.com\/avatar\/3ea2118a5f7dad2b7138b1187a6b7ee55f160b9968b66013c3a3ef39dd7e5798?s=96&d=mm&r=g","caption":"Jeanette"},"sameAs":["https:\/\/www.eldiario.net\/portal"],"url":"https:\/\/www.eldiario.net\/portal\/author\/jeanette\/"}]}},"_links":{"self":[{"href":"https:\/\/www.eldiario.net\/portal\/wp-json\/wp\/v2\/posts\/172372","targetHints":{"allow":["GET"]}}],"collection":[{"href":"https:\/\/www.eldiario.net\/portal\/wp-json\/wp\/v2\/posts"}],"about":[{"href":"https:\/\/www.eldiario.net\/portal\/wp-json\/wp\/v2\/types\/post"}],"author":[{"embeddable":true,"href":"https:\/\/www.eldiario.net\/portal\/wp-json\/wp\/v2\/users\/1"}],"replies":[{"embeddable":true,"href":"https:\/\/www.eldiario.net\/portal\/wp-json\/wp\/v2\/comments?post=172372"}],"version-history":[{"count":0,"href":"https:\/\/www.eldiario.net\/portal\/wp-json\/wp\/v2\/posts\/172372\/revisions"}],"wp:featuredmedia":[{"embeddable":true,"href":"https:\/\/www.eldiario.net\/portal\/wp-json\/wp\/v2\/media\/172373"}],"wp:attachment":[{"href":"https:\/\/www.eldiario.net\/portal\/wp-json\/wp\/v2\/media?parent=172372"}],"wp:term":[{"taxonomy":"category","embeddable":true,"href":"https:\/\/www.eldiario.net\/portal\/wp-json\/wp\/v2\/categories?post=172372"},{"taxonomy":"post_tag","embeddable":true,"href":"https:\/\/www.eldiario.net\/portal\/wp-json\/wp\/v2\/tags?post=172372"}],"curies":[{"name":"wp","href":"https:\/\/api.w.org\/{rel}","templated":true}]}}