{"id":172369,"date":"2023-08-22T06:54:42","date_gmt":"2023-08-22T10:54:42","guid":{"rendered":"https:\/\/www.eldiario.net\/portal\/?p=172369"},"modified":"2023-08-22T06:54:42","modified_gmt":"2023-08-22T10:54:42","slug":"gasifican-a-padres-de-familia-que-exigen-aclarar-caso-de-intoxicacion-en-mallasa","status":"publish","type":"post","link":"https:\/\/www.eldiario.net\/portal\/2023\/08\/22\/gasifican-a-padres-de-familia-que-exigen-aclarar-caso-de-intoxicacion-en-mallasa\/","title":{"rendered":"Gasifican a padres de familia que exigen  aclarar caso de intoxicaci\u00f3n en Mallasa"},"content":{"rendered":"<p>Luego de que padres de familia de la unidad educativa Aldeas Infantiles SOS bloquearon la principal avenida del macrodistrito Mallasa, en el municipio de La Paz, exigiendo a las autoridades de la alcald\u00eda pace\u00f1a aclarar la raz\u00f3n por la cual m\u00e1s de 20 estudiantes se intoxicaron y que prioricen los resultados de las pruebas de toxicolog\u00eda, efectivos de la Polic\u00eda utilizaron gas lacrim\u00f3geno para dispersar a los movilizados, quienes anunciaron que continuar\u00e1n con sus protestas.<\/p>\n<p>\u201cHemos esperado por varias horas para reunirnos con la secretaria Morales (secretaria municipal de Educaci\u00f3n y Desarrollo Social, Amparo Morales), que dicen es la vocera, pero no lleg\u00f3 y los padres de familia estamos preocupados y molestos por esta falta de compromiso\u201d, se\u00f1al\u00f3 un representante de los padres de familia.<\/p>\n<p>Los protestantes exigen respuestas sobre lo que habr\u00eda ocurrido para que casi una veintena de adolescentes resulten con grados de intoxicaci\u00f3n y cuestionan que a la fecha \u201cno hay respuestas oficiales, no nos dicen qu\u00e9 pas\u00f3\u201d.<\/p>\n<p>\u201cQueremos saber qu\u00e9 pas\u00f3, puede ser un gas t\u00f3xico, (pero) no es como dice el alcalde (Iv\u00e1n Arias) de que ha sido de las tiendas o que han comido algo, rogar\u00eda al Defensor del Pueblo que nos ayude\u201d, se\u00f1al\u00f3 otro progenitor.<\/p>\n<p>Mientras los padres de familia realizaban el bloqueo, de acuerdo con im\u00e1genes de medios televisivos, se advirti\u00f3 que fueron gasificados por la Polic\u00eda con el fin de dispersar a los manifestantes.<\/p>\n<p>De acuerdo con las autoridades ediles, los resultados toxicol\u00f3gicos podr\u00edan estar hasta el jueves. Se indic\u00f3 que las intervenciones junto a la fuerza anticrimen y la Fiscal\u00eda comenzaron desde el viernes y ya se empez\u00f3 a emitir requerimientos fiscales para hacer valoraciones psicol\u00f3gicas a las adolescentes.<\/p>\n<p>Adem\u00e1s, se reiter\u00f3 que una de las estudiantes contin\u00faa internada en terapia intensiva de un nosocomio privado. Por otro lado, autoridades de la unidad educativa determinaron pasar clases de forma virtual, por lo menos, hasta que se conozca una respuesta clara del resultado toxicol\u00f3gico.<\/p>\n","protected":false},"excerpt":{"rendered":"<p>Luego de que padres de familia de la unidad educativa Aldeas Infantiles SOS bloquearon la principal avenida del macrodistrito Mallasa, en el municipio de La Paz, exigiendo a las autoridades de la alcald\u00eda pace\u00f1a aclarar la raz\u00f3n por la cual m\u00e1s de 20 estudiantes se intoxicaron y que prioricen los resultados de las pruebas de [&hellip;]<\/p>\n","protected":false},"author":1,"featured_media":172370,"comment_status":"closed","ping_status":"open","sticky":false,"template":"","format":"standard","meta":{"_acf_changed":false,"footnotes":""},"categories":[12],"tags":[],"class_list":["post-172369","post","type-post","status-publish","format-standard","has-post-thumbnail","category-nacional"],"acf":{"antetitulo":""},"yoast_head":"<!-- This site is optimized with the Yoast SEO plugin v28.3 - https:\/\/yoast.com\/product\/yoast-seo-wordpress\/ -->\n<title>Gasifican a padres de familia que exigen aclarar caso de intoxicaci\u00f3n en Mallasa - El Diario - Bolivia<\/title>\n<meta name=\"robots\" content=\"index, follow, max-snippet:-1, max-image-preview:large, max-video-preview:-1\" \/>\n<link rel=\"canonical\" href=\"https:\/\/www.eldiario.net\/portal\/2023\/08\/22\/gasifican-a-padres-de-familia-que-exigen-aclarar-caso-de-intoxicacion-en-mallasa\/\" \/>\n<meta property=\"og:locale\" content=\"es_ES\" \/>\n<meta property=\"og:type\" content=\"article\" \/>\n<meta property=\"og:title\" content=\"Gasifican a padres de familia que exigen aclarar caso de intoxicaci\u00f3n en Mallasa - El Diario - Bolivia\" \/>\n<meta property=\"og:description\" content=\"Luego de que padres de familia de la unidad educativa Aldeas Infantiles SOS bloquearon la principal avenida del macrodistrito Mallasa, en el municipio de La Paz, exigiendo a las autoridades de la alcald\u00eda pace\u00f1a aclarar la raz\u00f3n por la cual m\u00e1s de 20 estudiantes se intoxicaron y que prioricen los resultados de las pruebas de [&hellip;]\" \/>\n<meta property=\"og:url\" content=\"https:\/\/www.eldiario.net\/portal\/2023\/08\/22\/gasifican-a-padres-de-familia-que-exigen-aclarar-caso-de-intoxicacion-en-mallasa\/\" \/>\n<meta property=\"og:site_name\" content=\"El Diario - Bolivia\" \/>\n<meta property=\"article:publisher\" content=\"https:\/\/www.facebook.com\/eldiario.bolivia\/\" \/>\n<meta property=\"article:published_time\" content=\"2023-08-22T10:54:42+00:00\" \/>\n<meta property=\"og:image\" content=\"https:\/\/www.eldiario.net\/portal\/wp-content\/uploads\/2023\/08\/FAMILIA-FOTO.jpg\" \/>\n\t<meta property=\"og:image:width\" content=\"378\" \/>\n\t<meta property=\"og:image:height\" content=\"227\" \/>\n\t<meta property=\"og:image:type\" content=\"image\/jpeg\" \/>\n<meta name=\"author\" content=\"Jeanette\" \/>\n<meta name=\"twitter:card\" content=\"summary_large_image\" \/>\n<meta name=\"twitter:creator\" content=\"@eldiario_net\" \/>\n<meta name=\"twitter:site\" content=\"@eldiario_net\" \/>\n<meta name=\"twitter:label1\" content=\"Escrito por\" \/>\n\t<meta name=\"twitter:data1\" content=\"Jeanette\" \/>\n\t<meta name=\"twitter:label2\" content=\"Tiempo de lectura\" \/>\n\t<meta name=\"twitter:data2\" content=\"2 minutos\" \/>\n<script type=\"application\/ld+json\" class=\"yoast-schema-graph\">{\"@context\":\"https:\\\/\\\/schema.org\",\"@graph\":[{\"@type\":\"Article\",\"@id\":\"https:\\\/\\\/www.eldiario.net\\\/portal\\\/2023\\\/08\\\/22\\\/gasifican-a-padres-de-familia-que-exigen-aclarar-caso-de-intoxicacion-en-mallasa\\\/#article\",\"isPartOf\":{\"@id\":\"https:\\\/\\\/www.eldiario.net\\\/portal\\\/2023\\\/08\\\/22\\\/gasifican-a-padres-de-familia-que-exigen-aclarar-caso-de-intoxicacion-en-mallasa\\\/\"},\"author\":{\"name\":\"Jeanette\",\"@id\":\"https:\\\/\\\/www.eldiario.net\\\/portal\\\/#\\\/schema\\\/person\\\/f46445640444750d7d753ccd04ae01b7\"},\"headline\":\"Gasifican a padres de familia que exigen aclarar caso de intoxicaci\u00f3n en Mallasa\",\"datePublished\":\"2023-08-22T10:54:42+00:00\",\"mainEntityOfPage\":{\"@id\":\"https:\\\/\\\/www.eldiario.net\\\/portal\\\/2023\\\/08\\\/22\\\/gasifican-a-padres-de-familia-que-exigen-aclarar-caso-de-intoxicacion-en-mallasa\\\/\"},\"wordCount\":361,\"publisher\":{\"@id\":\"https:\\\/\\\/www.eldiario.net\\\/portal\\\/#organization\"},\"image\":{\"@id\":\"https:\\\/\\\/www.eldiario.net\\\/portal\\\/2023\\\/08\\\/22\\\/gasifican-a-padres-de-familia-que-exigen-aclarar-caso-de-intoxicacion-en-mallasa\\\/#primaryimage\"},\"thumbnailUrl\":\"https:\\\/\\\/www.eldiario.net\\\/portal\\\/wp-content\\\/uploads\\\/2023\\\/08\\\/FAMILIA-FOTO.jpg\",\"articleSection\":[\"Nacional\"],\"inLanguage\":\"es\"},{\"@type\":\"WebPage\",\"@id\":\"https:\\\/\\\/www.eldiario.net\\\/portal\\\/2023\\\/08\\\/22\\\/gasifican-a-padres-de-familia-que-exigen-aclarar-caso-de-intoxicacion-en-mallasa\\\/\",\"url\":\"https:\\\/\\\/www.eldiario.net\\\/portal\\\/2023\\\/08\\\/22\\\/gasifican-a-padres-de-familia-que-exigen-aclarar-caso-de-intoxicacion-en-mallasa\\\/\",\"name\":\"Gasifican a padres de familia que exigen aclarar caso de intoxicaci\u00f3n en Mallasa - El Diario - Bolivia\",\"isPartOf\":{\"@id\":\"https:\\\/\\\/www.eldiario.net\\\/portal\\\/#website\"},\"primaryImageOfPage\":{\"@id\":\"https:\\\/\\\/www.eldiario.net\\\/portal\\\/2023\\\/08\\\/22\\\/gasifican-a-padres-de-familia-que-exigen-aclarar-caso-de-intoxicacion-en-mallasa\\\/#primaryimage\"},\"image\":{\"@id\":\"https:\\\/\\\/www.eldiario.net\\\/portal\\\/2023\\\/08\\\/22\\\/gasifican-a-padres-de-familia-que-exigen-aclarar-caso-de-intoxicacion-en-mallasa\\\/#primaryimage\"},\"thumbnailUrl\":\"https:\\\/\\\/www.eldiario.net\\\/portal\\\/wp-content\\\/uploads\\\/2023\\\/08\\\/FAMILIA-FOTO.jpg\",\"datePublished\":\"2023-08-22T10:54:42+00:00\",\"breadcrumb\":{\"@id\":\"https:\\\/\\\/www.eldiario.net\\\/portal\\\/2023\\\/08\\\/22\\\/gasifican-a-padres-de-familia-que-exigen-aclarar-caso-de-intoxicacion-en-mallasa\\\/#breadcrumb\"},\"inLanguage\":\"es\",\"potentialAction\":[{\"@type\":\"ReadAction\",\"target\":[\"https:\\\/\\\/www.eldiario.net\\\/portal\\\/2023\\\/08\\\/22\\\/gasifican-a-padres-de-familia-que-exigen-aclarar-caso-de-intoxicacion-en-mallasa\\\/\"]}]},{\"@type\":\"ImageObject\",\"inLanguage\":\"es\",\"@id\":\"https:\\\/\\\/www.eldiario.net\\\/portal\\\/2023\\\/08\\\/22\\\/gasifican-a-padres-de-familia-que-exigen-aclarar-caso-de-intoxicacion-en-mallasa\\\/#primaryimage\",\"url\":\"https:\\\/\\\/www.eldiario.net\\\/portal\\\/wp-content\\\/uploads\\\/2023\\\/08\\\/FAMILIA-FOTO.jpg\",\"contentUrl\":\"https:\\\/\\\/www.eldiario.net\\\/portal\\\/wp-content\\\/uploads\\\/2023\\\/08\\\/FAMILIA-FOTO.jpg\",\"width\":378,\"height\":227,\"caption\":\"Padres de familia de la unidad educativa de Mallasa bloquearon la avenida principal. Cr\u00e9dito: RRSS\"},{\"@type\":\"BreadcrumbList\",\"@id\":\"https:\\\/\\\/www.eldiario.net\\\/portal\\\/2023\\\/08\\\/22\\\/gasifican-a-padres-de-familia-que-exigen-aclarar-caso-de-intoxicacion-en-mallasa\\\/#breadcrumb\",\"itemListElement\":[{\"@type\":\"ListItem\",\"position\":1,\"name\":\"Portada\",\"item\":\"https:\\\/\\\/www.eldiario.net\\\/portal\\\/\"},{\"@type\":\"ListItem\",\"position\":2,\"name\":\"Gasifican a padres de familia que exigen aclarar caso de intoxicaci\u00f3n en Mallasa\"}]},{\"@type\":\"WebSite\",\"@id\":\"https:\\\/\\\/www.eldiario.net\\\/portal\\\/#website\",\"url\":\"https:\\\/\\\/www.eldiario.net\\\/portal\\\/\",\"name\":\"El Diario - Decano de la prensa nacional\",\"description\":\"El Diario - Decano de la prensa nacional\",\"publisher\":{\"@id\":\"https:\\\/\\\/www.eldiario.net\\\/portal\\\/#organization\"},\"potentialAction\":[{\"@type\":\"SearchAction\",\"target\":{\"@type\":\"EntryPoint\",\"urlTemplate\":\"https:\\\/\\\/www.eldiario.net\\\/portal\\\/?s={search_term_string}\"},\"query-input\":{\"@type\":\"PropertyValueSpecification\",\"valueRequired\":true,\"valueName\":\"search_term_string\"}}],\"inLanguage\":\"es\"},{\"@type\":\"Organization\",\"@id\":\"https:\\\/\\\/www.eldiario.net\\\/portal\\\/#organization\",\"name\":\"El Diario - Decano de la prensa nacional\",\"url\":\"https:\\\/\\\/www.eldiario.net\\\/portal\\\/\",\"logo\":{\"@type\":\"ImageObject\",\"inLanguage\":\"es\",\"@id\":\"https:\\\/\\\/www.eldiario.net\\\/portal\\\/#\\\/schema\\\/logo\\\/image\\\/\",\"url\":\"https:\\\/\\\/www.eldiario.net\\\/portal\\\/wp-content\\\/uploads\\\/2023\\\/07\\\/logo_ED.jpg\",\"contentUrl\":\"https:\\\/\\\/www.eldiario.net\\\/portal\\\/wp-content\\\/uploads\\\/2023\\\/07\\\/logo_ED.jpg\",\"width\":272,\"height\":52,\"caption\":\"El Diario - Decano de la prensa nacional\"},\"image\":{\"@id\":\"https:\\\/\\\/www.eldiario.net\\\/portal\\\/#\\\/schema\\\/logo\\\/image\\\/\"},\"sameAs\":[\"https:\\\/\\\/www.facebook.com\\\/eldiario.bolivia\\\/\",\"https:\\\/\\\/x.com\\\/eldiario_net\"]},{\"@type\":\"Person\",\"@id\":\"https:\\\/\\\/www.eldiario.net\\\/portal\\\/#\\\/schema\\\/person\\\/f46445640444750d7d753ccd04ae01b7\",\"name\":\"Jeanette\",\"image\":{\"@type\":\"ImageObject\",\"inLanguage\":\"es\",\"@id\":\"https:\\\/\\\/secure.gravatar.com\\\/avatar\\\/3ea2118a5f7dad2b7138b1187a6b7ee55f160b9968b66013c3a3ef39dd7e5798?s=96&d=mm&r=g\",\"url\":\"https:\\\/\\\/secure.gravatar.com\\\/avatar\\\/3ea2118a5f7dad2b7138b1187a6b7ee55f160b9968b66013c3a3ef39dd7e5798?s=96&d=mm&r=g\",\"contentUrl\":\"https:\\\/\\\/secure.gravatar.com\\\/avatar\\\/3ea2118a5f7dad2b7138b1187a6b7ee55f160b9968b66013c3a3ef39dd7e5798?s=96&d=mm&r=g\",\"caption\":\"Jeanette\"},\"sameAs\":[\"https:\\\/\\\/www.eldiario.net\\\/portal\"],\"url\":\"https:\\\/\\\/www.eldiario.net\\\/portal\\\/author\\\/jeanette\\\/\"}]}<\/script>\n<!-- \/ Yoast SEO plugin. -->","yoast_head_json":{"title":"Gasifican a padres de familia que exigen aclarar caso de intoxicaci\u00f3n en Mallasa - El Diario - Bolivia","robots":{"index":"index","follow":"follow","max-snippet":"max-snippet:-1","max-image-preview":"max-image-preview:large","max-video-preview":"max-video-preview:-1"},"canonical":"https:\/\/www.eldiario.net\/portal\/2023\/08\/22\/gasifican-a-padres-de-familia-que-exigen-aclarar-caso-de-intoxicacion-en-mallasa\/","og_locale":"es_ES","og_type":"article","og_title":"Gasifican a padres de familia que exigen aclarar caso de intoxicaci\u00f3n en Mallasa - El Diario - Bolivia","og_description":"Luego de que padres de familia de la unidad educativa Aldeas Infantiles SOS bloquearon la principal avenida del macrodistrito Mallasa, en el municipio de La Paz, exigiendo a las autoridades de la alcald\u00eda pace\u00f1a aclarar la raz\u00f3n por la cual m\u00e1s de 20 estudiantes se intoxicaron y que prioricen los resultados de las pruebas de [&hellip;]","og_url":"https:\/\/www.eldiario.net\/portal\/2023\/08\/22\/gasifican-a-padres-de-familia-que-exigen-aclarar-caso-de-intoxicacion-en-mallasa\/","og_site_name":"El Diario - Bolivia","article_publisher":"https:\/\/www.facebook.com\/eldiario.bolivia\/","article_published_time":"2023-08-22T10:54:42+00:00","og_image":[{"width":378,"height":227,"url":"https:\/\/www.eldiario.net\/portal\/wp-content\/uploads\/2023\/08\/FAMILIA-FOTO.jpg","type":"image\/jpeg"}],"author":"Jeanette","twitter_card":"summary_large_image","twitter_creator":"@eldiario_net","twitter_site":"@eldiario_net","twitter_misc":{"Escrito por":"Jeanette","Tiempo de lectura":"2 minutos"},"schema":{"@context":"https:\/\/schema.org","@graph":[{"@type":"Article","@id":"https:\/\/www.eldiario.net\/portal\/2023\/08\/22\/gasifican-a-padres-de-familia-que-exigen-aclarar-caso-de-intoxicacion-en-mallasa\/#article","isPartOf":{"@id":"https:\/\/www.eldiario.net\/portal\/2023\/08\/22\/gasifican-a-padres-de-familia-que-exigen-aclarar-caso-de-intoxicacion-en-mallasa\/"},"author":{"name":"Jeanette","@id":"https:\/\/www.eldiario.net\/portal\/#\/schema\/person\/f46445640444750d7d753ccd04ae01b7"},"headline":"Gasifican a padres de familia que exigen aclarar caso de intoxicaci\u00f3n en Mallasa","datePublished":"2023-08-22T10:54:42+00:00","mainEntityOfPage":{"@id":"https:\/\/www.eldiario.net\/portal\/2023\/08\/22\/gasifican-a-padres-de-familia-que-exigen-aclarar-caso-de-intoxicacion-en-mallasa\/"},"wordCount":361,"publisher":{"@id":"https:\/\/www.eldiario.net\/portal\/#organization"},"image":{"@id":"https:\/\/www.eldiario.net\/portal\/2023\/08\/22\/gasifican-a-padres-de-familia-que-exigen-aclarar-caso-de-intoxicacion-en-mallasa\/#primaryimage"},"thumbnailUrl":"https:\/\/www.eldiario.net\/portal\/wp-content\/uploads\/2023\/08\/FAMILIA-FOTO.jpg","articleSection":["Nacional"],"inLanguage":"es"},{"@type":"WebPage","@id":"https:\/\/www.eldiario.net\/portal\/2023\/08\/22\/gasifican-a-padres-de-familia-que-exigen-aclarar-caso-de-intoxicacion-en-mallasa\/","url":"https:\/\/www.eldiario.net\/portal\/2023\/08\/22\/gasifican-a-padres-de-familia-que-exigen-aclarar-caso-de-intoxicacion-en-mallasa\/","name":"Gasifican a padres de familia que exigen aclarar caso de intoxicaci\u00f3n en Mallasa - El Diario - Bolivia","isPartOf":{"@id":"https:\/\/www.eldiario.net\/portal\/#website"},"primaryImageOfPage":{"@id":"https:\/\/www.eldiario.net\/portal\/2023\/08\/22\/gasifican-a-padres-de-familia-que-exigen-aclarar-caso-de-intoxicacion-en-mallasa\/#primaryimage"},"image":{"@id":"https:\/\/www.eldiario.net\/portal\/2023\/08\/22\/gasifican-a-padres-de-familia-que-exigen-aclarar-caso-de-intoxicacion-en-mallasa\/#primaryimage"},"thumbnailUrl":"https:\/\/www.eldiario.net\/portal\/wp-content\/uploads\/2023\/08\/FAMILIA-FOTO.jpg","datePublished":"2023-08-22T10:54:42+00:00","breadcrumb":{"@id":"https:\/\/www.eldiario.net\/portal\/2023\/08\/22\/gasifican-a-padres-de-familia-que-exigen-aclarar-caso-de-intoxicacion-en-mallasa\/#breadcrumb"},"inLanguage":"es","potentialAction":[{"@type":"ReadAction","target":["https:\/\/www.eldiario.net\/portal\/2023\/08\/22\/gasifican-a-padres-de-familia-que-exigen-aclarar-caso-de-intoxicacion-en-mallasa\/"]}]},{"@type":"ImageObject","inLanguage":"es","@id":"https:\/\/www.eldiario.net\/portal\/2023\/08\/22\/gasifican-a-padres-de-familia-que-exigen-aclarar-caso-de-intoxicacion-en-mallasa\/#primaryimage","url":"https:\/\/www.eldiario.net\/portal\/wp-content\/uploads\/2023\/08\/FAMILIA-FOTO.jpg","contentUrl":"https:\/\/www.eldiario.net\/portal\/wp-content\/uploads\/2023\/08\/FAMILIA-FOTO.jpg","width":378,"height":227,"caption":"Padres de familia de la unidad educativa de Mallasa bloquearon la avenida principal. Cr\u00e9dito: RRSS"},{"@type":"BreadcrumbList","@id":"https:\/\/www.eldiario.net\/portal\/2023\/08\/22\/gasifican-a-padres-de-familia-que-exigen-aclarar-caso-de-intoxicacion-en-mallasa\/#breadcrumb","itemListElement":[{"@type":"ListItem","position":1,"name":"Portada","item":"https:\/\/www.eldiario.net\/portal\/"},{"@type":"ListItem","position":2,"name":"Gasifican a padres de familia que exigen aclarar caso de intoxicaci\u00f3n en Mallasa"}]},{"@type":"WebSite","@id":"https:\/\/www.eldiario.net\/portal\/#website","url":"https:\/\/www.eldiario.net\/portal\/","name":"El Diario - Decano de la prensa nacional","description":"El Diario - Decano de la prensa nacional","publisher":{"@id":"https:\/\/www.eldiario.net\/portal\/#organization"},"potentialAction":[{"@type":"SearchAction","target":{"@type":"EntryPoint","urlTemplate":"https:\/\/www.eldiario.net\/portal\/?s={search_term_string}"},"query-input":{"@type":"PropertyValueSpecification","valueRequired":true,"valueName":"search_term_string"}}],"inLanguage":"es"},{"@type":"Organization","@id":"https:\/\/www.eldiario.net\/portal\/#organization","name":"El Diario - Decano de la prensa nacional","url":"https:\/\/www.eldiario.net\/portal\/","logo":{"@type":"ImageObject","inLanguage":"es","@id":"https:\/\/www.eldiario.net\/portal\/#\/schema\/logo\/image\/","url":"https:\/\/www.eldiario.net\/portal\/wp-content\/uploads\/2023\/07\/logo_ED.jpg","contentUrl":"https:\/\/www.eldiario.net\/portal\/wp-content\/uploads\/2023\/07\/logo_ED.jpg","width":272,"height":52,"caption":"El Diario - Decano de la prensa nacional"},"image":{"@id":"https:\/\/www.eldiario.net\/portal\/#\/schema\/logo\/image\/"},"sameAs":["https:\/\/www.facebook.com\/eldiario.bolivia\/","https:\/\/x.com\/eldiario_net"]},{"@type":"Person","@id":"https:\/\/www.eldiario.net\/portal\/#\/schema\/person\/f46445640444750d7d753ccd04ae01b7","name":"Jeanette","image":{"@type":"ImageObject","inLanguage":"es","@id":"https:\/\/secure.gravatar.com\/avatar\/3ea2118a5f7dad2b7138b1187a6b7ee55f160b9968b66013c3a3ef39dd7e5798?s=96&d=mm&r=g","url":"https:\/\/secure.gravatar.com\/avatar\/3ea2118a5f7dad2b7138b1187a6b7ee55f160b9968b66013c3a3ef39dd7e5798?s=96&d=mm&r=g","contentUrl":"https:\/\/secure.gravatar.com\/avatar\/3ea2118a5f7dad2b7138b1187a6b7ee55f160b9968b66013c3a3ef39dd7e5798?s=96&d=mm&r=g","caption":"Jeanette"},"sameAs":["https:\/\/www.eldiario.net\/portal"],"url":"https:\/\/www.eldiario.net\/portal\/author\/jeanette\/"}]}},"_links":{"self":[{"href":"https:\/\/www.eldiario.net\/portal\/wp-json\/wp\/v2\/posts\/172369","targetHints":{"allow":["GET"]}}],"collection":[{"href":"https:\/\/www.eldiario.net\/portal\/wp-json\/wp\/v2\/posts"}],"about":[{"href":"https:\/\/www.eldiario.net\/portal\/wp-json\/wp\/v2\/types\/post"}],"author":[{"embeddable":true,"href":"https:\/\/www.eldiario.net\/portal\/wp-json\/wp\/v2\/users\/1"}],"replies":[{"embeddable":true,"href":"https:\/\/www.eldiario.net\/portal\/wp-json\/wp\/v2\/comments?post=172369"}],"version-history":[{"count":0,"href":"https:\/\/www.eldiario.net\/portal\/wp-json\/wp\/v2\/posts\/172369\/revisions"}],"wp:featuredmedia":[{"embeddable":true,"href":"https:\/\/www.eldiario.net\/portal\/wp-json\/wp\/v2\/media\/172370"}],"wp:attachment":[{"href":"https:\/\/www.eldiario.net\/portal\/wp-json\/wp\/v2\/media?parent=172369"}],"wp:term":[{"taxonomy":"category","embeddable":true,"href":"https:\/\/www.eldiario.net\/portal\/wp-json\/wp\/v2\/categories?post=172369"},{"taxonomy":"post_tag","embeddable":true,"href":"https:\/\/www.eldiario.net\/portal\/wp-json\/wp\/v2\/tags?post=172369"}],"curies":[{"name":"wp","href":"https:\/\/api.w.org\/{rel}","templated":true}]}}