{"id":172363,"date":"2023-08-22T06:53:05","date_gmt":"2023-08-22T10:53:05","guid":{"rendered":"https:\/\/www.eldiario.net\/portal\/?p=172363"},"modified":"2023-08-22T06:53:05","modified_gmt":"2023-08-22T10:53:05","slug":"defensoria-pide-el-cumplimiento-de-la-ley-949-y-cerrar-san-pedro","status":"publish","type":"post","link":"https:\/\/www.eldiario.net\/portal\/2023\/08\/22\/defensoria-pide-el-cumplimiento-de-la-ley-949-y-cerrar-san-pedro\/","title":{"rendered":"Defensor\u00eda pide el cumplimiento  de la Ley 949 y cerrar San Pedro"},"content":{"rendered":"<p>En su informe anual correspondiente a la gesti\u00f3n 2022, la Defensor\u00eda del Pueblo, recomend\u00f3 pedir el cumplimiento de la Ley 494 referida al cierre del centro penitenciario de San Pedro de la ciudad de La Paz y la construcci\u00f3n del proyecto Complejo Penitenciario para el departamento, acorde a las necesidades de la poblaci\u00f3n privada de libertad.<\/p>\n<p>Asimismo realiza 30 recomendaciones al Estado boliviano para precautelar el cumplimiento de las obligaciones internacionales asumidas por el pa\u00eds en cuanto a las personas privadas de libertad.<\/p>\n<p>Recomienda, por ejemplo, el relevamiento de la infraestructura carcelaria a nivel nacional, acciones en beneficio de poblaci\u00f3n vulnerable privada de libertad, en especial madres, personas con enfermedades terminales, adultos y personas discapacidad f\u00edsica y\/o mental.<\/p>\n<p>Se recomend\u00f3 tambi\u00e9n elaborar una propuesta para mejorar los servicios de salud en centros penitenciarios y analizar la cobertura ambulatoria a celdas policiales, adem\u00e1s de incrementar las jornadas de descongestionamiento carcelario y acciones conjuntas con el Ministerio P\u00fablico en procura de bajar el hacinamiento en centros penitenciarios.<\/p>\n<p>&nbsp;<\/p>\n<p><strong>DETENCI\u00d3N <\/strong><\/p>\n<p><strong>PREVENTIVA <\/strong><\/p>\n<p>Entre las recomendaciones est\u00e1 tambi\u00e9n la realizaci\u00f3n de un estudio t\u00e9cnico y estad\u00edstico sobre el uso de la detenci\u00f3n preventiva, con el objetivo de identificar las causas de su uso excesivo y analizar las posibles soluciones.<\/p>\n<p>En mayo de 2023, el director de R\u00e9gimen Penitenciario, Juan Carlos Limpias, inform\u00f3 que hasta abril de este a\u00f1o, la poblaci\u00f3n privada de libertad en Bolivia alcanz\u00f3 a las 25.940 personas, entre varones y mujeres. La detenci\u00f3n preventiva es la causa mayor del 147% de hacinamiento<\/p>\n<p>De los 25.940 reclusos, el 64,4%, tiene detenci\u00f3n preventiva. Frente a un 35,6%, 9.235, que cuenta con sentencia en sus procesos.<\/p>\n<p>El departamento con m\u00e1s hacinamiento carcelario es Santa Cruz, que tiene una capacidad para albergar a 2.878 reos; sin embargo, existe una poblaci\u00f3n de 9.619. Le sigue La Paz, cuyas c\u00e1rceles debieran tener 2.115 personas recluidas, pero hay 5.387.<\/p>\n<p>El Grupo Interdisciplinario de Expertos Independientes (GIEI), en su informe final sobre los hechos de violencia y vulneraci\u00f3n de derechos en 2019, estableci\u00f3 que autoridades judiciales \u201cno respetan los est\u00e1ndares legales sobre el uso restrictivo de la detenci\u00f3n preventiva\u201d.<\/p>\n<p>&nbsp;<\/p>\n<p>\u201cEsta situaci\u00f3n ha acarreado otros problemas, como el hacinamiento carcelario\u201d, se\u00f1ala una parte del punto 3.2 de ese informe, que lleva por t\u00edtulo abuso de la detenci\u00f3n preventiva.<\/p>\n<p>El 22 de febrero de 2022, al emitir 19 observaciones sobre la situaci\u00f3n de la justicia, el relator especial de la Organizaci\u00f3n de Naciones Unidas (ONU), Diego Garc\u00eda-Say\u00e1n, observ\u00f3 que \u201cel 64,10% de las personas privadas de libertad (de entonces) estaban bajo detenci\u00f3n preventiva\u201d. Llam\u00f3 a todas las instituciones y sociedad civil a conformar \u201cun gran acuerdo nacional por la justicia\u201d.<\/p>\n<p>&nbsp;<\/p>\n<p><strong>NORMA <\/strong><\/p>\n<p>La Ley N\u00ba 494, del 25 de enero de 2014, declara de inter\u00e9s y prioridad nacional la ejecuci\u00f3n del Proyecto \u201cComplejo Penitenciario del Departamento de La Paz\u201d.<\/p>\n","protected":false},"excerpt":{"rendered":"<p>En su informe anual correspondiente a la gesti\u00f3n 2022, la Defensor\u00eda del Pueblo, recomend\u00f3 pedir el cumplimiento de la Ley 494 referida al cierre del centro penitenciario de San Pedro de la ciudad de La Paz y la construcci\u00f3n del proyecto Complejo Penitenciario para el departamento, acorde a las necesidades de la poblaci\u00f3n privada de [&hellip;]<\/p>\n","protected":false},"author":1,"featured_media":172364,"comment_status":"closed","ping_status":"open","sticky":false,"template":"","format":"standard","meta":{"_acf_changed":false,"footnotes":""},"categories":[39],"tags":[],"class_list":["post-172363","post","type-post","status-publish","format-standard","has-post-thumbnail","category-sociedad"],"acf":{"antetitulo":""},"yoast_head":"<!-- This site is optimized with the Yoast SEO plugin v28.3 - https:\/\/yoast.com\/product\/yoast-seo-wordpress\/ -->\n<title>Defensor\u00eda pide el cumplimiento de la Ley 949 y cerrar San Pedro - El Diario - Bolivia<\/title>\n<meta name=\"robots\" content=\"index, follow, max-snippet:-1, max-image-preview:large, max-video-preview:-1\" \/>\n<link rel=\"canonical\" href=\"https:\/\/www.eldiario.net\/portal\/2023\/08\/22\/defensoria-pide-el-cumplimiento-de-la-ley-949-y-cerrar-san-pedro\/\" \/>\n<meta property=\"og:locale\" content=\"es_ES\" \/>\n<meta property=\"og:type\" content=\"article\" \/>\n<meta property=\"og:title\" content=\"Defensor\u00eda pide el cumplimiento de la Ley 949 y cerrar San Pedro - El Diario - Bolivia\" \/>\n<meta property=\"og:description\" content=\"En su informe anual correspondiente a la gesti\u00f3n 2022, la Defensor\u00eda del Pueblo, recomend\u00f3 pedir el cumplimiento de la Ley 494 referida al cierre del centro penitenciario de San Pedro de la ciudad de La Paz y la construcci\u00f3n del proyecto Complejo Penitenciario para el departamento, acorde a las necesidades de la poblaci\u00f3n privada de [&hellip;]\" \/>\n<meta property=\"og:url\" content=\"https:\/\/www.eldiario.net\/portal\/2023\/08\/22\/defensoria-pide-el-cumplimiento-de-la-ley-949-y-cerrar-san-pedro\/\" \/>\n<meta property=\"og:site_name\" content=\"El Diario - Bolivia\" \/>\n<meta property=\"article:publisher\" content=\"https:\/\/www.facebook.com\/eldiario.bolivia\/\" \/>\n<meta property=\"article:published_time\" content=\"2023-08-22T10:53:05+00:00\" \/>\n<meta property=\"og:image\" content=\"https:\/\/www.eldiario.net\/portal\/wp-content\/uploads\/2023\/08\/SAN-PEDRO-FOTO.jpeg\" \/>\n\t<meta property=\"og:image:width\" content=\"780\" \/>\n\t<meta property=\"og:image:height\" content=\"400\" \/>\n\t<meta property=\"og:image:type\" content=\"image\/jpeg\" \/>\n<meta name=\"author\" content=\"Jeanette\" \/>\n<meta name=\"twitter:card\" content=\"summary_large_image\" \/>\n<meta name=\"twitter:creator\" content=\"@eldiario_net\" \/>\n<meta name=\"twitter:site\" content=\"@eldiario_net\" \/>\n<meta name=\"twitter:label1\" content=\"Escrito por\" \/>\n\t<meta name=\"twitter:data1\" content=\"Jeanette\" \/>\n\t<meta name=\"twitter:label2\" content=\"Tiempo de lectura\" \/>\n\t<meta name=\"twitter:data2\" content=\"3 minutos\" \/>\n<script type=\"application\/ld+json\" class=\"yoast-schema-graph\">{\"@context\":\"https:\\\/\\\/schema.org\",\"@graph\":[{\"@type\":\"Article\",\"@id\":\"https:\\\/\\\/www.eldiario.net\\\/portal\\\/2023\\\/08\\\/22\\\/defensoria-pide-el-cumplimiento-de-la-ley-949-y-cerrar-san-pedro\\\/#article\",\"isPartOf\":{\"@id\":\"https:\\\/\\\/www.eldiario.net\\\/portal\\\/2023\\\/08\\\/22\\\/defensoria-pide-el-cumplimiento-de-la-ley-949-y-cerrar-san-pedro\\\/\"},\"author\":{\"name\":\"Jeanette\",\"@id\":\"https:\\\/\\\/www.eldiario.net\\\/portal\\\/#\\\/schema\\\/person\\\/f46445640444750d7d753ccd04ae01b7\"},\"headline\":\"Defensor\u00eda pide el cumplimiento de la Ley 949 y cerrar San Pedro\",\"datePublished\":\"2023-08-22T10:53:05+00:00\",\"mainEntityOfPage\":{\"@id\":\"https:\\\/\\\/www.eldiario.net\\\/portal\\\/2023\\\/08\\\/22\\\/defensoria-pide-el-cumplimiento-de-la-ley-949-y-cerrar-san-pedro\\\/\"},\"wordCount\":496,\"publisher\":{\"@id\":\"https:\\\/\\\/www.eldiario.net\\\/portal\\\/#organization\"},\"image\":{\"@id\":\"https:\\\/\\\/www.eldiario.net\\\/portal\\\/2023\\\/08\\\/22\\\/defensoria-pide-el-cumplimiento-de-la-ley-949-y-cerrar-san-pedro\\\/#primaryimage\"},\"thumbnailUrl\":\"https:\\\/\\\/www.eldiario.net\\\/portal\\\/wp-content\\\/uploads\\\/2023\\\/08\\\/SAN-PEDRO-FOTO.jpeg\",\"articleSection\":[\"Sociedad - Seguridad\"],\"inLanguage\":\"es\"},{\"@type\":\"WebPage\",\"@id\":\"https:\\\/\\\/www.eldiario.net\\\/portal\\\/2023\\\/08\\\/22\\\/defensoria-pide-el-cumplimiento-de-la-ley-949-y-cerrar-san-pedro\\\/\",\"url\":\"https:\\\/\\\/www.eldiario.net\\\/portal\\\/2023\\\/08\\\/22\\\/defensoria-pide-el-cumplimiento-de-la-ley-949-y-cerrar-san-pedro\\\/\",\"name\":\"Defensor\u00eda pide el cumplimiento de la Ley 949 y cerrar San Pedro - El Diario - Bolivia\",\"isPartOf\":{\"@id\":\"https:\\\/\\\/www.eldiario.net\\\/portal\\\/#website\"},\"primaryImageOfPage\":{\"@id\":\"https:\\\/\\\/www.eldiario.net\\\/portal\\\/2023\\\/08\\\/22\\\/defensoria-pide-el-cumplimiento-de-la-ley-949-y-cerrar-san-pedro\\\/#primaryimage\"},\"image\":{\"@id\":\"https:\\\/\\\/www.eldiario.net\\\/portal\\\/2023\\\/08\\\/22\\\/defensoria-pide-el-cumplimiento-de-la-ley-949-y-cerrar-san-pedro\\\/#primaryimage\"},\"thumbnailUrl\":\"https:\\\/\\\/www.eldiario.net\\\/portal\\\/wp-content\\\/uploads\\\/2023\\\/08\\\/SAN-PEDRO-FOTO.jpeg\",\"datePublished\":\"2023-08-22T10:53:05+00:00\",\"breadcrumb\":{\"@id\":\"https:\\\/\\\/www.eldiario.net\\\/portal\\\/2023\\\/08\\\/22\\\/defensoria-pide-el-cumplimiento-de-la-ley-949-y-cerrar-san-pedro\\\/#breadcrumb\"},\"inLanguage\":\"es\",\"potentialAction\":[{\"@type\":\"ReadAction\",\"target\":[\"https:\\\/\\\/www.eldiario.net\\\/portal\\\/2023\\\/08\\\/22\\\/defensoria-pide-el-cumplimiento-de-la-ley-949-y-cerrar-san-pedro\\\/\"]}]},{\"@type\":\"ImageObject\",\"inLanguage\":\"es\",\"@id\":\"https:\\\/\\\/www.eldiario.net\\\/portal\\\/2023\\\/08\\\/22\\\/defensoria-pide-el-cumplimiento-de-la-ley-949-y-cerrar-san-pedro\\\/#primaryimage\",\"url\":\"https:\\\/\\\/www.eldiario.net\\\/portal\\\/wp-content\\\/uploads\\\/2023\\\/08\\\/SAN-PEDRO-FOTO.jpeg\",\"contentUrl\":\"https:\\\/\\\/www.eldiario.net\\\/portal\\\/wp-content\\\/uploads\\\/2023\\\/08\\\/SAN-PEDRO-FOTO.jpeg\",\"width\":780,\"height\":400,\"caption\":\"VISTA DEL PENAL DE SAN PEDRO DE LA PAZ CR\u00c9DITO: REDES SOCIALES\"},{\"@type\":\"BreadcrumbList\",\"@id\":\"https:\\\/\\\/www.eldiario.net\\\/portal\\\/2023\\\/08\\\/22\\\/defensoria-pide-el-cumplimiento-de-la-ley-949-y-cerrar-san-pedro\\\/#breadcrumb\",\"itemListElement\":[{\"@type\":\"ListItem\",\"position\":1,\"name\":\"Portada\",\"item\":\"https:\\\/\\\/www.eldiario.net\\\/portal\\\/\"},{\"@type\":\"ListItem\",\"position\":2,\"name\":\"Defensor\u00eda pide el cumplimiento de la Ley 949 y cerrar San Pedro\"}]},{\"@type\":\"WebSite\",\"@id\":\"https:\\\/\\\/www.eldiario.net\\\/portal\\\/#website\",\"url\":\"https:\\\/\\\/www.eldiario.net\\\/portal\\\/\",\"name\":\"El Diario - Decano de la prensa nacional\",\"description\":\"El Diario - Decano de la prensa nacional\",\"publisher\":{\"@id\":\"https:\\\/\\\/www.eldiario.net\\\/portal\\\/#organization\"},\"potentialAction\":[{\"@type\":\"SearchAction\",\"target\":{\"@type\":\"EntryPoint\",\"urlTemplate\":\"https:\\\/\\\/www.eldiario.net\\\/portal\\\/?s={search_term_string}\"},\"query-input\":{\"@type\":\"PropertyValueSpecification\",\"valueRequired\":true,\"valueName\":\"search_term_string\"}}],\"inLanguage\":\"es\"},{\"@type\":\"Organization\",\"@id\":\"https:\\\/\\\/www.eldiario.net\\\/portal\\\/#organization\",\"name\":\"El Diario - Decano de la prensa nacional\",\"url\":\"https:\\\/\\\/www.eldiario.net\\\/portal\\\/\",\"logo\":{\"@type\":\"ImageObject\",\"inLanguage\":\"es\",\"@id\":\"https:\\\/\\\/www.eldiario.net\\\/portal\\\/#\\\/schema\\\/logo\\\/image\\\/\",\"url\":\"https:\\\/\\\/www.eldiario.net\\\/portal\\\/wp-content\\\/uploads\\\/2023\\\/07\\\/logo_ED.jpg\",\"contentUrl\":\"https:\\\/\\\/www.eldiario.net\\\/portal\\\/wp-content\\\/uploads\\\/2023\\\/07\\\/logo_ED.jpg\",\"width\":272,\"height\":52,\"caption\":\"El Diario - Decano de la prensa nacional\"},\"image\":{\"@id\":\"https:\\\/\\\/www.eldiario.net\\\/portal\\\/#\\\/schema\\\/logo\\\/image\\\/\"},\"sameAs\":[\"https:\\\/\\\/www.facebook.com\\\/eldiario.bolivia\\\/\",\"https:\\\/\\\/x.com\\\/eldiario_net\"]},{\"@type\":\"Person\",\"@id\":\"https:\\\/\\\/www.eldiario.net\\\/portal\\\/#\\\/schema\\\/person\\\/f46445640444750d7d753ccd04ae01b7\",\"name\":\"Jeanette\",\"image\":{\"@type\":\"ImageObject\",\"inLanguage\":\"es\",\"@id\":\"https:\\\/\\\/secure.gravatar.com\\\/avatar\\\/3ea2118a5f7dad2b7138b1187a6b7ee55f160b9968b66013c3a3ef39dd7e5798?s=96&d=mm&r=g\",\"url\":\"https:\\\/\\\/secure.gravatar.com\\\/avatar\\\/3ea2118a5f7dad2b7138b1187a6b7ee55f160b9968b66013c3a3ef39dd7e5798?s=96&d=mm&r=g\",\"contentUrl\":\"https:\\\/\\\/secure.gravatar.com\\\/avatar\\\/3ea2118a5f7dad2b7138b1187a6b7ee55f160b9968b66013c3a3ef39dd7e5798?s=96&d=mm&r=g\",\"caption\":\"Jeanette\"},\"sameAs\":[\"https:\\\/\\\/www.eldiario.net\\\/portal\"],\"url\":\"https:\\\/\\\/www.eldiario.net\\\/portal\\\/author\\\/jeanette\\\/\"}]}<\/script>\n<!-- \/ Yoast SEO plugin. -->","yoast_head_json":{"title":"Defensor\u00eda pide el cumplimiento de la Ley 949 y cerrar San Pedro - El Diario - Bolivia","robots":{"index":"index","follow":"follow","max-snippet":"max-snippet:-1","max-image-preview":"max-image-preview:large","max-video-preview":"max-video-preview:-1"},"canonical":"https:\/\/www.eldiario.net\/portal\/2023\/08\/22\/defensoria-pide-el-cumplimiento-de-la-ley-949-y-cerrar-san-pedro\/","og_locale":"es_ES","og_type":"article","og_title":"Defensor\u00eda pide el cumplimiento de la Ley 949 y cerrar San Pedro - El Diario - Bolivia","og_description":"En su informe anual correspondiente a la gesti\u00f3n 2022, la Defensor\u00eda del Pueblo, recomend\u00f3 pedir el cumplimiento de la Ley 494 referida al cierre del centro penitenciario de San Pedro de la ciudad de La Paz y la construcci\u00f3n del proyecto Complejo Penitenciario para el departamento, acorde a las necesidades de la poblaci\u00f3n privada de [&hellip;]","og_url":"https:\/\/www.eldiario.net\/portal\/2023\/08\/22\/defensoria-pide-el-cumplimiento-de-la-ley-949-y-cerrar-san-pedro\/","og_site_name":"El Diario - Bolivia","article_publisher":"https:\/\/www.facebook.com\/eldiario.bolivia\/","article_published_time":"2023-08-22T10:53:05+00:00","og_image":[{"width":780,"height":400,"url":"https:\/\/www.eldiario.net\/portal\/wp-content\/uploads\/2023\/08\/SAN-PEDRO-FOTO.jpeg","type":"image\/jpeg"}],"author":"Jeanette","twitter_card":"summary_large_image","twitter_creator":"@eldiario_net","twitter_site":"@eldiario_net","twitter_misc":{"Escrito por":"Jeanette","Tiempo de lectura":"3 minutos"},"schema":{"@context":"https:\/\/schema.org","@graph":[{"@type":"Article","@id":"https:\/\/www.eldiario.net\/portal\/2023\/08\/22\/defensoria-pide-el-cumplimiento-de-la-ley-949-y-cerrar-san-pedro\/#article","isPartOf":{"@id":"https:\/\/www.eldiario.net\/portal\/2023\/08\/22\/defensoria-pide-el-cumplimiento-de-la-ley-949-y-cerrar-san-pedro\/"},"author":{"name":"Jeanette","@id":"https:\/\/www.eldiario.net\/portal\/#\/schema\/person\/f46445640444750d7d753ccd04ae01b7"},"headline":"Defensor\u00eda pide el cumplimiento de la Ley 949 y cerrar San Pedro","datePublished":"2023-08-22T10:53:05+00:00","mainEntityOfPage":{"@id":"https:\/\/www.eldiario.net\/portal\/2023\/08\/22\/defensoria-pide-el-cumplimiento-de-la-ley-949-y-cerrar-san-pedro\/"},"wordCount":496,"publisher":{"@id":"https:\/\/www.eldiario.net\/portal\/#organization"},"image":{"@id":"https:\/\/www.eldiario.net\/portal\/2023\/08\/22\/defensoria-pide-el-cumplimiento-de-la-ley-949-y-cerrar-san-pedro\/#primaryimage"},"thumbnailUrl":"https:\/\/www.eldiario.net\/portal\/wp-content\/uploads\/2023\/08\/SAN-PEDRO-FOTO.jpeg","articleSection":["Sociedad - Seguridad"],"inLanguage":"es"},{"@type":"WebPage","@id":"https:\/\/www.eldiario.net\/portal\/2023\/08\/22\/defensoria-pide-el-cumplimiento-de-la-ley-949-y-cerrar-san-pedro\/","url":"https:\/\/www.eldiario.net\/portal\/2023\/08\/22\/defensoria-pide-el-cumplimiento-de-la-ley-949-y-cerrar-san-pedro\/","name":"Defensor\u00eda pide el cumplimiento de la Ley 949 y cerrar San Pedro - El Diario - Bolivia","isPartOf":{"@id":"https:\/\/www.eldiario.net\/portal\/#website"},"primaryImageOfPage":{"@id":"https:\/\/www.eldiario.net\/portal\/2023\/08\/22\/defensoria-pide-el-cumplimiento-de-la-ley-949-y-cerrar-san-pedro\/#primaryimage"},"image":{"@id":"https:\/\/www.eldiario.net\/portal\/2023\/08\/22\/defensoria-pide-el-cumplimiento-de-la-ley-949-y-cerrar-san-pedro\/#primaryimage"},"thumbnailUrl":"https:\/\/www.eldiario.net\/portal\/wp-content\/uploads\/2023\/08\/SAN-PEDRO-FOTO.jpeg","datePublished":"2023-08-22T10:53:05+00:00","breadcrumb":{"@id":"https:\/\/www.eldiario.net\/portal\/2023\/08\/22\/defensoria-pide-el-cumplimiento-de-la-ley-949-y-cerrar-san-pedro\/#breadcrumb"},"inLanguage":"es","potentialAction":[{"@type":"ReadAction","target":["https:\/\/www.eldiario.net\/portal\/2023\/08\/22\/defensoria-pide-el-cumplimiento-de-la-ley-949-y-cerrar-san-pedro\/"]}]},{"@type":"ImageObject","inLanguage":"es","@id":"https:\/\/www.eldiario.net\/portal\/2023\/08\/22\/defensoria-pide-el-cumplimiento-de-la-ley-949-y-cerrar-san-pedro\/#primaryimage","url":"https:\/\/www.eldiario.net\/portal\/wp-content\/uploads\/2023\/08\/SAN-PEDRO-FOTO.jpeg","contentUrl":"https:\/\/www.eldiario.net\/portal\/wp-content\/uploads\/2023\/08\/SAN-PEDRO-FOTO.jpeg","width":780,"height":400,"caption":"VISTA DEL PENAL DE SAN PEDRO DE LA PAZ CR\u00c9DITO: REDES SOCIALES"},{"@type":"BreadcrumbList","@id":"https:\/\/www.eldiario.net\/portal\/2023\/08\/22\/defensoria-pide-el-cumplimiento-de-la-ley-949-y-cerrar-san-pedro\/#breadcrumb","itemListElement":[{"@type":"ListItem","position":1,"name":"Portada","item":"https:\/\/www.eldiario.net\/portal\/"},{"@type":"ListItem","position":2,"name":"Defensor\u00eda pide el cumplimiento de la Ley 949 y cerrar San Pedro"}]},{"@type":"WebSite","@id":"https:\/\/www.eldiario.net\/portal\/#website","url":"https:\/\/www.eldiario.net\/portal\/","name":"El Diario - Decano de la prensa nacional","description":"El Diario - Decano de la prensa nacional","publisher":{"@id":"https:\/\/www.eldiario.net\/portal\/#organization"},"potentialAction":[{"@type":"SearchAction","target":{"@type":"EntryPoint","urlTemplate":"https:\/\/www.eldiario.net\/portal\/?s={search_term_string}"},"query-input":{"@type":"PropertyValueSpecification","valueRequired":true,"valueName":"search_term_string"}}],"inLanguage":"es"},{"@type":"Organization","@id":"https:\/\/www.eldiario.net\/portal\/#organization","name":"El Diario - Decano de la prensa nacional","url":"https:\/\/www.eldiario.net\/portal\/","logo":{"@type":"ImageObject","inLanguage":"es","@id":"https:\/\/www.eldiario.net\/portal\/#\/schema\/logo\/image\/","url":"https:\/\/www.eldiario.net\/portal\/wp-content\/uploads\/2023\/07\/logo_ED.jpg","contentUrl":"https:\/\/www.eldiario.net\/portal\/wp-content\/uploads\/2023\/07\/logo_ED.jpg","width":272,"height":52,"caption":"El Diario - Decano de la prensa nacional"},"image":{"@id":"https:\/\/www.eldiario.net\/portal\/#\/schema\/logo\/image\/"},"sameAs":["https:\/\/www.facebook.com\/eldiario.bolivia\/","https:\/\/x.com\/eldiario_net"]},{"@type":"Person","@id":"https:\/\/www.eldiario.net\/portal\/#\/schema\/person\/f46445640444750d7d753ccd04ae01b7","name":"Jeanette","image":{"@type":"ImageObject","inLanguage":"es","@id":"https:\/\/secure.gravatar.com\/avatar\/3ea2118a5f7dad2b7138b1187a6b7ee55f160b9968b66013c3a3ef39dd7e5798?s=96&d=mm&r=g","url":"https:\/\/secure.gravatar.com\/avatar\/3ea2118a5f7dad2b7138b1187a6b7ee55f160b9968b66013c3a3ef39dd7e5798?s=96&d=mm&r=g","contentUrl":"https:\/\/secure.gravatar.com\/avatar\/3ea2118a5f7dad2b7138b1187a6b7ee55f160b9968b66013c3a3ef39dd7e5798?s=96&d=mm&r=g","caption":"Jeanette"},"sameAs":["https:\/\/www.eldiario.net\/portal"],"url":"https:\/\/www.eldiario.net\/portal\/author\/jeanette\/"}]}},"_links":{"self":[{"href":"https:\/\/www.eldiario.net\/portal\/wp-json\/wp\/v2\/posts\/172363","targetHints":{"allow":["GET"]}}],"collection":[{"href":"https:\/\/www.eldiario.net\/portal\/wp-json\/wp\/v2\/posts"}],"about":[{"href":"https:\/\/www.eldiario.net\/portal\/wp-json\/wp\/v2\/types\/post"}],"author":[{"embeddable":true,"href":"https:\/\/www.eldiario.net\/portal\/wp-json\/wp\/v2\/users\/1"}],"replies":[{"embeddable":true,"href":"https:\/\/www.eldiario.net\/portal\/wp-json\/wp\/v2\/comments?post=172363"}],"version-history":[{"count":0,"href":"https:\/\/www.eldiario.net\/portal\/wp-json\/wp\/v2\/posts\/172363\/revisions"}],"wp:featuredmedia":[{"embeddable":true,"href":"https:\/\/www.eldiario.net\/portal\/wp-json\/wp\/v2\/media\/172364"}],"wp:attachment":[{"href":"https:\/\/www.eldiario.net\/portal\/wp-json\/wp\/v2\/media?parent=172363"}],"wp:term":[{"taxonomy":"category","embeddable":true,"href":"https:\/\/www.eldiario.net\/portal\/wp-json\/wp\/v2\/categories?post=172363"},{"taxonomy":"post_tag","embeddable":true,"href":"https:\/\/www.eldiario.net\/portal\/wp-json\/wp\/v2\/tags?post=172363"}],"curies":[{"name":"wp","href":"https:\/\/api.w.org\/{rel}","templated":true}]}}