{"id":172360,"date":"2023-08-22T06:52:22","date_gmt":"2023-08-22T10:52:22","guid":{"rendered":"https:\/\/www.eldiario.net\/portal\/?p=172360"},"modified":"2023-08-22T06:52:22","modified_gmt":"2023-08-22T10:52:22","slug":"secuestran-avionetas-y-aprehenden-a-dos-personas-ligadas-al-narcotrafico","status":"publish","type":"post","link":"https:\/\/www.eldiario.net\/portal\/2023\/08\/22\/secuestran-avionetas-y-aprehenden-a-dos-personas-ligadas-al-narcotrafico\/","title":{"rendered":"Secuestran avionetas y aprehenden a  dos personas ligadas al narcotr\u00e1fico"},"content":{"rendered":"<p>El fin de semana, efectivos de la Fuerza Especial de Lucha Contra el Narcotr\u00e1fico (Felcc) secuestr\u00f3 dos avionetas, en dos localidades diferentes de Beni, que pretend\u00edan despegar con un total 406 kilos de droga. El operativo logr\u00f3 la aprehensi\u00f3n de dos bolivianos y un brasile\u00f1o.<\/p>\n<p>El ministro de Gobierno, Eduardo Del Castillo, precis\u00f3 que la Felcn realiz\u00f3 un plan de operaciones en Beni a trav\u00e9s de GIOE-Amazonia. Efectivos policiales interceptaron, inicialmente, una avioneta en predios de una pista clandestina en la provincia Ballivi\u00e1n.<\/p>\n<p>Al inspeccionar la aeronave encontraron en su interior 406 kilos de pasta base de coca\u00edna, droga procedente de la Rep\u00fablica del Per\u00fa. Junto con el Ministerio P\u00fablico se procedi\u00f3 con la incautaci\u00f3n de la sustancia controlada y el secuestro de la avioneta. En da\u00f1o econ\u00f3mico al narcotr\u00e1fico en este operativo se val\u00faa en cerca de un mill\u00f3n de d\u00f3lares.<\/p>\n<p>Asimismo, en una comunidad situada entre los municipios de Santa Ana y Exaltaci\u00f3n, la Polic\u00eda Boliviana al ejecutar labores de rastrillaje pudo identificar a una avioneta en el lugar. A consecuencia se encontr\u00f3 droga al interior de la misma y se produjo la aprehensi\u00f3n de tres personas vinculadas con el tr\u00e1fico de estupefacientes.<\/p>\n<p>En el hecho se aprehendi\u00f3 a tres personas, el extranjero fue sorprendido con un chaleco antibalas, dos cargadores de distintos calibres y dos granadas.<\/p>\n<p>\u201cLuego de intercambiar informaci\u00f3n con la Rep\u00fablica Federativa del Brasil se puede determinar que este sujeto cuenta con antecedentes por uso de documentos falsos, secuestro, narcotr\u00e1fico, homicidio y robo\u201d, dijo Del Castillo.<\/p>\n<p>En el segundo operativo se produjo un da\u00f1o econ\u00f3mico equivalente a 200 mil d\u00f3lares.<\/p>\n<p>Del Castillo enfatiz\u00f3 que la Polic\u00eda Boliviana viene realizando operativos que puedan dar con el paradero del narcotraficante uruguayo Sebasti\u00e1n Marset, quien presumiblemente tiene v\u00ednculos con asociaciones criminales de pa\u00edses vecinos.<\/p>\n<p>&nbsp;<\/p>\n","protected":false},"excerpt":{"rendered":"<p>El fin de semana, efectivos de la Fuerza Especial de Lucha Contra el Narcotr\u00e1fico (Felcc) secuestr\u00f3 dos avionetas, en dos localidades diferentes de Beni, que pretend\u00edan despegar con un total 406 kilos de droga. El operativo logr\u00f3 la aprehensi\u00f3n de dos bolivianos y un brasile\u00f1o. El ministro de Gobierno, Eduardo Del Castillo, precis\u00f3 que la [&hellip;]<\/p>\n","protected":false},"author":1,"featured_media":172361,"comment_status":"closed","ping_status":"open","sticky":false,"template":"","format":"standard","meta":{"_acf_changed":false,"footnotes":""},"categories":[39],"tags":[],"class_list":["post-172360","post","type-post","status-publish","format-standard","has-post-thumbnail","category-sociedad"],"acf":{"antetitulo":""},"yoast_head":"<!-- This site is optimized with the Yoast SEO plugin v28.3 - https:\/\/yoast.com\/product\/yoast-seo-wordpress\/ -->\n<title>Secuestran avionetas y aprehenden a dos personas ligadas al narcotr\u00e1fico - El Diario - Bolivia<\/title>\n<meta name=\"robots\" content=\"index, follow, max-snippet:-1, max-image-preview:large, max-video-preview:-1\" \/>\n<link rel=\"canonical\" href=\"https:\/\/www.eldiario.net\/portal\/2023\/08\/22\/secuestran-avionetas-y-aprehenden-a-dos-personas-ligadas-al-narcotrafico\/\" \/>\n<meta property=\"og:locale\" content=\"es_ES\" \/>\n<meta property=\"og:type\" content=\"article\" \/>\n<meta property=\"og:title\" content=\"Secuestran avionetas y aprehenden a dos personas ligadas al narcotr\u00e1fico - El Diario - Bolivia\" \/>\n<meta property=\"og:description\" content=\"El fin de semana, efectivos de la Fuerza Especial de Lucha Contra el Narcotr\u00e1fico (Felcc) secuestr\u00f3 dos avionetas, en dos localidades diferentes de Beni, que pretend\u00edan despegar con un total 406 kilos de droga. El operativo logr\u00f3 la aprehensi\u00f3n de dos bolivianos y un brasile\u00f1o. El ministro de Gobierno, Eduardo Del Castillo, precis\u00f3 que la [&hellip;]\" \/>\n<meta property=\"og:url\" content=\"https:\/\/www.eldiario.net\/portal\/2023\/08\/22\/secuestran-avionetas-y-aprehenden-a-dos-personas-ligadas-al-narcotrafico\/\" \/>\n<meta property=\"og:site_name\" content=\"El Diario - Bolivia\" \/>\n<meta property=\"article:publisher\" content=\"https:\/\/www.facebook.com\/eldiario.bolivia\/\" \/>\n<meta property=\"article:published_time\" content=\"2023-08-22T10:52:22+00:00\" \/>\n<meta property=\"og:image\" content=\"https:\/\/www.eldiario.net\/portal\/wp-content\/uploads\/2023\/08\/BENI-FOTO.jpeg\" \/>\n\t<meta property=\"og:image:width\" content=\"1280\" \/>\n\t<meta property=\"og:image:height\" content=\"853\" \/>\n\t<meta property=\"og:image:type\" content=\"image\/jpeg\" \/>\n<meta name=\"author\" content=\"Jeanette\" \/>\n<meta name=\"twitter:card\" content=\"summary_large_image\" \/>\n<meta name=\"twitter:creator\" content=\"@eldiario_net\" \/>\n<meta name=\"twitter:site\" content=\"@eldiario_net\" \/>\n<meta name=\"twitter:label1\" content=\"Escrito por\" \/>\n\t<meta name=\"twitter:data1\" content=\"Jeanette\" \/>\n\t<meta name=\"twitter:label2\" content=\"Tiempo de lectura\" \/>\n\t<meta name=\"twitter:data2\" content=\"2 minutos\" \/>\n<script type=\"application\/ld+json\" class=\"yoast-schema-graph\">{\"@context\":\"https:\\\/\\\/schema.org\",\"@graph\":[{\"@type\":\"Article\",\"@id\":\"https:\\\/\\\/www.eldiario.net\\\/portal\\\/2023\\\/08\\\/22\\\/secuestran-avionetas-y-aprehenden-a-dos-personas-ligadas-al-narcotrafico\\\/#article\",\"isPartOf\":{\"@id\":\"https:\\\/\\\/www.eldiario.net\\\/portal\\\/2023\\\/08\\\/22\\\/secuestran-avionetas-y-aprehenden-a-dos-personas-ligadas-al-narcotrafico\\\/\"},\"author\":{\"name\":\"Jeanette\",\"@id\":\"https:\\\/\\\/www.eldiario.net\\\/portal\\\/#\\\/schema\\\/person\\\/f46445640444750d7d753ccd04ae01b7\"},\"headline\":\"Secuestran avionetas y aprehenden a dos personas ligadas al narcotr\u00e1fico\",\"datePublished\":\"2023-08-22T10:52:22+00:00\",\"mainEntityOfPage\":{\"@id\":\"https:\\\/\\\/www.eldiario.net\\\/portal\\\/2023\\\/08\\\/22\\\/secuestran-avionetas-y-aprehenden-a-dos-personas-ligadas-al-narcotrafico\\\/\"},\"wordCount\":335,\"publisher\":{\"@id\":\"https:\\\/\\\/www.eldiario.net\\\/portal\\\/#organization\"},\"image\":{\"@id\":\"https:\\\/\\\/www.eldiario.net\\\/portal\\\/2023\\\/08\\\/22\\\/secuestran-avionetas-y-aprehenden-a-dos-personas-ligadas-al-narcotrafico\\\/#primaryimage\"},\"thumbnailUrl\":\"https:\\\/\\\/www.eldiario.net\\\/portal\\\/wp-content\\\/uploads\\\/2023\\\/08\\\/BENI-FOTO.jpeg\",\"articleSection\":[\"Sociedad - Seguridad\"],\"inLanguage\":\"es\"},{\"@type\":\"WebPage\",\"@id\":\"https:\\\/\\\/www.eldiario.net\\\/portal\\\/2023\\\/08\\\/22\\\/secuestran-avionetas-y-aprehenden-a-dos-personas-ligadas-al-narcotrafico\\\/\",\"url\":\"https:\\\/\\\/www.eldiario.net\\\/portal\\\/2023\\\/08\\\/22\\\/secuestran-avionetas-y-aprehenden-a-dos-personas-ligadas-al-narcotrafico\\\/\",\"name\":\"Secuestran avionetas y aprehenden a dos personas ligadas al narcotr\u00e1fico - El Diario - Bolivia\",\"isPartOf\":{\"@id\":\"https:\\\/\\\/www.eldiario.net\\\/portal\\\/#website\"},\"primaryImageOfPage\":{\"@id\":\"https:\\\/\\\/www.eldiario.net\\\/portal\\\/2023\\\/08\\\/22\\\/secuestran-avionetas-y-aprehenden-a-dos-personas-ligadas-al-narcotrafico\\\/#primaryimage\"},\"image\":{\"@id\":\"https:\\\/\\\/www.eldiario.net\\\/portal\\\/2023\\\/08\\\/22\\\/secuestran-avionetas-y-aprehenden-a-dos-personas-ligadas-al-narcotrafico\\\/#primaryimage\"},\"thumbnailUrl\":\"https:\\\/\\\/www.eldiario.net\\\/portal\\\/wp-content\\\/uploads\\\/2023\\\/08\\\/BENI-FOTO.jpeg\",\"datePublished\":\"2023-08-22T10:52:22+00:00\",\"breadcrumb\":{\"@id\":\"https:\\\/\\\/www.eldiario.net\\\/portal\\\/2023\\\/08\\\/22\\\/secuestran-avionetas-y-aprehenden-a-dos-personas-ligadas-al-narcotrafico\\\/#breadcrumb\"},\"inLanguage\":\"es\",\"potentialAction\":[{\"@type\":\"ReadAction\",\"target\":[\"https:\\\/\\\/www.eldiario.net\\\/portal\\\/2023\\\/08\\\/22\\\/secuestran-avionetas-y-aprehenden-a-dos-personas-ligadas-al-narcotrafico\\\/\"]}]},{\"@type\":\"ImageObject\",\"inLanguage\":\"es\",\"@id\":\"https:\\\/\\\/www.eldiario.net\\\/portal\\\/2023\\\/08\\\/22\\\/secuestran-avionetas-y-aprehenden-a-dos-personas-ligadas-al-narcotrafico\\\/#primaryimage\",\"url\":\"https:\\\/\\\/www.eldiario.net\\\/portal\\\/wp-content\\\/uploads\\\/2023\\\/08\\\/BENI-FOTO.jpeg\",\"contentUrl\":\"https:\\\/\\\/www.eldiario.net\\\/portal\\\/wp-content\\\/uploads\\\/2023\\\/08\\\/BENI-FOTO.jpeg\",\"width\":1280,\"height\":853},{\"@type\":\"BreadcrumbList\",\"@id\":\"https:\\\/\\\/www.eldiario.net\\\/portal\\\/2023\\\/08\\\/22\\\/secuestran-avionetas-y-aprehenden-a-dos-personas-ligadas-al-narcotrafico\\\/#breadcrumb\",\"itemListElement\":[{\"@type\":\"ListItem\",\"position\":1,\"name\":\"Portada\",\"item\":\"https:\\\/\\\/www.eldiario.net\\\/portal\\\/\"},{\"@type\":\"ListItem\",\"position\":2,\"name\":\"Secuestran avionetas y aprehenden a dos personas ligadas al narcotr\u00e1fico\"}]},{\"@type\":\"WebSite\",\"@id\":\"https:\\\/\\\/www.eldiario.net\\\/portal\\\/#website\",\"url\":\"https:\\\/\\\/www.eldiario.net\\\/portal\\\/\",\"name\":\"El Diario - Decano de la prensa nacional\",\"description\":\"El Diario - Decano de la prensa nacional\",\"publisher\":{\"@id\":\"https:\\\/\\\/www.eldiario.net\\\/portal\\\/#organization\"},\"potentialAction\":[{\"@type\":\"SearchAction\",\"target\":{\"@type\":\"EntryPoint\",\"urlTemplate\":\"https:\\\/\\\/www.eldiario.net\\\/portal\\\/?s={search_term_string}\"},\"query-input\":{\"@type\":\"PropertyValueSpecification\",\"valueRequired\":true,\"valueName\":\"search_term_string\"}}],\"inLanguage\":\"es\"},{\"@type\":\"Organization\",\"@id\":\"https:\\\/\\\/www.eldiario.net\\\/portal\\\/#organization\",\"name\":\"El Diario - Decano de la prensa nacional\",\"url\":\"https:\\\/\\\/www.eldiario.net\\\/portal\\\/\",\"logo\":{\"@type\":\"ImageObject\",\"inLanguage\":\"es\",\"@id\":\"https:\\\/\\\/www.eldiario.net\\\/portal\\\/#\\\/schema\\\/logo\\\/image\\\/\",\"url\":\"https:\\\/\\\/www.eldiario.net\\\/portal\\\/wp-content\\\/uploads\\\/2023\\\/07\\\/logo_ED.jpg\",\"contentUrl\":\"https:\\\/\\\/www.eldiario.net\\\/portal\\\/wp-content\\\/uploads\\\/2023\\\/07\\\/logo_ED.jpg\",\"width\":272,\"height\":52,\"caption\":\"El Diario - Decano de la prensa nacional\"},\"image\":{\"@id\":\"https:\\\/\\\/www.eldiario.net\\\/portal\\\/#\\\/schema\\\/logo\\\/image\\\/\"},\"sameAs\":[\"https:\\\/\\\/www.facebook.com\\\/eldiario.bolivia\\\/\",\"https:\\\/\\\/x.com\\\/eldiario_net\"]},{\"@type\":\"Person\",\"@id\":\"https:\\\/\\\/www.eldiario.net\\\/portal\\\/#\\\/schema\\\/person\\\/f46445640444750d7d753ccd04ae01b7\",\"name\":\"Jeanette\",\"image\":{\"@type\":\"ImageObject\",\"inLanguage\":\"es\",\"@id\":\"https:\\\/\\\/secure.gravatar.com\\\/avatar\\\/3ea2118a5f7dad2b7138b1187a6b7ee55f160b9968b66013c3a3ef39dd7e5798?s=96&d=mm&r=g\",\"url\":\"https:\\\/\\\/secure.gravatar.com\\\/avatar\\\/3ea2118a5f7dad2b7138b1187a6b7ee55f160b9968b66013c3a3ef39dd7e5798?s=96&d=mm&r=g\",\"contentUrl\":\"https:\\\/\\\/secure.gravatar.com\\\/avatar\\\/3ea2118a5f7dad2b7138b1187a6b7ee55f160b9968b66013c3a3ef39dd7e5798?s=96&d=mm&r=g\",\"caption\":\"Jeanette\"},\"sameAs\":[\"https:\\\/\\\/www.eldiario.net\\\/portal\"],\"url\":\"https:\\\/\\\/www.eldiario.net\\\/portal\\\/author\\\/jeanette\\\/\"}]}<\/script>\n<!-- \/ Yoast SEO plugin. -->","yoast_head_json":{"title":"Secuestran avionetas y aprehenden a dos personas ligadas al narcotr\u00e1fico - El Diario - Bolivia","robots":{"index":"index","follow":"follow","max-snippet":"max-snippet:-1","max-image-preview":"max-image-preview:large","max-video-preview":"max-video-preview:-1"},"canonical":"https:\/\/www.eldiario.net\/portal\/2023\/08\/22\/secuestran-avionetas-y-aprehenden-a-dos-personas-ligadas-al-narcotrafico\/","og_locale":"es_ES","og_type":"article","og_title":"Secuestran avionetas y aprehenden a dos personas ligadas al narcotr\u00e1fico - El Diario - Bolivia","og_description":"El fin de semana, efectivos de la Fuerza Especial de Lucha Contra el Narcotr\u00e1fico (Felcc) secuestr\u00f3 dos avionetas, en dos localidades diferentes de Beni, que pretend\u00edan despegar con un total 406 kilos de droga. El operativo logr\u00f3 la aprehensi\u00f3n de dos bolivianos y un brasile\u00f1o. El ministro de Gobierno, Eduardo Del Castillo, precis\u00f3 que la [&hellip;]","og_url":"https:\/\/www.eldiario.net\/portal\/2023\/08\/22\/secuestran-avionetas-y-aprehenden-a-dos-personas-ligadas-al-narcotrafico\/","og_site_name":"El Diario - Bolivia","article_publisher":"https:\/\/www.facebook.com\/eldiario.bolivia\/","article_published_time":"2023-08-22T10:52:22+00:00","og_image":[{"width":1280,"height":853,"url":"https:\/\/www.eldiario.net\/portal\/wp-content\/uploads\/2023\/08\/BENI-FOTO.jpeg","type":"image\/jpeg"}],"author":"Jeanette","twitter_card":"summary_large_image","twitter_creator":"@eldiario_net","twitter_site":"@eldiario_net","twitter_misc":{"Escrito por":"Jeanette","Tiempo de lectura":"2 minutos"},"schema":{"@context":"https:\/\/schema.org","@graph":[{"@type":"Article","@id":"https:\/\/www.eldiario.net\/portal\/2023\/08\/22\/secuestran-avionetas-y-aprehenden-a-dos-personas-ligadas-al-narcotrafico\/#article","isPartOf":{"@id":"https:\/\/www.eldiario.net\/portal\/2023\/08\/22\/secuestran-avionetas-y-aprehenden-a-dos-personas-ligadas-al-narcotrafico\/"},"author":{"name":"Jeanette","@id":"https:\/\/www.eldiario.net\/portal\/#\/schema\/person\/f46445640444750d7d753ccd04ae01b7"},"headline":"Secuestran avionetas y aprehenden a dos personas ligadas al narcotr\u00e1fico","datePublished":"2023-08-22T10:52:22+00:00","mainEntityOfPage":{"@id":"https:\/\/www.eldiario.net\/portal\/2023\/08\/22\/secuestran-avionetas-y-aprehenden-a-dos-personas-ligadas-al-narcotrafico\/"},"wordCount":335,"publisher":{"@id":"https:\/\/www.eldiario.net\/portal\/#organization"},"image":{"@id":"https:\/\/www.eldiario.net\/portal\/2023\/08\/22\/secuestran-avionetas-y-aprehenden-a-dos-personas-ligadas-al-narcotrafico\/#primaryimage"},"thumbnailUrl":"https:\/\/www.eldiario.net\/portal\/wp-content\/uploads\/2023\/08\/BENI-FOTO.jpeg","articleSection":["Sociedad - Seguridad"],"inLanguage":"es"},{"@type":"WebPage","@id":"https:\/\/www.eldiario.net\/portal\/2023\/08\/22\/secuestran-avionetas-y-aprehenden-a-dos-personas-ligadas-al-narcotrafico\/","url":"https:\/\/www.eldiario.net\/portal\/2023\/08\/22\/secuestran-avionetas-y-aprehenden-a-dos-personas-ligadas-al-narcotrafico\/","name":"Secuestran avionetas y aprehenden a dos personas ligadas al narcotr\u00e1fico - El Diario - Bolivia","isPartOf":{"@id":"https:\/\/www.eldiario.net\/portal\/#website"},"primaryImageOfPage":{"@id":"https:\/\/www.eldiario.net\/portal\/2023\/08\/22\/secuestran-avionetas-y-aprehenden-a-dos-personas-ligadas-al-narcotrafico\/#primaryimage"},"image":{"@id":"https:\/\/www.eldiario.net\/portal\/2023\/08\/22\/secuestran-avionetas-y-aprehenden-a-dos-personas-ligadas-al-narcotrafico\/#primaryimage"},"thumbnailUrl":"https:\/\/www.eldiario.net\/portal\/wp-content\/uploads\/2023\/08\/BENI-FOTO.jpeg","datePublished":"2023-08-22T10:52:22+00:00","breadcrumb":{"@id":"https:\/\/www.eldiario.net\/portal\/2023\/08\/22\/secuestran-avionetas-y-aprehenden-a-dos-personas-ligadas-al-narcotrafico\/#breadcrumb"},"inLanguage":"es","potentialAction":[{"@type":"ReadAction","target":["https:\/\/www.eldiario.net\/portal\/2023\/08\/22\/secuestran-avionetas-y-aprehenden-a-dos-personas-ligadas-al-narcotrafico\/"]}]},{"@type":"ImageObject","inLanguage":"es","@id":"https:\/\/www.eldiario.net\/portal\/2023\/08\/22\/secuestran-avionetas-y-aprehenden-a-dos-personas-ligadas-al-narcotrafico\/#primaryimage","url":"https:\/\/www.eldiario.net\/portal\/wp-content\/uploads\/2023\/08\/BENI-FOTO.jpeg","contentUrl":"https:\/\/www.eldiario.net\/portal\/wp-content\/uploads\/2023\/08\/BENI-FOTO.jpeg","width":1280,"height":853},{"@type":"BreadcrumbList","@id":"https:\/\/www.eldiario.net\/portal\/2023\/08\/22\/secuestran-avionetas-y-aprehenden-a-dos-personas-ligadas-al-narcotrafico\/#breadcrumb","itemListElement":[{"@type":"ListItem","position":1,"name":"Portada","item":"https:\/\/www.eldiario.net\/portal\/"},{"@type":"ListItem","position":2,"name":"Secuestran avionetas y aprehenden a dos personas ligadas al narcotr\u00e1fico"}]},{"@type":"WebSite","@id":"https:\/\/www.eldiario.net\/portal\/#website","url":"https:\/\/www.eldiario.net\/portal\/","name":"El Diario - Decano de la prensa nacional","description":"El Diario - Decano de la prensa nacional","publisher":{"@id":"https:\/\/www.eldiario.net\/portal\/#organization"},"potentialAction":[{"@type":"SearchAction","target":{"@type":"EntryPoint","urlTemplate":"https:\/\/www.eldiario.net\/portal\/?s={search_term_string}"},"query-input":{"@type":"PropertyValueSpecification","valueRequired":true,"valueName":"search_term_string"}}],"inLanguage":"es"},{"@type":"Organization","@id":"https:\/\/www.eldiario.net\/portal\/#organization","name":"El Diario - Decano de la prensa nacional","url":"https:\/\/www.eldiario.net\/portal\/","logo":{"@type":"ImageObject","inLanguage":"es","@id":"https:\/\/www.eldiario.net\/portal\/#\/schema\/logo\/image\/","url":"https:\/\/www.eldiario.net\/portal\/wp-content\/uploads\/2023\/07\/logo_ED.jpg","contentUrl":"https:\/\/www.eldiario.net\/portal\/wp-content\/uploads\/2023\/07\/logo_ED.jpg","width":272,"height":52,"caption":"El Diario - Decano de la prensa nacional"},"image":{"@id":"https:\/\/www.eldiario.net\/portal\/#\/schema\/logo\/image\/"},"sameAs":["https:\/\/www.facebook.com\/eldiario.bolivia\/","https:\/\/x.com\/eldiario_net"]},{"@type":"Person","@id":"https:\/\/www.eldiario.net\/portal\/#\/schema\/person\/f46445640444750d7d753ccd04ae01b7","name":"Jeanette","image":{"@type":"ImageObject","inLanguage":"es","@id":"https:\/\/secure.gravatar.com\/avatar\/3ea2118a5f7dad2b7138b1187a6b7ee55f160b9968b66013c3a3ef39dd7e5798?s=96&d=mm&r=g","url":"https:\/\/secure.gravatar.com\/avatar\/3ea2118a5f7dad2b7138b1187a6b7ee55f160b9968b66013c3a3ef39dd7e5798?s=96&d=mm&r=g","contentUrl":"https:\/\/secure.gravatar.com\/avatar\/3ea2118a5f7dad2b7138b1187a6b7ee55f160b9968b66013c3a3ef39dd7e5798?s=96&d=mm&r=g","caption":"Jeanette"},"sameAs":["https:\/\/www.eldiario.net\/portal"],"url":"https:\/\/www.eldiario.net\/portal\/author\/jeanette\/"}]}},"_links":{"self":[{"href":"https:\/\/www.eldiario.net\/portal\/wp-json\/wp\/v2\/posts\/172360","targetHints":{"allow":["GET"]}}],"collection":[{"href":"https:\/\/www.eldiario.net\/portal\/wp-json\/wp\/v2\/posts"}],"about":[{"href":"https:\/\/www.eldiario.net\/portal\/wp-json\/wp\/v2\/types\/post"}],"author":[{"embeddable":true,"href":"https:\/\/www.eldiario.net\/portal\/wp-json\/wp\/v2\/users\/1"}],"replies":[{"embeddable":true,"href":"https:\/\/www.eldiario.net\/portal\/wp-json\/wp\/v2\/comments?post=172360"}],"version-history":[{"count":0,"href":"https:\/\/www.eldiario.net\/portal\/wp-json\/wp\/v2\/posts\/172360\/revisions"}],"wp:featuredmedia":[{"embeddable":true,"href":"https:\/\/www.eldiario.net\/portal\/wp-json\/wp\/v2\/media\/172361"}],"wp:attachment":[{"href":"https:\/\/www.eldiario.net\/portal\/wp-json\/wp\/v2\/media?parent=172360"}],"wp:term":[{"taxonomy":"category","embeddable":true,"href":"https:\/\/www.eldiario.net\/portal\/wp-json\/wp\/v2\/categories?post=172360"},{"taxonomy":"post_tag","embeddable":true,"href":"https:\/\/www.eldiario.net\/portal\/wp-json\/wp\/v2\/tags?post=172360"}],"curies":[{"name":"wp","href":"https:\/\/api.w.org\/{rel}","templated":true}]}}